{"id":7509,"date":"2020-09-12T13:05:20","date_gmt":"2020-09-12T16:05:20","guid":{"rendered":"https:\/\/mhcalculos.com.br\/noticias\/tribunais\/stf\/stf-e-constitucional-vedacao-da-aliquota-zero-sobre-pis-cofins-a-empresas-optantes-do-simples.html"},"modified":"2021-07-28T14:28:59","modified_gmt":"2021-07-28T17:28:59","slug":"stf-e-constitucional-vedacao-da-aliquota-zero-sobre-pis-cofins-a-empresas-optantes-do-simples","status":"publish","type":"post","link":"https:\/\/mhcalculos.com.br\/noticias\/tribunais\/stf\/stf-e-constitucional-vedacao-da-aliquota-zero-sobre-pis-cofins-a-empresas-optantes-do-simples.html","title":{"rendered":"STF: \u00c9 constitucional veda\u00e7\u00e3o da al\u00edquota zero sobre PIS\/Cofins a empresas optantes do Simples"},"content":{"rendered":"<p><br \/>\n<\/p>\n<p>Por unanimidade de votos, o Plen\u00e1rio do Supremo Tribunal Federal (STF), em sess\u00e3o virtual, julgou constitucional o par\u00e1grafo \u00fanico do artigo 2&ordm; da Lei 10.147\/2000, que excluiu as pessoas jur\u00eddicas optantes pelo Simples Nacional de usufruir da redu\u00e7\u00e3o a zero da al\u00edquota de contribui\u00e7\u00e3o do Programa de Integra\u00e7\u00e3o Social (PIS) e da Contribui\u00e7\u00e3o para o Financiamento da Seguridade Social (Cofins) incidentes sobre a receita bruta da venda de determinados produtos e destinada aos que optaram pelo regime de tributa\u00e7\u00e3o monof\u00e1sica. A decis\u00e3o seguiu o voto do relator, ministro Marco Aur\u00e9lio, e foi tomada na an\u00e1lise do Recurso Extraordin\u00e1rio (RE) 1199021, com repercuss\u00e3o geral (<a href=\"http:\/\/www.stf.jus.br\/portal\/jurisprudenciaRepercussao\/verAndamentoProcesso.asp?incidente=5662518&amp;numeroProcesso=1199021&amp;classeProcesso=RE&amp;numeroTema=1050\" target=\"_blank\" rel=\"noopener noreferrer\">Tema 1050<\/a>), que foi desprovido.<\/p>\n<p><b>Pequenas empresas<\/b><\/p>\n<p>No processo, uma empresa de cosm\u00e9ticos questionava decis\u00e3o do Tribunal Regional Federal da 4&ordf; Regi\u00e3o (TRF-4), que entendeu constitucional a veda\u00e7\u00e3o imposta a optante pelo Simples Nacional de se beneficiar com a al\u00edquota zero do PIS\/Cofins. No recurso ao STF, a empresa sustentava que a veda\u00e7\u00e3o contida na Lei 10.147\/2000 quanto \u00e0s microempresas e empresas de pequeno porte seria anti-ison\u00f4mica e significaria aumento real da carga tribut\u00e1ria.<\/p>\n<p><b>Regime simplificado<\/b><\/p>\n<p>Para o ministro Marco Aur\u00e9lio, a alegada contrariedade ao princ\u00edpio da isonomia tribut\u00e1ria n\u00e3o pode &ldquo;servir de alavanca para a cria\u00e7\u00e3o de regimes h\u00edbridos, colhendo o que h\u00e1 de melhor em cada sistema&rdquo;. Isso porque o regime simplificado de recolhimento de tributos, previsto na Lei Complementar 123\/2006, que institui o Estatuto Nacional da Microempresa e da Empresa de Pequeno Porte, n\u00e3o \u00e9 invalidado pela restri\u00e7\u00e3o prevista na Lei 10.147\/2000.<\/p>\n<p>Essa norma estabelece o regime monof\u00e1sico, com recolhimento em separado das contribui\u00e7\u00f5es, desonerando varejistas e atacadistas com a al\u00edquota zero, por\u00e9m elevando a carga tribut\u00e1ria de industriais e importadores. As empresas inscritas no Simples, por sua vez, submetem-se ao regime unificado de recolhimento de tributos mediante a incid\u00eancia de determinada al\u00edquota sobre a receita bruta, conforme previsto na Lei 106\/2003, em respeito ao artigo 146, inciso III, al\u00ednea &ldquo;d&rdquo;, da Constitui\u00e7\u00e3o Federal, que prev\u00ea tratamento diferenciado a essas pessoas jur\u00eddicas.<\/p>\n<p>&ldquo;O fato de o incentivo n\u00e3o se aplicar \u00e0s optantes pelo Simples n\u00e3o implica inobserv\u00e2ncia \u00e0 cl\u00e1usula voltada ao tratamento favorecido das empresas de pequeno porte. A aferi\u00e7\u00e3o deve ser realizada considerada a tributa\u00e7\u00e3o como um todo&rdquo;, ponderou o ministro. Ele esclareceu que o crit\u00e9rio previsto no par\u00e1grafo \u00fanico do artigo 2&ordm; da Lei 10.147\/2000 veda o benef\u00edcio da al\u00edquota zero a quem j\u00e1 est\u00e1 sujeito a uma circunst\u00e2ncia diferenciadora e respeita a ordem constitucional, uma vez que preserva a unicidade e a simplifica\u00e7\u00e3o no tratamento \u00e0s micro e pequenas empresas. &ldquo;H\u00e1 a facultatividade de submiss\u00e3o ao regime especial. \u00c0 pessoa jur\u00eddica, \u00e9 dado escolher entre a sistem\u00e1tica da Lei Complementar 123\/2006 e o cumprimento das obriga\u00e7\u00f5es em separado&rdquo;, concluiu.<\/p>\n<p><b>Tese<\/b><\/p>\n<p>A tese de repercuss\u00e3o geral firmada foi a seguinte: &quot;\u00c9 constitucional a restri\u00e7\u00e3o, imposta a empresa optante pelo Simples Nacional, ao benef\u00edcio fiscal de al\u00edquota zero previsto no par\u00e1grafo \u00fanico do artigo 2&ordm; da Lei n&ordm; 10.147\/2000, tendo em conta o regime pr\u00f3prio ao qual submetida&rdquo;.<\/p>\n<p><span style=\"font-size: smaller\">RR\/CR\/\/CF<\/span><\/p>\n<p>Leia mais:<\/p>\n<p>24\/5\/2019 &#8211; <a href=\"http:\/\/portal.stf.jus.br\/noticias\/verNoticiaDetalhe.asp?idConteudo=412140&amp;ori=1\" target=\"_blank\" rel=\"noopener noreferrer\">Veda\u00e7\u00e3o \u00e0s empresas optantes do Simples de usufruir da al\u00edquota zero incidente sobre PIS\/Cofins \u00e9 tema de repercuss\u00e3o geral<\/a><\/p>\n<p><i>Com informa\u00e7\u00f5es da assessoria de imprensa do STF.<\/i><br \/>\n<br \/><a href=\"http:\/\/www.stf.jus.br\/portal\/cms\/verNoticiaDetalhe.asp?idConteudo=451538\">Fonte<\/a><br \/>\n<br \/><\/p>\n","protected":false},"excerpt":{"rendered":"<p>Por unanimidade de votos, o Plen\u00e1rio do Supremo Tribunal Federal (STF), em sess\u00e3o virtual, julgou constitucional o par\u00e1grafo \u00fanico do artigo 2&ordm; da Lei 10.147\/2000, que excluiu as pessoas jur\u00eddicas optantes pelo Simples Nacional de usufruir da redu\u00e7\u00e3o a zero da al\u00edquota de contribui\u00e7\u00e3o do Programa de Integra\u00e7\u00e3o Social (PIS) e da Contribui\u00e7\u00e3o para o [&hellip;]<\/p>\n","protected":false},"author":3063,"featured_media":7420,"comment_status":"open","ping_status":"open","sticky":false,"template":"","format":"standard","meta":{"footnotes":""},"categories":[18,15],"tags":[32,31,42,30,29,213,9,12,16],"class_list":{"0":"post-7509","1":"post","2":"type-post","3":"status-publish","4":"format-standard","5":"has-post-thumbnail","7":"category-tributario","8":"category-stf","9":"tag-calculos-judiciais","10":"tag-calculos-tributarios","11":"tag-direito-tributario","12":"tag-divida-ativa","13":"tag-fazenda-publica","14":"tag-imposto","15":"tag-pericia","16":"tag-perito","17":"tag-stf"},"yoast_head":"<!-- This site is optimized with the Yoast SEO plugin v27.2 - https:\/\/yoast.com\/product\/yoast-seo-wordpress\/ -->\n<title>STF: \u00c9 constitucional veda\u00e7\u00e3o da al\u00edquota zero sobre PIS\/Cofins a empresas optantes do Simples | Portal de Not\u00edcias<\/title>\n<meta name=\"robots\" content=\"index, follow, max-snippet:-1, max-image-preview:large, max-video-preview:-1\" \/>\n<link rel=\"canonical\" href=\"http:\/\/www.stf.jus.br\/portal\/cms\/verNoticiaDetalhe.asp?idConteudo=451538\" \/>\n<meta property=\"og:locale\" content=\"pt_BR\" \/>\n<meta property=\"og:type\" content=\"article\" \/>\n<meta property=\"og:title\" content=\"STF: \u00c9 constitucional veda\u00e7\u00e3o da al\u00edquota zero sobre PIS\/Cofins a empresas optantes do Simples | Portal de Not\u00edcias\" \/>\n<meta property=\"og:description\" content=\"Por unanimidade de votos, o Plen\u00e1rio do Supremo Tribunal Federal (STF), em sess\u00e3o virtual, julgou constitucional o par\u00e1grafo \u00fanico do artigo 2&ordm; da Lei 10.147\/2000, que excluiu as pessoas jur\u00eddicas optantes pelo Simples Nacional de usufruir da redu\u00e7\u00e3o a zero da al\u00edquota de contribui\u00e7\u00e3o do Programa de Integra\u00e7\u00e3o Social (PIS) e da Contribui\u00e7\u00e3o para o [&hellip;]\" \/>\n<meta property=\"og:url\" content=\"http:\/\/www.stf.jus.br\/portal\/cms\/verNoticiaDetalhe.asp?idConteudo=451538\" \/>\n<meta property=\"og:site_name\" content=\"Portal de Not\u00edcias\" \/>\n<meta property=\"article:published_time\" content=\"2020-09-12T16:05:20+00:00\" \/>\n<meta property=\"article:modified_time\" content=\"2021-07-28T17:28:59+00:00\" \/>\n<meta property=\"og:image\" content=\"https:\/\/mhcalculos.com.br\/noticias\/wp-content\/uploads\/sites\/2\/2020\/08\/tributario-0025.jpg\" \/>\n\t<meta property=\"og:image:width\" content=\"2000\" \/>\n\t<meta property=\"og:image:height\" content=\"800\" \/>\n\t<meta property=\"og:image:type\" content=\"image\/jpeg\" \/>\n<meta name=\"author\" content=\"Equipe MH\" \/>\n<meta name=\"twitter:card\" content=\"summary_large_image\" \/>\n<meta name=\"twitter:label1\" content=\"Escrito por\" \/>\n\t<meta name=\"twitter:data1\" content=\"Equipe MH\" \/>\n\t<meta name=\"twitter:label2\" content=\"Est. tempo de leitura\" \/>\n\t<meta name=\"twitter:data2\" content=\"3 minutos\" \/>\n<script type=\"application\/ld+json\" class=\"yoast-schema-graph\">{\"@context\":\"https:\/\/schema.org\",\"@graph\":[{\"@type\":\"Article\",\"@id\":\"http:\/\/www.stf.jus.br\/portal\/cms\/verNoticiaDetalhe.asp?idConteudo=451538#article\",\"isPartOf\":{\"@id\":\"https:\/\/mhcalculos.com.br\/noticias\/tribunais\/stf\/stf-e-constitucional-vedacao-da-aliquota-zero-sobre-pis-cofins-a-empresas-optantes-do-simples.html\"},\"author\":{\"name\":\"Equipe MH\",\"@id\":\"https:\/\/mhcalculos.com.br\/noticias\/#\/schema\/person\/88d1c34bf72dc779ea14a5a6b8e0ae8d\"},\"headline\":\"STF: \u00c9 constitucional veda\u00e7\u00e3o da al\u00edquota zero sobre PIS\/Cofins a empresas optantes do Simples\",\"datePublished\":\"2020-09-12T16:05:20+00:00\",\"dateModified\":\"2021-07-28T17:28:59+00:00\",\"mainEntityOfPage\":{\"@id\":\"https:\/\/mhcalculos.com.br\/noticias\/tribunais\/stf\/stf-e-constitucional-vedacao-da-aliquota-zero-sobre-pis-cofins-a-empresas-optantes-do-simples.html\"},\"wordCount\":611,\"commentCount\":0,\"image\":{\"@id\":\"http:\/\/www.stf.jus.br\/portal\/cms\/verNoticiaDetalhe.asp?idConteudo=451538#primaryimage\"},\"thumbnailUrl\":\"https:\/\/mhcalculos.com.br\/noticias\/wp-content\/uploads\/sites\/2\/2020\/08\/tributario-0025.jpg\",\"keywords\":[\"c\u00e1lculos judiciais\",\"c\u00e1lculos tribut\u00e1rios\",\"direito tribut\u00e1rio\",\"d\u00edvida ativa\",\"fazenda p\u00fablica\",\"Imposto\",\"per\u00edcia\",\"perito\",\"stf\"],\"articleSection\":[\"Direito Tribut\u00e1rio\",\"STF\"],\"inLanguage\":\"pt-BR\",\"potentialAction\":[{\"@type\":\"CommentAction\",\"name\":\"Comment\",\"target\":[\"http:\/\/www.stf.jus.br\/portal\/cms\/verNoticiaDetalhe.asp?idConteudo=451538#respond\"]}]},{\"@type\":\"WebPage\",\"@id\":\"https:\/\/mhcalculos.com.br\/noticias\/tribunais\/stf\/stf-e-constitucional-vedacao-da-aliquota-zero-sobre-pis-cofins-a-empresas-optantes-do-simples.html\",\"url\":\"http:\/\/www.stf.jus.br\/portal\/cms\/verNoticiaDetalhe.asp?idConteudo=451538\",\"name\":\"STF: \u00c9 constitucional veda\u00e7\u00e3o da al\u00edquota zero sobre PIS\/Cofins a empresas optantes do Simples | Portal de Not\u00edcias\",\"isPartOf\":{\"@id\":\"https:\/\/mhcalculos.com.br\/noticias\/#website\"},\"primaryImageOfPage\":{\"@id\":\"http:\/\/www.stf.jus.br\/portal\/cms\/verNoticiaDetalhe.asp?idConteudo=451538#primaryimage\"},\"image\":{\"@id\":\"http:\/\/www.stf.jus.br\/portal\/cms\/verNoticiaDetalhe.asp?idConteudo=451538#primaryimage\"},\"thumbnailUrl\":\"https:\/\/mhcalculos.com.br\/noticias\/wp-content\/uploads\/sites\/2\/2020\/08\/tributario-0025.jpg\",\"datePublished\":\"2020-09-12T16:05:20+00:00\",\"dateModified\":\"2021-07-28T17:28:59+00:00\",\"author\":{\"@id\":\"https:\/\/mhcalculos.com.br\/noticias\/#\/schema\/person\/88d1c34bf72dc779ea14a5a6b8e0ae8d\"},\"breadcrumb\":{\"@id\":\"http:\/\/www.stf.jus.br\/portal\/cms\/verNoticiaDetalhe.asp?idConteudo=451538#breadcrumb\"},\"inLanguage\":\"pt-BR\",\"potentialAction\":[{\"@type\":\"ReadAction\",\"target\":[\"http:\/\/www.stf.jus.br\/portal\/cms\/verNoticiaDetalhe.asp?idConteudo=451538\"]}]},{\"@type\":\"ImageObject\",\"inLanguage\":\"pt-BR\",\"@id\":\"http:\/\/www.stf.jus.br\/portal\/cms\/verNoticiaDetalhe.asp?idConteudo=451538#primaryimage\",\"url\":\"https:\/\/mhcalculos.com.br\/noticias\/wp-content\/uploads\/sites\/2\/2020\/08\/tributario-0025.jpg\",\"contentUrl\":\"https:\/\/mhcalculos.com.br\/noticias\/wp-content\/uploads\/sites\/2\/2020\/08\/tributario-0025.jpg\",\"width\":2000,\"height\":800},{\"@type\":\"BreadcrumbList\",\"@id\":\"http:\/\/www.stf.jus.br\/portal\/cms\/verNoticiaDetalhe.asp?idConteudo=451538#breadcrumb\",\"itemListElement\":[{\"@type\":\"ListItem\",\"position\":1,\"name\":\"In\u00edcio\",\"item\":\"https:\/\/mhcalculos.com.br\/noticias\/\"},{\"@type\":\"ListItem\",\"position\":2,\"name\":\"STF: \u00c9 constitucional veda\u00e7\u00e3o da al\u00edquota zero sobre PIS\/Cofins a empresas optantes do Simples\"}]},{\"@type\":\"WebSite\",\"@id\":\"https:\/\/mhcalculos.com.br\/noticias\/#website\",\"url\":\"https:\/\/mhcalculos.com.br\/noticias\/\",\"name\":\"Portal de Not\u00edcias\",\"description\":\"Not\u00edcias e Jurisprud\u00eancia\",\"potentialAction\":[{\"@type\":\"SearchAction\",\"target\":{\"@type\":\"EntryPoint\",\"urlTemplate\":\"https:\/\/mhcalculos.com.br\/noticias\/?s={search_term_string}\"},\"query-input\":{\"@type\":\"PropertyValueSpecification\",\"valueRequired\":true,\"valueName\":\"search_term_string\"}}],\"inLanguage\":\"pt-BR\"},{\"@type\":\"Person\",\"@id\":\"https:\/\/mhcalculos.com.br\/noticias\/#\/schema\/person\/88d1c34bf72dc779ea14a5a6b8e0ae8d\",\"name\":\"Equipe MH\",\"image\":{\"@type\":\"ImageObject\",\"inLanguage\":\"pt-BR\",\"@id\":\"https:\/\/secure.gravatar.com\/avatar\/de1c686c2ecc9c5a3f327e3431d819eb39f8f05d4e1045f5a1caad6daaba987f?s=96&d=mm&r=g\",\"url\":\"https:\/\/secure.gravatar.com\/avatar\/de1c686c2ecc9c5a3f327e3431d819eb39f8f05d4e1045f5a1caad6daaba987f?s=96&d=mm&r=g\",\"contentUrl\":\"https:\/\/secure.gravatar.com\/avatar\/de1c686c2ecc9c5a3f327e3431d819eb39f8f05d4e1045f5a1caad6daaba987f?s=96&d=mm&r=g\",\"caption\":\"Equipe MH\"}}]}<\/script>\n<!-- \/ Yoast SEO plugin. -->","yoast_head_json":{"title":"STF: \u00c9 constitucional veda\u00e7\u00e3o da al\u00edquota zero sobre PIS\/Cofins a empresas optantes do Simples | Portal de Not\u00edcias","robots":{"index":"index","follow":"follow","max-snippet":"max-snippet:-1","max-image-preview":"max-image-preview:large","max-video-preview":"max-video-preview:-1"},"canonical":"http:\/\/www.stf.jus.br\/portal\/cms\/verNoticiaDetalhe.asp?idConteudo=451538","og_locale":"pt_BR","og_type":"article","og_title":"STF: \u00c9 constitucional veda\u00e7\u00e3o da al\u00edquota zero sobre PIS\/Cofins a empresas optantes do Simples | Portal de Not\u00edcias","og_description":"Por unanimidade de votos, o Plen\u00e1rio do Supremo Tribunal Federal (STF), em sess\u00e3o virtual, julgou constitucional o par\u00e1grafo \u00fanico do artigo 2&ordm; da Lei 10.147\/2000, que excluiu as pessoas jur\u00eddicas optantes pelo Simples Nacional de usufruir da redu\u00e7\u00e3o a zero da al\u00edquota de contribui\u00e7\u00e3o do Programa de Integra\u00e7\u00e3o Social (PIS) e da Contribui\u00e7\u00e3o para o [&hellip;]","og_url":"http:\/\/www.stf.jus.br\/portal\/cms\/verNoticiaDetalhe.asp?idConteudo=451538","og_site_name":"Portal de Not\u00edcias","article_published_time":"2020-09-12T16:05:20+00:00","article_modified_time":"2021-07-28T17:28:59+00:00","og_image":[{"width":2000,"height":800,"url":"https:\/\/mhcalculos.com.br\/noticias\/wp-content\/uploads\/sites\/2\/2020\/08\/tributario-0025.jpg","type":"image\/jpeg"}],"author":"Equipe MH","twitter_card":"summary_large_image","twitter_misc":{"Escrito por":"Equipe MH","Est. tempo de leitura":"3 minutos"},"schema":{"@context":"https:\/\/schema.org","@graph":[{"@type":"Article","@id":"http:\/\/www.stf.jus.br\/portal\/cms\/verNoticiaDetalhe.asp?idConteudo=451538#article","isPartOf":{"@id":"https:\/\/mhcalculos.com.br\/noticias\/tribunais\/stf\/stf-e-constitucional-vedacao-da-aliquota-zero-sobre-pis-cofins-a-empresas-optantes-do-simples.html"},"author":{"name":"Equipe MH","@id":"https:\/\/mhcalculos.com.br\/noticias\/#\/schema\/person\/88d1c34bf72dc779ea14a5a6b8e0ae8d"},"headline":"STF: \u00c9 constitucional veda\u00e7\u00e3o da al\u00edquota zero sobre PIS\/Cofins a empresas optantes do Simples","datePublished":"2020-09-12T16:05:20+00:00","dateModified":"2021-07-28T17:28:59+00:00","mainEntityOfPage":{"@id":"https:\/\/mhcalculos.com.br\/noticias\/tribunais\/stf\/stf-e-constitucional-vedacao-da-aliquota-zero-sobre-pis-cofins-a-empresas-optantes-do-simples.html"},"wordCount":611,"commentCount":0,"image":{"@id":"http:\/\/www.stf.jus.br\/portal\/cms\/verNoticiaDetalhe.asp?idConteudo=451538#primaryimage"},"thumbnailUrl":"https:\/\/mhcalculos.com.br\/noticias\/wp-content\/uploads\/sites\/2\/2020\/08\/tributario-0025.jpg","keywords":["c\u00e1lculos judiciais","c\u00e1lculos tribut\u00e1rios","direito tribut\u00e1rio","d\u00edvida ativa","fazenda p\u00fablica","Imposto","per\u00edcia","perito","stf"],"articleSection":["Direito Tribut\u00e1rio","STF"],"inLanguage":"pt-BR","potentialAction":[{"@type":"CommentAction","name":"Comment","target":["http:\/\/www.stf.jus.br\/portal\/cms\/verNoticiaDetalhe.asp?idConteudo=451538#respond"]}]},{"@type":"WebPage","@id":"https:\/\/mhcalculos.com.br\/noticias\/tribunais\/stf\/stf-e-constitucional-vedacao-da-aliquota-zero-sobre-pis-cofins-a-empresas-optantes-do-simples.html","url":"http:\/\/www.stf.jus.br\/portal\/cms\/verNoticiaDetalhe.asp?idConteudo=451538","name":"STF: \u00c9 constitucional veda\u00e7\u00e3o da al\u00edquota zero sobre PIS\/Cofins a empresas optantes do Simples | Portal de Not\u00edcias","isPartOf":{"@id":"https:\/\/mhcalculos.com.br\/noticias\/#website"},"primaryImageOfPage":{"@id":"http:\/\/www.stf.jus.br\/portal\/cms\/verNoticiaDetalhe.asp?idConteudo=451538#primaryimage"},"image":{"@id":"http:\/\/www.stf.jus.br\/portal\/cms\/verNoticiaDetalhe.asp?idConteudo=451538#primaryimage"},"thumbnailUrl":"https:\/\/mhcalculos.com.br\/noticias\/wp-content\/uploads\/sites\/2\/2020\/08\/tributario-0025.jpg","datePublished":"2020-09-12T16:05:20+00:00","dateModified":"2021-07-28T17:28:59+00:00","author":{"@id":"https:\/\/mhcalculos.com.br\/noticias\/#\/schema\/person\/88d1c34bf72dc779ea14a5a6b8e0ae8d"},"breadcrumb":{"@id":"http:\/\/www.stf.jus.br\/portal\/cms\/verNoticiaDetalhe.asp?idConteudo=451538#breadcrumb"},"inLanguage":"pt-BR","potentialAction":[{"@type":"ReadAction","target":["http:\/\/www.stf.jus.br\/portal\/cms\/verNoticiaDetalhe.asp?idConteudo=451538"]}]},{"@type":"ImageObject","inLanguage":"pt-BR","@id":"http:\/\/www.stf.jus.br\/portal\/cms\/verNoticiaDetalhe.asp?idConteudo=451538#primaryimage","url":"https:\/\/mhcalculos.com.br\/noticias\/wp-content\/uploads\/sites\/2\/2020\/08\/tributario-0025.jpg","contentUrl":"https:\/\/mhcalculos.com.br\/noticias\/wp-content\/uploads\/sites\/2\/2020\/08\/tributario-0025.jpg","width":2000,"height":800},{"@type":"BreadcrumbList","@id":"http:\/\/www.stf.jus.br\/portal\/cms\/verNoticiaDetalhe.asp?idConteudo=451538#breadcrumb","itemListElement":[{"@type":"ListItem","position":1,"name":"In\u00edcio","item":"https:\/\/mhcalculos.com.br\/noticias\/"},{"@type":"ListItem","position":2,"name":"STF: \u00c9 constitucional veda\u00e7\u00e3o da al\u00edquota zero sobre PIS\/Cofins a empresas optantes do Simples"}]},{"@type":"WebSite","@id":"https:\/\/mhcalculos.com.br\/noticias\/#website","url":"https:\/\/mhcalculos.com.br\/noticias\/","name":"Portal de Not\u00edcias","description":"Not\u00edcias e Jurisprud\u00eancia","potentialAction":[{"@type":"SearchAction","target":{"@type":"EntryPoint","urlTemplate":"https:\/\/mhcalculos.com.br\/noticias\/?s={search_term_string}"},"query-input":{"@type":"PropertyValueSpecification","valueRequired":true,"valueName":"search_term_string"}}],"inLanguage":"pt-BR"},{"@type":"Person","@id":"https:\/\/mhcalculos.com.br\/noticias\/#\/schema\/person\/88d1c34bf72dc779ea14a5a6b8e0ae8d","name":"Equipe MH","image":{"@type":"ImageObject","inLanguage":"pt-BR","@id":"https:\/\/secure.gravatar.com\/avatar\/de1c686c2ecc9c5a3f327e3431d819eb39f8f05d4e1045f5a1caad6daaba987f?s=96&d=mm&r=g","url":"https:\/\/secure.gravatar.com\/avatar\/de1c686c2ecc9c5a3f327e3431d819eb39f8f05d4e1045f5a1caad6daaba987f?s=96&d=mm&r=g","contentUrl":"https:\/\/secure.gravatar.com\/avatar\/de1c686c2ecc9c5a3f327e3431d819eb39f8f05d4e1045f5a1caad6daaba987f?s=96&d=mm&r=g","caption":"Equipe MH"}}]}},"_links":{"self":[{"href":"https:\/\/mhcalculos.com.br\/noticias\/wp-json\/wp\/v2\/posts\/7509","targetHints":{"allow":["GET"]}}],"collection":[{"href":"https:\/\/mhcalculos.com.br\/noticias\/wp-json\/wp\/v2\/posts"}],"about":[{"href":"https:\/\/mhcalculos.com.br\/noticias\/wp-json\/wp\/v2\/types\/post"}],"author":[{"embeddable":true,"href":"https:\/\/mhcalculos.com.br\/noticias\/wp-json\/wp\/v2\/users\/3063"}],"replies":[{"embeddable":true,"href":"https:\/\/mhcalculos.com.br\/noticias\/wp-json\/wp\/v2\/comments?post=7509"}],"version-history":[{"count":1,"href":"https:\/\/mhcalculos.com.br\/noticias\/wp-json\/wp\/v2\/posts\/7509\/revisions"}],"predecessor-version":[{"id":8874,"href":"https:\/\/mhcalculos.com.br\/noticias\/wp-json\/wp\/v2\/posts\/7509\/revisions\/8874"}],"wp:featuredmedia":[{"embeddable":true,"href":"https:\/\/mhcalculos.com.br\/noticias\/wp-json\/wp\/v2\/media\/7420"}],"wp:attachment":[{"href":"https:\/\/mhcalculos.com.br\/noticias\/wp-json\/wp\/v2\/media?parent=7509"}],"wp:term":[{"taxonomy":"category","embeddable":true,"href":"https:\/\/mhcalculos.com.br\/noticias\/wp-json\/wp\/v2\/categories?post=7509"},{"taxonomy":"post_tag","embeddable":true,"href":"https:\/\/mhcalculos.com.br\/noticias\/wp-json\/wp\/v2\/tags?post=7509"}],"curies":[{"name":"wp","href":"https:\/\/api.w.org\/{rel}","templated":true}]}}