{"id":7493,"date":"2020-09-08T19:05:48","date_gmt":"2020-09-08T22:05:48","guid":{"rendered":"https:\/\/mhcalculos.com.br\/noticias\/area\/previdenciario\/trf3-tribunal-julga-2-156-processos-de-24-a-27-de-agosto.html"},"modified":"2021-07-28T14:29:02","modified_gmt":"2021-07-28T17:29:02","slug":"trf3-tribunal-julga-2-156-processos-de-24-a-27-de-agosto","status":"publish","type":"post","link":"https:\/\/mhcalculos.com.br\/noticias\/area\/previdenciario\/trf3-tribunal-julga-2-156-processos-de-24-a-27-de-agosto.html","title":{"rendered":"TRF3: TRIBUNAL&nbsp;JULGA 2.156 PROCESSOS DE 24 A 27 DE AGOSTO\u00a0"},"content":{"rendered":"\n<div class=\"mat\">\n<p><em>Balan\u00e7o re\u00fane sess\u00f5es eletr\u00f4nicas realizadas por quatro Turmas, uma Se\u00e7\u00e3o, pelo Conselho de Administra\u00e7\u00e3o e pelo \u00d3rg\u00e3o Especial \u00a0<\/em><\/p>\n<p>Quatro Turmas, uma Se\u00e7\u00e3o, o Conselho de Administra\u00e7\u00e3o e o \u00d3rg\u00e3o Especial do Tribunal Regional Federal da 3\u00aa Regi\u00e3o (TRF3) julgaram 2.156 processos em sess\u00f5es virtuais do sistema Processo Judicial Eletr\u00f4nico (PJe) e do Sistema de Acompanhamento Processual (Siapro), de 24 a 27 de agosto. Como medida para o enfrentamento da emerg\u00eancia de sa\u00fade p\u00fablica decorrente do novo coronav\u00edrus, sess\u00f5es previstas como presenciais foram realizadas por meio eletr\u00f4nico, garantindo a continuidade da presta\u00e7\u00e3o jurisdicional. \u00a0<\/p>\n<p><strong>Quarta Turma \u00a0<\/strong><\/p>\n<p>A Quarta Turma realizou sess\u00e3o no dia 27 de agosto, quando 1.027 de 1.072 processos pautados foram julgados. \u00a0<\/p>\n<p>Composta pelos desembargadores federais Andr\u00e9 Nabarrete, Marli Ferreira, M\u00f4nica Nobre e Marcelo Saraiva (presidente), o colegiado faz parte da Segunda Se\u00e7\u00e3o da corte e aprecia mat\u00e9rias de direito constitucional, licita\u00e7\u00f5es, nulidade e anulabilidade de atos administrativos, ensino superior, inscri\u00e7\u00e3o no exerc\u00edcio profissional, tributos em geral e pre\u00e7os p\u00fablicos e contribui\u00e7\u00f5es. \u00a0<\/p>\n<p>A pr\u00f3xima sess\u00e3o de julgamento do colegiado ocorre no dia 10 de setembro.\u00a0\u00a0<\/p>\n<p><strong>Oitava Turma<\/strong> \u00a0<br \/>\n\u00a0<br \/>\nA Oitava Turma realizou sess\u00e3o de julgamento virtual no dia 24 de agosto, quando 396 de 400 processos pautados foram julgados. \u00a0<br \/>\n\u00a0<br \/>\nOs desembargadores federais Newton de Lucca, Therezinha Cazerta, Luiz Stefanini e David Dantas (presidente) comp\u00f5em a Oitava Turma. O colegiado integra a Terceira Se\u00e7\u00e3o do TRF3 e tem compet\u00eancia para julgar mat\u00e9rias de Previd\u00eancia e Assist\u00eancia Social. \u00a0<br \/>\n\u00a0<br \/>\nA pr\u00f3xima sess\u00e3o de julgamento do colegiado ser\u00e1 realizada no dia 14 de setembro. \u00a0<\/p>\n<p><strong>D\u00e9cima Turma <\/strong>\u00a0<br \/>\n\u00a0<br \/>\nNo dia 25 de agosto, a D\u00e9cima Turma julgou 446 processos de 454 que estavam pautados. \u00a0<br \/>\n\u00a0<br \/>\nO colegiado \u00e9 formado pelos desembargadores federais Baptista Pereira (presidente), S\u00e9rgio Nascimento, Lucia Ursaia e Nelson Porfirio e aprecia mat\u00e9rias relacionadas \u00e0 Previd\u00eancia e Assist\u00eancia Social. \u00a0<br \/>\n\u00a0<br \/>\nA pr\u00f3xima sess\u00e3o de julgamento da D\u00e9cima Turma ocorre no dia 15 de setembro, na modalidade virtual. \u00a0<\/p>\n<p><strong>D\u00e9cima Primeira Turma \u00a0<\/strong><br \/>\n\u00a0<br \/>\nNo dia 27 de agosto, a D\u00e9cima Primeira Turma julgou 221 processos, sendo 129 f\u00edsicos e 92 eletr\u00f4nicos. \u00a0<br \/>\n\u00a0<br \/>\nO colegiado \u00e9 composto pelos desembargadores federais Jos\u00e9 Lunardelli (presidente), Nino Toldo e Fausto De Sanctis e julga mat\u00e9rias criminais. \u00a0<br \/>\n\u00a0<br \/>\nA pr\u00f3xima sess\u00e3o de julgamento da D\u00e9cima Primeira Turma ser\u00e1 realizada no dia 10 de setembro, na modalidade virtual.\u00a0\u00a0<\/p>\n<p><strong>Terceira Se\u00e7\u00e3o <\/strong>\u00a0<\/p>\n<p>A Terceira Se\u00e7\u00e3o julgou 49 dos 55 processos que estavam na pauta no dia 27 de agosto. \u00a0<\/p>\n<p>A pr\u00f3xima sess\u00e3o de julgamento eletr\u00f4nica do colegiado ser\u00e1 realizada no dia 10 de setembro. \u00a0<\/p>\n<p><strong>Conselho \u00a0<\/strong><br \/>\n\u00a0<br \/>\nEm sess\u00e3o realizada no dia 24 de agosto, o Conselho de Administra\u00e7\u00e3o do TRF3 julgou seis\u00a0processos que estavam na pauta e referendou uma resolu\u00e7\u00e3o. A pr\u00f3xima sess\u00e3o do colegiado est\u00e1 agendada para o dia 21 de setembro. \u00a0<\/p>\n<p><strong>\u00d3rg\u00e3o Especial<\/strong> \u00a0<\/p>\n<p>O \u00d3rg\u00e3o Especial do TRF3 realizou sess\u00e3o no dia 26 de agosto. Na sess\u00e3o judici\u00e1ria, foram julgados 11 processos. J\u00e1 na administrativa, um processo foi julgado e outro referendado. \u00a0<\/p>\n<p>O colegiado \u00e9 constitu\u00eddo de 18 desembargadores federais: o presidente do TRF3, Mairan Maia; a vice-presidente, Consuelo Yoshida; a corregedora-regional da Justi\u00e7a Federal da 3\u00aa Regi\u00e3o, Marisa Santos; e outros 15 magistrados. Confira a lista completa <a href=\"https:\/\/www.trf3.jus.br\/seju\/orgao-especial\/?sword_list%5B%5D=%C3%B3rg%C3%A3o&amp;sword_list%5B%5D=especial&amp;no_cache=1\" rel=\"noreferrer noopener\" target=\"_blank\">aqui<\/a>. \u00a0<\/p>\n<p>A pr\u00f3xima sess\u00e3o do \u00d3rg\u00e3o Especial ocorre no dia 9 de setembro. \u00a0<\/p>\n<p>Para a pr\u00f3xima semana, est\u00e3o agendadas sess\u00f5es de julgamento virtual do \u00d3rg\u00e3o Especial (9\/9); da Quarta, D\u00e9cima Primeira Turma e Terceira Se\u00e7\u00e3o (10\/9).\u00a0\u00a0<\/p>\n<p>Clique <a href=\"https:\/\/www.trf3.jus.br\/documentos\/seju\/Datas_das_Sessoes_de_Julgamento\/2020\/Calendario_Geral_2o_semestre_de_2020.pdf\" rel=\"noreferrer noopener\" target=\"_blank\">aqui<\/a> para acessar o calend\u00e1rio das sess\u00f5es de julgamento das Turmas e Se\u00e7\u00f5es do TRF3. \u00a0<\/p>\n<p>\u00a0<\/p>\n<p><a href=\"http:\/\/www.twitter.com\/%3Cb%3Etrf3%3C\/b%3E_oficial\" rel=\"noreferrer noopener\" target=\"_blank\">www.twitter.com\/trf3_oficial<\/a> \u00a0<br \/>\n<a href=\"http:\/\/www.instagram.com\/%3Cb%3Etrf3%3C\/b%3E_oficial\" rel=\"noreferrer noopener\" target=\"_blank\">www.instagram.com\/trf3_oficial<\/a> \u00a0<\/p>\n<\/div>\n<p><script async src=\"https:\/\/platform.twitter.com\/widgets.js\" charset=\"utf-8\"><\/script><script async defer src=\"https:\/\/platform.instagram.com\/en_US\/embeds.js\"><\/script><br \/>\n<i>Com informa\u00e7\u00f5es da assessoria de imprensa do TRF3.<\/i><br \/>\n<br \/><a href=\"http:\/\/web.trf3.jus.br\/noticias\/Noticias\/Noticia\/Exibir\/398950\">Fonte<\/a><br \/>\n<br \/><\/p>\n","protected":false},"excerpt":{"rendered":"<p>Balan\u00e7o re\u00fane sess\u00f5es eletr\u00f4nicas realizadas por quatro Turmas, uma Se\u00e7\u00e3o, pelo Conselho de Administra\u00e7\u00e3o e pelo \u00d3rg\u00e3o Especial \u00a0 Quatro Turmas, uma Se\u00e7\u00e3o, o Conselho de Administra\u00e7\u00e3o e o \u00d3rg\u00e3o Especial do Tribunal Regional Federal da 3\u00aa Regi\u00e3o (TRF3) julgaram 2.156 processos em sess\u00f5es virtuais do sistema Processo Judicial Eletr\u00f4nico (PJe) e do Sistema de [&hellip;]<\/p>\n","protected":false},"author":3063,"featured_media":3480,"comment_status":"open","ping_status":"open","sticky":false,"template":"","format":"standard","meta":{"footnotes":""},"categories":[5,110],"tags":[11,10,8,13,9,12,152],"class_list":{"0":"post-7493","1":"post","2":"type-post","3":"status-publish","4":"format-standard","5":"has-post-thumbnail","7":"category-previdenciario","8":"category-trf3","9":"tag-aposentadoria","10":"tag-calculos-previdenciarios","11":"tag-direito-previdenciario","12":"tag-inss","13":"tag-pericia","14":"tag-perito","15":"tag-trf3"},"yoast_head":"<!-- This site is optimized with the Yoast SEO plugin v27.2 - https:\/\/yoast.com\/product\/yoast-seo-wordpress\/ -->\n<title>TRF3: TRIBUNAL&nbsp;JULGA 2.156 PROCESSOS DE 24 A 27 DE AGOSTO\u00a0 | Portal de Not\u00edcias<\/title>\n<meta name=\"robots\" content=\"index, follow, max-snippet:-1, max-image-preview:large, max-video-preview:-1\" \/>\n<link rel=\"canonical\" href=\"https:\/\/mhcalculos.com.br\/noticias\/area\/previdenciario\/trf3-tribunal-julga-2-156-processos-de-24-a-27-de-agosto.html\" \/>\n<meta property=\"og:locale\" content=\"pt_BR\" \/>\n<meta property=\"og:type\" content=\"article\" \/>\n<meta property=\"og:title\" content=\"TRF3: TRIBUNAL&nbsp;JULGA 2.156 PROCESSOS DE 24 A 27 DE AGOSTO\u00a0 | Portal de Not\u00edcias\" \/>\n<meta property=\"og:description\" content=\"Balan\u00e7o re\u00fane sess\u00f5es eletr\u00f4nicas realizadas por quatro Turmas, uma Se\u00e7\u00e3o, pelo Conselho de Administra\u00e7\u00e3o e pelo \u00d3rg\u00e3o Especial \u00a0 Quatro Turmas, uma Se\u00e7\u00e3o, o Conselho de Administra\u00e7\u00e3o e o \u00d3rg\u00e3o Especial do Tribunal Regional Federal da 3\u00aa Regi\u00e3o (TRF3) julgaram 2.156 processos em sess\u00f5es virtuais do sistema Processo Judicial Eletr\u00f4nico (PJe) e do Sistema de [&hellip;]\" \/>\n<meta property=\"og:url\" content=\"https:\/\/mhcalculos.com.br\/noticias\/area\/previdenciario\/trf3-tribunal-julga-2-156-processos-de-24-a-27-de-agosto.html\" \/>\n<meta property=\"og:site_name\" content=\"Portal de Not\u00edcias\" \/>\n<meta property=\"article:published_time\" content=\"2020-09-08T22:05:48+00:00\" \/>\n<meta property=\"article:modified_time\" content=\"2021-07-28T17:29:02+00:00\" \/>\n<meta property=\"og:image\" content=\"https:\/\/mhcalculos.com.br\/noticias\/wp-content\/uploads\/sites\/2\/2018\/12\/judiciario-0025.jpg\" \/>\n\t<meta property=\"og:image:width\" content=\"2000\" \/>\n\t<meta property=\"og:image:height\" content=\"800\" \/>\n\t<meta property=\"og:image:type\" content=\"image\/jpeg\" \/>\n<meta name=\"author\" content=\"Equipe MH\" \/>\n<meta name=\"twitter:card\" content=\"summary_large_image\" \/>\n<meta name=\"twitter:label1\" content=\"Escrito por\" \/>\n\t<meta name=\"twitter:data1\" content=\"Equipe MH\" \/>\n\t<meta name=\"twitter:label2\" content=\"Est. tempo de leitura\" \/>\n\t<meta name=\"twitter:data2\" content=\"3 minutos\" \/>\n<script type=\"application\/ld+json\" class=\"yoast-schema-graph\">{\"@context\":\"https:\/\/schema.org\",\"@graph\":[{\"@type\":\"Article\",\"@id\":\"https:\/\/mhcalculos.com.br\/noticias\/area\/previdenciario\/trf3-tribunal-julga-2-156-processos-de-24-a-27-de-agosto.html#article\",\"isPartOf\":{\"@id\":\"https:\/\/mhcalculos.com.br\/noticias\/area\/previdenciario\/trf3-tribunal-julga-2-156-processos-de-24-a-27-de-agosto.html\"},\"author\":{\"name\":\"Equipe MH\",\"@id\":\"https:\/\/mhcalculos.com.br\/noticias\/#\/schema\/person\/88d1c34bf72dc779ea14a5a6b8e0ae8d\"},\"headline\":\"TRF3: TRIBUNAL&nbsp;JULGA 2.156 PROCESSOS DE 24 A 27 DE AGOSTO\u00a0\",\"datePublished\":\"2020-09-08T22:05:48+00:00\",\"dateModified\":\"2021-07-28T17:29:02+00:00\",\"mainEntityOfPage\":{\"@id\":\"https:\/\/mhcalculos.com.br\/noticias\/area\/previdenciario\/trf3-tribunal-julga-2-156-processos-de-24-a-27-de-agosto.html\"},\"wordCount\":642,\"commentCount\":0,\"image\":{\"@id\":\"https:\/\/mhcalculos.com.br\/noticias\/area\/previdenciario\/trf3-tribunal-julga-2-156-processos-de-24-a-27-de-agosto.html#primaryimage\"},\"thumbnailUrl\":\"https:\/\/mhcalculos.com.br\/noticias\/wp-content\/uploads\/sites\/2\/2018\/12\/judiciario-0025.jpg\",\"keywords\":[\"aposentadoria\",\"c\u00e1lculos previdenci\u00e1rios\",\"direito previdenci\u00e1rio\",\"inss\",\"per\u00edcia\",\"perito\",\"trf3\"],\"articleSection\":[\"Direito Previdenci\u00e1rio\",\"TRF3\"],\"inLanguage\":\"pt-BR\",\"potentialAction\":[{\"@type\":\"CommentAction\",\"name\":\"Comment\",\"target\":[\"https:\/\/mhcalculos.com.br\/noticias\/area\/previdenciario\/trf3-tribunal-julga-2-156-processos-de-24-a-27-de-agosto.html#respond\"]}]},{\"@type\":\"WebPage\",\"@id\":\"https:\/\/mhcalculos.com.br\/noticias\/area\/previdenciario\/trf3-tribunal-julga-2-156-processos-de-24-a-27-de-agosto.html\",\"url\":\"https:\/\/mhcalculos.com.br\/noticias\/area\/previdenciario\/trf3-tribunal-julga-2-156-processos-de-24-a-27-de-agosto.html\",\"name\":\"TRF3: TRIBUNAL&nbsp;JULGA 2.156 PROCESSOS DE 24 A 27 DE AGOSTO\u00a0 | Portal de Not\u00edcias\",\"isPartOf\":{\"@id\":\"https:\/\/mhcalculos.com.br\/noticias\/#website\"},\"primaryImageOfPage\":{\"@id\":\"https:\/\/mhcalculos.com.br\/noticias\/area\/previdenciario\/trf3-tribunal-julga-2-156-processos-de-24-a-27-de-agosto.html#primaryimage\"},\"image\":{\"@id\":\"https:\/\/mhcalculos.com.br\/noticias\/area\/previdenciario\/trf3-tribunal-julga-2-156-processos-de-24-a-27-de-agosto.html#primaryimage\"},\"thumbnailUrl\":\"https:\/\/mhcalculos.com.br\/noticias\/wp-content\/uploads\/sites\/2\/2018\/12\/judiciario-0025.jpg\",\"datePublished\":\"2020-09-08T22:05:48+00:00\",\"dateModified\":\"2021-07-28T17:29:02+00:00\",\"author\":{\"@id\":\"https:\/\/mhcalculos.com.br\/noticias\/#\/schema\/person\/88d1c34bf72dc779ea14a5a6b8e0ae8d\"},\"breadcrumb\":{\"@id\":\"https:\/\/mhcalculos.com.br\/noticias\/area\/previdenciario\/trf3-tribunal-julga-2-156-processos-de-24-a-27-de-agosto.html#breadcrumb\"},\"inLanguage\":\"pt-BR\",\"potentialAction\":[{\"@type\":\"ReadAction\",\"target\":[\"https:\/\/mhcalculos.com.br\/noticias\/area\/previdenciario\/trf3-tribunal-julga-2-156-processos-de-24-a-27-de-agosto.html\"]}]},{\"@type\":\"ImageObject\",\"inLanguage\":\"pt-BR\",\"@id\":\"https:\/\/mhcalculos.com.br\/noticias\/area\/previdenciario\/trf3-tribunal-julga-2-156-processos-de-24-a-27-de-agosto.html#primaryimage\",\"url\":\"https:\/\/mhcalculos.com.br\/noticias\/wp-content\/uploads\/sites\/2\/2018\/12\/judiciario-0025.jpg\",\"contentUrl\":\"https:\/\/mhcalculos.com.br\/noticias\/wp-content\/uploads\/sites\/2\/2018\/12\/judiciario-0025.jpg\",\"width\":2000,\"height\":800,\"caption\":\"Ap\u00f3s 28 anos de trabalho, servidor cego se aposenta e deixa exemplo de supera\u00e7\u00e3o\"},{\"@type\":\"BreadcrumbList\",\"@id\":\"https:\/\/mhcalculos.com.br\/noticias\/area\/previdenciario\/trf3-tribunal-julga-2-156-processos-de-24-a-27-de-agosto.html#breadcrumb\",\"itemListElement\":[{\"@type\":\"ListItem\",\"position\":1,\"name\":\"In\u00edcio\",\"item\":\"https:\/\/mhcalculos.com.br\/noticias\/\"},{\"@type\":\"ListItem\",\"position\":2,\"name\":\"TRF3: TRIBUNAL&nbsp;JULGA 2.156 PROCESSOS DE 24 A 27 DE AGOSTO\u00a0\"}]},{\"@type\":\"WebSite\",\"@id\":\"https:\/\/mhcalculos.com.br\/noticias\/#website\",\"url\":\"https:\/\/mhcalculos.com.br\/noticias\/\",\"name\":\"Portal de Not\u00edcias\",\"description\":\"Not\u00edcias e Jurisprud\u00eancia\",\"potentialAction\":[{\"@type\":\"SearchAction\",\"target\":{\"@type\":\"EntryPoint\",\"urlTemplate\":\"https:\/\/mhcalculos.com.br\/noticias\/?s={search_term_string}\"},\"query-input\":{\"@type\":\"PropertyValueSpecification\",\"valueRequired\":true,\"valueName\":\"search_term_string\"}}],\"inLanguage\":\"pt-BR\"},{\"@type\":\"Person\",\"@id\":\"https:\/\/mhcalculos.com.br\/noticias\/#\/schema\/person\/88d1c34bf72dc779ea14a5a6b8e0ae8d\",\"name\":\"Equipe MH\",\"image\":{\"@type\":\"ImageObject\",\"inLanguage\":\"pt-BR\",\"@id\":\"https:\/\/secure.gravatar.com\/avatar\/de1c686c2ecc9c5a3f327e3431d819eb39f8f05d4e1045f5a1caad6daaba987f?s=96&d=mm&r=g\",\"url\":\"https:\/\/secure.gravatar.com\/avatar\/de1c686c2ecc9c5a3f327e3431d819eb39f8f05d4e1045f5a1caad6daaba987f?s=96&d=mm&r=g\",\"contentUrl\":\"https:\/\/secure.gravatar.com\/avatar\/de1c686c2ecc9c5a3f327e3431d819eb39f8f05d4e1045f5a1caad6daaba987f?s=96&d=mm&r=g\",\"caption\":\"Equipe MH\"}}]}<\/script>\n<!-- \/ Yoast SEO plugin. -->","yoast_head_json":{"title":"TRF3: TRIBUNAL&nbsp;JULGA 2.156 PROCESSOS DE 24 A 27 DE AGOSTO\u00a0 | Portal de Not\u00edcias","robots":{"index":"index","follow":"follow","max-snippet":"max-snippet:-1","max-image-preview":"max-image-preview:large","max-video-preview":"max-video-preview:-1"},"canonical":"https:\/\/mhcalculos.com.br\/noticias\/area\/previdenciario\/trf3-tribunal-julga-2-156-processos-de-24-a-27-de-agosto.html","og_locale":"pt_BR","og_type":"article","og_title":"TRF3: TRIBUNAL&nbsp;JULGA 2.156 PROCESSOS DE 24 A 27 DE AGOSTO\u00a0 | Portal de Not\u00edcias","og_description":"Balan\u00e7o re\u00fane sess\u00f5es eletr\u00f4nicas realizadas por quatro Turmas, uma Se\u00e7\u00e3o, pelo Conselho de Administra\u00e7\u00e3o e pelo \u00d3rg\u00e3o Especial \u00a0 Quatro Turmas, uma Se\u00e7\u00e3o, o Conselho de Administra\u00e7\u00e3o e o \u00d3rg\u00e3o Especial do Tribunal Regional Federal da 3\u00aa Regi\u00e3o (TRF3) julgaram 2.156 processos em sess\u00f5es virtuais do sistema Processo Judicial Eletr\u00f4nico (PJe) e do Sistema de [&hellip;]","og_url":"https:\/\/mhcalculos.com.br\/noticias\/area\/previdenciario\/trf3-tribunal-julga-2-156-processos-de-24-a-27-de-agosto.html","og_site_name":"Portal de Not\u00edcias","article_published_time":"2020-09-08T22:05:48+00:00","article_modified_time":"2021-07-28T17:29:02+00:00","og_image":[{"width":2000,"height":800,"url":"https:\/\/mhcalculos.com.br\/noticias\/wp-content\/uploads\/sites\/2\/2018\/12\/judiciario-0025.jpg","type":"image\/jpeg"}],"author":"Equipe MH","twitter_card":"summary_large_image","twitter_misc":{"Escrito por":"Equipe MH","Est. tempo de leitura":"3 minutos"},"schema":{"@context":"https:\/\/schema.org","@graph":[{"@type":"Article","@id":"https:\/\/mhcalculos.com.br\/noticias\/area\/previdenciario\/trf3-tribunal-julga-2-156-processos-de-24-a-27-de-agosto.html#article","isPartOf":{"@id":"https:\/\/mhcalculos.com.br\/noticias\/area\/previdenciario\/trf3-tribunal-julga-2-156-processos-de-24-a-27-de-agosto.html"},"author":{"name":"Equipe MH","@id":"https:\/\/mhcalculos.com.br\/noticias\/#\/schema\/person\/88d1c34bf72dc779ea14a5a6b8e0ae8d"},"headline":"TRF3: TRIBUNAL&nbsp;JULGA 2.156 PROCESSOS DE 24 A 27 DE AGOSTO\u00a0","datePublished":"2020-09-08T22:05:48+00:00","dateModified":"2021-07-28T17:29:02+00:00","mainEntityOfPage":{"@id":"https:\/\/mhcalculos.com.br\/noticias\/area\/previdenciario\/trf3-tribunal-julga-2-156-processos-de-24-a-27-de-agosto.html"},"wordCount":642,"commentCount":0,"image":{"@id":"https:\/\/mhcalculos.com.br\/noticias\/area\/previdenciario\/trf3-tribunal-julga-2-156-processos-de-24-a-27-de-agosto.html#primaryimage"},"thumbnailUrl":"https:\/\/mhcalculos.com.br\/noticias\/wp-content\/uploads\/sites\/2\/2018\/12\/judiciario-0025.jpg","keywords":["aposentadoria","c\u00e1lculos previdenci\u00e1rios","direito previdenci\u00e1rio","inss","per\u00edcia","perito","trf3"],"articleSection":["Direito Previdenci\u00e1rio","TRF3"],"inLanguage":"pt-BR","potentialAction":[{"@type":"CommentAction","name":"Comment","target":["https:\/\/mhcalculos.com.br\/noticias\/area\/previdenciario\/trf3-tribunal-julga-2-156-processos-de-24-a-27-de-agosto.html#respond"]}]},{"@type":"WebPage","@id":"https:\/\/mhcalculos.com.br\/noticias\/area\/previdenciario\/trf3-tribunal-julga-2-156-processos-de-24-a-27-de-agosto.html","url":"https:\/\/mhcalculos.com.br\/noticias\/area\/previdenciario\/trf3-tribunal-julga-2-156-processos-de-24-a-27-de-agosto.html","name":"TRF3: TRIBUNAL&nbsp;JULGA 2.156 PROCESSOS DE 24 A 27 DE AGOSTO\u00a0 | Portal de Not\u00edcias","isPartOf":{"@id":"https:\/\/mhcalculos.com.br\/noticias\/#website"},"primaryImageOfPage":{"@id":"https:\/\/mhcalculos.com.br\/noticias\/area\/previdenciario\/trf3-tribunal-julga-2-156-processos-de-24-a-27-de-agosto.html#primaryimage"},"image":{"@id":"https:\/\/mhcalculos.com.br\/noticias\/area\/previdenciario\/trf3-tribunal-julga-2-156-processos-de-24-a-27-de-agosto.html#primaryimage"},"thumbnailUrl":"https:\/\/mhcalculos.com.br\/noticias\/wp-content\/uploads\/sites\/2\/2018\/12\/judiciario-0025.jpg","datePublished":"2020-09-08T22:05:48+00:00","dateModified":"2021-07-28T17:29:02+00:00","author":{"@id":"https:\/\/mhcalculos.com.br\/noticias\/#\/schema\/person\/88d1c34bf72dc779ea14a5a6b8e0ae8d"},"breadcrumb":{"@id":"https:\/\/mhcalculos.com.br\/noticias\/area\/previdenciario\/trf3-tribunal-julga-2-156-processos-de-24-a-27-de-agosto.html#breadcrumb"},"inLanguage":"pt-BR","potentialAction":[{"@type":"ReadAction","target":["https:\/\/mhcalculos.com.br\/noticias\/area\/previdenciario\/trf3-tribunal-julga-2-156-processos-de-24-a-27-de-agosto.html"]}]},{"@type":"ImageObject","inLanguage":"pt-BR","@id":"https:\/\/mhcalculos.com.br\/noticias\/area\/previdenciario\/trf3-tribunal-julga-2-156-processos-de-24-a-27-de-agosto.html#primaryimage","url":"https:\/\/mhcalculos.com.br\/noticias\/wp-content\/uploads\/sites\/2\/2018\/12\/judiciario-0025.jpg","contentUrl":"https:\/\/mhcalculos.com.br\/noticias\/wp-content\/uploads\/sites\/2\/2018\/12\/judiciario-0025.jpg","width":2000,"height":800,"caption":"Ap\u00f3s 28 anos de trabalho, servidor cego se aposenta e deixa exemplo de supera\u00e7\u00e3o"},{"@type":"BreadcrumbList","@id":"https:\/\/mhcalculos.com.br\/noticias\/area\/previdenciario\/trf3-tribunal-julga-2-156-processos-de-24-a-27-de-agosto.html#breadcrumb","itemListElement":[{"@type":"ListItem","position":1,"name":"In\u00edcio","item":"https:\/\/mhcalculos.com.br\/noticias\/"},{"@type":"ListItem","position":2,"name":"TRF3: TRIBUNAL&nbsp;JULGA 2.156 PROCESSOS DE 24 A 27 DE AGOSTO\u00a0"}]},{"@type":"WebSite","@id":"https:\/\/mhcalculos.com.br\/noticias\/#website","url":"https:\/\/mhcalculos.com.br\/noticias\/","name":"Portal de Not\u00edcias","description":"Not\u00edcias e Jurisprud\u00eancia","potentialAction":[{"@type":"SearchAction","target":{"@type":"EntryPoint","urlTemplate":"https:\/\/mhcalculos.com.br\/noticias\/?s={search_term_string}"},"query-input":{"@type":"PropertyValueSpecification","valueRequired":true,"valueName":"search_term_string"}}],"inLanguage":"pt-BR"},{"@type":"Person","@id":"https:\/\/mhcalculos.com.br\/noticias\/#\/schema\/person\/88d1c34bf72dc779ea14a5a6b8e0ae8d","name":"Equipe MH","image":{"@type":"ImageObject","inLanguage":"pt-BR","@id":"https:\/\/secure.gravatar.com\/avatar\/de1c686c2ecc9c5a3f327e3431d819eb39f8f05d4e1045f5a1caad6daaba987f?s=96&d=mm&r=g","url":"https:\/\/secure.gravatar.com\/avatar\/de1c686c2ecc9c5a3f327e3431d819eb39f8f05d4e1045f5a1caad6daaba987f?s=96&d=mm&r=g","contentUrl":"https:\/\/secure.gravatar.com\/avatar\/de1c686c2ecc9c5a3f327e3431d819eb39f8f05d4e1045f5a1caad6daaba987f?s=96&d=mm&r=g","caption":"Equipe MH"}}]}},"_links":{"self":[{"href":"https:\/\/mhcalculos.com.br\/noticias\/wp-json\/wp\/v2\/posts\/7493","targetHints":{"allow":["GET"]}}],"collection":[{"href":"https:\/\/mhcalculos.com.br\/noticias\/wp-json\/wp\/v2\/posts"}],"about":[{"href":"https:\/\/mhcalculos.com.br\/noticias\/wp-json\/wp\/v2\/types\/post"}],"author":[{"embeddable":true,"href":"https:\/\/mhcalculos.com.br\/noticias\/wp-json\/wp\/v2\/users\/3063"}],"replies":[{"embeddable":true,"href":"https:\/\/mhcalculos.com.br\/noticias\/wp-json\/wp\/v2\/comments?post=7493"}],"version-history":[{"count":1,"href":"https:\/\/mhcalculos.com.br\/noticias\/wp-json\/wp\/v2\/posts\/7493\/revisions"}],"predecessor-version":[{"id":8887,"href":"https:\/\/mhcalculos.com.br\/noticias\/wp-json\/wp\/v2\/posts\/7493\/revisions\/8887"}],"wp:featuredmedia":[{"embeddable":true,"href":"https:\/\/mhcalculos.com.br\/noticias\/wp-json\/wp\/v2\/media\/3480"}],"wp:attachment":[{"href":"https:\/\/mhcalculos.com.br\/noticias\/wp-json\/wp\/v2\/media?parent=7493"}],"wp:term":[{"taxonomy":"category","embeddable":true,"href":"https:\/\/mhcalculos.com.br\/noticias\/wp-json\/wp\/v2\/categories?post=7493"},{"taxonomy":"post_tag","embeddable":true,"href":"https:\/\/mhcalculos.com.br\/noticias\/wp-json\/wp\/v2\/tags?post=7493"}],"curies":[{"name":"wp","href":"https:\/\/api.w.org\/{rel}","templated":true}]}}