{"id":7486,"date":"2020-09-06T11:05:06","date_gmt":"2020-09-06T14:05:06","guid":{"rendered":"https:\/\/mhcalculos.com.br\/noticias\/area\/previdenciario\/trf3-inscricao-em-cadastro-do-governo-federal-nao-e-unica-forma-de-comprovar-baixa-renda-familiar.html"},"modified":"2021-07-28T14:29:02","modified_gmt":"2021-07-28T17:29:02","slug":"trf3-inscricao-em-cadastro-do-governo-federal-nao-e-unica-forma-de-comprovar-baixa-renda-familiar","status":"publish","type":"post","link":"https:\/\/mhcalculos.com.br\/noticias\/area\/previdenciario\/trf3-inscricao-em-cadastro-do-governo-federal-nao-e-unica-forma-de-comprovar-baixa-renda-familiar.html","title":{"rendered":"TRF3: INSCRI\u00c7\u00c3O EM CADASTRO DO GOVERNO FEDERAL N\u00c3O \u00c9 \u00daNICA FORMA DE COMPROVAR BAIXA RENDA FAMILIAR"},"content":{"rendered":"\n<div class=\"mat\">\n<p><em>Turma do TRF3 desconstitui senten\u00e7a e determina juntada de novos documentos em pedido de aposentadoria por invalidez<\/em><\/p>\n<p>A S\u00e9tima Turma do Tribunal Regional Federal da 3\u00aa Regi\u00e3o (TRF3) desconstituiu senten\u00e7a que concedeu aposentadoria por invalidez a uma mulher portadora de Alzheimer e determinou a remessa dos autos \u00e0 vara de origem para juntada de novos documentos e prosseguimento da a\u00e7\u00e3o.<\/p>\n<p>Decis\u00e3o atendeu parcialmente pedido do Instituto Nacional do Seguro Social (INSS), que no recurso ao Tribunal alegou que houve irregularidades no recolhimento das contribui\u00e7\u00f5es como segurado facultativo de baixa renda, uma vez que a parte autora n\u00e3o estava inscrita no Cadastro \u00danico para Programas Sociais do Governo Federal (Cad\u00danico).<\/p>\n<p>Ao analisar o processo, a relatora do ac\u00f3rd\u00e3o, desembargadora federal In\u00eas Virg\u00ednia, ponderou que a inscri\u00e7\u00e3o no Cad\u00danico n\u00e3o pode ser a \u00fanica forma de se comprovar pobreza. Ela citou precedentes do TRF4 e avaliou que a situa\u00e7\u00e3o tamb\u00e9m deve ser analisada por outros meios de prova, como laudo social, inscri\u00e7\u00e3o em programas assistenciais diversos, entre outros.<\/p>\n<p>\u201cO cadastro pode subsidiar a concess\u00e3o de benef\u00edcios previdenci\u00e1rios, mas n\u00e3o pode ser requisito obrigat\u00f3rio e indispens\u00e1vel para caracteriza\u00e7\u00e3o da condi\u00e7\u00e3o de segurado\u201d, explicou.<\/p>\n<p>Por fim, a desembargadora federal ressaltou que os argumentos apontados pelo INSS n\u00e3o s\u00e3o suficientes para embasar a improced\u00eancia da a\u00e7\u00e3o, sob pena de cerceamento de defesa.<\/p>\n<p>\u201cMais adequado, no caso, revela-se a desconstitui\u00e7\u00e3o da senten\u00e7a e a reabertura da fase de instru\u00e7\u00e3o, para assim propiciar \u00e0 parte autora oportunidade para demonstra\u00e7\u00e3o de que preenchia, ou n\u00e3o, os requisitos exigidos pela lei\u201d, concluiu.<\/p>\n<p>Os autos foram encaminhados para a vara de origem para juntada de novos documentos ou realiza\u00e7\u00e3o de estudo social sobre a efetiva condi\u00e7\u00e3o da parte como segurada facultativa de baixa renda.<\/p>\n<p>Apela\u00e7\u00e3o C\u00edvel 0002685-38.2017.4.03.9999<\/p>\n<\/p>\n<p><a href=\"http:\/\/www.twitter.com\/trf3_oficial\">www.twitter.com\/trf3_oficial<\/a><br \/>\n<a href=\"http:\/\/www.instagram.com\/trf3_oficial\">www.instagram.com\/trf3_oficial<\/a><\/p>\n<\/div>\n<p><script async src=\"https:\/\/platform.twitter.com\/widgets.js\" charset=\"utf-8\"><\/script><script async defer src=\"https:\/\/platform.instagram.com\/en_US\/embeds.js\"><\/script><br \/>\n<i>Com informa\u00e7\u00f5es da assessoria de imprensa do TRF3.<\/i><br \/>\n<br \/><a href=\"http:\/\/web.trf3.jus.br\/noticias\/Noticias\/Noticia\/Exibir\/398896\">Fonte<\/a><br \/>\n<br \/><\/p>\n","protected":false},"excerpt":{"rendered":"<p>Turma do TRF3 desconstitui senten\u00e7a e determina juntada de novos documentos em pedido de aposentadoria por invalidez A S\u00e9tima Turma do Tribunal Regional Federal da 3\u00aa Regi\u00e3o (TRF3) desconstituiu senten\u00e7a que concedeu aposentadoria por invalidez a uma mulher portadora de Alzheimer e determinou a remessa dos autos \u00e0 vara de origem para juntada de novos [&hellip;]<\/p>\n","protected":false},"author":3063,"featured_media":2245,"comment_status":"open","ping_status":"open","sticky":false,"template":"","format":"standard","meta":{"footnotes":""},"categories":[5,110],"tags":[11,10,8,13,9,12,152],"class_list":{"0":"post-7486","1":"post","2":"type-post","3":"status-publish","4":"format-standard","5":"has-post-thumbnail","7":"category-previdenciario","8":"category-trf3","9":"tag-aposentadoria","10":"tag-calculos-previdenciarios","11":"tag-direito-previdenciario","12":"tag-inss","13":"tag-pericia","14":"tag-perito","15":"tag-trf3"},"yoast_head":"<!-- This site is optimized with the Yoast SEO plugin v27.2 - https:\/\/yoast.com\/product\/yoast-seo-wordpress\/ -->\n<title>TRF3: INSCRI\u00c7\u00c3O EM CADASTRO DO GOVERNO FEDERAL N\u00c3O \u00c9 \u00daNICA FORMA DE COMPROVAR BAIXA RENDA FAMILIAR | Portal de Not\u00edcias<\/title>\n<meta name=\"robots\" content=\"index, follow, max-snippet:-1, max-image-preview:large, max-video-preview:-1\" \/>\n<link rel=\"canonical\" href=\"https:\/\/mhcalculos.com.br\/noticias\/area\/previdenciario\/trf3-inscricao-em-cadastro-do-governo-federal-nao-e-unica-forma-de-comprovar-baixa-renda-familiar.html\" \/>\n<meta property=\"og:locale\" content=\"pt_BR\" \/>\n<meta property=\"og:type\" content=\"article\" \/>\n<meta property=\"og:title\" content=\"TRF3: INSCRI\u00c7\u00c3O EM CADASTRO DO GOVERNO FEDERAL N\u00c3O \u00c9 \u00daNICA FORMA DE COMPROVAR BAIXA RENDA FAMILIAR | Portal de Not\u00edcias\" \/>\n<meta property=\"og:description\" content=\"Turma do TRF3 desconstitui senten\u00e7a e determina juntada de novos documentos em pedido de aposentadoria por invalidez A S\u00e9tima Turma do Tribunal Regional Federal da 3\u00aa Regi\u00e3o (TRF3) desconstituiu senten\u00e7a que concedeu aposentadoria por invalidez a uma mulher portadora de Alzheimer e determinou a remessa dos autos \u00e0 vara de origem para juntada de novos [&hellip;]\" \/>\n<meta property=\"og:url\" content=\"https:\/\/mhcalculos.com.br\/noticias\/area\/previdenciario\/trf3-inscricao-em-cadastro-do-governo-federal-nao-e-unica-forma-de-comprovar-baixa-renda-familiar.html\" \/>\n<meta property=\"og:site_name\" content=\"Portal de Not\u00edcias\" \/>\n<meta property=\"article:published_time\" content=\"2020-09-06T14:05:06+00:00\" \/>\n<meta property=\"article:modified_time\" content=\"2021-07-28T17:29:02+00:00\" \/>\n<meta property=\"og:image\" content=\"https:\/\/mhcalculos.com.br\/noticias\/wp-content\/uploads\/sites\/2\/2018\/06\/judiciario-0030.jpg\" \/>\n\t<meta property=\"og:image:width\" content=\"2000\" \/>\n\t<meta property=\"og:image:height\" content=\"800\" \/>\n\t<meta property=\"og:image:type\" content=\"image\/jpeg\" \/>\n<meta name=\"author\" content=\"Equipe MH\" \/>\n<meta name=\"twitter:card\" content=\"summary_large_image\" \/>\n<meta name=\"twitter:label1\" content=\"Escrito por\" \/>\n\t<meta name=\"twitter:data1\" content=\"Equipe MH\" \/>\n\t<meta name=\"twitter:label2\" content=\"Est. tempo de leitura\" \/>\n\t<meta name=\"twitter:data2\" content=\"2 minutos\" \/>\n<script type=\"application\/ld+json\" class=\"yoast-schema-graph\">{\"@context\":\"https:\/\/schema.org\",\"@graph\":[{\"@type\":\"Article\",\"@id\":\"https:\/\/mhcalculos.com.br\/noticias\/area\/previdenciario\/trf3-inscricao-em-cadastro-do-governo-federal-nao-e-unica-forma-de-comprovar-baixa-renda-familiar.html#article\",\"isPartOf\":{\"@id\":\"https:\/\/mhcalculos.com.br\/noticias\/area\/previdenciario\/trf3-inscricao-em-cadastro-do-governo-federal-nao-e-unica-forma-de-comprovar-baixa-renda-familiar.html\"},\"author\":{\"name\":\"Equipe MH\",\"@id\":\"https:\/\/mhcalculos.com.br\/noticias\/#\/schema\/person\/88d1c34bf72dc779ea14a5a6b8e0ae8d\"},\"headline\":\"TRF3: INSCRI\u00c7\u00c3O EM CADASTRO DO GOVERNO FEDERAL N\u00c3O \u00c9 \u00daNICA FORMA DE COMPROVAR BAIXA RENDA FAMILIAR\",\"datePublished\":\"2020-09-06T14:05:06+00:00\",\"dateModified\":\"2021-07-28T17:29:02+00:00\",\"mainEntityOfPage\":{\"@id\":\"https:\/\/mhcalculos.com.br\/noticias\/area\/previdenciario\/trf3-inscricao-em-cadastro-do-governo-federal-nao-e-unica-forma-de-comprovar-baixa-renda-familiar.html\"},\"wordCount\":363,\"commentCount\":0,\"image\":{\"@id\":\"https:\/\/mhcalculos.com.br\/noticias\/area\/previdenciario\/trf3-inscricao-em-cadastro-do-governo-federal-nao-e-unica-forma-de-comprovar-baixa-renda-familiar.html#primaryimage\"},\"thumbnailUrl\":\"https:\/\/mhcalculos.com.br\/noticias\/wp-content\/uploads\/sites\/2\/2018\/06\/judiciario-0030.jpg\",\"keywords\":[\"aposentadoria\",\"c\u00e1lculos previdenci\u00e1rios\",\"direito previdenci\u00e1rio\",\"inss\",\"per\u00edcia\",\"perito\",\"trf3\"],\"articleSection\":[\"Direito Previdenci\u00e1rio\",\"TRF3\"],\"inLanguage\":\"pt-BR\",\"potentialAction\":[{\"@type\":\"CommentAction\",\"name\":\"Comment\",\"target\":[\"https:\/\/mhcalculos.com.br\/noticias\/area\/previdenciario\/trf3-inscricao-em-cadastro-do-governo-federal-nao-e-unica-forma-de-comprovar-baixa-renda-familiar.html#respond\"]}]},{\"@type\":\"WebPage\",\"@id\":\"https:\/\/mhcalculos.com.br\/noticias\/area\/previdenciario\/trf3-inscricao-em-cadastro-do-governo-federal-nao-e-unica-forma-de-comprovar-baixa-renda-familiar.html\",\"url\":\"https:\/\/mhcalculos.com.br\/noticias\/area\/previdenciario\/trf3-inscricao-em-cadastro-do-governo-federal-nao-e-unica-forma-de-comprovar-baixa-renda-familiar.html\",\"name\":\"TRF3: INSCRI\u00c7\u00c3O EM CADASTRO DO GOVERNO FEDERAL N\u00c3O \u00c9 \u00daNICA FORMA DE COMPROVAR BAIXA RENDA FAMILIAR | Portal de Not\u00edcias\",\"isPartOf\":{\"@id\":\"https:\/\/mhcalculos.com.br\/noticias\/#website\"},\"primaryImageOfPage\":{\"@id\":\"https:\/\/mhcalculos.com.br\/noticias\/area\/previdenciario\/trf3-inscricao-em-cadastro-do-governo-federal-nao-e-unica-forma-de-comprovar-baixa-renda-familiar.html#primaryimage\"},\"image\":{\"@id\":\"https:\/\/mhcalculos.com.br\/noticias\/area\/previdenciario\/trf3-inscricao-em-cadastro-do-governo-federal-nao-e-unica-forma-de-comprovar-baixa-renda-familiar.html#primaryimage\"},\"thumbnailUrl\":\"https:\/\/mhcalculos.com.br\/noticias\/wp-content\/uploads\/sites\/2\/2018\/06\/judiciario-0030.jpg\",\"datePublished\":\"2020-09-06T14:05:06+00:00\",\"dateModified\":\"2021-07-28T17:29:02+00:00\",\"author\":{\"@id\":\"https:\/\/mhcalculos.com.br\/noticias\/#\/schema\/person\/88d1c34bf72dc779ea14a5a6b8e0ae8d\"},\"breadcrumb\":{\"@id\":\"https:\/\/mhcalculos.com.br\/noticias\/area\/previdenciario\/trf3-inscricao-em-cadastro-do-governo-federal-nao-e-unica-forma-de-comprovar-baixa-renda-familiar.html#breadcrumb\"},\"inLanguage\":\"pt-BR\",\"potentialAction\":[{\"@type\":\"ReadAction\",\"target\":[\"https:\/\/mhcalculos.com.br\/noticias\/area\/previdenciario\/trf3-inscricao-em-cadastro-do-governo-federal-nao-e-unica-forma-de-comprovar-baixa-renda-familiar.html\"]}]},{\"@type\":\"ImageObject\",\"inLanguage\":\"pt-BR\",\"@id\":\"https:\/\/mhcalculos.com.br\/noticias\/area\/previdenciario\/trf3-inscricao-em-cadastro-do-governo-federal-nao-e-unica-forma-de-comprovar-baixa-renda-familiar.html#primaryimage\",\"url\":\"https:\/\/mhcalculos.com.br\/noticias\/wp-content\/uploads\/sites\/2\/2018\/06\/judiciario-0030.jpg\",\"contentUrl\":\"https:\/\/mhcalculos.com.br\/noticias\/wp-content\/uploads\/sites\/2\/2018\/06\/judiciario-0030.jpg\",\"width\":2000,\"height\":800},{\"@type\":\"BreadcrumbList\",\"@id\":\"https:\/\/mhcalculos.com.br\/noticias\/area\/previdenciario\/trf3-inscricao-em-cadastro-do-governo-federal-nao-e-unica-forma-de-comprovar-baixa-renda-familiar.html#breadcrumb\",\"itemListElement\":[{\"@type\":\"ListItem\",\"position\":1,\"name\":\"In\u00edcio\",\"item\":\"https:\/\/mhcalculos.com.br\/noticias\/\"},{\"@type\":\"ListItem\",\"position\":2,\"name\":\"TRF3: INSCRI\u00c7\u00c3O EM CADASTRO DO GOVERNO FEDERAL N\u00c3O \u00c9 \u00daNICA FORMA DE COMPROVAR BAIXA RENDA FAMILIAR\"}]},{\"@type\":\"WebSite\",\"@id\":\"https:\/\/mhcalculos.com.br\/noticias\/#website\",\"url\":\"https:\/\/mhcalculos.com.br\/noticias\/\",\"name\":\"Portal de Not\u00edcias\",\"description\":\"Not\u00edcias e Jurisprud\u00eancia\",\"potentialAction\":[{\"@type\":\"SearchAction\",\"target\":{\"@type\":\"EntryPoint\",\"urlTemplate\":\"https:\/\/mhcalculos.com.br\/noticias\/?s={search_term_string}\"},\"query-input\":{\"@type\":\"PropertyValueSpecification\",\"valueRequired\":true,\"valueName\":\"search_term_string\"}}],\"inLanguage\":\"pt-BR\"},{\"@type\":\"Person\",\"@id\":\"https:\/\/mhcalculos.com.br\/noticias\/#\/schema\/person\/88d1c34bf72dc779ea14a5a6b8e0ae8d\",\"name\":\"Equipe MH\",\"image\":{\"@type\":\"ImageObject\",\"inLanguage\":\"pt-BR\",\"@id\":\"https:\/\/secure.gravatar.com\/avatar\/de1c686c2ecc9c5a3f327e3431d819eb39f8f05d4e1045f5a1caad6daaba987f?s=96&d=mm&r=g\",\"url\":\"https:\/\/secure.gravatar.com\/avatar\/de1c686c2ecc9c5a3f327e3431d819eb39f8f05d4e1045f5a1caad6daaba987f?s=96&d=mm&r=g\",\"contentUrl\":\"https:\/\/secure.gravatar.com\/avatar\/de1c686c2ecc9c5a3f327e3431d819eb39f8f05d4e1045f5a1caad6daaba987f?s=96&d=mm&r=g\",\"caption\":\"Equipe MH\"}}]}<\/script>\n<!-- \/ Yoast SEO plugin. -->","yoast_head_json":{"title":"TRF3: INSCRI\u00c7\u00c3O EM CADASTRO DO GOVERNO FEDERAL N\u00c3O \u00c9 \u00daNICA FORMA DE COMPROVAR BAIXA RENDA FAMILIAR | Portal de Not\u00edcias","robots":{"index":"index","follow":"follow","max-snippet":"max-snippet:-1","max-image-preview":"max-image-preview:large","max-video-preview":"max-video-preview:-1"},"canonical":"https:\/\/mhcalculos.com.br\/noticias\/area\/previdenciario\/trf3-inscricao-em-cadastro-do-governo-federal-nao-e-unica-forma-de-comprovar-baixa-renda-familiar.html","og_locale":"pt_BR","og_type":"article","og_title":"TRF3: INSCRI\u00c7\u00c3O EM CADASTRO DO GOVERNO FEDERAL N\u00c3O \u00c9 \u00daNICA FORMA DE COMPROVAR BAIXA RENDA FAMILIAR | Portal de Not\u00edcias","og_description":"Turma do TRF3 desconstitui senten\u00e7a e determina juntada de novos documentos em pedido de aposentadoria por invalidez A S\u00e9tima Turma do Tribunal Regional Federal da 3\u00aa Regi\u00e3o (TRF3) desconstituiu senten\u00e7a que concedeu aposentadoria por invalidez a uma mulher portadora de Alzheimer e determinou a remessa dos autos \u00e0 vara de origem para juntada de novos [&hellip;]","og_url":"https:\/\/mhcalculos.com.br\/noticias\/area\/previdenciario\/trf3-inscricao-em-cadastro-do-governo-federal-nao-e-unica-forma-de-comprovar-baixa-renda-familiar.html","og_site_name":"Portal de Not\u00edcias","article_published_time":"2020-09-06T14:05:06+00:00","article_modified_time":"2021-07-28T17:29:02+00:00","og_image":[{"width":2000,"height":800,"url":"https:\/\/mhcalculos.com.br\/noticias\/wp-content\/uploads\/sites\/2\/2018\/06\/judiciario-0030.jpg","type":"image\/jpeg"}],"author":"Equipe MH","twitter_card":"summary_large_image","twitter_misc":{"Escrito por":"Equipe MH","Est. tempo de leitura":"2 minutos"},"schema":{"@context":"https:\/\/schema.org","@graph":[{"@type":"Article","@id":"https:\/\/mhcalculos.com.br\/noticias\/area\/previdenciario\/trf3-inscricao-em-cadastro-do-governo-federal-nao-e-unica-forma-de-comprovar-baixa-renda-familiar.html#article","isPartOf":{"@id":"https:\/\/mhcalculos.com.br\/noticias\/area\/previdenciario\/trf3-inscricao-em-cadastro-do-governo-federal-nao-e-unica-forma-de-comprovar-baixa-renda-familiar.html"},"author":{"name":"Equipe MH","@id":"https:\/\/mhcalculos.com.br\/noticias\/#\/schema\/person\/88d1c34bf72dc779ea14a5a6b8e0ae8d"},"headline":"TRF3: INSCRI\u00c7\u00c3O EM CADASTRO DO GOVERNO FEDERAL N\u00c3O \u00c9 \u00daNICA FORMA DE COMPROVAR BAIXA RENDA FAMILIAR","datePublished":"2020-09-06T14:05:06+00:00","dateModified":"2021-07-28T17:29:02+00:00","mainEntityOfPage":{"@id":"https:\/\/mhcalculos.com.br\/noticias\/area\/previdenciario\/trf3-inscricao-em-cadastro-do-governo-federal-nao-e-unica-forma-de-comprovar-baixa-renda-familiar.html"},"wordCount":363,"commentCount":0,"image":{"@id":"https:\/\/mhcalculos.com.br\/noticias\/area\/previdenciario\/trf3-inscricao-em-cadastro-do-governo-federal-nao-e-unica-forma-de-comprovar-baixa-renda-familiar.html#primaryimage"},"thumbnailUrl":"https:\/\/mhcalculos.com.br\/noticias\/wp-content\/uploads\/sites\/2\/2018\/06\/judiciario-0030.jpg","keywords":["aposentadoria","c\u00e1lculos previdenci\u00e1rios","direito previdenci\u00e1rio","inss","per\u00edcia","perito","trf3"],"articleSection":["Direito Previdenci\u00e1rio","TRF3"],"inLanguage":"pt-BR","potentialAction":[{"@type":"CommentAction","name":"Comment","target":["https:\/\/mhcalculos.com.br\/noticias\/area\/previdenciario\/trf3-inscricao-em-cadastro-do-governo-federal-nao-e-unica-forma-de-comprovar-baixa-renda-familiar.html#respond"]}]},{"@type":"WebPage","@id":"https:\/\/mhcalculos.com.br\/noticias\/area\/previdenciario\/trf3-inscricao-em-cadastro-do-governo-federal-nao-e-unica-forma-de-comprovar-baixa-renda-familiar.html","url":"https:\/\/mhcalculos.com.br\/noticias\/area\/previdenciario\/trf3-inscricao-em-cadastro-do-governo-federal-nao-e-unica-forma-de-comprovar-baixa-renda-familiar.html","name":"TRF3: INSCRI\u00c7\u00c3O EM CADASTRO DO GOVERNO FEDERAL N\u00c3O \u00c9 \u00daNICA FORMA DE COMPROVAR BAIXA RENDA FAMILIAR | Portal de Not\u00edcias","isPartOf":{"@id":"https:\/\/mhcalculos.com.br\/noticias\/#website"},"primaryImageOfPage":{"@id":"https:\/\/mhcalculos.com.br\/noticias\/area\/previdenciario\/trf3-inscricao-em-cadastro-do-governo-federal-nao-e-unica-forma-de-comprovar-baixa-renda-familiar.html#primaryimage"},"image":{"@id":"https:\/\/mhcalculos.com.br\/noticias\/area\/previdenciario\/trf3-inscricao-em-cadastro-do-governo-federal-nao-e-unica-forma-de-comprovar-baixa-renda-familiar.html#primaryimage"},"thumbnailUrl":"https:\/\/mhcalculos.com.br\/noticias\/wp-content\/uploads\/sites\/2\/2018\/06\/judiciario-0030.jpg","datePublished":"2020-09-06T14:05:06+00:00","dateModified":"2021-07-28T17:29:02+00:00","author":{"@id":"https:\/\/mhcalculos.com.br\/noticias\/#\/schema\/person\/88d1c34bf72dc779ea14a5a6b8e0ae8d"},"breadcrumb":{"@id":"https:\/\/mhcalculos.com.br\/noticias\/area\/previdenciario\/trf3-inscricao-em-cadastro-do-governo-federal-nao-e-unica-forma-de-comprovar-baixa-renda-familiar.html#breadcrumb"},"inLanguage":"pt-BR","potentialAction":[{"@type":"ReadAction","target":["https:\/\/mhcalculos.com.br\/noticias\/area\/previdenciario\/trf3-inscricao-em-cadastro-do-governo-federal-nao-e-unica-forma-de-comprovar-baixa-renda-familiar.html"]}]},{"@type":"ImageObject","inLanguage":"pt-BR","@id":"https:\/\/mhcalculos.com.br\/noticias\/area\/previdenciario\/trf3-inscricao-em-cadastro-do-governo-federal-nao-e-unica-forma-de-comprovar-baixa-renda-familiar.html#primaryimage","url":"https:\/\/mhcalculos.com.br\/noticias\/wp-content\/uploads\/sites\/2\/2018\/06\/judiciario-0030.jpg","contentUrl":"https:\/\/mhcalculos.com.br\/noticias\/wp-content\/uploads\/sites\/2\/2018\/06\/judiciario-0030.jpg","width":2000,"height":800},{"@type":"BreadcrumbList","@id":"https:\/\/mhcalculos.com.br\/noticias\/area\/previdenciario\/trf3-inscricao-em-cadastro-do-governo-federal-nao-e-unica-forma-de-comprovar-baixa-renda-familiar.html#breadcrumb","itemListElement":[{"@type":"ListItem","position":1,"name":"In\u00edcio","item":"https:\/\/mhcalculos.com.br\/noticias\/"},{"@type":"ListItem","position":2,"name":"TRF3: INSCRI\u00c7\u00c3O EM CADASTRO DO GOVERNO FEDERAL N\u00c3O \u00c9 \u00daNICA FORMA DE COMPROVAR BAIXA RENDA FAMILIAR"}]},{"@type":"WebSite","@id":"https:\/\/mhcalculos.com.br\/noticias\/#website","url":"https:\/\/mhcalculos.com.br\/noticias\/","name":"Portal de Not\u00edcias","description":"Not\u00edcias e Jurisprud\u00eancia","potentialAction":[{"@type":"SearchAction","target":{"@type":"EntryPoint","urlTemplate":"https:\/\/mhcalculos.com.br\/noticias\/?s={search_term_string}"},"query-input":{"@type":"PropertyValueSpecification","valueRequired":true,"valueName":"search_term_string"}}],"inLanguage":"pt-BR"},{"@type":"Person","@id":"https:\/\/mhcalculos.com.br\/noticias\/#\/schema\/person\/88d1c34bf72dc779ea14a5a6b8e0ae8d","name":"Equipe MH","image":{"@type":"ImageObject","inLanguage":"pt-BR","@id":"https:\/\/secure.gravatar.com\/avatar\/de1c686c2ecc9c5a3f327e3431d819eb39f8f05d4e1045f5a1caad6daaba987f?s=96&d=mm&r=g","url":"https:\/\/secure.gravatar.com\/avatar\/de1c686c2ecc9c5a3f327e3431d819eb39f8f05d4e1045f5a1caad6daaba987f?s=96&d=mm&r=g","contentUrl":"https:\/\/secure.gravatar.com\/avatar\/de1c686c2ecc9c5a3f327e3431d819eb39f8f05d4e1045f5a1caad6daaba987f?s=96&d=mm&r=g","caption":"Equipe MH"}}]}},"_links":{"self":[{"href":"https:\/\/mhcalculos.com.br\/noticias\/wp-json\/wp\/v2\/posts\/7486","targetHints":{"allow":["GET"]}}],"collection":[{"href":"https:\/\/mhcalculos.com.br\/noticias\/wp-json\/wp\/v2\/posts"}],"about":[{"href":"https:\/\/mhcalculos.com.br\/noticias\/wp-json\/wp\/v2\/types\/post"}],"author":[{"embeddable":true,"href":"https:\/\/mhcalculos.com.br\/noticias\/wp-json\/wp\/v2\/users\/3063"}],"replies":[{"embeddable":true,"href":"https:\/\/mhcalculos.com.br\/noticias\/wp-json\/wp\/v2\/comments?post=7486"}],"version-history":[{"count":1,"href":"https:\/\/mhcalculos.com.br\/noticias\/wp-json\/wp\/v2\/posts\/7486\/revisions"}],"predecessor-version":[{"id":8891,"href":"https:\/\/mhcalculos.com.br\/noticias\/wp-json\/wp\/v2\/posts\/7486\/revisions\/8891"}],"wp:featuredmedia":[{"embeddable":true,"href":"https:\/\/mhcalculos.com.br\/noticias\/wp-json\/wp\/v2\/media\/2245"}],"wp:attachment":[{"href":"https:\/\/mhcalculos.com.br\/noticias\/wp-json\/wp\/v2\/media?parent=7486"}],"wp:term":[{"taxonomy":"category","embeddable":true,"href":"https:\/\/mhcalculos.com.br\/noticias\/wp-json\/wp\/v2\/categories?post=7486"},{"taxonomy":"post_tag","embeddable":true,"href":"https:\/\/mhcalculos.com.br\/noticias\/wp-json\/wp\/v2\/tags?post=7486"}],"curies":[{"name":"wp","href":"https:\/\/api.w.org\/{rel}","templated":true}]}}