{"id":7460,"date":"2020-08-28T14:05:11","date_gmt":"2020-08-28T17:05:11","guid":{"rendered":"https:\/\/mhcalculos.com.br\/noticias\/area\/previdenciario\/stf-aposentadoria-de-servidor-tempo-minimo-no-cargo-em-carreiras-escalonadas-e-contado-a-partir-do-ingresso.html"},"modified":"2021-07-28T14:29:07","modified_gmt":"2021-07-28T17:29:07","slug":"stf-aposentadoria-de-servidor-tempo-minimo-no-cargo-em-carreiras-escalonadas-e-contado-a-partir-do-ingresso","status":"publish","type":"post","link":"https:\/\/mhcalculos.com.br\/noticias\/area\/previdenciario\/stf-aposentadoria-de-servidor-tempo-minimo-no-cargo-em-carreiras-escalonadas-e-contado-a-partir-do-ingresso.html","title":{"rendered":"STF: Aposentadoria de servidor: tempo m\u00ednimo no cargo em carreiras escalonadas \u00e9 contado a partir do ingresso"},"content":{"rendered":"<p><br \/>\n<\/p>\n<p>O Plen\u00e1rio do Supremo Tribunal Federal (STF) decidiu que, para as carreiras escalonadas, o prazo m\u00ednimo de cinco anos para que um servidor p\u00fablico se aposente com os proventos integrais do cargo que estiver ocupando deve ser contado a partir do efetivo ingresso na carreira. Ainda de acordo com a decis\u00e3o, a restri\u00e7\u00e3o, institu\u00edda pela Emenda Constitucional (EC) 20\/1998 (artigo 8&ordm;, inciso II), \u00e9 aplic\u00e1vel somente aos servidores que, na data da sua publica\u00e7\u00e3o, ainda n\u00e3o reuniam os requisitos necess\u00e1rios para a aposentadoria.<\/p>\n<p>A decis\u00e3o, por maioria de votos, foi proferida no Recurso Extraordin\u00e1rio (RE) 662423, com repercuss\u00e3o geral (<a href=\"http:\/\/stf.jus.br\/portal\/jurisprudenciaRepercussao\/verAndamentoProcesso.asp?incidente=4163220&amp;numeroProcesso=662423&amp;classeProcesso=RE&amp;numeroTema=578\" target=\"_blank\" rel=\"noopener noreferrer\">Tema 578<\/a>), na sess\u00e3o virtual encerrada em 21\/8 e vai orientar a resolu\u00e7\u00e3o de 586 processos semelhantes sobrestados em outras inst\u00e2ncias.&nbsp;<\/p>\n<p><b>Tempo m\u00ednimo<\/b><\/p>\n<p>O RE foi interposto pelo Estado de Santa Catarina contra decis\u00e3o do Tribunal de Justi\u00e7a local (TJ-SC) que autorizou a aposentadoria com proventos integrais de um membro do Minist\u00e9rio P\u00fablico estadual como procurador de Justi\u00e7a, cargo final da carreira, mas exercido por apenas quatro anos. No recurso ao STF, o governo estadual afirmava que o servidor p\u00fablico n\u00e3o poderia se aposentar no cargo de procurador, pois n\u00e3o havia permanecido em exerc\u00edcio pelo prazo m\u00ednimo de cinco anos exigido pela regra constitucional.<\/p>\n<p><b>Equil\u00edbrio atuarial<\/b><\/p>\n<p>Em voto pelo desprovimento do recurso, o relator, ministro Dias Toffoli, observou que a altera\u00e7\u00e3o introduzida pela EC 20\/1998 tinha como objetivo garantir um tempo m\u00ednimo e razo\u00e1vel de contribui\u00e7\u00e3o, a fim de preservar o equil\u00edbrio atuarial do sistema previdenci\u00e1rio e coibir as situa\u00e7\u00f5es em que o indiv\u00edduo ingressava no servi\u00e7o p\u00fablico, contribu\u00eda por brev\u00edssimo tempo e, na sequ\u00eancia, requeria a aposentadoria com proventos integrais.<\/p>\n<p><b>Carreiras escalonadas<\/b><\/p>\n<p>Segundo o ministro, a interpreta\u00e7\u00e3o literal da norma se refere apenas aos chamados cargos isolados, em que o servidor \u00e9 empossado para exercer fun\u00e7\u00f5es espec\u00edficas, sem a possibilidade de promo\u00e7\u00e3o. Nas carreiras escalonadas em diversos n\u00edveis, como a de procurador de Justi\u00e7a, a express\u00e3o &ldquo;cargo&rdquo; deve ser compreendida como &ldquo;carreira&rdquo;, de maneira que a exig\u00eancia ser\u00e1 de cinco anos de efetivo exerc\u00edcio. Seguiram esse entendimento os ministros Alexandre de Moraes, Rosa Weber, Luiz Fux, Ricardo Lewandowski e Gilmar Mendes.<\/p>\n<p>Ficaram parcialmente vencidos os ministros Edson Fachin, Marco Aur\u00e9lio, C\u00e1rmen L\u00facia e Roberto Barroso. Eles entendem que a exig\u00eancia de perman\u00eancia m\u00ednima no cargo se aplica tamb\u00e9m \u00e0s carreiras escalonadas e que, caso o servidor n\u00e3o tenha cinco anos no patamar da carreira em que se aposentar, os proventos dever\u00e3o ser os correspondentes ao n\u00edvel imediatamente anterior.<\/p>\n<p><b>Tese<\/b><\/p>\n<p>A tese de repercuss\u00e3o geral fixada foi a seguinte:<\/p>\n<p>1) &quot;Ressalvado o direito de op\u00e7\u00e3o, a regra de transi\u00e7\u00e3o do art. 8&ordm;, inciso II, da Emenda Constitucional n&ordm; 20\/98 somente se aplica aos servidores que, quando da sua publica\u00e7\u00e3o, ainda n\u00e3o reuniam os requisitos necess\u00e1rios para aposentadoria.<br \/>\n2) Em se tratando de carreira p\u00fablica escalonada em classes, a exig\u00eancia institu\u00edda pelo art. 8&ordm;, inciso II, da Emenda Constitucional n&ordm; 20\/98, de cinco anos de efetivo exerc\u00edcio no cargo no qual se dar\u00e1 a aposentadoria, dever\u00e1 ser compreendida como cinco anos de efetivo exerc\u00edcio na carreira a que pertence o servidor&quot;.<\/p>\n<p><span style=\"font-size: smaller\">PR\/AS\/\/CF<\/span><\/p>\n<p>Leia mais:<\/p>\n<p>10\/12\/2012 &#8211; <a href=\"http:\/\/portal.stf.jus.br\/noticias\/verNoticiaDetalhe.asp?idConteudo=226161&amp;ori=1\" target=\"_blank\" rel=\"noopener noreferrer\">Recurso discute aplica\u00e7\u00e3o da EC 20\/98 a carreiras escalonadas<\/a><\/p>\n<p><i>Com informa\u00e7\u00f5es da assessoria de imprensa do STF.<\/i><br \/>\n<br \/><br \/>\n<br \/><a href=\"http:\/\/www.stf.jus.br\/portal\/cms\/verNoticiaDetalhe.asp?idConteudo=450526\">Fonte<\/a><\/p>\n","protected":false},"excerpt":{"rendered":"<p>O Plen\u00e1rio do Supremo Tribunal Federal (STF) decidiu que, para as carreiras escalonadas, o prazo m\u00ednimo de cinco anos para que um servidor p\u00fablico se aposente com os proventos integrais do cargo que estiver ocupando deve ser contado a partir do efetivo ingresso na carreira. Ainda de acordo com a decis\u00e3o, a restri\u00e7\u00e3o, institu\u00edda pela [&hellip;]<\/p>\n","protected":false},"author":3063,"featured_media":2607,"comment_status":"open","ping_status":"open","sticky":false,"template":"","format":"standard","meta":{"footnotes":""},"categories":[5,15],"tags":[11,10,8,13,9,12,16],"class_list":{"0":"post-7460","1":"post","2":"type-post","3":"status-publish","4":"format-standard","5":"has-post-thumbnail","7":"category-previdenciario","8":"category-stf","9":"tag-aposentadoria","10":"tag-calculos-previdenciarios","11":"tag-direito-previdenciario","12":"tag-inss","13":"tag-pericia","14":"tag-perito","15":"tag-stf"},"yoast_head":"<!-- This site is optimized with the Yoast SEO plugin v27.2 - https:\/\/yoast.com\/product\/yoast-seo-wordpress\/ -->\n<title>STF: Aposentadoria de servidor: tempo m\u00ednimo no cargo em carreiras escalonadas \u00e9 contado a partir do ingresso | Portal de Not\u00edcias<\/title>\n<meta name=\"robots\" content=\"index, follow, max-snippet:-1, max-image-preview:large, max-video-preview:-1\" \/>\n<link rel=\"canonical\" href=\"https:\/\/mhcalculos.com.br\/noticias\/area\/previdenciario\/stf-aposentadoria-de-servidor-tempo-minimo-no-cargo-em-carreiras-escalonadas-e-contado-a-partir-do-ingresso.html\" \/>\n<meta property=\"og:locale\" content=\"pt_BR\" \/>\n<meta property=\"og:type\" content=\"article\" \/>\n<meta property=\"og:title\" content=\"STF: Aposentadoria de servidor: tempo m\u00ednimo no cargo em carreiras escalonadas \u00e9 contado a partir do ingresso | Portal de Not\u00edcias\" \/>\n<meta property=\"og:description\" content=\"O Plen\u00e1rio do Supremo Tribunal Federal (STF) decidiu que, para as carreiras escalonadas, o prazo m\u00ednimo de cinco anos para que um servidor p\u00fablico se aposente com os proventos integrais do cargo que estiver ocupando deve ser contado a partir do efetivo ingresso na carreira. Ainda de acordo com a decis\u00e3o, a restri\u00e7\u00e3o, institu\u00edda pela [&hellip;]\" \/>\n<meta property=\"og:url\" content=\"https:\/\/mhcalculos.com.br\/noticias\/area\/previdenciario\/stf-aposentadoria-de-servidor-tempo-minimo-no-cargo-em-carreiras-escalonadas-e-contado-a-partir-do-ingresso.html\" \/>\n<meta property=\"og:site_name\" content=\"Portal de Not\u00edcias\" \/>\n<meta property=\"article:published_time\" content=\"2020-08-28T17:05:11+00:00\" \/>\n<meta property=\"article:modified_time\" content=\"2021-07-28T17:29:07+00:00\" \/>\n<meta property=\"og:image\" content=\"https:\/\/mhcalculos.com.br\/noticias\/wp-content\/uploads\/sites\/2\/2018\/07\/judiciario-0019.jpg\" \/>\n\t<meta property=\"og:image:width\" content=\"2000\" \/>\n\t<meta property=\"og:image:height\" content=\"800\" \/>\n\t<meta property=\"og:image:type\" content=\"image\/jpeg\" \/>\n<meta name=\"author\" content=\"Equipe MH\" \/>\n<meta name=\"twitter:card\" content=\"summary_large_image\" \/>\n<meta name=\"twitter:label1\" content=\"Escrito por\" \/>\n\t<meta name=\"twitter:data1\" content=\"Equipe MH\" \/>\n\t<meta name=\"twitter:label2\" content=\"Est. tempo de leitura\" \/>\n\t<meta name=\"twitter:data2\" content=\"3 minutos\" \/>\n<script type=\"application\/ld+json\" class=\"yoast-schema-graph\">{\"@context\":\"https:\/\/schema.org\",\"@graph\":[{\"@type\":\"Article\",\"@id\":\"https:\/\/mhcalculos.com.br\/noticias\/area\/previdenciario\/stf-aposentadoria-de-servidor-tempo-minimo-no-cargo-em-carreiras-escalonadas-e-contado-a-partir-do-ingresso.html#article\",\"isPartOf\":{\"@id\":\"https:\/\/mhcalculos.com.br\/noticias\/area\/previdenciario\/stf-aposentadoria-de-servidor-tempo-minimo-no-cargo-em-carreiras-escalonadas-e-contado-a-partir-do-ingresso.html\"},\"author\":{\"name\":\"Equipe MH\",\"@id\":\"https:\/\/mhcalculos.com.br\/noticias\/#\/schema\/person\/88d1c34bf72dc779ea14a5a6b8e0ae8d\"},\"headline\":\"STF: Aposentadoria de servidor: tempo m\u00ednimo no cargo em carreiras escalonadas \u00e9 contado a partir do ingresso\",\"datePublished\":\"2020-08-28T17:05:11+00:00\",\"dateModified\":\"2021-07-28T17:29:07+00:00\",\"mainEntityOfPage\":{\"@id\":\"https:\/\/mhcalculos.com.br\/noticias\/area\/previdenciario\/stf-aposentadoria-de-servidor-tempo-minimo-no-cargo-em-carreiras-escalonadas-e-contado-a-partir-do-ingresso.html\"},\"wordCount\":621,\"commentCount\":0,\"image\":{\"@id\":\"https:\/\/mhcalculos.com.br\/noticias\/area\/previdenciario\/stf-aposentadoria-de-servidor-tempo-minimo-no-cargo-em-carreiras-escalonadas-e-contado-a-partir-do-ingresso.html#primaryimage\"},\"thumbnailUrl\":\"https:\/\/mhcalculos.com.br\/noticias\/wp-content\/uploads\/sites\/2\/2018\/07\/judiciario-0019.jpg\",\"keywords\":[\"aposentadoria\",\"c\u00e1lculos previdenci\u00e1rios\",\"direito previdenci\u00e1rio\",\"inss\",\"per\u00edcia\",\"perito\",\"stf\"],\"articleSection\":[\"Direito Previdenci\u00e1rio\",\"STF\"],\"inLanguage\":\"pt-BR\",\"potentialAction\":[{\"@type\":\"CommentAction\",\"name\":\"Comment\",\"target\":[\"https:\/\/mhcalculos.com.br\/noticias\/area\/previdenciario\/stf-aposentadoria-de-servidor-tempo-minimo-no-cargo-em-carreiras-escalonadas-e-contado-a-partir-do-ingresso.html#respond\"]}]},{\"@type\":\"WebPage\",\"@id\":\"https:\/\/mhcalculos.com.br\/noticias\/area\/previdenciario\/stf-aposentadoria-de-servidor-tempo-minimo-no-cargo-em-carreiras-escalonadas-e-contado-a-partir-do-ingresso.html\",\"url\":\"https:\/\/mhcalculos.com.br\/noticias\/area\/previdenciario\/stf-aposentadoria-de-servidor-tempo-minimo-no-cargo-em-carreiras-escalonadas-e-contado-a-partir-do-ingresso.html\",\"name\":\"STF: Aposentadoria de servidor: tempo m\u00ednimo no cargo em carreiras escalonadas \u00e9 contado a partir do ingresso | Portal de Not\u00edcias\",\"isPartOf\":{\"@id\":\"https:\/\/mhcalculos.com.br\/noticias\/#website\"},\"primaryImageOfPage\":{\"@id\":\"https:\/\/mhcalculos.com.br\/noticias\/area\/previdenciario\/stf-aposentadoria-de-servidor-tempo-minimo-no-cargo-em-carreiras-escalonadas-e-contado-a-partir-do-ingresso.html#primaryimage\"},\"image\":{\"@id\":\"https:\/\/mhcalculos.com.br\/noticias\/area\/previdenciario\/stf-aposentadoria-de-servidor-tempo-minimo-no-cargo-em-carreiras-escalonadas-e-contado-a-partir-do-ingresso.html#primaryimage\"},\"thumbnailUrl\":\"https:\/\/mhcalculos.com.br\/noticias\/wp-content\/uploads\/sites\/2\/2018\/07\/judiciario-0019.jpg\",\"datePublished\":\"2020-08-28T17:05:11+00:00\",\"dateModified\":\"2021-07-28T17:29:07+00:00\",\"author\":{\"@id\":\"https:\/\/mhcalculos.com.br\/noticias\/#\/schema\/person\/88d1c34bf72dc779ea14a5a6b8e0ae8d\"},\"breadcrumb\":{\"@id\":\"https:\/\/mhcalculos.com.br\/noticias\/area\/previdenciario\/stf-aposentadoria-de-servidor-tempo-minimo-no-cargo-em-carreiras-escalonadas-e-contado-a-partir-do-ingresso.html#breadcrumb\"},\"inLanguage\":\"pt-BR\",\"potentialAction\":[{\"@type\":\"ReadAction\",\"target\":[\"https:\/\/mhcalculos.com.br\/noticias\/area\/previdenciario\/stf-aposentadoria-de-servidor-tempo-minimo-no-cargo-em-carreiras-escalonadas-e-contado-a-partir-do-ingresso.html\"]}]},{\"@type\":\"ImageObject\",\"inLanguage\":\"pt-BR\",\"@id\":\"https:\/\/mhcalculos.com.br\/noticias\/area\/previdenciario\/stf-aposentadoria-de-servidor-tempo-minimo-no-cargo-em-carreiras-escalonadas-e-contado-a-partir-do-ingresso.html#primaryimage\",\"url\":\"https:\/\/mhcalculos.com.br\/noticias\/wp-content\/uploads\/sites\/2\/2018\/07\/judiciario-0019.jpg\",\"contentUrl\":\"https:\/\/mhcalculos.com.br\/noticias\/wp-content\/uploads\/sites\/2\/2018\/07\/judiciario-0019.jpg\",\"width\":2000,\"height\":800},{\"@type\":\"BreadcrumbList\",\"@id\":\"https:\/\/mhcalculos.com.br\/noticias\/area\/previdenciario\/stf-aposentadoria-de-servidor-tempo-minimo-no-cargo-em-carreiras-escalonadas-e-contado-a-partir-do-ingresso.html#breadcrumb\",\"itemListElement\":[{\"@type\":\"ListItem\",\"position\":1,\"name\":\"In\u00edcio\",\"item\":\"https:\/\/mhcalculos.com.br\/noticias\/\"},{\"@type\":\"ListItem\",\"position\":2,\"name\":\"STF: Aposentadoria de servidor: tempo m\u00ednimo no cargo em carreiras escalonadas \u00e9 contado a partir do ingresso\"}]},{\"@type\":\"WebSite\",\"@id\":\"https:\/\/mhcalculos.com.br\/noticias\/#website\",\"url\":\"https:\/\/mhcalculos.com.br\/noticias\/\",\"name\":\"Portal de Not\u00edcias\",\"description\":\"Not\u00edcias e Jurisprud\u00eancia\",\"potentialAction\":[{\"@type\":\"SearchAction\",\"target\":{\"@type\":\"EntryPoint\",\"urlTemplate\":\"https:\/\/mhcalculos.com.br\/noticias\/?s={search_term_string}\"},\"query-input\":{\"@type\":\"PropertyValueSpecification\",\"valueRequired\":true,\"valueName\":\"search_term_string\"}}],\"inLanguage\":\"pt-BR\"},{\"@type\":\"Person\",\"@id\":\"https:\/\/mhcalculos.com.br\/noticias\/#\/schema\/person\/88d1c34bf72dc779ea14a5a6b8e0ae8d\",\"name\":\"Equipe MH\",\"image\":{\"@type\":\"ImageObject\",\"inLanguage\":\"pt-BR\",\"@id\":\"https:\/\/secure.gravatar.com\/avatar\/de1c686c2ecc9c5a3f327e3431d819eb39f8f05d4e1045f5a1caad6daaba987f?s=96&d=mm&r=g\",\"url\":\"https:\/\/secure.gravatar.com\/avatar\/de1c686c2ecc9c5a3f327e3431d819eb39f8f05d4e1045f5a1caad6daaba987f?s=96&d=mm&r=g\",\"contentUrl\":\"https:\/\/secure.gravatar.com\/avatar\/de1c686c2ecc9c5a3f327e3431d819eb39f8f05d4e1045f5a1caad6daaba987f?s=96&d=mm&r=g\",\"caption\":\"Equipe MH\"}}]}<\/script>\n<!-- \/ Yoast SEO plugin. -->","yoast_head_json":{"title":"STF: Aposentadoria de servidor: tempo m\u00ednimo no cargo em carreiras escalonadas \u00e9 contado a partir do ingresso | Portal de Not\u00edcias","robots":{"index":"index","follow":"follow","max-snippet":"max-snippet:-1","max-image-preview":"max-image-preview:large","max-video-preview":"max-video-preview:-1"},"canonical":"https:\/\/mhcalculos.com.br\/noticias\/area\/previdenciario\/stf-aposentadoria-de-servidor-tempo-minimo-no-cargo-em-carreiras-escalonadas-e-contado-a-partir-do-ingresso.html","og_locale":"pt_BR","og_type":"article","og_title":"STF: Aposentadoria de servidor: tempo m\u00ednimo no cargo em carreiras escalonadas \u00e9 contado a partir do ingresso | Portal de Not\u00edcias","og_description":"O Plen\u00e1rio do Supremo Tribunal Federal (STF) decidiu que, para as carreiras escalonadas, o prazo m\u00ednimo de cinco anos para que um servidor p\u00fablico se aposente com os proventos integrais do cargo que estiver ocupando deve ser contado a partir do efetivo ingresso na carreira. Ainda de acordo com a decis\u00e3o, a restri\u00e7\u00e3o, institu\u00edda pela [&hellip;]","og_url":"https:\/\/mhcalculos.com.br\/noticias\/area\/previdenciario\/stf-aposentadoria-de-servidor-tempo-minimo-no-cargo-em-carreiras-escalonadas-e-contado-a-partir-do-ingresso.html","og_site_name":"Portal de Not\u00edcias","article_published_time":"2020-08-28T17:05:11+00:00","article_modified_time":"2021-07-28T17:29:07+00:00","og_image":[{"width":2000,"height":800,"url":"https:\/\/mhcalculos.com.br\/noticias\/wp-content\/uploads\/sites\/2\/2018\/07\/judiciario-0019.jpg","type":"image\/jpeg"}],"author":"Equipe MH","twitter_card":"summary_large_image","twitter_misc":{"Escrito por":"Equipe MH","Est. tempo de leitura":"3 minutos"},"schema":{"@context":"https:\/\/schema.org","@graph":[{"@type":"Article","@id":"https:\/\/mhcalculos.com.br\/noticias\/area\/previdenciario\/stf-aposentadoria-de-servidor-tempo-minimo-no-cargo-em-carreiras-escalonadas-e-contado-a-partir-do-ingresso.html#article","isPartOf":{"@id":"https:\/\/mhcalculos.com.br\/noticias\/area\/previdenciario\/stf-aposentadoria-de-servidor-tempo-minimo-no-cargo-em-carreiras-escalonadas-e-contado-a-partir-do-ingresso.html"},"author":{"name":"Equipe MH","@id":"https:\/\/mhcalculos.com.br\/noticias\/#\/schema\/person\/88d1c34bf72dc779ea14a5a6b8e0ae8d"},"headline":"STF: Aposentadoria de servidor: tempo m\u00ednimo no cargo em carreiras escalonadas \u00e9 contado a partir do ingresso","datePublished":"2020-08-28T17:05:11+00:00","dateModified":"2021-07-28T17:29:07+00:00","mainEntityOfPage":{"@id":"https:\/\/mhcalculos.com.br\/noticias\/area\/previdenciario\/stf-aposentadoria-de-servidor-tempo-minimo-no-cargo-em-carreiras-escalonadas-e-contado-a-partir-do-ingresso.html"},"wordCount":621,"commentCount":0,"image":{"@id":"https:\/\/mhcalculos.com.br\/noticias\/area\/previdenciario\/stf-aposentadoria-de-servidor-tempo-minimo-no-cargo-em-carreiras-escalonadas-e-contado-a-partir-do-ingresso.html#primaryimage"},"thumbnailUrl":"https:\/\/mhcalculos.com.br\/noticias\/wp-content\/uploads\/sites\/2\/2018\/07\/judiciario-0019.jpg","keywords":["aposentadoria","c\u00e1lculos previdenci\u00e1rios","direito previdenci\u00e1rio","inss","per\u00edcia","perito","stf"],"articleSection":["Direito Previdenci\u00e1rio","STF"],"inLanguage":"pt-BR","potentialAction":[{"@type":"CommentAction","name":"Comment","target":["https:\/\/mhcalculos.com.br\/noticias\/area\/previdenciario\/stf-aposentadoria-de-servidor-tempo-minimo-no-cargo-em-carreiras-escalonadas-e-contado-a-partir-do-ingresso.html#respond"]}]},{"@type":"WebPage","@id":"https:\/\/mhcalculos.com.br\/noticias\/area\/previdenciario\/stf-aposentadoria-de-servidor-tempo-minimo-no-cargo-em-carreiras-escalonadas-e-contado-a-partir-do-ingresso.html","url":"https:\/\/mhcalculos.com.br\/noticias\/area\/previdenciario\/stf-aposentadoria-de-servidor-tempo-minimo-no-cargo-em-carreiras-escalonadas-e-contado-a-partir-do-ingresso.html","name":"STF: Aposentadoria de servidor: tempo m\u00ednimo no cargo em carreiras escalonadas \u00e9 contado a partir do ingresso | Portal de Not\u00edcias","isPartOf":{"@id":"https:\/\/mhcalculos.com.br\/noticias\/#website"},"primaryImageOfPage":{"@id":"https:\/\/mhcalculos.com.br\/noticias\/area\/previdenciario\/stf-aposentadoria-de-servidor-tempo-minimo-no-cargo-em-carreiras-escalonadas-e-contado-a-partir-do-ingresso.html#primaryimage"},"image":{"@id":"https:\/\/mhcalculos.com.br\/noticias\/area\/previdenciario\/stf-aposentadoria-de-servidor-tempo-minimo-no-cargo-em-carreiras-escalonadas-e-contado-a-partir-do-ingresso.html#primaryimage"},"thumbnailUrl":"https:\/\/mhcalculos.com.br\/noticias\/wp-content\/uploads\/sites\/2\/2018\/07\/judiciario-0019.jpg","datePublished":"2020-08-28T17:05:11+00:00","dateModified":"2021-07-28T17:29:07+00:00","author":{"@id":"https:\/\/mhcalculos.com.br\/noticias\/#\/schema\/person\/88d1c34bf72dc779ea14a5a6b8e0ae8d"},"breadcrumb":{"@id":"https:\/\/mhcalculos.com.br\/noticias\/area\/previdenciario\/stf-aposentadoria-de-servidor-tempo-minimo-no-cargo-em-carreiras-escalonadas-e-contado-a-partir-do-ingresso.html#breadcrumb"},"inLanguage":"pt-BR","potentialAction":[{"@type":"ReadAction","target":["https:\/\/mhcalculos.com.br\/noticias\/area\/previdenciario\/stf-aposentadoria-de-servidor-tempo-minimo-no-cargo-em-carreiras-escalonadas-e-contado-a-partir-do-ingresso.html"]}]},{"@type":"ImageObject","inLanguage":"pt-BR","@id":"https:\/\/mhcalculos.com.br\/noticias\/area\/previdenciario\/stf-aposentadoria-de-servidor-tempo-minimo-no-cargo-em-carreiras-escalonadas-e-contado-a-partir-do-ingresso.html#primaryimage","url":"https:\/\/mhcalculos.com.br\/noticias\/wp-content\/uploads\/sites\/2\/2018\/07\/judiciario-0019.jpg","contentUrl":"https:\/\/mhcalculos.com.br\/noticias\/wp-content\/uploads\/sites\/2\/2018\/07\/judiciario-0019.jpg","width":2000,"height":800},{"@type":"BreadcrumbList","@id":"https:\/\/mhcalculos.com.br\/noticias\/area\/previdenciario\/stf-aposentadoria-de-servidor-tempo-minimo-no-cargo-em-carreiras-escalonadas-e-contado-a-partir-do-ingresso.html#breadcrumb","itemListElement":[{"@type":"ListItem","position":1,"name":"In\u00edcio","item":"https:\/\/mhcalculos.com.br\/noticias\/"},{"@type":"ListItem","position":2,"name":"STF: Aposentadoria de servidor: tempo m\u00ednimo no cargo em carreiras escalonadas \u00e9 contado a partir do ingresso"}]},{"@type":"WebSite","@id":"https:\/\/mhcalculos.com.br\/noticias\/#website","url":"https:\/\/mhcalculos.com.br\/noticias\/","name":"Portal de Not\u00edcias","description":"Not\u00edcias e Jurisprud\u00eancia","potentialAction":[{"@type":"SearchAction","target":{"@type":"EntryPoint","urlTemplate":"https:\/\/mhcalculos.com.br\/noticias\/?s={search_term_string}"},"query-input":{"@type":"PropertyValueSpecification","valueRequired":true,"valueName":"search_term_string"}}],"inLanguage":"pt-BR"},{"@type":"Person","@id":"https:\/\/mhcalculos.com.br\/noticias\/#\/schema\/person\/88d1c34bf72dc779ea14a5a6b8e0ae8d","name":"Equipe MH","image":{"@type":"ImageObject","inLanguage":"pt-BR","@id":"https:\/\/secure.gravatar.com\/avatar\/de1c686c2ecc9c5a3f327e3431d819eb39f8f05d4e1045f5a1caad6daaba987f?s=96&d=mm&r=g","url":"https:\/\/secure.gravatar.com\/avatar\/de1c686c2ecc9c5a3f327e3431d819eb39f8f05d4e1045f5a1caad6daaba987f?s=96&d=mm&r=g","contentUrl":"https:\/\/secure.gravatar.com\/avatar\/de1c686c2ecc9c5a3f327e3431d819eb39f8f05d4e1045f5a1caad6daaba987f?s=96&d=mm&r=g","caption":"Equipe MH"}}]}},"_links":{"self":[{"href":"https:\/\/mhcalculos.com.br\/noticias\/wp-json\/wp\/v2\/posts\/7460","targetHints":{"allow":["GET"]}}],"collection":[{"href":"https:\/\/mhcalculos.com.br\/noticias\/wp-json\/wp\/v2\/posts"}],"about":[{"href":"https:\/\/mhcalculos.com.br\/noticias\/wp-json\/wp\/v2\/types\/post"}],"author":[{"embeddable":true,"href":"https:\/\/mhcalculos.com.br\/noticias\/wp-json\/wp\/v2\/users\/3063"}],"replies":[{"embeddable":true,"href":"https:\/\/mhcalculos.com.br\/noticias\/wp-json\/wp\/v2\/comments?post=7460"}],"version-history":[{"count":1,"href":"https:\/\/mhcalculos.com.br\/noticias\/wp-json\/wp\/v2\/posts\/7460\/revisions"}],"predecessor-version":[{"id":8919,"href":"https:\/\/mhcalculos.com.br\/noticias\/wp-json\/wp\/v2\/posts\/7460\/revisions\/8919"}],"wp:featuredmedia":[{"embeddable":true,"href":"https:\/\/mhcalculos.com.br\/noticias\/wp-json\/wp\/v2\/media\/2607"}],"wp:attachment":[{"href":"https:\/\/mhcalculos.com.br\/noticias\/wp-json\/wp\/v2\/media?parent=7460"}],"wp:term":[{"taxonomy":"category","embeddable":true,"href":"https:\/\/mhcalculos.com.br\/noticias\/wp-json\/wp\/v2\/categories?post=7460"},{"taxonomy":"post_tag","embeddable":true,"href":"https:\/\/mhcalculos.com.br\/noticias\/wp-json\/wp\/v2\/tags?post=7460"}],"curies":[{"name":"wp","href":"https:\/\/api.w.org\/{rel}","templated":true}]}}