{"id":7457,"date":"2020-08-27T14:05:20","date_gmt":"2020-08-27T17:05:20","guid":{"rendered":"https:\/\/mhcalculos.com.br\/noticias\/area\/previdenciario\/trf4-filha-de-ex-combatente-da-segunda-guerra-mundial-tem-direito-a-renunciar-a-aposentadoria-por-idade-para-obter-pensao-militar-especial-26-08-2020.html"},"modified":"2021-07-28T14:29:07","modified_gmt":"2021-07-28T17:29:07","slug":"trf4-filha-de-ex-combatente-da-segunda-guerra-mundial-tem-direito-a-renunciar-a-aposentadoria-por-idade-para-obter-pensao-militar-especial-26-08-2020","status":"publish","type":"post","link":"https:\/\/mhcalculos.com.br\/noticias\/area\/previdenciario\/trf4-filha-de-ex-combatente-da-segunda-guerra-mundial-tem-direito-a-renunciar-a-aposentadoria-por-idade-para-obter-pensao-militar-especial-26-08-2020.html","title":{"rendered":"TRF4: Filha de ex-combatente da Segunda Guerra Mundial tem direito a renunciar \u00e0 aposentadoria por idade para obter pens\u00e3o militar especial (26\/08\/2020)"},"content":{"rendered":"<p><br \/>\n<\/p>\n<p><span style=\"font-size:20px\"><span style=\"background-color:white\"><span style=\"color:black\">O Tribunal Regional Federal da 4\u00aa Regi\u00e3o (TRF4) confirmou na \u00faltima semana (20\/8) senten\u00e7a da Justi\u00e7a Federal de Santa Catarina que determinou ao Instituto Nacional do Seguro Social (INSS) que conceda a ren\u00fancia da aposentadoria por idade a uma segurada de 65 anos, residente de Joinville (SC), para que ela possa receber pens\u00e3o militar especial. A mulher \u00e9 filha de um ex-sargento da Marinha do Brasil falecido na d\u00e9cada de 70 e que foi combatente durante a Segunda Guerra Mundial.<\/span><\/span><\/span><\/p>\n<p><span style=\"font-size:20px\"><span style=\"background-color:white\"><span style=\"color:black\">A decis\u00e3o \u00e9 da Turma Regional Suplementar de Santa Catarina do Tribunal e foi proferida de forma un\u00e2nime ao negar provimento ao recurso de apela\u00e7\u00e3o do INSS em sess\u00e3o virtual de julgamento.<\/span><\/span><\/span><\/p>\n<p><span style=\"font-size:20px\"><span style=\"background-color:white\"><strong><span style=\"color:black\">Mandado de Seguran\u00e7a<\/span><\/strong><\/span><\/span><\/p>\n<p><span style=\"font-size:20px\"><span style=\"background-color:white\"><span style=\"color:black\">A segurada impetrou mandado de seguran\u00e7a contra a autarquia ap\u00f3s o INSS ter negado administrativamente um requerimento que solicitava a desist\u00eancia da aposentadoria por idade recebida por ela desde 2014.<\/span><\/span><\/span><\/p>\n<p><span style=\"font-size:20px\"><span style=\"background-color:white\"><span style=\"color:black\">Em mar\u00e7o deste ano, a 3\u00aa Vara Federal de Joinville julgou a a\u00e7\u00e3o procedente, reconhecendo o direito \u00e0 ren\u00fancia da aposentadoria por idade do regime geral para fins de obten\u00e7\u00e3o de pens\u00e3o por morte em regime pr\u00f3prio de previd\u00eancia.<\/span><\/span><\/span><\/p>\n<p><span style=\"font-size:20px\"><span style=\"background-color:white\"><span style=\"color:black\">O INSS apelou da decis\u00e3o ao TRF4. Segundo o Instituto, a ren\u00fancia \u00e0 aposentadoria n\u00e3o poderia ser alterada unilateralmente. A autarquia ainda pleiteou que, caso a ren\u00fancia fosse admitida, a segurada deveria ressarcir todos os valores pagos a ela com atualiza\u00e7\u00e3o monet\u00e1ria.<\/span><\/span><\/span><\/p>\n<p><span style=\"font-size:20px\"><span style=\"background-color:white\"><strong><span style=\"color:black\">Voto<\/span><\/strong><\/span><\/span><\/p>\n<p><span style=\"font-size:20px\"><span style=\"background-color:white\"><span style=\"color:black\">De acordo com o desembargador federal Paulo Afonso Brum Vaz, relator do caso na Corte, \u00e9 permitido ao segurado renunciar \u00e0 aposentadoria concedida pelo INSS para obter benef\u00edcio em regime previdenci\u00e1rio diverso.<\/span><\/span><\/span><\/p>\n<p><span style=\"font-size:20px\"><span style=\"background-color:white\"><span style=\"color:black\">Conforme o magistrado, o benef\u00edcio previdenci\u00e1rio postulado pela autora se trata de direito patrimonial, e, portanto, n\u00e3o \u00e9 necess\u00e1ria a aceita\u00e7\u00e3o da outra parte envolvida na rela\u00e7\u00e3o jur\u00eddica.<\/span><\/span><\/span><\/p>\n<p><span style=\"font-size:20px\"><span style=\"background-color:white\"><span style=\"color:black\">&ldquo;O ato de renunciar a aposentadoria tem efeito <em>ex nunc <\/em>e n\u00e3o gera o dever de devolver valores, pois enquanto perdurou a aposentadoria pelo regime geral, os pagamentos de natureza alimentar eram indiscutivelmente devidos&rdquo;, explicou o relator em seu voto ao reproduzir entendimento firmado pelo Superior Tribunal de Justi\u00e7a (STJ).<\/span><\/span><\/span><\/p>\n<p><br \/> (Foto: Marcello Casal Jr\/Ag\u00eancia Brasil)<\/p>\n<p><i>Com informa\u00e7\u00f5es da assessoria de imprensa do TRF4.<\/i><br \/>\n<br \/><a href=\"http:\/\/www2.trf4.jus.br\/trf4\/controlador.php?acao=noticia_visualizar&#038;id_noticia=15395\">Fonte<\/a><br \/>\n<br \/><\/p>\n","protected":false},"excerpt":{"rendered":"<p>O Tribunal Regional Federal da 4\u00aa Regi\u00e3o (TRF4) confirmou na \u00faltima semana (20\/8) senten\u00e7a da Justi\u00e7a Federal de Santa Catarina que determinou ao Instituto Nacional do Seguro Social (INSS) que conceda a ren\u00fancia da aposentadoria por idade a uma segurada de 65 anos, residente de Joinville (SC), para que ela possa receber pens\u00e3o militar especial. [&hellip;]<\/p>\n","protected":false},"author":3063,"featured_media":1666,"comment_status":"open","ping_status":"open","sticky":false,"template":"","format":"standard","meta":{"footnotes":""},"categories":[5,6],"tags":[11,10,8,13,9,12,17],"class_list":{"0":"post-7457","1":"post","2":"type-post","3":"status-publish","4":"format-standard","5":"has-post-thumbnail","7":"category-previdenciario","8":"category-trf4","9":"tag-aposentadoria","10":"tag-calculos-previdenciarios","11":"tag-direito-previdenciario","12":"tag-inss","13":"tag-pericia","14":"tag-perito","15":"tag-trf4"},"yoast_head":"<!-- This site is optimized with the Yoast SEO plugin v27.2 - https:\/\/yoast.com\/product\/yoast-seo-wordpress\/ -->\n<title>TRF4: Filha de ex-combatente da Segunda Guerra Mundial tem direito a renunciar \u00e0 aposentadoria por idade para obter pens\u00e3o militar especial (26\/08\/2020) | Portal de Not\u00edcias<\/title>\n<meta name=\"robots\" content=\"index, follow, max-snippet:-1, max-image-preview:large, max-video-preview:-1\" \/>\n<link rel=\"canonical\" href=\"https:\/\/mhcalculos.com.br\/noticias\/area\/previdenciario\/trf4-filha-de-ex-combatente-da-segunda-guerra-mundial-tem-direito-a-renunciar-a-aposentadoria-por-idade-para-obter-pensao-militar-especial-26-08-2020.html\" \/>\n<meta property=\"og:locale\" content=\"pt_BR\" \/>\n<meta property=\"og:type\" content=\"article\" \/>\n<meta property=\"og:title\" content=\"TRF4: Filha de ex-combatente da Segunda Guerra Mundial tem direito a renunciar \u00e0 aposentadoria por idade para obter pens\u00e3o militar especial (26\/08\/2020) | Portal de Not\u00edcias\" \/>\n<meta property=\"og:description\" content=\"O Tribunal Regional Federal da 4\u00aa Regi\u00e3o (TRF4) confirmou na \u00faltima semana (20\/8) senten\u00e7a da Justi\u00e7a Federal de Santa Catarina que determinou ao Instituto Nacional do Seguro Social (INSS) que conceda a ren\u00fancia da aposentadoria por idade a uma segurada de 65 anos, residente de Joinville (SC), para que ela possa receber pens\u00e3o militar especial. [&hellip;]\" \/>\n<meta property=\"og:url\" content=\"https:\/\/mhcalculos.com.br\/noticias\/area\/previdenciario\/trf4-filha-de-ex-combatente-da-segunda-guerra-mundial-tem-direito-a-renunciar-a-aposentadoria-por-idade-para-obter-pensao-militar-especial-26-08-2020.html\" \/>\n<meta property=\"og:site_name\" content=\"Portal de Not\u00edcias\" \/>\n<meta property=\"article:published_time\" content=\"2020-08-27T17:05:20+00:00\" \/>\n<meta property=\"article:modified_time\" content=\"2021-07-28T17:29:07+00:00\" \/>\n<meta property=\"og:image\" content=\"https:\/\/mhcalculos.com.br\/noticias\/wp-content\/uploads\/sites\/2\/2018\/06\/judiciario-0033.jpg\" \/>\n\t<meta property=\"og:image:width\" content=\"2000\" \/>\n\t<meta property=\"og:image:height\" content=\"800\" \/>\n\t<meta property=\"og:image:type\" content=\"image\/jpeg\" \/>\n<meta name=\"author\" content=\"Equipe MH\" \/>\n<meta name=\"twitter:card\" content=\"summary_large_image\" \/>\n<meta name=\"twitter:label1\" content=\"Escrito por\" \/>\n\t<meta name=\"twitter:data1\" content=\"Equipe MH\" \/>\n\t<meta name=\"twitter:label2\" content=\"Est. tempo de leitura\" \/>\n\t<meta name=\"twitter:data2\" content=\"2 minutos\" \/>\n<script type=\"application\/ld+json\" class=\"yoast-schema-graph\">{\"@context\":\"https:\/\/schema.org\",\"@graph\":[{\"@type\":\"Article\",\"@id\":\"https:\/\/mhcalculos.com.br\/noticias\/area\/previdenciario\/trf4-filha-de-ex-combatente-da-segunda-guerra-mundial-tem-direito-a-renunciar-a-aposentadoria-por-idade-para-obter-pensao-militar-especial-26-08-2020.html#article\",\"isPartOf\":{\"@id\":\"https:\/\/mhcalculos.com.br\/noticias\/area\/previdenciario\/trf4-filha-de-ex-combatente-da-segunda-guerra-mundial-tem-direito-a-renunciar-a-aposentadoria-por-idade-para-obter-pensao-militar-especial-26-08-2020.html\"},\"author\":{\"name\":\"Equipe MH\",\"@id\":\"https:\/\/mhcalculos.com.br\/noticias\/#\/schema\/person\/88d1c34bf72dc779ea14a5a6b8e0ae8d\"},\"headline\":\"TRF4: Filha de ex-combatente da Segunda Guerra Mundial tem direito a renunciar \u00e0 aposentadoria por idade para obter pens\u00e3o militar especial (26\/08\/2020)\",\"datePublished\":\"2020-08-27T17:05:20+00:00\",\"dateModified\":\"2021-07-28T17:29:07+00:00\",\"mainEntityOfPage\":{\"@id\":\"https:\/\/mhcalculos.com.br\/noticias\/area\/previdenciario\/trf4-filha-de-ex-combatente-da-segunda-guerra-mundial-tem-direito-a-renunciar-a-aposentadoria-por-idade-para-obter-pensao-militar-especial-26-08-2020.html\"},\"wordCount\":404,\"commentCount\":0,\"image\":{\"@id\":\"https:\/\/mhcalculos.com.br\/noticias\/area\/previdenciario\/trf4-filha-de-ex-combatente-da-segunda-guerra-mundial-tem-direito-a-renunciar-a-aposentadoria-por-idade-para-obter-pensao-militar-especial-26-08-2020.html#primaryimage\"},\"thumbnailUrl\":\"https:\/\/mhcalculos.com.br\/noticias\/wp-content\/uploads\/sites\/2\/2018\/06\/judiciario-0033.jpg\",\"keywords\":[\"aposentadoria\",\"c\u00e1lculos previdenci\u00e1rios\",\"direito previdenci\u00e1rio\",\"inss\",\"per\u00edcia\",\"perito\",\"trf4\"],\"articleSection\":[\"Direito Previdenci\u00e1rio\",\"TRF4\"],\"inLanguage\":\"pt-BR\",\"potentialAction\":[{\"@type\":\"CommentAction\",\"name\":\"Comment\",\"target\":[\"https:\/\/mhcalculos.com.br\/noticias\/area\/previdenciario\/trf4-filha-de-ex-combatente-da-segunda-guerra-mundial-tem-direito-a-renunciar-a-aposentadoria-por-idade-para-obter-pensao-militar-especial-26-08-2020.html#respond\"]}]},{\"@type\":\"WebPage\",\"@id\":\"https:\/\/mhcalculos.com.br\/noticias\/area\/previdenciario\/trf4-filha-de-ex-combatente-da-segunda-guerra-mundial-tem-direito-a-renunciar-a-aposentadoria-por-idade-para-obter-pensao-militar-especial-26-08-2020.html\",\"url\":\"https:\/\/mhcalculos.com.br\/noticias\/area\/previdenciario\/trf4-filha-de-ex-combatente-da-segunda-guerra-mundial-tem-direito-a-renunciar-a-aposentadoria-por-idade-para-obter-pensao-militar-especial-26-08-2020.html\",\"name\":\"TRF4: Filha de ex-combatente da Segunda Guerra Mundial tem direito a renunciar \u00e0 aposentadoria por idade para obter pens\u00e3o militar especial (26\/08\/2020) | Portal de Not\u00edcias\",\"isPartOf\":{\"@id\":\"https:\/\/mhcalculos.com.br\/noticias\/#website\"},\"primaryImageOfPage\":{\"@id\":\"https:\/\/mhcalculos.com.br\/noticias\/area\/previdenciario\/trf4-filha-de-ex-combatente-da-segunda-guerra-mundial-tem-direito-a-renunciar-a-aposentadoria-por-idade-para-obter-pensao-militar-especial-26-08-2020.html#primaryimage\"},\"image\":{\"@id\":\"https:\/\/mhcalculos.com.br\/noticias\/area\/previdenciario\/trf4-filha-de-ex-combatente-da-segunda-guerra-mundial-tem-direito-a-renunciar-a-aposentadoria-por-idade-para-obter-pensao-militar-especial-26-08-2020.html#primaryimage\"},\"thumbnailUrl\":\"https:\/\/mhcalculos.com.br\/noticias\/wp-content\/uploads\/sites\/2\/2018\/06\/judiciario-0033.jpg\",\"datePublished\":\"2020-08-27T17:05:20+00:00\",\"dateModified\":\"2021-07-28T17:29:07+00:00\",\"author\":{\"@id\":\"https:\/\/mhcalculos.com.br\/noticias\/#\/schema\/person\/88d1c34bf72dc779ea14a5a6b8e0ae8d\"},\"breadcrumb\":{\"@id\":\"https:\/\/mhcalculos.com.br\/noticias\/area\/previdenciario\/trf4-filha-de-ex-combatente-da-segunda-guerra-mundial-tem-direito-a-renunciar-a-aposentadoria-por-idade-para-obter-pensao-militar-especial-26-08-2020.html#breadcrumb\"},\"inLanguage\":\"pt-BR\",\"potentialAction\":[{\"@type\":\"ReadAction\",\"target\":[\"https:\/\/mhcalculos.com.br\/noticias\/area\/previdenciario\/trf4-filha-de-ex-combatente-da-segunda-guerra-mundial-tem-direito-a-renunciar-a-aposentadoria-por-idade-para-obter-pensao-militar-especial-26-08-2020.html\"]}]},{\"@type\":\"ImageObject\",\"inLanguage\":\"pt-BR\",\"@id\":\"https:\/\/mhcalculos.com.br\/noticias\/area\/previdenciario\/trf4-filha-de-ex-combatente-da-segunda-guerra-mundial-tem-direito-a-renunciar-a-aposentadoria-por-idade-para-obter-pensao-militar-especial-26-08-2020.html#primaryimage\",\"url\":\"https:\/\/mhcalculos.com.br\/noticias\/wp-content\/uploads\/sites\/2\/2018\/06\/judiciario-0033.jpg\",\"contentUrl\":\"https:\/\/mhcalculos.com.br\/noticias\/wp-content\/uploads\/sites\/2\/2018\/06\/judiciario-0033.jpg\",\"width\":2000,\"height\":800},{\"@type\":\"BreadcrumbList\",\"@id\":\"https:\/\/mhcalculos.com.br\/noticias\/area\/previdenciario\/trf4-filha-de-ex-combatente-da-segunda-guerra-mundial-tem-direito-a-renunciar-a-aposentadoria-por-idade-para-obter-pensao-militar-especial-26-08-2020.html#breadcrumb\",\"itemListElement\":[{\"@type\":\"ListItem\",\"position\":1,\"name\":\"In\u00edcio\",\"item\":\"https:\/\/mhcalculos.com.br\/noticias\/\"},{\"@type\":\"ListItem\",\"position\":2,\"name\":\"TRF4: Filha de ex-combatente da Segunda Guerra Mundial tem direito a renunciar \u00e0 aposentadoria por idade para obter pens\u00e3o militar especial (26\/08\/2020)\"}]},{\"@type\":\"WebSite\",\"@id\":\"https:\/\/mhcalculos.com.br\/noticias\/#website\",\"url\":\"https:\/\/mhcalculos.com.br\/noticias\/\",\"name\":\"Portal de Not\u00edcias\",\"description\":\"Not\u00edcias e Jurisprud\u00eancia\",\"potentialAction\":[{\"@type\":\"SearchAction\",\"target\":{\"@type\":\"EntryPoint\",\"urlTemplate\":\"https:\/\/mhcalculos.com.br\/noticias\/?s={search_term_string}\"},\"query-input\":{\"@type\":\"PropertyValueSpecification\",\"valueRequired\":true,\"valueName\":\"search_term_string\"}}],\"inLanguage\":\"pt-BR\"},{\"@type\":\"Person\",\"@id\":\"https:\/\/mhcalculos.com.br\/noticias\/#\/schema\/person\/88d1c34bf72dc779ea14a5a6b8e0ae8d\",\"name\":\"Equipe MH\",\"image\":{\"@type\":\"ImageObject\",\"inLanguage\":\"pt-BR\",\"@id\":\"https:\/\/secure.gravatar.com\/avatar\/de1c686c2ecc9c5a3f327e3431d819eb39f8f05d4e1045f5a1caad6daaba987f?s=96&d=mm&r=g\",\"url\":\"https:\/\/secure.gravatar.com\/avatar\/de1c686c2ecc9c5a3f327e3431d819eb39f8f05d4e1045f5a1caad6daaba987f?s=96&d=mm&r=g\",\"contentUrl\":\"https:\/\/secure.gravatar.com\/avatar\/de1c686c2ecc9c5a3f327e3431d819eb39f8f05d4e1045f5a1caad6daaba987f?s=96&d=mm&r=g\",\"caption\":\"Equipe MH\"}}]}<\/script>\n<!-- \/ Yoast SEO plugin. -->","yoast_head_json":{"title":"TRF4: Filha de ex-combatente da Segunda Guerra Mundial tem direito a renunciar \u00e0 aposentadoria por idade para obter pens\u00e3o militar especial (26\/08\/2020) | Portal de Not\u00edcias","robots":{"index":"index","follow":"follow","max-snippet":"max-snippet:-1","max-image-preview":"max-image-preview:large","max-video-preview":"max-video-preview:-1"},"canonical":"https:\/\/mhcalculos.com.br\/noticias\/area\/previdenciario\/trf4-filha-de-ex-combatente-da-segunda-guerra-mundial-tem-direito-a-renunciar-a-aposentadoria-por-idade-para-obter-pensao-militar-especial-26-08-2020.html","og_locale":"pt_BR","og_type":"article","og_title":"TRF4: Filha de ex-combatente da Segunda Guerra Mundial tem direito a renunciar \u00e0 aposentadoria por idade para obter pens\u00e3o militar especial (26\/08\/2020) | Portal de Not\u00edcias","og_description":"O Tribunal Regional Federal da 4\u00aa Regi\u00e3o (TRF4) confirmou na \u00faltima semana (20\/8) senten\u00e7a da Justi\u00e7a Federal de Santa Catarina que determinou ao Instituto Nacional do Seguro Social (INSS) que conceda a ren\u00fancia da aposentadoria por idade a uma segurada de 65 anos, residente de Joinville (SC), para que ela possa receber pens\u00e3o militar especial. [&hellip;]","og_url":"https:\/\/mhcalculos.com.br\/noticias\/area\/previdenciario\/trf4-filha-de-ex-combatente-da-segunda-guerra-mundial-tem-direito-a-renunciar-a-aposentadoria-por-idade-para-obter-pensao-militar-especial-26-08-2020.html","og_site_name":"Portal de Not\u00edcias","article_published_time":"2020-08-27T17:05:20+00:00","article_modified_time":"2021-07-28T17:29:07+00:00","og_image":[{"width":2000,"height":800,"url":"https:\/\/mhcalculos.com.br\/noticias\/wp-content\/uploads\/sites\/2\/2018\/06\/judiciario-0033.jpg","type":"image\/jpeg"}],"author":"Equipe MH","twitter_card":"summary_large_image","twitter_misc":{"Escrito por":"Equipe MH","Est. tempo de leitura":"2 minutos"},"schema":{"@context":"https:\/\/schema.org","@graph":[{"@type":"Article","@id":"https:\/\/mhcalculos.com.br\/noticias\/area\/previdenciario\/trf4-filha-de-ex-combatente-da-segunda-guerra-mundial-tem-direito-a-renunciar-a-aposentadoria-por-idade-para-obter-pensao-militar-especial-26-08-2020.html#article","isPartOf":{"@id":"https:\/\/mhcalculos.com.br\/noticias\/area\/previdenciario\/trf4-filha-de-ex-combatente-da-segunda-guerra-mundial-tem-direito-a-renunciar-a-aposentadoria-por-idade-para-obter-pensao-militar-especial-26-08-2020.html"},"author":{"name":"Equipe MH","@id":"https:\/\/mhcalculos.com.br\/noticias\/#\/schema\/person\/88d1c34bf72dc779ea14a5a6b8e0ae8d"},"headline":"TRF4: Filha de ex-combatente da Segunda Guerra Mundial tem direito a renunciar \u00e0 aposentadoria por idade para obter pens\u00e3o militar especial (26\/08\/2020)","datePublished":"2020-08-27T17:05:20+00:00","dateModified":"2021-07-28T17:29:07+00:00","mainEntityOfPage":{"@id":"https:\/\/mhcalculos.com.br\/noticias\/area\/previdenciario\/trf4-filha-de-ex-combatente-da-segunda-guerra-mundial-tem-direito-a-renunciar-a-aposentadoria-por-idade-para-obter-pensao-militar-especial-26-08-2020.html"},"wordCount":404,"commentCount":0,"image":{"@id":"https:\/\/mhcalculos.com.br\/noticias\/area\/previdenciario\/trf4-filha-de-ex-combatente-da-segunda-guerra-mundial-tem-direito-a-renunciar-a-aposentadoria-por-idade-para-obter-pensao-militar-especial-26-08-2020.html#primaryimage"},"thumbnailUrl":"https:\/\/mhcalculos.com.br\/noticias\/wp-content\/uploads\/sites\/2\/2018\/06\/judiciario-0033.jpg","keywords":["aposentadoria","c\u00e1lculos previdenci\u00e1rios","direito previdenci\u00e1rio","inss","per\u00edcia","perito","trf4"],"articleSection":["Direito Previdenci\u00e1rio","TRF4"],"inLanguage":"pt-BR","potentialAction":[{"@type":"CommentAction","name":"Comment","target":["https:\/\/mhcalculos.com.br\/noticias\/area\/previdenciario\/trf4-filha-de-ex-combatente-da-segunda-guerra-mundial-tem-direito-a-renunciar-a-aposentadoria-por-idade-para-obter-pensao-militar-especial-26-08-2020.html#respond"]}]},{"@type":"WebPage","@id":"https:\/\/mhcalculos.com.br\/noticias\/area\/previdenciario\/trf4-filha-de-ex-combatente-da-segunda-guerra-mundial-tem-direito-a-renunciar-a-aposentadoria-por-idade-para-obter-pensao-militar-especial-26-08-2020.html","url":"https:\/\/mhcalculos.com.br\/noticias\/area\/previdenciario\/trf4-filha-de-ex-combatente-da-segunda-guerra-mundial-tem-direito-a-renunciar-a-aposentadoria-por-idade-para-obter-pensao-militar-especial-26-08-2020.html","name":"TRF4: Filha de ex-combatente da Segunda Guerra Mundial tem direito a renunciar \u00e0 aposentadoria por idade para obter pens\u00e3o militar especial (26\/08\/2020) | Portal de Not\u00edcias","isPartOf":{"@id":"https:\/\/mhcalculos.com.br\/noticias\/#website"},"primaryImageOfPage":{"@id":"https:\/\/mhcalculos.com.br\/noticias\/area\/previdenciario\/trf4-filha-de-ex-combatente-da-segunda-guerra-mundial-tem-direito-a-renunciar-a-aposentadoria-por-idade-para-obter-pensao-militar-especial-26-08-2020.html#primaryimage"},"image":{"@id":"https:\/\/mhcalculos.com.br\/noticias\/area\/previdenciario\/trf4-filha-de-ex-combatente-da-segunda-guerra-mundial-tem-direito-a-renunciar-a-aposentadoria-por-idade-para-obter-pensao-militar-especial-26-08-2020.html#primaryimage"},"thumbnailUrl":"https:\/\/mhcalculos.com.br\/noticias\/wp-content\/uploads\/sites\/2\/2018\/06\/judiciario-0033.jpg","datePublished":"2020-08-27T17:05:20+00:00","dateModified":"2021-07-28T17:29:07+00:00","author":{"@id":"https:\/\/mhcalculos.com.br\/noticias\/#\/schema\/person\/88d1c34bf72dc779ea14a5a6b8e0ae8d"},"breadcrumb":{"@id":"https:\/\/mhcalculos.com.br\/noticias\/area\/previdenciario\/trf4-filha-de-ex-combatente-da-segunda-guerra-mundial-tem-direito-a-renunciar-a-aposentadoria-por-idade-para-obter-pensao-militar-especial-26-08-2020.html#breadcrumb"},"inLanguage":"pt-BR","potentialAction":[{"@type":"ReadAction","target":["https:\/\/mhcalculos.com.br\/noticias\/area\/previdenciario\/trf4-filha-de-ex-combatente-da-segunda-guerra-mundial-tem-direito-a-renunciar-a-aposentadoria-por-idade-para-obter-pensao-militar-especial-26-08-2020.html"]}]},{"@type":"ImageObject","inLanguage":"pt-BR","@id":"https:\/\/mhcalculos.com.br\/noticias\/area\/previdenciario\/trf4-filha-de-ex-combatente-da-segunda-guerra-mundial-tem-direito-a-renunciar-a-aposentadoria-por-idade-para-obter-pensao-militar-especial-26-08-2020.html#primaryimage","url":"https:\/\/mhcalculos.com.br\/noticias\/wp-content\/uploads\/sites\/2\/2018\/06\/judiciario-0033.jpg","contentUrl":"https:\/\/mhcalculos.com.br\/noticias\/wp-content\/uploads\/sites\/2\/2018\/06\/judiciario-0033.jpg","width":2000,"height":800},{"@type":"BreadcrumbList","@id":"https:\/\/mhcalculos.com.br\/noticias\/area\/previdenciario\/trf4-filha-de-ex-combatente-da-segunda-guerra-mundial-tem-direito-a-renunciar-a-aposentadoria-por-idade-para-obter-pensao-militar-especial-26-08-2020.html#breadcrumb","itemListElement":[{"@type":"ListItem","position":1,"name":"In\u00edcio","item":"https:\/\/mhcalculos.com.br\/noticias\/"},{"@type":"ListItem","position":2,"name":"TRF4: Filha de ex-combatente da Segunda Guerra Mundial tem direito a renunciar \u00e0 aposentadoria por idade para obter pens\u00e3o militar especial (26\/08\/2020)"}]},{"@type":"WebSite","@id":"https:\/\/mhcalculos.com.br\/noticias\/#website","url":"https:\/\/mhcalculos.com.br\/noticias\/","name":"Portal de Not\u00edcias","description":"Not\u00edcias e Jurisprud\u00eancia","potentialAction":[{"@type":"SearchAction","target":{"@type":"EntryPoint","urlTemplate":"https:\/\/mhcalculos.com.br\/noticias\/?s={search_term_string}"},"query-input":{"@type":"PropertyValueSpecification","valueRequired":true,"valueName":"search_term_string"}}],"inLanguage":"pt-BR"},{"@type":"Person","@id":"https:\/\/mhcalculos.com.br\/noticias\/#\/schema\/person\/88d1c34bf72dc779ea14a5a6b8e0ae8d","name":"Equipe MH","image":{"@type":"ImageObject","inLanguage":"pt-BR","@id":"https:\/\/secure.gravatar.com\/avatar\/de1c686c2ecc9c5a3f327e3431d819eb39f8f05d4e1045f5a1caad6daaba987f?s=96&d=mm&r=g","url":"https:\/\/secure.gravatar.com\/avatar\/de1c686c2ecc9c5a3f327e3431d819eb39f8f05d4e1045f5a1caad6daaba987f?s=96&d=mm&r=g","contentUrl":"https:\/\/secure.gravatar.com\/avatar\/de1c686c2ecc9c5a3f327e3431d819eb39f8f05d4e1045f5a1caad6daaba987f?s=96&d=mm&r=g","caption":"Equipe MH"}}]}},"_links":{"self":[{"href":"https:\/\/mhcalculos.com.br\/noticias\/wp-json\/wp\/v2\/posts\/7457","targetHints":{"allow":["GET"]}}],"collection":[{"href":"https:\/\/mhcalculos.com.br\/noticias\/wp-json\/wp\/v2\/posts"}],"about":[{"href":"https:\/\/mhcalculos.com.br\/noticias\/wp-json\/wp\/v2\/types\/post"}],"author":[{"embeddable":true,"href":"https:\/\/mhcalculos.com.br\/noticias\/wp-json\/wp\/v2\/users\/3063"}],"replies":[{"embeddable":true,"href":"https:\/\/mhcalculos.com.br\/noticias\/wp-json\/wp\/v2\/comments?post=7457"}],"version-history":[{"count":1,"href":"https:\/\/mhcalculos.com.br\/noticias\/wp-json\/wp\/v2\/posts\/7457\/revisions"}],"predecessor-version":[{"id":8922,"href":"https:\/\/mhcalculos.com.br\/noticias\/wp-json\/wp\/v2\/posts\/7457\/revisions\/8922"}],"wp:featuredmedia":[{"embeddable":true,"href":"https:\/\/mhcalculos.com.br\/noticias\/wp-json\/wp\/v2\/media\/1666"}],"wp:attachment":[{"href":"https:\/\/mhcalculos.com.br\/noticias\/wp-json\/wp\/v2\/media?parent=7457"}],"wp:term":[{"taxonomy":"category","embeddable":true,"href":"https:\/\/mhcalculos.com.br\/noticias\/wp-json\/wp\/v2\/categories?post=7457"},{"taxonomy":"post_tag","embeddable":true,"href":"https:\/\/mhcalculos.com.br\/noticias\/wp-json\/wp\/v2\/tags?post=7457"}],"curies":[{"name":"wp","href":"https:\/\/api.w.org\/{rel}","templated":true}]}}