{"id":7450,"date":"2020-08-26T06:05:28","date_gmt":"2020-08-26T09:05:28","guid":{"rendered":"https:\/\/mhcalculos.com.br\/noticias\/area\/previdenciario\/stf-stf-declara-inconstitucional-norma-de-sp-sobre-inclusao-de-gastos-previdenciarios-nas-despesas-com-educacao.html"},"modified":"2021-07-28T14:29:08","modified_gmt":"2021-07-28T17:29:08","slug":"stf-stf-declara-inconstitucional-norma-de-sp-sobre-inclusao-de-gastos-previdenciarios-nas-despesas-com-educacao","status":"publish","type":"post","link":"https:\/\/mhcalculos.com.br\/noticias\/area\/previdenciario\/stf-stf-declara-inconstitucional-norma-de-sp-sobre-inclusao-de-gastos-previdenciarios-nas-despesas-com-educacao.html","title":{"rendered":"STF: STF declara inconstitucional norma de SP sobre inclus\u00e3o de gastos previdenci\u00e1rios nas despesas com educa\u00e7\u00e3o"},"content":{"rendered":"<p><br \/>\n<\/p>\n<p>O Supremo Tribunal Federal (STF) declarou a inconstitucionalidade de norma que permitia ao Estado de S\u00e3o Paulo contabilizar as despesas com servidores inativos da educa\u00e7\u00e3o estadual como gastos em manuten\u00e7\u00e3o e desenvolvimento de ensino. A decis\u00e3o, un\u00e2nime, ocorreu no julgamento da A\u00e7\u00e3o Direta de Inconstitucionalidade (ADI) 5719, na sess\u00e3o virtual conclu\u00edda em 17\/8.<\/p>\n<p>Na ADI, a Procuradoria-Geral da Rep\u00fablica (PGR) questionava os artigos 26, inciso I, e 27 da Lei Complementar estadual 1.010\/2007, que disp\u00f5em sobre a cria\u00e7\u00e3o da S\u00e3o Paulo Previd\u00eancia (SPPREV), entidade gestora do Regime Pr\u00f3prio de Previd\u00eancia dos Servidores P\u00fablicos estaduais.<\/p>\n<p><b>Compet\u00eancia da Uni\u00e3o<\/b><\/p>\n<p>O relator da a\u00e7\u00e3o, ministro Edson Fachin, afirmou que a Uni\u00e3o tem compet\u00eancia exclusiva para legislar sobre normas gerais de educa\u00e7\u00e3o e ensino. Segundo ele, a edi\u00e7\u00e3o de normas regulamentares \u00e9 de compet\u00eancia concorrente entre os entes federativos e, na eventual omiss\u00e3o pela Uni\u00e3o, os estados n\u00e3o estariam impedidos de regulamentar a mat\u00e9ria.<\/p>\n<p>No entanto, o relator observou que a regulamenta\u00e7\u00e3o posterior \u00e0 edi\u00e7\u00e3o da norma geral configura usurpa\u00e7\u00e3o da compet\u00eancia legislativa exercida regularmente. Fachin lembrou que a Lei de Diretrizes e Bases da Educa\u00e7\u00e3o Nacional (Lei 9.394\/1996 &#8211; LDB) prev\u00ea quais despesas podem ser consideradas na manuten\u00e7\u00e3o e desenvolvimento do ensino, al\u00e9m de estabelecer veda\u00e7\u00f5es ao enquadramento dessas despesas.<\/p>\n<p>Para o ministro, a lei paulista trata de normas gerais de educa\u00e7\u00e3o e ensino, ao incluir no conceito de &ldquo;manuten\u00e7\u00e3o e desenvolvimento do ensino&rdquo; o pagamento dos servidores inativos da \u00e1rea da educa\u00e7\u00e3o, em desrespeito \u00e0s disposi\u00e7\u00f5es da LDB. Segundo ele, a compet\u00eancia legislativa exclusiva da Uni\u00e3o sobre diretrizes e bases da educa\u00e7\u00e3o j\u00e1 foi reconhecida pelo Plen\u00e1rio em julgados recentes do Supremo (ADPF 457 e ADI 4720).<\/p>\n<p><b>Percentual m\u00ednimo<\/b><\/p>\n<p>Ao analisar os artigos 70 e 71 da LDB, o relator concluiu que somente o pagamento de servidores da educa\u00e7\u00e3o em atividade preenche a hip\u00f3tese normativa e pode, portanto, ser contabilizada para fins do percentual m\u00ednimo de 25% da receita de impostos a ser aplicado em educa\u00e7\u00e3o (artigo 212, caput, da Constitui\u00e7\u00e3o Federal). Fachin ressaltou que o conceito de manuten\u00e7\u00e3o e desenvolvimento de ensino n\u00e3o pode ter par\u00e2metros distintos para diferentes estados e, por isso, \u00e9 definido na lei federal.<\/p>\n<p>O ministro assinalou que o percentual de vincula\u00e7\u00e3o de receita previsto na Constitui\u00e7\u00e3o representa o m\u00ednimo exigido em investimentos na educa\u00e7\u00e3o. &ldquo;Por \u00f3bvio que est\u00e1 amplamente de acordo com a interpreta\u00e7\u00e3o constitucional que um estado economicamente desenvolvido como S\u00e3o Paulo fa\u00e7a a escolha constitucional de ampliar o percentual exigido em sua constitui\u00e7\u00e3o estadual&rdquo;, salientou, ao destacar o percentual de 30% previsto na Constitui\u00e7\u00e3o estadual.<\/p>\n<p><b>Desrespeito \u00e0 vincula\u00e7\u00e3o de receita<\/b><\/p>\n<p>Na avalia\u00e7\u00e3o do relator, as normas contestadas tamb\u00e9m ferem o artigo 167 da Constitui\u00e7\u00e3o, que veda a vincula\u00e7\u00e3o de receita de impostos a \u00f3rg\u00e3o, fundo e despesa, excetuando os recursos de sa\u00fade e educa\u00e7\u00e3o. Segundo ele, os gastos com servidores inativos n\u00e3o est\u00e3o entre as exce\u00e7\u00f5es previstas na Constitui\u00e7\u00e3o.<\/p>\n<p><b>Resultado<\/b><\/p>\n<p>O Tribunal acompanhou, por unanimidade, o voto do relator e julgou parcialmente procedente o pedido da PGR para declarar a inconstitucionalidade integral do artigo 26, inciso I, da LC 1.010\/2007 do Estado de S\u00e3o Paulo. O Plen\u00e1rio tamb\u00e9m declarou inconstitucional, sem redu\u00e7\u00e3o de texto, o artigo 27 da mesma lei, a fim de que os valores de complementa\u00e7\u00e3o ao d\u00e9ficit previdenci\u00e1rio n\u00e3o sejam computados para efeitos de vincula\u00e7\u00e3o ao investimento m\u00ednimo constitucional em educa\u00e7\u00e3o.<\/p>\n<p><span style=\"font-size: smaller\">EC\/CR\/\/CF<\/span><\/p>\n<p>Leia mais:<\/p>\n<p>23\/6\/2017 &#8211; <a href=\"http:\/\/portal.stf.jus.br\/listagem\/listarNoticias.asp?termoPesquisa=5719\" target=\"_blank\" rel=\"noopener noreferrer\">Questionada lei de SP sobre inclus\u00e3o de benef\u00edcios previdenci\u00e1rios nas despesas com educa\u00e7\u00e3o<\/a><\/p>\n<p>&nbsp;<\/p>\n<p><i>Com informa\u00e7\u00f5es da assessoria de imprensa do STF.<\/i><br \/>\n<br \/><br \/>\n<br \/><a href=\"http:\/\/www.stf.jus.br\/portal\/cms\/verNoticiaDetalhe.asp?idConteudo=450203\">Fonte<\/a><\/p>\n","protected":false},"excerpt":{"rendered":"<p>O Supremo Tribunal Federal (STF) declarou a inconstitucionalidade de norma que permitia ao Estado de S\u00e3o Paulo contabilizar as despesas com servidores inativos da educa\u00e7\u00e3o estadual como gastos em manuten\u00e7\u00e3o e desenvolvimento de ensino. A decis\u00e3o, un\u00e2nime, ocorreu no julgamento da A\u00e7\u00e3o Direta de Inconstitucionalidade (ADI) 5719, na sess\u00e3o virtual conclu\u00edda em 17\/8. Na ADI, [&hellip;]<\/p>\n","protected":false},"author":3063,"featured_media":2025,"comment_status":"open","ping_status":"open","sticky":false,"template":"","format":"standard","meta":{"footnotes":""},"categories":[5,15],"tags":[11,10,8,13,9,12,16],"class_list":{"0":"post-7450","1":"post","2":"type-post","3":"status-publish","4":"format-standard","5":"has-post-thumbnail","7":"category-previdenciario","8":"category-stf","9":"tag-aposentadoria","10":"tag-calculos-previdenciarios","11":"tag-direito-previdenciario","12":"tag-inss","13":"tag-pericia","14":"tag-perito","15":"tag-stf"},"yoast_head":"<!-- This site is optimized with the Yoast SEO plugin v27.2 - https:\/\/yoast.com\/product\/yoast-seo-wordpress\/ -->\n<title>STF: STF declara inconstitucional norma de SP sobre inclus\u00e3o de gastos previdenci\u00e1rios nas despesas com educa\u00e7\u00e3o | Portal de Not\u00edcias<\/title>\n<meta name=\"robots\" content=\"index, follow, max-snippet:-1, max-image-preview:large, max-video-preview:-1\" \/>\n<link rel=\"canonical\" href=\"https:\/\/mhcalculos.com.br\/noticias\/area\/previdenciario\/stf-stf-declara-inconstitucional-norma-de-sp-sobre-inclusao-de-gastos-previdenciarios-nas-despesas-com-educacao.html\" \/>\n<meta property=\"og:locale\" content=\"pt_BR\" \/>\n<meta property=\"og:type\" content=\"article\" \/>\n<meta property=\"og:title\" content=\"STF: STF declara inconstitucional norma de SP sobre inclus\u00e3o de gastos previdenci\u00e1rios nas despesas com educa\u00e7\u00e3o | Portal de Not\u00edcias\" \/>\n<meta property=\"og:description\" content=\"O Supremo Tribunal Federal (STF) declarou a inconstitucionalidade de norma que permitia ao Estado de S\u00e3o Paulo contabilizar as despesas com servidores inativos da educa\u00e7\u00e3o estadual como gastos em manuten\u00e7\u00e3o e desenvolvimento de ensino. A decis\u00e3o, un\u00e2nime, ocorreu no julgamento da A\u00e7\u00e3o Direta de Inconstitucionalidade (ADI) 5719, na sess\u00e3o virtual conclu\u00edda em 17\/8. Na ADI, [&hellip;]\" \/>\n<meta property=\"og:url\" content=\"https:\/\/mhcalculos.com.br\/noticias\/area\/previdenciario\/stf-stf-declara-inconstitucional-norma-de-sp-sobre-inclusao-de-gastos-previdenciarios-nas-despesas-com-educacao.html\" \/>\n<meta property=\"og:site_name\" content=\"Portal de Not\u00edcias\" \/>\n<meta property=\"article:published_time\" content=\"2020-08-26T09:05:28+00:00\" \/>\n<meta property=\"article:modified_time\" content=\"2021-07-28T17:29:08+00:00\" \/>\n<meta property=\"og:image\" content=\"https:\/\/mhcalculos.com.br\/noticias\/wp-content\/uploads\/sites\/2\/2018\/06\/judiciario-0006.jpg\" \/>\n\t<meta property=\"og:image:width\" content=\"2000\" \/>\n\t<meta property=\"og:image:height\" content=\"800\" \/>\n\t<meta property=\"og:image:type\" content=\"image\/jpeg\" \/>\n<meta name=\"author\" content=\"Equipe MH\" \/>\n<meta name=\"twitter:card\" content=\"summary_large_image\" \/>\n<meta name=\"twitter:label1\" content=\"Escrito por\" \/>\n\t<meta name=\"twitter:data1\" content=\"Equipe MH\" \/>\n\t<meta name=\"twitter:label2\" content=\"Est. tempo de leitura\" \/>\n\t<meta name=\"twitter:data2\" content=\"3 minutos\" \/>\n<script type=\"application\/ld+json\" class=\"yoast-schema-graph\">{\"@context\":\"https:\/\/schema.org\",\"@graph\":[{\"@type\":\"Article\",\"@id\":\"https:\/\/mhcalculos.com.br\/noticias\/area\/previdenciario\/stf-stf-declara-inconstitucional-norma-de-sp-sobre-inclusao-de-gastos-previdenciarios-nas-despesas-com-educacao.html#article\",\"isPartOf\":{\"@id\":\"https:\/\/mhcalculos.com.br\/noticias\/area\/previdenciario\/stf-stf-declara-inconstitucional-norma-de-sp-sobre-inclusao-de-gastos-previdenciarios-nas-despesas-com-educacao.html\"},\"author\":{\"name\":\"Equipe MH\",\"@id\":\"https:\/\/mhcalculos.com.br\/noticias\/#\/schema\/person\/88d1c34bf72dc779ea14a5a6b8e0ae8d\"},\"headline\":\"STF: STF declara inconstitucional norma de SP sobre inclus\u00e3o de gastos previdenci\u00e1rios nas despesas com educa\u00e7\u00e3o\",\"datePublished\":\"2020-08-26T09:05:28+00:00\",\"dateModified\":\"2021-07-28T17:29:08+00:00\",\"mainEntityOfPage\":{\"@id\":\"https:\/\/mhcalculos.com.br\/noticias\/area\/previdenciario\/stf-stf-declara-inconstitucional-norma-de-sp-sobre-inclusao-de-gastos-previdenciarios-nas-despesas-com-educacao.html\"},\"wordCount\":673,\"commentCount\":0,\"image\":{\"@id\":\"https:\/\/mhcalculos.com.br\/noticias\/area\/previdenciario\/stf-stf-declara-inconstitucional-norma-de-sp-sobre-inclusao-de-gastos-previdenciarios-nas-despesas-com-educacao.html#primaryimage\"},\"thumbnailUrl\":\"https:\/\/mhcalculos.com.br\/noticias\/wp-content\/uploads\/sites\/2\/2018\/06\/judiciario-0006.jpg\",\"keywords\":[\"aposentadoria\",\"c\u00e1lculos previdenci\u00e1rios\",\"direito previdenci\u00e1rio\",\"inss\",\"per\u00edcia\",\"perito\",\"stf\"],\"articleSection\":[\"Direito Previdenci\u00e1rio\",\"STF\"],\"inLanguage\":\"pt-BR\",\"potentialAction\":[{\"@type\":\"CommentAction\",\"name\":\"Comment\",\"target\":[\"https:\/\/mhcalculos.com.br\/noticias\/area\/previdenciario\/stf-stf-declara-inconstitucional-norma-de-sp-sobre-inclusao-de-gastos-previdenciarios-nas-despesas-com-educacao.html#respond\"]}]},{\"@type\":\"WebPage\",\"@id\":\"https:\/\/mhcalculos.com.br\/noticias\/area\/previdenciario\/stf-stf-declara-inconstitucional-norma-de-sp-sobre-inclusao-de-gastos-previdenciarios-nas-despesas-com-educacao.html\",\"url\":\"https:\/\/mhcalculos.com.br\/noticias\/area\/previdenciario\/stf-stf-declara-inconstitucional-norma-de-sp-sobre-inclusao-de-gastos-previdenciarios-nas-despesas-com-educacao.html\",\"name\":\"STF: STF declara inconstitucional norma de SP sobre inclus\u00e3o de gastos previdenci\u00e1rios nas despesas com educa\u00e7\u00e3o | Portal de Not\u00edcias\",\"isPartOf\":{\"@id\":\"https:\/\/mhcalculos.com.br\/noticias\/#website\"},\"primaryImageOfPage\":{\"@id\":\"https:\/\/mhcalculos.com.br\/noticias\/area\/previdenciario\/stf-stf-declara-inconstitucional-norma-de-sp-sobre-inclusao-de-gastos-previdenciarios-nas-despesas-com-educacao.html#primaryimage\"},\"image\":{\"@id\":\"https:\/\/mhcalculos.com.br\/noticias\/area\/previdenciario\/stf-stf-declara-inconstitucional-norma-de-sp-sobre-inclusao-de-gastos-previdenciarios-nas-despesas-com-educacao.html#primaryimage\"},\"thumbnailUrl\":\"https:\/\/mhcalculos.com.br\/noticias\/wp-content\/uploads\/sites\/2\/2018\/06\/judiciario-0006.jpg\",\"datePublished\":\"2020-08-26T09:05:28+00:00\",\"dateModified\":\"2021-07-28T17:29:08+00:00\",\"author\":{\"@id\":\"https:\/\/mhcalculos.com.br\/noticias\/#\/schema\/person\/88d1c34bf72dc779ea14a5a6b8e0ae8d\"},\"breadcrumb\":{\"@id\":\"https:\/\/mhcalculos.com.br\/noticias\/area\/previdenciario\/stf-stf-declara-inconstitucional-norma-de-sp-sobre-inclusao-de-gastos-previdenciarios-nas-despesas-com-educacao.html#breadcrumb\"},\"inLanguage\":\"pt-BR\",\"potentialAction\":[{\"@type\":\"ReadAction\",\"target\":[\"https:\/\/mhcalculos.com.br\/noticias\/area\/previdenciario\/stf-stf-declara-inconstitucional-norma-de-sp-sobre-inclusao-de-gastos-previdenciarios-nas-despesas-com-educacao.html\"]}]},{\"@type\":\"ImageObject\",\"inLanguage\":\"pt-BR\",\"@id\":\"https:\/\/mhcalculos.com.br\/noticias\/area\/previdenciario\/stf-stf-declara-inconstitucional-norma-de-sp-sobre-inclusao-de-gastos-previdenciarios-nas-despesas-com-educacao.html#primaryimage\",\"url\":\"https:\/\/mhcalculos.com.br\/noticias\/wp-content\/uploads\/sites\/2\/2018\/06\/judiciario-0006.jpg\",\"contentUrl\":\"https:\/\/mhcalculos.com.br\/noticias\/wp-content\/uploads\/sites\/2\/2018\/06\/judiciario-0006.jpg\",\"width\":2000,\"height\":800},{\"@type\":\"BreadcrumbList\",\"@id\":\"https:\/\/mhcalculos.com.br\/noticias\/area\/previdenciario\/stf-stf-declara-inconstitucional-norma-de-sp-sobre-inclusao-de-gastos-previdenciarios-nas-despesas-com-educacao.html#breadcrumb\",\"itemListElement\":[{\"@type\":\"ListItem\",\"position\":1,\"name\":\"In\u00edcio\",\"item\":\"https:\/\/mhcalculos.com.br\/noticias\/\"},{\"@type\":\"ListItem\",\"position\":2,\"name\":\"STF: STF declara inconstitucional norma de SP sobre inclus\u00e3o de gastos previdenci\u00e1rios nas despesas com educa\u00e7\u00e3o\"}]},{\"@type\":\"WebSite\",\"@id\":\"https:\/\/mhcalculos.com.br\/noticias\/#website\",\"url\":\"https:\/\/mhcalculos.com.br\/noticias\/\",\"name\":\"Portal de Not\u00edcias\",\"description\":\"Not\u00edcias e Jurisprud\u00eancia\",\"potentialAction\":[{\"@type\":\"SearchAction\",\"target\":{\"@type\":\"EntryPoint\",\"urlTemplate\":\"https:\/\/mhcalculos.com.br\/noticias\/?s={search_term_string}\"},\"query-input\":{\"@type\":\"PropertyValueSpecification\",\"valueRequired\":true,\"valueName\":\"search_term_string\"}}],\"inLanguage\":\"pt-BR\"},{\"@type\":\"Person\",\"@id\":\"https:\/\/mhcalculos.com.br\/noticias\/#\/schema\/person\/88d1c34bf72dc779ea14a5a6b8e0ae8d\",\"name\":\"Equipe MH\",\"image\":{\"@type\":\"ImageObject\",\"inLanguage\":\"pt-BR\",\"@id\":\"https:\/\/secure.gravatar.com\/avatar\/de1c686c2ecc9c5a3f327e3431d819eb39f8f05d4e1045f5a1caad6daaba987f?s=96&d=mm&r=g\",\"url\":\"https:\/\/secure.gravatar.com\/avatar\/de1c686c2ecc9c5a3f327e3431d819eb39f8f05d4e1045f5a1caad6daaba987f?s=96&d=mm&r=g\",\"contentUrl\":\"https:\/\/secure.gravatar.com\/avatar\/de1c686c2ecc9c5a3f327e3431d819eb39f8f05d4e1045f5a1caad6daaba987f?s=96&d=mm&r=g\",\"caption\":\"Equipe MH\"}}]}<\/script>\n<!-- \/ Yoast SEO plugin. -->","yoast_head_json":{"title":"STF: STF declara inconstitucional norma de SP sobre inclus\u00e3o de gastos previdenci\u00e1rios nas despesas com educa\u00e7\u00e3o | Portal de Not\u00edcias","robots":{"index":"index","follow":"follow","max-snippet":"max-snippet:-1","max-image-preview":"max-image-preview:large","max-video-preview":"max-video-preview:-1"},"canonical":"https:\/\/mhcalculos.com.br\/noticias\/area\/previdenciario\/stf-stf-declara-inconstitucional-norma-de-sp-sobre-inclusao-de-gastos-previdenciarios-nas-despesas-com-educacao.html","og_locale":"pt_BR","og_type":"article","og_title":"STF: STF declara inconstitucional norma de SP sobre inclus\u00e3o de gastos previdenci\u00e1rios nas despesas com educa\u00e7\u00e3o | Portal de Not\u00edcias","og_description":"O Supremo Tribunal Federal (STF) declarou a inconstitucionalidade de norma que permitia ao Estado de S\u00e3o Paulo contabilizar as despesas com servidores inativos da educa\u00e7\u00e3o estadual como gastos em manuten\u00e7\u00e3o e desenvolvimento de ensino. A decis\u00e3o, un\u00e2nime, ocorreu no julgamento da A\u00e7\u00e3o Direta de Inconstitucionalidade (ADI) 5719, na sess\u00e3o virtual conclu\u00edda em 17\/8. Na ADI, [&hellip;]","og_url":"https:\/\/mhcalculos.com.br\/noticias\/area\/previdenciario\/stf-stf-declara-inconstitucional-norma-de-sp-sobre-inclusao-de-gastos-previdenciarios-nas-despesas-com-educacao.html","og_site_name":"Portal de Not\u00edcias","article_published_time":"2020-08-26T09:05:28+00:00","article_modified_time":"2021-07-28T17:29:08+00:00","og_image":[{"width":2000,"height":800,"url":"https:\/\/mhcalculos.com.br\/noticias\/wp-content\/uploads\/sites\/2\/2018\/06\/judiciario-0006.jpg","type":"image\/jpeg"}],"author":"Equipe MH","twitter_card":"summary_large_image","twitter_misc":{"Escrito por":"Equipe MH","Est. tempo de leitura":"3 minutos"},"schema":{"@context":"https:\/\/schema.org","@graph":[{"@type":"Article","@id":"https:\/\/mhcalculos.com.br\/noticias\/area\/previdenciario\/stf-stf-declara-inconstitucional-norma-de-sp-sobre-inclusao-de-gastos-previdenciarios-nas-despesas-com-educacao.html#article","isPartOf":{"@id":"https:\/\/mhcalculos.com.br\/noticias\/area\/previdenciario\/stf-stf-declara-inconstitucional-norma-de-sp-sobre-inclusao-de-gastos-previdenciarios-nas-despesas-com-educacao.html"},"author":{"name":"Equipe MH","@id":"https:\/\/mhcalculos.com.br\/noticias\/#\/schema\/person\/88d1c34bf72dc779ea14a5a6b8e0ae8d"},"headline":"STF: STF declara inconstitucional norma de SP sobre inclus\u00e3o de gastos previdenci\u00e1rios nas despesas com educa\u00e7\u00e3o","datePublished":"2020-08-26T09:05:28+00:00","dateModified":"2021-07-28T17:29:08+00:00","mainEntityOfPage":{"@id":"https:\/\/mhcalculos.com.br\/noticias\/area\/previdenciario\/stf-stf-declara-inconstitucional-norma-de-sp-sobre-inclusao-de-gastos-previdenciarios-nas-despesas-com-educacao.html"},"wordCount":673,"commentCount":0,"image":{"@id":"https:\/\/mhcalculos.com.br\/noticias\/area\/previdenciario\/stf-stf-declara-inconstitucional-norma-de-sp-sobre-inclusao-de-gastos-previdenciarios-nas-despesas-com-educacao.html#primaryimage"},"thumbnailUrl":"https:\/\/mhcalculos.com.br\/noticias\/wp-content\/uploads\/sites\/2\/2018\/06\/judiciario-0006.jpg","keywords":["aposentadoria","c\u00e1lculos previdenci\u00e1rios","direito previdenci\u00e1rio","inss","per\u00edcia","perito","stf"],"articleSection":["Direito Previdenci\u00e1rio","STF"],"inLanguage":"pt-BR","potentialAction":[{"@type":"CommentAction","name":"Comment","target":["https:\/\/mhcalculos.com.br\/noticias\/area\/previdenciario\/stf-stf-declara-inconstitucional-norma-de-sp-sobre-inclusao-de-gastos-previdenciarios-nas-despesas-com-educacao.html#respond"]}]},{"@type":"WebPage","@id":"https:\/\/mhcalculos.com.br\/noticias\/area\/previdenciario\/stf-stf-declara-inconstitucional-norma-de-sp-sobre-inclusao-de-gastos-previdenciarios-nas-despesas-com-educacao.html","url":"https:\/\/mhcalculos.com.br\/noticias\/area\/previdenciario\/stf-stf-declara-inconstitucional-norma-de-sp-sobre-inclusao-de-gastos-previdenciarios-nas-despesas-com-educacao.html","name":"STF: STF declara inconstitucional norma de SP sobre inclus\u00e3o de gastos previdenci\u00e1rios nas despesas com educa\u00e7\u00e3o | Portal de Not\u00edcias","isPartOf":{"@id":"https:\/\/mhcalculos.com.br\/noticias\/#website"},"primaryImageOfPage":{"@id":"https:\/\/mhcalculos.com.br\/noticias\/area\/previdenciario\/stf-stf-declara-inconstitucional-norma-de-sp-sobre-inclusao-de-gastos-previdenciarios-nas-despesas-com-educacao.html#primaryimage"},"image":{"@id":"https:\/\/mhcalculos.com.br\/noticias\/area\/previdenciario\/stf-stf-declara-inconstitucional-norma-de-sp-sobre-inclusao-de-gastos-previdenciarios-nas-despesas-com-educacao.html#primaryimage"},"thumbnailUrl":"https:\/\/mhcalculos.com.br\/noticias\/wp-content\/uploads\/sites\/2\/2018\/06\/judiciario-0006.jpg","datePublished":"2020-08-26T09:05:28+00:00","dateModified":"2021-07-28T17:29:08+00:00","author":{"@id":"https:\/\/mhcalculos.com.br\/noticias\/#\/schema\/person\/88d1c34bf72dc779ea14a5a6b8e0ae8d"},"breadcrumb":{"@id":"https:\/\/mhcalculos.com.br\/noticias\/area\/previdenciario\/stf-stf-declara-inconstitucional-norma-de-sp-sobre-inclusao-de-gastos-previdenciarios-nas-despesas-com-educacao.html#breadcrumb"},"inLanguage":"pt-BR","potentialAction":[{"@type":"ReadAction","target":["https:\/\/mhcalculos.com.br\/noticias\/area\/previdenciario\/stf-stf-declara-inconstitucional-norma-de-sp-sobre-inclusao-de-gastos-previdenciarios-nas-despesas-com-educacao.html"]}]},{"@type":"ImageObject","inLanguage":"pt-BR","@id":"https:\/\/mhcalculos.com.br\/noticias\/area\/previdenciario\/stf-stf-declara-inconstitucional-norma-de-sp-sobre-inclusao-de-gastos-previdenciarios-nas-despesas-com-educacao.html#primaryimage","url":"https:\/\/mhcalculos.com.br\/noticias\/wp-content\/uploads\/sites\/2\/2018\/06\/judiciario-0006.jpg","contentUrl":"https:\/\/mhcalculos.com.br\/noticias\/wp-content\/uploads\/sites\/2\/2018\/06\/judiciario-0006.jpg","width":2000,"height":800},{"@type":"BreadcrumbList","@id":"https:\/\/mhcalculos.com.br\/noticias\/area\/previdenciario\/stf-stf-declara-inconstitucional-norma-de-sp-sobre-inclusao-de-gastos-previdenciarios-nas-despesas-com-educacao.html#breadcrumb","itemListElement":[{"@type":"ListItem","position":1,"name":"In\u00edcio","item":"https:\/\/mhcalculos.com.br\/noticias\/"},{"@type":"ListItem","position":2,"name":"STF: STF declara inconstitucional norma de SP sobre inclus\u00e3o de gastos previdenci\u00e1rios nas despesas com educa\u00e7\u00e3o"}]},{"@type":"WebSite","@id":"https:\/\/mhcalculos.com.br\/noticias\/#website","url":"https:\/\/mhcalculos.com.br\/noticias\/","name":"Portal de Not\u00edcias","description":"Not\u00edcias e Jurisprud\u00eancia","potentialAction":[{"@type":"SearchAction","target":{"@type":"EntryPoint","urlTemplate":"https:\/\/mhcalculos.com.br\/noticias\/?s={search_term_string}"},"query-input":{"@type":"PropertyValueSpecification","valueRequired":true,"valueName":"search_term_string"}}],"inLanguage":"pt-BR"},{"@type":"Person","@id":"https:\/\/mhcalculos.com.br\/noticias\/#\/schema\/person\/88d1c34bf72dc779ea14a5a6b8e0ae8d","name":"Equipe MH","image":{"@type":"ImageObject","inLanguage":"pt-BR","@id":"https:\/\/secure.gravatar.com\/avatar\/de1c686c2ecc9c5a3f327e3431d819eb39f8f05d4e1045f5a1caad6daaba987f?s=96&d=mm&r=g","url":"https:\/\/secure.gravatar.com\/avatar\/de1c686c2ecc9c5a3f327e3431d819eb39f8f05d4e1045f5a1caad6daaba987f?s=96&d=mm&r=g","contentUrl":"https:\/\/secure.gravatar.com\/avatar\/de1c686c2ecc9c5a3f327e3431d819eb39f8f05d4e1045f5a1caad6daaba987f?s=96&d=mm&r=g","caption":"Equipe MH"}}]}},"_links":{"self":[{"href":"https:\/\/mhcalculos.com.br\/noticias\/wp-json\/wp\/v2\/posts\/7450","targetHints":{"allow":["GET"]}}],"collection":[{"href":"https:\/\/mhcalculos.com.br\/noticias\/wp-json\/wp\/v2\/posts"}],"about":[{"href":"https:\/\/mhcalculos.com.br\/noticias\/wp-json\/wp\/v2\/types\/post"}],"author":[{"embeddable":true,"href":"https:\/\/mhcalculos.com.br\/noticias\/wp-json\/wp\/v2\/users\/3063"}],"replies":[{"embeddable":true,"href":"https:\/\/mhcalculos.com.br\/noticias\/wp-json\/wp\/v2\/comments?post=7450"}],"version-history":[{"count":1,"href":"https:\/\/mhcalculos.com.br\/noticias\/wp-json\/wp\/v2\/posts\/7450\/revisions"}],"predecessor-version":[{"id":8928,"href":"https:\/\/mhcalculos.com.br\/noticias\/wp-json\/wp\/v2\/posts\/7450\/revisions\/8928"}],"wp:featuredmedia":[{"embeddable":true,"href":"https:\/\/mhcalculos.com.br\/noticias\/wp-json\/wp\/v2\/media\/2025"}],"wp:attachment":[{"href":"https:\/\/mhcalculos.com.br\/noticias\/wp-json\/wp\/v2\/media?parent=7450"}],"wp:term":[{"taxonomy":"category","embeddable":true,"href":"https:\/\/mhcalculos.com.br\/noticias\/wp-json\/wp\/v2\/categories?post=7450"},{"taxonomy":"post_tag","embeddable":true,"href":"https:\/\/mhcalculos.com.br\/noticias\/wp-json\/wp\/v2\/tags?post=7450"}],"curies":[{"name":"wp","href":"https:\/\/api.w.org\/{rel}","templated":true}]}}