{"id":7440,"date":"2020-08-24T13:05:19","date_gmt":"2020-08-24T16:05:19","guid":{"rendered":"https:\/\/mhcalculos.com.br\/noticias\/area\/previdenciario\/trf3-tribunal-mantem-absolvicao-de-aposentado-por-invalidez-que-voltou-a-trabalhar.html"},"modified":"2021-07-28T14:29:09","modified_gmt":"2021-07-28T17:29:09","slug":"trf3-tribunal-mantem-absolvicao-de-aposentado-por-invalidez-que-voltou-a-trabalhar","status":"publish","type":"post","link":"https:\/\/mhcalculos.com.br\/noticias\/area\/previdenciario\/trf3-tribunal-mantem-absolvicao-de-aposentado-por-invalidez-que-voltou-a-trabalhar.html","title":{"rendered":"TRF3: TRIBUNAL&nbsp;MANT\u00c9M ABSOLVI\u00c7\u00c3O DE APOSENTADO POR INVALIDEZ QUE VOLTOU A TRABALHAR\u00a0"},"content":{"rendered":"\n<div class=\"mat\">\n<p><em>Minist\u00e9rio P\u00fablico Federal pedia condena\u00e7\u00e3o pelo crime de estelionato\u00a0<\/em><\/p>\n<p>Decis\u00e3o un\u00e2nime da D\u00e9cima Primeira Turma do Tribunal Regional Federal da 3\u00aa Regi\u00e3o (TRF3) n\u00e3o acatou pedido do Minist\u00e9rio P\u00fablico Federal (MPF) e manteve a absolvi\u00e7\u00e3o de um homem que pediu judicialmente aposentadoria por invalidez e depois passou a exercer atividade remunerada na prefeitura do munic\u00edpio de Jo\u00e3o Ramalho\/SP.\u00a0\u00a0<\/p>\n<p>Para\u00a0o colegiado, a conduta n\u00e3o foi caracterizada como crime de estelionato, j\u00e1 que ficou comprovado que o aposentado n\u00e3o utilizou artif\u00edcio ou fraude para obter o provento. Ele foi submetido \u00e0 per\u00edcia, que atestou incapacidade laboral definitiva por ser portador de patologias card\u00edacas (angioplastia) e doen\u00e7a degenerativa da coluna lombar.\u00a0\u00a0\u00a0<\/p>\n<p>\u201cA decis\u00e3o judicial que concedeu a aposentadoria por invalidez amparou-se exclusivamente na conclus\u00e3o do m\u00e9dico perito, que, por sua vez, emitiu um parecer baseado em exames f\u00edsicos e complementares (tomografia, por exemplo), e n\u00e3o em qualquer meio fraudulento empregado pelo r\u00e9u\u201d, destacou o desembargador federal relator Jos\u00e9\u00a0Lunardelli.\u00a0\u00a0\u00a0<\/p>\n<p>Conforme entendimento da Turma, a responsabilidade penal relativa a crimes praticados por omiss\u00e3o exige que o agente detenha dever legal de impedir o resultado, o que n\u00e3o ocorreu\u00a0nos autos, por aus\u00eancia de comando normativo expresso.\u00a0\u00a0<\/p>\n<p>\u201cN\u00e3o havendo obriga\u00e7\u00e3o legal de informar o retorno \u00e0 atividade laboral, n\u00e3o h\u00e1 que se falar em estelionato, n\u00e3o estando descartada, contudo, a aplica\u00e7\u00e3o de eventual san\u00e7\u00e3o na esfera administrativa, na medida em que o cancelamento do benef\u00edcio a partir do retorno da atividade laboral \u00e9 medida legalmente prevista\u201d, afirmou o relator.\u00a0\u00a0<\/p>\n<p><strong>Processo de estelionato<\/strong>\u00a0\u00a0<\/p>\n<p>Segundo\u00a0a\u00a0den\u00fancia,\u00a0a aposentadoria por invalidez foi obtida\u00a0por meio\u00a0de fraude, j\u00e1 que o r\u00e9u n\u00e3o informou ao\u00a0ju\u00edzo sobre o exerc\u00edcio de trabalho remunerado.\u00a0\u00a0<\/p>\n<p>Em depoimento, o homem declarou que possui limita\u00e7\u00f5es para o desempenho de atividades que demandam for\u00e7a f\u00edsica e aceitou o convite da prefeitura, porque era um servi\u00e7o leve. Ele disse ainda que desconhecia o fato de n\u00e3o poder trabalhar ao mesmo tempo em que recebia a aposentadoria e que, ao optar pelo cargo em exerc\u00edcio, o provento previdenci\u00e1rio foi cancelado.\u00a0\u00a0\u00a0<\/p>\n<p>Senten\u00e7a da 5\u00aa Vara Federal de Presidente Prudente\/SP\u00a0j\u00e1 havia absolvido\u00a0o acusado pela inexist\u00eancia de prova suficiente para a condena\u00e7\u00e3o pelo crime de estelionato. O MPF recorreu alegando que a omiss\u00e3o do emprego remunerado foi doloso e levou \u00e0 obten\u00e7\u00e3o de vantagem il\u00edcita.\u00a0\u00a0\u00a0\u00a0<\/p>\n<p>A D\u00e9cima Primeira Turma entendeu que o r\u00e9u n\u00e3o utilizou artif\u00edcio ou fraude para obter o provento e que a lei n\u00e3o prev\u00ea obriga\u00e7\u00e3o do benefici\u00e1rio informar o retorno \u00e0 ocupa\u00e7\u00e3o profissional. Assim, n\u00e3o acolheu o pedido do MPF e manteve a absolvi\u00e7\u00e3o.\u00a0\u00a0<\/p>\n<p>Apela\u00e7\u00e3o Criminal 0000071-81.2017.4.03.6112\/SP\u00a0\u00a0<\/p>\n<p>\u00a0\u00a0<\/p>\n<p><a href=\"http:\/\/www.twitter.com\/trf3_oficial\" rel=\"noreferrer noopener\" target=\"_blank\">www.twitter.com\/trf3_oficial<\/a>\u00a0<br \/>\n<a href=\"http:\/\/www.instagram.com\/trf3_oficial\" rel=\"noreferrer noopener\" target=\"_blank\">www.instagram.com\/trf3_oficial<\/a>\u00a0\u00a0<\/p>\n<\/div>\n<p><script async src=\"https:\/\/platform.twitter.com\/widgets.js\" charset=\"utf-8\"><\/script><script async defer src=\"https:\/\/platform.instagram.com\/en_US\/embeds.js\"><\/script><br \/>\n<i>Com informa\u00e7\u00f5es da assessoria de imprensa do TRF3.<\/i><br \/>\n<br \/><a href=\"http:\/\/web.trf3.jus.br\/noticias\/Noticias\/Noticia\/Exibir\/398410\">Fonte<\/a><br \/>\n<br \/><\/p>\n","protected":false},"excerpt":{"rendered":"<p>Minist\u00e9rio P\u00fablico Federal pedia condena\u00e7\u00e3o pelo crime de estelionato\u00a0 Decis\u00e3o un\u00e2nime da D\u00e9cima Primeira Turma do Tribunal Regional Federal da 3\u00aa Regi\u00e3o (TRF3) n\u00e3o acatou pedido do Minist\u00e9rio P\u00fablico Federal (MPF) e manteve a absolvi\u00e7\u00e3o de um homem que pediu judicialmente aposentadoria por invalidez e depois passou a exercer atividade remunerada na prefeitura do munic\u00edpio [&hellip;]<\/p>\n","protected":false},"author":3063,"featured_media":2709,"comment_status":"open","ping_status":"open","sticky":false,"template":"","format":"standard","meta":{"footnotes":""},"categories":[5,110],"tags":[11,10,8,13,9,12,152],"class_list":{"0":"post-7440","1":"post","2":"type-post","3":"status-publish","4":"format-standard","5":"has-post-thumbnail","7":"category-previdenciario","8":"category-trf3","9":"tag-aposentadoria","10":"tag-calculos-previdenciarios","11":"tag-direito-previdenciario","12":"tag-inss","13":"tag-pericia","14":"tag-perito","15":"tag-trf3"},"yoast_head":"<!-- This site is optimized with the Yoast SEO plugin v27.2 - https:\/\/yoast.com\/product\/yoast-seo-wordpress\/ -->\n<title>TRF3: TRIBUNAL&nbsp;MANT\u00c9M ABSOLVI\u00c7\u00c3O DE APOSENTADO POR INVALIDEZ QUE VOLTOU A TRABALHAR\u00a0 | Portal de Not\u00edcias<\/title>\n<meta name=\"robots\" content=\"index, follow, max-snippet:-1, max-image-preview:large, max-video-preview:-1\" \/>\n<link rel=\"canonical\" href=\"https:\/\/mhcalculos.com.br\/noticias\/area\/previdenciario\/trf3-tribunal-mantem-absolvicao-de-aposentado-por-invalidez-que-voltou-a-trabalhar.html\" \/>\n<meta property=\"og:locale\" content=\"pt_BR\" \/>\n<meta property=\"og:type\" content=\"article\" \/>\n<meta property=\"og:title\" content=\"TRF3: TRIBUNAL&nbsp;MANT\u00c9M ABSOLVI\u00c7\u00c3O DE APOSENTADO POR INVALIDEZ QUE VOLTOU A TRABALHAR\u00a0 | Portal de Not\u00edcias\" \/>\n<meta property=\"og:description\" content=\"Minist\u00e9rio P\u00fablico Federal pedia condena\u00e7\u00e3o pelo crime de estelionato\u00a0 Decis\u00e3o un\u00e2nime da D\u00e9cima Primeira Turma do Tribunal Regional Federal da 3\u00aa Regi\u00e3o (TRF3) n\u00e3o acatou pedido do Minist\u00e9rio P\u00fablico Federal (MPF) e manteve a absolvi\u00e7\u00e3o de um homem que pediu judicialmente aposentadoria por invalidez e depois passou a exercer atividade remunerada na prefeitura do munic\u00edpio [&hellip;]\" \/>\n<meta property=\"og:url\" content=\"https:\/\/mhcalculos.com.br\/noticias\/area\/previdenciario\/trf3-tribunal-mantem-absolvicao-de-aposentado-por-invalidez-que-voltou-a-trabalhar.html\" \/>\n<meta property=\"og:site_name\" content=\"Portal de Not\u00edcias\" \/>\n<meta property=\"article:published_time\" content=\"2020-08-24T16:05:19+00:00\" \/>\n<meta property=\"article:modified_time\" content=\"2021-07-28T17:29:09+00:00\" \/>\n<meta property=\"og:image\" content=\"https:\/\/mhcalculos.com.br\/noticias\/wp-content\/uploads\/sites\/2\/2018\/08\/previdenciario-0039.jpg\" \/>\n\t<meta property=\"og:image:width\" content=\"2000\" \/>\n\t<meta property=\"og:image:height\" content=\"800\" \/>\n\t<meta property=\"og:image:type\" content=\"image\/jpeg\" \/>\n<meta name=\"author\" content=\"Equipe MH\" \/>\n<meta name=\"twitter:card\" content=\"summary_large_image\" \/>\n<meta name=\"twitter:label1\" content=\"Escrito por\" \/>\n\t<meta name=\"twitter:data1\" content=\"Equipe MH\" \/>\n\t<meta name=\"twitter:label2\" content=\"Est. tempo de leitura\" \/>\n\t<meta name=\"twitter:data2\" content=\"3 minutos\" \/>\n<script type=\"application\/ld+json\" class=\"yoast-schema-graph\">{\"@context\":\"https:\/\/schema.org\",\"@graph\":[{\"@type\":\"Article\",\"@id\":\"https:\/\/mhcalculos.com.br\/noticias\/area\/previdenciario\/trf3-tribunal-mantem-absolvicao-de-aposentado-por-invalidez-que-voltou-a-trabalhar.html#article\",\"isPartOf\":{\"@id\":\"https:\/\/mhcalculos.com.br\/noticias\/area\/previdenciario\/trf3-tribunal-mantem-absolvicao-de-aposentado-por-invalidez-que-voltou-a-trabalhar.html\"},\"author\":{\"name\":\"Equipe MH\",\"@id\":\"https:\/\/mhcalculos.com.br\/noticias\/#\/schema\/person\/88d1c34bf72dc779ea14a5a6b8e0ae8d\"},\"headline\":\"TRF3: TRIBUNAL&nbsp;MANT\u00c9M ABSOLVI\u00c7\u00c3O DE APOSENTADO POR INVALIDEZ QUE VOLTOU A TRABALHAR\u00a0\",\"datePublished\":\"2020-08-24T16:05:19+00:00\",\"dateModified\":\"2021-07-28T17:29:09+00:00\",\"mainEntityOfPage\":{\"@id\":\"https:\/\/mhcalculos.com.br\/noticias\/area\/previdenciario\/trf3-tribunal-mantem-absolvicao-de-aposentado-por-invalidez-que-voltou-a-trabalhar.html\"},\"wordCount\":522,\"commentCount\":0,\"image\":{\"@id\":\"https:\/\/mhcalculos.com.br\/noticias\/area\/previdenciario\/trf3-tribunal-mantem-absolvicao-de-aposentado-por-invalidez-que-voltou-a-trabalhar.html#primaryimage\"},\"thumbnailUrl\":\"https:\/\/mhcalculos.com.br\/noticias\/wp-content\/uploads\/sites\/2\/2018\/08\/previdenciario-0039.jpg\",\"keywords\":[\"aposentadoria\",\"c\u00e1lculos previdenci\u00e1rios\",\"direito previdenci\u00e1rio\",\"inss\",\"per\u00edcia\",\"perito\",\"trf3\"],\"articleSection\":[\"Direito Previdenci\u00e1rio\",\"TRF3\"],\"inLanguage\":\"pt-BR\",\"potentialAction\":[{\"@type\":\"CommentAction\",\"name\":\"Comment\",\"target\":[\"https:\/\/mhcalculos.com.br\/noticias\/area\/previdenciario\/trf3-tribunal-mantem-absolvicao-de-aposentado-por-invalidez-que-voltou-a-trabalhar.html#respond\"]}]},{\"@type\":\"WebPage\",\"@id\":\"https:\/\/mhcalculos.com.br\/noticias\/area\/previdenciario\/trf3-tribunal-mantem-absolvicao-de-aposentado-por-invalidez-que-voltou-a-trabalhar.html\",\"url\":\"https:\/\/mhcalculos.com.br\/noticias\/area\/previdenciario\/trf3-tribunal-mantem-absolvicao-de-aposentado-por-invalidez-que-voltou-a-trabalhar.html\",\"name\":\"TRF3: TRIBUNAL&nbsp;MANT\u00c9M ABSOLVI\u00c7\u00c3O DE APOSENTADO POR INVALIDEZ QUE VOLTOU A TRABALHAR\u00a0 | Portal de Not\u00edcias\",\"isPartOf\":{\"@id\":\"https:\/\/mhcalculos.com.br\/noticias\/#website\"},\"primaryImageOfPage\":{\"@id\":\"https:\/\/mhcalculos.com.br\/noticias\/area\/previdenciario\/trf3-tribunal-mantem-absolvicao-de-aposentado-por-invalidez-que-voltou-a-trabalhar.html#primaryimage\"},\"image\":{\"@id\":\"https:\/\/mhcalculos.com.br\/noticias\/area\/previdenciario\/trf3-tribunal-mantem-absolvicao-de-aposentado-por-invalidez-que-voltou-a-trabalhar.html#primaryimage\"},\"thumbnailUrl\":\"https:\/\/mhcalculos.com.br\/noticias\/wp-content\/uploads\/sites\/2\/2018\/08\/previdenciario-0039.jpg\",\"datePublished\":\"2020-08-24T16:05:19+00:00\",\"dateModified\":\"2021-07-28T17:29:09+00:00\",\"author\":{\"@id\":\"https:\/\/mhcalculos.com.br\/noticias\/#\/schema\/person\/88d1c34bf72dc779ea14a5a6b8e0ae8d\"},\"breadcrumb\":{\"@id\":\"https:\/\/mhcalculos.com.br\/noticias\/area\/previdenciario\/trf3-tribunal-mantem-absolvicao-de-aposentado-por-invalidez-que-voltou-a-trabalhar.html#breadcrumb\"},\"inLanguage\":\"pt-BR\",\"potentialAction\":[{\"@type\":\"ReadAction\",\"target\":[\"https:\/\/mhcalculos.com.br\/noticias\/area\/previdenciario\/trf3-tribunal-mantem-absolvicao-de-aposentado-por-invalidez-que-voltou-a-trabalhar.html\"]}]},{\"@type\":\"ImageObject\",\"inLanguage\":\"pt-BR\",\"@id\":\"https:\/\/mhcalculos.com.br\/noticias\/area\/previdenciario\/trf3-tribunal-mantem-absolvicao-de-aposentado-por-invalidez-que-voltou-a-trabalhar.html#primaryimage\",\"url\":\"https:\/\/mhcalculos.com.br\/noticias\/wp-content\/uploads\/sites\/2\/2018\/08\/previdenciario-0039.jpg\",\"contentUrl\":\"https:\/\/mhcalculos.com.br\/noticias\/wp-content\/uploads\/sites\/2\/2018\/08\/previdenciario-0039.jpg\",\"width\":2000,\"height\":800},{\"@type\":\"BreadcrumbList\",\"@id\":\"https:\/\/mhcalculos.com.br\/noticias\/area\/previdenciario\/trf3-tribunal-mantem-absolvicao-de-aposentado-por-invalidez-que-voltou-a-trabalhar.html#breadcrumb\",\"itemListElement\":[{\"@type\":\"ListItem\",\"position\":1,\"name\":\"In\u00edcio\",\"item\":\"https:\/\/mhcalculos.com.br\/noticias\/\"},{\"@type\":\"ListItem\",\"position\":2,\"name\":\"TRF3: TRIBUNAL&nbsp;MANT\u00c9M ABSOLVI\u00c7\u00c3O DE APOSENTADO POR INVALIDEZ QUE VOLTOU A TRABALHAR\u00a0\"}]},{\"@type\":\"WebSite\",\"@id\":\"https:\/\/mhcalculos.com.br\/noticias\/#website\",\"url\":\"https:\/\/mhcalculos.com.br\/noticias\/\",\"name\":\"Portal de Not\u00edcias\",\"description\":\"Not\u00edcias e Jurisprud\u00eancia\",\"potentialAction\":[{\"@type\":\"SearchAction\",\"target\":{\"@type\":\"EntryPoint\",\"urlTemplate\":\"https:\/\/mhcalculos.com.br\/noticias\/?s={search_term_string}\"},\"query-input\":{\"@type\":\"PropertyValueSpecification\",\"valueRequired\":true,\"valueName\":\"search_term_string\"}}],\"inLanguage\":\"pt-BR\"},{\"@type\":\"Person\",\"@id\":\"https:\/\/mhcalculos.com.br\/noticias\/#\/schema\/person\/88d1c34bf72dc779ea14a5a6b8e0ae8d\",\"name\":\"Equipe MH\",\"image\":{\"@type\":\"ImageObject\",\"inLanguage\":\"pt-BR\",\"@id\":\"https:\/\/secure.gravatar.com\/avatar\/de1c686c2ecc9c5a3f327e3431d819eb39f8f05d4e1045f5a1caad6daaba987f?s=96&d=mm&r=g\",\"url\":\"https:\/\/secure.gravatar.com\/avatar\/de1c686c2ecc9c5a3f327e3431d819eb39f8f05d4e1045f5a1caad6daaba987f?s=96&d=mm&r=g\",\"contentUrl\":\"https:\/\/secure.gravatar.com\/avatar\/de1c686c2ecc9c5a3f327e3431d819eb39f8f05d4e1045f5a1caad6daaba987f?s=96&d=mm&r=g\",\"caption\":\"Equipe MH\"}}]}<\/script>\n<!-- \/ Yoast SEO plugin. -->","yoast_head_json":{"title":"TRF3: TRIBUNAL&nbsp;MANT\u00c9M ABSOLVI\u00c7\u00c3O DE APOSENTADO POR INVALIDEZ QUE VOLTOU A TRABALHAR\u00a0 | Portal de Not\u00edcias","robots":{"index":"index","follow":"follow","max-snippet":"max-snippet:-1","max-image-preview":"max-image-preview:large","max-video-preview":"max-video-preview:-1"},"canonical":"https:\/\/mhcalculos.com.br\/noticias\/area\/previdenciario\/trf3-tribunal-mantem-absolvicao-de-aposentado-por-invalidez-que-voltou-a-trabalhar.html","og_locale":"pt_BR","og_type":"article","og_title":"TRF3: TRIBUNAL&nbsp;MANT\u00c9M ABSOLVI\u00c7\u00c3O DE APOSENTADO POR INVALIDEZ QUE VOLTOU A TRABALHAR\u00a0 | Portal de Not\u00edcias","og_description":"Minist\u00e9rio P\u00fablico Federal pedia condena\u00e7\u00e3o pelo crime de estelionato\u00a0 Decis\u00e3o un\u00e2nime da D\u00e9cima Primeira Turma do Tribunal Regional Federal da 3\u00aa Regi\u00e3o (TRF3) n\u00e3o acatou pedido do Minist\u00e9rio P\u00fablico Federal (MPF) e manteve a absolvi\u00e7\u00e3o de um homem que pediu judicialmente aposentadoria por invalidez e depois passou a exercer atividade remunerada na prefeitura do munic\u00edpio [&hellip;]","og_url":"https:\/\/mhcalculos.com.br\/noticias\/area\/previdenciario\/trf3-tribunal-mantem-absolvicao-de-aposentado-por-invalidez-que-voltou-a-trabalhar.html","og_site_name":"Portal de Not\u00edcias","article_published_time":"2020-08-24T16:05:19+00:00","article_modified_time":"2021-07-28T17:29:09+00:00","og_image":[{"width":2000,"height":800,"url":"https:\/\/mhcalculos.com.br\/noticias\/wp-content\/uploads\/sites\/2\/2018\/08\/previdenciario-0039.jpg","type":"image\/jpeg"}],"author":"Equipe MH","twitter_card":"summary_large_image","twitter_misc":{"Escrito por":"Equipe MH","Est. tempo de leitura":"3 minutos"},"schema":{"@context":"https:\/\/schema.org","@graph":[{"@type":"Article","@id":"https:\/\/mhcalculos.com.br\/noticias\/area\/previdenciario\/trf3-tribunal-mantem-absolvicao-de-aposentado-por-invalidez-que-voltou-a-trabalhar.html#article","isPartOf":{"@id":"https:\/\/mhcalculos.com.br\/noticias\/area\/previdenciario\/trf3-tribunal-mantem-absolvicao-de-aposentado-por-invalidez-que-voltou-a-trabalhar.html"},"author":{"name":"Equipe MH","@id":"https:\/\/mhcalculos.com.br\/noticias\/#\/schema\/person\/88d1c34bf72dc779ea14a5a6b8e0ae8d"},"headline":"TRF3: TRIBUNAL&nbsp;MANT\u00c9M ABSOLVI\u00c7\u00c3O DE APOSENTADO POR INVALIDEZ QUE VOLTOU A TRABALHAR\u00a0","datePublished":"2020-08-24T16:05:19+00:00","dateModified":"2021-07-28T17:29:09+00:00","mainEntityOfPage":{"@id":"https:\/\/mhcalculos.com.br\/noticias\/area\/previdenciario\/trf3-tribunal-mantem-absolvicao-de-aposentado-por-invalidez-que-voltou-a-trabalhar.html"},"wordCount":522,"commentCount":0,"image":{"@id":"https:\/\/mhcalculos.com.br\/noticias\/area\/previdenciario\/trf3-tribunal-mantem-absolvicao-de-aposentado-por-invalidez-que-voltou-a-trabalhar.html#primaryimage"},"thumbnailUrl":"https:\/\/mhcalculos.com.br\/noticias\/wp-content\/uploads\/sites\/2\/2018\/08\/previdenciario-0039.jpg","keywords":["aposentadoria","c\u00e1lculos previdenci\u00e1rios","direito previdenci\u00e1rio","inss","per\u00edcia","perito","trf3"],"articleSection":["Direito Previdenci\u00e1rio","TRF3"],"inLanguage":"pt-BR","potentialAction":[{"@type":"CommentAction","name":"Comment","target":["https:\/\/mhcalculos.com.br\/noticias\/area\/previdenciario\/trf3-tribunal-mantem-absolvicao-de-aposentado-por-invalidez-que-voltou-a-trabalhar.html#respond"]}]},{"@type":"WebPage","@id":"https:\/\/mhcalculos.com.br\/noticias\/area\/previdenciario\/trf3-tribunal-mantem-absolvicao-de-aposentado-por-invalidez-que-voltou-a-trabalhar.html","url":"https:\/\/mhcalculos.com.br\/noticias\/area\/previdenciario\/trf3-tribunal-mantem-absolvicao-de-aposentado-por-invalidez-que-voltou-a-trabalhar.html","name":"TRF3: TRIBUNAL&nbsp;MANT\u00c9M ABSOLVI\u00c7\u00c3O DE APOSENTADO POR INVALIDEZ QUE VOLTOU A TRABALHAR\u00a0 | Portal de Not\u00edcias","isPartOf":{"@id":"https:\/\/mhcalculos.com.br\/noticias\/#website"},"primaryImageOfPage":{"@id":"https:\/\/mhcalculos.com.br\/noticias\/area\/previdenciario\/trf3-tribunal-mantem-absolvicao-de-aposentado-por-invalidez-que-voltou-a-trabalhar.html#primaryimage"},"image":{"@id":"https:\/\/mhcalculos.com.br\/noticias\/area\/previdenciario\/trf3-tribunal-mantem-absolvicao-de-aposentado-por-invalidez-que-voltou-a-trabalhar.html#primaryimage"},"thumbnailUrl":"https:\/\/mhcalculos.com.br\/noticias\/wp-content\/uploads\/sites\/2\/2018\/08\/previdenciario-0039.jpg","datePublished":"2020-08-24T16:05:19+00:00","dateModified":"2021-07-28T17:29:09+00:00","author":{"@id":"https:\/\/mhcalculos.com.br\/noticias\/#\/schema\/person\/88d1c34bf72dc779ea14a5a6b8e0ae8d"},"breadcrumb":{"@id":"https:\/\/mhcalculos.com.br\/noticias\/area\/previdenciario\/trf3-tribunal-mantem-absolvicao-de-aposentado-por-invalidez-que-voltou-a-trabalhar.html#breadcrumb"},"inLanguage":"pt-BR","potentialAction":[{"@type":"ReadAction","target":["https:\/\/mhcalculos.com.br\/noticias\/area\/previdenciario\/trf3-tribunal-mantem-absolvicao-de-aposentado-por-invalidez-que-voltou-a-trabalhar.html"]}]},{"@type":"ImageObject","inLanguage":"pt-BR","@id":"https:\/\/mhcalculos.com.br\/noticias\/area\/previdenciario\/trf3-tribunal-mantem-absolvicao-de-aposentado-por-invalidez-que-voltou-a-trabalhar.html#primaryimage","url":"https:\/\/mhcalculos.com.br\/noticias\/wp-content\/uploads\/sites\/2\/2018\/08\/previdenciario-0039.jpg","contentUrl":"https:\/\/mhcalculos.com.br\/noticias\/wp-content\/uploads\/sites\/2\/2018\/08\/previdenciario-0039.jpg","width":2000,"height":800},{"@type":"BreadcrumbList","@id":"https:\/\/mhcalculos.com.br\/noticias\/area\/previdenciario\/trf3-tribunal-mantem-absolvicao-de-aposentado-por-invalidez-que-voltou-a-trabalhar.html#breadcrumb","itemListElement":[{"@type":"ListItem","position":1,"name":"In\u00edcio","item":"https:\/\/mhcalculos.com.br\/noticias\/"},{"@type":"ListItem","position":2,"name":"TRF3: TRIBUNAL&nbsp;MANT\u00c9M ABSOLVI\u00c7\u00c3O DE APOSENTADO POR INVALIDEZ QUE VOLTOU A TRABALHAR\u00a0"}]},{"@type":"WebSite","@id":"https:\/\/mhcalculos.com.br\/noticias\/#website","url":"https:\/\/mhcalculos.com.br\/noticias\/","name":"Portal de Not\u00edcias","description":"Not\u00edcias e Jurisprud\u00eancia","potentialAction":[{"@type":"SearchAction","target":{"@type":"EntryPoint","urlTemplate":"https:\/\/mhcalculos.com.br\/noticias\/?s={search_term_string}"},"query-input":{"@type":"PropertyValueSpecification","valueRequired":true,"valueName":"search_term_string"}}],"inLanguage":"pt-BR"},{"@type":"Person","@id":"https:\/\/mhcalculos.com.br\/noticias\/#\/schema\/person\/88d1c34bf72dc779ea14a5a6b8e0ae8d","name":"Equipe MH","image":{"@type":"ImageObject","inLanguage":"pt-BR","@id":"https:\/\/secure.gravatar.com\/avatar\/de1c686c2ecc9c5a3f327e3431d819eb39f8f05d4e1045f5a1caad6daaba987f?s=96&d=mm&r=g","url":"https:\/\/secure.gravatar.com\/avatar\/de1c686c2ecc9c5a3f327e3431d819eb39f8f05d4e1045f5a1caad6daaba987f?s=96&d=mm&r=g","contentUrl":"https:\/\/secure.gravatar.com\/avatar\/de1c686c2ecc9c5a3f327e3431d819eb39f8f05d4e1045f5a1caad6daaba987f?s=96&d=mm&r=g","caption":"Equipe MH"}}]}},"_links":{"self":[{"href":"https:\/\/mhcalculos.com.br\/noticias\/wp-json\/wp\/v2\/posts\/7440","targetHints":{"allow":["GET"]}}],"collection":[{"href":"https:\/\/mhcalculos.com.br\/noticias\/wp-json\/wp\/v2\/posts"}],"about":[{"href":"https:\/\/mhcalculos.com.br\/noticias\/wp-json\/wp\/v2\/types\/post"}],"author":[{"embeddable":true,"href":"https:\/\/mhcalculos.com.br\/noticias\/wp-json\/wp\/v2\/users\/3063"}],"replies":[{"embeddable":true,"href":"https:\/\/mhcalculos.com.br\/noticias\/wp-json\/wp\/v2\/comments?post=7440"}],"version-history":[{"count":1,"href":"https:\/\/mhcalculos.com.br\/noticias\/wp-json\/wp\/v2\/posts\/7440\/revisions"}],"predecessor-version":[{"id":8936,"href":"https:\/\/mhcalculos.com.br\/noticias\/wp-json\/wp\/v2\/posts\/7440\/revisions\/8936"}],"wp:featuredmedia":[{"embeddable":true,"href":"https:\/\/mhcalculos.com.br\/noticias\/wp-json\/wp\/v2\/media\/2709"}],"wp:attachment":[{"href":"https:\/\/mhcalculos.com.br\/noticias\/wp-json\/wp\/v2\/media?parent=7440"}],"wp:term":[{"taxonomy":"category","embeddable":true,"href":"https:\/\/mhcalculos.com.br\/noticias\/wp-json\/wp\/v2\/categories?post=7440"},{"taxonomy":"post_tag","embeddable":true,"href":"https:\/\/mhcalculos.com.br\/noticias\/wp-json\/wp\/v2\/tags?post=7440"}],"curies":[{"name":"wp","href":"https:\/\/api.w.org\/{rel}","templated":true}]}}