{"id":7433,"date":"2020-08-21T17:05:18","date_gmt":"2020-08-21T20:05:18","guid":{"rendered":"https:\/\/mhcalculos.com.br\/noticias\/area\/previdenciario\/trf4-tribunal-amplia-prazo-para-que-inss-implemente-aposentadoria-por-invalidez-para-segurado-de-missal-pr-20-08-2020.html"},"modified":"2021-07-28T14:29:10","modified_gmt":"2021-07-28T17:29:10","slug":"trf4-tribunal-amplia-prazo-para-que-inss-implemente-aposentadoria-por-invalidez-para-segurado-de-missal-pr-20-08-2020","status":"publish","type":"post","link":"https:\/\/mhcalculos.com.br\/noticias\/area\/previdenciario\/trf4-tribunal-amplia-prazo-para-que-inss-implemente-aposentadoria-por-invalidez-para-segurado-de-missal-pr-20-08-2020.html","title":{"rendered":"TRF4: Tribunal&nbsp;amplia prazo para que INSS implemente aposentadoria por invalidez para segurado de Missal (PR) (20\/08\/2020)"},"content":{"rendered":"<p><br \/>\n<\/p>\n<p>O Tribunal Regional Federal da 4\u00aa Regi\u00e3o (TRF4) deu provimento a um recurso do Instituto Nacional do Seguro Social (INSS) e ampliou o prazo de 15 para 45 dias para que a autarquia implemente o benef\u00edcio de aposentadoria por invalidez a um segurado de 58 anos, residente do munic\u00edpio de Missal (PR). A decis\u00e3o foi proferida pela Turma Regional Suplementar do Paran\u00e1 por unanimidade em sess\u00e3o virtual de julgamento realizada no dia 12\/8. O colegiado tamb\u00e9m reduziu de R$ 200 para R$ 100 o valor da multa di\u00e1ria que o Instituto ter\u00e1 de pagar caso n\u00e3o cumpra a decis\u00e3o judicial dentro do prazo estabelecido.<\/p>\n<p>O segurado havia ajuizado a\u00e7\u00e3o pleiteando a concess\u00e3o do benef\u00edcio previdenci\u00e1rio, com pedido de antecipa\u00e7\u00e3o de tutela, em mar\u00e7o deste ano.<\/p>\n<p>A Vara Judicial da Comarca de Santa Helena (PR), respons\u00e1vel por julgar o processo por meio da compet\u00eancia delegada, reconheceu a urg\u00eancia no pedido do autor e concedeu liminarmente a implanta\u00e7\u00e3o da aposentadoria por invalidez. Foi determinado que o INSS comprovasse o cumprimento da ordem em 15 dias, sob pena de multa di\u00e1ria fixada em R$ 200. \u00a0<\/p>\n<p>A autarquia recorreu ao TRF4. No agravo de instrumento, argumentou que o prazo estabelecido seria ex\u00edguo, destacando o volume de trabalho a que est\u00e1 submetido o INSS juntamente com a escassez de servidores. Alegou que o Judici\u00e1rio deveria ponderar o atual contexto f\u00e1tico, diante da reforma da previd\u00eancia, que trouxe novos pedidos de benef\u00edcio em massa.<\/p>\n<p>O Instituto requisitou a amplia\u00e7\u00e3o do prazo para o cumprimento da medida em 45 dias, bem como a exclus\u00e3o da multa, ou, subsidiariamente, a diminui\u00e7\u00e3o do valor.<\/p>\n<p><strong>Recurso deferido<\/strong><\/p>\n<p>A Turma Regional Suplementar do Paran\u00e1 deferiu o recurso do INSS de forma un\u00e2nime.<\/p>\n<p>O desembargador federal M\u00e1rcio Ant\u00f4nio Rocha, relator do caso na Corte, ressaltou em seu voto: &ldquo;de fato, entendo que o prazo fixado para cumprimento da obriga\u00e7\u00e3o se mostra ex\u00edguo. Ademais n\u00e3o constou da decis\u00e3o argumentos para al\u00e9m dos j\u00e1 \u00ednsitos \u00e0 natureza da medida deferida (probabilidade do direito e perigo de dano) a justificar a urg\u00eancia, nesse n\u00edvel, da implanta\u00e7\u00e3o. Altero o prazo fixado para 45 dias, por se tratar de tempo razo\u00e1vel para que a autarquia previdenci\u00e1ria adote as provid\u00eancias necess\u00e1rias tendentes a efetivar a medida&rdquo;.<\/p>\n<p>Sobre a redu\u00e7\u00e3o da multa, o magistrado observou que &ldquo;de acordo com os precedentes deste Tribunal, \u00e9 razo\u00e1vel o arbitramento do valor em R$ 100 por dia&rdquo;.<\/p>\n<p>A a\u00e7\u00e3o segue tramitando em primeira inst\u00e2ncia e ainda dever\u00e1 ter o seu m\u00e9rito julgado.<\/p>\n<p><br \/> (Pedro Fran\u00e7a\/Ag\u00eancia Senado)<\/p>\n<p><i>Com informa\u00e7\u00f5es da assessoria de imprensa do TRF4.<\/i><br \/>\n<br \/><a href=\"http:\/\/www2.trf4.jus.br\/trf4\/controlador.php?acao=noticia_visualizar&#038;id_noticia=15379\">Fonte<\/a><br \/>\n<br \/><\/p>\n","protected":false},"excerpt":{"rendered":"<p>O Tribunal Regional Federal da 4\u00aa Regi\u00e3o (TRF4) deu provimento a um recurso do Instituto Nacional do Seguro Social (INSS) e ampliou o prazo de 15 para 45 dias para que a autarquia implemente o benef\u00edcio de aposentadoria por invalidez a um segurado de 58 anos, residente do munic\u00edpio de Missal (PR). A decis\u00e3o foi [&hellip;]<\/p>\n","protected":false},"author":3063,"featured_media":2672,"comment_status":"open","ping_status":"open","sticky":false,"template":"","format":"standard","meta":{"footnotes":""},"categories":[5,6],"tags":[11,10,8,13,9,12,17],"class_list":{"0":"post-7433","1":"post","2":"type-post","3":"status-publish","4":"format-standard","5":"has-post-thumbnail","7":"category-previdenciario","8":"category-trf4","9":"tag-aposentadoria","10":"tag-calculos-previdenciarios","11":"tag-direito-previdenciario","12":"tag-inss","13":"tag-pericia","14":"tag-perito","15":"tag-trf4"},"yoast_head":"<!-- This site is optimized with the Yoast SEO plugin v27.2 - https:\/\/yoast.com\/product\/yoast-seo-wordpress\/ -->\n<title>TRF4: Tribunal&nbsp;amplia prazo para que INSS implemente aposentadoria por invalidez para segurado de Missal (PR) (20\/08\/2020) | Portal de Not\u00edcias<\/title>\n<meta name=\"robots\" content=\"index, follow, max-snippet:-1, max-image-preview:large, max-video-preview:-1\" \/>\n<link rel=\"canonical\" href=\"https:\/\/mhcalculos.com.br\/noticias\/area\/previdenciario\/trf4-tribunal-amplia-prazo-para-que-inss-implemente-aposentadoria-por-invalidez-para-segurado-de-missal-pr-20-08-2020.html\" \/>\n<meta property=\"og:locale\" content=\"pt_BR\" \/>\n<meta property=\"og:type\" content=\"article\" \/>\n<meta property=\"og:title\" content=\"TRF4: Tribunal&nbsp;amplia prazo para que INSS implemente aposentadoria por invalidez para segurado de Missal (PR) (20\/08\/2020) | Portal de Not\u00edcias\" \/>\n<meta property=\"og:description\" content=\"O Tribunal Regional Federal da 4\u00aa Regi\u00e3o (TRF4) deu provimento a um recurso do Instituto Nacional do Seguro Social (INSS) e ampliou o prazo de 15 para 45 dias para que a autarquia implemente o benef\u00edcio de aposentadoria por invalidez a um segurado de 58 anos, residente do munic\u00edpio de Missal (PR). A decis\u00e3o foi [&hellip;]\" \/>\n<meta property=\"og:url\" content=\"https:\/\/mhcalculos.com.br\/noticias\/area\/previdenciario\/trf4-tribunal-amplia-prazo-para-que-inss-implemente-aposentadoria-por-invalidez-para-segurado-de-missal-pr-20-08-2020.html\" \/>\n<meta property=\"og:site_name\" content=\"Portal de Not\u00edcias\" \/>\n<meta property=\"article:published_time\" content=\"2020-08-21T20:05:18+00:00\" \/>\n<meta property=\"article:modified_time\" content=\"2021-07-28T17:29:10+00:00\" \/>\n<meta property=\"og:image\" content=\"https:\/\/mhcalculos.com.br\/noticias\/wp-content\/uploads\/sites\/2\/2018\/08\/previdenciario-0037.jpg\" \/>\n\t<meta property=\"og:image:width\" content=\"2000\" \/>\n\t<meta property=\"og:image:height\" content=\"800\" \/>\n\t<meta property=\"og:image:type\" content=\"image\/jpeg\" \/>\n<meta name=\"author\" content=\"Equipe MH\" \/>\n<meta name=\"twitter:card\" content=\"summary_large_image\" \/>\n<meta name=\"twitter:label1\" content=\"Escrito por\" \/>\n\t<meta name=\"twitter:data1\" content=\"Equipe MH\" \/>\n\t<meta name=\"twitter:label2\" content=\"Est. tempo de leitura\" \/>\n\t<meta name=\"twitter:data2\" content=\"2 minutos\" \/>\n<script type=\"application\/ld+json\" class=\"yoast-schema-graph\">{\"@context\":\"https:\/\/schema.org\",\"@graph\":[{\"@type\":\"Article\",\"@id\":\"https:\/\/mhcalculos.com.br\/noticias\/area\/previdenciario\/trf4-tribunal-amplia-prazo-para-que-inss-implemente-aposentadoria-por-invalidez-para-segurado-de-missal-pr-20-08-2020.html#article\",\"isPartOf\":{\"@id\":\"https:\/\/mhcalculos.com.br\/noticias\/area\/previdenciario\/trf4-tribunal-amplia-prazo-para-que-inss-implemente-aposentadoria-por-invalidez-para-segurado-de-missal-pr-20-08-2020.html\"},\"author\":{\"name\":\"Equipe MH\",\"@id\":\"https:\/\/mhcalculos.com.br\/noticias\/#\/schema\/person\/88d1c34bf72dc779ea14a5a6b8e0ae8d\"},\"headline\":\"TRF4: Tribunal&nbsp;amplia prazo para que INSS implemente aposentadoria por invalidez para segurado de Missal (PR) (20\/08\/2020)\",\"datePublished\":\"2020-08-21T20:05:18+00:00\",\"dateModified\":\"2021-07-28T17:29:10+00:00\",\"mainEntityOfPage\":{\"@id\":\"https:\/\/mhcalculos.com.br\/noticias\/area\/previdenciario\/trf4-tribunal-amplia-prazo-para-que-inss-implemente-aposentadoria-por-invalidez-para-segurado-de-missal-pr-20-08-2020.html\"},\"wordCount\":483,\"commentCount\":0,\"image\":{\"@id\":\"https:\/\/mhcalculos.com.br\/noticias\/area\/previdenciario\/trf4-tribunal-amplia-prazo-para-que-inss-implemente-aposentadoria-por-invalidez-para-segurado-de-missal-pr-20-08-2020.html#primaryimage\"},\"thumbnailUrl\":\"https:\/\/mhcalculos.com.br\/noticias\/wp-content\/uploads\/sites\/2\/2018\/08\/previdenciario-0037.jpg\",\"keywords\":[\"aposentadoria\",\"c\u00e1lculos previdenci\u00e1rios\",\"direito previdenci\u00e1rio\",\"inss\",\"per\u00edcia\",\"perito\",\"trf4\"],\"articleSection\":[\"Direito Previdenci\u00e1rio\",\"TRF4\"],\"inLanguage\":\"pt-BR\",\"potentialAction\":[{\"@type\":\"CommentAction\",\"name\":\"Comment\",\"target\":[\"https:\/\/mhcalculos.com.br\/noticias\/area\/previdenciario\/trf4-tribunal-amplia-prazo-para-que-inss-implemente-aposentadoria-por-invalidez-para-segurado-de-missal-pr-20-08-2020.html#respond\"]}]},{\"@type\":\"WebPage\",\"@id\":\"https:\/\/mhcalculos.com.br\/noticias\/area\/previdenciario\/trf4-tribunal-amplia-prazo-para-que-inss-implemente-aposentadoria-por-invalidez-para-segurado-de-missal-pr-20-08-2020.html\",\"url\":\"https:\/\/mhcalculos.com.br\/noticias\/area\/previdenciario\/trf4-tribunal-amplia-prazo-para-que-inss-implemente-aposentadoria-por-invalidez-para-segurado-de-missal-pr-20-08-2020.html\",\"name\":\"TRF4: Tribunal&nbsp;amplia prazo para que INSS implemente aposentadoria por invalidez para segurado de Missal (PR) (20\/08\/2020) | Portal de Not\u00edcias\",\"isPartOf\":{\"@id\":\"https:\/\/mhcalculos.com.br\/noticias\/#website\"},\"primaryImageOfPage\":{\"@id\":\"https:\/\/mhcalculos.com.br\/noticias\/area\/previdenciario\/trf4-tribunal-amplia-prazo-para-que-inss-implemente-aposentadoria-por-invalidez-para-segurado-de-missal-pr-20-08-2020.html#primaryimage\"},\"image\":{\"@id\":\"https:\/\/mhcalculos.com.br\/noticias\/area\/previdenciario\/trf4-tribunal-amplia-prazo-para-que-inss-implemente-aposentadoria-por-invalidez-para-segurado-de-missal-pr-20-08-2020.html#primaryimage\"},\"thumbnailUrl\":\"https:\/\/mhcalculos.com.br\/noticias\/wp-content\/uploads\/sites\/2\/2018\/08\/previdenciario-0037.jpg\",\"datePublished\":\"2020-08-21T20:05:18+00:00\",\"dateModified\":\"2021-07-28T17:29:10+00:00\",\"author\":{\"@id\":\"https:\/\/mhcalculos.com.br\/noticias\/#\/schema\/person\/88d1c34bf72dc779ea14a5a6b8e0ae8d\"},\"breadcrumb\":{\"@id\":\"https:\/\/mhcalculos.com.br\/noticias\/area\/previdenciario\/trf4-tribunal-amplia-prazo-para-que-inss-implemente-aposentadoria-por-invalidez-para-segurado-de-missal-pr-20-08-2020.html#breadcrumb\"},\"inLanguage\":\"pt-BR\",\"potentialAction\":[{\"@type\":\"ReadAction\",\"target\":[\"https:\/\/mhcalculos.com.br\/noticias\/area\/previdenciario\/trf4-tribunal-amplia-prazo-para-que-inss-implemente-aposentadoria-por-invalidez-para-segurado-de-missal-pr-20-08-2020.html\"]}]},{\"@type\":\"ImageObject\",\"inLanguage\":\"pt-BR\",\"@id\":\"https:\/\/mhcalculos.com.br\/noticias\/area\/previdenciario\/trf4-tribunal-amplia-prazo-para-que-inss-implemente-aposentadoria-por-invalidez-para-segurado-de-missal-pr-20-08-2020.html#primaryimage\",\"url\":\"https:\/\/mhcalculos.com.br\/noticias\/wp-content\/uploads\/sites\/2\/2018\/08\/previdenciario-0037.jpg\",\"contentUrl\":\"https:\/\/mhcalculos.com.br\/noticias\/wp-content\/uploads\/sites\/2\/2018\/08\/previdenciario-0037.jpg\",\"width\":2000,\"height\":800,\"caption\":\"Julgamento de repetitivos e opera\u00e7\u00f5es policiais marcam in\u00edcio do semestre forense no STJ\"},{\"@type\":\"BreadcrumbList\",\"@id\":\"https:\/\/mhcalculos.com.br\/noticias\/area\/previdenciario\/trf4-tribunal-amplia-prazo-para-que-inss-implemente-aposentadoria-por-invalidez-para-segurado-de-missal-pr-20-08-2020.html#breadcrumb\",\"itemListElement\":[{\"@type\":\"ListItem\",\"position\":1,\"name\":\"In\u00edcio\",\"item\":\"https:\/\/mhcalculos.com.br\/noticias\/\"},{\"@type\":\"ListItem\",\"position\":2,\"name\":\"TRF4: Tribunal&nbsp;amplia prazo para que INSS implemente aposentadoria por invalidez para segurado de Missal (PR) (20\/08\/2020)\"}]},{\"@type\":\"WebSite\",\"@id\":\"https:\/\/mhcalculos.com.br\/noticias\/#website\",\"url\":\"https:\/\/mhcalculos.com.br\/noticias\/\",\"name\":\"Portal de Not\u00edcias\",\"description\":\"Not\u00edcias e Jurisprud\u00eancia\",\"potentialAction\":[{\"@type\":\"SearchAction\",\"target\":{\"@type\":\"EntryPoint\",\"urlTemplate\":\"https:\/\/mhcalculos.com.br\/noticias\/?s={search_term_string}\"},\"query-input\":{\"@type\":\"PropertyValueSpecification\",\"valueRequired\":true,\"valueName\":\"search_term_string\"}}],\"inLanguage\":\"pt-BR\"},{\"@type\":\"Person\",\"@id\":\"https:\/\/mhcalculos.com.br\/noticias\/#\/schema\/person\/88d1c34bf72dc779ea14a5a6b8e0ae8d\",\"name\":\"Equipe MH\",\"image\":{\"@type\":\"ImageObject\",\"inLanguage\":\"pt-BR\",\"@id\":\"https:\/\/secure.gravatar.com\/avatar\/de1c686c2ecc9c5a3f327e3431d819eb39f8f05d4e1045f5a1caad6daaba987f?s=96&d=mm&r=g\",\"url\":\"https:\/\/secure.gravatar.com\/avatar\/de1c686c2ecc9c5a3f327e3431d819eb39f8f05d4e1045f5a1caad6daaba987f?s=96&d=mm&r=g\",\"contentUrl\":\"https:\/\/secure.gravatar.com\/avatar\/de1c686c2ecc9c5a3f327e3431d819eb39f8f05d4e1045f5a1caad6daaba987f?s=96&d=mm&r=g\",\"caption\":\"Equipe MH\"}}]}<\/script>\n<!-- \/ Yoast SEO plugin. -->","yoast_head_json":{"title":"TRF4: Tribunal&nbsp;amplia prazo para que INSS implemente aposentadoria por invalidez para segurado de Missal (PR) (20\/08\/2020) | Portal de Not\u00edcias","robots":{"index":"index","follow":"follow","max-snippet":"max-snippet:-1","max-image-preview":"max-image-preview:large","max-video-preview":"max-video-preview:-1"},"canonical":"https:\/\/mhcalculos.com.br\/noticias\/area\/previdenciario\/trf4-tribunal-amplia-prazo-para-que-inss-implemente-aposentadoria-por-invalidez-para-segurado-de-missal-pr-20-08-2020.html","og_locale":"pt_BR","og_type":"article","og_title":"TRF4: Tribunal&nbsp;amplia prazo para que INSS implemente aposentadoria por invalidez para segurado de Missal (PR) (20\/08\/2020) | Portal de Not\u00edcias","og_description":"O Tribunal Regional Federal da 4\u00aa Regi\u00e3o (TRF4) deu provimento a um recurso do Instituto Nacional do Seguro Social (INSS) e ampliou o prazo de 15 para 45 dias para que a autarquia implemente o benef\u00edcio de aposentadoria por invalidez a um segurado de 58 anos, residente do munic\u00edpio de Missal (PR). A decis\u00e3o foi [&hellip;]","og_url":"https:\/\/mhcalculos.com.br\/noticias\/area\/previdenciario\/trf4-tribunal-amplia-prazo-para-que-inss-implemente-aposentadoria-por-invalidez-para-segurado-de-missal-pr-20-08-2020.html","og_site_name":"Portal de Not\u00edcias","article_published_time":"2020-08-21T20:05:18+00:00","article_modified_time":"2021-07-28T17:29:10+00:00","og_image":[{"width":2000,"height":800,"url":"https:\/\/mhcalculos.com.br\/noticias\/wp-content\/uploads\/sites\/2\/2018\/08\/previdenciario-0037.jpg","type":"image\/jpeg"}],"author":"Equipe MH","twitter_card":"summary_large_image","twitter_misc":{"Escrito por":"Equipe MH","Est. tempo de leitura":"2 minutos"},"schema":{"@context":"https:\/\/schema.org","@graph":[{"@type":"Article","@id":"https:\/\/mhcalculos.com.br\/noticias\/area\/previdenciario\/trf4-tribunal-amplia-prazo-para-que-inss-implemente-aposentadoria-por-invalidez-para-segurado-de-missal-pr-20-08-2020.html#article","isPartOf":{"@id":"https:\/\/mhcalculos.com.br\/noticias\/area\/previdenciario\/trf4-tribunal-amplia-prazo-para-que-inss-implemente-aposentadoria-por-invalidez-para-segurado-de-missal-pr-20-08-2020.html"},"author":{"name":"Equipe MH","@id":"https:\/\/mhcalculos.com.br\/noticias\/#\/schema\/person\/88d1c34bf72dc779ea14a5a6b8e0ae8d"},"headline":"TRF4: Tribunal&nbsp;amplia prazo para que INSS implemente aposentadoria por invalidez para segurado de Missal (PR) (20\/08\/2020)","datePublished":"2020-08-21T20:05:18+00:00","dateModified":"2021-07-28T17:29:10+00:00","mainEntityOfPage":{"@id":"https:\/\/mhcalculos.com.br\/noticias\/area\/previdenciario\/trf4-tribunal-amplia-prazo-para-que-inss-implemente-aposentadoria-por-invalidez-para-segurado-de-missal-pr-20-08-2020.html"},"wordCount":483,"commentCount":0,"image":{"@id":"https:\/\/mhcalculos.com.br\/noticias\/area\/previdenciario\/trf4-tribunal-amplia-prazo-para-que-inss-implemente-aposentadoria-por-invalidez-para-segurado-de-missal-pr-20-08-2020.html#primaryimage"},"thumbnailUrl":"https:\/\/mhcalculos.com.br\/noticias\/wp-content\/uploads\/sites\/2\/2018\/08\/previdenciario-0037.jpg","keywords":["aposentadoria","c\u00e1lculos previdenci\u00e1rios","direito previdenci\u00e1rio","inss","per\u00edcia","perito","trf4"],"articleSection":["Direito Previdenci\u00e1rio","TRF4"],"inLanguage":"pt-BR","potentialAction":[{"@type":"CommentAction","name":"Comment","target":["https:\/\/mhcalculos.com.br\/noticias\/area\/previdenciario\/trf4-tribunal-amplia-prazo-para-que-inss-implemente-aposentadoria-por-invalidez-para-segurado-de-missal-pr-20-08-2020.html#respond"]}]},{"@type":"WebPage","@id":"https:\/\/mhcalculos.com.br\/noticias\/area\/previdenciario\/trf4-tribunal-amplia-prazo-para-que-inss-implemente-aposentadoria-por-invalidez-para-segurado-de-missal-pr-20-08-2020.html","url":"https:\/\/mhcalculos.com.br\/noticias\/area\/previdenciario\/trf4-tribunal-amplia-prazo-para-que-inss-implemente-aposentadoria-por-invalidez-para-segurado-de-missal-pr-20-08-2020.html","name":"TRF4: Tribunal&nbsp;amplia prazo para que INSS implemente aposentadoria por invalidez para segurado de Missal (PR) (20\/08\/2020) | Portal de Not\u00edcias","isPartOf":{"@id":"https:\/\/mhcalculos.com.br\/noticias\/#website"},"primaryImageOfPage":{"@id":"https:\/\/mhcalculos.com.br\/noticias\/area\/previdenciario\/trf4-tribunal-amplia-prazo-para-que-inss-implemente-aposentadoria-por-invalidez-para-segurado-de-missal-pr-20-08-2020.html#primaryimage"},"image":{"@id":"https:\/\/mhcalculos.com.br\/noticias\/area\/previdenciario\/trf4-tribunal-amplia-prazo-para-que-inss-implemente-aposentadoria-por-invalidez-para-segurado-de-missal-pr-20-08-2020.html#primaryimage"},"thumbnailUrl":"https:\/\/mhcalculos.com.br\/noticias\/wp-content\/uploads\/sites\/2\/2018\/08\/previdenciario-0037.jpg","datePublished":"2020-08-21T20:05:18+00:00","dateModified":"2021-07-28T17:29:10+00:00","author":{"@id":"https:\/\/mhcalculos.com.br\/noticias\/#\/schema\/person\/88d1c34bf72dc779ea14a5a6b8e0ae8d"},"breadcrumb":{"@id":"https:\/\/mhcalculos.com.br\/noticias\/area\/previdenciario\/trf4-tribunal-amplia-prazo-para-que-inss-implemente-aposentadoria-por-invalidez-para-segurado-de-missal-pr-20-08-2020.html#breadcrumb"},"inLanguage":"pt-BR","potentialAction":[{"@type":"ReadAction","target":["https:\/\/mhcalculos.com.br\/noticias\/area\/previdenciario\/trf4-tribunal-amplia-prazo-para-que-inss-implemente-aposentadoria-por-invalidez-para-segurado-de-missal-pr-20-08-2020.html"]}]},{"@type":"ImageObject","inLanguage":"pt-BR","@id":"https:\/\/mhcalculos.com.br\/noticias\/area\/previdenciario\/trf4-tribunal-amplia-prazo-para-que-inss-implemente-aposentadoria-por-invalidez-para-segurado-de-missal-pr-20-08-2020.html#primaryimage","url":"https:\/\/mhcalculos.com.br\/noticias\/wp-content\/uploads\/sites\/2\/2018\/08\/previdenciario-0037.jpg","contentUrl":"https:\/\/mhcalculos.com.br\/noticias\/wp-content\/uploads\/sites\/2\/2018\/08\/previdenciario-0037.jpg","width":2000,"height":800,"caption":"Julgamento de repetitivos e opera\u00e7\u00f5es policiais marcam in\u00edcio do semestre forense no STJ"},{"@type":"BreadcrumbList","@id":"https:\/\/mhcalculos.com.br\/noticias\/area\/previdenciario\/trf4-tribunal-amplia-prazo-para-que-inss-implemente-aposentadoria-por-invalidez-para-segurado-de-missal-pr-20-08-2020.html#breadcrumb","itemListElement":[{"@type":"ListItem","position":1,"name":"In\u00edcio","item":"https:\/\/mhcalculos.com.br\/noticias\/"},{"@type":"ListItem","position":2,"name":"TRF4: Tribunal&nbsp;amplia prazo para que INSS implemente aposentadoria por invalidez para segurado de Missal (PR) (20\/08\/2020)"}]},{"@type":"WebSite","@id":"https:\/\/mhcalculos.com.br\/noticias\/#website","url":"https:\/\/mhcalculos.com.br\/noticias\/","name":"Portal de Not\u00edcias","description":"Not\u00edcias e Jurisprud\u00eancia","potentialAction":[{"@type":"SearchAction","target":{"@type":"EntryPoint","urlTemplate":"https:\/\/mhcalculos.com.br\/noticias\/?s={search_term_string}"},"query-input":{"@type":"PropertyValueSpecification","valueRequired":true,"valueName":"search_term_string"}}],"inLanguage":"pt-BR"},{"@type":"Person","@id":"https:\/\/mhcalculos.com.br\/noticias\/#\/schema\/person\/88d1c34bf72dc779ea14a5a6b8e0ae8d","name":"Equipe MH","image":{"@type":"ImageObject","inLanguage":"pt-BR","@id":"https:\/\/secure.gravatar.com\/avatar\/de1c686c2ecc9c5a3f327e3431d819eb39f8f05d4e1045f5a1caad6daaba987f?s=96&d=mm&r=g","url":"https:\/\/secure.gravatar.com\/avatar\/de1c686c2ecc9c5a3f327e3431d819eb39f8f05d4e1045f5a1caad6daaba987f?s=96&d=mm&r=g","contentUrl":"https:\/\/secure.gravatar.com\/avatar\/de1c686c2ecc9c5a3f327e3431d819eb39f8f05d4e1045f5a1caad6daaba987f?s=96&d=mm&r=g","caption":"Equipe MH"}}]}},"_links":{"self":[{"href":"https:\/\/mhcalculos.com.br\/noticias\/wp-json\/wp\/v2\/posts\/7433","targetHints":{"allow":["GET"]}}],"collection":[{"href":"https:\/\/mhcalculos.com.br\/noticias\/wp-json\/wp\/v2\/posts"}],"about":[{"href":"https:\/\/mhcalculos.com.br\/noticias\/wp-json\/wp\/v2\/types\/post"}],"author":[{"embeddable":true,"href":"https:\/\/mhcalculos.com.br\/noticias\/wp-json\/wp\/v2\/users\/3063"}],"replies":[{"embeddable":true,"href":"https:\/\/mhcalculos.com.br\/noticias\/wp-json\/wp\/v2\/comments?post=7433"}],"version-history":[{"count":1,"href":"https:\/\/mhcalculos.com.br\/noticias\/wp-json\/wp\/v2\/posts\/7433\/revisions"}],"predecessor-version":[{"id":8943,"href":"https:\/\/mhcalculos.com.br\/noticias\/wp-json\/wp\/v2\/posts\/7433\/revisions\/8943"}],"wp:featuredmedia":[{"embeddable":true,"href":"https:\/\/mhcalculos.com.br\/noticias\/wp-json\/wp\/v2\/media\/2672"}],"wp:attachment":[{"href":"https:\/\/mhcalculos.com.br\/noticias\/wp-json\/wp\/v2\/media?parent=7433"}],"wp:term":[{"taxonomy":"category","embeddable":true,"href":"https:\/\/mhcalculos.com.br\/noticias\/wp-json\/wp\/v2\/categories?post=7433"},{"taxonomy":"post_tag","embeddable":true,"href":"https:\/\/mhcalculos.com.br\/noticias\/wp-json\/wp\/v2\/tags?post=7433"}],"curies":[{"name":"wp","href":"https:\/\/api.w.org\/{rel}","templated":true}]}}