{"id":7425,"date":"2020-08-19T19:05:11","date_gmt":"2020-08-19T22:05:11","guid":{"rendered":"https:\/\/mhcalculos.com.br\/noticias\/area\/previdenciario\/trf3-webinario-da-emag-debate-o-novo-cpc-apos-cinco-anos-de-vigencia.html"},"modified":"2021-07-28T14:29:11","modified_gmt":"2021-07-28T17:29:11","slug":"trf3-webinario-da-emag-debate-o-novo-cpc-apos-cinco-anos-de-vigencia","status":"publish","type":"post","link":"https:\/\/mhcalculos.com.br\/noticias\/area\/previdenciario\/trf3-webinario-da-emag-debate-o-novo-cpc-apos-cinco-anos-de-vigencia.html","title":{"rendered":"TRF3: WEBIN\u00c1RIO DA EMAG DEBATE O NOVO CPC AP\u00d3S CINCO ANOS DE VIG\u00caNCIA"},"content":{"rendered":"\n<div class=\"mat\">\n<p><em>Evento ocorre nos dias 25 e 26 de agosto, das 9h30 \u00e0s 12h30, pela plataforma Microsoft Teams<\/em><\/p>\n<p>Semin\u00e1rio organizado pela Escola de Magistrados da Justi\u00e7a Federal da 3.<sup>a<\/sup> Regi\u00e3o (EMAG) em parceria com a Associa\u00e7\u00e3o dos Ju\u00edzes Federais de S\u00e3o Paulo e Mato Grosso do Sul (AJUFESP) vai debater, nos dias 25 e 26 de agosto, o novo C\u00f3digo de Processo Civil, ap\u00f3s um quinqu\u00eanio de sua vig\u00eancia.<\/p>\n<p>O evento \u201c5 Anos do Novo C\u00f3digo de Processo Civil\u201d ser\u00e1 realizado por meio da plataforma Microsoft Teams, entre 9h30 e 12h30, com uma rica programa\u00e7\u00e3o compreendida em seis palestras, tr\u00eas a cada manh\u00e3 seguidas de respostas a quest\u00f5es propostas pelos participantes, com media\u00e7\u00e3o do presidente da AJUFESP, juiz federal Ot\u00e1vio Port.<\/p>\n<p>As inscri\u00e7\u00f5es devem ser feitas pelo site da <a href=\"https:\/\/www.trf3.jus.br\/semag\/\">EMAG<\/a>.<\/p>\n<p>No dia 25, ap\u00f3s a abertura, o desembargador federal do TRF3 Nelton dos Santos far\u00e1 a exposi\u00e7\u00e3o \u201cA Fundamenta\u00e7\u00e3o dos pronunciamentos do Juiz\u201d. Em seguida, o professor doutor da Universidade de S\u00e3o Paulo Kazuo Watanabe abordar\u00e1 o tema \u201cO Tratamento adequado do conflito e o novo CPC\u201d; e o professor doutor da Pontif\u00edcia Universidade de S\u00e3o Paulo Cassio Scarpinella Bueno discorrer\u00e1 sobre \u201cIndicadores jurisprudenciais no novo CPC: possibilidades e limites\u201d.<\/p>\n<p>No dia 26, o juiz federal Paulo Cesar Conrado far\u00e1 explana\u00e7\u00e3o sobre \u201cO neg\u00f3cio jur\u00eddico processual e a transa\u00e7\u00e3o tribut\u00e1ria\u201d. Caber\u00e1 ao juiz federal Renato Becho tratar do tema \u201cPrecedentes no novo CPC e o processo tribut\u00e1rio. Na sequ\u00eancia, o Professor Doutor da Universidade de S\u00e3o Paulo Fl\u00e1vio Yarshell falar\u00e1 sobre \u201cA prova, quest\u00f5es pol\u00eamicas do novo CPC\u201d.<\/p>\n<p>Em outra iniciativa da EMAG, um novo v\u00eddeo da s\u00e9rie Conex\u00f5es, do portal <a href=\"https:\/\/www.trf3.jus.br\/emag\/emagconecta\/\">EMAGConecta<\/a>, traz reflex\u00f5es do promotor de Justi\u00e7a no Esp\u00edrito Santo e professor de Direito Processual Civil na Universidade Federal do Esp\u00edrito Santo Hermes Zaneti Junior sobre os impactos da pandemia no processo civil.<\/p>\n<p>O v\u00eddeo est\u00e1 dispon\u00edvel no canal da <a href=\"https:\/\/www.trf3.jus.br\/emag\/emagconecta\/conexoes\/\">EMAG no YouTube<\/a>.<\/p>\n<p><img decoding=\"async\" alt=\"\" data-src=\"http:\/\/web.trf3.jus.br\/noticias\/uploaddir\/image\/503%20-%20Semin%C3%A1rio%20Processo%20Civil%20-%20400%20px.jpg\" src=\"data:image\/svg+xml;base64,PHN2ZyB3aWR0aD0iMSIgaGVpZ2h0PSIxIiB4bWxucz0iaHR0cDovL3d3dy53My5vcmcvMjAwMC9zdmciPjwvc3ZnPg==\" class=\"lazyload\"><\/p>\n<p>Escola de Magistrados da Justi\u00e7a Federal da 3\u00aa Regi\u00e3o<\/p>\n<p><a href=\"http:\/\/www.twitter.com\/trf3_oficial\" target=\"_blank\" rel=\"noopener noreferrer\"><span>www.twitter.com\/trf3_oficial\u00a0<\/span><\/a><br \/>\n<a href=\"http:\/\/www.instagram.com\/trf3_oficial\" target=\"_blank\" rel=\"noopener noreferrer\"><span>www.instagram.com\/trf3_oficial<\/span><\/a>\u00a0<\/p>\n<\/div>\n<p><script async src=\"https:\/\/platform.twitter.com\/widgets.js\" charset=\"utf-8\"><\/script><script async defer src=\"https:\/\/platform.instagram.com\/en_US\/embeds.js\"><\/script><br \/>\n<i>Com informa\u00e7\u00f5es da assessoria de imprensa do TRF3.<\/i><br \/>\n<br \/><a href=\"http:\/\/web.trf3.jus.br\/noticias\/Noticias\/Noticia\/Exibir\/398317\">Fonte<\/a><br \/>\n<br \/><\/p>\n","protected":false},"excerpt":{"rendered":"<p>Evento ocorre nos dias 25 e 26 de agosto, das 9h30 \u00e0s 12h30, pela plataforma Microsoft Teams Semin\u00e1rio organizado pela Escola de Magistrados da Justi\u00e7a Federal da 3.a Regi\u00e3o (EMAG) em parceria com a Associa\u00e7\u00e3o dos Ju\u00edzes Federais de S\u00e3o Paulo e Mato Grosso do Sul (AJUFESP) vai debater, nos dias 25 e 26 de [&hellip;]<\/p>\n","protected":false},"author":3063,"featured_media":2025,"comment_status":"open","ping_status":"open","sticky":false,"template":"","format":"standard","meta":{"footnotes":""},"categories":[5,110],"tags":[32,31,42,30,29,213,9,152,218,214],"class_list":{"0":"post-7425","1":"post","2":"type-post","3":"status-publish","4":"format-standard","5":"has-post-thumbnail","7":"category-previdenciario","8":"category-trf3","9":"tag-calculos-judiciais","10":"tag-calculos-tributarios","11":"tag-direito-tributario","12":"tag-divida-ativa","13":"tag-fazenda-publica","14":"tag-imposto","15":"tag-pericia","16":"tag-trf3","17":"tag-tribunal-regional-federal","18":"tag-tributo"},"yoast_head":"<!-- This site is optimized with the Yoast SEO plugin v27.2 - https:\/\/yoast.com\/product\/yoast-seo-wordpress\/ -->\n<title>TRF3: WEBIN\u00c1RIO DA EMAG DEBATE O NOVO CPC AP\u00d3S CINCO ANOS DE VIG\u00caNCIA | Portal de Not\u00edcias<\/title>\n<meta name=\"robots\" content=\"index, follow, max-snippet:-1, max-image-preview:large, max-video-preview:-1\" \/>\n<link rel=\"canonical\" href=\"https:\/\/mhcalculos.com.br\/noticias\/area\/previdenciario\/trf3-webinario-da-emag-debate-o-novo-cpc-apos-cinco-anos-de-vigencia.html\" \/>\n<meta property=\"og:locale\" content=\"pt_BR\" \/>\n<meta property=\"og:type\" content=\"article\" \/>\n<meta property=\"og:title\" content=\"TRF3: WEBIN\u00c1RIO DA EMAG DEBATE O NOVO CPC AP\u00d3S CINCO ANOS DE VIG\u00caNCIA | Portal de Not\u00edcias\" \/>\n<meta property=\"og:description\" content=\"Evento ocorre nos dias 25 e 26 de agosto, das 9h30 \u00e0s 12h30, pela plataforma Microsoft Teams Semin\u00e1rio organizado pela Escola de Magistrados da Justi\u00e7a Federal da 3.a Regi\u00e3o (EMAG) em parceria com a Associa\u00e7\u00e3o dos Ju\u00edzes Federais de S\u00e3o Paulo e Mato Grosso do Sul (AJUFESP) vai debater, nos dias 25 e 26 de [&hellip;]\" \/>\n<meta property=\"og:url\" content=\"https:\/\/mhcalculos.com.br\/noticias\/area\/previdenciario\/trf3-webinario-da-emag-debate-o-novo-cpc-apos-cinco-anos-de-vigencia.html\" \/>\n<meta property=\"og:site_name\" content=\"Portal de Not\u00edcias\" \/>\n<meta property=\"article:published_time\" content=\"2020-08-19T22:05:11+00:00\" \/>\n<meta property=\"article:modified_time\" content=\"2021-07-28T17:29:11+00:00\" \/>\n<meta property=\"og:image\" content=\"https:\/\/mhcalculos.com.br\/noticias\/wp-content\/uploads\/sites\/2\/2018\/06\/judiciario-0006.jpg\" \/>\n\t<meta property=\"og:image:width\" content=\"2000\" \/>\n\t<meta property=\"og:image:height\" content=\"800\" \/>\n\t<meta property=\"og:image:type\" content=\"image\/jpeg\" \/>\n<meta name=\"author\" content=\"Equipe MH\" \/>\n<meta name=\"twitter:card\" content=\"summary_large_image\" \/>\n<meta name=\"twitter:label1\" content=\"Escrito por\" \/>\n\t<meta name=\"twitter:data1\" content=\"Equipe MH\" \/>\n\t<meta name=\"twitter:label2\" content=\"Est. tempo de leitura\" \/>\n\t<meta name=\"twitter:data2\" content=\"2 minutos\" \/>\n<script type=\"application\/ld+json\" class=\"yoast-schema-graph\">{\"@context\":\"https:\/\/schema.org\",\"@graph\":[{\"@type\":\"Article\",\"@id\":\"https:\/\/mhcalculos.com.br\/noticias\/area\/previdenciario\/trf3-webinario-da-emag-debate-o-novo-cpc-apos-cinco-anos-de-vigencia.html#article\",\"isPartOf\":{\"@id\":\"https:\/\/mhcalculos.com.br\/noticias\/area\/previdenciario\/trf3-webinario-da-emag-debate-o-novo-cpc-apos-cinco-anos-de-vigencia.html\"},\"author\":{\"name\":\"Equipe MH\",\"@id\":\"https:\/\/mhcalculos.com.br\/noticias\/#\/schema\/person\/88d1c34bf72dc779ea14a5a6b8e0ae8d\"},\"headline\":\"TRF3: WEBIN\u00c1RIO DA EMAG DEBATE O NOVO CPC AP\u00d3S CINCO ANOS DE VIG\u00caNCIA\",\"datePublished\":\"2020-08-19T22:05:11+00:00\",\"dateModified\":\"2021-07-28T17:29:11+00:00\",\"mainEntityOfPage\":{\"@id\":\"https:\/\/mhcalculos.com.br\/noticias\/area\/previdenciario\/trf3-webinario-da-emag-debate-o-novo-cpc-apos-cinco-anos-de-vigencia.html\"},\"wordCount\":397,\"commentCount\":0,\"image\":{\"@id\":\"https:\/\/mhcalculos.com.br\/noticias\/area\/previdenciario\/trf3-webinario-da-emag-debate-o-novo-cpc-apos-cinco-anos-de-vigencia.html#primaryimage\"},\"thumbnailUrl\":\"https:\/\/mhcalculos.com.br\/noticias\/wp-content\/uploads\/sites\/2\/2018\/06\/judiciario-0006.jpg\",\"keywords\":[\"c\u00e1lculos judiciais\",\"c\u00e1lculos tribut\u00e1rios\",\"direito tribut\u00e1rio\",\"d\u00edvida ativa\",\"fazenda p\u00fablica\",\"Imposto\",\"per\u00edcia\",\"trf3\",\"Tribunal Regional Federal\",\"tributo\"],\"articleSection\":[\"Direito Previdenci\u00e1rio\",\"TRF3\"],\"inLanguage\":\"pt-BR\",\"potentialAction\":[{\"@type\":\"CommentAction\",\"name\":\"Comment\",\"target\":[\"https:\/\/mhcalculos.com.br\/noticias\/area\/previdenciario\/trf3-webinario-da-emag-debate-o-novo-cpc-apos-cinco-anos-de-vigencia.html#respond\"]}]},{\"@type\":\"WebPage\",\"@id\":\"https:\/\/mhcalculos.com.br\/noticias\/area\/previdenciario\/trf3-webinario-da-emag-debate-o-novo-cpc-apos-cinco-anos-de-vigencia.html\",\"url\":\"https:\/\/mhcalculos.com.br\/noticias\/area\/previdenciario\/trf3-webinario-da-emag-debate-o-novo-cpc-apos-cinco-anos-de-vigencia.html\",\"name\":\"TRF3: WEBIN\u00c1RIO DA EMAG DEBATE O NOVO CPC AP\u00d3S CINCO ANOS DE VIG\u00caNCIA | Portal de Not\u00edcias\",\"isPartOf\":{\"@id\":\"https:\/\/mhcalculos.com.br\/noticias\/#website\"},\"primaryImageOfPage\":{\"@id\":\"https:\/\/mhcalculos.com.br\/noticias\/area\/previdenciario\/trf3-webinario-da-emag-debate-o-novo-cpc-apos-cinco-anos-de-vigencia.html#primaryimage\"},\"image\":{\"@id\":\"https:\/\/mhcalculos.com.br\/noticias\/area\/previdenciario\/trf3-webinario-da-emag-debate-o-novo-cpc-apos-cinco-anos-de-vigencia.html#primaryimage\"},\"thumbnailUrl\":\"https:\/\/mhcalculos.com.br\/noticias\/wp-content\/uploads\/sites\/2\/2018\/06\/judiciario-0006.jpg\",\"datePublished\":\"2020-08-19T22:05:11+00:00\",\"dateModified\":\"2021-07-28T17:29:11+00:00\",\"author\":{\"@id\":\"https:\/\/mhcalculos.com.br\/noticias\/#\/schema\/person\/88d1c34bf72dc779ea14a5a6b8e0ae8d\"},\"breadcrumb\":{\"@id\":\"https:\/\/mhcalculos.com.br\/noticias\/area\/previdenciario\/trf3-webinario-da-emag-debate-o-novo-cpc-apos-cinco-anos-de-vigencia.html#breadcrumb\"},\"inLanguage\":\"pt-BR\",\"potentialAction\":[{\"@type\":\"ReadAction\",\"target\":[\"https:\/\/mhcalculos.com.br\/noticias\/area\/previdenciario\/trf3-webinario-da-emag-debate-o-novo-cpc-apos-cinco-anos-de-vigencia.html\"]}]},{\"@type\":\"ImageObject\",\"inLanguage\":\"pt-BR\",\"@id\":\"https:\/\/mhcalculos.com.br\/noticias\/area\/previdenciario\/trf3-webinario-da-emag-debate-o-novo-cpc-apos-cinco-anos-de-vigencia.html#primaryimage\",\"url\":\"https:\/\/mhcalculos.com.br\/noticias\/wp-content\/uploads\/sites\/2\/2018\/06\/judiciario-0006.jpg\",\"contentUrl\":\"https:\/\/mhcalculos.com.br\/noticias\/wp-content\/uploads\/sites\/2\/2018\/06\/judiciario-0006.jpg\",\"width\":2000,\"height\":800},{\"@type\":\"BreadcrumbList\",\"@id\":\"https:\/\/mhcalculos.com.br\/noticias\/area\/previdenciario\/trf3-webinario-da-emag-debate-o-novo-cpc-apos-cinco-anos-de-vigencia.html#breadcrumb\",\"itemListElement\":[{\"@type\":\"ListItem\",\"position\":1,\"name\":\"In\u00edcio\",\"item\":\"https:\/\/mhcalculos.com.br\/noticias\/\"},{\"@type\":\"ListItem\",\"position\":2,\"name\":\"TRF3: WEBIN\u00c1RIO DA EMAG DEBATE O NOVO CPC AP\u00d3S CINCO ANOS DE VIG\u00caNCIA\"}]},{\"@type\":\"WebSite\",\"@id\":\"https:\/\/mhcalculos.com.br\/noticias\/#website\",\"url\":\"https:\/\/mhcalculos.com.br\/noticias\/\",\"name\":\"Portal de Not\u00edcias\",\"description\":\"Not\u00edcias e Jurisprud\u00eancia\",\"potentialAction\":[{\"@type\":\"SearchAction\",\"target\":{\"@type\":\"EntryPoint\",\"urlTemplate\":\"https:\/\/mhcalculos.com.br\/noticias\/?s={search_term_string}\"},\"query-input\":{\"@type\":\"PropertyValueSpecification\",\"valueRequired\":true,\"valueName\":\"search_term_string\"}}],\"inLanguage\":\"pt-BR\"},{\"@type\":\"Person\",\"@id\":\"https:\/\/mhcalculos.com.br\/noticias\/#\/schema\/person\/88d1c34bf72dc779ea14a5a6b8e0ae8d\",\"name\":\"Equipe MH\",\"image\":{\"@type\":\"ImageObject\",\"inLanguage\":\"pt-BR\",\"@id\":\"https:\/\/secure.gravatar.com\/avatar\/de1c686c2ecc9c5a3f327e3431d819eb39f8f05d4e1045f5a1caad6daaba987f?s=96&d=mm&r=g\",\"url\":\"https:\/\/secure.gravatar.com\/avatar\/de1c686c2ecc9c5a3f327e3431d819eb39f8f05d4e1045f5a1caad6daaba987f?s=96&d=mm&r=g\",\"contentUrl\":\"https:\/\/secure.gravatar.com\/avatar\/de1c686c2ecc9c5a3f327e3431d819eb39f8f05d4e1045f5a1caad6daaba987f?s=96&d=mm&r=g\",\"caption\":\"Equipe MH\"}}]}<\/script>\n<!-- \/ Yoast SEO plugin. -->","yoast_head_json":{"title":"TRF3: WEBIN\u00c1RIO DA EMAG DEBATE O NOVO CPC AP\u00d3S CINCO ANOS DE VIG\u00caNCIA | Portal de Not\u00edcias","robots":{"index":"index","follow":"follow","max-snippet":"max-snippet:-1","max-image-preview":"max-image-preview:large","max-video-preview":"max-video-preview:-1"},"canonical":"https:\/\/mhcalculos.com.br\/noticias\/area\/previdenciario\/trf3-webinario-da-emag-debate-o-novo-cpc-apos-cinco-anos-de-vigencia.html","og_locale":"pt_BR","og_type":"article","og_title":"TRF3: WEBIN\u00c1RIO DA EMAG DEBATE O NOVO CPC AP\u00d3S CINCO ANOS DE VIG\u00caNCIA | Portal de Not\u00edcias","og_description":"Evento ocorre nos dias 25 e 26 de agosto, das 9h30 \u00e0s 12h30, pela plataforma Microsoft Teams Semin\u00e1rio organizado pela Escola de Magistrados da Justi\u00e7a Federal da 3.a Regi\u00e3o (EMAG) em parceria com a Associa\u00e7\u00e3o dos Ju\u00edzes Federais de S\u00e3o Paulo e Mato Grosso do Sul (AJUFESP) vai debater, nos dias 25 e 26 de [&hellip;]","og_url":"https:\/\/mhcalculos.com.br\/noticias\/area\/previdenciario\/trf3-webinario-da-emag-debate-o-novo-cpc-apos-cinco-anos-de-vigencia.html","og_site_name":"Portal de Not\u00edcias","article_published_time":"2020-08-19T22:05:11+00:00","article_modified_time":"2021-07-28T17:29:11+00:00","og_image":[{"width":2000,"height":800,"url":"https:\/\/mhcalculos.com.br\/noticias\/wp-content\/uploads\/sites\/2\/2018\/06\/judiciario-0006.jpg","type":"image\/jpeg"}],"author":"Equipe MH","twitter_card":"summary_large_image","twitter_misc":{"Escrito por":"Equipe MH","Est. tempo de leitura":"2 minutos"},"schema":{"@context":"https:\/\/schema.org","@graph":[{"@type":"Article","@id":"https:\/\/mhcalculos.com.br\/noticias\/area\/previdenciario\/trf3-webinario-da-emag-debate-o-novo-cpc-apos-cinco-anos-de-vigencia.html#article","isPartOf":{"@id":"https:\/\/mhcalculos.com.br\/noticias\/area\/previdenciario\/trf3-webinario-da-emag-debate-o-novo-cpc-apos-cinco-anos-de-vigencia.html"},"author":{"name":"Equipe MH","@id":"https:\/\/mhcalculos.com.br\/noticias\/#\/schema\/person\/88d1c34bf72dc779ea14a5a6b8e0ae8d"},"headline":"TRF3: WEBIN\u00c1RIO DA EMAG DEBATE O NOVO CPC AP\u00d3S CINCO ANOS DE VIG\u00caNCIA","datePublished":"2020-08-19T22:05:11+00:00","dateModified":"2021-07-28T17:29:11+00:00","mainEntityOfPage":{"@id":"https:\/\/mhcalculos.com.br\/noticias\/area\/previdenciario\/trf3-webinario-da-emag-debate-o-novo-cpc-apos-cinco-anos-de-vigencia.html"},"wordCount":397,"commentCount":0,"image":{"@id":"https:\/\/mhcalculos.com.br\/noticias\/area\/previdenciario\/trf3-webinario-da-emag-debate-o-novo-cpc-apos-cinco-anos-de-vigencia.html#primaryimage"},"thumbnailUrl":"https:\/\/mhcalculos.com.br\/noticias\/wp-content\/uploads\/sites\/2\/2018\/06\/judiciario-0006.jpg","keywords":["c\u00e1lculos judiciais","c\u00e1lculos tribut\u00e1rios","direito tribut\u00e1rio","d\u00edvida ativa","fazenda p\u00fablica","Imposto","per\u00edcia","trf3","Tribunal Regional Federal","tributo"],"articleSection":["Direito Previdenci\u00e1rio","TRF3"],"inLanguage":"pt-BR","potentialAction":[{"@type":"CommentAction","name":"Comment","target":["https:\/\/mhcalculos.com.br\/noticias\/area\/previdenciario\/trf3-webinario-da-emag-debate-o-novo-cpc-apos-cinco-anos-de-vigencia.html#respond"]}]},{"@type":"WebPage","@id":"https:\/\/mhcalculos.com.br\/noticias\/area\/previdenciario\/trf3-webinario-da-emag-debate-o-novo-cpc-apos-cinco-anos-de-vigencia.html","url":"https:\/\/mhcalculos.com.br\/noticias\/area\/previdenciario\/trf3-webinario-da-emag-debate-o-novo-cpc-apos-cinco-anos-de-vigencia.html","name":"TRF3: WEBIN\u00c1RIO DA EMAG DEBATE O NOVO CPC AP\u00d3S CINCO ANOS DE VIG\u00caNCIA | Portal de Not\u00edcias","isPartOf":{"@id":"https:\/\/mhcalculos.com.br\/noticias\/#website"},"primaryImageOfPage":{"@id":"https:\/\/mhcalculos.com.br\/noticias\/area\/previdenciario\/trf3-webinario-da-emag-debate-o-novo-cpc-apos-cinco-anos-de-vigencia.html#primaryimage"},"image":{"@id":"https:\/\/mhcalculos.com.br\/noticias\/area\/previdenciario\/trf3-webinario-da-emag-debate-o-novo-cpc-apos-cinco-anos-de-vigencia.html#primaryimage"},"thumbnailUrl":"https:\/\/mhcalculos.com.br\/noticias\/wp-content\/uploads\/sites\/2\/2018\/06\/judiciario-0006.jpg","datePublished":"2020-08-19T22:05:11+00:00","dateModified":"2021-07-28T17:29:11+00:00","author":{"@id":"https:\/\/mhcalculos.com.br\/noticias\/#\/schema\/person\/88d1c34bf72dc779ea14a5a6b8e0ae8d"},"breadcrumb":{"@id":"https:\/\/mhcalculos.com.br\/noticias\/area\/previdenciario\/trf3-webinario-da-emag-debate-o-novo-cpc-apos-cinco-anos-de-vigencia.html#breadcrumb"},"inLanguage":"pt-BR","potentialAction":[{"@type":"ReadAction","target":["https:\/\/mhcalculos.com.br\/noticias\/area\/previdenciario\/trf3-webinario-da-emag-debate-o-novo-cpc-apos-cinco-anos-de-vigencia.html"]}]},{"@type":"ImageObject","inLanguage":"pt-BR","@id":"https:\/\/mhcalculos.com.br\/noticias\/area\/previdenciario\/trf3-webinario-da-emag-debate-o-novo-cpc-apos-cinco-anos-de-vigencia.html#primaryimage","url":"https:\/\/mhcalculos.com.br\/noticias\/wp-content\/uploads\/sites\/2\/2018\/06\/judiciario-0006.jpg","contentUrl":"https:\/\/mhcalculos.com.br\/noticias\/wp-content\/uploads\/sites\/2\/2018\/06\/judiciario-0006.jpg","width":2000,"height":800},{"@type":"BreadcrumbList","@id":"https:\/\/mhcalculos.com.br\/noticias\/area\/previdenciario\/trf3-webinario-da-emag-debate-o-novo-cpc-apos-cinco-anos-de-vigencia.html#breadcrumb","itemListElement":[{"@type":"ListItem","position":1,"name":"In\u00edcio","item":"https:\/\/mhcalculos.com.br\/noticias\/"},{"@type":"ListItem","position":2,"name":"TRF3: WEBIN\u00c1RIO DA EMAG DEBATE O NOVO CPC AP\u00d3S CINCO ANOS DE VIG\u00caNCIA"}]},{"@type":"WebSite","@id":"https:\/\/mhcalculos.com.br\/noticias\/#website","url":"https:\/\/mhcalculos.com.br\/noticias\/","name":"Portal de Not\u00edcias","description":"Not\u00edcias e Jurisprud\u00eancia","potentialAction":[{"@type":"SearchAction","target":{"@type":"EntryPoint","urlTemplate":"https:\/\/mhcalculos.com.br\/noticias\/?s={search_term_string}"},"query-input":{"@type":"PropertyValueSpecification","valueRequired":true,"valueName":"search_term_string"}}],"inLanguage":"pt-BR"},{"@type":"Person","@id":"https:\/\/mhcalculos.com.br\/noticias\/#\/schema\/person\/88d1c34bf72dc779ea14a5a6b8e0ae8d","name":"Equipe MH","image":{"@type":"ImageObject","inLanguage":"pt-BR","@id":"https:\/\/secure.gravatar.com\/avatar\/de1c686c2ecc9c5a3f327e3431d819eb39f8f05d4e1045f5a1caad6daaba987f?s=96&d=mm&r=g","url":"https:\/\/secure.gravatar.com\/avatar\/de1c686c2ecc9c5a3f327e3431d819eb39f8f05d4e1045f5a1caad6daaba987f?s=96&d=mm&r=g","contentUrl":"https:\/\/secure.gravatar.com\/avatar\/de1c686c2ecc9c5a3f327e3431d819eb39f8f05d4e1045f5a1caad6daaba987f?s=96&d=mm&r=g","caption":"Equipe MH"}}]}},"_links":{"self":[{"href":"https:\/\/mhcalculos.com.br\/noticias\/wp-json\/wp\/v2\/posts\/7425","targetHints":{"allow":["GET"]}}],"collection":[{"href":"https:\/\/mhcalculos.com.br\/noticias\/wp-json\/wp\/v2\/posts"}],"about":[{"href":"https:\/\/mhcalculos.com.br\/noticias\/wp-json\/wp\/v2\/types\/post"}],"author":[{"embeddable":true,"href":"https:\/\/mhcalculos.com.br\/noticias\/wp-json\/wp\/v2\/users\/3063"}],"replies":[{"embeddable":true,"href":"https:\/\/mhcalculos.com.br\/noticias\/wp-json\/wp\/v2\/comments?post=7425"}],"version-history":[{"count":1,"href":"https:\/\/mhcalculos.com.br\/noticias\/wp-json\/wp\/v2\/posts\/7425\/revisions"}],"predecessor-version":[{"id":8948,"href":"https:\/\/mhcalculos.com.br\/noticias\/wp-json\/wp\/v2\/posts\/7425\/revisions\/8948"}],"wp:featuredmedia":[{"embeddable":true,"href":"https:\/\/mhcalculos.com.br\/noticias\/wp-json\/wp\/v2\/media\/2025"}],"wp:attachment":[{"href":"https:\/\/mhcalculos.com.br\/noticias\/wp-json\/wp\/v2\/media?parent=7425"}],"wp:term":[{"taxonomy":"category","embeddable":true,"href":"https:\/\/mhcalculos.com.br\/noticias\/wp-json\/wp\/v2\/categories?post=7425"},{"taxonomy":"post_tag","embeddable":true,"href":"https:\/\/mhcalculos.com.br\/noticias\/wp-json\/wp\/v2\/tags?post=7425"}],"curies":[{"name":"wp","href":"https:\/\/api.w.org\/{rel}","templated":true}]}}