{"id":7417,"date":"2020-08-17T13:05:46","date_gmt":"2020-08-17T16:05:46","guid":{"rendered":"https:\/\/mhcalculos.com.br\/noticias\/area\/previdenciario\/trf3-decisao-reconhece-tempo-de-servico-especial-rural-e-urbano-e-confirma-aposentadoria-de-vigia.html"},"modified":"2021-07-28T14:29:12","modified_gmt":"2021-07-28T17:29:12","slug":"trf3-decisao-reconhece-tempo-de-servico-especial-rural-e-urbano-e-confirma-aposentadoria-de-vigia","status":"publish","type":"post","link":"https:\/\/mhcalculos.com.br\/noticias\/area\/previdenciario\/trf3-decisao-reconhece-tempo-de-servico-especial-rural-e-urbano-e-confirma-aposentadoria-de-vigia.html","title":{"rendered":"TRF3: DECIS\u00c3O\u00a0RECONHECE\u00a0TEMPO DE SERVI\u00c7O ESPECIAL RURAL E URBANO\u00a0E CONFIRMA APOSENTADORIA DE\u00a0VIGIA\u00a0"},"content":{"rendered":"\n<div class=\"mat\">\n<p><em>Homem trabalhou\u00a0no cultivo de caf\u00e9 no Paran\u00e1\u00a0e\u00a0como\u00a0seguran\u00e7a de uma empresa\u00a0em S\u00e3o Paulo\u00a0\u00a0<\/em><\/p>\n<p>A S\u00e9tima Turma do Tribunal Regional Federal da 3\u00aa Regi\u00e3o (TRF3), por unanimidade, determinou ao Instituto Nacional do Seguro Social (INSS) converter em tempo comum os\u00a09,5 anos\u00a0de atividade especial\u00a0exercida\u00a0por um homem\u00a0no cultivo de caf\u00e9,\u00a0em Ribeir\u00e3o do Pinhal\/PR,\u00a0e no servi\u00e7o\u00a0de vigil\u00e2ncia armada, em S\u00e3o Paulo\/SP,\u00a0e confirmou a concess\u00e3o de aposentadoria\u00a0proporcional\u00a0por tempo de contribui\u00e7\u00e3o.\u00a0<\/p>\n<p>Para o colegiado, laudos t\u00e9cnicos\u00a0e\u00a0provas nos autos\u00a0demonstraram\u00a0que o autor faz jus ao benef\u00edcio. Ele trabalhou em ambiente sujeito a\u00a0periculosidade e\u00a0a\u00a0ru\u00eddos superiores aos limites legais. O\u00a0reconhecimento\u00a0do tempo de\u00a0atividade especial, somado ao tempo comum do trabalhador, foi\u00a0suficiente para aquisi\u00e7\u00e3o proporcional da aposentadoria.\u00a0\u00a0\u00a0<\/p>\n<p>Documentos e\u00a0depoimentos\u00a0de\u00a0testemunhas\u00a0comprovaram que o\u00a0autor, entre 1970 e 1975,\u00a0trabalhou em uma fazenda em Ribeir\u00e3o do Pinhal, na\u00a0cultura do caf\u00e9. Posteriormente,\u00a0mudou-se\u00a0para S\u00e3o Paulo\u00a0para laborar em outras profiss\u00f5es, entre elas, a de vigia.\u00a0\u00a0\u00a0<\/p>\n<p>Segundo o desembargador federal Carlos Delgado, relator do ac\u00f3rd\u00e3o no TRF3, \u201ca prova oral refor\u00e7a o labor no campo, e amplia a efic\u00e1cia probat\u00f3ria dos documentos carreados aos autos, sendo poss\u00edvel reconhecer o trabalho campesino no per\u00edodo\u201d.\u00a0\u00a0<\/p>\n<p><strong>Atividade de vigil\u00e2ncia<\/strong><\/p>\n<p>Para o relator, o trabalhador\u00a0tamb\u00e9m\u00a0fez jus ao\u00a0reconhecimento do\u00a0per\u00edodo de\u00a0atividade\u00a0especial\u00a0que atuou\u00a0como vigia, com\u00a0uso e\u00a0porte de arma, entre\u00a01987\u00a0e\u00a01991, protegendo o patrim\u00f4nio de uma ind\u00fastria de tecelagem.\u00a0 \u201cA\u00a0profiss\u00e3o de guarda patrimonial, vigia, vigilante e afins \u00e9 considerada de natureza especial durante todo o per\u00edodo a que est\u00e1 a integridade f\u00edsica do trabalhador,\u00a0sujeita aos riscos de seu dever de proteger o bem alheio\u201d, ressaltou.\u00a0\u00a0<\/p>\n<p>O magistrado\u00a0destacou que a reforma legislativa realizada pela Lei n\u00ba 12.740\/2012, que alterou o artigo 193 da Consolida\u00e7\u00e3o das Leis do Trabalho, considerou a atividade de vigilante como perigosa, com\u00a0aplica\u00e7\u00e3o de\u00a0adicional de 30%, em virtude da exposi\u00e7\u00e3o da categoria a roubos ou outras esp\u00e9cies de viol\u00eancia.\u00a0\u00a0<\/p>\n<p>Para\u00a0o\u00a0relator, com a soma dos per\u00edodos enquadrados e devidamente convertidos, a parte autora possui\u00a034 anos, tr\u00eas meses e 16 dias de servi\u00e7o,\u00a0tempo\u00a0suficiente\u00a0para a aquisi\u00e7\u00e3o da\u00a0aposentadoria proporcional por tempo de contribui\u00e7\u00e3o.\u00a0\u00a0<\/p>\n<p>Por fim, a Nona Turma manteve a senten\u00e7a que determinou ao INSS pagar o benef\u00edcio a partir da data do requerimento administrativo, em 23\u00a0de\u00a0mar\u00e7o\u00a0de 2012, conforme entendimento sedimentado nos tribunais superiores e no TRF3.\u00a0<\/p>\n<p>Apela\u00e7\u00e3o \/ Remessa Necess\u00e1ria\u00a00007842-46.2013.4.03.6114<\/p>\n<p>\u00a0<\/p>\n<p><a href=\"http:\/\/www.twitter.com\/trf3_oficial\" rel=\"noreferrer noopener\" target=\"_blank\">www.twitter.com\/trf3_oficial<\/a>\u00a0<\/p>\n<p><a href=\"http:\/\/www.instagram.com\/trf3_oficial\" rel=\"noreferrer noopener\" target=\"_blank\">www.instagram.com\/trf3_oficial<\/a>\u00a0<\/p>\n<\/div>\n<p><script async src=\"https:\/\/platform.twitter.com\/widgets.js\" charset=\"utf-8\"><\/script><script async defer src=\"https:\/\/platform.instagram.com\/en_US\/embeds.js\"><\/script><br \/>\n<i>Com informa\u00e7\u00f5es da assessoria de imprensa do TRF3.<\/i><br \/>\n<br \/><a href=\"http:\/\/web.trf3.jus.br\/noticias\/Noticias\/Noticia\/Exibir\/398177\">Fonte<\/a><br \/>\n<br \/><\/p>\n","protected":false},"excerpt":{"rendered":"<p>Homem trabalhou\u00a0no cultivo de caf\u00e9 no Paran\u00e1\u00a0e\u00a0como\u00a0seguran\u00e7a de uma empresa\u00a0em S\u00e3o Paulo\u00a0\u00a0 A S\u00e9tima Turma do Tribunal Regional Federal da 3\u00aa Regi\u00e3o (TRF3), por unanimidade, determinou ao Instituto Nacional do Seguro Social (INSS) converter em tempo comum os\u00a09,5 anos\u00a0de atividade especial\u00a0exercida\u00a0por um homem\u00a0no cultivo de caf\u00e9,\u00a0em Ribeir\u00e3o do Pinhal\/PR,\u00a0e no servi\u00e7o\u00a0de vigil\u00e2ncia armada, em S\u00e3o [&hellip;]<\/p>\n","protected":false},"author":3063,"featured_media":2717,"comment_status":"open","ping_status":"open","sticky":false,"template":"","format":"standard","meta":{"footnotes":""},"categories":[5,110],"tags":[11,10,8,13,9,12,152],"class_list":{"0":"post-7417","1":"post","2":"type-post","3":"status-publish","4":"format-standard","5":"has-post-thumbnail","7":"category-previdenciario","8":"category-trf3","9":"tag-aposentadoria","10":"tag-calculos-previdenciarios","11":"tag-direito-previdenciario","12":"tag-inss","13":"tag-pericia","14":"tag-perito","15":"tag-trf3"},"yoast_head":"<!-- This site is optimized with the Yoast SEO plugin v27.2 - https:\/\/yoast.com\/product\/yoast-seo-wordpress\/ -->\n<title>TRF3: DECIS\u00c3O\u00a0RECONHECE\u00a0TEMPO DE SERVI\u00c7O ESPECIAL RURAL E URBANO\u00a0E CONFIRMA APOSENTADORIA DE\u00a0VIGIA\u00a0 | Portal de Not\u00edcias<\/title>\n<meta name=\"robots\" content=\"index, follow, max-snippet:-1, max-image-preview:large, max-video-preview:-1\" \/>\n<link rel=\"canonical\" href=\"https:\/\/mhcalculos.com.br\/noticias\/area\/previdenciario\/trf3-decisao-reconhece-tempo-de-servico-especial-rural-e-urbano-e-confirma-aposentadoria-de-vigia.html\" \/>\n<meta property=\"og:locale\" content=\"pt_BR\" \/>\n<meta property=\"og:type\" content=\"article\" \/>\n<meta property=\"og:title\" content=\"TRF3: DECIS\u00c3O\u00a0RECONHECE\u00a0TEMPO DE SERVI\u00c7O ESPECIAL RURAL E URBANO\u00a0E CONFIRMA APOSENTADORIA DE\u00a0VIGIA\u00a0 | Portal de Not\u00edcias\" \/>\n<meta property=\"og:description\" content=\"Homem trabalhou\u00a0no cultivo de caf\u00e9 no Paran\u00e1\u00a0e\u00a0como\u00a0seguran\u00e7a de uma empresa\u00a0em S\u00e3o Paulo\u00a0\u00a0 A S\u00e9tima Turma do Tribunal Regional Federal da 3\u00aa Regi\u00e3o (TRF3), por unanimidade, determinou ao Instituto Nacional do Seguro Social (INSS) converter em tempo comum os\u00a09,5 anos\u00a0de atividade especial\u00a0exercida\u00a0por um homem\u00a0no cultivo de caf\u00e9,\u00a0em Ribeir\u00e3o do Pinhal\/PR,\u00a0e no servi\u00e7o\u00a0de vigil\u00e2ncia armada, em S\u00e3o [&hellip;]\" \/>\n<meta property=\"og:url\" content=\"https:\/\/mhcalculos.com.br\/noticias\/area\/previdenciario\/trf3-decisao-reconhece-tempo-de-servico-especial-rural-e-urbano-e-confirma-aposentadoria-de-vigia.html\" \/>\n<meta property=\"og:site_name\" content=\"Portal de Not\u00edcias\" \/>\n<meta property=\"article:published_time\" content=\"2020-08-17T16:05:46+00:00\" \/>\n<meta property=\"article:modified_time\" content=\"2021-07-28T17:29:12+00:00\" \/>\n<meta property=\"og:image\" content=\"https:\/\/mhcalculos.com.br\/noticias\/wp-content\/uploads\/sites\/2\/2018\/08\/previdenciario-0029.jpg\" \/>\n\t<meta property=\"og:image:width\" content=\"2000\" \/>\n\t<meta property=\"og:image:height\" content=\"800\" \/>\n\t<meta property=\"og:image:type\" content=\"image\/jpeg\" \/>\n<meta name=\"author\" content=\"Equipe MH\" \/>\n<meta name=\"twitter:card\" content=\"summary_large_image\" \/>\n<meta name=\"twitter:label1\" content=\"Escrito por\" \/>\n\t<meta name=\"twitter:data1\" content=\"Equipe MH\" \/>\n\t<meta name=\"twitter:label2\" content=\"Est. tempo de leitura\" \/>\n\t<meta name=\"twitter:data2\" content=\"2 minutos\" \/>\n<script type=\"application\/ld+json\" class=\"yoast-schema-graph\">{\"@context\":\"https:\/\/schema.org\",\"@graph\":[{\"@type\":\"Article\",\"@id\":\"https:\/\/mhcalculos.com.br\/noticias\/area\/previdenciario\/trf3-decisao-reconhece-tempo-de-servico-especial-rural-e-urbano-e-confirma-aposentadoria-de-vigia.html#article\",\"isPartOf\":{\"@id\":\"https:\/\/mhcalculos.com.br\/noticias\/area\/previdenciario\/trf3-decisao-reconhece-tempo-de-servico-especial-rural-e-urbano-e-confirma-aposentadoria-de-vigia.html\"},\"author\":{\"name\":\"Equipe MH\",\"@id\":\"https:\/\/mhcalculos.com.br\/noticias\/#\/schema\/person\/88d1c34bf72dc779ea14a5a6b8e0ae8d\"},\"headline\":\"TRF3: DECIS\u00c3O\u00a0RECONHECE\u00a0TEMPO DE SERVI\u00c7O ESPECIAL RURAL E URBANO\u00a0E CONFIRMA APOSENTADORIA DE\u00a0VIGIA\u00a0\",\"datePublished\":\"2020-08-17T16:05:46+00:00\",\"dateModified\":\"2021-07-28T17:29:12+00:00\",\"mainEntityOfPage\":{\"@id\":\"https:\/\/mhcalculos.com.br\/noticias\/area\/previdenciario\/trf3-decisao-reconhece-tempo-de-servico-especial-rural-e-urbano-e-confirma-aposentadoria-de-vigia.html\"},\"wordCount\":487,\"commentCount\":0,\"image\":{\"@id\":\"https:\/\/mhcalculos.com.br\/noticias\/area\/previdenciario\/trf3-decisao-reconhece-tempo-de-servico-especial-rural-e-urbano-e-confirma-aposentadoria-de-vigia.html#primaryimage\"},\"thumbnailUrl\":\"https:\/\/mhcalculos.com.br\/noticias\/wp-content\/uploads\/sites\/2\/2018\/08\/previdenciario-0029.jpg\",\"keywords\":[\"aposentadoria\",\"c\u00e1lculos previdenci\u00e1rios\",\"direito previdenci\u00e1rio\",\"inss\",\"per\u00edcia\",\"perito\",\"trf3\"],\"articleSection\":[\"Direito Previdenci\u00e1rio\",\"TRF3\"],\"inLanguage\":\"pt-BR\",\"potentialAction\":[{\"@type\":\"CommentAction\",\"name\":\"Comment\",\"target\":[\"https:\/\/mhcalculos.com.br\/noticias\/area\/previdenciario\/trf3-decisao-reconhece-tempo-de-servico-especial-rural-e-urbano-e-confirma-aposentadoria-de-vigia.html#respond\"]}]},{\"@type\":\"WebPage\",\"@id\":\"https:\/\/mhcalculos.com.br\/noticias\/area\/previdenciario\/trf3-decisao-reconhece-tempo-de-servico-especial-rural-e-urbano-e-confirma-aposentadoria-de-vigia.html\",\"url\":\"https:\/\/mhcalculos.com.br\/noticias\/area\/previdenciario\/trf3-decisao-reconhece-tempo-de-servico-especial-rural-e-urbano-e-confirma-aposentadoria-de-vigia.html\",\"name\":\"TRF3: DECIS\u00c3O\u00a0RECONHECE\u00a0TEMPO DE SERVI\u00c7O ESPECIAL RURAL E URBANO\u00a0E CONFIRMA APOSENTADORIA DE\u00a0VIGIA\u00a0 | Portal de Not\u00edcias\",\"isPartOf\":{\"@id\":\"https:\/\/mhcalculos.com.br\/noticias\/#website\"},\"primaryImageOfPage\":{\"@id\":\"https:\/\/mhcalculos.com.br\/noticias\/area\/previdenciario\/trf3-decisao-reconhece-tempo-de-servico-especial-rural-e-urbano-e-confirma-aposentadoria-de-vigia.html#primaryimage\"},\"image\":{\"@id\":\"https:\/\/mhcalculos.com.br\/noticias\/area\/previdenciario\/trf3-decisao-reconhece-tempo-de-servico-especial-rural-e-urbano-e-confirma-aposentadoria-de-vigia.html#primaryimage\"},\"thumbnailUrl\":\"https:\/\/mhcalculos.com.br\/noticias\/wp-content\/uploads\/sites\/2\/2018\/08\/previdenciario-0029.jpg\",\"datePublished\":\"2020-08-17T16:05:46+00:00\",\"dateModified\":\"2021-07-28T17:29:12+00:00\",\"author\":{\"@id\":\"https:\/\/mhcalculos.com.br\/noticias\/#\/schema\/person\/88d1c34bf72dc779ea14a5a6b8e0ae8d\"},\"breadcrumb\":{\"@id\":\"https:\/\/mhcalculos.com.br\/noticias\/area\/previdenciario\/trf3-decisao-reconhece-tempo-de-servico-especial-rural-e-urbano-e-confirma-aposentadoria-de-vigia.html#breadcrumb\"},\"inLanguage\":\"pt-BR\",\"potentialAction\":[{\"@type\":\"ReadAction\",\"target\":[\"https:\/\/mhcalculos.com.br\/noticias\/area\/previdenciario\/trf3-decisao-reconhece-tempo-de-servico-especial-rural-e-urbano-e-confirma-aposentadoria-de-vigia.html\"]}]},{\"@type\":\"ImageObject\",\"inLanguage\":\"pt-BR\",\"@id\":\"https:\/\/mhcalculos.com.br\/noticias\/area\/previdenciario\/trf3-decisao-reconhece-tempo-de-servico-especial-rural-e-urbano-e-confirma-aposentadoria-de-vigia.html#primaryimage\",\"url\":\"https:\/\/mhcalculos.com.br\/noticias\/wp-content\/uploads\/sites\/2\/2018\/08\/previdenciario-0029.jpg\",\"contentUrl\":\"https:\/\/mhcalculos.com.br\/noticias\/wp-content\/uploads\/sites\/2\/2018\/08\/previdenciario-0029.jpg\",\"width\":2000,\"height\":800},{\"@type\":\"BreadcrumbList\",\"@id\":\"https:\/\/mhcalculos.com.br\/noticias\/area\/previdenciario\/trf3-decisao-reconhece-tempo-de-servico-especial-rural-e-urbano-e-confirma-aposentadoria-de-vigia.html#breadcrumb\",\"itemListElement\":[{\"@type\":\"ListItem\",\"position\":1,\"name\":\"In\u00edcio\",\"item\":\"https:\/\/mhcalculos.com.br\/noticias\/\"},{\"@type\":\"ListItem\",\"position\":2,\"name\":\"TRF3: DECIS\u00c3O\u00a0RECONHECE\u00a0TEMPO DE SERVI\u00c7O ESPECIAL RURAL E URBANO\u00a0E CONFIRMA APOSENTADORIA DE\u00a0VIGIA\u00a0\"}]},{\"@type\":\"WebSite\",\"@id\":\"https:\/\/mhcalculos.com.br\/noticias\/#website\",\"url\":\"https:\/\/mhcalculos.com.br\/noticias\/\",\"name\":\"Portal de Not\u00edcias\",\"description\":\"Not\u00edcias e Jurisprud\u00eancia\",\"potentialAction\":[{\"@type\":\"SearchAction\",\"target\":{\"@type\":\"EntryPoint\",\"urlTemplate\":\"https:\/\/mhcalculos.com.br\/noticias\/?s={search_term_string}\"},\"query-input\":{\"@type\":\"PropertyValueSpecification\",\"valueRequired\":true,\"valueName\":\"search_term_string\"}}],\"inLanguage\":\"pt-BR\"},{\"@type\":\"Person\",\"@id\":\"https:\/\/mhcalculos.com.br\/noticias\/#\/schema\/person\/88d1c34bf72dc779ea14a5a6b8e0ae8d\",\"name\":\"Equipe MH\",\"image\":{\"@type\":\"ImageObject\",\"inLanguage\":\"pt-BR\",\"@id\":\"https:\/\/secure.gravatar.com\/avatar\/de1c686c2ecc9c5a3f327e3431d819eb39f8f05d4e1045f5a1caad6daaba987f?s=96&d=mm&r=g\",\"url\":\"https:\/\/secure.gravatar.com\/avatar\/de1c686c2ecc9c5a3f327e3431d819eb39f8f05d4e1045f5a1caad6daaba987f?s=96&d=mm&r=g\",\"contentUrl\":\"https:\/\/secure.gravatar.com\/avatar\/de1c686c2ecc9c5a3f327e3431d819eb39f8f05d4e1045f5a1caad6daaba987f?s=96&d=mm&r=g\",\"caption\":\"Equipe MH\"}}]}<\/script>\n<!-- \/ Yoast SEO plugin. -->","yoast_head_json":{"title":"TRF3: DECIS\u00c3O\u00a0RECONHECE\u00a0TEMPO DE SERVI\u00c7O ESPECIAL RURAL E URBANO\u00a0E CONFIRMA APOSENTADORIA DE\u00a0VIGIA\u00a0 | Portal de Not\u00edcias","robots":{"index":"index","follow":"follow","max-snippet":"max-snippet:-1","max-image-preview":"max-image-preview:large","max-video-preview":"max-video-preview:-1"},"canonical":"https:\/\/mhcalculos.com.br\/noticias\/area\/previdenciario\/trf3-decisao-reconhece-tempo-de-servico-especial-rural-e-urbano-e-confirma-aposentadoria-de-vigia.html","og_locale":"pt_BR","og_type":"article","og_title":"TRF3: DECIS\u00c3O\u00a0RECONHECE\u00a0TEMPO DE SERVI\u00c7O ESPECIAL RURAL E URBANO\u00a0E CONFIRMA APOSENTADORIA DE\u00a0VIGIA\u00a0 | Portal de Not\u00edcias","og_description":"Homem trabalhou\u00a0no cultivo de caf\u00e9 no Paran\u00e1\u00a0e\u00a0como\u00a0seguran\u00e7a de uma empresa\u00a0em S\u00e3o Paulo\u00a0\u00a0 A S\u00e9tima Turma do Tribunal Regional Federal da 3\u00aa Regi\u00e3o (TRF3), por unanimidade, determinou ao Instituto Nacional do Seguro Social (INSS) converter em tempo comum os\u00a09,5 anos\u00a0de atividade especial\u00a0exercida\u00a0por um homem\u00a0no cultivo de caf\u00e9,\u00a0em Ribeir\u00e3o do Pinhal\/PR,\u00a0e no servi\u00e7o\u00a0de vigil\u00e2ncia armada, em S\u00e3o [&hellip;]","og_url":"https:\/\/mhcalculos.com.br\/noticias\/area\/previdenciario\/trf3-decisao-reconhece-tempo-de-servico-especial-rural-e-urbano-e-confirma-aposentadoria-de-vigia.html","og_site_name":"Portal de Not\u00edcias","article_published_time":"2020-08-17T16:05:46+00:00","article_modified_time":"2021-07-28T17:29:12+00:00","og_image":[{"width":2000,"height":800,"url":"https:\/\/mhcalculos.com.br\/noticias\/wp-content\/uploads\/sites\/2\/2018\/08\/previdenciario-0029.jpg","type":"image\/jpeg"}],"author":"Equipe MH","twitter_card":"summary_large_image","twitter_misc":{"Escrito por":"Equipe MH","Est. tempo de leitura":"2 minutos"},"schema":{"@context":"https:\/\/schema.org","@graph":[{"@type":"Article","@id":"https:\/\/mhcalculos.com.br\/noticias\/area\/previdenciario\/trf3-decisao-reconhece-tempo-de-servico-especial-rural-e-urbano-e-confirma-aposentadoria-de-vigia.html#article","isPartOf":{"@id":"https:\/\/mhcalculos.com.br\/noticias\/area\/previdenciario\/trf3-decisao-reconhece-tempo-de-servico-especial-rural-e-urbano-e-confirma-aposentadoria-de-vigia.html"},"author":{"name":"Equipe MH","@id":"https:\/\/mhcalculos.com.br\/noticias\/#\/schema\/person\/88d1c34bf72dc779ea14a5a6b8e0ae8d"},"headline":"TRF3: DECIS\u00c3O\u00a0RECONHECE\u00a0TEMPO DE SERVI\u00c7O ESPECIAL RURAL E URBANO\u00a0E CONFIRMA APOSENTADORIA DE\u00a0VIGIA\u00a0","datePublished":"2020-08-17T16:05:46+00:00","dateModified":"2021-07-28T17:29:12+00:00","mainEntityOfPage":{"@id":"https:\/\/mhcalculos.com.br\/noticias\/area\/previdenciario\/trf3-decisao-reconhece-tempo-de-servico-especial-rural-e-urbano-e-confirma-aposentadoria-de-vigia.html"},"wordCount":487,"commentCount":0,"image":{"@id":"https:\/\/mhcalculos.com.br\/noticias\/area\/previdenciario\/trf3-decisao-reconhece-tempo-de-servico-especial-rural-e-urbano-e-confirma-aposentadoria-de-vigia.html#primaryimage"},"thumbnailUrl":"https:\/\/mhcalculos.com.br\/noticias\/wp-content\/uploads\/sites\/2\/2018\/08\/previdenciario-0029.jpg","keywords":["aposentadoria","c\u00e1lculos previdenci\u00e1rios","direito previdenci\u00e1rio","inss","per\u00edcia","perito","trf3"],"articleSection":["Direito Previdenci\u00e1rio","TRF3"],"inLanguage":"pt-BR","potentialAction":[{"@type":"CommentAction","name":"Comment","target":["https:\/\/mhcalculos.com.br\/noticias\/area\/previdenciario\/trf3-decisao-reconhece-tempo-de-servico-especial-rural-e-urbano-e-confirma-aposentadoria-de-vigia.html#respond"]}]},{"@type":"WebPage","@id":"https:\/\/mhcalculos.com.br\/noticias\/area\/previdenciario\/trf3-decisao-reconhece-tempo-de-servico-especial-rural-e-urbano-e-confirma-aposentadoria-de-vigia.html","url":"https:\/\/mhcalculos.com.br\/noticias\/area\/previdenciario\/trf3-decisao-reconhece-tempo-de-servico-especial-rural-e-urbano-e-confirma-aposentadoria-de-vigia.html","name":"TRF3: DECIS\u00c3O\u00a0RECONHECE\u00a0TEMPO DE SERVI\u00c7O ESPECIAL RURAL E URBANO\u00a0E CONFIRMA APOSENTADORIA DE\u00a0VIGIA\u00a0 | Portal de Not\u00edcias","isPartOf":{"@id":"https:\/\/mhcalculos.com.br\/noticias\/#website"},"primaryImageOfPage":{"@id":"https:\/\/mhcalculos.com.br\/noticias\/area\/previdenciario\/trf3-decisao-reconhece-tempo-de-servico-especial-rural-e-urbano-e-confirma-aposentadoria-de-vigia.html#primaryimage"},"image":{"@id":"https:\/\/mhcalculos.com.br\/noticias\/area\/previdenciario\/trf3-decisao-reconhece-tempo-de-servico-especial-rural-e-urbano-e-confirma-aposentadoria-de-vigia.html#primaryimage"},"thumbnailUrl":"https:\/\/mhcalculos.com.br\/noticias\/wp-content\/uploads\/sites\/2\/2018\/08\/previdenciario-0029.jpg","datePublished":"2020-08-17T16:05:46+00:00","dateModified":"2021-07-28T17:29:12+00:00","author":{"@id":"https:\/\/mhcalculos.com.br\/noticias\/#\/schema\/person\/88d1c34bf72dc779ea14a5a6b8e0ae8d"},"breadcrumb":{"@id":"https:\/\/mhcalculos.com.br\/noticias\/area\/previdenciario\/trf3-decisao-reconhece-tempo-de-servico-especial-rural-e-urbano-e-confirma-aposentadoria-de-vigia.html#breadcrumb"},"inLanguage":"pt-BR","potentialAction":[{"@type":"ReadAction","target":["https:\/\/mhcalculos.com.br\/noticias\/area\/previdenciario\/trf3-decisao-reconhece-tempo-de-servico-especial-rural-e-urbano-e-confirma-aposentadoria-de-vigia.html"]}]},{"@type":"ImageObject","inLanguage":"pt-BR","@id":"https:\/\/mhcalculos.com.br\/noticias\/area\/previdenciario\/trf3-decisao-reconhece-tempo-de-servico-especial-rural-e-urbano-e-confirma-aposentadoria-de-vigia.html#primaryimage","url":"https:\/\/mhcalculos.com.br\/noticias\/wp-content\/uploads\/sites\/2\/2018\/08\/previdenciario-0029.jpg","contentUrl":"https:\/\/mhcalculos.com.br\/noticias\/wp-content\/uploads\/sites\/2\/2018\/08\/previdenciario-0029.jpg","width":2000,"height":800},{"@type":"BreadcrumbList","@id":"https:\/\/mhcalculos.com.br\/noticias\/area\/previdenciario\/trf3-decisao-reconhece-tempo-de-servico-especial-rural-e-urbano-e-confirma-aposentadoria-de-vigia.html#breadcrumb","itemListElement":[{"@type":"ListItem","position":1,"name":"In\u00edcio","item":"https:\/\/mhcalculos.com.br\/noticias\/"},{"@type":"ListItem","position":2,"name":"TRF3: DECIS\u00c3O\u00a0RECONHECE\u00a0TEMPO DE SERVI\u00c7O ESPECIAL RURAL E URBANO\u00a0E CONFIRMA APOSENTADORIA DE\u00a0VIGIA\u00a0"}]},{"@type":"WebSite","@id":"https:\/\/mhcalculos.com.br\/noticias\/#website","url":"https:\/\/mhcalculos.com.br\/noticias\/","name":"Portal de Not\u00edcias","description":"Not\u00edcias e Jurisprud\u00eancia","potentialAction":[{"@type":"SearchAction","target":{"@type":"EntryPoint","urlTemplate":"https:\/\/mhcalculos.com.br\/noticias\/?s={search_term_string}"},"query-input":{"@type":"PropertyValueSpecification","valueRequired":true,"valueName":"search_term_string"}}],"inLanguage":"pt-BR"},{"@type":"Person","@id":"https:\/\/mhcalculos.com.br\/noticias\/#\/schema\/person\/88d1c34bf72dc779ea14a5a6b8e0ae8d","name":"Equipe MH","image":{"@type":"ImageObject","inLanguage":"pt-BR","@id":"https:\/\/secure.gravatar.com\/avatar\/de1c686c2ecc9c5a3f327e3431d819eb39f8f05d4e1045f5a1caad6daaba987f?s=96&d=mm&r=g","url":"https:\/\/secure.gravatar.com\/avatar\/de1c686c2ecc9c5a3f327e3431d819eb39f8f05d4e1045f5a1caad6daaba987f?s=96&d=mm&r=g","contentUrl":"https:\/\/secure.gravatar.com\/avatar\/de1c686c2ecc9c5a3f327e3431d819eb39f8f05d4e1045f5a1caad6daaba987f?s=96&d=mm&r=g","caption":"Equipe MH"}}]}},"_links":{"self":[{"href":"https:\/\/mhcalculos.com.br\/noticias\/wp-json\/wp\/v2\/posts\/7417","targetHints":{"allow":["GET"]}}],"collection":[{"href":"https:\/\/mhcalculos.com.br\/noticias\/wp-json\/wp\/v2\/posts"}],"about":[{"href":"https:\/\/mhcalculos.com.br\/noticias\/wp-json\/wp\/v2\/types\/post"}],"author":[{"embeddable":true,"href":"https:\/\/mhcalculos.com.br\/noticias\/wp-json\/wp\/v2\/users\/3063"}],"replies":[{"embeddable":true,"href":"https:\/\/mhcalculos.com.br\/noticias\/wp-json\/wp\/v2\/comments?post=7417"}],"version-history":[{"count":1,"href":"https:\/\/mhcalculos.com.br\/noticias\/wp-json\/wp\/v2\/posts\/7417\/revisions"}],"predecessor-version":[{"id":8956,"href":"https:\/\/mhcalculos.com.br\/noticias\/wp-json\/wp\/v2\/posts\/7417\/revisions\/8956"}],"wp:featuredmedia":[{"embeddable":true,"href":"https:\/\/mhcalculos.com.br\/noticias\/wp-json\/wp\/v2\/media\/2717"}],"wp:attachment":[{"href":"https:\/\/mhcalculos.com.br\/noticias\/wp-json\/wp\/v2\/media?parent=7417"}],"wp:term":[{"taxonomy":"category","embeddable":true,"href":"https:\/\/mhcalculos.com.br\/noticias\/wp-json\/wp\/v2\/categories?post=7417"},{"taxonomy":"post_tag","embeddable":true,"href":"https:\/\/mhcalculos.com.br\/noticias\/wp-json\/wp\/v2\/tags?post=7417"}],"curies":[{"name":"wp","href":"https:\/\/api.w.org\/{rel}","templated":true}]}}