{"id":7411,"date":"2020-08-15T11:05:20","date_gmt":"2020-08-15T14:05:20","guid":{"rendered":"https:\/\/mhcalculos.com.br\/noticias\/tribunais\/stf\/stf-icms-incide-sobre-a-cadeia-de-producao-de-mercadorias-a-serem-exportadas.html"},"modified":"2021-07-28T14:29:13","modified_gmt":"2021-07-28T17:29:13","slug":"stf-icms-incide-sobre-a-cadeia-de-producao-de-mercadorias-a-serem-exportadas","status":"publish","type":"post","link":"https:\/\/mhcalculos.com.br\/noticias\/tribunais\/stf\/stf-icms-incide-sobre-a-cadeia-de-producao-de-mercadorias-a-serem-exportadas.html","title":{"rendered":"STF: ICMS incide sobre a cadeia de produ\u00e7\u00e3o de mercadorias a serem exportadas"},"content":{"rendered":"<p><br \/>\n<\/p>\n<p>O Supremo Tribunal Federal (STF) decidiu que o Imposto sobre Circula\u00e7\u00e3o de Mercadorias e Servi\u00e7os (ICMS) incide sobre opera\u00e7\u00f5es ou presta\u00e7\u00f5es anteriores \u00e0 comercializa\u00e7\u00e3o de mercadorias para o exterior. Por maioria de votos, o Plen\u00e1rio, em sess\u00e3o virtual, negou provimento ao Recurso Extraordin\u00e1rio (RE) 754917, com repercuss\u00e3o geral reconhecida (<a href=\"http:\/\/www.stf.jus.br\/portal\/jurisprudenciaRepercussao\/verAndamentoProcesso.asp?incidente=4419616&amp;numeroProcesso=754917&amp;classeProcesso=RE&amp;numeroTema=475\" target=\"_blank\" rel=\"noopener noreferrer\">Tema 475<\/a>).<\/p>\n<p>O recurso foi interposto por uma empresa de embalagens contra decis\u00e3o do Tribunal de Justi\u00e7a do Estado do Rio Grande do Sul (TJ-RS) que assentou que a imunidade tribut\u00e1ria prevista no artigo 155, par\u00e1grafo 2&ordm;, inciso X, al\u00ednea &ldquo;a&rdquo;, da Constitui\u00e7\u00e3o Federal, \u00e9 restrita \u00e0s opera\u00e7\u00f5es de exporta\u00e7\u00e3o de mercadorias e n\u00e3o alcan\u00e7a a sa\u00edda de pe\u00e7as, partes e componentes no mercado interno, ainda que, ao final, venha a compor o produto objeto de exporta\u00e7\u00e3o.<\/p>\n<p>No RE, a Adegr\u00e1fica Embalagens Industriais Ltda. alegava que o TJ-RS, ao n\u00e3o reconhecer a desonera\u00e7\u00e3o do ICMS sobre as embalagens fornecidas \u00e0s empresas exportadoras, violaria a regra de imunidade prevista na Constitui\u00e7\u00e3o. Para a empresa, a express\u00e3o &ldquo;opera\u00e7\u00f5es que destinem mercadorias para o exterior&rdquo; abrangeria toda a cadeia de produ\u00e7\u00e3o.<\/p>\n<p><b>Aproveitamento de cr\u00e9ditos<\/b><\/p>\n<p>O relator do recurso, ministro Dias Toffoli, no voto condutor da decis\u00e3o, afirmou que a Constitui\u00e7\u00e3o, ao instituir a imunidade das opera\u00e7\u00f5es de exporta\u00e7\u00e3o ao ICMS, ao contr\u00e1rio do que alegado no RE, pressup\u00f5e a incid\u00eancia do imposto nas opera\u00e7\u00f5es internas e estabelece que o \u00f4nus tribut\u00e1rio ser\u00e1 compensado mediante a manuten\u00e7\u00e3o e o aproveitamento dos cr\u00e9ditos respectivos. Segundo Toffoli, caso houvesse imunidade para as opera\u00e7\u00f5es internas, de modo que n\u00e3o fosse cobrado o ICMS em nenhuma das etapas anteriores \u00e0 exporta\u00e7\u00e3o, seria &ldquo;in\u00fatil e despropositada&rdquo; a regra de manuten\u00e7\u00e3o e aproveitamento de cr\u00e9ditos.<\/p>\n<p>Ficaram vencidos os ministros Marco Aur\u00e9lio e Edson Fachin, que entendiam que a desonera\u00e7\u00e3o prevista no dispositivo constitucional alcan\u00e7a toda a cadeia produtiva exportadora.<\/p>\n<p><b>Tese<\/b><\/p>\n<p>A tese de repercuss\u00e3o geral fixada foi a seguinte: &ldquo;A imunidade a que se refere o artigo 155, par\u00e1grafo 2&ordm;, inciso X, al\u00ednea &lsquo;a&rsquo;, da Constitui\u00e7\u00e3o Federal n\u00e3o alcan\u00e7a opera\u00e7\u00f5es ou presta\u00e7\u00f5es anteriores \u00e0 opera\u00e7\u00e3o de exporta\u00e7\u00e3o&rdquo;.<\/p>\n<p><span style=\"font-size: smaller\">SP\/CR\/\/CF<\/span><\/p>\n<p>&nbsp;<\/p>\n<p><i>Com informa\u00e7\u00f5es da assessoria de imprensa do STF.<\/i><br \/>\n<br \/><a href=\"http:\/\/www.stf.jus.br\/portal\/cms\/verNoticiaDetalhe.asp?idConteudo=449523\">Fonte<\/a><br \/>\n<br \/><\/p>\n","protected":false},"excerpt":{"rendered":"<p>O Supremo Tribunal Federal (STF) decidiu que o Imposto sobre Circula\u00e7\u00e3o de Mercadorias e Servi\u00e7os (ICMS) incide sobre opera\u00e7\u00f5es ou presta\u00e7\u00f5es anteriores \u00e0 comercializa\u00e7\u00e3o de mercadorias para o exterior. Por maioria de votos, o Plen\u00e1rio, em sess\u00e3o virtual, negou provimento ao Recurso Extraordin\u00e1rio (RE) 754917, com repercuss\u00e3o geral reconhecida (Tema 475). O recurso foi interposto [&hellip;]<\/p>\n","protected":false},"author":3063,"featured_media":1601,"comment_status":"open","ping_status":"open","sticky":false,"template":"","format":"standard","meta":{"footnotes":""},"categories":[18,15],"tags":[32,31,42,30,29,213,9,12,16],"class_list":{"0":"post-7411","1":"post","2":"type-post","3":"status-publish","4":"format-standard","5":"has-post-thumbnail","7":"category-tributario","8":"category-stf","9":"tag-calculos-judiciais","10":"tag-calculos-tributarios","11":"tag-direito-tributario","12":"tag-divida-ativa","13":"tag-fazenda-publica","14":"tag-imposto","15":"tag-pericia","16":"tag-perito","17":"tag-stf"},"yoast_head":"<!-- This site is optimized with the Yoast SEO plugin v27.2 - https:\/\/yoast.com\/product\/yoast-seo-wordpress\/ -->\n<title>STF: ICMS incide sobre a cadeia de produ\u00e7\u00e3o de mercadorias a serem exportadas | Portal de Not\u00edcias<\/title>\n<meta name=\"robots\" content=\"index, follow, max-snippet:-1, max-image-preview:large, max-video-preview:-1\" \/>\n<link rel=\"canonical\" href=\"http:\/\/www.stf.jus.br\/portal\/cms\/verNoticiaDetalhe.asp?idConteudo=449523\" \/>\n<meta property=\"og:locale\" content=\"pt_BR\" \/>\n<meta property=\"og:type\" content=\"article\" \/>\n<meta property=\"og:title\" content=\"STF: ICMS incide sobre a cadeia de produ\u00e7\u00e3o de mercadorias a serem exportadas | Portal de Not\u00edcias\" \/>\n<meta property=\"og:description\" content=\"O Supremo Tribunal Federal (STF) decidiu que o Imposto sobre Circula\u00e7\u00e3o de Mercadorias e Servi\u00e7os (ICMS) incide sobre opera\u00e7\u00f5es ou presta\u00e7\u00f5es anteriores \u00e0 comercializa\u00e7\u00e3o de mercadorias para o exterior. Por maioria de votos, o Plen\u00e1rio, em sess\u00e3o virtual, negou provimento ao Recurso Extraordin\u00e1rio (RE) 754917, com repercuss\u00e3o geral reconhecida (Tema 475). O recurso foi interposto [&hellip;]\" \/>\n<meta property=\"og:url\" content=\"http:\/\/www.stf.jus.br\/portal\/cms\/verNoticiaDetalhe.asp?idConteudo=449523\" \/>\n<meta property=\"og:site_name\" content=\"Portal de Not\u00edcias\" \/>\n<meta property=\"article:published_time\" content=\"2020-08-15T14:05:20+00:00\" \/>\n<meta property=\"article:modified_time\" content=\"2021-07-28T17:29:13+00:00\" \/>\n<meta property=\"og:image\" content=\"https:\/\/mhcalculos.com.br\/noticias\/wp-content\/uploads\/sites\/2\/2018\/06\/judiciario-0026.jpg\" \/>\n\t<meta property=\"og:image:width\" content=\"2000\" \/>\n\t<meta property=\"og:image:height\" content=\"800\" \/>\n\t<meta property=\"og:image:type\" content=\"image\/jpeg\" \/>\n<meta name=\"author\" content=\"Equipe MH\" \/>\n<meta name=\"twitter:card\" content=\"summary_large_image\" \/>\n<meta name=\"twitter:label1\" content=\"Escrito por\" \/>\n\t<meta name=\"twitter:data1\" content=\"Equipe MH\" \/>\n\t<meta name=\"twitter:label2\" content=\"Est. tempo de leitura\" \/>\n\t<meta name=\"twitter:data2\" content=\"2 minutos\" \/>\n<script type=\"application\/ld+json\" class=\"yoast-schema-graph\">{\"@context\":\"https:\/\/schema.org\",\"@graph\":[{\"@type\":\"Article\",\"@id\":\"http:\/\/www.stf.jus.br\/portal\/cms\/verNoticiaDetalhe.asp?idConteudo=449523#article\",\"isPartOf\":{\"@id\":\"https:\/\/mhcalculos.com.br\/noticias\/tribunais\/stf\/stf-icms-incide-sobre-a-cadeia-de-producao-de-mercadorias-a-serem-exportadas.html\"},\"author\":{\"name\":\"Equipe MH\",\"@id\":\"https:\/\/mhcalculos.com.br\/noticias\/#\/schema\/person\/88d1c34bf72dc779ea14a5a6b8e0ae8d\"},\"headline\":\"STF: ICMS incide sobre a cadeia de produ\u00e7\u00e3o de mercadorias a serem exportadas\",\"datePublished\":\"2020-08-15T14:05:20+00:00\",\"dateModified\":\"2021-07-28T17:29:13+00:00\",\"mainEntityOfPage\":{\"@id\":\"https:\/\/mhcalculos.com.br\/noticias\/tribunais\/stf\/stf-icms-incide-sobre-a-cadeia-de-producao-de-mercadorias-a-serem-exportadas.html\"},\"wordCount\":428,\"commentCount\":0,\"image\":{\"@id\":\"http:\/\/www.stf.jus.br\/portal\/cms\/verNoticiaDetalhe.asp?idConteudo=449523#primaryimage\"},\"thumbnailUrl\":\"https:\/\/mhcalculos.com.br\/noticias\/wp-content\/uploads\/sites\/2\/2018\/06\/judiciario-0026.jpg\",\"keywords\":[\"c\u00e1lculos judiciais\",\"c\u00e1lculos tribut\u00e1rios\",\"direito tribut\u00e1rio\",\"d\u00edvida ativa\",\"fazenda p\u00fablica\",\"Imposto\",\"per\u00edcia\",\"perito\",\"stf\"],\"articleSection\":[\"Direito Tribut\u00e1rio\",\"STF\"],\"inLanguage\":\"pt-BR\",\"potentialAction\":[{\"@type\":\"CommentAction\",\"name\":\"Comment\",\"target\":[\"http:\/\/www.stf.jus.br\/portal\/cms\/verNoticiaDetalhe.asp?idConteudo=449523#respond\"]}]},{\"@type\":\"WebPage\",\"@id\":\"https:\/\/mhcalculos.com.br\/noticias\/tribunais\/stf\/stf-icms-incide-sobre-a-cadeia-de-producao-de-mercadorias-a-serem-exportadas.html\",\"url\":\"http:\/\/www.stf.jus.br\/portal\/cms\/verNoticiaDetalhe.asp?idConteudo=449523\",\"name\":\"STF: ICMS incide sobre a cadeia de produ\u00e7\u00e3o de mercadorias a serem exportadas | Portal de Not\u00edcias\",\"isPartOf\":{\"@id\":\"https:\/\/mhcalculos.com.br\/noticias\/#website\"},\"primaryImageOfPage\":{\"@id\":\"http:\/\/www.stf.jus.br\/portal\/cms\/verNoticiaDetalhe.asp?idConteudo=449523#primaryimage\"},\"image\":{\"@id\":\"http:\/\/www.stf.jus.br\/portal\/cms\/verNoticiaDetalhe.asp?idConteudo=449523#primaryimage\"},\"thumbnailUrl\":\"https:\/\/mhcalculos.com.br\/noticias\/wp-content\/uploads\/sites\/2\/2018\/06\/judiciario-0026.jpg\",\"datePublished\":\"2020-08-15T14:05:20+00:00\",\"dateModified\":\"2021-07-28T17:29:13+00:00\",\"author\":{\"@id\":\"https:\/\/mhcalculos.com.br\/noticias\/#\/schema\/person\/88d1c34bf72dc779ea14a5a6b8e0ae8d\"},\"breadcrumb\":{\"@id\":\"http:\/\/www.stf.jus.br\/portal\/cms\/verNoticiaDetalhe.asp?idConteudo=449523#breadcrumb\"},\"inLanguage\":\"pt-BR\",\"potentialAction\":[{\"@type\":\"ReadAction\",\"target\":[\"http:\/\/www.stf.jus.br\/portal\/cms\/verNoticiaDetalhe.asp?idConteudo=449523\"]}]},{\"@type\":\"ImageObject\",\"inLanguage\":\"pt-BR\",\"@id\":\"http:\/\/www.stf.jus.br\/portal\/cms\/verNoticiaDetalhe.asp?idConteudo=449523#primaryimage\",\"url\":\"https:\/\/mhcalculos.com.br\/noticias\/wp-content\/uploads\/sites\/2\/2018\/06\/judiciario-0026.jpg\",\"contentUrl\":\"https:\/\/mhcalculos.com.br\/noticias\/wp-content\/uploads\/sites\/2\/2018\/06\/judiciario-0026.jpg\",\"width\":2000,\"height\":800},{\"@type\":\"BreadcrumbList\",\"@id\":\"http:\/\/www.stf.jus.br\/portal\/cms\/verNoticiaDetalhe.asp?idConteudo=449523#breadcrumb\",\"itemListElement\":[{\"@type\":\"ListItem\",\"position\":1,\"name\":\"In\u00edcio\",\"item\":\"https:\/\/mhcalculos.com.br\/noticias\/\"},{\"@type\":\"ListItem\",\"position\":2,\"name\":\"STF: ICMS incide sobre a cadeia de produ\u00e7\u00e3o de mercadorias a serem exportadas\"}]},{\"@type\":\"WebSite\",\"@id\":\"https:\/\/mhcalculos.com.br\/noticias\/#website\",\"url\":\"https:\/\/mhcalculos.com.br\/noticias\/\",\"name\":\"Portal de Not\u00edcias\",\"description\":\"Not\u00edcias e Jurisprud\u00eancia\",\"potentialAction\":[{\"@type\":\"SearchAction\",\"target\":{\"@type\":\"EntryPoint\",\"urlTemplate\":\"https:\/\/mhcalculos.com.br\/noticias\/?s={search_term_string}\"},\"query-input\":{\"@type\":\"PropertyValueSpecification\",\"valueRequired\":true,\"valueName\":\"search_term_string\"}}],\"inLanguage\":\"pt-BR\"},{\"@type\":\"Person\",\"@id\":\"https:\/\/mhcalculos.com.br\/noticias\/#\/schema\/person\/88d1c34bf72dc779ea14a5a6b8e0ae8d\",\"name\":\"Equipe MH\",\"image\":{\"@type\":\"ImageObject\",\"inLanguage\":\"pt-BR\",\"@id\":\"https:\/\/secure.gravatar.com\/avatar\/de1c686c2ecc9c5a3f327e3431d819eb39f8f05d4e1045f5a1caad6daaba987f?s=96&d=mm&r=g\",\"url\":\"https:\/\/secure.gravatar.com\/avatar\/de1c686c2ecc9c5a3f327e3431d819eb39f8f05d4e1045f5a1caad6daaba987f?s=96&d=mm&r=g\",\"contentUrl\":\"https:\/\/secure.gravatar.com\/avatar\/de1c686c2ecc9c5a3f327e3431d819eb39f8f05d4e1045f5a1caad6daaba987f?s=96&d=mm&r=g\",\"caption\":\"Equipe MH\"}}]}<\/script>\n<!-- \/ Yoast SEO plugin. -->","yoast_head_json":{"title":"STF: ICMS incide sobre a cadeia de produ\u00e7\u00e3o de mercadorias a serem exportadas | Portal de Not\u00edcias","robots":{"index":"index","follow":"follow","max-snippet":"max-snippet:-1","max-image-preview":"max-image-preview:large","max-video-preview":"max-video-preview:-1"},"canonical":"http:\/\/www.stf.jus.br\/portal\/cms\/verNoticiaDetalhe.asp?idConteudo=449523","og_locale":"pt_BR","og_type":"article","og_title":"STF: ICMS incide sobre a cadeia de produ\u00e7\u00e3o de mercadorias a serem exportadas | Portal de Not\u00edcias","og_description":"O Supremo Tribunal Federal (STF) decidiu que o Imposto sobre Circula\u00e7\u00e3o de Mercadorias e Servi\u00e7os (ICMS) incide sobre opera\u00e7\u00f5es ou presta\u00e7\u00f5es anteriores \u00e0 comercializa\u00e7\u00e3o de mercadorias para o exterior. Por maioria de votos, o Plen\u00e1rio, em sess\u00e3o virtual, negou provimento ao Recurso Extraordin\u00e1rio (RE) 754917, com repercuss\u00e3o geral reconhecida (Tema 475). O recurso foi interposto [&hellip;]","og_url":"http:\/\/www.stf.jus.br\/portal\/cms\/verNoticiaDetalhe.asp?idConteudo=449523","og_site_name":"Portal de Not\u00edcias","article_published_time":"2020-08-15T14:05:20+00:00","article_modified_time":"2021-07-28T17:29:13+00:00","og_image":[{"width":2000,"height":800,"url":"https:\/\/mhcalculos.com.br\/noticias\/wp-content\/uploads\/sites\/2\/2018\/06\/judiciario-0026.jpg","type":"image\/jpeg"}],"author":"Equipe MH","twitter_card":"summary_large_image","twitter_misc":{"Escrito por":"Equipe MH","Est. tempo de leitura":"2 minutos"},"schema":{"@context":"https:\/\/schema.org","@graph":[{"@type":"Article","@id":"http:\/\/www.stf.jus.br\/portal\/cms\/verNoticiaDetalhe.asp?idConteudo=449523#article","isPartOf":{"@id":"https:\/\/mhcalculos.com.br\/noticias\/tribunais\/stf\/stf-icms-incide-sobre-a-cadeia-de-producao-de-mercadorias-a-serem-exportadas.html"},"author":{"name":"Equipe MH","@id":"https:\/\/mhcalculos.com.br\/noticias\/#\/schema\/person\/88d1c34bf72dc779ea14a5a6b8e0ae8d"},"headline":"STF: ICMS incide sobre a cadeia de produ\u00e7\u00e3o de mercadorias a serem exportadas","datePublished":"2020-08-15T14:05:20+00:00","dateModified":"2021-07-28T17:29:13+00:00","mainEntityOfPage":{"@id":"https:\/\/mhcalculos.com.br\/noticias\/tribunais\/stf\/stf-icms-incide-sobre-a-cadeia-de-producao-de-mercadorias-a-serem-exportadas.html"},"wordCount":428,"commentCount":0,"image":{"@id":"http:\/\/www.stf.jus.br\/portal\/cms\/verNoticiaDetalhe.asp?idConteudo=449523#primaryimage"},"thumbnailUrl":"https:\/\/mhcalculos.com.br\/noticias\/wp-content\/uploads\/sites\/2\/2018\/06\/judiciario-0026.jpg","keywords":["c\u00e1lculos judiciais","c\u00e1lculos tribut\u00e1rios","direito tribut\u00e1rio","d\u00edvida ativa","fazenda p\u00fablica","Imposto","per\u00edcia","perito","stf"],"articleSection":["Direito Tribut\u00e1rio","STF"],"inLanguage":"pt-BR","potentialAction":[{"@type":"CommentAction","name":"Comment","target":["http:\/\/www.stf.jus.br\/portal\/cms\/verNoticiaDetalhe.asp?idConteudo=449523#respond"]}]},{"@type":"WebPage","@id":"https:\/\/mhcalculos.com.br\/noticias\/tribunais\/stf\/stf-icms-incide-sobre-a-cadeia-de-producao-de-mercadorias-a-serem-exportadas.html","url":"http:\/\/www.stf.jus.br\/portal\/cms\/verNoticiaDetalhe.asp?idConteudo=449523","name":"STF: ICMS incide sobre a cadeia de produ\u00e7\u00e3o de mercadorias a serem exportadas | Portal de Not\u00edcias","isPartOf":{"@id":"https:\/\/mhcalculos.com.br\/noticias\/#website"},"primaryImageOfPage":{"@id":"http:\/\/www.stf.jus.br\/portal\/cms\/verNoticiaDetalhe.asp?idConteudo=449523#primaryimage"},"image":{"@id":"http:\/\/www.stf.jus.br\/portal\/cms\/verNoticiaDetalhe.asp?idConteudo=449523#primaryimage"},"thumbnailUrl":"https:\/\/mhcalculos.com.br\/noticias\/wp-content\/uploads\/sites\/2\/2018\/06\/judiciario-0026.jpg","datePublished":"2020-08-15T14:05:20+00:00","dateModified":"2021-07-28T17:29:13+00:00","author":{"@id":"https:\/\/mhcalculos.com.br\/noticias\/#\/schema\/person\/88d1c34bf72dc779ea14a5a6b8e0ae8d"},"breadcrumb":{"@id":"http:\/\/www.stf.jus.br\/portal\/cms\/verNoticiaDetalhe.asp?idConteudo=449523#breadcrumb"},"inLanguage":"pt-BR","potentialAction":[{"@type":"ReadAction","target":["http:\/\/www.stf.jus.br\/portal\/cms\/verNoticiaDetalhe.asp?idConteudo=449523"]}]},{"@type":"ImageObject","inLanguage":"pt-BR","@id":"http:\/\/www.stf.jus.br\/portal\/cms\/verNoticiaDetalhe.asp?idConteudo=449523#primaryimage","url":"https:\/\/mhcalculos.com.br\/noticias\/wp-content\/uploads\/sites\/2\/2018\/06\/judiciario-0026.jpg","contentUrl":"https:\/\/mhcalculos.com.br\/noticias\/wp-content\/uploads\/sites\/2\/2018\/06\/judiciario-0026.jpg","width":2000,"height":800},{"@type":"BreadcrumbList","@id":"http:\/\/www.stf.jus.br\/portal\/cms\/verNoticiaDetalhe.asp?idConteudo=449523#breadcrumb","itemListElement":[{"@type":"ListItem","position":1,"name":"In\u00edcio","item":"https:\/\/mhcalculos.com.br\/noticias\/"},{"@type":"ListItem","position":2,"name":"STF: ICMS incide sobre a cadeia de produ\u00e7\u00e3o de mercadorias a serem exportadas"}]},{"@type":"WebSite","@id":"https:\/\/mhcalculos.com.br\/noticias\/#website","url":"https:\/\/mhcalculos.com.br\/noticias\/","name":"Portal de Not\u00edcias","description":"Not\u00edcias e Jurisprud\u00eancia","potentialAction":[{"@type":"SearchAction","target":{"@type":"EntryPoint","urlTemplate":"https:\/\/mhcalculos.com.br\/noticias\/?s={search_term_string}"},"query-input":{"@type":"PropertyValueSpecification","valueRequired":true,"valueName":"search_term_string"}}],"inLanguage":"pt-BR"},{"@type":"Person","@id":"https:\/\/mhcalculos.com.br\/noticias\/#\/schema\/person\/88d1c34bf72dc779ea14a5a6b8e0ae8d","name":"Equipe MH","image":{"@type":"ImageObject","inLanguage":"pt-BR","@id":"https:\/\/secure.gravatar.com\/avatar\/de1c686c2ecc9c5a3f327e3431d819eb39f8f05d4e1045f5a1caad6daaba987f?s=96&d=mm&r=g","url":"https:\/\/secure.gravatar.com\/avatar\/de1c686c2ecc9c5a3f327e3431d819eb39f8f05d4e1045f5a1caad6daaba987f?s=96&d=mm&r=g","contentUrl":"https:\/\/secure.gravatar.com\/avatar\/de1c686c2ecc9c5a3f327e3431d819eb39f8f05d4e1045f5a1caad6daaba987f?s=96&d=mm&r=g","caption":"Equipe MH"}}]}},"_links":{"self":[{"href":"https:\/\/mhcalculos.com.br\/noticias\/wp-json\/wp\/v2\/posts\/7411","targetHints":{"allow":["GET"]}}],"collection":[{"href":"https:\/\/mhcalculos.com.br\/noticias\/wp-json\/wp\/v2\/posts"}],"about":[{"href":"https:\/\/mhcalculos.com.br\/noticias\/wp-json\/wp\/v2\/types\/post"}],"author":[{"embeddable":true,"href":"https:\/\/mhcalculos.com.br\/noticias\/wp-json\/wp\/v2\/users\/3063"}],"replies":[{"embeddable":true,"href":"https:\/\/mhcalculos.com.br\/noticias\/wp-json\/wp\/v2\/comments?post=7411"}],"version-history":[{"count":1,"href":"https:\/\/mhcalculos.com.br\/noticias\/wp-json\/wp\/v2\/posts\/7411\/revisions"}],"predecessor-version":[{"id":8960,"href":"https:\/\/mhcalculos.com.br\/noticias\/wp-json\/wp\/v2\/posts\/7411\/revisions\/8960"}],"wp:featuredmedia":[{"embeddable":true,"href":"https:\/\/mhcalculos.com.br\/noticias\/wp-json\/wp\/v2\/media\/1601"}],"wp:attachment":[{"href":"https:\/\/mhcalculos.com.br\/noticias\/wp-json\/wp\/v2\/media?parent=7411"}],"wp:term":[{"taxonomy":"category","embeddable":true,"href":"https:\/\/mhcalculos.com.br\/noticias\/wp-json\/wp\/v2\/categories?post=7411"},{"taxonomy":"post_tag","embeddable":true,"href":"https:\/\/mhcalculos.com.br\/noticias\/wp-json\/wp\/v2\/tags?post=7411"}],"curies":[{"name":"wp","href":"https:\/\/api.w.org\/{rel}","templated":true}]}}