{"id":7408,"date":"2020-08-14T13:05:15","date_gmt":"2020-08-14T16:05:15","guid":{"rendered":"https:\/\/mhcalculos.com.br\/noticias\/area\/previdenciario\/stf-alteracao-regimental-retira-da-distribuicao-de-processos-ministros-que-estejam-a-60-dias-da-aposentadoria.html"},"modified":"2021-07-28T14:29:13","modified_gmt":"2021-07-28T17:29:13","slug":"stf-alteracao-regimental-retira-da-distribuicao-de-processos-ministros-que-estejam-a-60-dias-da-aposentadoria","status":"publish","type":"post","link":"https:\/\/mhcalculos.com.br\/noticias\/area\/previdenciario\/stf-alteracao-regimental-retira-da-distribuicao-de-processos-ministros-que-estejam-a-60-dias-da-aposentadoria.html","title":{"rendered":"STF: Altera\u00e7\u00e3o regimental retira da distribui\u00e7\u00e3o de processos ministros que estejam a 60 dias da aposentadoria"},"content":{"rendered":"<p><br \/>\n<\/p>\n<p>Em sess\u00e3o administrativa realizada antes da sess\u00e3o de julgamentos desta quarta-feira (12), o Plen\u00e1rio do Supremo Tribunal Federal (STF) aprovou, por unanimidade, proposta de emenda ao Regimento Interno (RISTF) para excluir da distribui\u00e7\u00e3o de processos os ministros que estejam a 60 dias da aposentadoria. A exce\u00e7\u00e3o \u00e9 para os casos de preven\u00e7\u00e3o, ou seja, quando os processos s\u00e3o automaticamente remetidos ao ministro que inicialmente foi designado relator para um determinado tema.<\/p>\n<p>O objetivo da emenda \u00e9 evitar que, ap\u00f3s a aposentadoria, os processos fiquem no gabinete aguardando a posse do sucessor. Com a altera\u00e7\u00e3o, foi inclu\u00eddo o par\u00e1grafo 13 ao artigo 67 do RISTF, que trata da distribui\u00e7\u00e3o de processos:<\/p>\n<p>&sect; 13. Salvo os casos de preven\u00e7\u00e3o, o Ministro que estiver pr\u00f3ximo da aposentadoria ficar\u00e1 exclu\u00eddo da distribui\u00e7\u00e3o nos sessenta dias que antecederem a aposentadoria, aplicando-se a mesma regra e o mesmo limite de tempo \u00e0quele que requerer aposentadoria antecipada, compensando-se a distribui\u00e7\u00e3o em caso de desist\u00eancia.<\/p>\n<p><span style=\"font-size: smaller\">PR\/EH\/\/GDG<\/span><\/p>\n<p>&nbsp;<\/p>\n<p><i>Com informa\u00e7\u00f5es da assessoria de imprensa do STF.<\/i><br \/>\n<br \/><br \/>\n<br \/><a href=\"http:\/\/www.stf.jus.br\/portal\/cms\/verNoticiaDetalhe.asp?idConteudo=449438\">Fonte<\/a><\/p>\n","protected":false},"excerpt":{"rendered":"<p>Em sess\u00e3o administrativa realizada antes da sess\u00e3o de julgamentos desta quarta-feira (12), o Plen\u00e1rio do Supremo Tribunal Federal (STF) aprovou, por unanimidade, proposta de emenda ao Regimento Interno (RISTF) para excluir da distribui\u00e7\u00e3o de processos os ministros que estejam a 60 dias da aposentadoria. A exce\u00e7\u00e3o \u00e9 para os casos de preven\u00e7\u00e3o, ou seja, quando [&hellip;]<\/p>\n","protected":false},"author":3063,"featured_media":3464,"comment_status":"open","ping_status":"open","sticky":false,"template":"","format":"standard","meta":{"footnotes":""},"categories":[5,15],"tags":[11,10,8,13,9,12,16],"class_list":{"0":"post-7408","1":"post","2":"type-post","3":"status-publish","4":"format-standard","5":"has-post-thumbnail","7":"category-previdenciario","8":"category-stf","9":"tag-aposentadoria","10":"tag-calculos-previdenciarios","11":"tag-direito-previdenciario","12":"tag-inss","13":"tag-pericia","14":"tag-perito","15":"tag-stf"},"yoast_head":"<!-- This site is optimized with the Yoast SEO plugin v27.2 - https:\/\/yoast.com\/product\/yoast-seo-wordpress\/ -->\n<title>STF: Altera\u00e7\u00e3o regimental retira da distribui\u00e7\u00e3o de processos ministros que estejam a 60 dias da aposentadoria | Portal de Not\u00edcias<\/title>\n<meta name=\"robots\" content=\"index, follow, max-snippet:-1, max-image-preview:large, max-video-preview:-1\" \/>\n<link rel=\"canonical\" href=\"https:\/\/mhcalculos.com.br\/noticias\/area\/previdenciario\/stf-alteracao-regimental-retira-da-distribuicao-de-processos-ministros-que-estejam-a-60-dias-da-aposentadoria.html\" \/>\n<meta property=\"og:locale\" content=\"pt_BR\" \/>\n<meta property=\"og:type\" content=\"article\" \/>\n<meta property=\"og:title\" content=\"STF: Altera\u00e7\u00e3o regimental retira da distribui\u00e7\u00e3o de processos ministros que estejam a 60 dias da aposentadoria | Portal de Not\u00edcias\" \/>\n<meta property=\"og:description\" content=\"Em sess\u00e3o administrativa realizada antes da sess\u00e3o de julgamentos desta quarta-feira (12), o Plen\u00e1rio do Supremo Tribunal Federal (STF) aprovou, por unanimidade, proposta de emenda ao Regimento Interno (RISTF) para excluir da distribui\u00e7\u00e3o de processos os ministros que estejam a 60 dias da aposentadoria. A exce\u00e7\u00e3o \u00e9 para os casos de preven\u00e7\u00e3o, ou seja, quando [&hellip;]\" \/>\n<meta property=\"og:url\" content=\"https:\/\/mhcalculos.com.br\/noticias\/area\/previdenciario\/stf-alteracao-regimental-retira-da-distribuicao-de-processos-ministros-que-estejam-a-60-dias-da-aposentadoria.html\" \/>\n<meta property=\"og:site_name\" content=\"Portal de Not\u00edcias\" \/>\n<meta property=\"article:published_time\" content=\"2020-08-14T16:05:15+00:00\" \/>\n<meta property=\"article:modified_time\" content=\"2021-07-28T17:29:13+00:00\" \/>\n<meta property=\"og:image\" content=\"https:\/\/mhcalculos.com.br\/noticias\/wp-content\/uploads\/sites\/2\/2018\/12\/previdenciario-0003.jpg\" \/>\n\t<meta property=\"og:image:width\" content=\"2000\" \/>\n\t<meta property=\"og:image:height\" content=\"800\" \/>\n\t<meta property=\"og:image:type\" content=\"image\/jpeg\" \/>\n<meta name=\"author\" content=\"Equipe MH\" \/>\n<meta name=\"twitter:card\" content=\"summary_large_image\" \/>\n<meta name=\"twitter:label1\" content=\"Escrito por\" \/>\n\t<meta name=\"twitter:data1\" content=\"Equipe MH\" \/>\n\t<meta name=\"twitter:label2\" content=\"Est. tempo de leitura\" \/>\n\t<meta name=\"twitter:data2\" content=\"1 minuto\" \/>\n<script type=\"application\/ld+json\" class=\"yoast-schema-graph\">{\"@context\":\"https:\/\/schema.org\",\"@graph\":[{\"@type\":\"Article\",\"@id\":\"https:\/\/mhcalculos.com.br\/noticias\/area\/previdenciario\/stf-alteracao-regimental-retira-da-distribuicao-de-processos-ministros-que-estejam-a-60-dias-da-aposentadoria.html#article\",\"isPartOf\":{\"@id\":\"https:\/\/mhcalculos.com.br\/noticias\/area\/previdenciario\/stf-alteracao-regimental-retira-da-distribuicao-de-processos-ministros-que-estejam-a-60-dias-da-aposentadoria.html\"},\"author\":{\"name\":\"Equipe MH\",\"@id\":\"https:\/\/mhcalculos.com.br\/noticias\/#\/schema\/person\/88d1c34bf72dc779ea14a5a6b8e0ae8d\"},\"headline\":\"STF: Altera\u00e7\u00e3o regimental retira da distribui\u00e7\u00e3o de processos ministros que estejam a 60 dias da aposentadoria\",\"datePublished\":\"2020-08-14T16:05:15+00:00\",\"dateModified\":\"2021-07-28T17:29:13+00:00\",\"mainEntityOfPage\":{\"@id\":\"https:\/\/mhcalculos.com.br\/noticias\/area\/previdenciario\/stf-alteracao-regimental-retira-da-distribuicao-de-processos-ministros-que-estejam-a-60-dias-da-aposentadoria.html\"},\"wordCount\":201,\"commentCount\":0,\"image\":{\"@id\":\"https:\/\/mhcalculos.com.br\/noticias\/area\/previdenciario\/stf-alteracao-regimental-retira-da-distribuicao-de-processos-ministros-que-estejam-a-60-dias-da-aposentadoria.html#primaryimage\"},\"thumbnailUrl\":\"https:\/\/mhcalculos.com.br\/noticias\/wp-content\/uploads\/sites\/2\/2018\/12\/previdenciario-0003.jpg\",\"keywords\":[\"aposentadoria\",\"c\u00e1lculos previdenci\u00e1rios\",\"direito previdenci\u00e1rio\",\"inss\",\"per\u00edcia\",\"perito\",\"stf\"],\"articleSection\":[\"Direito Previdenci\u00e1rio\",\"STF\"],\"inLanguage\":\"pt-BR\",\"potentialAction\":[{\"@type\":\"CommentAction\",\"name\":\"Comment\",\"target\":[\"https:\/\/mhcalculos.com.br\/noticias\/area\/previdenciario\/stf-alteracao-regimental-retira-da-distribuicao-de-processos-ministros-que-estejam-a-60-dias-da-aposentadoria.html#respond\"]}]},{\"@type\":\"WebPage\",\"@id\":\"https:\/\/mhcalculos.com.br\/noticias\/area\/previdenciario\/stf-alteracao-regimental-retira-da-distribuicao-de-processos-ministros-que-estejam-a-60-dias-da-aposentadoria.html\",\"url\":\"https:\/\/mhcalculos.com.br\/noticias\/area\/previdenciario\/stf-alteracao-regimental-retira-da-distribuicao-de-processos-ministros-que-estejam-a-60-dias-da-aposentadoria.html\",\"name\":\"STF: Altera\u00e7\u00e3o regimental retira da distribui\u00e7\u00e3o de processos ministros que estejam a 60 dias da aposentadoria | Portal de Not\u00edcias\",\"isPartOf\":{\"@id\":\"https:\/\/mhcalculos.com.br\/noticias\/#website\"},\"primaryImageOfPage\":{\"@id\":\"https:\/\/mhcalculos.com.br\/noticias\/area\/previdenciario\/stf-alteracao-regimental-retira-da-distribuicao-de-processos-ministros-que-estejam-a-60-dias-da-aposentadoria.html#primaryimage\"},\"image\":{\"@id\":\"https:\/\/mhcalculos.com.br\/noticias\/area\/previdenciario\/stf-alteracao-regimental-retira-da-distribuicao-de-processos-ministros-que-estejam-a-60-dias-da-aposentadoria.html#primaryimage\"},\"thumbnailUrl\":\"https:\/\/mhcalculos.com.br\/noticias\/wp-content\/uploads\/sites\/2\/2018\/12\/previdenciario-0003.jpg\",\"datePublished\":\"2020-08-14T16:05:15+00:00\",\"dateModified\":\"2021-07-28T17:29:13+00:00\",\"author\":{\"@id\":\"https:\/\/mhcalculos.com.br\/noticias\/#\/schema\/person\/88d1c34bf72dc779ea14a5a6b8e0ae8d\"},\"breadcrumb\":{\"@id\":\"https:\/\/mhcalculos.com.br\/noticias\/area\/previdenciario\/stf-alteracao-regimental-retira-da-distribuicao-de-processos-ministros-que-estejam-a-60-dias-da-aposentadoria.html#breadcrumb\"},\"inLanguage\":\"pt-BR\",\"potentialAction\":[{\"@type\":\"ReadAction\",\"target\":[\"https:\/\/mhcalculos.com.br\/noticias\/area\/previdenciario\/stf-alteracao-regimental-retira-da-distribuicao-de-processos-ministros-que-estejam-a-60-dias-da-aposentadoria.html\"]}]},{\"@type\":\"ImageObject\",\"inLanguage\":\"pt-BR\",\"@id\":\"https:\/\/mhcalculos.com.br\/noticias\/area\/previdenciario\/stf-alteracao-regimental-retira-da-distribuicao-de-processos-ministros-que-estejam-a-60-dias-da-aposentadoria.html#primaryimage\",\"url\":\"https:\/\/mhcalculos.com.br\/noticias\/wp-content\/uploads\/sites\/2\/2018\/12\/previdenciario-0003.jpg\",\"contentUrl\":\"https:\/\/mhcalculos.com.br\/noticias\/wp-content\/uploads\/sites\/2\/2018\/12\/previdenciario-0003.jpg\",\"width\":2000,\"height\":800},{\"@type\":\"BreadcrumbList\",\"@id\":\"https:\/\/mhcalculos.com.br\/noticias\/area\/previdenciario\/stf-alteracao-regimental-retira-da-distribuicao-de-processos-ministros-que-estejam-a-60-dias-da-aposentadoria.html#breadcrumb\",\"itemListElement\":[{\"@type\":\"ListItem\",\"position\":1,\"name\":\"In\u00edcio\",\"item\":\"https:\/\/mhcalculos.com.br\/noticias\/\"},{\"@type\":\"ListItem\",\"position\":2,\"name\":\"STF: Altera\u00e7\u00e3o regimental retira da distribui\u00e7\u00e3o de processos ministros que estejam a 60 dias da aposentadoria\"}]},{\"@type\":\"WebSite\",\"@id\":\"https:\/\/mhcalculos.com.br\/noticias\/#website\",\"url\":\"https:\/\/mhcalculos.com.br\/noticias\/\",\"name\":\"Portal de Not\u00edcias\",\"description\":\"Not\u00edcias e Jurisprud\u00eancia\",\"potentialAction\":[{\"@type\":\"SearchAction\",\"target\":{\"@type\":\"EntryPoint\",\"urlTemplate\":\"https:\/\/mhcalculos.com.br\/noticias\/?s={search_term_string}\"},\"query-input\":{\"@type\":\"PropertyValueSpecification\",\"valueRequired\":true,\"valueName\":\"search_term_string\"}}],\"inLanguage\":\"pt-BR\"},{\"@type\":\"Person\",\"@id\":\"https:\/\/mhcalculos.com.br\/noticias\/#\/schema\/person\/88d1c34bf72dc779ea14a5a6b8e0ae8d\",\"name\":\"Equipe MH\",\"image\":{\"@type\":\"ImageObject\",\"inLanguage\":\"pt-BR\",\"@id\":\"https:\/\/secure.gravatar.com\/avatar\/de1c686c2ecc9c5a3f327e3431d819eb39f8f05d4e1045f5a1caad6daaba987f?s=96&d=mm&r=g\",\"url\":\"https:\/\/secure.gravatar.com\/avatar\/de1c686c2ecc9c5a3f327e3431d819eb39f8f05d4e1045f5a1caad6daaba987f?s=96&d=mm&r=g\",\"contentUrl\":\"https:\/\/secure.gravatar.com\/avatar\/de1c686c2ecc9c5a3f327e3431d819eb39f8f05d4e1045f5a1caad6daaba987f?s=96&d=mm&r=g\",\"caption\":\"Equipe MH\"}}]}<\/script>\n<!-- \/ Yoast SEO plugin. -->","yoast_head_json":{"title":"STF: Altera\u00e7\u00e3o regimental retira da distribui\u00e7\u00e3o de processos ministros que estejam a 60 dias da aposentadoria | Portal de Not\u00edcias","robots":{"index":"index","follow":"follow","max-snippet":"max-snippet:-1","max-image-preview":"max-image-preview:large","max-video-preview":"max-video-preview:-1"},"canonical":"https:\/\/mhcalculos.com.br\/noticias\/area\/previdenciario\/stf-alteracao-regimental-retira-da-distribuicao-de-processos-ministros-que-estejam-a-60-dias-da-aposentadoria.html","og_locale":"pt_BR","og_type":"article","og_title":"STF: Altera\u00e7\u00e3o regimental retira da distribui\u00e7\u00e3o de processos ministros que estejam a 60 dias da aposentadoria | Portal de Not\u00edcias","og_description":"Em sess\u00e3o administrativa realizada antes da sess\u00e3o de julgamentos desta quarta-feira (12), o Plen\u00e1rio do Supremo Tribunal Federal (STF) aprovou, por unanimidade, proposta de emenda ao Regimento Interno (RISTF) para excluir da distribui\u00e7\u00e3o de processos os ministros que estejam a 60 dias da aposentadoria. A exce\u00e7\u00e3o \u00e9 para os casos de preven\u00e7\u00e3o, ou seja, quando [&hellip;]","og_url":"https:\/\/mhcalculos.com.br\/noticias\/area\/previdenciario\/stf-alteracao-regimental-retira-da-distribuicao-de-processos-ministros-que-estejam-a-60-dias-da-aposentadoria.html","og_site_name":"Portal de Not\u00edcias","article_published_time":"2020-08-14T16:05:15+00:00","article_modified_time":"2021-07-28T17:29:13+00:00","og_image":[{"width":2000,"height":800,"url":"https:\/\/mhcalculos.com.br\/noticias\/wp-content\/uploads\/sites\/2\/2018\/12\/previdenciario-0003.jpg","type":"image\/jpeg"}],"author":"Equipe MH","twitter_card":"summary_large_image","twitter_misc":{"Escrito por":"Equipe MH","Est. tempo de leitura":"1 minuto"},"schema":{"@context":"https:\/\/schema.org","@graph":[{"@type":"Article","@id":"https:\/\/mhcalculos.com.br\/noticias\/area\/previdenciario\/stf-alteracao-regimental-retira-da-distribuicao-de-processos-ministros-que-estejam-a-60-dias-da-aposentadoria.html#article","isPartOf":{"@id":"https:\/\/mhcalculos.com.br\/noticias\/area\/previdenciario\/stf-alteracao-regimental-retira-da-distribuicao-de-processos-ministros-que-estejam-a-60-dias-da-aposentadoria.html"},"author":{"name":"Equipe MH","@id":"https:\/\/mhcalculos.com.br\/noticias\/#\/schema\/person\/88d1c34bf72dc779ea14a5a6b8e0ae8d"},"headline":"STF: Altera\u00e7\u00e3o regimental retira da distribui\u00e7\u00e3o de processos ministros que estejam a 60 dias da aposentadoria","datePublished":"2020-08-14T16:05:15+00:00","dateModified":"2021-07-28T17:29:13+00:00","mainEntityOfPage":{"@id":"https:\/\/mhcalculos.com.br\/noticias\/area\/previdenciario\/stf-alteracao-regimental-retira-da-distribuicao-de-processos-ministros-que-estejam-a-60-dias-da-aposentadoria.html"},"wordCount":201,"commentCount":0,"image":{"@id":"https:\/\/mhcalculos.com.br\/noticias\/area\/previdenciario\/stf-alteracao-regimental-retira-da-distribuicao-de-processos-ministros-que-estejam-a-60-dias-da-aposentadoria.html#primaryimage"},"thumbnailUrl":"https:\/\/mhcalculos.com.br\/noticias\/wp-content\/uploads\/sites\/2\/2018\/12\/previdenciario-0003.jpg","keywords":["aposentadoria","c\u00e1lculos previdenci\u00e1rios","direito previdenci\u00e1rio","inss","per\u00edcia","perito","stf"],"articleSection":["Direito Previdenci\u00e1rio","STF"],"inLanguage":"pt-BR","potentialAction":[{"@type":"CommentAction","name":"Comment","target":["https:\/\/mhcalculos.com.br\/noticias\/area\/previdenciario\/stf-alteracao-regimental-retira-da-distribuicao-de-processos-ministros-que-estejam-a-60-dias-da-aposentadoria.html#respond"]}]},{"@type":"WebPage","@id":"https:\/\/mhcalculos.com.br\/noticias\/area\/previdenciario\/stf-alteracao-regimental-retira-da-distribuicao-de-processos-ministros-que-estejam-a-60-dias-da-aposentadoria.html","url":"https:\/\/mhcalculos.com.br\/noticias\/area\/previdenciario\/stf-alteracao-regimental-retira-da-distribuicao-de-processos-ministros-que-estejam-a-60-dias-da-aposentadoria.html","name":"STF: Altera\u00e7\u00e3o regimental retira da distribui\u00e7\u00e3o de processos ministros que estejam a 60 dias da aposentadoria | Portal de Not\u00edcias","isPartOf":{"@id":"https:\/\/mhcalculos.com.br\/noticias\/#website"},"primaryImageOfPage":{"@id":"https:\/\/mhcalculos.com.br\/noticias\/area\/previdenciario\/stf-alteracao-regimental-retira-da-distribuicao-de-processos-ministros-que-estejam-a-60-dias-da-aposentadoria.html#primaryimage"},"image":{"@id":"https:\/\/mhcalculos.com.br\/noticias\/area\/previdenciario\/stf-alteracao-regimental-retira-da-distribuicao-de-processos-ministros-que-estejam-a-60-dias-da-aposentadoria.html#primaryimage"},"thumbnailUrl":"https:\/\/mhcalculos.com.br\/noticias\/wp-content\/uploads\/sites\/2\/2018\/12\/previdenciario-0003.jpg","datePublished":"2020-08-14T16:05:15+00:00","dateModified":"2021-07-28T17:29:13+00:00","author":{"@id":"https:\/\/mhcalculos.com.br\/noticias\/#\/schema\/person\/88d1c34bf72dc779ea14a5a6b8e0ae8d"},"breadcrumb":{"@id":"https:\/\/mhcalculos.com.br\/noticias\/area\/previdenciario\/stf-alteracao-regimental-retira-da-distribuicao-de-processos-ministros-que-estejam-a-60-dias-da-aposentadoria.html#breadcrumb"},"inLanguage":"pt-BR","potentialAction":[{"@type":"ReadAction","target":["https:\/\/mhcalculos.com.br\/noticias\/area\/previdenciario\/stf-alteracao-regimental-retira-da-distribuicao-de-processos-ministros-que-estejam-a-60-dias-da-aposentadoria.html"]}]},{"@type":"ImageObject","inLanguage":"pt-BR","@id":"https:\/\/mhcalculos.com.br\/noticias\/area\/previdenciario\/stf-alteracao-regimental-retira-da-distribuicao-de-processos-ministros-que-estejam-a-60-dias-da-aposentadoria.html#primaryimage","url":"https:\/\/mhcalculos.com.br\/noticias\/wp-content\/uploads\/sites\/2\/2018\/12\/previdenciario-0003.jpg","contentUrl":"https:\/\/mhcalculos.com.br\/noticias\/wp-content\/uploads\/sites\/2\/2018\/12\/previdenciario-0003.jpg","width":2000,"height":800},{"@type":"BreadcrumbList","@id":"https:\/\/mhcalculos.com.br\/noticias\/area\/previdenciario\/stf-alteracao-regimental-retira-da-distribuicao-de-processos-ministros-que-estejam-a-60-dias-da-aposentadoria.html#breadcrumb","itemListElement":[{"@type":"ListItem","position":1,"name":"In\u00edcio","item":"https:\/\/mhcalculos.com.br\/noticias\/"},{"@type":"ListItem","position":2,"name":"STF: Altera\u00e7\u00e3o regimental retira da distribui\u00e7\u00e3o de processos ministros que estejam a 60 dias da aposentadoria"}]},{"@type":"WebSite","@id":"https:\/\/mhcalculos.com.br\/noticias\/#website","url":"https:\/\/mhcalculos.com.br\/noticias\/","name":"Portal de Not\u00edcias","description":"Not\u00edcias e Jurisprud\u00eancia","potentialAction":[{"@type":"SearchAction","target":{"@type":"EntryPoint","urlTemplate":"https:\/\/mhcalculos.com.br\/noticias\/?s={search_term_string}"},"query-input":{"@type":"PropertyValueSpecification","valueRequired":true,"valueName":"search_term_string"}}],"inLanguage":"pt-BR"},{"@type":"Person","@id":"https:\/\/mhcalculos.com.br\/noticias\/#\/schema\/person\/88d1c34bf72dc779ea14a5a6b8e0ae8d","name":"Equipe MH","image":{"@type":"ImageObject","inLanguage":"pt-BR","@id":"https:\/\/secure.gravatar.com\/avatar\/de1c686c2ecc9c5a3f327e3431d819eb39f8f05d4e1045f5a1caad6daaba987f?s=96&d=mm&r=g","url":"https:\/\/secure.gravatar.com\/avatar\/de1c686c2ecc9c5a3f327e3431d819eb39f8f05d4e1045f5a1caad6daaba987f?s=96&d=mm&r=g","contentUrl":"https:\/\/secure.gravatar.com\/avatar\/de1c686c2ecc9c5a3f327e3431d819eb39f8f05d4e1045f5a1caad6daaba987f?s=96&d=mm&r=g","caption":"Equipe MH"}}]}},"_links":{"self":[{"href":"https:\/\/mhcalculos.com.br\/noticias\/wp-json\/wp\/v2\/posts\/7408","targetHints":{"allow":["GET"]}}],"collection":[{"href":"https:\/\/mhcalculos.com.br\/noticias\/wp-json\/wp\/v2\/posts"}],"about":[{"href":"https:\/\/mhcalculos.com.br\/noticias\/wp-json\/wp\/v2\/types\/post"}],"author":[{"embeddable":true,"href":"https:\/\/mhcalculos.com.br\/noticias\/wp-json\/wp\/v2\/users\/3063"}],"replies":[{"embeddable":true,"href":"https:\/\/mhcalculos.com.br\/noticias\/wp-json\/wp\/v2\/comments?post=7408"}],"version-history":[{"count":1,"href":"https:\/\/mhcalculos.com.br\/noticias\/wp-json\/wp\/v2\/posts\/7408\/revisions"}],"predecessor-version":[{"id":8962,"href":"https:\/\/mhcalculos.com.br\/noticias\/wp-json\/wp\/v2\/posts\/7408\/revisions\/8962"}],"wp:featuredmedia":[{"embeddable":true,"href":"https:\/\/mhcalculos.com.br\/noticias\/wp-json\/wp\/v2\/media\/3464"}],"wp:attachment":[{"href":"https:\/\/mhcalculos.com.br\/noticias\/wp-json\/wp\/v2\/media?parent=7408"}],"wp:term":[{"taxonomy":"category","embeddable":true,"href":"https:\/\/mhcalculos.com.br\/noticias\/wp-json\/wp\/v2\/categories?post=7408"},{"taxonomy":"post_tag","embeddable":true,"href":"https:\/\/mhcalculos.com.br\/noticias\/wp-json\/wp\/v2\/tags?post=7408"}],"curies":[{"name":"wp","href":"https:\/\/api.w.org\/{rel}","templated":true}]}}