{"id":7399,"date":"2020-08-11T01:05:06","date_gmt":"2020-08-11T04:05:06","guid":{"rendered":"https:\/\/mhcalculos.com.br\/noticias\/area\/previdenciario\/stf-stf-vai-decidir-se-auxilio-acompanhante-pode-ser-estendido-a-toda-especie-de-aposentadoria.html"},"modified":"2021-07-28T14:29:15","modified_gmt":"2021-07-28T17:29:15","slug":"stf-stf-vai-decidir-se-auxilio-acompanhante-pode-ser-estendido-a-toda-especie-de-aposentadoria","status":"publish","type":"post","link":"https:\/\/mhcalculos.com.br\/noticias\/area\/previdenciario\/stf-stf-vai-decidir-se-auxilio-acompanhante-pode-ser-estendido-a-toda-especie-de-aposentadoria.html","title":{"rendered":"STF: STF vai decidir se aux\u00edlio-acompanhante pode ser estendido a toda esp\u00e9cie de aposentadoria"},"content":{"rendered":"<p><br \/>\n<\/p>\n<p>O Plen\u00e1rio do Supremo Tribunal Federal (STF) vai decidir se a extens\u00e3o do benef\u00edcio previdenci\u00e1rio do aux\u00edlio-acompanhante a todas esp\u00e9cies de aposentadoria do Regime Geral de Previd\u00eancia Social (RGPS) \u00e9 constitucional. De acordo com a Lei dos Benef\u00edcios da Previd\u00eancia Social (Lei 8.213\/1991), esse valor adicional de 25% \u00e9 pago exclusivamente aos aposentados por invalidez que necessitem de assist\u00eancia permanente de terceiros. A discuss\u00e3o \u00e9 objeto do Recurso Extraordin\u00e1rio (RE) 1221446, que teve repercuss\u00e3o geral reconhecida pelo Plen\u00e1rio Virtual (<a href=\"http:\/\/www.stf.jus.br\/portal\/jurisprudenciaRepercussao\/verAndamentoProcesso.asp?incidente=5731800&amp;numeroProcesso=1221446&amp;classeProcesso=RE&amp;numeroTema=1095\" target=\"_blank\" rel=\"noopener noreferrer\">Tema 1095<\/a>).&nbsp;<\/p>\n<p><b>Benef\u00edcio assistencial<\/b><\/p>\n<p>O recurso extraordin\u00e1rio foi interposto pelo Instituto Nacional do Seguro Social (INSS) contra decis\u00e3o do Superior Tribunal de Justi\u00e7a (STJ) que assegurou a extens\u00e3o do benef\u00edcio a todos os aposentados, com fundamento nos princ\u00edpios da dignidade da pessoa humana e da isonomia e na garantia dos direitos sociais. De acordo com o STJ, o adicional tem car\u00e1ter assistencial, pois o fato gerador (a necessidade de assist\u00eancia permanente de outra pessoa) pode estar presente no momento do requerimento administrativo da aposentadoria por invalidez ou ser posterior e ter ou n\u00e3o rela\u00e7\u00e3o com a mol\u00e9stia que deu causa \u00e0 concess\u00e3o do benef\u00edcio origin\u00e1rio.<\/p>\n<p><b>M\u00e1 aplica\u00e7\u00e3o da isonomia<\/b><\/p>\n<p>No RE, o INSS argumenta &ldquo;m\u00e1 aplica\u00e7\u00e3o&rdquo;, pelo STJ, dos princ\u00edpios da isonomia e da dignidade humana. Segundo a autarquia, o aposentado por invalidez se depara com a incapacidade quando est\u00e1 trabalhando, o que faz com que seus planos e projetos sofram mudan\u00e7a dr\u00e1stica e imprevista, enquanto, nos demais casos, a invalidez ocorre ap\u00f3s a aposentadoria. &ldquo;Por este motivo \u00e9 que, em nome da isonomia, para nivelar situa\u00e7\u00f5es desiguais, o adicional de 25% se restringe ao benef\u00edcio de aposentadoria por invalidez&rdquo;, sustenta.<\/p>\n<p><b>Impacto<\/b><\/p>\n<p>Em manifesta\u00e7\u00e3o no Plen\u00e1rio Virtual pela exist\u00eancia de repercuss\u00e3o geral, o relator do recurso, ministro Luiz Fux, verificou que a mat\u00e9ria, al\u00e9m de natureza constitucional, transcende os limites individuais da causa, em raz\u00e3o da interpreta\u00e7\u00e3o extensiva conferida pelo STJ ao artigo 45 da Lei 8.213\/1991 para permitir a concess\u00e3o do aux\u00edlio a qualquer tipo de aposentadoria pelo RGPS. O ministro tamb\u00e9m destacou o impacto em outros casos, pois a quest\u00e3o envolve um n\u00famero elevado de segurados potencialmente alcan\u00e7ados pela decis\u00e3o do STJ.<\/p>\n<p>O ministro observou que a Primeira Turma do STF, no julgamento de Agravo Interno na Peti\u00e7\u00e3o (Pet) 8002, tamb\u00e9m de sua relatoria, decidiu suspender nacionalmente todos os processos que tratem da mat\u00e9ria, para que seja apreciada pelo Plen\u00e1rio.<\/p>\n<p><span style=\"font-size: smaller\">PR\/CR\/\/CF<\/span><\/p>\n<p>Leia mais:<\/p>\n<p>12\/3\/2019 &#8211;&nbsp;<a href=\"http:\/\/portal.stf.jus.br\/noticias\/verNoticiaDetalhe.asp?idConteudo=405560&amp;ori=1\" target=\"_blank\" rel=\"noopener noreferrer\">1&ordf; Turma suspende tr\u00e2mite de processos sobre extens\u00e3o de adicional de 25% a aposentados<\/a><\/p>\n<p><i>Com informa\u00e7\u00f5es da assessoria de imprensa do STF.<\/i><br \/>\n<br \/><br \/>\n<br \/><a href=\"http:\/\/www.stf.jus.br\/portal\/cms\/verNoticiaDetalhe.asp?idConteudo=449283\">Fonte<\/a><\/p>\n","protected":false},"excerpt":{"rendered":"<p>O Plen\u00e1rio do Supremo Tribunal Federal (STF) vai decidir se a extens\u00e3o do benef\u00edcio previdenci\u00e1rio do aux\u00edlio-acompanhante a todas esp\u00e9cies de aposentadoria do Regime Geral de Previd\u00eancia Social (RGPS) \u00e9 constitucional. De acordo com a Lei dos Benef\u00edcios da Previd\u00eancia Social (Lei 8.213\/1991), esse valor adicional de 25% \u00e9 pago exclusivamente aos aposentados por invalidez [&hellip;]<\/p>\n","protected":false},"author":3063,"featured_media":7009,"comment_status":"open","ping_status":"open","sticky":false,"template":"","format":"standard","meta":{"footnotes":""},"categories":[5,15],"tags":[11,10,8,13,9,12,16],"class_list":{"0":"post-7399","1":"post","2":"type-post","3":"status-publish","4":"format-standard","5":"has-post-thumbnail","7":"category-previdenciario","8":"category-stf","9":"tag-aposentadoria","10":"tag-calculos-previdenciarios","11":"tag-direito-previdenciario","12":"tag-inss","13":"tag-pericia","14":"tag-perito","15":"tag-stf"},"yoast_head":"<!-- This site is optimized with the Yoast SEO plugin v27.2 - https:\/\/yoast.com\/product\/yoast-seo-wordpress\/ -->\n<title>STF: STF vai decidir se aux\u00edlio-acompanhante pode ser estendido a toda esp\u00e9cie de aposentadoria | Portal de Not\u00edcias<\/title>\n<meta name=\"robots\" content=\"index, follow, max-snippet:-1, max-image-preview:large, max-video-preview:-1\" \/>\n<link rel=\"canonical\" href=\"https:\/\/mhcalculos.com.br\/noticias\/area\/previdenciario\/stf-stf-vai-decidir-se-auxilio-acompanhante-pode-ser-estendido-a-toda-especie-de-aposentadoria.html\" \/>\n<meta property=\"og:locale\" content=\"pt_BR\" \/>\n<meta property=\"og:type\" content=\"article\" \/>\n<meta property=\"og:title\" content=\"STF: STF vai decidir se aux\u00edlio-acompanhante pode ser estendido a toda esp\u00e9cie de aposentadoria | Portal de Not\u00edcias\" \/>\n<meta property=\"og:description\" content=\"O Plen\u00e1rio do Supremo Tribunal Federal (STF) vai decidir se a extens\u00e3o do benef\u00edcio previdenci\u00e1rio do aux\u00edlio-acompanhante a todas esp\u00e9cies de aposentadoria do Regime Geral de Previd\u00eancia Social (RGPS) \u00e9 constitucional. De acordo com a Lei dos Benef\u00edcios da Previd\u00eancia Social (Lei 8.213\/1991), esse valor adicional de 25% \u00e9 pago exclusivamente aos aposentados por invalidez [&hellip;]\" \/>\n<meta property=\"og:url\" content=\"https:\/\/mhcalculos.com.br\/noticias\/area\/previdenciario\/stf-stf-vai-decidir-se-auxilio-acompanhante-pode-ser-estendido-a-toda-especie-de-aposentadoria.html\" \/>\n<meta property=\"og:site_name\" content=\"Portal de Not\u00edcias\" \/>\n<meta property=\"article:published_time\" content=\"2020-08-11T04:05:06+00:00\" \/>\n<meta property=\"article:modified_time\" content=\"2021-07-28T17:29:15+00:00\" \/>\n<meta property=\"og:image\" content=\"https:\/\/mhcalculos.com.br\/noticias\/wp-content\/uploads\/sites\/2\/2020\/03\/previdenciario-0011.jpg\" \/>\n\t<meta property=\"og:image:width\" content=\"2000\" \/>\n\t<meta property=\"og:image:height\" content=\"800\" \/>\n\t<meta property=\"og:image:type\" content=\"image\/jpeg\" \/>\n<meta name=\"author\" content=\"Equipe MH\" \/>\n<meta name=\"twitter:card\" content=\"summary_large_image\" \/>\n<meta name=\"twitter:label1\" content=\"Escrito por\" \/>\n\t<meta name=\"twitter:data1\" content=\"Equipe MH\" \/>\n\t<meta name=\"twitter:label2\" content=\"Est. tempo de leitura\" \/>\n\t<meta name=\"twitter:data2\" content=\"2 minutos\" \/>\n<script type=\"application\/ld+json\" class=\"yoast-schema-graph\">{\"@context\":\"https:\/\/schema.org\",\"@graph\":[{\"@type\":\"Article\",\"@id\":\"https:\/\/mhcalculos.com.br\/noticias\/area\/previdenciario\/stf-stf-vai-decidir-se-auxilio-acompanhante-pode-ser-estendido-a-toda-especie-de-aposentadoria.html#article\",\"isPartOf\":{\"@id\":\"https:\/\/mhcalculos.com.br\/noticias\/area\/previdenciario\/stf-stf-vai-decidir-se-auxilio-acompanhante-pode-ser-estendido-a-toda-especie-de-aposentadoria.html\"},\"author\":{\"name\":\"Equipe MH\",\"@id\":\"https:\/\/mhcalculos.com.br\/noticias\/#\/schema\/person\/88d1c34bf72dc779ea14a5a6b8e0ae8d\"},\"headline\":\"STF: STF vai decidir se aux\u00edlio-acompanhante pode ser estendido a toda esp\u00e9cie de aposentadoria\",\"datePublished\":\"2020-08-11T04:05:06+00:00\",\"dateModified\":\"2021-07-28T17:29:15+00:00\",\"mainEntityOfPage\":{\"@id\":\"https:\/\/mhcalculos.com.br\/noticias\/area\/previdenciario\/stf-stf-vai-decidir-se-auxilio-acompanhante-pode-ser-estendido-a-toda-especie-de-aposentadoria.html\"},\"wordCount\":489,\"commentCount\":0,\"image\":{\"@id\":\"https:\/\/mhcalculos.com.br\/noticias\/area\/previdenciario\/stf-stf-vai-decidir-se-auxilio-acompanhante-pode-ser-estendido-a-toda-especie-de-aposentadoria.html#primaryimage\"},\"thumbnailUrl\":\"https:\/\/mhcalculos.com.br\/noticias\/wp-content\/uploads\/sites\/2\/2020\/03\/previdenciario-0011.jpg\",\"keywords\":[\"aposentadoria\",\"c\u00e1lculos previdenci\u00e1rios\",\"direito previdenci\u00e1rio\",\"inss\",\"per\u00edcia\",\"perito\",\"stf\"],\"articleSection\":[\"Direito Previdenci\u00e1rio\",\"STF\"],\"inLanguage\":\"pt-BR\",\"potentialAction\":[{\"@type\":\"CommentAction\",\"name\":\"Comment\",\"target\":[\"https:\/\/mhcalculos.com.br\/noticias\/area\/previdenciario\/stf-stf-vai-decidir-se-auxilio-acompanhante-pode-ser-estendido-a-toda-especie-de-aposentadoria.html#respond\"]}]},{\"@type\":\"WebPage\",\"@id\":\"https:\/\/mhcalculos.com.br\/noticias\/area\/previdenciario\/stf-stf-vai-decidir-se-auxilio-acompanhante-pode-ser-estendido-a-toda-especie-de-aposentadoria.html\",\"url\":\"https:\/\/mhcalculos.com.br\/noticias\/area\/previdenciario\/stf-stf-vai-decidir-se-auxilio-acompanhante-pode-ser-estendido-a-toda-especie-de-aposentadoria.html\",\"name\":\"STF: STF vai decidir se aux\u00edlio-acompanhante pode ser estendido a toda esp\u00e9cie de aposentadoria | Portal de Not\u00edcias\",\"isPartOf\":{\"@id\":\"https:\/\/mhcalculos.com.br\/noticias\/#website\"},\"primaryImageOfPage\":{\"@id\":\"https:\/\/mhcalculos.com.br\/noticias\/area\/previdenciario\/stf-stf-vai-decidir-se-auxilio-acompanhante-pode-ser-estendido-a-toda-especie-de-aposentadoria.html#primaryimage\"},\"image\":{\"@id\":\"https:\/\/mhcalculos.com.br\/noticias\/area\/previdenciario\/stf-stf-vai-decidir-se-auxilio-acompanhante-pode-ser-estendido-a-toda-especie-de-aposentadoria.html#primaryimage\"},\"thumbnailUrl\":\"https:\/\/mhcalculos.com.br\/noticias\/wp-content\/uploads\/sites\/2\/2020\/03\/previdenciario-0011.jpg\",\"datePublished\":\"2020-08-11T04:05:06+00:00\",\"dateModified\":\"2021-07-28T17:29:15+00:00\",\"author\":{\"@id\":\"https:\/\/mhcalculos.com.br\/noticias\/#\/schema\/person\/88d1c34bf72dc779ea14a5a6b8e0ae8d\"},\"breadcrumb\":{\"@id\":\"https:\/\/mhcalculos.com.br\/noticias\/area\/previdenciario\/stf-stf-vai-decidir-se-auxilio-acompanhante-pode-ser-estendido-a-toda-especie-de-aposentadoria.html#breadcrumb\"},\"inLanguage\":\"pt-BR\",\"potentialAction\":[{\"@type\":\"ReadAction\",\"target\":[\"https:\/\/mhcalculos.com.br\/noticias\/area\/previdenciario\/stf-stf-vai-decidir-se-auxilio-acompanhante-pode-ser-estendido-a-toda-especie-de-aposentadoria.html\"]}]},{\"@type\":\"ImageObject\",\"inLanguage\":\"pt-BR\",\"@id\":\"https:\/\/mhcalculos.com.br\/noticias\/area\/previdenciario\/stf-stf-vai-decidir-se-auxilio-acompanhante-pode-ser-estendido-a-toda-especie-de-aposentadoria.html#primaryimage\",\"url\":\"https:\/\/mhcalculos.com.br\/noticias\/wp-content\/uploads\/sites\/2\/2020\/03\/previdenciario-0011.jpg\",\"contentUrl\":\"https:\/\/mhcalculos.com.br\/noticias\/wp-content\/uploads\/sites\/2\/2020\/03\/previdenciario-0011.jpg\",\"width\":2000,\"height\":800},{\"@type\":\"BreadcrumbList\",\"@id\":\"https:\/\/mhcalculos.com.br\/noticias\/area\/previdenciario\/stf-stf-vai-decidir-se-auxilio-acompanhante-pode-ser-estendido-a-toda-especie-de-aposentadoria.html#breadcrumb\",\"itemListElement\":[{\"@type\":\"ListItem\",\"position\":1,\"name\":\"In\u00edcio\",\"item\":\"https:\/\/mhcalculos.com.br\/noticias\/\"},{\"@type\":\"ListItem\",\"position\":2,\"name\":\"STF: STF vai decidir se aux\u00edlio-acompanhante pode ser estendido a toda esp\u00e9cie de aposentadoria\"}]},{\"@type\":\"WebSite\",\"@id\":\"https:\/\/mhcalculos.com.br\/noticias\/#website\",\"url\":\"https:\/\/mhcalculos.com.br\/noticias\/\",\"name\":\"Portal de Not\u00edcias\",\"description\":\"Not\u00edcias e Jurisprud\u00eancia\",\"potentialAction\":[{\"@type\":\"SearchAction\",\"target\":{\"@type\":\"EntryPoint\",\"urlTemplate\":\"https:\/\/mhcalculos.com.br\/noticias\/?s={search_term_string}\"},\"query-input\":{\"@type\":\"PropertyValueSpecification\",\"valueRequired\":true,\"valueName\":\"search_term_string\"}}],\"inLanguage\":\"pt-BR\"},{\"@type\":\"Person\",\"@id\":\"https:\/\/mhcalculos.com.br\/noticias\/#\/schema\/person\/88d1c34bf72dc779ea14a5a6b8e0ae8d\",\"name\":\"Equipe MH\",\"image\":{\"@type\":\"ImageObject\",\"inLanguage\":\"pt-BR\",\"@id\":\"https:\/\/secure.gravatar.com\/avatar\/de1c686c2ecc9c5a3f327e3431d819eb39f8f05d4e1045f5a1caad6daaba987f?s=96&d=mm&r=g\",\"url\":\"https:\/\/secure.gravatar.com\/avatar\/de1c686c2ecc9c5a3f327e3431d819eb39f8f05d4e1045f5a1caad6daaba987f?s=96&d=mm&r=g\",\"contentUrl\":\"https:\/\/secure.gravatar.com\/avatar\/de1c686c2ecc9c5a3f327e3431d819eb39f8f05d4e1045f5a1caad6daaba987f?s=96&d=mm&r=g\",\"caption\":\"Equipe MH\"}}]}<\/script>\n<!-- \/ Yoast SEO plugin. -->","yoast_head_json":{"title":"STF: STF vai decidir se aux\u00edlio-acompanhante pode ser estendido a toda esp\u00e9cie de aposentadoria | Portal de Not\u00edcias","robots":{"index":"index","follow":"follow","max-snippet":"max-snippet:-1","max-image-preview":"max-image-preview:large","max-video-preview":"max-video-preview:-1"},"canonical":"https:\/\/mhcalculos.com.br\/noticias\/area\/previdenciario\/stf-stf-vai-decidir-se-auxilio-acompanhante-pode-ser-estendido-a-toda-especie-de-aposentadoria.html","og_locale":"pt_BR","og_type":"article","og_title":"STF: STF vai decidir se aux\u00edlio-acompanhante pode ser estendido a toda esp\u00e9cie de aposentadoria | Portal de Not\u00edcias","og_description":"O Plen\u00e1rio do Supremo Tribunal Federal (STF) vai decidir se a extens\u00e3o do benef\u00edcio previdenci\u00e1rio do aux\u00edlio-acompanhante a todas esp\u00e9cies de aposentadoria do Regime Geral de Previd\u00eancia Social (RGPS) \u00e9 constitucional. De acordo com a Lei dos Benef\u00edcios da Previd\u00eancia Social (Lei 8.213\/1991), esse valor adicional de 25% \u00e9 pago exclusivamente aos aposentados por invalidez [&hellip;]","og_url":"https:\/\/mhcalculos.com.br\/noticias\/area\/previdenciario\/stf-stf-vai-decidir-se-auxilio-acompanhante-pode-ser-estendido-a-toda-especie-de-aposentadoria.html","og_site_name":"Portal de Not\u00edcias","article_published_time":"2020-08-11T04:05:06+00:00","article_modified_time":"2021-07-28T17:29:15+00:00","og_image":[{"width":2000,"height":800,"url":"https:\/\/mhcalculos.com.br\/noticias\/wp-content\/uploads\/sites\/2\/2020\/03\/previdenciario-0011.jpg","type":"image\/jpeg"}],"author":"Equipe MH","twitter_card":"summary_large_image","twitter_misc":{"Escrito por":"Equipe MH","Est. tempo de leitura":"2 minutos"},"schema":{"@context":"https:\/\/schema.org","@graph":[{"@type":"Article","@id":"https:\/\/mhcalculos.com.br\/noticias\/area\/previdenciario\/stf-stf-vai-decidir-se-auxilio-acompanhante-pode-ser-estendido-a-toda-especie-de-aposentadoria.html#article","isPartOf":{"@id":"https:\/\/mhcalculos.com.br\/noticias\/area\/previdenciario\/stf-stf-vai-decidir-se-auxilio-acompanhante-pode-ser-estendido-a-toda-especie-de-aposentadoria.html"},"author":{"name":"Equipe MH","@id":"https:\/\/mhcalculos.com.br\/noticias\/#\/schema\/person\/88d1c34bf72dc779ea14a5a6b8e0ae8d"},"headline":"STF: STF vai decidir se aux\u00edlio-acompanhante pode ser estendido a toda esp\u00e9cie de aposentadoria","datePublished":"2020-08-11T04:05:06+00:00","dateModified":"2021-07-28T17:29:15+00:00","mainEntityOfPage":{"@id":"https:\/\/mhcalculos.com.br\/noticias\/area\/previdenciario\/stf-stf-vai-decidir-se-auxilio-acompanhante-pode-ser-estendido-a-toda-especie-de-aposentadoria.html"},"wordCount":489,"commentCount":0,"image":{"@id":"https:\/\/mhcalculos.com.br\/noticias\/area\/previdenciario\/stf-stf-vai-decidir-se-auxilio-acompanhante-pode-ser-estendido-a-toda-especie-de-aposentadoria.html#primaryimage"},"thumbnailUrl":"https:\/\/mhcalculos.com.br\/noticias\/wp-content\/uploads\/sites\/2\/2020\/03\/previdenciario-0011.jpg","keywords":["aposentadoria","c\u00e1lculos previdenci\u00e1rios","direito previdenci\u00e1rio","inss","per\u00edcia","perito","stf"],"articleSection":["Direito Previdenci\u00e1rio","STF"],"inLanguage":"pt-BR","potentialAction":[{"@type":"CommentAction","name":"Comment","target":["https:\/\/mhcalculos.com.br\/noticias\/area\/previdenciario\/stf-stf-vai-decidir-se-auxilio-acompanhante-pode-ser-estendido-a-toda-especie-de-aposentadoria.html#respond"]}]},{"@type":"WebPage","@id":"https:\/\/mhcalculos.com.br\/noticias\/area\/previdenciario\/stf-stf-vai-decidir-se-auxilio-acompanhante-pode-ser-estendido-a-toda-especie-de-aposentadoria.html","url":"https:\/\/mhcalculos.com.br\/noticias\/area\/previdenciario\/stf-stf-vai-decidir-se-auxilio-acompanhante-pode-ser-estendido-a-toda-especie-de-aposentadoria.html","name":"STF: STF vai decidir se aux\u00edlio-acompanhante pode ser estendido a toda esp\u00e9cie de aposentadoria | Portal de Not\u00edcias","isPartOf":{"@id":"https:\/\/mhcalculos.com.br\/noticias\/#website"},"primaryImageOfPage":{"@id":"https:\/\/mhcalculos.com.br\/noticias\/area\/previdenciario\/stf-stf-vai-decidir-se-auxilio-acompanhante-pode-ser-estendido-a-toda-especie-de-aposentadoria.html#primaryimage"},"image":{"@id":"https:\/\/mhcalculos.com.br\/noticias\/area\/previdenciario\/stf-stf-vai-decidir-se-auxilio-acompanhante-pode-ser-estendido-a-toda-especie-de-aposentadoria.html#primaryimage"},"thumbnailUrl":"https:\/\/mhcalculos.com.br\/noticias\/wp-content\/uploads\/sites\/2\/2020\/03\/previdenciario-0011.jpg","datePublished":"2020-08-11T04:05:06+00:00","dateModified":"2021-07-28T17:29:15+00:00","author":{"@id":"https:\/\/mhcalculos.com.br\/noticias\/#\/schema\/person\/88d1c34bf72dc779ea14a5a6b8e0ae8d"},"breadcrumb":{"@id":"https:\/\/mhcalculos.com.br\/noticias\/area\/previdenciario\/stf-stf-vai-decidir-se-auxilio-acompanhante-pode-ser-estendido-a-toda-especie-de-aposentadoria.html#breadcrumb"},"inLanguage":"pt-BR","potentialAction":[{"@type":"ReadAction","target":["https:\/\/mhcalculos.com.br\/noticias\/area\/previdenciario\/stf-stf-vai-decidir-se-auxilio-acompanhante-pode-ser-estendido-a-toda-especie-de-aposentadoria.html"]}]},{"@type":"ImageObject","inLanguage":"pt-BR","@id":"https:\/\/mhcalculos.com.br\/noticias\/area\/previdenciario\/stf-stf-vai-decidir-se-auxilio-acompanhante-pode-ser-estendido-a-toda-especie-de-aposentadoria.html#primaryimage","url":"https:\/\/mhcalculos.com.br\/noticias\/wp-content\/uploads\/sites\/2\/2020\/03\/previdenciario-0011.jpg","contentUrl":"https:\/\/mhcalculos.com.br\/noticias\/wp-content\/uploads\/sites\/2\/2020\/03\/previdenciario-0011.jpg","width":2000,"height":800},{"@type":"BreadcrumbList","@id":"https:\/\/mhcalculos.com.br\/noticias\/area\/previdenciario\/stf-stf-vai-decidir-se-auxilio-acompanhante-pode-ser-estendido-a-toda-especie-de-aposentadoria.html#breadcrumb","itemListElement":[{"@type":"ListItem","position":1,"name":"In\u00edcio","item":"https:\/\/mhcalculos.com.br\/noticias\/"},{"@type":"ListItem","position":2,"name":"STF: STF vai decidir se aux\u00edlio-acompanhante pode ser estendido a toda esp\u00e9cie de aposentadoria"}]},{"@type":"WebSite","@id":"https:\/\/mhcalculos.com.br\/noticias\/#website","url":"https:\/\/mhcalculos.com.br\/noticias\/","name":"Portal de Not\u00edcias","description":"Not\u00edcias e Jurisprud\u00eancia","potentialAction":[{"@type":"SearchAction","target":{"@type":"EntryPoint","urlTemplate":"https:\/\/mhcalculos.com.br\/noticias\/?s={search_term_string}"},"query-input":{"@type":"PropertyValueSpecification","valueRequired":true,"valueName":"search_term_string"}}],"inLanguage":"pt-BR"},{"@type":"Person","@id":"https:\/\/mhcalculos.com.br\/noticias\/#\/schema\/person\/88d1c34bf72dc779ea14a5a6b8e0ae8d","name":"Equipe MH","image":{"@type":"ImageObject","inLanguage":"pt-BR","@id":"https:\/\/secure.gravatar.com\/avatar\/de1c686c2ecc9c5a3f327e3431d819eb39f8f05d4e1045f5a1caad6daaba987f?s=96&d=mm&r=g","url":"https:\/\/secure.gravatar.com\/avatar\/de1c686c2ecc9c5a3f327e3431d819eb39f8f05d4e1045f5a1caad6daaba987f?s=96&d=mm&r=g","contentUrl":"https:\/\/secure.gravatar.com\/avatar\/de1c686c2ecc9c5a3f327e3431d819eb39f8f05d4e1045f5a1caad6daaba987f?s=96&d=mm&r=g","caption":"Equipe MH"}}]}},"_links":{"self":[{"href":"https:\/\/mhcalculos.com.br\/noticias\/wp-json\/wp\/v2\/posts\/7399","targetHints":{"allow":["GET"]}}],"collection":[{"href":"https:\/\/mhcalculos.com.br\/noticias\/wp-json\/wp\/v2\/posts"}],"about":[{"href":"https:\/\/mhcalculos.com.br\/noticias\/wp-json\/wp\/v2\/types\/post"}],"author":[{"embeddable":true,"href":"https:\/\/mhcalculos.com.br\/noticias\/wp-json\/wp\/v2\/users\/3063"}],"replies":[{"embeddable":true,"href":"https:\/\/mhcalculos.com.br\/noticias\/wp-json\/wp\/v2\/comments?post=7399"}],"version-history":[{"count":1,"href":"https:\/\/mhcalculos.com.br\/noticias\/wp-json\/wp\/v2\/posts\/7399\/revisions"}],"predecessor-version":[{"id":8973,"href":"https:\/\/mhcalculos.com.br\/noticias\/wp-json\/wp\/v2\/posts\/7399\/revisions\/8973"}],"wp:featuredmedia":[{"embeddable":true,"href":"https:\/\/mhcalculos.com.br\/noticias\/wp-json\/wp\/v2\/media\/7009"}],"wp:attachment":[{"href":"https:\/\/mhcalculos.com.br\/noticias\/wp-json\/wp\/v2\/media?parent=7399"}],"wp:term":[{"taxonomy":"category","embeddable":true,"href":"https:\/\/mhcalculos.com.br\/noticias\/wp-json\/wp\/v2\/categories?post=7399"},{"taxonomy":"post_tag","embeddable":true,"href":"https:\/\/mhcalculos.com.br\/noticias\/wp-json\/wp\/v2\/tags?post=7399"}],"curies":[{"name":"wp","href":"https:\/\/api.w.org\/{rel}","templated":true}]}}