{"id":7384,"date":"2020-08-05T19:05:13","date_gmt":"2020-08-05T22:05:13","guid":{"rendered":"https:\/\/mhcalculos.com.br\/noticias\/area\/previdenciario\/trf3-emissao-de-cpf-em-duplicidade-para-homonimos-gera-indenizacao-por-dano-moral.html"},"modified":"2021-07-28T14:29:17","modified_gmt":"2021-07-28T17:29:17","slug":"trf3-emissao-de-cpf-em-duplicidade-para-homonimos-gera-indenizacao-por-dano-moral","status":"publish","type":"post","link":"https:\/\/mhcalculos.com.br\/noticias\/area\/previdenciario\/trf3-emissao-de-cpf-em-duplicidade-para-homonimos-gera-indenizacao-por-dano-moral.html","title":{"rendered":"TRF3: EMISS\u00c3O DE CPF EM DUPLICIDADE PARA HOM\u00d4NIMOS GERA INDENIZA\u00c7\u00c3O POR DANO MORAL\u00a0"},"content":{"rendered":"\n<div class=\"mat\">\n<p><em>Sexta Turma do TRF3 confirma senten\u00e7a\u00a0e condena\u00a0Uni\u00e3o\u00a0pelo erro<\/em><\/p>\n<p>A\u00a0Administra\u00e7\u00e3o P\u00fablica\u00a0deve ser responsabilizada pela emiss\u00e3o em duplicidade do mesmo n\u00famero de Cadastro de Pessoa F\u00edsica (CPF) para hom\u00f4nimos. Com esse entendimento, a Sexta Turma do Tribunal Regional Federal da 3\u00aa Regi\u00e3o (TRF3) confirmou senten\u00e7a da 1\u00aa Vara Federal de Osasco\u00a0(SP)\u00a0que havia concedido indeniza\u00e7\u00e3o por dano moral,\u00a0no valor de R$ 20 mil,\u00a0a um morador do munic\u00edpio\u00a0cujo documento\u00a0emitido em duplicidade gerou transtornos durante catorze anos.\u00a0<\/p>\n<p>Para a relatora do processo no TRF3, desembargadora federal Diva\u00a0Malerbi,\u00a0a Uni\u00e3o deve ser responsabilizada, pois a conduta de um de seus \u00f3rg\u00e3os de forma\u00a0negligente e imprudente\u00a0gerou\u00a0graves\u00a0transtornos ao autor da a\u00e7\u00e3o.\u00a0\u00a0<\/p>\n<p>\u201cO fato de ter sido impedido de praticar atos da vida normal de qualquer cidad\u00e3o, como obter um cart\u00e3o de cr\u00e9dito, e ter que registrar ocorr\u00eancia policial para se resguardar de problemas ainda maiores, n\u00e3o \u00e9 situa\u00e7\u00e3o de mero dissabor, tampouco a afli\u00e7\u00e3o de saber que essa situa\u00e7\u00e3o pode se repetir in\u00fameras vezes, enquanto o \u00f3rg\u00e3o p\u00fablico respons\u00e1vel leva quase catorze anos para resolver o problema\u201d, ressaltou a magistrada.\u00a0<\/p>\n<p>Ap\u00f3s\u00a0a condena\u00e7\u00e3o de primeiro grau, a Uni\u00e3o\u00a0ingressou com recurso, alegando que a situa\u00e7\u00e3o n\u00e3o passou de mero dissabor\u00a0e que os danos deveriam ser atribu\u00eddos a terceira pessoa, o hom\u00f4nimo.\u00a0<\/p>\n<p>No entanto, para a relatora do processo,\u00a0a responsabilidade da Uni\u00e3o \u00e9 objetiva,\u00a0pois\u00a0cabe exclusivamente a\u00a0ela a\u00a0inclus\u00e3o, a exclus\u00e3o, o controle e a fiscaliza\u00e7\u00e3o do Cadastro Pessoa F\u00edsica. A magistrada acrescentou, como prev\u00ea Instru\u00e7\u00e3o Normativa SRF n\u00ba 864\/2008,\u00a0que\u00a0o documento\u00a0\u00e9 \u00fanico e exclusivo:\u00a0\u201co n\u00famero de inscri\u00e7\u00e3o no CPF \u00e9 atribu\u00eddo \u00e0 pessoa f\u00edsica uma \u00fanica vez, sendo de uso exclusivo desta, vedada, a qualquer t\u00edtulo, a solicita\u00e7\u00e3o de uma segunda inscri\u00e7\u00e3o\u201d.\u00a0<\/p>\n<p>No que se refere \u00e0 alega\u00e7\u00e3o da\u00a0Uni\u00e3o\u00a0de que houve fato de terceiro, a magistrada salientou que,\u00a0se terceira pessoa agiu em face do que constava de documento oficial expedido pela Receita Federal,\u00a0a\u00a0Uni\u00e3o\u00a0deveria ter tomado\u00a0as provid\u00eancias necess\u00e1rias para coibir\u00a0a\u00a0irregularidade, tanto do ponto de vista administrativo como judicial, o que n\u00e3o exclui a sua responsabilidade.\u00a0<\/p>\n<p>A\u00a0desembargadora federal acrescentou\u00a0que os documentos demonstraram de forma incontest\u00e1vel o abalo moral que a situa\u00e7\u00e3o acarretou ao autor, levando-o, inclusive, a adotar provid\u00eancias policiais para resguardar a sua imagem perante a sociedade.\u00a0Ela lembrou que o dano moral ocorre justamente quando a conduta antijur\u00eddica do agente supera, de forma intoler\u00e1vel, os valores morais, causando transtorno\u00a0e\u00a0perturba\u00e7\u00e3o grave,\u00a0que macula a imagem e\u00a0a\u00a0honra do ofendido.\u00a0<\/p>\n<p>Por fim, a Sexta Turma, por unanimidade, negou provimento \u00e0 apela\u00e7\u00e3o da Uni\u00e3o, para manter a senten\u00e7a, por seus pr\u00f3prios fundamentos.<\/p>\n<p>Apela\u00e7\u00e3o\/Remessa Necess\u00e1ria\u00a0n\u00ba 0007482-92.2015.4.03.6130<\/p>\n<\/p>\n<p><a href=\"http:\/\/www.twitter.com\/trf3_oficial\" rel=\"noreferrer noopener\" target=\"_blank\">www.twitter.com\/trf3_oficial\u00a0<\/a><br \/>\n<a href=\"http:\/\/www.instagram.com\/trf3_oficial\" rel=\"noreferrer noopener\" target=\"_blank\">www.instagram.com\/trf3_oficial<\/a>\u00a0<\/p>\n<\/div>\n<p><script async src=\"https:\/\/platform.twitter.com\/widgets.js\" charset=\"utf-8\"><\/script><script async defer src=\"https:\/\/platform.instagram.com\/en_US\/embeds.js\"><\/script><br \/>\n<i>Com informa\u00e7\u00f5es da assessoria de imprensa do TRF3.<\/i><br \/>\n<br \/><a href=\"http:\/\/web.trf3.jus.br\/noticias\/Noticias\/Noticia\/Exibir\/397812\">Fonte<\/a><br \/>\n<br \/><\/p>\n","protected":false},"excerpt":{"rendered":"<p>Sexta Turma do TRF3 confirma senten\u00e7a\u00a0e condena\u00a0Uni\u00e3o\u00a0pelo erro A\u00a0Administra\u00e7\u00e3o P\u00fablica\u00a0deve ser responsabilizada pela emiss\u00e3o em duplicidade do mesmo n\u00famero de Cadastro de Pessoa F\u00edsica (CPF) para hom\u00f4nimos. Com esse entendimento, a Sexta Turma do Tribunal Regional Federal da 3\u00aa Regi\u00e3o (TRF3) confirmou senten\u00e7a da 1\u00aa Vara Federal de Osasco\u00a0(SP)\u00a0que havia concedido indeniza\u00e7\u00e3o por dano moral,\u00a0no [&hellip;]<\/p>\n","protected":false},"author":3063,"featured_media":3855,"comment_status":"open","ping_status":"open","sticky":false,"template":"","format":"standard","meta":{"footnotes":""},"categories":[5,110],"tags":[32,31,42,30,29,213,9,152,218,214],"class_list":{"0":"post-7384","1":"post","2":"type-post","3":"status-publish","4":"format-standard","5":"has-post-thumbnail","7":"category-previdenciario","8":"category-trf3","9":"tag-calculos-judiciais","10":"tag-calculos-tributarios","11":"tag-direito-tributario","12":"tag-divida-ativa","13":"tag-fazenda-publica","14":"tag-imposto","15":"tag-pericia","16":"tag-trf3","17":"tag-tribunal-regional-federal","18":"tag-tributo"},"yoast_head":"<!-- This site is optimized with the Yoast SEO plugin v27.2 - https:\/\/yoast.com\/product\/yoast-seo-wordpress\/ -->\n<title>TRF3: EMISS\u00c3O DE CPF EM DUPLICIDADE PARA HOM\u00d4NIMOS GERA INDENIZA\u00c7\u00c3O POR DANO MORAL\u00a0 | Portal de Not\u00edcias<\/title>\n<meta name=\"robots\" content=\"index, follow, max-snippet:-1, max-image-preview:large, max-video-preview:-1\" \/>\n<link rel=\"canonical\" href=\"https:\/\/mhcalculos.com.br\/noticias\/area\/previdenciario\/trf3-emissao-de-cpf-em-duplicidade-para-homonimos-gera-indenizacao-por-dano-moral.html\" \/>\n<meta property=\"og:locale\" content=\"pt_BR\" \/>\n<meta property=\"og:type\" content=\"article\" \/>\n<meta property=\"og:title\" content=\"TRF3: EMISS\u00c3O DE CPF EM DUPLICIDADE PARA HOM\u00d4NIMOS GERA INDENIZA\u00c7\u00c3O POR DANO MORAL\u00a0 | Portal de Not\u00edcias\" \/>\n<meta property=\"og:description\" content=\"Sexta Turma do TRF3 confirma senten\u00e7a\u00a0e condena\u00a0Uni\u00e3o\u00a0pelo erro A\u00a0Administra\u00e7\u00e3o P\u00fablica\u00a0deve ser responsabilizada pela emiss\u00e3o em duplicidade do mesmo n\u00famero de Cadastro de Pessoa F\u00edsica (CPF) para hom\u00f4nimos. Com esse entendimento, a Sexta Turma do Tribunal Regional Federal da 3\u00aa Regi\u00e3o (TRF3) confirmou senten\u00e7a da 1\u00aa Vara Federal de Osasco\u00a0(SP)\u00a0que havia concedido indeniza\u00e7\u00e3o por dano moral,\u00a0no [&hellip;]\" \/>\n<meta property=\"og:url\" content=\"https:\/\/mhcalculos.com.br\/noticias\/area\/previdenciario\/trf3-emissao-de-cpf-em-duplicidade-para-homonimos-gera-indenizacao-por-dano-moral.html\" \/>\n<meta property=\"og:site_name\" content=\"Portal de Not\u00edcias\" \/>\n<meta property=\"article:published_time\" content=\"2020-08-05T22:05:13+00:00\" \/>\n<meta property=\"article:modified_time\" content=\"2021-07-28T17:29:17+00:00\" \/>\n<meta property=\"og:image\" content=\"https:\/\/mhcalculos.com.br\/noticias\/wp-content\/uploads\/sites\/2\/2019\/03\/tributario-0003.jpg\" \/>\n\t<meta property=\"og:image:width\" content=\"2000\" \/>\n\t<meta property=\"og:image:height\" content=\"800\" \/>\n\t<meta property=\"og:image:type\" content=\"image\/jpeg\" \/>\n<meta name=\"author\" content=\"Equipe MH\" \/>\n<meta name=\"twitter:card\" content=\"summary_large_image\" \/>\n<meta name=\"twitter:label1\" content=\"Escrito por\" \/>\n\t<meta name=\"twitter:data1\" content=\"Equipe MH\" \/>\n\t<meta name=\"twitter:label2\" content=\"Est. tempo de leitura\" \/>\n\t<meta name=\"twitter:data2\" content=\"3 minutos\" \/>\n<script type=\"application\/ld+json\" class=\"yoast-schema-graph\">{\"@context\":\"https:\/\/schema.org\",\"@graph\":[{\"@type\":\"Article\",\"@id\":\"https:\/\/mhcalculos.com.br\/noticias\/area\/previdenciario\/trf3-emissao-de-cpf-em-duplicidade-para-homonimos-gera-indenizacao-por-dano-moral.html#article\",\"isPartOf\":{\"@id\":\"https:\/\/mhcalculos.com.br\/noticias\/area\/previdenciario\/trf3-emissao-de-cpf-em-duplicidade-para-homonimos-gera-indenizacao-por-dano-moral.html\"},\"author\":{\"name\":\"Equipe MH\",\"@id\":\"https:\/\/mhcalculos.com.br\/noticias\/#\/schema\/person\/88d1c34bf72dc779ea14a5a6b8e0ae8d\"},\"headline\":\"TRF3: EMISS\u00c3O DE CPF EM DUPLICIDADE PARA HOM\u00d4NIMOS GERA INDENIZA\u00c7\u00c3O POR DANO MORAL\u00a0\",\"datePublished\":\"2020-08-05T22:05:13+00:00\",\"dateModified\":\"2021-07-28T17:29:17+00:00\",\"mainEntityOfPage\":{\"@id\":\"https:\/\/mhcalculos.com.br\/noticias\/area\/previdenciario\/trf3-emissao-de-cpf-em-duplicidade-para-homonimos-gera-indenizacao-por-dano-moral.html\"},\"wordCount\":545,\"commentCount\":0,\"image\":{\"@id\":\"https:\/\/mhcalculos.com.br\/noticias\/area\/previdenciario\/trf3-emissao-de-cpf-em-duplicidade-para-homonimos-gera-indenizacao-por-dano-moral.html#primaryimage\"},\"thumbnailUrl\":\"https:\/\/mhcalculos.com.br\/noticias\/wp-content\/uploads\/sites\/2\/2019\/03\/tributario-0003.jpg\",\"keywords\":[\"c\u00e1lculos judiciais\",\"c\u00e1lculos tribut\u00e1rios\",\"direito tribut\u00e1rio\",\"d\u00edvida ativa\",\"fazenda p\u00fablica\",\"Imposto\",\"per\u00edcia\",\"trf3\",\"Tribunal Regional Federal\",\"tributo\"],\"articleSection\":[\"Direito Previdenci\u00e1rio\",\"TRF3\"],\"inLanguage\":\"pt-BR\",\"potentialAction\":[{\"@type\":\"CommentAction\",\"name\":\"Comment\",\"target\":[\"https:\/\/mhcalculos.com.br\/noticias\/area\/previdenciario\/trf3-emissao-de-cpf-em-duplicidade-para-homonimos-gera-indenizacao-por-dano-moral.html#respond\"]}]},{\"@type\":\"WebPage\",\"@id\":\"https:\/\/mhcalculos.com.br\/noticias\/area\/previdenciario\/trf3-emissao-de-cpf-em-duplicidade-para-homonimos-gera-indenizacao-por-dano-moral.html\",\"url\":\"https:\/\/mhcalculos.com.br\/noticias\/area\/previdenciario\/trf3-emissao-de-cpf-em-duplicidade-para-homonimos-gera-indenizacao-por-dano-moral.html\",\"name\":\"TRF3: EMISS\u00c3O DE CPF EM DUPLICIDADE PARA HOM\u00d4NIMOS GERA INDENIZA\u00c7\u00c3O POR DANO MORAL\u00a0 | Portal de Not\u00edcias\",\"isPartOf\":{\"@id\":\"https:\/\/mhcalculos.com.br\/noticias\/#website\"},\"primaryImageOfPage\":{\"@id\":\"https:\/\/mhcalculos.com.br\/noticias\/area\/previdenciario\/trf3-emissao-de-cpf-em-duplicidade-para-homonimos-gera-indenizacao-por-dano-moral.html#primaryimage\"},\"image\":{\"@id\":\"https:\/\/mhcalculos.com.br\/noticias\/area\/previdenciario\/trf3-emissao-de-cpf-em-duplicidade-para-homonimos-gera-indenizacao-por-dano-moral.html#primaryimage\"},\"thumbnailUrl\":\"https:\/\/mhcalculos.com.br\/noticias\/wp-content\/uploads\/sites\/2\/2019\/03\/tributario-0003.jpg\",\"datePublished\":\"2020-08-05T22:05:13+00:00\",\"dateModified\":\"2021-07-28T17:29:17+00:00\",\"author\":{\"@id\":\"https:\/\/mhcalculos.com.br\/noticias\/#\/schema\/person\/88d1c34bf72dc779ea14a5a6b8e0ae8d\"},\"breadcrumb\":{\"@id\":\"https:\/\/mhcalculos.com.br\/noticias\/area\/previdenciario\/trf3-emissao-de-cpf-em-duplicidade-para-homonimos-gera-indenizacao-por-dano-moral.html#breadcrumb\"},\"inLanguage\":\"pt-BR\",\"potentialAction\":[{\"@type\":\"ReadAction\",\"target\":[\"https:\/\/mhcalculos.com.br\/noticias\/area\/previdenciario\/trf3-emissao-de-cpf-em-duplicidade-para-homonimos-gera-indenizacao-por-dano-moral.html\"]}]},{\"@type\":\"ImageObject\",\"inLanguage\":\"pt-BR\",\"@id\":\"https:\/\/mhcalculos.com.br\/noticias\/area\/previdenciario\/trf3-emissao-de-cpf-em-duplicidade-para-homonimos-gera-indenizacao-por-dano-moral.html#primaryimage\",\"url\":\"https:\/\/mhcalculos.com.br\/noticias\/wp-content\/uploads\/sites\/2\/2019\/03\/tributario-0003.jpg\",\"contentUrl\":\"https:\/\/mhcalculos.com.br\/noticias\/wp-content\/uploads\/sites\/2\/2019\/03\/tributario-0003.jpg\",\"width\":2000,\"height\":800},{\"@type\":\"BreadcrumbList\",\"@id\":\"https:\/\/mhcalculos.com.br\/noticias\/area\/previdenciario\/trf3-emissao-de-cpf-em-duplicidade-para-homonimos-gera-indenizacao-por-dano-moral.html#breadcrumb\",\"itemListElement\":[{\"@type\":\"ListItem\",\"position\":1,\"name\":\"In\u00edcio\",\"item\":\"https:\/\/mhcalculos.com.br\/noticias\/\"},{\"@type\":\"ListItem\",\"position\":2,\"name\":\"TRF3: EMISS\u00c3O DE CPF EM DUPLICIDADE PARA HOM\u00d4NIMOS GERA INDENIZA\u00c7\u00c3O POR DANO MORAL\u00a0\"}]},{\"@type\":\"WebSite\",\"@id\":\"https:\/\/mhcalculos.com.br\/noticias\/#website\",\"url\":\"https:\/\/mhcalculos.com.br\/noticias\/\",\"name\":\"Portal de Not\u00edcias\",\"description\":\"Not\u00edcias e Jurisprud\u00eancia\",\"potentialAction\":[{\"@type\":\"SearchAction\",\"target\":{\"@type\":\"EntryPoint\",\"urlTemplate\":\"https:\/\/mhcalculos.com.br\/noticias\/?s={search_term_string}\"},\"query-input\":{\"@type\":\"PropertyValueSpecification\",\"valueRequired\":true,\"valueName\":\"search_term_string\"}}],\"inLanguage\":\"pt-BR\"},{\"@type\":\"Person\",\"@id\":\"https:\/\/mhcalculos.com.br\/noticias\/#\/schema\/person\/88d1c34bf72dc779ea14a5a6b8e0ae8d\",\"name\":\"Equipe MH\",\"image\":{\"@type\":\"ImageObject\",\"inLanguage\":\"pt-BR\",\"@id\":\"https:\/\/secure.gravatar.com\/avatar\/de1c686c2ecc9c5a3f327e3431d819eb39f8f05d4e1045f5a1caad6daaba987f?s=96&d=mm&r=g\",\"url\":\"https:\/\/secure.gravatar.com\/avatar\/de1c686c2ecc9c5a3f327e3431d819eb39f8f05d4e1045f5a1caad6daaba987f?s=96&d=mm&r=g\",\"contentUrl\":\"https:\/\/secure.gravatar.com\/avatar\/de1c686c2ecc9c5a3f327e3431d819eb39f8f05d4e1045f5a1caad6daaba987f?s=96&d=mm&r=g\",\"caption\":\"Equipe MH\"}}]}<\/script>\n<!-- \/ Yoast SEO plugin. -->","yoast_head_json":{"title":"TRF3: EMISS\u00c3O DE CPF EM DUPLICIDADE PARA HOM\u00d4NIMOS GERA INDENIZA\u00c7\u00c3O POR DANO MORAL\u00a0 | Portal de Not\u00edcias","robots":{"index":"index","follow":"follow","max-snippet":"max-snippet:-1","max-image-preview":"max-image-preview:large","max-video-preview":"max-video-preview:-1"},"canonical":"https:\/\/mhcalculos.com.br\/noticias\/area\/previdenciario\/trf3-emissao-de-cpf-em-duplicidade-para-homonimos-gera-indenizacao-por-dano-moral.html","og_locale":"pt_BR","og_type":"article","og_title":"TRF3: EMISS\u00c3O DE CPF EM DUPLICIDADE PARA HOM\u00d4NIMOS GERA INDENIZA\u00c7\u00c3O POR DANO MORAL\u00a0 | Portal de Not\u00edcias","og_description":"Sexta Turma do TRF3 confirma senten\u00e7a\u00a0e condena\u00a0Uni\u00e3o\u00a0pelo erro A\u00a0Administra\u00e7\u00e3o P\u00fablica\u00a0deve ser responsabilizada pela emiss\u00e3o em duplicidade do mesmo n\u00famero de Cadastro de Pessoa F\u00edsica (CPF) para hom\u00f4nimos. Com esse entendimento, a Sexta Turma do Tribunal Regional Federal da 3\u00aa Regi\u00e3o (TRF3) confirmou senten\u00e7a da 1\u00aa Vara Federal de Osasco\u00a0(SP)\u00a0que havia concedido indeniza\u00e7\u00e3o por dano moral,\u00a0no [&hellip;]","og_url":"https:\/\/mhcalculos.com.br\/noticias\/area\/previdenciario\/trf3-emissao-de-cpf-em-duplicidade-para-homonimos-gera-indenizacao-por-dano-moral.html","og_site_name":"Portal de Not\u00edcias","article_published_time":"2020-08-05T22:05:13+00:00","article_modified_time":"2021-07-28T17:29:17+00:00","og_image":[{"width":2000,"height":800,"url":"https:\/\/mhcalculos.com.br\/noticias\/wp-content\/uploads\/sites\/2\/2019\/03\/tributario-0003.jpg","type":"image\/jpeg"}],"author":"Equipe MH","twitter_card":"summary_large_image","twitter_misc":{"Escrito por":"Equipe MH","Est. tempo de leitura":"3 minutos"},"schema":{"@context":"https:\/\/schema.org","@graph":[{"@type":"Article","@id":"https:\/\/mhcalculos.com.br\/noticias\/area\/previdenciario\/trf3-emissao-de-cpf-em-duplicidade-para-homonimos-gera-indenizacao-por-dano-moral.html#article","isPartOf":{"@id":"https:\/\/mhcalculos.com.br\/noticias\/area\/previdenciario\/trf3-emissao-de-cpf-em-duplicidade-para-homonimos-gera-indenizacao-por-dano-moral.html"},"author":{"name":"Equipe MH","@id":"https:\/\/mhcalculos.com.br\/noticias\/#\/schema\/person\/88d1c34bf72dc779ea14a5a6b8e0ae8d"},"headline":"TRF3: EMISS\u00c3O DE CPF EM DUPLICIDADE PARA HOM\u00d4NIMOS GERA INDENIZA\u00c7\u00c3O POR DANO MORAL\u00a0","datePublished":"2020-08-05T22:05:13+00:00","dateModified":"2021-07-28T17:29:17+00:00","mainEntityOfPage":{"@id":"https:\/\/mhcalculos.com.br\/noticias\/area\/previdenciario\/trf3-emissao-de-cpf-em-duplicidade-para-homonimos-gera-indenizacao-por-dano-moral.html"},"wordCount":545,"commentCount":0,"image":{"@id":"https:\/\/mhcalculos.com.br\/noticias\/area\/previdenciario\/trf3-emissao-de-cpf-em-duplicidade-para-homonimos-gera-indenizacao-por-dano-moral.html#primaryimage"},"thumbnailUrl":"https:\/\/mhcalculos.com.br\/noticias\/wp-content\/uploads\/sites\/2\/2019\/03\/tributario-0003.jpg","keywords":["c\u00e1lculos judiciais","c\u00e1lculos tribut\u00e1rios","direito tribut\u00e1rio","d\u00edvida ativa","fazenda p\u00fablica","Imposto","per\u00edcia","trf3","Tribunal Regional Federal","tributo"],"articleSection":["Direito Previdenci\u00e1rio","TRF3"],"inLanguage":"pt-BR","potentialAction":[{"@type":"CommentAction","name":"Comment","target":["https:\/\/mhcalculos.com.br\/noticias\/area\/previdenciario\/trf3-emissao-de-cpf-em-duplicidade-para-homonimos-gera-indenizacao-por-dano-moral.html#respond"]}]},{"@type":"WebPage","@id":"https:\/\/mhcalculos.com.br\/noticias\/area\/previdenciario\/trf3-emissao-de-cpf-em-duplicidade-para-homonimos-gera-indenizacao-por-dano-moral.html","url":"https:\/\/mhcalculos.com.br\/noticias\/area\/previdenciario\/trf3-emissao-de-cpf-em-duplicidade-para-homonimos-gera-indenizacao-por-dano-moral.html","name":"TRF3: EMISS\u00c3O DE CPF EM DUPLICIDADE PARA HOM\u00d4NIMOS GERA INDENIZA\u00c7\u00c3O POR DANO MORAL\u00a0 | Portal de Not\u00edcias","isPartOf":{"@id":"https:\/\/mhcalculos.com.br\/noticias\/#website"},"primaryImageOfPage":{"@id":"https:\/\/mhcalculos.com.br\/noticias\/area\/previdenciario\/trf3-emissao-de-cpf-em-duplicidade-para-homonimos-gera-indenizacao-por-dano-moral.html#primaryimage"},"image":{"@id":"https:\/\/mhcalculos.com.br\/noticias\/area\/previdenciario\/trf3-emissao-de-cpf-em-duplicidade-para-homonimos-gera-indenizacao-por-dano-moral.html#primaryimage"},"thumbnailUrl":"https:\/\/mhcalculos.com.br\/noticias\/wp-content\/uploads\/sites\/2\/2019\/03\/tributario-0003.jpg","datePublished":"2020-08-05T22:05:13+00:00","dateModified":"2021-07-28T17:29:17+00:00","author":{"@id":"https:\/\/mhcalculos.com.br\/noticias\/#\/schema\/person\/88d1c34bf72dc779ea14a5a6b8e0ae8d"},"breadcrumb":{"@id":"https:\/\/mhcalculos.com.br\/noticias\/area\/previdenciario\/trf3-emissao-de-cpf-em-duplicidade-para-homonimos-gera-indenizacao-por-dano-moral.html#breadcrumb"},"inLanguage":"pt-BR","potentialAction":[{"@type":"ReadAction","target":["https:\/\/mhcalculos.com.br\/noticias\/area\/previdenciario\/trf3-emissao-de-cpf-em-duplicidade-para-homonimos-gera-indenizacao-por-dano-moral.html"]}]},{"@type":"ImageObject","inLanguage":"pt-BR","@id":"https:\/\/mhcalculos.com.br\/noticias\/area\/previdenciario\/trf3-emissao-de-cpf-em-duplicidade-para-homonimos-gera-indenizacao-por-dano-moral.html#primaryimage","url":"https:\/\/mhcalculos.com.br\/noticias\/wp-content\/uploads\/sites\/2\/2019\/03\/tributario-0003.jpg","contentUrl":"https:\/\/mhcalculos.com.br\/noticias\/wp-content\/uploads\/sites\/2\/2019\/03\/tributario-0003.jpg","width":2000,"height":800},{"@type":"BreadcrumbList","@id":"https:\/\/mhcalculos.com.br\/noticias\/area\/previdenciario\/trf3-emissao-de-cpf-em-duplicidade-para-homonimos-gera-indenizacao-por-dano-moral.html#breadcrumb","itemListElement":[{"@type":"ListItem","position":1,"name":"In\u00edcio","item":"https:\/\/mhcalculos.com.br\/noticias\/"},{"@type":"ListItem","position":2,"name":"TRF3: EMISS\u00c3O DE CPF EM DUPLICIDADE PARA HOM\u00d4NIMOS GERA INDENIZA\u00c7\u00c3O POR DANO MORAL\u00a0"}]},{"@type":"WebSite","@id":"https:\/\/mhcalculos.com.br\/noticias\/#website","url":"https:\/\/mhcalculos.com.br\/noticias\/","name":"Portal de Not\u00edcias","description":"Not\u00edcias e Jurisprud\u00eancia","potentialAction":[{"@type":"SearchAction","target":{"@type":"EntryPoint","urlTemplate":"https:\/\/mhcalculos.com.br\/noticias\/?s={search_term_string}"},"query-input":{"@type":"PropertyValueSpecification","valueRequired":true,"valueName":"search_term_string"}}],"inLanguage":"pt-BR"},{"@type":"Person","@id":"https:\/\/mhcalculos.com.br\/noticias\/#\/schema\/person\/88d1c34bf72dc779ea14a5a6b8e0ae8d","name":"Equipe MH","image":{"@type":"ImageObject","inLanguage":"pt-BR","@id":"https:\/\/secure.gravatar.com\/avatar\/de1c686c2ecc9c5a3f327e3431d819eb39f8f05d4e1045f5a1caad6daaba987f?s=96&d=mm&r=g","url":"https:\/\/secure.gravatar.com\/avatar\/de1c686c2ecc9c5a3f327e3431d819eb39f8f05d4e1045f5a1caad6daaba987f?s=96&d=mm&r=g","contentUrl":"https:\/\/secure.gravatar.com\/avatar\/de1c686c2ecc9c5a3f327e3431d819eb39f8f05d4e1045f5a1caad6daaba987f?s=96&d=mm&r=g","caption":"Equipe MH"}}]}},"_links":{"self":[{"href":"https:\/\/mhcalculos.com.br\/noticias\/wp-json\/wp\/v2\/posts\/7384","targetHints":{"allow":["GET"]}}],"collection":[{"href":"https:\/\/mhcalculos.com.br\/noticias\/wp-json\/wp\/v2\/posts"}],"about":[{"href":"https:\/\/mhcalculos.com.br\/noticias\/wp-json\/wp\/v2\/types\/post"}],"author":[{"embeddable":true,"href":"https:\/\/mhcalculos.com.br\/noticias\/wp-json\/wp\/v2\/users\/3063"}],"replies":[{"embeddable":true,"href":"https:\/\/mhcalculos.com.br\/noticias\/wp-json\/wp\/v2\/comments?post=7384"}],"version-history":[{"count":1,"href":"https:\/\/mhcalculos.com.br\/noticias\/wp-json\/wp\/v2\/posts\/7384\/revisions"}],"predecessor-version":[{"id":8987,"href":"https:\/\/mhcalculos.com.br\/noticias\/wp-json\/wp\/v2\/posts\/7384\/revisions\/8987"}],"wp:featuredmedia":[{"embeddable":true,"href":"https:\/\/mhcalculos.com.br\/noticias\/wp-json\/wp\/v2\/media\/3855"}],"wp:attachment":[{"href":"https:\/\/mhcalculos.com.br\/noticias\/wp-json\/wp\/v2\/media?parent=7384"}],"wp:term":[{"taxonomy":"category","embeddable":true,"href":"https:\/\/mhcalculos.com.br\/noticias\/wp-json\/wp\/v2\/categories?post=7384"},{"taxonomy":"post_tag","embeddable":true,"href":"https:\/\/mhcalculos.com.br\/noticias\/wp-json\/wp\/v2\/tags?post=7384"}],"curies":[{"name":"wp","href":"https:\/\/api.w.org\/{rel}","templated":true}]}}