{"id":7377,"date":"2020-07-29T15:59:00","date_gmt":"2020-07-29T18:59:00","guid":{"rendered":"https:\/\/mhcalculos.com.br\/noticias\/area\/trabalhista\/tst-demitida-por-faltas-injustificadas-auxiliar-de-limpeza-nao-recebera-ferias-proporcionais.html"},"modified":"2021-07-28T14:29:20","modified_gmt":"2021-07-28T17:29:20","slug":"tst-demitida-por-faltas-injustificadas-auxiliar-de-limpeza-nao-recebera-ferias-proporcionais","status":"publish","type":"post","link":"https:\/\/mhcalculos.com.br\/noticias\/area\/trabalhista\/tst-demitida-por-faltas-injustificadas-auxiliar-de-limpeza-nao-recebera-ferias-proporcionais.html","title":{"rendered":"TST: Demitida por faltas injustificadas, auxiliar de limpeza n\u00e3o receber\u00e1 f\u00e9rias proporcionais"},"content":{"rendered":"<p><br \/>\n<\/p>\n<p><em><\/p>\n<p>A parcela somente \u00e9 devida nos casos de dispensa imotivada.<\/p>\n<p><\/em><\/p>\n<p>        <a class=\"share-facebook\" href=\"https:\/\/www.facebook.com\/sharer.php?u=http:\/\/www.tst.jus.br\/-\/demitida-por-faltas-injustificadas-auxiliar-de-limpeza-n%C3%A3o-receber%C3%A1-f%C3%A9rias-proporcionais\" target=\"_blank\" rel=\"noopener noreferrer\"><\/a><br \/>\n        <a class=\"share-twitter\" href=\"http:\/\/twitter.com\/intent\/tweet?text=Demitida por faltas injustificadas, auxiliar de limpeza n\u00e3o receber\u00e1 f\u00e9rias proporcionais%0AVeja%20mais%20em:&amp;url=http:\/\/www.tst.jus.br\/-\/demitida-por-faltas-injustificadas-auxiliar-de-limpeza-n%C3%A3o-receber%C3%A1-f%C3%A9rias-proporcionais\" target=\"_blank\" rel=\"noopener noreferrer\"><\/a><br \/>\n        <a class=\"share-linkedin\" href=\"https:\/\/www.linkedin.com\/shareArticle?mini=true&amp;url=http:\/\/www.tst.jus.br\/-\/demitida-por-faltas-injustificadas-auxiliar-de-limpeza-n%C3%A3o-receber%C3%A1-f%C3%A9rias-proporcionais&amp;title=Demitida por faltas injustificadas, auxiliar de limpeza n\u00e3o receber\u00e1 f\u00e9rias proporcionais\" target=\"_blank\" rel=\"noopener noreferrer\"><\/a><br \/>\n        <a class=\"share-whatsapp\" href=\"https:\/\/web.whatsapp.com\/send?text=http:\/\/www.tst.jus.br\/-\/demitida-por-faltas-injustificadas-auxiliar-de-limpeza-n%C3%A3o-receber%C3%A1-f%C3%A9rias-proporcionais\" target=\"_blank\" rel=\"noopener noreferrer\"><\/a><br \/>\n        <a class=\"share-googleplus\" href=\"https:\/\/plus.google.com\/share?url=http:\/\/www.tst.jus.br\/-\/demitida-por-faltas-injustificadas-auxiliar-de-limpeza-n%C3%A3o-receber%C3%A1-f%C3%A9rias-proporcionais\" target=\"_blank\" rel=\"noopener noreferrer\"><\/a><\/p>\n<p>29\/07\/20 &#8211;&nbsp;A Oitava Turma do Tribunal Superior do Trabalho isentou a M. Dias Branco S.A. Ind\u00fastria e Com\u00e9rcio de Alimentos, de Bento Gon\u00e7alves (RS), do pagamento de f\u00e9rias proporcionais a uma auxiliar de servi\u00e7os gerais demitida por justa causa por faltas frequentes&nbsp;e sem justificativa. A decis\u00e3o segue a jurisprud\u00eancia consolidada do TST sobre a mat\u00e9ria.<\/p>\n<p>Dispensada em abril de 2018, ap\u00f3s advert\u00eancias e suspens\u00f5es, a auxiliar sustentou, na reclama\u00e7\u00e3o trabalhista, que faltava porque tinha de levar os filhos ao m\u00e9dico e que sempre apresentava atestados e avisava a chefia. Por isso, requereu a revers\u00e3o da justa causa e o pagamento das parcelas rescis\u00f3rias da dispensa sem motivo.&nbsp;<\/p>\n<h4>Receitas m\u00e9dicas&nbsp;<\/h4>\n<p>Para o ju\u00edzo de primeiro grau, no entanto, os documentos juntados pela empresa comprovaram o comportamento desidioso da empregada, que havia recebido cinco advert\u00eancias e quatro suspens\u00f5es. Segundo a senten\u00e7a, os receitu\u00e1rios m\u00e9dicos apresentados por ela n\u00e3o serviam para justificar a aus\u00eancia ao trabalho, especialmente por n\u00e3o haver registro de falta injustificada nas datas das respectivas consultas.&nbsp;<\/p>\n<h4>Conven\u00e7\u00e3o da OIT<\/h4>\n<p>O Tribunal Regional do Trabalho da 4\u00aa Regi\u00e3o (TRT-RS) manteve a justa causa, mas deferiu o pagamento das f\u00e9rias e do 13\u00ba sal\u00e1rio proporcionais, com fundamento na <a href=\"http:\/\/www.planalto.gov.br\/ccivil_03\/decreto\/D3197.htm\" target=\"_blank\" rel=\"noopener noreferrer\">Conven\u00e7\u00e3o 132<\/a> da Organiza\u00e7\u00e3o Internacional do Trabalho (OIT). Na avalia\u00e7\u00e3o do TRT, nem a conven\u00e7\u00e3o nem a <a href=\"http:\/\/www.planalto.gov.br\/ccivil_03\/constituicao\/constituicao.htm\" target=\"_blank\" rel=\"noopener noreferrer\">Constitui\u00e7\u00e3o da Rep\u00fablica<\/a> trazem, em rela\u00e7\u00e3o a esses direitos, ressalva para despedida por justa causa<\/p>\n<h4>Jurisprud\u00eancia<\/h4>\n<p>A relatora do recurso de revista, ministra Dora Maria da Costa, frisou que, de acordo com a S\u00famula 171 do TST, \u00e9 indevido o pagamento de f\u00e9rias proporcionais na dispensa por justa causa. Ela explicou que, embora o artigo 7\u00ba, inciso XVII, da Constitui\u00e7\u00e3o da Rep\u00fablica assegure aos trabalhadores o direito \u00e0s f\u00e9rias, o artigo 146, par\u00e1grafo \u00fanico, da <a href=\"http:\/\/www.planalto.gov.br\/ccivil_03\/decreto-lei\/del5452.htm\" target=\"_blank\" rel=\"noopener noreferrer\">CLT<\/a> prev\u00ea o pagamento das f\u00e9rias proporcionais apenas nos casos de dispensa imotivada.<\/p>\n<p>A decis\u00e3o foi un\u00e2nime.<\/p>\n<p>(LT\/CF)<\/p>\n<p>Processo: <a href=\"http:\/\/aplicacao4.tst.jus.br\/consultaProcessual\/consultaTstNumUnica.do;jsessionid=B10FE987BD9B47DDB91978727A5B71A4.vm652?conscsjt=&amp;numeroTst=21184&amp;digitoTst=65&amp;anoTst=2018&amp;orgaoTst=5&amp;tribunalTst=04&amp;varaTst=0512&amp;consulta=Consultar\" target=\"_blank\" rel=\"noopener noreferrer\">RR-21184-65.2018.5.04.0512&nbsp;&nbsp;<\/a><\/p>\n<p>O TST possui oito Turmas, cada uma composta de tr\u00eas ministros, com a atribui\u00e7\u00e3o de analisar recursos de revista, agravos, agravos de instrumento, agravos regimentais e recursos ordin\u00e1rios em a\u00e7\u00e3o cautelar. Das decis\u00f5es das Turmas, a parte ainda pode, em alguns casos, recorrer \u00e0 Subse\u00e7\u00e3o I Especializada em Diss\u00eddios Individuais (SBDI-1).<\/p>\n<p>Esta mat\u00e9ria tem cunho meramente informativo.<br \/>\nPermitida a reprodu\u00e7\u00e3o mediante cita\u00e7\u00e3o da fonte.<br \/>\nSecretaria de Comunica\u00e7\u00e3o Social<br \/>\n<a href=\"http:\/\/www.tst.jus.br\" target=\"_blank\" rel=\"noopener noreferrer\">Tribunal Superior do Trabalho<\/a><br \/>\nTel. (61) 3043-4907&nbsp;<br \/>\n<a href=\"mailto:secom@tst.jus.br\" target=\"\" rel=\"noopener noreferrer\">secom@tst.jus.br<\/a><\/p>\n<p>    $(&#8216;#lightbox-kvor_ .slider-gallery-wrapper img&#8217;).hover(<br \/>\n    function() {<br \/>\n        const $text=$($($(this).parent()).next());<br \/>\n        $text.hasClass(&#8216;inside-description&#8217;) &amp;&amp; $text.fadeTo( &#8220;slow&#8221; , 0);<br \/>\n    }, function() {<br \/>\n        const $text=$($($(this).parent()).next());<br \/>\n        $text.hasClass(&#8216;inside-description&#8217;) &amp;&amp; $text.fadeTo( &#8220;slow&#8221; , 1);<br \/>\n    }<br \/>\n    );<br \/>\n    $(document).ready(function() {<br \/>\n        var kvor_autoplaying=false;<br \/>\n        var kvor_showingLightbox=false;<br \/>\n        const kvor_playPauseControllers=&#8221;#slider-kvor_-playpause, #slider-kvor_-lightbox-playpause&#8221;;<br \/>\n        $(&#8220;#slider-kvor_&#8221;).slick({<br \/>\n            slidesToShow: 1,<br \/>\n            slidesToScroll: 1,<br \/>\n            autoplay: kvor_autoplaying,<br \/>\n            swipeToSlide: false,<br \/>\n            centerMode: false,<br \/>\n            autoplaySpeed: 3000,<br \/>\n            focusOnSelect: true,<br \/>\n            prevArrow:<br \/>\n            &#8221;,<br \/>\n            nextArrow:<br \/>\n            &#8221;,<br \/>\n            centerPadding: &#8220;60px&#8221;,<br \/>\n            responsive: [<br \/>\n                {<br \/>\n                    breakpoint: 767.98,<br \/>\n                    settings: {<br \/>\n                        slidesToShow: 3,<br \/>\n                        adaptiveHeight: true<br \/>\n                    }<br \/>\n                }<br \/>\n            ]<br \/>\n        });<br \/>\n        $(&#8220;#slider-kvor_&#8221;).slickLightbox({<br \/>\n            src: &#8216;src&#8217;,<br \/>\n            itemSelector: &#8216;.galery-image .multimidia-wrapper img&#8217;,<br \/>\n            caption:&#8217;caption&#8217;<br \/>\n        });<br \/>\n    });<br \/>\n<script async src=\"https:\/\/platform.twitter.com\/widgets.js\" charset=\"utf-8\"><\/script><br \/>\n<br \/><i>Com informa\u00e7\u00f5es da assessoria de imprensa do TST.<\/i><br \/>\n<br \/><a href=\"http:\/\/www.tst.jus.br\/web\/guest\/noticias?p_p_id=89Dk&#038;p_p_lifecycle=0&#038;refererPlid=10730&#038;_89Dk_groupId=10157&#038;_89Dk_articleId=26591880\">Fonte<\/a><br \/>\n<br \/><\/p>\n","protected":false},"excerpt":{"rendered":"<p>A parcela somente \u00e9 devida nos casos de dispensa imotivada. 29\/07\/20 &#8211;&nbsp;A Oitava Turma do Tribunal Superior do Trabalho isentou a M. Dias Branco S.A. Ind\u00fastria e Com\u00e9rcio de Alimentos, de Bento Gon\u00e7alves (RS), do pagamento de f\u00e9rias proporcionais a uma auxiliar de servi\u00e7os gerais demitida por justa causa por faltas frequentes&nbsp;e sem justificativa. A [&hellip;]<\/p>\n","protected":false},"author":3063,"featured_media":2159,"comment_status":"open","ping_status":"open","sticky":false,"template":"","format":"standard","meta":{"footnotes":""},"categories":[3,21],"tags":[33,216,9,12,217,215],"class_list":{"0":"post-7377","1":"post","2":"type-post","3":"status-publish","4":"format-standard","5":"has-post-thumbnail","7":"category-trabalhista","8":"category-tst","9":"tag-calculos-trabalhistas","10":"tag-direito-trabalhista","11":"tag-pericia","12":"tag-perito","13":"tag-trabalho","14":"tag-tst"},"yoast_head":"<!-- This site is optimized with the Yoast SEO plugin v27.2 - https:\/\/yoast.com\/product\/yoast-seo-wordpress\/ -->\n<title>TST: Demitida por faltas injustificadas, auxiliar de limpeza n\u00e3o receber\u00e1 f\u00e9rias proporcionais | Portal de Not\u00edcias<\/title>\n<meta name=\"robots\" content=\"index, follow, max-snippet:-1, max-image-preview:large, max-video-preview:-1\" \/>\n<link rel=\"canonical\" href=\"https:\/\/mhcalculos.com.br\/noticias\/area\/trabalhista\/tst-demitida-por-faltas-injustificadas-auxiliar-de-limpeza-nao-recebera-ferias-proporcionais.html\" \/>\n<meta property=\"og:locale\" content=\"pt_BR\" \/>\n<meta property=\"og:type\" content=\"article\" \/>\n<meta property=\"og:title\" content=\"TST: Demitida por faltas injustificadas, auxiliar de limpeza n\u00e3o receber\u00e1 f\u00e9rias proporcionais | Portal de Not\u00edcias\" \/>\n<meta property=\"og:description\" content=\"A parcela somente \u00e9 devida nos casos de dispensa imotivada. 29\/07\/20 &#8211;&nbsp;A Oitava Turma do Tribunal Superior do Trabalho isentou a M. Dias Branco S.A. Ind\u00fastria e Com\u00e9rcio de Alimentos, de Bento Gon\u00e7alves (RS), do pagamento de f\u00e9rias proporcionais a uma auxiliar de servi\u00e7os gerais demitida por justa causa por faltas frequentes&nbsp;e sem justificativa. A [&hellip;]\" \/>\n<meta property=\"og:url\" content=\"https:\/\/mhcalculos.com.br\/noticias\/area\/trabalhista\/tst-demitida-por-faltas-injustificadas-auxiliar-de-limpeza-nao-recebera-ferias-proporcionais.html\" \/>\n<meta property=\"og:site_name\" content=\"Portal de Not\u00edcias\" \/>\n<meta property=\"article:published_time\" content=\"2020-07-29T18:59:00+00:00\" \/>\n<meta property=\"article:modified_time\" content=\"2021-07-28T17:29:20+00:00\" \/>\n<meta property=\"og:image\" content=\"https:\/\/mhcalculos.com.br\/noticias\/wp-content\/uploads\/sites\/2\/2018\/06\/trabalhista-0047.jpg\" \/>\n\t<meta property=\"og:image:width\" content=\"2000\" \/>\n\t<meta property=\"og:image:height\" content=\"800\" \/>\n\t<meta property=\"og:image:type\" content=\"image\/jpeg\" \/>\n<meta name=\"author\" content=\"Equipe MH\" \/>\n<meta name=\"twitter:card\" content=\"summary_large_image\" \/>\n<meta name=\"twitter:label1\" content=\"Escrito por\" \/>\n\t<meta name=\"twitter:data1\" content=\"Equipe MH\" \/>\n\t<meta name=\"twitter:label2\" content=\"Est. tempo de leitura\" \/>\n\t<meta name=\"twitter:data2\" content=\"3 minutos\" \/>\n<script type=\"application\/ld+json\" class=\"yoast-schema-graph\">{\"@context\":\"https:\/\/schema.org\",\"@graph\":[{\"@type\":\"Article\",\"@id\":\"https:\/\/mhcalculos.com.br\/noticias\/area\/trabalhista\/tst-demitida-por-faltas-injustificadas-auxiliar-de-limpeza-nao-recebera-ferias-proporcionais.html#article\",\"isPartOf\":{\"@id\":\"https:\/\/mhcalculos.com.br\/noticias\/area\/trabalhista\/tst-demitida-por-faltas-injustificadas-auxiliar-de-limpeza-nao-recebera-ferias-proporcionais.html\"},\"author\":{\"name\":\"Equipe MH\",\"@id\":\"https:\/\/mhcalculos.com.br\/noticias\/#\/schema\/person\/88d1c34bf72dc779ea14a5a6b8e0ae8d\"},\"headline\":\"TST: Demitida por faltas injustificadas, auxiliar de limpeza n\u00e3o receber\u00e1 f\u00e9rias proporcionais\",\"datePublished\":\"2020-07-29T18:59:00+00:00\",\"dateModified\":\"2021-07-28T17:29:20+00:00\",\"mainEntityOfPage\":{\"@id\":\"https:\/\/mhcalculos.com.br\/noticias\/area\/trabalhista\/tst-demitida-por-faltas-injustificadas-auxiliar-de-limpeza-nao-recebera-ferias-proporcionais.html\"},\"wordCount\":565,\"commentCount\":0,\"image\":{\"@id\":\"https:\/\/mhcalculos.com.br\/noticias\/area\/trabalhista\/tst-demitida-por-faltas-injustificadas-auxiliar-de-limpeza-nao-recebera-ferias-proporcionais.html#primaryimage\"},\"thumbnailUrl\":\"https:\/\/mhcalculos.com.br\/noticias\/wp-content\/uploads\/sites\/2\/2018\/06\/trabalhista-0047.jpg\",\"keywords\":[\"c\u00e1lculos trabalhistas\",\"direito trabalhista\",\"per\u00edcia\",\"perito\",\"trabalho\",\"TST\"],\"articleSection\":[\"Direito Trabalhista\",\"TST\"],\"inLanguage\":\"pt-BR\",\"potentialAction\":[{\"@type\":\"CommentAction\",\"name\":\"Comment\",\"target\":[\"https:\/\/mhcalculos.com.br\/noticias\/area\/trabalhista\/tst-demitida-por-faltas-injustificadas-auxiliar-de-limpeza-nao-recebera-ferias-proporcionais.html#respond\"]}]},{\"@type\":\"WebPage\",\"@id\":\"https:\/\/mhcalculos.com.br\/noticias\/area\/trabalhista\/tst-demitida-por-faltas-injustificadas-auxiliar-de-limpeza-nao-recebera-ferias-proporcionais.html\",\"url\":\"https:\/\/mhcalculos.com.br\/noticias\/area\/trabalhista\/tst-demitida-por-faltas-injustificadas-auxiliar-de-limpeza-nao-recebera-ferias-proporcionais.html\",\"name\":\"TST: Demitida por faltas injustificadas, auxiliar de limpeza n\u00e3o receber\u00e1 f\u00e9rias proporcionais | Portal de Not\u00edcias\",\"isPartOf\":{\"@id\":\"https:\/\/mhcalculos.com.br\/noticias\/#website\"},\"primaryImageOfPage\":{\"@id\":\"https:\/\/mhcalculos.com.br\/noticias\/area\/trabalhista\/tst-demitida-por-faltas-injustificadas-auxiliar-de-limpeza-nao-recebera-ferias-proporcionais.html#primaryimage\"},\"image\":{\"@id\":\"https:\/\/mhcalculos.com.br\/noticias\/area\/trabalhista\/tst-demitida-por-faltas-injustificadas-auxiliar-de-limpeza-nao-recebera-ferias-proporcionais.html#primaryimage\"},\"thumbnailUrl\":\"https:\/\/mhcalculos.com.br\/noticias\/wp-content\/uploads\/sites\/2\/2018\/06\/trabalhista-0047.jpg\",\"datePublished\":\"2020-07-29T18:59:00+00:00\",\"dateModified\":\"2021-07-28T17:29:20+00:00\",\"author\":{\"@id\":\"https:\/\/mhcalculos.com.br\/noticias\/#\/schema\/person\/88d1c34bf72dc779ea14a5a6b8e0ae8d\"},\"breadcrumb\":{\"@id\":\"https:\/\/mhcalculos.com.br\/noticias\/area\/trabalhista\/tst-demitida-por-faltas-injustificadas-auxiliar-de-limpeza-nao-recebera-ferias-proporcionais.html#breadcrumb\"},\"inLanguage\":\"pt-BR\",\"potentialAction\":[{\"@type\":\"ReadAction\",\"target\":[\"https:\/\/mhcalculos.com.br\/noticias\/area\/trabalhista\/tst-demitida-por-faltas-injustificadas-auxiliar-de-limpeza-nao-recebera-ferias-proporcionais.html\"]}]},{\"@type\":\"ImageObject\",\"inLanguage\":\"pt-BR\",\"@id\":\"https:\/\/mhcalculos.com.br\/noticias\/area\/trabalhista\/tst-demitida-por-faltas-injustificadas-auxiliar-de-limpeza-nao-recebera-ferias-proporcionais.html#primaryimage\",\"url\":\"https:\/\/mhcalculos.com.br\/noticias\/wp-content\/uploads\/sites\/2\/2018\/06\/trabalhista-0047.jpg\",\"contentUrl\":\"https:\/\/mhcalculos.com.br\/noticias\/wp-content\/uploads\/sites\/2\/2018\/06\/trabalhista-0047.jpg\",\"width\":2000,\"height\":800},{\"@type\":\"BreadcrumbList\",\"@id\":\"https:\/\/mhcalculos.com.br\/noticias\/area\/trabalhista\/tst-demitida-por-faltas-injustificadas-auxiliar-de-limpeza-nao-recebera-ferias-proporcionais.html#breadcrumb\",\"itemListElement\":[{\"@type\":\"ListItem\",\"position\":1,\"name\":\"In\u00edcio\",\"item\":\"https:\/\/mhcalculos.com.br\/noticias\/\"},{\"@type\":\"ListItem\",\"position\":2,\"name\":\"TST: Demitida por faltas injustificadas, auxiliar de limpeza n\u00e3o receber\u00e1 f\u00e9rias proporcionais\"}]},{\"@type\":\"WebSite\",\"@id\":\"https:\/\/mhcalculos.com.br\/noticias\/#website\",\"url\":\"https:\/\/mhcalculos.com.br\/noticias\/\",\"name\":\"Portal de Not\u00edcias\",\"description\":\"Not\u00edcias e Jurisprud\u00eancia\",\"potentialAction\":[{\"@type\":\"SearchAction\",\"target\":{\"@type\":\"EntryPoint\",\"urlTemplate\":\"https:\/\/mhcalculos.com.br\/noticias\/?s={search_term_string}\"},\"query-input\":{\"@type\":\"PropertyValueSpecification\",\"valueRequired\":true,\"valueName\":\"search_term_string\"}}],\"inLanguage\":\"pt-BR\"},{\"@type\":\"Person\",\"@id\":\"https:\/\/mhcalculos.com.br\/noticias\/#\/schema\/person\/88d1c34bf72dc779ea14a5a6b8e0ae8d\",\"name\":\"Equipe MH\",\"image\":{\"@type\":\"ImageObject\",\"inLanguage\":\"pt-BR\",\"@id\":\"https:\/\/secure.gravatar.com\/avatar\/de1c686c2ecc9c5a3f327e3431d819eb39f8f05d4e1045f5a1caad6daaba987f?s=96&d=mm&r=g\",\"url\":\"https:\/\/secure.gravatar.com\/avatar\/de1c686c2ecc9c5a3f327e3431d819eb39f8f05d4e1045f5a1caad6daaba987f?s=96&d=mm&r=g\",\"contentUrl\":\"https:\/\/secure.gravatar.com\/avatar\/de1c686c2ecc9c5a3f327e3431d819eb39f8f05d4e1045f5a1caad6daaba987f?s=96&d=mm&r=g\",\"caption\":\"Equipe MH\"}}]}<\/script>\n<!-- \/ Yoast SEO plugin. -->","yoast_head_json":{"title":"TST: Demitida por faltas injustificadas, auxiliar de limpeza n\u00e3o receber\u00e1 f\u00e9rias proporcionais | Portal de Not\u00edcias","robots":{"index":"index","follow":"follow","max-snippet":"max-snippet:-1","max-image-preview":"max-image-preview:large","max-video-preview":"max-video-preview:-1"},"canonical":"https:\/\/mhcalculos.com.br\/noticias\/area\/trabalhista\/tst-demitida-por-faltas-injustificadas-auxiliar-de-limpeza-nao-recebera-ferias-proporcionais.html","og_locale":"pt_BR","og_type":"article","og_title":"TST: Demitida por faltas injustificadas, auxiliar de limpeza n\u00e3o receber\u00e1 f\u00e9rias proporcionais | Portal de Not\u00edcias","og_description":"A parcela somente \u00e9 devida nos casos de dispensa imotivada. 29\/07\/20 &#8211;&nbsp;A Oitava Turma do Tribunal Superior do Trabalho isentou a M. Dias Branco S.A. Ind\u00fastria e Com\u00e9rcio de Alimentos, de Bento Gon\u00e7alves (RS), do pagamento de f\u00e9rias proporcionais a uma auxiliar de servi\u00e7os gerais demitida por justa causa por faltas frequentes&nbsp;e sem justificativa. A [&hellip;]","og_url":"https:\/\/mhcalculos.com.br\/noticias\/area\/trabalhista\/tst-demitida-por-faltas-injustificadas-auxiliar-de-limpeza-nao-recebera-ferias-proporcionais.html","og_site_name":"Portal de Not\u00edcias","article_published_time":"2020-07-29T18:59:00+00:00","article_modified_time":"2021-07-28T17:29:20+00:00","og_image":[{"width":2000,"height":800,"url":"https:\/\/mhcalculos.com.br\/noticias\/wp-content\/uploads\/sites\/2\/2018\/06\/trabalhista-0047.jpg","type":"image\/jpeg"}],"author":"Equipe MH","twitter_card":"summary_large_image","twitter_misc":{"Escrito por":"Equipe MH","Est. tempo de leitura":"3 minutos"},"schema":{"@context":"https:\/\/schema.org","@graph":[{"@type":"Article","@id":"https:\/\/mhcalculos.com.br\/noticias\/area\/trabalhista\/tst-demitida-por-faltas-injustificadas-auxiliar-de-limpeza-nao-recebera-ferias-proporcionais.html#article","isPartOf":{"@id":"https:\/\/mhcalculos.com.br\/noticias\/area\/trabalhista\/tst-demitida-por-faltas-injustificadas-auxiliar-de-limpeza-nao-recebera-ferias-proporcionais.html"},"author":{"name":"Equipe MH","@id":"https:\/\/mhcalculos.com.br\/noticias\/#\/schema\/person\/88d1c34bf72dc779ea14a5a6b8e0ae8d"},"headline":"TST: Demitida por faltas injustificadas, auxiliar de limpeza n\u00e3o receber\u00e1 f\u00e9rias proporcionais","datePublished":"2020-07-29T18:59:00+00:00","dateModified":"2021-07-28T17:29:20+00:00","mainEntityOfPage":{"@id":"https:\/\/mhcalculos.com.br\/noticias\/area\/trabalhista\/tst-demitida-por-faltas-injustificadas-auxiliar-de-limpeza-nao-recebera-ferias-proporcionais.html"},"wordCount":565,"commentCount":0,"image":{"@id":"https:\/\/mhcalculos.com.br\/noticias\/area\/trabalhista\/tst-demitida-por-faltas-injustificadas-auxiliar-de-limpeza-nao-recebera-ferias-proporcionais.html#primaryimage"},"thumbnailUrl":"https:\/\/mhcalculos.com.br\/noticias\/wp-content\/uploads\/sites\/2\/2018\/06\/trabalhista-0047.jpg","keywords":["c\u00e1lculos trabalhistas","direito trabalhista","per\u00edcia","perito","trabalho","TST"],"articleSection":["Direito Trabalhista","TST"],"inLanguage":"pt-BR","potentialAction":[{"@type":"CommentAction","name":"Comment","target":["https:\/\/mhcalculos.com.br\/noticias\/area\/trabalhista\/tst-demitida-por-faltas-injustificadas-auxiliar-de-limpeza-nao-recebera-ferias-proporcionais.html#respond"]}]},{"@type":"WebPage","@id":"https:\/\/mhcalculos.com.br\/noticias\/area\/trabalhista\/tst-demitida-por-faltas-injustificadas-auxiliar-de-limpeza-nao-recebera-ferias-proporcionais.html","url":"https:\/\/mhcalculos.com.br\/noticias\/area\/trabalhista\/tst-demitida-por-faltas-injustificadas-auxiliar-de-limpeza-nao-recebera-ferias-proporcionais.html","name":"TST: Demitida por faltas injustificadas, auxiliar de limpeza n\u00e3o receber\u00e1 f\u00e9rias proporcionais | Portal de Not\u00edcias","isPartOf":{"@id":"https:\/\/mhcalculos.com.br\/noticias\/#website"},"primaryImageOfPage":{"@id":"https:\/\/mhcalculos.com.br\/noticias\/area\/trabalhista\/tst-demitida-por-faltas-injustificadas-auxiliar-de-limpeza-nao-recebera-ferias-proporcionais.html#primaryimage"},"image":{"@id":"https:\/\/mhcalculos.com.br\/noticias\/area\/trabalhista\/tst-demitida-por-faltas-injustificadas-auxiliar-de-limpeza-nao-recebera-ferias-proporcionais.html#primaryimage"},"thumbnailUrl":"https:\/\/mhcalculos.com.br\/noticias\/wp-content\/uploads\/sites\/2\/2018\/06\/trabalhista-0047.jpg","datePublished":"2020-07-29T18:59:00+00:00","dateModified":"2021-07-28T17:29:20+00:00","author":{"@id":"https:\/\/mhcalculos.com.br\/noticias\/#\/schema\/person\/88d1c34bf72dc779ea14a5a6b8e0ae8d"},"breadcrumb":{"@id":"https:\/\/mhcalculos.com.br\/noticias\/area\/trabalhista\/tst-demitida-por-faltas-injustificadas-auxiliar-de-limpeza-nao-recebera-ferias-proporcionais.html#breadcrumb"},"inLanguage":"pt-BR","potentialAction":[{"@type":"ReadAction","target":["https:\/\/mhcalculos.com.br\/noticias\/area\/trabalhista\/tst-demitida-por-faltas-injustificadas-auxiliar-de-limpeza-nao-recebera-ferias-proporcionais.html"]}]},{"@type":"ImageObject","inLanguage":"pt-BR","@id":"https:\/\/mhcalculos.com.br\/noticias\/area\/trabalhista\/tst-demitida-por-faltas-injustificadas-auxiliar-de-limpeza-nao-recebera-ferias-proporcionais.html#primaryimage","url":"https:\/\/mhcalculos.com.br\/noticias\/wp-content\/uploads\/sites\/2\/2018\/06\/trabalhista-0047.jpg","contentUrl":"https:\/\/mhcalculos.com.br\/noticias\/wp-content\/uploads\/sites\/2\/2018\/06\/trabalhista-0047.jpg","width":2000,"height":800},{"@type":"BreadcrumbList","@id":"https:\/\/mhcalculos.com.br\/noticias\/area\/trabalhista\/tst-demitida-por-faltas-injustificadas-auxiliar-de-limpeza-nao-recebera-ferias-proporcionais.html#breadcrumb","itemListElement":[{"@type":"ListItem","position":1,"name":"In\u00edcio","item":"https:\/\/mhcalculos.com.br\/noticias\/"},{"@type":"ListItem","position":2,"name":"TST: Demitida por faltas injustificadas, auxiliar de limpeza n\u00e3o receber\u00e1 f\u00e9rias proporcionais"}]},{"@type":"WebSite","@id":"https:\/\/mhcalculos.com.br\/noticias\/#website","url":"https:\/\/mhcalculos.com.br\/noticias\/","name":"Portal de Not\u00edcias","description":"Not\u00edcias e Jurisprud\u00eancia","potentialAction":[{"@type":"SearchAction","target":{"@type":"EntryPoint","urlTemplate":"https:\/\/mhcalculos.com.br\/noticias\/?s={search_term_string}"},"query-input":{"@type":"PropertyValueSpecification","valueRequired":true,"valueName":"search_term_string"}}],"inLanguage":"pt-BR"},{"@type":"Person","@id":"https:\/\/mhcalculos.com.br\/noticias\/#\/schema\/person\/88d1c34bf72dc779ea14a5a6b8e0ae8d","name":"Equipe MH","image":{"@type":"ImageObject","inLanguage":"pt-BR","@id":"https:\/\/secure.gravatar.com\/avatar\/de1c686c2ecc9c5a3f327e3431d819eb39f8f05d4e1045f5a1caad6daaba987f?s=96&d=mm&r=g","url":"https:\/\/secure.gravatar.com\/avatar\/de1c686c2ecc9c5a3f327e3431d819eb39f8f05d4e1045f5a1caad6daaba987f?s=96&d=mm&r=g","contentUrl":"https:\/\/secure.gravatar.com\/avatar\/de1c686c2ecc9c5a3f327e3431d819eb39f8f05d4e1045f5a1caad6daaba987f?s=96&d=mm&r=g","caption":"Equipe MH"}}]}},"_links":{"self":[{"href":"https:\/\/mhcalculos.com.br\/noticias\/wp-json\/wp\/v2\/posts\/7377","targetHints":{"allow":["GET"]}}],"collection":[{"href":"https:\/\/mhcalculos.com.br\/noticias\/wp-json\/wp\/v2\/posts"}],"about":[{"href":"https:\/\/mhcalculos.com.br\/noticias\/wp-json\/wp\/v2\/types\/post"}],"author":[{"embeddable":true,"href":"https:\/\/mhcalculos.com.br\/noticias\/wp-json\/wp\/v2\/users\/3063"}],"replies":[{"embeddable":true,"href":"https:\/\/mhcalculos.com.br\/noticias\/wp-json\/wp\/v2\/comments?post=7377"}],"version-history":[{"count":1,"href":"https:\/\/mhcalculos.com.br\/noticias\/wp-json\/wp\/v2\/posts\/7377\/revisions"}],"predecessor-version":[{"id":9004,"href":"https:\/\/mhcalculos.com.br\/noticias\/wp-json\/wp\/v2\/posts\/7377\/revisions\/9004"}],"wp:featuredmedia":[{"embeddable":true,"href":"https:\/\/mhcalculos.com.br\/noticias\/wp-json\/wp\/v2\/media\/2159"}],"wp:attachment":[{"href":"https:\/\/mhcalculos.com.br\/noticias\/wp-json\/wp\/v2\/media?parent=7377"}],"wp:term":[{"taxonomy":"category","embeddable":true,"href":"https:\/\/mhcalculos.com.br\/noticias\/wp-json\/wp\/v2\/categories?post=7377"},{"taxonomy":"post_tag","embeddable":true,"href":"https:\/\/mhcalculos.com.br\/noticias\/wp-json\/wp\/v2\/tags?post=7377"}],"curies":[{"name":"wp","href":"https:\/\/api.w.org\/{rel}","templated":true}]}}