{"id":7359,"date":"2020-07-24T22:27:00","date_gmt":"2020-07-25T01:27:00","guid":{"rendered":"https:\/\/mhcalculos.com.br\/noticias\/area\/trabalhista\/tst-suspensa-resolucao-do-trt-4-rs-sobre-convocacao-de-juizes.html"},"modified":"2021-07-28T14:29:21","modified_gmt":"2021-07-28T17:29:21","slug":"tst-suspensa-resolucao-do-trt-4-rs-sobre-convocacao-de-juizes","status":"publish","type":"post","link":"https:\/\/mhcalculos.com.br\/noticias\/area\/trabalhista\/tst-suspensa-resolucao-do-trt-4-rs-sobre-convocacao-de-juizes.html","title":{"rendered":"TST: Suspensa resolu\u00e7\u00e3o do TRT- 4 (RS) sobre convoca\u00e7\u00e3o de ju\u00edzes"},"content":{"rendered":"<p><br \/>\n<\/p>\n<p><em><\/p>\n<p>O exame preliminar da norma n\u00e3o demonstrou a observ\u00e2ncia dos crit\u00e9rios estabelecidos pelo CNJ para a sua edi\u00e7\u00e3o.<\/p>\n<p><\/em><\/p>\n<p>        <a class=\"share-facebook\" href=\"https:\/\/www.facebook.com\/sharer.php?u=http:\/\/www.tst.jus.br\/-\/suspensa-resolu%C3%A7%C3%A3o-do-trt-4-rs-sobre-convoca%C3%A7%C3%A3o-de-ju%C3%ADzes\" target=\"_blank\" rel=\"noopener noreferrer\"><\/a><br \/>\n        <a class=\"share-twitter\" href=\"http:\/\/twitter.com\/intent\/tweet?text=Suspensa resolu\u00e7\u00e3o do TRT- 4 (RS) sobre convoca\u00e7\u00e3o de ju\u00edzes%0AVeja%20mais%20em:&amp;url=http:\/\/www.tst.jus.br\/-\/suspensa-resolu%C3%A7%C3%A3o-do-trt-4-rs-sobre-convoca%C3%A7%C3%A3o-de-ju%C3%ADzes\" target=\"_blank\" rel=\"noopener noreferrer\"><\/a><br \/>\n        <a class=\"share-linkedin\" href=\"https:\/\/www.linkedin.com\/shareArticle?mini=true&amp;url=http:\/\/www.tst.jus.br\/-\/suspensa-resolu%C3%A7%C3%A3o-do-trt-4-rs-sobre-convoca%C3%A7%C3%A3o-de-ju%C3%ADzes&amp;title=Suspensa resolu\u00e7\u00e3o do TRT- 4 (RS) sobre convoca\u00e7\u00e3o de ju\u00edzes\" target=\"_blank\" rel=\"noopener noreferrer\"><\/a><br \/>\n        <a class=\"share-whatsapp\" href=\"https:\/\/web.whatsapp.com\/send?text=http:\/\/www.tst.jus.br\/-\/suspensa-resolu%C3%A7%C3%A3o-do-trt-4-rs-sobre-convoca%C3%A7%C3%A3o-de-ju%C3%ADzes\" target=\"_blank\" rel=\"noopener noreferrer\"><\/a><br \/>\n        <a class=\"share-googleplus\" href=\"https:\/\/plus.google.com\/share?url=http:\/\/www.tst.jus.br\/-\/suspensa-resolu%C3%A7%C3%A3o-do-trt-4-rs-sobre-convoca%C3%A7%C3%A3o-de-ju%C3%ADzes\" target=\"_blank\" rel=\"noopener noreferrer\"><\/a><\/p>\n<p>                <\/p>\n<p>Fachada lateral do pr\u00e9dio do TST, com letreiros do TST e do CSJT.<\/p>\n<p>                    <a class=\"share-facebook\" href=\"https:\/\/www.facebook.com\/sharer.php?u=http:\/\/www.tst.jus.br\/-\/suspensa-resolu%C3%A7%C3%A3o-do-trt-4-rs-sobre-convoca%C3%A7%C3%A3o-de-ju%C3%ADzes\" target=\"_blank\" rel=\"noopener noreferrer\"><\/a><br \/>\n                    <a class=\"share-twitter\" href=\"http:\/\/twitter.com\/intent\/tweet?text=Suspensa resolu\u00e7\u00e3o do TRT- 4 (RS) sobre convoca\u00e7\u00e3o de ju\u00edzes%0AVeja%20mais%20em:&amp;url=http:\/\/www.tst.jus.br\/-\/suspensa-resolu%C3%A7%C3%A3o-do-trt-4-rs-sobre-convoca%C3%A7%C3%A3o-de-ju%C3%ADzes\" target=\"_blank\" rel=\"noopener noreferrer\"><\/a><br \/>\n                    <a class=\"share-linkedin\" href=\"https:\/\/www.linkedin.com\/shareArticle?mini=true&amp;url=http:\/\/www.tst.jus.br\/-\/suspensa-resolu%C3%A7%C3%A3o-do-trt-4-rs-sobre-convoca%C3%A7%C3%A3o-de-ju%C3%ADzes&amp;title=Suspensa resolu\u00e7\u00e3o do TRT- 4 (RS) sobre convoca\u00e7\u00e3o de ju\u00edzes\" target=\"_blank\" rel=\"noopener noreferrer\"><\/a><br \/>\n                    <a class=\"share-whatsapp\" href=\"https:\/\/web.whatsapp.com\/send?text=http:\/\/www.tst.jus.br\/-\/suspensa-resolu%C3%A7%C3%A3o-do-trt-4-rs-sobre-convoca%C3%A7%C3%A3o-de-ju%C3%ADzes\" target=\"_blank\" rel=\"noopener noreferrer\"><\/a><br \/>\n                    <a class=\"share-googleplus\" href=\"https:\/\/plus.google.com\/share?url=http:\/\/www.tst.jus.br\/-\/suspensa-resolu%C3%A7%C3%A3o-do-trt-4-rs-sobre-convoca%C3%A7%C3%A3o-de-ju%C3%ADzes\" target=\"_blank\" rel=\"noopener noreferrer\"><\/a><\/p>\n<p>24\/07\/20 &#8211; O corregedor-geral da Justi\u00e7a do Trabalho, ministro Aloysio Corr\u00eaa da Veiga, determinou, na quarta-feira (22), a suspens\u00e3o imediata da Resolu\u00e7\u00e3o Administrativa 14\/2020 do Tribunal Regional do Trabalho da 4\u00aa Regi\u00e3o (RS), e os efeitos jur\u00eddicos decorrentes. A resolu\u00e7\u00e3o estabelecia sistem\u00e1tica de convoca\u00e7\u00e3o de ju\u00edzes de 1\u00b0 grau para atuarem no 2\u00ba grau de jurisdi\u00e7\u00e3o, com previs\u00e3o de vantagem pecuni\u00e1ria.<\/p>\n<h4>Mutir\u00e3o<\/h4>\n<p>A resolu\u00e7\u00e3o prev\u00ea um &#8220;mutir\u00e3o&#8221; formado por ju\u00edzes de 1\u00b0 grau, criado a partir da divis\u00e3o e da distribui\u00e7\u00e3o de processos dos gabinetes de desembargadores pendentes de julgamento. Segundo o corregedor-geral, o exame preliminar da norma n\u00e3o demonstra a observ\u00e2ncia dos fatores previstos pelo Conselho Nacional de Justi\u00e7a (CNJ) para a sua edi\u00e7\u00e3o, como a exist\u00eancia de situa\u00e7\u00e3o &#8220;imprevis\u00edvel&#8221; ou &#8220;justificado ac\u00famulo de servi\u00e7o\u201d.&nbsp;<\/p>\n<h4>Preocupa\u00e7\u00e3o<\/h4>\n<p>Na ter\u00e7a-feira (21), a presidente do Conselho Superior da Justi\u00e7a do Trabalho (CSJT) e do Tribunal Superior do Trabalho (TST), ministra Maria Cristina Peduzzi, j\u00e1 havia suspendido o artigo 8\u00ba da resolu\u00e7\u00e3o. Na decis\u00e3o, ela explicou que, apesar da discuss\u00e3o que se possa suscitar sobre aspectos como o juiz natural e o exerc\u00edcio da jurisdi\u00e7\u00e3o, a preocupa\u00e7\u00e3o maior do CSJT, no momento, envolve as repercuss\u00f5es administrativas e or\u00e7ament\u00e1rias, sobretudo em rela\u00e7\u00e3o \u00e0 gratifica\u00e7\u00e3o por exerc\u00edcio cumulativo de jurisdi\u00e7\u00e3o e pagamento da diferen\u00e7a de remunera\u00e7\u00e3o para o cargo de desembargador, prevista no dispositivo suspenso. Para a ministra, no exame sum\u00e1rio do caso, h\u00e1 d\u00favidas se as vantagens pecuni\u00e1rias s\u00e3o cab\u00edveis.<\/p>\n<p>(VC\/CF)<br \/>\n&nbsp;<\/p>\n<p>    $(&#8216;#lightbox-veyk_ .slider-gallery-wrapper img&#8217;).hover(<br \/>\n    function() {<br \/>\n        const $text=$($($(this).parent()).next());<br \/>\n        $text.hasClass(&#8216;inside-description&#8217;) &amp;&amp; $text.fadeTo( &#8220;slow&#8221; , 0);<br \/>\n    }, function() {<br \/>\n        const $text=$($($(this).parent()).next());<br \/>\n        $text.hasClass(&#8216;inside-description&#8217;) &amp;&amp; $text.fadeTo( &#8220;slow&#8221; , 1);<br \/>\n    }<br \/>\n    );<br \/>\n    $(document).ready(function() {<br \/>\n        var veyk_autoplaying=false;<br \/>\n        var veyk_showingLightbox=false;<br \/>\n        const veyk_playPauseControllers=&#8221;#slider-veyk_-playpause, #slider-veyk_-lightbox-playpause&#8221;;<br \/>\n        $(&#8220;#slider-veyk_&#8221;).slick({<br \/>\n            slidesToShow: 1,<br \/>\n            slidesToScroll: 1,<br \/>\n            autoplay: veyk_autoplaying,<br \/>\n            swipeToSlide: false,<br \/>\n            centerMode: false,<br \/>\n            autoplaySpeed: 3000,<br \/>\n            focusOnSelect: true,<br \/>\n            prevArrow:<br \/>\n            &#8221;,<br \/>\n            nextArrow:<br \/>\n            &#8221;,<br \/>\n            centerPadding: &#8220;60px&#8221;,<br \/>\n            responsive: [<br \/>\n                {<br \/>\n                    breakpoint: 767.98,<br \/>\n                    settings: {<br \/>\n                        slidesToShow: 3,<br \/>\n                        adaptiveHeight: true<br \/>\n                    }<br \/>\n                }<br \/>\n            ]<br \/>\n        });<br \/>\n        $(&#8220;#slider-veyk_&#8221;).slickLightbox({<br \/>\n            src: &#8216;src&#8217;,<br \/>\n            itemSelector: &#8216;.galery-image .multimidia-wrapper img&#8217;,<br \/>\n            caption:&#8217;caption&#8217;<br \/>\n        });<br \/>\n    });<br \/>\n<script async src=\"https:\/\/platform.twitter.com\/widgets.js\" charset=\"utf-8\"><\/script><br \/>\n<br \/><i>Com informa\u00e7\u00f5es da assessoria de imprensa do TST.<\/i><br \/>\n<br \/><a href=\"http:\/\/www.tst.jus.br\/web\/guest\/noticias?p_p_id=89Dk&#038;p_p_lifecycle=0&#038;refererPlid=10730&#038;_89Dk_groupId=10157&#038;_89Dk_articleId=26584668\">Fonte<\/a><br \/>\n<br \/><\/p>\n","protected":false},"excerpt":{"rendered":"<p>O exame preliminar da norma n\u00e3o demonstrou a observ\u00e2ncia dos crit\u00e9rios estabelecidos pelo CNJ para a sua edi\u00e7\u00e3o. Fachada lateral do pr\u00e9dio do TST, com letreiros do TST e do CSJT. 24\/07\/20 &#8211; O corregedor-geral da Justi\u00e7a do Trabalho, ministro Aloysio Corr\u00eaa da Veiga, determinou, na quarta-feira (22), a suspens\u00e3o imediata da Resolu\u00e7\u00e3o Administrativa 14\/2020 [&hellip;]<\/p>\n","protected":false},"author":3063,"featured_media":1972,"comment_status":"open","ping_status":"open","sticky":false,"template":"","format":"standard","meta":{"footnotes":""},"categories":[3,21],"tags":[33,216,9,12,217,215],"class_list":{"0":"post-7359","1":"post","2":"type-post","3":"status-publish","4":"format-standard","5":"has-post-thumbnail","7":"category-trabalhista","8":"category-tst","9":"tag-calculos-trabalhistas","10":"tag-direito-trabalhista","11":"tag-pericia","12":"tag-perito","13":"tag-trabalho","14":"tag-tst"},"yoast_head":"<!-- This site is optimized with the Yoast SEO plugin v27.2 - https:\/\/yoast.com\/product\/yoast-seo-wordpress\/ -->\n<title>TST: Suspensa resolu\u00e7\u00e3o do TRT- 4 (RS) sobre convoca\u00e7\u00e3o de ju\u00edzes | Portal de Not\u00edcias<\/title>\n<meta name=\"robots\" content=\"index, follow, max-snippet:-1, max-image-preview:large, max-video-preview:-1\" \/>\n<link rel=\"canonical\" href=\"https:\/\/mhcalculos.com.br\/noticias\/area\/trabalhista\/tst-suspensa-resolucao-do-trt-4-rs-sobre-convocacao-de-juizes.html\" \/>\n<meta property=\"og:locale\" content=\"pt_BR\" \/>\n<meta property=\"og:type\" content=\"article\" \/>\n<meta property=\"og:title\" content=\"TST: Suspensa resolu\u00e7\u00e3o do TRT- 4 (RS) sobre convoca\u00e7\u00e3o de ju\u00edzes | Portal de Not\u00edcias\" \/>\n<meta property=\"og:description\" content=\"O exame preliminar da norma n\u00e3o demonstrou a observ\u00e2ncia dos crit\u00e9rios estabelecidos pelo CNJ para a sua edi\u00e7\u00e3o. Fachada lateral do pr\u00e9dio do TST, com letreiros do TST e do CSJT. 24\/07\/20 &#8211; O corregedor-geral da Justi\u00e7a do Trabalho, ministro Aloysio Corr\u00eaa da Veiga, determinou, na quarta-feira (22), a suspens\u00e3o imediata da Resolu\u00e7\u00e3o Administrativa 14\/2020 [&hellip;]\" \/>\n<meta property=\"og:url\" content=\"https:\/\/mhcalculos.com.br\/noticias\/area\/trabalhista\/tst-suspensa-resolucao-do-trt-4-rs-sobre-convocacao-de-juizes.html\" \/>\n<meta property=\"og:site_name\" content=\"Portal de Not\u00edcias\" \/>\n<meta property=\"article:published_time\" content=\"2020-07-25T01:27:00+00:00\" \/>\n<meta property=\"article:modified_time\" content=\"2021-07-28T17:29:21+00:00\" \/>\n<meta property=\"og:image\" content=\"https:\/\/mhcalculos.com.br\/noticias\/wp-content\/uploads\/sites\/2\/2018\/06\/trabalhista-0043.jpg\" \/>\n\t<meta property=\"og:image:width\" content=\"2000\" \/>\n\t<meta property=\"og:image:height\" content=\"800\" \/>\n\t<meta property=\"og:image:type\" content=\"image\/jpeg\" \/>\n<meta name=\"author\" content=\"Equipe MH\" \/>\n<meta name=\"twitter:card\" content=\"summary_large_image\" \/>\n<meta name=\"twitter:label1\" content=\"Escrito por\" \/>\n\t<meta name=\"twitter:data1\" content=\"Equipe MH\" \/>\n\t<meta name=\"twitter:label2\" content=\"Est. tempo de leitura\" \/>\n\t<meta name=\"twitter:data2\" content=\"2 minutos\" \/>\n<script type=\"application\/ld+json\" class=\"yoast-schema-graph\">{\"@context\":\"https:\/\/schema.org\",\"@graph\":[{\"@type\":\"Article\",\"@id\":\"https:\/\/mhcalculos.com.br\/noticias\/area\/trabalhista\/tst-suspensa-resolucao-do-trt-4-rs-sobre-convocacao-de-juizes.html#article\",\"isPartOf\":{\"@id\":\"https:\/\/mhcalculos.com.br\/noticias\/area\/trabalhista\/tst-suspensa-resolucao-do-trt-4-rs-sobre-convocacao-de-juizes.html\"},\"author\":{\"name\":\"Equipe MH\",\"@id\":\"https:\/\/mhcalculos.com.br\/noticias\/#\/schema\/person\/88d1c34bf72dc779ea14a5a6b8e0ae8d\"},\"headline\":\"TST: Suspensa resolu\u00e7\u00e3o do TRT- 4 (RS) sobre convoca\u00e7\u00e3o de ju\u00edzes\",\"datePublished\":\"2020-07-25T01:27:00+00:00\",\"dateModified\":\"2021-07-28T17:29:21+00:00\",\"mainEntityOfPage\":{\"@id\":\"https:\/\/mhcalculos.com.br\/noticias\/area\/trabalhista\/tst-suspensa-resolucao-do-trt-4-rs-sobre-convocacao-de-juizes.html\"},\"wordCount\":426,\"commentCount\":0,\"image\":{\"@id\":\"https:\/\/mhcalculos.com.br\/noticias\/area\/trabalhista\/tst-suspensa-resolucao-do-trt-4-rs-sobre-convocacao-de-juizes.html#primaryimage\"},\"thumbnailUrl\":\"https:\/\/mhcalculos.com.br\/noticias\/wp-content\/uploads\/sites\/2\/2018\/06\/trabalhista-0043.jpg\",\"keywords\":[\"c\u00e1lculos trabalhistas\",\"direito trabalhista\",\"per\u00edcia\",\"perito\",\"trabalho\",\"TST\"],\"articleSection\":[\"Direito Trabalhista\",\"TST\"],\"inLanguage\":\"pt-BR\",\"potentialAction\":[{\"@type\":\"CommentAction\",\"name\":\"Comment\",\"target\":[\"https:\/\/mhcalculos.com.br\/noticias\/area\/trabalhista\/tst-suspensa-resolucao-do-trt-4-rs-sobre-convocacao-de-juizes.html#respond\"]}]},{\"@type\":\"WebPage\",\"@id\":\"https:\/\/mhcalculos.com.br\/noticias\/area\/trabalhista\/tst-suspensa-resolucao-do-trt-4-rs-sobre-convocacao-de-juizes.html\",\"url\":\"https:\/\/mhcalculos.com.br\/noticias\/area\/trabalhista\/tst-suspensa-resolucao-do-trt-4-rs-sobre-convocacao-de-juizes.html\",\"name\":\"TST: Suspensa resolu\u00e7\u00e3o do TRT- 4 (RS) sobre convoca\u00e7\u00e3o de ju\u00edzes | Portal de Not\u00edcias\",\"isPartOf\":{\"@id\":\"https:\/\/mhcalculos.com.br\/noticias\/#website\"},\"primaryImageOfPage\":{\"@id\":\"https:\/\/mhcalculos.com.br\/noticias\/area\/trabalhista\/tst-suspensa-resolucao-do-trt-4-rs-sobre-convocacao-de-juizes.html#primaryimage\"},\"image\":{\"@id\":\"https:\/\/mhcalculos.com.br\/noticias\/area\/trabalhista\/tst-suspensa-resolucao-do-trt-4-rs-sobre-convocacao-de-juizes.html#primaryimage\"},\"thumbnailUrl\":\"https:\/\/mhcalculos.com.br\/noticias\/wp-content\/uploads\/sites\/2\/2018\/06\/trabalhista-0043.jpg\",\"datePublished\":\"2020-07-25T01:27:00+00:00\",\"dateModified\":\"2021-07-28T17:29:21+00:00\",\"author\":{\"@id\":\"https:\/\/mhcalculos.com.br\/noticias\/#\/schema\/person\/88d1c34bf72dc779ea14a5a6b8e0ae8d\"},\"breadcrumb\":{\"@id\":\"https:\/\/mhcalculos.com.br\/noticias\/area\/trabalhista\/tst-suspensa-resolucao-do-trt-4-rs-sobre-convocacao-de-juizes.html#breadcrumb\"},\"inLanguage\":\"pt-BR\",\"potentialAction\":[{\"@type\":\"ReadAction\",\"target\":[\"https:\/\/mhcalculos.com.br\/noticias\/area\/trabalhista\/tst-suspensa-resolucao-do-trt-4-rs-sobre-convocacao-de-juizes.html\"]}]},{\"@type\":\"ImageObject\",\"inLanguage\":\"pt-BR\",\"@id\":\"https:\/\/mhcalculos.com.br\/noticias\/area\/trabalhista\/tst-suspensa-resolucao-do-trt-4-rs-sobre-convocacao-de-juizes.html#primaryimage\",\"url\":\"https:\/\/mhcalculos.com.br\/noticias\/wp-content\/uploads\/sites\/2\/2018\/06\/trabalhista-0043.jpg\",\"contentUrl\":\"https:\/\/mhcalculos.com.br\/noticias\/wp-content\/uploads\/sites\/2\/2018\/06\/trabalhista-0043.jpg\",\"width\":2000,\"height\":800},{\"@type\":\"BreadcrumbList\",\"@id\":\"https:\/\/mhcalculos.com.br\/noticias\/area\/trabalhista\/tst-suspensa-resolucao-do-trt-4-rs-sobre-convocacao-de-juizes.html#breadcrumb\",\"itemListElement\":[{\"@type\":\"ListItem\",\"position\":1,\"name\":\"In\u00edcio\",\"item\":\"https:\/\/mhcalculos.com.br\/noticias\/\"},{\"@type\":\"ListItem\",\"position\":2,\"name\":\"TST: Suspensa resolu\u00e7\u00e3o do TRT- 4 (RS) sobre convoca\u00e7\u00e3o de ju\u00edzes\"}]},{\"@type\":\"WebSite\",\"@id\":\"https:\/\/mhcalculos.com.br\/noticias\/#website\",\"url\":\"https:\/\/mhcalculos.com.br\/noticias\/\",\"name\":\"Portal de Not\u00edcias\",\"description\":\"Not\u00edcias e Jurisprud\u00eancia\",\"potentialAction\":[{\"@type\":\"SearchAction\",\"target\":{\"@type\":\"EntryPoint\",\"urlTemplate\":\"https:\/\/mhcalculos.com.br\/noticias\/?s={search_term_string}\"},\"query-input\":{\"@type\":\"PropertyValueSpecification\",\"valueRequired\":true,\"valueName\":\"search_term_string\"}}],\"inLanguage\":\"pt-BR\"},{\"@type\":\"Person\",\"@id\":\"https:\/\/mhcalculos.com.br\/noticias\/#\/schema\/person\/88d1c34bf72dc779ea14a5a6b8e0ae8d\",\"name\":\"Equipe MH\",\"image\":{\"@type\":\"ImageObject\",\"inLanguage\":\"pt-BR\",\"@id\":\"https:\/\/secure.gravatar.com\/avatar\/de1c686c2ecc9c5a3f327e3431d819eb39f8f05d4e1045f5a1caad6daaba987f?s=96&d=mm&r=g\",\"url\":\"https:\/\/secure.gravatar.com\/avatar\/de1c686c2ecc9c5a3f327e3431d819eb39f8f05d4e1045f5a1caad6daaba987f?s=96&d=mm&r=g\",\"contentUrl\":\"https:\/\/secure.gravatar.com\/avatar\/de1c686c2ecc9c5a3f327e3431d819eb39f8f05d4e1045f5a1caad6daaba987f?s=96&d=mm&r=g\",\"caption\":\"Equipe MH\"}}]}<\/script>\n<!-- \/ Yoast SEO plugin. -->","yoast_head_json":{"title":"TST: Suspensa resolu\u00e7\u00e3o do TRT- 4 (RS) sobre convoca\u00e7\u00e3o de ju\u00edzes | Portal de Not\u00edcias","robots":{"index":"index","follow":"follow","max-snippet":"max-snippet:-1","max-image-preview":"max-image-preview:large","max-video-preview":"max-video-preview:-1"},"canonical":"https:\/\/mhcalculos.com.br\/noticias\/area\/trabalhista\/tst-suspensa-resolucao-do-trt-4-rs-sobre-convocacao-de-juizes.html","og_locale":"pt_BR","og_type":"article","og_title":"TST: Suspensa resolu\u00e7\u00e3o do TRT- 4 (RS) sobre convoca\u00e7\u00e3o de ju\u00edzes | Portal de Not\u00edcias","og_description":"O exame preliminar da norma n\u00e3o demonstrou a observ\u00e2ncia dos crit\u00e9rios estabelecidos pelo CNJ para a sua edi\u00e7\u00e3o. Fachada lateral do pr\u00e9dio do TST, com letreiros do TST e do CSJT. 24\/07\/20 &#8211; O corregedor-geral da Justi\u00e7a do Trabalho, ministro Aloysio Corr\u00eaa da Veiga, determinou, na quarta-feira (22), a suspens\u00e3o imediata da Resolu\u00e7\u00e3o Administrativa 14\/2020 [&hellip;]","og_url":"https:\/\/mhcalculos.com.br\/noticias\/area\/trabalhista\/tst-suspensa-resolucao-do-trt-4-rs-sobre-convocacao-de-juizes.html","og_site_name":"Portal de Not\u00edcias","article_published_time":"2020-07-25T01:27:00+00:00","article_modified_time":"2021-07-28T17:29:21+00:00","og_image":[{"width":2000,"height":800,"url":"https:\/\/mhcalculos.com.br\/noticias\/wp-content\/uploads\/sites\/2\/2018\/06\/trabalhista-0043.jpg","type":"image\/jpeg"}],"author":"Equipe MH","twitter_card":"summary_large_image","twitter_misc":{"Escrito por":"Equipe MH","Est. tempo de leitura":"2 minutos"},"schema":{"@context":"https:\/\/schema.org","@graph":[{"@type":"Article","@id":"https:\/\/mhcalculos.com.br\/noticias\/area\/trabalhista\/tst-suspensa-resolucao-do-trt-4-rs-sobre-convocacao-de-juizes.html#article","isPartOf":{"@id":"https:\/\/mhcalculos.com.br\/noticias\/area\/trabalhista\/tst-suspensa-resolucao-do-trt-4-rs-sobre-convocacao-de-juizes.html"},"author":{"name":"Equipe MH","@id":"https:\/\/mhcalculos.com.br\/noticias\/#\/schema\/person\/88d1c34bf72dc779ea14a5a6b8e0ae8d"},"headline":"TST: Suspensa resolu\u00e7\u00e3o do TRT- 4 (RS) sobre convoca\u00e7\u00e3o de ju\u00edzes","datePublished":"2020-07-25T01:27:00+00:00","dateModified":"2021-07-28T17:29:21+00:00","mainEntityOfPage":{"@id":"https:\/\/mhcalculos.com.br\/noticias\/area\/trabalhista\/tst-suspensa-resolucao-do-trt-4-rs-sobre-convocacao-de-juizes.html"},"wordCount":426,"commentCount":0,"image":{"@id":"https:\/\/mhcalculos.com.br\/noticias\/area\/trabalhista\/tst-suspensa-resolucao-do-trt-4-rs-sobre-convocacao-de-juizes.html#primaryimage"},"thumbnailUrl":"https:\/\/mhcalculos.com.br\/noticias\/wp-content\/uploads\/sites\/2\/2018\/06\/trabalhista-0043.jpg","keywords":["c\u00e1lculos trabalhistas","direito trabalhista","per\u00edcia","perito","trabalho","TST"],"articleSection":["Direito Trabalhista","TST"],"inLanguage":"pt-BR","potentialAction":[{"@type":"CommentAction","name":"Comment","target":["https:\/\/mhcalculos.com.br\/noticias\/area\/trabalhista\/tst-suspensa-resolucao-do-trt-4-rs-sobre-convocacao-de-juizes.html#respond"]}]},{"@type":"WebPage","@id":"https:\/\/mhcalculos.com.br\/noticias\/area\/trabalhista\/tst-suspensa-resolucao-do-trt-4-rs-sobre-convocacao-de-juizes.html","url":"https:\/\/mhcalculos.com.br\/noticias\/area\/trabalhista\/tst-suspensa-resolucao-do-trt-4-rs-sobre-convocacao-de-juizes.html","name":"TST: Suspensa resolu\u00e7\u00e3o do TRT- 4 (RS) sobre convoca\u00e7\u00e3o de ju\u00edzes | Portal de Not\u00edcias","isPartOf":{"@id":"https:\/\/mhcalculos.com.br\/noticias\/#website"},"primaryImageOfPage":{"@id":"https:\/\/mhcalculos.com.br\/noticias\/area\/trabalhista\/tst-suspensa-resolucao-do-trt-4-rs-sobre-convocacao-de-juizes.html#primaryimage"},"image":{"@id":"https:\/\/mhcalculos.com.br\/noticias\/area\/trabalhista\/tst-suspensa-resolucao-do-trt-4-rs-sobre-convocacao-de-juizes.html#primaryimage"},"thumbnailUrl":"https:\/\/mhcalculos.com.br\/noticias\/wp-content\/uploads\/sites\/2\/2018\/06\/trabalhista-0043.jpg","datePublished":"2020-07-25T01:27:00+00:00","dateModified":"2021-07-28T17:29:21+00:00","author":{"@id":"https:\/\/mhcalculos.com.br\/noticias\/#\/schema\/person\/88d1c34bf72dc779ea14a5a6b8e0ae8d"},"breadcrumb":{"@id":"https:\/\/mhcalculos.com.br\/noticias\/area\/trabalhista\/tst-suspensa-resolucao-do-trt-4-rs-sobre-convocacao-de-juizes.html#breadcrumb"},"inLanguage":"pt-BR","potentialAction":[{"@type":"ReadAction","target":["https:\/\/mhcalculos.com.br\/noticias\/area\/trabalhista\/tst-suspensa-resolucao-do-trt-4-rs-sobre-convocacao-de-juizes.html"]}]},{"@type":"ImageObject","inLanguage":"pt-BR","@id":"https:\/\/mhcalculos.com.br\/noticias\/area\/trabalhista\/tst-suspensa-resolucao-do-trt-4-rs-sobre-convocacao-de-juizes.html#primaryimage","url":"https:\/\/mhcalculos.com.br\/noticias\/wp-content\/uploads\/sites\/2\/2018\/06\/trabalhista-0043.jpg","contentUrl":"https:\/\/mhcalculos.com.br\/noticias\/wp-content\/uploads\/sites\/2\/2018\/06\/trabalhista-0043.jpg","width":2000,"height":800},{"@type":"BreadcrumbList","@id":"https:\/\/mhcalculos.com.br\/noticias\/area\/trabalhista\/tst-suspensa-resolucao-do-trt-4-rs-sobre-convocacao-de-juizes.html#breadcrumb","itemListElement":[{"@type":"ListItem","position":1,"name":"In\u00edcio","item":"https:\/\/mhcalculos.com.br\/noticias\/"},{"@type":"ListItem","position":2,"name":"TST: Suspensa resolu\u00e7\u00e3o do TRT- 4 (RS) sobre convoca\u00e7\u00e3o de ju\u00edzes"}]},{"@type":"WebSite","@id":"https:\/\/mhcalculos.com.br\/noticias\/#website","url":"https:\/\/mhcalculos.com.br\/noticias\/","name":"Portal de Not\u00edcias","description":"Not\u00edcias e Jurisprud\u00eancia","potentialAction":[{"@type":"SearchAction","target":{"@type":"EntryPoint","urlTemplate":"https:\/\/mhcalculos.com.br\/noticias\/?s={search_term_string}"},"query-input":{"@type":"PropertyValueSpecification","valueRequired":true,"valueName":"search_term_string"}}],"inLanguage":"pt-BR"},{"@type":"Person","@id":"https:\/\/mhcalculos.com.br\/noticias\/#\/schema\/person\/88d1c34bf72dc779ea14a5a6b8e0ae8d","name":"Equipe MH","image":{"@type":"ImageObject","inLanguage":"pt-BR","@id":"https:\/\/secure.gravatar.com\/avatar\/de1c686c2ecc9c5a3f327e3431d819eb39f8f05d4e1045f5a1caad6daaba987f?s=96&d=mm&r=g","url":"https:\/\/secure.gravatar.com\/avatar\/de1c686c2ecc9c5a3f327e3431d819eb39f8f05d4e1045f5a1caad6daaba987f?s=96&d=mm&r=g","contentUrl":"https:\/\/secure.gravatar.com\/avatar\/de1c686c2ecc9c5a3f327e3431d819eb39f8f05d4e1045f5a1caad6daaba987f?s=96&d=mm&r=g","caption":"Equipe MH"}}]}},"_links":{"self":[{"href":"https:\/\/mhcalculos.com.br\/noticias\/wp-json\/wp\/v2\/posts\/7359","targetHints":{"allow":["GET"]}}],"collection":[{"href":"https:\/\/mhcalculos.com.br\/noticias\/wp-json\/wp\/v2\/posts"}],"about":[{"href":"https:\/\/mhcalculos.com.br\/noticias\/wp-json\/wp\/v2\/types\/post"}],"author":[{"embeddable":true,"href":"https:\/\/mhcalculos.com.br\/noticias\/wp-json\/wp\/v2\/users\/3063"}],"replies":[{"embeddable":true,"href":"https:\/\/mhcalculos.com.br\/noticias\/wp-json\/wp\/v2\/comments?post=7359"}],"version-history":[{"count":1,"href":"https:\/\/mhcalculos.com.br\/noticias\/wp-json\/wp\/v2\/posts\/7359\/revisions"}],"predecessor-version":[{"id":9013,"href":"https:\/\/mhcalculos.com.br\/noticias\/wp-json\/wp\/v2\/posts\/7359\/revisions\/9013"}],"wp:featuredmedia":[{"embeddable":true,"href":"https:\/\/mhcalculos.com.br\/noticias\/wp-json\/wp\/v2\/media\/1972"}],"wp:attachment":[{"href":"https:\/\/mhcalculos.com.br\/noticias\/wp-json\/wp\/v2\/media?parent=7359"}],"wp:term":[{"taxonomy":"category","embeddable":true,"href":"https:\/\/mhcalculos.com.br\/noticias\/wp-json\/wp\/v2\/categories?post=7359"},{"taxonomy":"post_tag","embeddable":true,"href":"https:\/\/mhcalculos.com.br\/noticias\/wp-json\/wp\/v2\/tags?post=7359"}],"curies":[{"name":"wp","href":"https:\/\/api.w.org\/{rel}","templated":true}]}}