{"id":7354,"date":"2020-07-23T10:35:00","date_gmt":"2020-07-23T13:35:00","guid":{"rendered":"https:\/\/mhcalculos.com.br\/noticias\/area\/trabalhista\/tst-tribunal-divulga-calendario-de-sessoes-telepresenciais-de-agosto.html"},"modified":"2021-07-28T14:29:22","modified_gmt":"2021-07-28T17:29:22","slug":"tst-tribunal-divulga-calendario-de-sessoes-telepresenciais-de-agosto","status":"publish","type":"post","link":"https:\/\/mhcalculos.com.br\/noticias\/area\/trabalhista\/tst-tribunal-divulga-calendario-de-sessoes-telepresenciais-de-agosto.html","title":{"rendered":"TST: Tribunal&nbsp;divulga calend\u00e1rio de sess\u00f5es telepresenciais de agosto"},"content":{"rendered":"<p><br \/>\n<\/p>\n<p><em><\/p>\n<p>Os julgamentos por videoconfer\u00eancia t\u00eam o mesmo valor jur\u00eddico das sess\u00f5es presenciais.<\/p>\n<p><\/em><\/p>\n<p>        <a class=\"share-facebook\" href=\"https:\/\/www.facebook.com\/sharer.php?u=http:\/\/www.tst.jus.br\/-\/tst-divulga-calend%C3%A1rio-de-sess%C3%B5es-telepresenciais-de-agosto\" target=\"_blank\" rel=\"noopener noreferrer\"><\/a><br \/>\n        <a class=\"share-twitter\" href=\"http:\/\/twitter.com\/intent\/tweet?text=TST divulga calend\u00e1rio de sess\u00f5es telepresenciais de agosto%0AVeja%20mais%20em:&amp;url=http:\/\/www.tst.jus.br\/-\/tst-divulga-calend%C3%A1rio-de-sess%C3%B5es-telepresenciais-de-agosto\" target=\"_blank\" rel=\"noopener noreferrer\"><\/a><br \/>\n        <a class=\"share-linkedin\" href=\"https:\/\/www.linkedin.com\/shareArticle?mini=true&amp;url=http:\/\/www.tst.jus.br\/-\/tst-divulga-calend%C3%A1rio-de-sess%C3%B5es-telepresenciais-de-agosto&amp;title=TST divulga calend\u00e1rio de sess\u00f5es telepresenciais de agosto\" target=\"_blank\" rel=\"noopener noreferrer\"><\/a><br \/>\n        <a class=\"share-whatsapp\" href=\"https:\/\/web.whatsapp.com\/send?text=http:\/\/www.tst.jus.br\/-\/tst-divulga-calend%C3%A1rio-de-sess%C3%B5es-telepresenciais-de-agosto\" target=\"_blank\" rel=\"noopener noreferrer\"><\/a><br \/>\n        <a class=\"share-googleplus\" href=\"https:\/\/plus.google.com\/share?url=http:\/\/www.tst.jus.br\/-\/tst-divulga-calend%C3%A1rio-de-sess%C3%B5es-telepresenciais-de-agosto\" target=\"_blank\" rel=\"noopener noreferrer\"><\/a><\/p>\n<p>                <\/p>\n<p>Desenho de um notebook com a imagem do martelo da Justi\u00e7a e a legenda &#8220;Sess\u00f5es Telepresenciais&#8221;<\/p>\n<p>                    <a class=\"share-facebook\" href=\"https:\/\/www.facebook.com\/sharer.php?u=http:\/\/www.tst.jus.br\/-\/tst-divulga-calend%C3%A1rio-de-sess%C3%B5es-telepresenciais-de-agosto\" target=\"_blank\" rel=\"noopener noreferrer\"><\/a><br \/>\n                    <a class=\"share-twitter\" href=\"http:\/\/twitter.com\/intent\/tweet?text=TST divulga calend\u00e1rio de sess\u00f5es telepresenciais de agosto%0AVeja%20mais%20em:&amp;url=http:\/\/www.tst.jus.br\/-\/tst-divulga-calend%C3%A1rio-de-sess%C3%B5es-telepresenciais-de-agosto\" target=\"_blank\" rel=\"noopener noreferrer\"><\/a><br \/>\n                    <a class=\"share-linkedin\" href=\"https:\/\/www.linkedin.com\/shareArticle?mini=true&amp;url=http:\/\/www.tst.jus.br\/-\/tst-divulga-calend%C3%A1rio-de-sess%C3%B5es-telepresenciais-de-agosto&amp;title=TST divulga calend\u00e1rio de sess\u00f5es telepresenciais de agosto\" target=\"_blank\" rel=\"noopener noreferrer\"><\/a><br \/>\n                    <a class=\"share-whatsapp\" href=\"https:\/\/web.whatsapp.com\/send?text=http:\/\/www.tst.jus.br\/-\/tst-divulga-calend%C3%A1rio-de-sess%C3%B5es-telepresenciais-de-agosto\" target=\"_blank\" rel=\"noopener noreferrer\"><\/a><br \/>\n                    <a class=\"share-googleplus\" href=\"https:\/\/plus.google.com\/share?url=http:\/\/www.tst.jus.br\/-\/tst-divulga-calend%C3%A1rio-de-sess%C3%B5es-telepresenciais-de-agosto\" target=\"_blank\" rel=\"noopener noreferrer\"><\/a><\/p>\n<p>23\/07\/20 \u2013 J\u00e1 est\u00e1 dispon\u00edvel o calend\u00e1rio das sess\u00f5es telepresenciais de julgamento dos&nbsp;\u00f3rg\u00e3os judicantes do Tribunal Superior do Trabalho do m\u00eas de agosto. A abertura dos trabalhos do segundo semestre judici\u00e1rio de 2020 ser\u00e1 no dia 3\/8, \u00e0s 13h30, com sess\u00e3o do \u00d3rg\u00e3o Especial. Confira <a href=\"\/documents\/10157\/63416\/Calend%C3%A1rio+de+Sess%C3%B5es+Agosto_2020.pdf\/87f1b8f7-475a-e17f-9367-5a7c508a08f1?t=1595511828635\" target=\"\" rel=\"noopener noreferrer\">aqui <\/a>o calend\u00e1rio das sess\u00f5es de agosto.<\/p>\n<h4>Distanciamento social<\/h4>\n<p>Desde mar\u00e7o, em raz\u00e3o da pandemia do coronav\u00edrus e das recomenda\u00e7\u00f5es das autoridades sanit\u00e1rias no sentido do distanciamento social, o TST suspendeu as sess\u00f5es presenciais e passou a julgar os processos por meio do Plen\u00e1rio Virtual. No in\u00edcio de abril, a dire\u00e7\u00e3o do Tribunal autorizou os julgamentos telepresenciais, que t\u00eam valor jur\u00eddico equivalente ao das sess\u00f5es presenciais.<\/p>\n<p>As sess\u00f5es s\u00e3o transmitidas em tempo real pelo c<a href=\"https:\/\/www.youtube.com\/user\/tst\" target=\"_blank\" rel=\"noopener noreferrer\">anal do TST no YouTube<\/a> e monitoradas pela equipe de TI do TST, a fim de garantir a estabilidade da ferramenta utilizada e prestar eventual suporte t\u00e9cnico a magistrados e servidores. Os arquivos s\u00e3o gravados e armazenados.<\/p>\n<h4>P\u00e1gina de Sess\u00f5es Telepresenciais<\/h4>\n<p>Todas as informa\u00e7\u00f5es e servi\u00e7os referentes \u00e0 nova modalidade de julgamento est\u00e3o reunidos na <a href=\"http:\/\/www.tst.jus.br\/sessoes-telepresenciais\" target=\"_blank\" rel=\"noopener noreferrer\">P\u00e1gina de Sess\u00f5es Telepresenciais<\/a>. Partes, advogados, membros do Minist\u00e9rio P\u00fablico do Trabalho e demais interessados t\u00eam acesso \u00e0s pautas das sess\u00f5es, \u00e0 ordem de prefer\u00eancia, \u00e0 regulamenta\u00e7\u00e3o e a diversos tutoriais sobre como participar dos julgamentos. Tamb\u00e9m est\u00e3o reunidas no local as not\u00edcias relacionadas ao tema publicadas no Portal do TST.<\/p>\n<p>(CF)<\/p>\n<p>    $(&#8216;#lightbox-xtkd_ .slider-gallery-wrapper img&#8217;).hover(<br \/>\n    function() {<br \/>\n        const $text=$($($(this).parent()).next());<br \/>\n        $text.hasClass(&#8216;inside-description&#8217;) &amp;&amp; $text.fadeTo( &#8220;slow&#8221; , 0);<br \/>\n    }, function() {<br \/>\n        const $text=$($($(this).parent()).next());<br \/>\n        $text.hasClass(&#8216;inside-description&#8217;) &amp;&amp; $text.fadeTo( &#8220;slow&#8221; , 1);<br \/>\n    }<br \/>\n    );<br \/>\n    $(document).ready(function() {<br \/>\n        var xtkd_autoplaying=false;<br \/>\n        var xtkd_showingLightbox=false;<br \/>\n        const xtkd_playPauseControllers=&#8221;#slider-xtkd_-playpause, #slider-xtkd_-lightbox-playpause&#8221;;<br \/>\n        $(&#8220;#slider-xtkd_&#8221;).slick({<br \/>\n            slidesToShow: 1,<br \/>\n            slidesToScroll: 1,<br \/>\n            autoplay: xtkd_autoplaying,<br \/>\n            swipeToSlide: false,<br \/>\n            centerMode: false,<br \/>\n            autoplaySpeed: 3000,<br \/>\n            focusOnSelect: true,<br \/>\n            prevArrow:<br \/>\n            &#8221;,<br \/>\n            nextArrow:<br \/>\n            &#8221;,<br \/>\n            centerPadding: &#8220;60px&#8221;,<br \/>\n            responsive: [<br \/>\n                {<br \/>\n                    breakpoint: 767.98,<br \/>\n                    settings: {<br \/>\n                        slidesToShow: 3,<br \/>\n                        adaptiveHeight: true<br \/>\n                    }<br \/>\n                }<br \/>\n            ]<br \/>\n        });<br \/>\n        $(&#8220;#slider-xtkd_&#8221;).slickLightbox({<br \/>\n            src: &#8216;src&#8217;,<br \/>\n            itemSelector: &#8216;.galery-image .multimidia-wrapper img&#8217;,<br \/>\n            caption:&#8217;caption&#8217;<br \/>\n        });<br \/>\n    });<br \/>\n<script async src=\"https:\/\/platform.twitter.com\/widgets.js\" charset=\"utf-8\"><\/script><br \/>\n<br \/><i>Com informa\u00e7\u00f5es da assessoria de imprensa do TST.<\/i><br \/>\n<br \/><a href=\"http:\/\/www.tst.jus.br\/web\/guest\/noticias?p_p_id=89Dk&#038;p_p_lifecycle=0&#038;refererPlid=10730&#038;_89Dk_groupId=10157&#038;_89Dk_articleId=26581527\">Fonte<\/a><br \/>\n<br \/><\/p>\n","protected":false},"excerpt":{"rendered":"<p>Os julgamentos por videoconfer\u00eancia t\u00eam o mesmo valor jur\u00eddico das sess\u00f5es presenciais. Desenho de um notebook com a imagem do martelo da Justi\u00e7a e a legenda &#8220;Sess\u00f5es Telepresenciais&#8221; 23\/07\/20 \u2013 J\u00e1 est\u00e1 dispon\u00edvel o calend\u00e1rio das sess\u00f5es telepresenciais de julgamento dos&nbsp;\u00f3rg\u00e3os judicantes do Tribunal Superior do Trabalho do m\u00eas de agosto. A abertura dos trabalhos [&hellip;]<\/p>\n","protected":false},"author":3063,"featured_media":7355,"comment_status":"open","ping_status":"open","sticky":false,"template":"","format":"standard","meta":{"footnotes":""},"categories":[3,21],"tags":[33,216,9,12,217,215],"class_list":{"0":"post-7354","1":"post","2":"type-post","3":"status-publish","4":"format-standard","5":"has-post-thumbnail","7":"category-trabalhista","8":"category-tst","9":"tag-calculos-trabalhistas","10":"tag-direito-trabalhista","11":"tag-pericia","12":"tag-perito","13":"tag-trabalho","14":"tag-tst"},"yoast_head":"<!-- This site is optimized with the Yoast SEO plugin v27.2 - https:\/\/yoast.com\/product\/yoast-seo-wordpress\/ -->\n<title>TST: Tribunal&nbsp;divulga calend\u00e1rio de sess\u00f5es telepresenciais de agosto | Portal de Not\u00edcias<\/title>\n<meta name=\"robots\" content=\"index, follow, max-snippet:-1, max-image-preview:large, max-video-preview:-1\" \/>\n<link rel=\"canonical\" href=\"https:\/\/mhcalculos.com.br\/noticias\/area\/trabalhista\/tst-tribunal-divulga-calendario-de-sessoes-telepresenciais-de-agosto.html\" \/>\n<meta property=\"og:locale\" content=\"pt_BR\" \/>\n<meta property=\"og:type\" content=\"article\" \/>\n<meta property=\"og:title\" content=\"TST: Tribunal&nbsp;divulga calend\u00e1rio de sess\u00f5es telepresenciais de agosto | Portal de Not\u00edcias\" \/>\n<meta property=\"og:description\" content=\"Os julgamentos por videoconfer\u00eancia t\u00eam o mesmo valor jur\u00eddico das sess\u00f5es presenciais. Desenho de um notebook com a imagem do martelo da Justi\u00e7a e a legenda &#8220;Sess\u00f5es Telepresenciais&#8221; 23\/07\/20 \u2013 J\u00e1 est\u00e1 dispon\u00edvel o calend\u00e1rio das sess\u00f5es telepresenciais de julgamento dos&nbsp;\u00f3rg\u00e3os judicantes do Tribunal Superior do Trabalho do m\u00eas de agosto. A abertura dos trabalhos [&hellip;]\" \/>\n<meta property=\"og:url\" content=\"https:\/\/mhcalculos.com.br\/noticias\/area\/trabalhista\/tst-tribunal-divulga-calendario-de-sessoes-telepresenciais-de-agosto.html\" \/>\n<meta property=\"og:site_name\" content=\"Portal de Not\u00edcias\" \/>\n<meta property=\"article:published_time\" content=\"2020-07-23T13:35:00+00:00\" \/>\n<meta property=\"article:modified_time\" content=\"2021-07-28T17:29:22+00:00\" \/>\n<meta property=\"og:image\" content=\"https:\/\/mhcalculos.com.br\/noticias\/wp-content\/uploads\/sites\/2\/2020\/07\/trabalhista-0001.jpg\" \/>\n\t<meta property=\"og:image:width\" content=\"2000\" \/>\n\t<meta property=\"og:image:height\" content=\"800\" \/>\n\t<meta property=\"og:image:type\" content=\"image\/jpeg\" \/>\n<meta name=\"author\" content=\"Equipe MH\" \/>\n<meta name=\"twitter:card\" content=\"summary_large_image\" \/>\n<meta name=\"twitter:label1\" content=\"Escrito por\" \/>\n\t<meta name=\"twitter:data1\" content=\"Equipe MH\" \/>\n\t<meta name=\"twitter:label2\" content=\"Est. tempo de leitura\" \/>\n\t<meta name=\"twitter:data2\" content=\"2 minutos\" \/>\n<script type=\"application\/ld+json\" class=\"yoast-schema-graph\">{\"@context\":\"https:\/\/schema.org\",\"@graph\":[{\"@type\":\"Article\",\"@id\":\"https:\/\/mhcalculos.com.br\/noticias\/area\/trabalhista\/tst-tribunal-divulga-calendario-de-sessoes-telepresenciais-de-agosto.html#article\",\"isPartOf\":{\"@id\":\"https:\/\/mhcalculos.com.br\/noticias\/area\/trabalhista\/tst-tribunal-divulga-calendario-de-sessoes-telepresenciais-de-agosto.html\"},\"author\":{\"name\":\"Equipe MH\",\"@id\":\"https:\/\/mhcalculos.com.br\/noticias\/#\/schema\/person\/88d1c34bf72dc779ea14a5a6b8e0ae8d\"},\"headline\":\"TST: Tribunal&nbsp;divulga calend\u00e1rio de sess\u00f5es telepresenciais de agosto\",\"datePublished\":\"2020-07-23T13:35:00+00:00\",\"dateModified\":\"2021-07-28T17:29:22+00:00\",\"mainEntityOfPage\":{\"@id\":\"https:\/\/mhcalculos.com.br\/noticias\/area\/trabalhista\/tst-tribunal-divulga-calendario-de-sessoes-telepresenciais-de-agosto.html\"},\"wordCount\":405,\"commentCount\":0,\"image\":{\"@id\":\"https:\/\/mhcalculos.com.br\/noticias\/area\/trabalhista\/tst-tribunal-divulga-calendario-de-sessoes-telepresenciais-de-agosto.html#primaryimage\"},\"thumbnailUrl\":\"https:\/\/mhcalculos.com.br\/noticias\/wp-content\/uploads\/sites\/2\/2020\/07\/trabalhista-0001.jpg\",\"keywords\":[\"c\u00e1lculos trabalhistas\",\"direito trabalhista\",\"per\u00edcia\",\"perito\",\"trabalho\",\"TST\"],\"articleSection\":[\"Direito Trabalhista\",\"TST\"],\"inLanguage\":\"pt-BR\",\"potentialAction\":[{\"@type\":\"CommentAction\",\"name\":\"Comment\",\"target\":[\"https:\/\/mhcalculos.com.br\/noticias\/area\/trabalhista\/tst-tribunal-divulga-calendario-de-sessoes-telepresenciais-de-agosto.html#respond\"]}]},{\"@type\":\"WebPage\",\"@id\":\"https:\/\/mhcalculos.com.br\/noticias\/area\/trabalhista\/tst-tribunal-divulga-calendario-de-sessoes-telepresenciais-de-agosto.html\",\"url\":\"https:\/\/mhcalculos.com.br\/noticias\/area\/trabalhista\/tst-tribunal-divulga-calendario-de-sessoes-telepresenciais-de-agosto.html\",\"name\":\"TST: Tribunal&nbsp;divulga calend\u00e1rio de sess\u00f5es telepresenciais de agosto | Portal de Not\u00edcias\",\"isPartOf\":{\"@id\":\"https:\/\/mhcalculos.com.br\/noticias\/#website\"},\"primaryImageOfPage\":{\"@id\":\"https:\/\/mhcalculos.com.br\/noticias\/area\/trabalhista\/tst-tribunal-divulga-calendario-de-sessoes-telepresenciais-de-agosto.html#primaryimage\"},\"image\":{\"@id\":\"https:\/\/mhcalculos.com.br\/noticias\/area\/trabalhista\/tst-tribunal-divulga-calendario-de-sessoes-telepresenciais-de-agosto.html#primaryimage\"},\"thumbnailUrl\":\"https:\/\/mhcalculos.com.br\/noticias\/wp-content\/uploads\/sites\/2\/2020\/07\/trabalhista-0001.jpg\",\"datePublished\":\"2020-07-23T13:35:00+00:00\",\"dateModified\":\"2021-07-28T17:29:22+00:00\",\"author\":{\"@id\":\"https:\/\/mhcalculos.com.br\/noticias\/#\/schema\/person\/88d1c34bf72dc779ea14a5a6b8e0ae8d\"},\"breadcrumb\":{\"@id\":\"https:\/\/mhcalculos.com.br\/noticias\/area\/trabalhista\/tst-tribunal-divulga-calendario-de-sessoes-telepresenciais-de-agosto.html#breadcrumb\"},\"inLanguage\":\"pt-BR\",\"potentialAction\":[{\"@type\":\"ReadAction\",\"target\":[\"https:\/\/mhcalculos.com.br\/noticias\/area\/trabalhista\/tst-tribunal-divulga-calendario-de-sessoes-telepresenciais-de-agosto.html\"]}]},{\"@type\":\"ImageObject\",\"inLanguage\":\"pt-BR\",\"@id\":\"https:\/\/mhcalculos.com.br\/noticias\/area\/trabalhista\/tst-tribunal-divulga-calendario-de-sessoes-telepresenciais-de-agosto.html#primaryimage\",\"url\":\"https:\/\/mhcalculos.com.br\/noticias\/wp-content\/uploads\/sites\/2\/2020\/07\/trabalhista-0001.jpg\",\"contentUrl\":\"https:\/\/mhcalculos.com.br\/noticias\/wp-content\/uploads\/sites\/2\/2020\/07\/trabalhista-0001.jpg\",\"width\":2000,\"height\":800},{\"@type\":\"BreadcrumbList\",\"@id\":\"https:\/\/mhcalculos.com.br\/noticias\/area\/trabalhista\/tst-tribunal-divulga-calendario-de-sessoes-telepresenciais-de-agosto.html#breadcrumb\",\"itemListElement\":[{\"@type\":\"ListItem\",\"position\":1,\"name\":\"In\u00edcio\",\"item\":\"https:\/\/mhcalculos.com.br\/noticias\/\"},{\"@type\":\"ListItem\",\"position\":2,\"name\":\"TST: Tribunal&nbsp;divulga calend\u00e1rio de sess\u00f5es telepresenciais de agosto\"}]},{\"@type\":\"WebSite\",\"@id\":\"https:\/\/mhcalculos.com.br\/noticias\/#website\",\"url\":\"https:\/\/mhcalculos.com.br\/noticias\/\",\"name\":\"Portal de Not\u00edcias\",\"description\":\"Not\u00edcias e Jurisprud\u00eancia\",\"potentialAction\":[{\"@type\":\"SearchAction\",\"target\":{\"@type\":\"EntryPoint\",\"urlTemplate\":\"https:\/\/mhcalculos.com.br\/noticias\/?s={search_term_string}\"},\"query-input\":{\"@type\":\"PropertyValueSpecification\",\"valueRequired\":true,\"valueName\":\"search_term_string\"}}],\"inLanguage\":\"pt-BR\"},{\"@type\":\"Person\",\"@id\":\"https:\/\/mhcalculos.com.br\/noticias\/#\/schema\/person\/88d1c34bf72dc779ea14a5a6b8e0ae8d\",\"name\":\"Equipe MH\",\"image\":{\"@type\":\"ImageObject\",\"inLanguage\":\"pt-BR\",\"@id\":\"https:\/\/secure.gravatar.com\/avatar\/de1c686c2ecc9c5a3f327e3431d819eb39f8f05d4e1045f5a1caad6daaba987f?s=96&d=mm&r=g\",\"url\":\"https:\/\/secure.gravatar.com\/avatar\/de1c686c2ecc9c5a3f327e3431d819eb39f8f05d4e1045f5a1caad6daaba987f?s=96&d=mm&r=g\",\"contentUrl\":\"https:\/\/secure.gravatar.com\/avatar\/de1c686c2ecc9c5a3f327e3431d819eb39f8f05d4e1045f5a1caad6daaba987f?s=96&d=mm&r=g\",\"caption\":\"Equipe MH\"}}]}<\/script>\n<!-- \/ Yoast SEO plugin. -->","yoast_head_json":{"title":"TST: Tribunal&nbsp;divulga calend\u00e1rio de sess\u00f5es telepresenciais de agosto | Portal de Not\u00edcias","robots":{"index":"index","follow":"follow","max-snippet":"max-snippet:-1","max-image-preview":"max-image-preview:large","max-video-preview":"max-video-preview:-1"},"canonical":"https:\/\/mhcalculos.com.br\/noticias\/area\/trabalhista\/tst-tribunal-divulga-calendario-de-sessoes-telepresenciais-de-agosto.html","og_locale":"pt_BR","og_type":"article","og_title":"TST: Tribunal&nbsp;divulga calend\u00e1rio de sess\u00f5es telepresenciais de agosto | Portal de Not\u00edcias","og_description":"Os julgamentos por videoconfer\u00eancia t\u00eam o mesmo valor jur\u00eddico das sess\u00f5es presenciais. Desenho de um notebook com a imagem do martelo da Justi\u00e7a e a legenda &#8220;Sess\u00f5es Telepresenciais&#8221; 23\/07\/20 \u2013 J\u00e1 est\u00e1 dispon\u00edvel o calend\u00e1rio das sess\u00f5es telepresenciais de julgamento dos&nbsp;\u00f3rg\u00e3os judicantes do Tribunal Superior do Trabalho do m\u00eas de agosto. A abertura dos trabalhos [&hellip;]","og_url":"https:\/\/mhcalculos.com.br\/noticias\/area\/trabalhista\/tst-tribunal-divulga-calendario-de-sessoes-telepresenciais-de-agosto.html","og_site_name":"Portal de Not\u00edcias","article_published_time":"2020-07-23T13:35:00+00:00","article_modified_time":"2021-07-28T17:29:22+00:00","og_image":[{"width":2000,"height":800,"url":"https:\/\/mhcalculos.com.br\/noticias\/wp-content\/uploads\/sites\/2\/2020\/07\/trabalhista-0001.jpg","type":"image\/jpeg"}],"author":"Equipe MH","twitter_card":"summary_large_image","twitter_misc":{"Escrito por":"Equipe MH","Est. tempo de leitura":"2 minutos"},"schema":{"@context":"https:\/\/schema.org","@graph":[{"@type":"Article","@id":"https:\/\/mhcalculos.com.br\/noticias\/area\/trabalhista\/tst-tribunal-divulga-calendario-de-sessoes-telepresenciais-de-agosto.html#article","isPartOf":{"@id":"https:\/\/mhcalculos.com.br\/noticias\/area\/trabalhista\/tst-tribunal-divulga-calendario-de-sessoes-telepresenciais-de-agosto.html"},"author":{"name":"Equipe MH","@id":"https:\/\/mhcalculos.com.br\/noticias\/#\/schema\/person\/88d1c34bf72dc779ea14a5a6b8e0ae8d"},"headline":"TST: Tribunal&nbsp;divulga calend\u00e1rio de sess\u00f5es telepresenciais de agosto","datePublished":"2020-07-23T13:35:00+00:00","dateModified":"2021-07-28T17:29:22+00:00","mainEntityOfPage":{"@id":"https:\/\/mhcalculos.com.br\/noticias\/area\/trabalhista\/tst-tribunal-divulga-calendario-de-sessoes-telepresenciais-de-agosto.html"},"wordCount":405,"commentCount":0,"image":{"@id":"https:\/\/mhcalculos.com.br\/noticias\/area\/trabalhista\/tst-tribunal-divulga-calendario-de-sessoes-telepresenciais-de-agosto.html#primaryimage"},"thumbnailUrl":"https:\/\/mhcalculos.com.br\/noticias\/wp-content\/uploads\/sites\/2\/2020\/07\/trabalhista-0001.jpg","keywords":["c\u00e1lculos trabalhistas","direito trabalhista","per\u00edcia","perito","trabalho","TST"],"articleSection":["Direito Trabalhista","TST"],"inLanguage":"pt-BR","potentialAction":[{"@type":"CommentAction","name":"Comment","target":["https:\/\/mhcalculos.com.br\/noticias\/area\/trabalhista\/tst-tribunal-divulga-calendario-de-sessoes-telepresenciais-de-agosto.html#respond"]}]},{"@type":"WebPage","@id":"https:\/\/mhcalculos.com.br\/noticias\/area\/trabalhista\/tst-tribunal-divulga-calendario-de-sessoes-telepresenciais-de-agosto.html","url":"https:\/\/mhcalculos.com.br\/noticias\/area\/trabalhista\/tst-tribunal-divulga-calendario-de-sessoes-telepresenciais-de-agosto.html","name":"TST: Tribunal&nbsp;divulga calend\u00e1rio de sess\u00f5es telepresenciais de agosto | Portal de Not\u00edcias","isPartOf":{"@id":"https:\/\/mhcalculos.com.br\/noticias\/#website"},"primaryImageOfPage":{"@id":"https:\/\/mhcalculos.com.br\/noticias\/area\/trabalhista\/tst-tribunal-divulga-calendario-de-sessoes-telepresenciais-de-agosto.html#primaryimage"},"image":{"@id":"https:\/\/mhcalculos.com.br\/noticias\/area\/trabalhista\/tst-tribunal-divulga-calendario-de-sessoes-telepresenciais-de-agosto.html#primaryimage"},"thumbnailUrl":"https:\/\/mhcalculos.com.br\/noticias\/wp-content\/uploads\/sites\/2\/2020\/07\/trabalhista-0001.jpg","datePublished":"2020-07-23T13:35:00+00:00","dateModified":"2021-07-28T17:29:22+00:00","author":{"@id":"https:\/\/mhcalculos.com.br\/noticias\/#\/schema\/person\/88d1c34bf72dc779ea14a5a6b8e0ae8d"},"breadcrumb":{"@id":"https:\/\/mhcalculos.com.br\/noticias\/area\/trabalhista\/tst-tribunal-divulga-calendario-de-sessoes-telepresenciais-de-agosto.html#breadcrumb"},"inLanguage":"pt-BR","potentialAction":[{"@type":"ReadAction","target":["https:\/\/mhcalculos.com.br\/noticias\/area\/trabalhista\/tst-tribunal-divulga-calendario-de-sessoes-telepresenciais-de-agosto.html"]}]},{"@type":"ImageObject","inLanguage":"pt-BR","@id":"https:\/\/mhcalculos.com.br\/noticias\/area\/trabalhista\/tst-tribunal-divulga-calendario-de-sessoes-telepresenciais-de-agosto.html#primaryimage","url":"https:\/\/mhcalculos.com.br\/noticias\/wp-content\/uploads\/sites\/2\/2020\/07\/trabalhista-0001.jpg","contentUrl":"https:\/\/mhcalculos.com.br\/noticias\/wp-content\/uploads\/sites\/2\/2020\/07\/trabalhista-0001.jpg","width":2000,"height":800},{"@type":"BreadcrumbList","@id":"https:\/\/mhcalculos.com.br\/noticias\/area\/trabalhista\/tst-tribunal-divulga-calendario-de-sessoes-telepresenciais-de-agosto.html#breadcrumb","itemListElement":[{"@type":"ListItem","position":1,"name":"In\u00edcio","item":"https:\/\/mhcalculos.com.br\/noticias\/"},{"@type":"ListItem","position":2,"name":"TST: Tribunal&nbsp;divulga calend\u00e1rio de sess\u00f5es telepresenciais de agosto"}]},{"@type":"WebSite","@id":"https:\/\/mhcalculos.com.br\/noticias\/#website","url":"https:\/\/mhcalculos.com.br\/noticias\/","name":"Portal de Not\u00edcias","description":"Not\u00edcias e Jurisprud\u00eancia","potentialAction":[{"@type":"SearchAction","target":{"@type":"EntryPoint","urlTemplate":"https:\/\/mhcalculos.com.br\/noticias\/?s={search_term_string}"},"query-input":{"@type":"PropertyValueSpecification","valueRequired":true,"valueName":"search_term_string"}}],"inLanguage":"pt-BR"},{"@type":"Person","@id":"https:\/\/mhcalculos.com.br\/noticias\/#\/schema\/person\/88d1c34bf72dc779ea14a5a6b8e0ae8d","name":"Equipe MH","image":{"@type":"ImageObject","inLanguage":"pt-BR","@id":"https:\/\/secure.gravatar.com\/avatar\/de1c686c2ecc9c5a3f327e3431d819eb39f8f05d4e1045f5a1caad6daaba987f?s=96&d=mm&r=g","url":"https:\/\/secure.gravatar.com\/avatar\/de1c686c2ecc9c5a3f327e3431d819eb39f8f05d4e1045f5a1caad6daaba987f?s=96&d=mm&r=g","contentUrl":"https:\/\/secure.gravatar.com\/avatar\/de1c686c2ecc9c5a3f327e3431d819eb39f8f05d4e1045f5a1caad6daaba987f?s=96&d=mm&r=g","caption":"Equipe MH"}}]}},"_links":{"self":[{"href":"https:\/\/mhcalculos.com.br\/noticias\/wp-json\/wp\/v2\/posts\/7354","targetHints":{"allow":["GET"]}}],"collection":[{"href":"https:\/\/mhcalculos.com.br\/noticias\/wp-json\/wp\/v2\/posts"}],"about":[{"href":"https:\/\/mhcalculos.com.br\/noticias\/wp-json\/wp\/v2\/types\/post"}],"author":[{"embeddable":true,"href":"https:\/\/mhcalculos.com.br\/noticias\/wp-json\/wp\/v2\/users\/3063"}],"replies":[{"embeddable":true,"href":"https:\/\/mhcalculos.com.br\/noticias\/wp-json\/wp\/v2\/comments?post=7354"}],"version-history":[{"count":1,"href":"https:\/\/mhcalculos.com.br\/noticias\/wp-json\/wp\/v2\/posts\/7354\/revisions"}],"predecessor-version":[{"id":9018,"href":"https:\/\/mhcalculos.com.br\/noticias\/wp-json\/wp\/v2\/posts\/7354\/revisions\/9018"}],"wp:featuredmedia":[{"embeddable":true,"href":"https:\/\/mhcalculos.com.br\/noticias\/wp-json\/wp\/v2\/media\/7355"}],"wp:attachment":[{"href":"https:\/\/mhcalculos.com.br\/noticias\/wp-json\/wp\/v2\/media?parent=7354"}],"wp:term":[{"taxonomy":"category","embeddable":true,"href":"https:\/\/mhcalculos.com.br\/noticias\/wp-json\/wp\/v2\/categories?post=7354"},{"taxonomy":"post_tag","embeddable":true,"href":"https:\/\/mhcalculos.com.br\/noticias\/wp-json\/wp\/v2\/tags?post=7354"}],"curies":[{"name":"wp","href":"https:\/\/api.w.org\/{rel}","templated":true}]}}