{"id":7353,"date":"2020-07-22T11:50:00","date_gmt":"2020-07-22T14:50:00","guid":{"rendered":"https:\/\/mhcalculos.com.br\/noticias\/area\/trabalhista\/tst-auxiliar-de-servicos-nao-consegue-indenizacao-apos-acordo-de-quitacao-ampla-de-contrato-de-trabalho.html"},"modified":"2021-07-28T14:29:23","modified_gmt":"2021-07-28T17:29:23","slug":"tst-auxiliar-de-servicos-nao-consegue-indenizacao-apos-acordo-de-quitacao-ampla-de-contrato-de-trabalho","status":"publish","type":"post","link":"https:\/\/mhcalculos.com.br\/noticias\/area\/trabalhista\/tst-auxiliar-de-servicos-nao-consegue-indenizacao-apos-acordo-de-quitacao-ampla-de-contrato-de-trabalho.html","title":{"rendered":"TST: Auxiliar de servi\u00e7os n\u00e3o consegue indeniza\u00e7\u00e3o ap\u00f3s acordo de quita\u00e7\u00e3o ampla de contrato de trabalho"},"content":{"rendered":"<p><br \/>\n<\/p>\n<p><em><\/p>\n<p>O acordo tamb\u00e9m alcan\u00e7a parcelas indenizat\u00f3rias decorrentes de doen\u00e7a ocupacional.<\/p>\n<p><\/em><\/p>\n<p>        <a class=\"share-facebook\" href=\"https:\/\/www.facebook.com\/sharer.php?u=http:\/\/www.tst.jus.br\/-\/auxiliar-de-servi%C3%A7os-n%C3%A3o-consegue-indeniza%C3%A7%C3%A3o-ap%C3%B3s-acordo-de-quita%C3%A7%C3%A3o-ampla-de-contrato-de-trabalho\" target=\"_blank\" rel=\"noopener noreferrer\"><\/a><br \/>\n        <a class=\"share-twitter\" href=\"http:\/\/twitter.com\/intent\/tweet?text=Auxiliar de servi\u00e7os n\u00e3o consegue indeniza\u00e7\u00e3o ap\u00f3s acordo de quita\u00e7\u00e3o ampla de contrato de trabalho%0AVeja%20mais%20em:&amp;url=http:\/\/www.tst.jus.br\/-\/auxiliar-de-servi%C3%A7os-n%C3%A3o-consegue-indeniza%C3%A7%C3%A3o-ap%C3%B3s-acordo-de-quita%C3%A7%C3%A3o-ampla-de-contrato-de-trabalho\" target=\"_blank\" rel=\"noopener noreferrer\"><\/a><br \/>\n        <a class=\"share-linkedin\" href=\"https:\/\/www.linkedin.com\/shareArticle?mini=true&amp;url=http:\/\/www.tst.jus.br\/-\/auxiliar-de-servi%C3%A7os-n%C3%A3o-consegue-indeniza%C3%A7%C3%A3o-ap%C3%B3s-acordo-de-quita%C3%A7%C3%A3o-ampla-de-contrato-de-trabalho&amp;title=Auxiliar de servi\u00e7os n\u00e3o consegue indeniza\u00e7\u00e3o ap\u00f3s acordo de quita\u00e7\u00e3o ampla de contrato de trabalho\" target=\"_blank\" rel=\"noopener noreferrer\"><\/a><br \/>\n        <a class=\"share-whatsapp\" href=\"https:\/\/web.whatsapp.com\/send?text=http:\/\/www.tst.jus.br\/-\/auxiliar-de-servi%C3%A7os-n%C3%A3o-consegue-indeniza%C3%A7%C3%A3o-ap%C3%B3s-acordo-de-quita%C3%A7%C3%A3o-ampla-de-contrato-de-trabalho\" target=\"_blank\" rel=\"noopener noreferrer\"><\/a><br \/>\n        <a class=\"share-googleplus\" href=\"https:\/\/plus.google.com\/share?url=http:\/\/www.tst.jus.br\/-\/auxiliar-de-servi%C3%A7os-n%C3%A3o-consegue-indeniza%C3%A7%C3%A3o-ap%C3%B3s-acordo-de-quita%C3%A7%C3%A3o-ampla-de-contrato-de-trabalho\" target=\"_blank\" rel=\"noopener noreferrer\"><\/a><\/p>\n<p>22\/07\/20 &#8211;&nbsp;A S\u00e9tima Turma do Tribunal Superior do Trabalho extinguiu o processo ajuizado por uma auxiliar de servi\u00e7os de Canoas (PR) que pleiteava indeniza\u00e7\u00e3o por danos morais por doen\u00e7a ocupacional. Ocorre que a empregada havia, em processo anterior, celebrado acordo de plena e ampla quita\u00e7\u00e3o, o que inviabiliza o novo pedido de indeniza\u00e7\u00e3o.<\/p>\n<h4>Doen\u00e7a ocupacional<\/h4>\n<p>Na reclama\u00e7\u00e3o trabalhista, a auxiliar de servi\u00e7os gerais, contratada pela Daily Solutions para prestar servi\u00e7os \u00e0 R A Catering e ao Restaurante Vienna, que oferecem refei\u00e7\u00f5es a passageiros de voos em Porto Alegre (RS), disse que tinha adquirido doen\u00e7a profissional em decorr\u00eancia das atividades desenvolvidas e pediu o pagamento de pens\u00e3o vital\u00edcia e de indeniza\u00e7\u00e3o por danos morais. A Daily Solutions, contudo, apresentou ata de audi\u00eancia de concilia\u00e7\u00e3o anterior em que foi realizado acordo entre as partes com ampla quita\u00e7\u00e3o do contrato de trabalho.<\/p>\n<h4>Coisa julgada<\/h4>\n<p>O ju\u00edzo da 30\u00aa Vara do Trabalho de Porto Alegre (RS) deferiu o pedido de indeniza\u00e7\u00e3o, e o Tribunal Regional do Trabalho da 4\u00aa Regi\u00e3o (RS) manteve a senten\u00e7a, por entender que a quita\u00e7\u00e3o do contrato de trabalho em acordo judicial anterior, ainda que sem ressalva, n\u00e3o afasta a possibilidade de nova a\u00e7\u00e3o, no caso de&nbsp;indeniza\u00e7\u00e3o&nbsp;por&nbsp;doen\u00e7a de trabalho.<\/p>\n<p>O relator do recurso de revista da Meal, ministro Cl\u00e1udio Brand\u00e3o, explicou que a situa\u00e7\u00e3o se enquadra no disposto na Orienta\u00e7\u00e3o Jurisprudencial 132 da Subse\u00e7\u00e3o II Especializada em Diss\u00eddios Individuais (SDI-2) do TST. &nbsp;De acordo com OJ, o acordo homologado judicialmente em que o empregado d\u00e1 plena e ampla quita\u00e7\u00e3o, sem qualquer ressalva, alcan\u00e7a n\u00e3o s\u00f3 o objeto da reclama\u00e7\u00e3o trabalhista, mas todas as demais parcelas referentes ao extinto contrato de trabalho. A propositura de nova reclama\u00e7\u00e3o, assim, viola a coisa julgada.<\/p>\n<p>A decis\u00e3o foi un\u00e2nime.<\/p>\n<p>(VC\/CF)<\/p>\n<p>Processo: RR-<a href=\"http:\/\/aplicacao4.tst.jus.br\/consultaProcessual\/consultaTstNumUnica.do?consulta=Consultar&amp;conscsjt=&amp;numeroTst=20812&amp;digitoTst=49&amp;anoTst=2014&amp;orgaoTst=5&amp;tribunalTst=04&amp;varaTst=0030&amp;submit=Consultar\" target=\"_blank\" rel=\"noopener noreferrer\">20812-49.2014.5.04.0030<\/a><\/p>\n<p>O TST possui oito Turmas, cada uma composta de tr\u00eas ministros, com a atribui\u00e7\u00e3o de analisar recursos de revista, agravos, agravos de instrumento, agravos regimentais e recursos ordin\u00e1rios em a\u00e7\u00e3o cautelar. Das decis\u00f5es das Turmas, a parte ainda pode, em alguns casos, recorrer \u00e0 Subse\u00e7\u00e3o I Especializada em Diss\u00eddios Individuais (SBDI-1).<\/p>\n<p>Esta mat\u00e9ria tem cunho meramente informativo.&nbsp;<br \/>\nPermitida a reprodu\u00e7\u00e3o mediante cita\u00e7\u00e3o da fonte.&nbsp;<br \/>\nSecretaria de Comunica\u00e7\u00e3o Social<br \/>\n<a href=\"http:\/\/www.tst.jus.br\" target=\"_blank\" rel=\"noopener noreferrer\">Tribunal Superior do Trabalho<\/a><br \/>\nTel. (61) 3043-4907 &nbsp; &nbsp; &nbsp; &nbsp;<br \/>\n<a href=\"mailto:secom@tst.jus.br\" target=\"_blank\" rel=\"noopener noreferrer\">secom@tst.jus.br<\/a><\/p>\n<p>    $(&#8216;#lightbox-bpzf_ .slider-gallery-wrapper img&#8217;).hover(<br \/>\n    function() {<br \/>\n        const $text=$($($(this).parent()).next());<br \/>\n        $text.hasClass(&#8216;inside-description&#8217;) &amp;&amp; $text.fadeTo( &#8220;slow&#8221; , 0);<br \/>\n    }, function() {<br \/>\n        const $text=$($($(this).parent()).next());<br \/>\n        $text.hasClass(&#8216;inside-description&#8217;) &amp;&amp; $text.fadeTo( &#8220;slow&#8221; , 1);<br \/>\n    }<br \/>\n    );<br \/>\n    $(document).ready(function() {<br \/>\n        var bpzf_autoplaying=false;<br \/>\n        var bpzf_showingLightbox=false;<br \/>\n        const bpzf_playPauseControllers=&#8221;#slider-bpzf_-playpause, #slider-bpzf_-lightbox-playpause&#8221;;<br \/>\n        $(&#8220;#slider-bpzf_&#8221;).slick({<br \/>\n            slidesToShow: 1,<br \/>\n            slidesToScroll: 1,<br \/>\n            autoplay: bpzf_autoplaying,<br \/>\n            swipeToSlide: false,<br \/>\n            centerMode: false,<br \/>\n            autoplaySpeed: 3000,<br \/>\n            focusOnSelect: true,<br \/>\n            prevArrow:<br \/>\n            &#8221;,<br \/>\n            nextArrow:<br \/>\n            &#8221;,<br \/>\n            centerPadding: &#8220;60px&#8221;,<br \/>\n            responsive: [<br \/>\n                {<br \/>\n                    breakpoint: 767.98,<br \/>\n                    settings: {<br \/>\n                        slidesToShow: 3,<br \/>\n                        adaptiveHeight: true<br \/>\n                    }<br \/>\n                }<br \/>\n            ]<br \/>\n        });<br \/>\n        $(&#8220;#slider-bpzf_&#8221;).slickLightbox({<br \/>\n            src: &#8216;src&#8217;,<br \/>\n            itemSelector: &#8216;.galery-image .multimidia-wrapper img&#8217;,<br \/>\n            caption:&#8217;caption&#8217;<br \/>\n        });<br \/>\n    });<br \/>\n<script async src=\"https:\/\/platform.twitter.com\/widgets.js\" charset=\"utf-8\"><\/script><br \/>\n<br \/><i>Com informa\u00e7\u00f5es da assessoria de imprensa do TST.<\/i><br \/>\n<br \/><a href=\"http:\/\/www.tst.jus.br\/web\/guest\/noticias?p_p_id=89Dk&#038;p_p_lifecycle=0&#038;refererPlid=10730&#038;_89Dk_groupId=10157&#038;_89Dk_articleId=26579718\">Fonte<\/a><br \/>\n<br \/><\/p>\n","protected":false},"excerpt":{"rendered":"<p>O acordo tamb\u00e9m alcan\u00e7a parcelas indenizat\u00f3rias decorrentes de doen\u00e7a ocupacional. 22\/07\/20 &#8211;&nbsp;A S\u00e9tima Turma do Tribunal Superior do Trabalho extinguiu o processo ajuizado por uma auxiliar de servi\u00e7os de Canoas (PR) que pleiteava indeniza\u00e7\u00e3o por danos morais por doen\u00e7a ocupacional. Ocorre que a empregada havia, em processo anterior, celebrado acordo de plena e ampla quita\u00e7\u00e3o, [&hellip;]<\/p>\n","protected":false},"author":3063,"featured_media":2779,"comment_status":"open","ping_status":"open","sticky":false,"template":"","format":"standard","meta":{"footnotes":""},"categories":[3,21],"tags":[33,216,9,12,217,215],"class_list":{"0":"post-7353","1":"post","2":"type-post","3":"status-publish","4":"format-standard","5":"has-post-thumbnail","7":"category-trabalhista","8":"category-tst","9":"tag-calculos-trabalhistas","10":"tag-direito-trabalhista","11":"tag-pericia","12":"tag-perito","13":"tag-trabalho","14":"tag-tst"},"yoast_head":"<!-- This site is optimized with the Yoast SEO plugin v27.2 - https:\/\/yoast.com\/product\/yoast-seo-wordpress\/ -->\n<title>TST: Auxiliar de servi\u00e7os n\u00e3o consegue indeniza\u00e7\u00e3o ap\u00f3s acordo de quita\u00e7\u00e3o ampla de contrato de trabalho | Portal de Not\u00edcias<\/title>\n<meta name=\"robots\" content=\"index, follow, max-snippet:-1, max-image-preview:large, max-video-preview:-1\" \/>\n<link rel=\"canonical\" href=\"https:\/\/mhcalculos.com.br\/noticias\/area\/trabalhista\/tst-auxiliar-de-servicos-nao-consegue-indenizacao-apos-acordo-de-quitacao-ampla-de-contrato-de-trabalho.html\" \/>\n<meta property=\"og:locale\" content=\"pt_BR\" \/>\n<meta property=\"og:type\" content=\"article\" \/>\n<meta property=\"og:title\" content=\"TST: Auxiliar de servi\u00e7os n\u00e3o consegue indeniza\u00e7\u00e3o ap\u00f3s acordo de quita\u00e7\u00e3o ampla de contrato de trabalho | Portal de Not\u00edcias\" \/>\n<meta property=\"og:description\" content=\"O acordo tamb\u00e9m alcan\u00e7a parcelas indenizat\u00f3rias decorrentes de doen\u00e7a ocupacional. 22\/07\/20 &#8211;&nbsp;A S\u00e9tima Turma do Tribunal Superior do Trabalho extinguiu o processo ajuizado por uma auxiliar de servi\u00e7os de Canoas (PR) que pleiteava indeniza\u00e7\u00e3o por danos morais por doen\u00e7a ocupacional. Ocorre que a empregada havia, em processo anterior, celebrado acordo de plena e ampla quita\u00e7\u00e3o, [&hellip;]\" \/>\n<meta property=\"og:url\" content=\"https:\/\/mhcalculos.com.br\/noticias\/area\/trabalhista\/tst-auxiliar-de-servicos-nao-consegue-indenizacao-apos-acordo-de-quitacao-ampla-de-contrato-de-trabalho.html\" \/>\n<meta property=\"og:site_name\" content=\"Portal de Not\u00edcias\" \/>\n<meta property=\"article:published_time\" content=\"2020-07-22T14:50:00+00:00\" \/>\n<meta property=\"article:modified_time\" content=\"2021-07-28T17:29:23+00:00\" \/>\n<meta property=\"og:image\" content=\"https:\/\/mhcalculos.com.br\/noticias\/wp-content\/uploads\/sites\/2\/2018\/08\/judiciario-0009.jpg\" \/>\n\t<meta property=\"og:image:width\" content=\"2000\" \/>\n\t<meta property=\"og:image:height\" content=\"800\" \/>\n\t<meta property=\"og:image:type\" content=\"image\/jpeg\" \/>\n<meta name=\"author\" content=\"Equipe MH\" \/>\n<meta name=\"twitter:card\" content=\"summary_large_image\" \/>\n<meta name=\"twitter:label1\" content=\"Escrito por\" \/>\n\t<meta name=\"twitter:data1\" content=\"Equipe MH\" \/>\n\t<meta name=\"twitter:label2\" content=\"Est. tempo de leitura\" \/>\n\t<meta name=\"twitter:data2\" content=\"3 minutos\" \/>\n<script type=\"application\/ld+json\" class=\"yoast-schema-graph\">{\"@context\":\"https:\/\/schema.org\",\"@graph\":[{\"@type\":\"Article\",\"@id\":\"https:\/\/mhcalculos.com.br\/noticias\/area\/trabalhista\/tst-auxiliar-de-servicos-nao-consegue-indenizacao-apos-acordo-de-quitacao-ampla-de-contrato-de-trabalho.html#article\",\"isPartOf\":{\"@id\":\"https:\/\/mhcalculos.com.br\/noticias\/area\/trabalhista\/tst-auxiliar-de-servicos-nao-consegue-indenizacao-apos-acordo-de-quitacao-ampla-de-contrato-de-trabalho.html\"},\"author\":{\"name\":\"Equipe MH\",\"@id\":\"https:\/\/mhcalculos.com.br\/noticias\/#\/schema\/person\/88d1c34bf72dc779ea14a5a6b8e0ae8d\"},\"headline\":\"TST: Auxiliar de servi\u00e7os n\u00e3o consegue indeniza\u00e7\u00e3o ap\u00f3s acordo de quita\u00e7\u00e3o ampla de contrato de trabalho\",\"datePublished\":\"2020-07-22T14:50:00+00:00\",\"dateModified\":\"2021-07-28T17:29:23+00:00\",\"mainEntityOfPage\":{\"@id\":\"https:\/\/mhcalculos.com.br\/noticias\/area\/trabalhista\/tst-auxiliar-de-servicos-nao-consegue-indenizacao-apos-acordo-de-quitacao-ampla-de-contrato-de-trabalho.html\"},\"wordCount\":560,\"commentCount\":0,\"image\":{\"@id\":\"https:\/\/mhcalculos.com.br\/noticias\/area\/trabalhista\/tst-auxiliar-de-servicos-nao-consegue-indenizacao-apos-acordo-de-quitacao-ampla-de-contrato-de-trabalho.html#primaryimage\"},\"thumbnailUrl\":\"https:\/\/mhcalculos.com.br\/noticias\/wp-content\/uploads\/sites\/2\/2018\/08\/judiciario-0009.jpg\",\"keywords\":[\"c\u00e1lculos trabalhistas\",\"direito trabalhista\",\"per\u00edcia\",\"perito\",\"trabalho\",\"TST\"],\"articleSection\":[\"Direito Trabalhista\",\"TST\"],\"inLanguage\":\"pt-BR\",\"potentialAction\":[{\"@type\":\"CommentAction\",\"name\":\"Comment\",\"target\":[\"https:\/\/mhcalculos.com.br\/noticias\/area\/trabalhista\/tst-auxiliar-de-servicos-nao-consegue-indenizacao-apos-acordo-de-quitacao-ampla-de-contrato-de-trabalho.html#respond\"]}]},{\"@type\":\"WebPage\",\"@id\":\"https:\/\/mhcalculos.com.br\/noticias\/area\/trabalhista\/tst-auxiliar-de-servicos-nao-consegue-indenizacao-apos-acordo-de-quitacao-ampla-de-contrato-de-trabalho.html\",\"url\":\"https:\/\/mhcalculos.com.br\/noticias\/area\/trabalhista\/tst-auxiliar-de-servicos-nao-consegue-indenizacao-apos-acordo-de-quitacao-ampla-de-contrato-de-trabalho.html\",\"name\":\"TST: Auxiliar de servi\u00e7os n\u00e3o consegue indeniza\u00e7\u00e3o ap\u00f3s acordo de quita\u00e7\u00e3o ampla de contrato de trabalho | Portal de Not\u00edcias\",\"isPartOf\":{\"@id\":\"https:\/\/mhcalculos.com.br\/noticias\/#website\"},\"primaryImageOfPage\":{\"@id\":\"https:\/\/mhcalculos.com.br\/noticias\/area\/trabalhista\/tst-auxiliar-de-servicos-nao-consegue-indenizacao-apos-acordo-de-quitacao-ampla-de-contrato-de-trabalho.html#primaryimage\"},\"image\":{\"@id\":\"https:\/\/mhcalculos.com.br\/noticias\/area\/trabalhista\/tst-auxiliar-de-servicos-nao-consegue-indenizacao-apos-acordo-de-quitacao-ampla-de-contrato-de-trabalho.html#primaryimage\"},\"thumbnailUrl\":\"https:\/\/mhcalculos.com.br\/noticias\/wp-content\/uploads\/sites\/2\/2018\/08\/judiciario-0009.jpg\",\"datePublished\":\"2020-07-22T14:50:00+00:00\",\"dateModified\":\"2021-07-28T17:29:23+00:00\",\"author\":{\"@id\":\"https:\/\/mhcalculos.com.br\/noticias\/#\/schema\/person\/88d1c34bf72dc779ea14a5a6b8e0ae8d\"},\"breadcrumb\":{\"@id\":\"https:\/\/mhcalculos.com.br\/noticias\/area\/trabalhista\/tst-auxiliar-de-servicos-nao-consegue-indenizacao-apos-acordo-de-quitacao-ampla-de-contrato-de-trabalho.html#breadcrumb\"},\"inLanguage\":\"pt-BR\",\"potentialAction\":[{\"@type\":\"ReadAction\",\"target\":[\"https:\/\/mhcalculos.com.br\/noticias\/area\/trabalhista\/tst-auxiliar-de-servicos-nao-consegue-indenizacao-apos-acordo-de-quitacao-ampla-de-contrato-de-trabalho.html\"]}]},{\"@type\":\"ImageObject\",\"inLanguage\":\"pt-BR\",\"@id\":\"https:\/\/mhcalculos.com.br\/noticias\/area\/trabalhista\/tst-auxiliar-de-servicos-nao-consegue-indenizacao-apos-acordo-de-quitacao-ampla-de-contrato-de-trabalho.html#primaryimage\",\"url\":\"https:\/\/mhcalculos.com.br\/noticias\/wp-content\/uploads\/sites\/2\/2018\/08\/judiciario-0009.jpg\",\"contentUrl\":\"https:\/\/mhcalculos.com.br\/noticias\/wp-content\/uploads\/sites\/2\/2018\/08\/judiciario-0009.jpg\",\"width\":2000,\"height\":800},{\"@type\":\"BreadcrumbList\",\"@id\":\"https:\/\/mhcalculos.com.br\/noticias\/area\/trabalhista\/tst-auxiliar-de-servicos-nao-consegue-indenizacao-apos-acordo-de-quitacao-ampla-de-contrato-de-trabalho.html#breadcrumb\",\"itemListElement\":[{\"@type\":\"ListItem\",\"position\":1,\"name\":\"In\u00edcio\",\"item\":\"https:\/\/mhcalculos.com.br\/noticias\/\"},{\"@type\":\"ListItem\",\"position\":2,\"name\":\"TST: Auxiliar de servi\u00e7os n\u00e3o consegue indeniza\u00e7\u00e3o ap\u00f3s acordo de quita\u00e7\u00e3o ampla de contrato de trabalho\"}]},{\"@type\":\"WebSite\",\"@id\":\"https:\/\/mhcalculos.com.br\/noticias\/#website\",\"url\":\"https:\/\/mhcalculos.com.br\/noticias\/\",\"name\":\"Portal de Not\u00edcias\",\"description\":\"Not\u00edcias e Jurisprud\u00eancia\",\"potentialAction\":[{\"@type\":\"SearchAction\",\"target\":{\"@type\":\"EntryPoint\",\"urlTemplate\":\"https:\/\/mhcalculos.com.br\/noticias\/?s={search_term_string}\"},\"query-input\":{\"@type\":\"PropertyValueSpecification\",\"valueRequired\":true,\"valueName\":\"search_term_string\"}}],\"inLanguage\":\"pt-BR\"},{\"@type\":\"Person\",\"@id\":\"https:\/\/mhcalculos.com.br\/noticias\/#\/schema\/person\/88d1c34bf72dc779ea14a5a6b8e0ae8d\",\"name\":\"Equipe MH\",\"image\":{\"@type\":\"ImageObject\",\"inLanguage\":\"pt-BR\",\"@id\":\"https:\/\/secure.gravatar.com\/avatar\/de1c686c2ecc9c5a3f327e3431d819eb39f8f05d4e1045f5a1caad6daaba987f?s=96&d=mm&r=g\",\"url\":\"https:\/\/secure.gravatar.com\/avatar\/de1c686c2ecc9c5a3f327e3431d819eb39f8f05d4e1045f5a1caad6daaba987f?s=96&d=mm&r=g\",\"contentUrl\":\"https:\/\/secure.gravatar.com\/avatar\/de1c686c2ecc9c5a3f327e3431d819eb39f8f05d4e1045f5a1caad6daaba987f?s=96&d=mm&r=g\",\"caption\":\"Equipe MH\"}}]}<\/script>\n<!-- \/ Yoast SEO plugin. -->","yoast_head_json":{"title":"TST: Auxiliar de servi\u00e7os n\u00e3o consegue indeniza\u00e7\u00e3o ap\u00f3s acordo de quita\u00e7\u00e3o ampla de contrato de trabalho | Portal de Not\u00edcias","robots":{"index":"index","follow":"follow","max-snippet":"max-snippet:-1","max-image-preview":"max-image-preview:large","max-video-preview":"max-video-preview:-1"},"canonical":"https:\/\/mhcalculos.com.br\/noticias\/area\/trabalhista\/tst-auxiliar-de-servicos-nao-consegue-indenizacao-apos-acordo-de-quitacao-ampla-de-contrato-de-trabalho.html","og_locale":"pt_BR","og_type":"article","og_title":"TST: Auxiliar de servi\u00e7os n\u00e3o consegue indeniza\u00e7\u00e3o ap\u00f3s acordo de quita\u00e7\u00e3o ampla de contrato de trabalho | Portal de Not\u00edcias","og_description":"O acordo tamb\u00e9m alcan\u00e7a parcelas indenizat\u00f3rias decorrentes de doen\u00e7a ocupacional. 22\/07\/20 &#8211;&nbsp;A S\u00e9tima Turma do Tribunal Superior do Trabalho extinguiu o processo ajuizado por uma auxiliar de servi\u00e7os de Canoas (PR) que pleiteava indeniza\u00e7\u00e3o por danos morais por doen\u00e7a ocupacional. Ocorre que a empregada havia, em processo anterior, celebrado acordo de plena e ampla quita\u00e7\u00e3o, [&hellip;]","og_url":"https:\/\/mhcalculos.com.br\/noticias\/area\/trabalhista\/tst-auxiliar-de-servicos-nao-consegue-indenizacao-apos-acordo-de-quitacao-ampla-de-contrato-de-trabalho.html","og_site_name":"Portal de Not\u00edcias","article_published_time":"2020-07-22T14:50:00+00:00","article_modified_time":"2021-07-28T17:29:23+00:00","og_image":[{"width":2000,"height":800,"url":"https:\/\/mhcalculos.com.br\/noticias\/wp-content\/uploads\/sites\/2\/2018\/08\/judiciario-0009.jpg","type":"image\/jpeg"}],"author":"Equipe MH","twitter_card":"summary_large_image","twitter_misc":{"Escrito por":"Equipe MH","Est. tempo de leitura":"3 minutos"},"schema":{"@context":"https:\/\/schema.org","@graph":[{"@type":"Article","@id":"https:\/\/mhcalculos.com.br\/noticias\/area\/trabalhista\/tst-auxiliar-de-servicos-nao-consegue-indenizacao-apos-acordo-de-quitacao-ampla-de-contrato-de-trabalho.html#article","isPartOf":{"@id":"https:\/\/mhcalculos.com.br\/noticias\/area\/trabalhista\/tst-auxiliar-de-servicos-nao-consegue-indenizacao-apos-acordo-de-quitacao-ampla-de-contrato-de-trabalho.html"},"author":{"name":"Equipe MH","@id":"https:\/\/mhcalculos.com.br\/noticias\/#\/schema\/person\/88d1c34bf72dc779ea14a5a6b8e0ae8d"},"headline":"TST: Auxiliar de servi\u00e7os n\u00e3o consegue indeniza\u00e7\u00e3o ap\u00f3s acordo de quita\u00e7\u00e3o ampla de contrato de trabalho","datePublished":"2020-07-22T14:50:00+00:00","dateModified":"2021-07-28T17:29:23+00:00","mainEntityOfPage":{"@id":"https:\/\/mhcalculos.com.br\/noticias\/area\/trabalhista\/tst-auxiliar-de-servicos-nao-consegue-indenizacao-apos-acordo-de-quitacao-ampla-de-contrato-de-trabalho.html"},"wordCount":560,"commentCount":0,"image":{"@id":"https:\/\/mhcalculos.com.br\/noticias\/area\/trabalhista\/tst-auxiliar-de-servicos-nao-consegue-indenizacao-apos-acordo-de-quitacao-ampla-de-contrato-de-trabalho.html#primaryimage"},"thumbnailUrl":"https:\/\/mhcalculos.com.br\/noticias\/wp-content\/uploads\/sites\/2\/2018\/08\/judiciario-0009.jpg","keywords":["c\u00e1lculos trabalhistas","direito trabalhista","per\u00edcia","perito","trabalho","TST"],"articleSection":["Direito Trabalhista","TST"],"inLanguage":"pt-BR","potentialAction":[{"@type":"CommentAction","name":"Comment","target":["https:\/\/mhcalculos.com.br\/noticias\/area\/trabalhista\/tst-auxiliar-de-servicos-nao-consegue-indenizacao-apos-acordo-de-quitacao-ampla-de-contrato-de-trabalho.html#respond"]}]},{"@type":"WebPage","@id":"https:\/\/mhcalculos.com.br\/noticias\/area\/trabalhista\/tst-auxiliar-de-servicos-nao-consegue-indenizacao-apos-acordo-de-quitacao-ampla-de-contrato-de-trabalho.html","url":"https:\/\/mhcalculos.com.br\/noticias\/area\/trabalhista\/tst-auxiliar-de-servicos-nao-consegue-indenizacao-apos-acordo-de-quitacao-ampla-de-contrato-de-trabalho.html","name":"TST: Auxiliar de servi\u00e7os n\u00e3o consegue indeniza\u00e7\u00e3o ap\u00f3s acordo de quita\u00e7\u00e3o ampla de contrato de trabalho | Portal de Not\u00edcias","isPartOf":{"@id":"https:\/\/mhcalculos.com.br\/noticias\/#website"},"primaryImageOfPage":{"@id":"https:\/\/mhcalculos.com.br\/noticias\/area\/trabalhista\/tst-auxiliar-de-servicos-nao-consegue-indenizacao-apos-acordo-de-quitacao-ampla-de-contrato-de-trabalho.html#primaryimage"},"image":{"@id":"https:\/\/mhcalculos.com.br\/noticias\/area\/trabalhista\/tst-auxiliar-de-servicos-nao-consegue-indenizacao-apos-acordo-de-quitacao-ampla-de-contrato-de-trabalho.html#primaryimage"},"thumbnailUrl":"https:\/\/mhcalculos.com.br\/noticias\/wp-content\/uploads\/sites\/2\/2018\/08\/judiciario-0009.jpg","datePublished":"2020-07-22T14:50:00+00:00","dateModified":"2021-07-28T17:29:23+00:00","author":{"@id":"https:\/\/mhcalculos.com.br\/noticias\/#\/schema\/person\/88d1c34bf72dc779ea14a5a6b8e0ae8d"},"breadcrumb":{"@id":"https:\/\/mhcalculos.com.br\/noticias\/area\/trabalhista\/tst-auxiliar-de-servicos-nao-consegue-indenizacao-apos-acordo-de-quitacao-ampla-de-contrato-de-trabalho.html#breadcrumb"},"inLanguage":"pt-BR","potentialAction":[{"@type":"ReadAction","target":["https:\/\/mhcalculos.com.br\/noticias\/area\/trabalhista\/tst-auxiliar-de-servicos-nao-consegue-indenizacao-apos-acordo-de-quitacao-ampla-de-contrato-de-trabalho.html"]}]},{"@type":"ImageObject","inLanguage":"pt-BR","@id":"https:\/\/mhcalculos.com.br\/noticias\/area\/trabalhista\/tst-auxiliar-de-servicos-nao-consegue-indenizacao-apos-acordo-de-quitacao-ampla-de-contrato-de-trabalho.html#primaryimage","url":"https:\/\/mhcalculos.com.br\/noticias\/wp-content\/uploads\/sites\/2\/2018\/08\/judiciario-0009.jpg","contentUrl":"https:\/\/mhcalculos.com.br\/noticias\/wp-content\/uploads\/sites\/2\/2018\/08\/judiciario-0009.jpg","width":2000,"height":800},{"@type":"BreadcrumbList","@id":"https:\/\/mhcalculos.com.br\/noticias\/area\/trabalhista\/tst-auxiliar-de-servicos-nao-consegue-indenizacao-apos-acordo-de-quitacao-ampla-de-contrato-de-trabalho.html#breadcrumb","itemListElement":[{"@type":"ListItem","position":1,"name":"In\u00edcio","item":"https:\/\/mhcalculos.com.br\/noticias\/"},{"@type":"ListItem","position":2,"name":"TST: Auxiliar de servi\u00e7os n\u00e3o consegue indeniza\u00e7\u00e3o ap\u00f3s acordo de quita\u00e7\u00e3o ampla de contrato de trabalho"}]},{"@type":"WebSite","@id":"https:\/\/mhcalculos.com.br\/noticias\/#website","url":"https:\/\/mhcalculos.com.br\/noticias\/","name":"Portal de Not\u00edcias","description":"Not\u00edcias e Jurisprud\u00eancia","potentialAction":[{"@type":"SearchAction","target":{"@type":"EntryPoint","urlTemplate":"https:\/\/mhcalculos.com.br\/noticias\/?s={search_term_string}"},"query-input":{"@type":"PropertyValueSpecification","valueRequired":true,"valueName":"search_term_string"}}],"inLanguage":"pt-BR"},{"@type":"Person","@id":"https:\/\/mhcalculos.com.br\/noticias\/#\/schema\/person\/88d1c34bf72dc779ea14a5a6b8e0ae8d","name":"Equipe MH","image":{"@type":"ImageObject","inLanguage":"pt-BR","@id":"https:\/\/secure.gravatar.com\/avatar\/de1c686c2ecc9c5a3f327e3431d819eb39f8f05d4e1045f5a1caad6daaba987f?s=96&d=mm&r=g","url":"https:\/\/secure.gravatar.com\/avatar\/de1c686c2ecc9c5a3f327e3431d819eb39f8f05d4e1045f5a1caad6daaba987f?s=96&d=mm&r=g","contentUrl":"https:\/\/secure.gravatar.com\/avatar\/de1c686c2ecc9c5a3f327e3431d819eb39f8f05d4e1045f5a1caad6daaba987f?s=96&d=mm&r=g","caption":"Equipe MH"}}]}},"_links":{"self":[{"href":"https:\/\/mhcalculos.com.br\/noticias\/wp-json\/wp\/v2\/posts\/7353","targetHints":{"allow":["GET"]}}],"collection":[{"href":"https:\/\/mhcalculos.com.br\/noticias\/wp-json\/wp\/v2\/posts"}],"about":[{"href":"https:\/\/mhcalculos.com.br\/noticias\/wp-json\/wp\/v2\/types\/post"}],"author":[{"embeddable":true,"href":"https:\/\/mhcalculos.com.br\/noticias\/wp-json\/wp\/v2\/users\/3063"}],"replies":[{"embeddable":true,"href":"https:\/\/mhcalculos.com.br\/noticias\/wp-json\/wp\/v2\/comments?post=7353"}],"version-history":[{"count":1,"href":"https:\/\/mhcalculos.com.br\/noticias\/wp-json\/wp\/v2\/posts\/7353\/revisions"}],"predecessor-version":[{"id":9022,"href":"https:\/\/mhcalculos.com.br\/noticias\/wp-json\/wp\/v2\/posts\/7353\/revisions\/9022"}],"wp:featuredmedia":[{"embeddable":true,"href":"https:\/\/mhcalculos.com.br\/noticias\/wp-json\/wp\/v2\/media\/2779"}],"wp:attachment":[{"href":"https:\/\/mhcalculos.com.br\/noticias\/wp-json\/wp\/v2\/media?parent=7353"}],"wp:term":[{"taxonomy":"category","embeddable":true,"href":"https:\/\/mhcalculos.com.br\/noticias\/wp-json\/wp\/v2\/categories?post=7353"},{"taxonomy":"post_tag","embeddable":true,"href":"https:\/\/mhcalculos.com.br\/noticias\/wp-json\/wp\/v2\/tags?post=7353"}],"curies":[{"name":"wp","href":"https:\/\/api.w.org\/{rel}","templated":true}]}}