{"id":7345,"date":"2020-07-22T23:05:06","date_gmt":"2020-07-23T02:05:06","guid":{"rendered":"https:\/\/mhcalculos.com.br\/noticias\/tribunais\/stf\/stf-ministro-determina-pagamento-por-precatorio-de-divida-trabalhista-de-empresa-de-saneamento-de-ro.html"},"modified":"2021-07-28T14:29:22","modified_gmt":"2021-07-28T17:29:22","slug":"stf-ministro-determina-pagamento-por-precatorio-de-divida-trabalhista-de-empresa-de-saneamento-de-ro","status":"publish","type":"post","link":"https:\/\/mhcalculos.com.br\/noticias\/tribunais\/stf\/stf-ministro-determina-pagamento-por-precatorio-de-divida-trabalhista-de-empresa-de-saneamento-de-ro.html","title":{"rendered":"STF: Ministro determina pagamento por precat\u00f3rio de d\u00edvida trabalhista de empresa de saneamento de RO"},"content":{"rendered":"<p><br \/>\n<\/p>\n<p>O ministro Alexandre de Moraes, do Supremo Tribunal Federal (STF), reconheceu \u00e0 Companhia de \u00c1guas e Esgotos de Rond\u00f4nia (Caerd) o direito de pagar uma d\u00edvida trabalhista por meio de precat\u00f3rio e determinou que sejam aplicados \u00e0 empresa os crit\u00e9rios de pagamento inerentes \u00e0 fazenda p\u00fablica. A decis\u00e3o foi proferida na Reclama\u00e7\u00e3o (RCL) 42141, julgada procedente para garantir a autoridade da decis\u00e3o do STF na Argui\u00e7\u00e3o de Descumprimento de Preceito Fundamental (ADPF) 556, quando se decidiu que empresa de economia mista que explora servi\u00e7o p\u00fablico com exclusividade est\u00e1 sujeita ao regime de precat\u00f3rios.<\/p>\n<p>O ju\u00edzo da 4&ordf; Vara do Trabalho de Porto Velho (RO) havia indeferido a execu\u00e7\u00e3o por meio de precat\u00f3rio, levando a Caerd a apresentar a reclama\u00e7\u00e3o ao STF.<\/p>\n<p><b>Economia mista<\/b><\/p>\n<p>Segundo o ministro Alexandre de Moraes, no entanto, ao contr\u00e1rio do entendimento do juiz de primeiro grau, a empresa \u00e9 sociedade de economia mista que exerce servi\u00e7o publico essencial sem competi\u00e7\u00e3o. Para o STF, \u00e9 inconstitucional a determina\u00e7\u00e3o judicial que bloqueia, suspende ou torna indispon\u00edveis bens de sociedades de economia mista nessas condi\u00e7\u00f5es.<\/p>\n<p>O ministro citou precedentes do STF n\u00e3o s\u00f3 no julgamento da ADPF 556, mas em outras reclama\u00e7\u00f5es, no sentido de que o regime jur\u00eddico da Caerd imp\u00f5e, obrigatoriamente, o regime de precat\u00f3rio para o pagamento de d\u00e9bitos, nos termos do artigo 100 da Constitui\u00e7\u00e3o Federal.<\/p>\n<p>Leia a <a href=\"http:\/\/www.stf.jus.br\/arquivo\/cms\/noticiaNoticiaStf\/anexo\/RCL42141.pdf\" target=\"_blank\" rel=\"noopener noreferrer\">\u00edntegra da decis\u00e3o<\/a>.<\/p>\n<p><span style=\"font-size: smaller\">AR\/CR\/\/CF<\/span><\/p>\n<p><i>Com informa\u00e7\u00f5es da assessoria de imprensa do STF.<\/i><br \/>\n<br \/><a href=\"http:\/\/www.stf.jus.br\/portal\/cms\/verNoticiaDetalhe.asp?idConteudo=447881\">Fonte<\/a><br \/>\n<br \/><\/p>\n","protected":false},"excerpt":{"rendered":"<p>O ministro Alexandre de Moraes, do Supremo Tribunal Federal (STF), reconheceu \u00e0 Companhia de \u00c1guas e Esgotos de Rond\u00f4nia (Caerd) o direito de pagar uma d\u00edvida trabalhista por meio de precat\u00f3rio e determinou que sejam aplicados \u00e0 empresa os crit\u00e9rios de pagamento inerentes \u00e0 fazenda p\u00fablica. A decis\u00e3o foi proferida na Reclama\u00e7\u00e3o (RCL) 42141, julgada [&hellip;]<\/p>\n","protected":false},"author":3063,"featured_media":3378,"comment_status":"open","ping_status":"open","sticky":false,"template":"","format":"standard","meta":{"footnotes":""},"categories":[18,15],"tags":[32,31,42,30,29,213,9,12,16],"class_list":{"0":"post-7345","1":"post","2":"type-post","3":"status-publish","4":"format-standard","5":"has-post-thumbnail","7":"category-tributario","8":"category-stf","9":"tag-calculos-judiciais","10":"tag-calculos-tributarios","11":"tag-direito-tributario","12":"tag-divida-ativa","13":"tag-fazenda-publica","14":"tag-imposto","15":"tag-pericia","16":"tag-perito","17":"tag-stf"},"yoast_head":"<!-- This site is optimized with the Yoast SEO plugin v27.2 - https:\/\/yoast.com\/product\/yoast-seo-wordpress\/ -->\n<title>STF: Ministro determina pagamento por precat\u00f3rio de d\u00edvida trabalhista de empresa de saneamento de RO | Portal de Not\u00edcias<\/title>\n<meta name=\"robots\" content=\"index, follow, max-snippet:-1, max-image-preview:large, max-video-preview:-1\" \/>\n<link rel=\"canonical\" href=\"http:\/\/www.stf.jus.br\/portal\/cms\/verNoticiaDetalhe.asp?idConteudo=447881\" \/>\n<meta property=\"og:locale\" content=\"pt_BR\" \/>\n<meta property=\"og:type\" content=\"article\" \/>\n<meta property=\"og:title\" content=\"STF: Ministro determina pagamento por precat\u00f3rio de d\u00edvida trabalhista de empresa de saneamento de RO | Portal de Not\u00edcias\" \/>\n<meta property=\"og:description\" content=\"O ministro Alexandre de Moraes, do Supremo Tribunal Federal (STF), reconheceu \u00e0 Companhia de \u00c1guas e Esgotos de Rond\u00f4nia (Caerd) o direito de pagar uma d\u00edvida trabalhista por meio de precat\u00f3rio e determinou que sejam aplicados \u00e0 empresa os crit\u00e9rios de pagamento inerentes \u00e0 fazenda p\u00fablica. A decis\u00e3o foi proferida na Reclama\u00e7\u00e3o (RCL) 42141, julgada [&hellip;]\" \/>\n<meta property=\"og:url\" content=\"http:\/\/www.stf.jus.br\/portal\/cms\/verNoticiaDetalhe.asp?idConteudo=447881\" \/>\n<meta property=\"og:site_name\" content=\"Portal de Not\u00edcias\" \/>\n<meta property=\"article:published_time\" content=\"2020-07-23T02:05:06+00:00\" \/>\n<meta property=\"article:modified_time\" content=\"2021-07-28T17:29:22+00:00\" \/>\n<meta property=\"og:image\" content=\"https:\/\/mhcalculos.com.br\/noticias\/wp-content\/uploads\/sites\/2\/2018\/11\/tributario-0034.jpg\" \/>\n\t<meta property=\"og:image:width\" content=\"2000\" \/>\n\t<meta property=\"og:image:height\" content=\"800\" \/>\n\t<meta property=\"og:image:type\" content=\"image\/jpeg\" \/>\n<meta name=\"author\" content=\"Equipe MH\" \/>\n<meta name=\"twitter:card\" content=\"summary_large_image\" \/>\n<meta name=\"twitter:label1\" content=\"Escrito por\" \/>\n\t<meta name=\"twitter:data1\" content=\"Equipe MH\" \/>\n\t<meta name=\"twitter:label2\" content=\"Est. tempo de leitura\" \/>\n\t<meta name=\"twitter:data2\" content=\"1 minuto\" \/>\n<script type=\"application\/ld+json\" class=\"yoast-schema-graph\">{\"@context\":\"https:\/\/schema.org\",\"@graph\":[{\"@type\":\"Article\",\"@id\":\"http:\/\/www.stf.jus.br\/portal\/cms\/verNoticiaDetalhe.asp?idConteudo=447881#article\",\"isPartOf\":{\"@id\":\"https:\/\/mhcalculos.com.br\/noticias\/tribunais\/stf\/stf-ministro-determina-pagamento-por-precatorio-de-divida-trabalhista-de-empresa-de-saneamento-de-ro.html\"},\"author\":{\"name\":\"Equipe MH\",\"@id\":\"https:\/\/mhcalculos.com.br\/noticias\/#\/schema\/person\/88d1c34bf72dc779ea14a5a6b8e0ae8d\"},\"headline\":\"STF: Ministro determina pagamento por precat\u00f3rio de d\u00edvida trabalhista de empresa de saneamento de RO\",\"datePublished\":\"2020-07-23T02:05:06+00:00\",\"dateModified\":\"2021-07-28T17:29:22+00:00\",\"mainEntityOfPage\":{\"@id\":\"https:\/\/mhcalculos.com.br\/noticias\/tribunais\/stf\/stf-ministro-determina-pagamento-por-precatorio-de-divida-trabalhista-de-empresa-de-saneamento-de-ro.html\"},\"wordCount\":279,\"commentCount\":0,\"image\":{\"@id\":\"http:\/\/www.stf.jus.br\/portal\/cms\/verNoticiaDetalhe.asp?idConteudo=447881#primaryimage\"},\"thumbnailUrl\":\"https:\/\/mhcalculos.com.br\/noticias\/wp-content\/uploads\/sites\/2\/2018\/11\/tributario-0034.jpg\",\"keywords\":[\"c\u00e1lculos judiciais\",\"c\u00e1lculos tribut\u00e1rios\",\"direito tribut\u00e1rio\",\"d\u00edvida ativa\",\"fazenda p\u00fablica\",\"Imposto\",\"per\u00edcia\",\"perito\",\"stf\"],\"articleSection\":[\"Direito Tribut\u00e1rio\",\"STF\"],\"inLanguage\":\"pt-BR\",\"potentialAction\":[{\"@type\":\"CommentAction\",\"name\":\"Comment\",\"target\":[\"http:\/\/www.stf.jus.br\/portal\/cms\/verNoticiaDetalhe.asp?idConteudo=447881#respond\"]}]},{\"@type\":\"WebPage\",\"@id\":\"https:\/\/mhcalculos.com.br\/noticias\/tribunais\/stf\/stf-ministro-determina-pagamento-por-precatorio-de-divida-trabalhista-de-empresa-de-saneamento-de-ro.html\",\"url\":\"http:\/\/www.stf.jus.br\/portal\/cms\/verNoticiaDetalhe.asp?idConteudo=447881\",\"name\":\"STF: Ministro determina pagamento por precat\u00f3rio de d\u00edvida trabalhista de empresa de saneamento de RO | Portal de Not\u00edcias\",\"isPartOf\":{\"@id\":\"https:\/\/mhcalculos.com.br\/noticias\/#website\"},\"primaryImageOfPage\":{\"@id\":\"http:\/\/www.stf.jus.br\/portal\/cms\/verNoticiaDetalhe.asp?idConteudo=447881#primaryimage\"},\"image\":{\"@id\":\"http:\/\/www.stf.jus.br\/portal\/cms\/verNoticiaDetalhe.asp?idConteudo=447881#primaryimage\"},\"thumbnailUrl\":\"https:\/\/mhcalculos.com.br\/noticias\/wp-content\/uploads\/sites\/2\/2018\/11\/tributario-0034.jpg\",\"datePublished\":\"2020-07-23T02:05:06+00:00\",\"dateModified\":\"2021-07-28T17:29:22+00:00\",\"author\":{\"@id\":\"https:\/\/mhcalculos.com.br\/noticias\/#\/schema\/person\/88d1c34bf72dc779ea14a5a6b8e0ae8d\"},\"breadcrumb\":{\"@id\":\"http:\/\/www.stf.jus.br\/portal\/cms\/verNoticiaDetalhe.asp?idConteudo=447881#breadcrumb\"},\"inLanguage\":\"pt-BR\",\"potentialAction\":[{\"@type\":\"ReadAction\",\"target\":[\"http:\/\/www.stf.jus.br\/portal\/cms\/verNoticiaDetalhe.asp?idConteudo=447881\"]}]},{\"@type\":\"ImageObject\",\"inLanguage\":\"pt-BR\",\"@id\":\"http:\/\/www.stf.jus.br\/portal\/cms\/verNoticiaDetalhe.asp?idConteudo=447881#primaryimage\",\"url\":\"https:\/\/mhcalculos.com.br\/noticias\/wp-content\/uploads\/sites\/2\/2018\/11\/tributario-0034.jpg\",\"contentUrl\":\"https:\/\/mhcalculos.com.br\/noticias\/wp-content\/uploads\/sites\/2\/2018\/11\/tributario-0034.jpg\",\"width\":2000,\"height\":800},{\"@type\":\"BreadcrumbList\",\"@id\":\"http:\/\/www.stf.jus.br\/portal\/cms\/verNoticiaDetalhe.asp?idConteudo=447881#breadcrumb\",\"itemListElement\":[{\"@type\":\"ListItem\",\"position\":1,\"name\":\"In\u00edcio\",\"item\":\"https:\/\/mhcalculos.com.br\/noticias\/\"},{\"@type\":\"ListItem\",\"position\":2,\"name\":\"STF: Ministro determina pagamento por precat\u00f3rio de d\u00edvida trabalhista de empresa de saneamento de RO\"}]},{\"@type\":\"WebSite\",\"@id\":\"https:\/\/mhcalculos.com.br\/noticias\/#website\",\"url\":\"https:\/\/mhcalculos.com.br\/noticias\/\",\"name\":\"Portal de Not\u00edcias\",\"description\":\"Not\u00edcias e Jurisprud\u00eancia\",\"potentialAction\":[{\"@type\":\"SearchAction\",\"target\":{\"@type\":\"EntryPoint\",\"urlTemplate\":\"https:\/\/mhcalculos.com.br\/noticias\/?s={search_term_string}\"},\"query-input\":{\"@type\":\"PropertyValueSpecification\",\"valueRequired\":true,\"valueName\":\"search_term_string\"}}],\"inLanguage\":\"pt-BR\"},{\"@type\":\"Person\",\"@id\":\"https:\/\/mhcalculos.com.br\/noticias\/#\/schema\/person\/88d1c34bf72dc779ea14a5a6b8e0ae8d\",\"name\":\"Equipe MH\",\"image\":{\"@type\":\"ImageObject\",\"inLanguage\":\"pt-BR\",\"@id\":\"https:\/\/secure.gravatar.com\/avatar\/de1c686c2ecc9c5a3f327e3431d819eb39f8f05d4e1045f5a1caad6daaba987f?s=96&d=mm&r=g\",\"url\":\"https:\/\/secure.gravatar.com\/avatar\/de1c686c2ecc9c5a3f327e3431d819eb39f8f05d4e1045f5a1caad6daaba987f?s=96&d=mm&r=g\",\"contentUrl\":\"https:\/\/secure.gravatar.com\/avatar\/de1c686c2ecc9c5a3f327e3431d819eb39f8f05d4e1045f5a1caad6daaba987f?s=96&d=mm&r=g\",\"caption\":\"Equipe MH\"}}]}<\/script>\n<!-- \/ Yoast SEO plugin. -->","yoast_head_json":{"title":"STF: Ministro determina pagamento por precat\u00f3rio de d\u00edvida trabalhista de empresa de saneamento de RO | Portal de Not\u00edcias","robots":{"index":"index","follow":"follow","max-snippet":"max-snippet:-1","max-image-preview":"max-image-preview:large","max-video-preview":"max-video-preview:-1"},"canonical":"http:\/\/www.stf.jus.br\/portal\/cms\/verNoticiaDetalhe.asp?idConteudo=447881","og_locale":"pt_BR","og_type":"article","og_title":"STF: Ministro determina pagamento por precat\u00f3rio de d\u00edvida trabalhista de empresa de saneamento de RO | Portal de Not\u00edcias","og_description":"O ministro Alexandre de Moraes, do Supremo Tribunal Federal (STF), reconheceu \u00e0 Companhia de \u00c1guas e Esgotos de Rond\u00f4nia (Caerd) o direito de pagar uma d\u00edvida trabalhista por meio de precat\u00f3rio e determinou que sejam aplicados \u00e0 empresa os crit\u00e9rios de pagamento inerentes \u00e0 fazenda p\u00fablica. A decis\u00e3o foi proferida na Reclama\u00e7\u00e3o (RCL) 42141, julgada [&hellip;]","og_url":"http:\/\/www.stf.jus.br\/portal\/cms\/verNoticiaDetalhe.asp?idConteudo=447881","og_site_name":"Portal de Not\u00edcias","article_published_time":"2020-07-23T02:05:06+00:00","article_modified_time":"2021-07-28T17:29:22+00:00","og_image":[{"width":2000,"height":800,"url":"https:\/\/mhcalculos.com.br\/noticias\/wp-content\/uploads\/sites\/2\/2018\/11\/tributario-0034.jpg","type":"image\/jpeg"}],"author":"Equipe MH","twitter_card":"summary_large_image","twitter_misc":{"Escrito por":"Equipe MH","Est. tempo de leitura":"1 minuto"},"schema":{"@context":"https:\/\/schema.org","@graph":[{"@type":"Article","@id":"http:\/\/www.stf.jus.br\/portal\/cms\/verNoticiaDetalhe.asp?idConteudo=447881#article","isPartOf":{"@id":"https:\/\/mhcalculos.com.br\/noticias\/tribunais\/stf\/stf-ministro-determina-pagamento-por-precatorio-de-divida-trabalhista-de-empresa-de-saneamento-de-ro.html"},"author":{"name":"Equipe MH","@id":"https:\/\/mhcalculos.com.br\/noticias\/#\/schema\/person\/88d1c34bf72dc779ea14a5a6b8e0ae8d"},"headline":"STF: Ministro determina pagamento por precat\u00f3rio de d\u00edvida trabalhista de empresa de saneamento de RO","datePublished":"2020-07-23T02:05:06+00:00","dateModified":"2021-07-28T17:29:22+00:00","mainEntityOfPage":{"@id":"https:\/\/mhcalculos.com.br\/noticias\/tribunais\/stf\/stf-ministro-determina-pagamento-por-precatorio-de-divida-trabalhista-de-empresa-de-saneamento-de-ro.html"},"wordCount":279,"commentCount":0,"image":{"@id":"http:\/\/www.stf.jus.br\/portal\/cms\/verNoticiaDetalhe.asp?idConteudo=447881#primaryimage"},"thumbnailUrl":"https:\/\/mhcalculos.com.br\/noticias\/wp-content\/uploads\/sites\/2\/2018\/11\/tributario-0034.jpg","keywords":["c\u00e1lculos judiciais","c\u00e1lculos tribut\u00e1rios","direito tribut\u00e1rio","d\u00edvida ativa","fazenda p\u00fablica","Imposto","per\u00edcia","perito","stf"],"articleSection":["Direito Tribut\u00e1rio","STF"],"inLanguage":"pt-BR","potentialAction":[{"@type":"CommentAction","name":"Comment","target":["http:\/\/www.stf.jus.br\/portal\/cms\/verNoticiaDetalhe.asp?idConteudo=447881#respond"]}]},{"@type":"WebPage","@id":"https:\/\/mhcalculos.com.br\/noticias\/tribunais\/stf\/stf-ministro-determina-pagamento-por-precatorio-de-divida-trabalhista-de-empresa-de-saneamento-de-ro.html","url":"http:\/\/www.stf.jus.br\/portal\/cms\/verNoticiaDetalhe.asp?idConteudo=447881","name":"STF: Ministro determina pagamento por precat\u00f3rio de d\u00edvida trabalhista de empresa de saneamento de RO | Portal de Not\u00edcias","isPartOf":{"@id":"https:\/\/mhcalculos.com.br\/noticias\/#website"},"primaryImageOfPage":{"@id":"http:\/\/www.stf.jus.br\/portal\/cms\/verNoticiaDetalhe.asp?idConteudo=447881#primaryimage"},"image":{"@id":"http:\/\/www.stf.jus.br\/portal\/cms\/verNoticiaDetalhe.asp?idConteudo=447881#primaryimage"},"thumbnailUrl":"https:\/\/mhcalculos.com.br\/noticias\/wp-content\/uploads\/sites\/2\/2018\/11\/tributario-0034.jpg","datePublished":"2020-07-23T02:05:06+00:00","dateModified":"2021-07-28T17:29:22+00:00","author":{"@id":"https:\/\/mhcalculos.com.br\/noticias\/#\/schema\/person\/88d1c34bf72dc779ea14a5a6b8e0ae8d"},"breadcrumb":{"@id":"http:\/\/www.stf.jus.br\/portal\/cms\/verNoticiaDetalhe.asp?idConteudo=447881#breadcrumb"},"inLanguage":"pt-BR","potentialAction":[{"@type":"ReadAction","target":["http:\/\/www.stf.jus.br\/portal\/cms\/verNoticiaDetalhe.asp?idConteudo=447881"]}]},{"@type":"ImageObject","inLanguage":"pt-BR","@id":"http:\/\/www.stf.jus.br\/portal\/cms\/verNoticiaDetalhe.asp?idConteudo=447881#primaryimage","url":"https:\/\/mhcalculos.com.br\/noticias\/wp-content\/uploads\/sites\/2\/2018\/11\/tributario-0034.jpg","contentUrl":"https:\/\/mhcalculos.com.br\/noticias\/wp-content\/uploads\/sites\/2\/2018\/11\/tributario-0034.jpg","width":2000,"height":800},{"@type":"BreadcrumbList","@id":"http:\/\/www.stf.jus.br\/portal\/cms\/verNoticiaDetalhe.asp?idConteudo=447881#breadcrumb","itemListElement":[{"@type":"ListItem","position":1,"name":"In\u00edcio","item":"https:\/\/mhcalculos.com.br\/noticias\/"},{"@type":"ListItem","position":2,"name":"STF: Ministro determina pagamento por precat\u00f3rio de d\u00edvida trabalhista de empresa de saneamento de RO"}]},{"@type":"WebSite","@id":"https:\/\/mhcalculos.com.br\/noticias\/#website","url":"https:\/\/mhcalculos.com.br\/noticias\/","name":"Portal de Not\u00edcias","description":"Not\u00edcias e Jurisprud\u00eancia","potentialAction":[{"@type":"SearchAction","target":{"@type":"EntryPoint","urlTemplate":"https:\/\/mhcalculos.com.br\/noticias\/?s={search_term_string}"},"query-input":{"@type":"PropertyValueSpecification","valueRequired":true,"valueName":"search_term_string"}}],"inLanguage":"pt-BR"},{"@type":"Person","@id":"https:\/\/mhcalculos.com.br\/noticias\/#\/schema\/person\/88d1c34bf72dc779ea14a5a6b8e0ae8d","name":"Equipe MH","image":{"@type":"ImageObject","inLanguage":"pt-BR","@id":"https:\/\/secure.gravatar.com\/avatar\/de1c686c2ecc9c5a3f327e3431d819eb39f8f05d4e1045f5a1caad6daaba987f?s=96&d=mm&r=g","url":"https:\/\/secure.gravatar.com\/avatar\/de1c686c2ecc9c5a3f327e3431d819eb39f8f05d4e1045f5a1caad6daaba987f?s=96&d=mm&r=g","contentUrl":"https:\/\/secure.gravatar.com\/avatar\/de1c686c2ecc9c5a3f327e3431d819eb39f8f05d4e1045f5a1caad6daaba987f?s=96&d=mm&r=g","caption":"Equipe MH"}}]}},"_links":{"self":[{"href":"https:\/\/mhcalculos.com.br\/noticias\/wp-json\/wp\/v2\/posts\/7345","targetHints":{"allow":["GET"]}}],"collection":[{"href":"https:\/\/mhcalculos.com.br\/noticias\/wp-json\/wp\/v2\/posts"}],"about":[{"href":"https:\/\/mhcalculos.com.br\/noticias\/wp-json\/wp\/v2\/types\/post"}],"author":[{"embeddable":true,"href":"https:\/\/mhcalculos.com.br\/noticias\/wp-json\/wp\/v2\/users\/3063"}],"replies":[{"embeddable":true,"href":"https:\/\/mhcalculos.com.br\/noticias\/wp-json\/wp\/v2\/comments?post=7345"}],"version-history":[{"count":1,"href":"https:\/\/mhcalculos.com.br\/noticias\/wp-json\/wp\/v2\/posts\/7345\/revisions"}],"predecessor-version":[{"id":9020,"href":"https:\/\/mhcalculos.com.br\/noticias\/wp-json\/wp\/v2\/posts\/7345\/revisions\/9020"}],"wp:featuredmedia":[{"embeddable":true,"href":"https:\/\/mhcalculos.com.br\/noticias\/wp-json\/wp\/v2\/media\/3378"}],"wp:attachment":[{"href":"https:\/\/mhcalculos.com.br\/noticias\/wp-json\/wp\/v2\/media?parent=7345"}],"wp:term":[{"taxonomy":"category","embeddable":true,"href":"https:\/\/mhcalculos.com.br\/noticias\/wp-json\/wp\/v2\/categories?post=7345"},{"taxonomy":"post_tag","embeddable":true,"href":"https:\/\/mhcalculos.com.br\/noticias\/wp-json\/wp\/v2\/tags?post=7345"}],"curies":[{"name":"wp","href":"https:\/\/api.w.org\/{rel}","templated":true}]}}