{"id":7342,"date":"2020-07-22T05:05:06","date_gmt":"2020-07-22T08:05:06","guid":{"rendered":"https:\/\/mhcalculos.com.br\/noticias\/area\/previdenciario\/trf4-tribunal-determina-estudo-socioeconomico-para-concessao-de-beneficio-a-mulher-com-doenca-mental-leve-21-07-2020.html"},"modified":"2021-07-28T14:29:23","modified_gmt":"2021-07-28T17:29:23","slug":"trf4-tribunal-determina-estudo-socioeconomico-para-concessao-de-beneficio-a-mulher-com-doenca-mental-leve-21-07-2020","status":"publish","type":"post","link":"https:\/\/mhcalculos.com.br\/noticias\/area\/previdenciario\/trf4-tribunal-determina-estudo-socioeconomico-para-concessao-de-beneficio-a-mulher-com-doenca-mental-leve-21-07-2020.html","title":{"rendered":"TRF4: Tribunal&nbsp;determina estudo socioecon\u00f4mico para concess\u00e3o de benef\u00edcio \u00e0 mulher com doen\u00e7a mental leve (21\/07\/2020)"},"content":{"rendered":"<p><br \/>\n<\/p>\n<p>O Tribunal Regional Federal da 4\u00aa Regi\u00e3o (TRF4) anulou senten\u00e7a que julgou improcedente o pedido de concess\u00e3o de benef\u00edcio assistencial de presta\u00e7\u00e3o continuada a uma mulher de 39 anos, diagnosticada com retardo mental leve e transtorno de ansiedade. Em julgamento por sess\u00e3o telepresencial na \u00faltima\u00a0quarta-feira (15\/7), a 6\u00aa Turma da Corte determinou, por unanimidade, que deve ser realizado o estudo socioecon\u00f4mico do caso, para que seja poss\u00edvel analisar o \u00fanico requisito ainda n\u00e3o comprovado para a concess\u00e3o do benef\u00edcio.<\/p>\n<p>O relator do caso no TRF4, juiz federal convocado Julio Guilherme Berezoski Schattschneider, alterou o entendimento da 25\u00aa Vara Federal de Porto Alegre, salientando que, apesar do laudo m\u00e9dico\u00a0ter\u00a0considerado os transtornos da requerente como n\u00e3o incapacitantes, a mulher encontra dificuldades de conseguir emprego por causa das suas condi\u00e7\u00f5es psiqui\u00e1tricas, fazendo jus ao benef\u00edcio.<\/p>\n<p>O magistrado ressaltou que indeferir o pedido ajuizado por ela contra o Instituto Nacional de Seguro Social (INSS), seria &ldquo;ordenar que a postulante, com tais limita\u00e7\u00f5es, concorra em igualdade no mercado de trabalho, negando-lhe o benef\u00edcio no momento em que dele necessita&rdquo;, o que considerou ser contr\u00e1rio ao princ\u00edpio da dignidade da pessoa.<\/p>\n<p>Segundo Schattschneider, &ldquo;as mol\u00e9stias que acometem a parte autora obstaculizam a inser\u00e7\u00e3o no mercado de trabalho, bem como participa\u00e7\u00e3o plena e efetiva na sociedade em igualdade de condi\u00e7\u00f5es; tenho que comprovado que \u00e9 deficiente na acep\u00e7\u00e3o da legisla\u00e7\u00e3o de reg\u00eancia do benef\u00edcio pleiteado&rdquo;.<\/p>\n<p>Entendendo ser necess\u00e1ria a an\u00e1lise completa dos requisitos para a concess\u00e3o do benef\u00edcio assistencial, o relator concluiu que \u00e9 fundamental a apresenta\u00e7\u00e3o de laudo socioecon\u00f4mico de forma detalhada, &ldquo;informando, comprovadamente: com fotos, onde efetivamente vive a parte autora, gastos mensais com \u00e1gua, luz, alimenta\u00e7\u00e3o, medicamentos; com quem vive, o que faz atualmente, se recebe aux\u00edlio de parentes, ou algum benef\u00edcio, bem como informa\u00e7\u00f5es que o assistente social entender cab\u00edvel, para verifica\u00e7\u00e3o do risco social&rdquo;.<\/p>\n<p>Com a decis\u00e3o do colegiado, imp\u00f5em-se a reabertura da instru\u00e7\u00e3o processual, devendo o caso ser reexaminado na 25\u00aa Vara Federal de Porto Alegre, com nova possibilidade de recurso na Corte.<\/p>\n<p><img decoding=\"async\" data-src=\"https:\/\/www2.trf4.jus.br\/trf4\/upload\/editor\/dsy_inss_abr.jpg\" title=\"Foto: F\u00e1bio Rodrigues Pozzebom\/Ag. Brasil\/EBC\" alt=\"\" style=\"width:800px\" src=\"data:image\/svg+xml;base64,PHN2ZyB3aWR0aD0iMSIgaGVpZ2h0PSIxIiB4bWxucz0iaHR0cDovL3d3dy53My5vcmcvMjAwMC9zdmciPjwvc3ZnPg==\" class=\"lazyload\" \/><br \/> (Foto: F\u00e1bio Rodrigues Pozzebom\/Ag. Brasil\/EBC)<\/p>\n<p><i>Com informa\u00e7\u00f5es da assessoria de imprensa do TRF4.<\/i><br \/>\n<br \/><a href=\"http:\/\/www2.trf4.jus.br\/trf4\/controlador.php?acao=noticia_visualizar&#038;id_noticia=15322\">Fonte<\/a><br \/>\n<br \/><\/p>\n","protected":false},"excerpt":{"rendered":"<p>O Tribunal Regional Federal da 4\u00aa Regi\u00e3o (TRF4) anulou senten\u00e7a que julgou improcedente o pedido de concess\u00e3o de benef\u00edcio assistencial de presta\u00e7\u00e3o continuada a uma mulher de 39 anos, diagnosticada com retardo mental leve e transtorno de ansiedade. Em julgamento por sess\u00e3o telepresencial na \u00faltima\u00a0quarta-feira (15\/7), a 6\u00aa Turma da Corte determinou, por unanimidade, que [&hellip;]<\/p>\n","protected":false},"author":3063,"featured_media":0,"comment_status":"open","ping_status":"open","sticky":false,"template":"","format":"standard","meta":{"footnotes":""},"categories":[5,6],"tags":[11,10,8,13,9,12,17],"class_list":{"0":"post-7342","1":"post","2":"type-post","3":"status-publish","4":"format-standard","6":"category-previdenciario","7":"category-trf4","8":"tag-aposentadoria","9":"tag-calculos-previdenciarios","10":"tag-direito-previdenciario","11":"tag-inss","12":"tag-pericia","13":"tag-perito","14":"tag-trf4"},"yoast_head":"<!-- This site is optimized with the Yoast SEO plugin v27.2 - https:\/\/yoast.com\/product\/yoast-seo-wordpress\/ -->\n<title>TRF4: Tribunal&nbsp;determina estudo socioecon\u00f4mico para concess\u00e3o de benef\u00edcio \u00e0 mulher com doen\u00e7a mental leve (21\/07\/2020) | Portal de Not\u00edcias<\/title>\n<meta name=\"robots\" content=\"index, follow, max-snippet:-1, max-image-preview:large, max-video-preview:-1\" \/>\n<link rel=\"canonical\" href=\"https:\/\/mhcalculos.com.br\/noticias\/area\/previdenciario\/trf4-tribunal-determina-estudo-socioeconomico-para-concessao-de-beneficio-a-mulher-com-doenca-mental-leve-21-07-2020.html\" \/>\n<meta property=\"og:locale\" content=\"pt_BR\" \/>\n<meta property=\"og:type\" content=\"article\" \/>\n<meta property=\"og:title\" content=\"TRF4: Tribunal&nbsp;determina estudo socioecon\u00f4mico para concess\u00e3o de benef\u00edcio \u00e0 mulher com doen\u00e7a mental leve (21\/07\/2020) | Portal de Not\u00edcias\" \/>\n<meta property=\"og:description\" content=\"O Tribunal Regional Federal da 4\u00aa Regi\u00e3o (TRF4) anulou senten\u00e7a que julgou improcedente o pedido de concess\u00e3o de benef\u00edcio assistencial de presta\u00e7\u00e3o continuada a uma mulher de 39 anos, diagnosticada com retardo mental leve e transtorno de ansiedade. Em julgamento por sess\u00e3o telepresencial na \u00faltima\u00a0quarta-feira (15\/7), a 6\u00aa Turma da Corte determinou, por unanimidade, que [&hellip;]\" \/>\n<meta property=\"og:url\" content=\"https:\/\/mhcalculos.com.br\/noticias\/area\/previdenciario\/trf4-tribunal-determina-estudo-socioeconomico-para-concessao-de-beneficio-a-mulher-com-doenca-mental-leve-21-07-2020.html\" \/>\n<meta property=\"og:site_name\" content=\"Portal de Not\u00edcias\" \/>\n<meta property=\"article:published_time\" content=\"2020-07-22T08:05:06+00:00\" \/>\n<meta property=\"article:modified_time\" content=\"2021-07-28T17:29:23+00:00\" \/>\n<meta property=\"og:image\" content=\"https:\/\/www2.trf4.jus.br\/trf4\/upload\/editor\/dsy_inss_abr.jpg\" \/>\n<meta name=\"author\" content=\"Equipe MH\" \/>\n<meta name=\"twitter:card\" content=\"summary_large_image\" \/>\n<meta name=\"twitter:label1\" content=\"Escrito por\" \/>\n\t<meta name=\"twitter:data1\" content=\"Equipe MH\" \/>\n\t<meta name=\"twitter:label2\" content=\"Est. tempo de leitura\" \/>\n\t<meta name=\"twitter:data2\" content=\"2 minutos\" \/>\n<script type=\"application\/ld+json\" class=\"yoast-schema-graph\">{\"@context\":\"https:\/\/schema.org\",\"@graph\":[{\"@type\":\"Article\",\"@id\":\"https:\/\/mhcalculos.com.br\/noticias\/area\/previdenciario\/trf4-tribunal-determina-estudo-socioeconomico-para-concessao-de-beneficio-a-mulher-com-doenca-mental-leve-21-07-2020.html#article\",\"isPartOf\":{\"@id\":\"https:\/\/mhcalculos.com.br\/noticias\/area\/previdenciario\/trf4-tribunal-determina-estudo-socioeconomico-para-concessao-de-beneficio-a-mulher-com-doenca-mental-leve-21-07-2020.html\"},\"author\":{\"name\":\"Equipe MH\",\"@id\":\"https:\/\/mhcalculos.com.br\/noticias\/#\/schema\/person\/88d1c34bf72dc779ea14a5a6b8e0ae8d\"},\"headline\":\"TRF4: Tribunal&nbsp;determina estudo socioecon\u00f4mico para concess\u00e3o de benef\u00edcio \u00e0 mulher com doen\u00e7a mental leve (21\/07\/2020)\",\"datePublished\":\"2020-07-22T08:05:06+00:00\",\"dateModified\":\"2021-07-28T17:29:23+00:00\",\"mainEntityOfPage\":{\"@id\":\"https:\/\/mhcalculos.com.br\/noticias\/area\/previdenciario\/trf4-tribunal-determina-estudo-socioeconomico-para-concessao-de-beneficio-a-mulher-com-doenca-mental-leve-21-07-2020.html\"},\"wordCount\":415,\"commentCount\":0,\"image\":{\"@id\":\"https:\/\/mhcalculos.com.br\/noticias\/area\/previdenciario\/trf4-tribunal-determina-estudo-socioeconomico-para-concessao-de-beneficio-a-mulher-com-doenca-mental-leve-21-07-2020.html#primaryimage\"},\"thumbnailUrl\":\"https:\/\/www2.trf4.jus.br\/trf4\/upload\/editor\/dsy_inss_abr.jpg\",\"keywords\":[\"aposentadoria\",\"c\u00e1lculos previdenci\u00e1rios\",\"direito previdenci\u00e1rio\",\"inss\",\"per\u00edcia\",\"perito\",\"trf4\"],\"articleSection\":[\"Direito Previdenci\u00e1rio\",\"TRF4\"],\"inLanguage\":\"pt-BR\",\"potentialAction\":[{\"@type\":\"CommentAction\",\"name\":\"Comment\",\"target\":[\"https:\/\/mhcalculos.com.br\/noticias\/area\/previdenciario\/trf4-tribunal-determina-estudo-socioeconomico-para-concessao-de-beneficio-a-mulher-com-doenca-mental-leve-21-07-2020.html#respond\"]}]},{\"@type\":\"WebPage\",\"@id\":\"https:\/\/mhcalculos.com.br\/noticias\/area\/previdenciario\/trf4-tribunal-determina-estudo-socioeconomico-para-concessao-de-beneficio-a-mulher-com-doenca-mental-leve-21-07-2020.html\",\"url\":\"https:\/\/mhcalculos.com.br\/noticias\/area\/previdenciario\/trf4-tribunal-determina-estudo-socioeconomico-para-concessao-de-beneficio-a-mulher-com-doenca-mental-leve-21-07-2020.html\",\"name\":\"TRF4: Tribunal&nbsp;determina estudo socioecon\u00f4mico para concess\u00e3o de benef\u00edcio \u00e0 mulher com doen\u00e7a mental leve (21\/07\/2020) | Portal de Not\u00edcias\",\"isPartOf\":{\"@id\":\"https:\/\/mhcalculos.com.br\/noticias\/#website\"},\"primaryImageOfPage\":{\"@id\":\"https:\/\/mhcalculos.com.br\/noticias\/area\/previdenciario\/trf4-tribunal-determina-estudo-socioeconomico-para-concessao-de-beneficio-a-mulher-com-doenca-mental-leve-21-07-2020.html#primaryimage\"},\"image\":{\"@id\":\"https:\/\/mhcalculos.com.br\/noticias\/area\/previdenciario\/trf4-tribunal-determina-estudo-socioeconomico-para-concessao-de-beneficio-a-mulher-com-doenca-mental-leve-21-07-2020.html#primaryimage\"},\"thumbnailUrl\":\"https:\/\/www2.trf4.jus.br\/trf4\/upload\/editor\/dsy_inss_abr.jpg\",\"datePublished\":\"2020-07-22T08:05:06+00:00\",\"dateModified\":\"2021-07-28T17:29:23+00:00\",\"author\":{\"@id\":\"https:\/\/mhcalculos.com.br\/noticias\/#\/schema\/person\/88d1c34bf72dc779ea14a5a6b8e0ae8d\"},\"breadcrumb\":{\"@id\":\"https:\/\/mhcalculos.com.br\/noticias\/area\/previdenciario\/trf4-tribunal-determina-estudo-socioeconomico-para-concessao-de-beneficio-a-mulher-com-doenca-mental-leve-21-07-2020.html#breadcrumb\"},\"inLanguage\":\"pt-BR\",\"potentialAction\":[{\"@type\":\"ReadAction\",\"target\":[\"https:\/\/mhcalculos.com.br\/noticias\/area\/previdenciario\/trf4-tribunal-determina-estudo-socioeconomico-para-concessao-de-beneficio-a-mulher-com-doenca-mental-leve-21-07-2020.html\"]}]},{\"@type\":\"ImageObject\",\"inLanguage\":\"pt-BR\",\"@id\":\"https:\/\/mhcalculos.com.br\/noticias\/area\/previdenciario\/trf4-tribunal-determina-estudo-socioeconomico-para-concessao-de-beneficio-a-mulher-com-doenca-mental-leve-21-07-2020.html#primaryimage\",\"url\":\"https:\/\/www2.trf4.jus.br\/trf4\/upload\/editor\/dsy_inss_abr.jpg\",\"contentUrl\":\"https:\/\/www2.trf4.jus.br\/trf4\/upload\/editor\/dsy_inss_abr.jpg\"},{\"@type\":\"BreadcrumbList\",\"@id\":\"https:\/\/mhcalculos.com.br\/noticias\/area\/previdenciario\/trf4-tribunal-determina-estudo-socioeconomico-para-concessao-de-beneficio-a-mulher-com-doenca-mental-leve-21-07-2020.html#breadcrumb\",\"itemListElement\":[{\"@type\":\"ListItem\",\"position\":1,\"name\":\"In\u00edcio\",\"item\":\"https:\/\/mhcalculos.com.br\/noticias\/\"},{\"@type\":\"ListItem\",\"position\":2,\"name\":\"TRF4: Tribunal&nbsp;determina estudo socioecon\u00f4mico para concess\u00e3o de benef\u00edcio \u00e0 mulher com doen\u00e7a mental leve (21\/07\/2020)\"}]},{\"@type\":\"WebSite\",\"@id\":\"https:\/\/mhcalculos.com.br\/noticias\/#website\",\"url\":\"https:\/\/mhcalculos.com.br\/noticias\/\",\"name\":\"Portal de Not\u00edcias\",\"description\":\"Not\u00edcias e Jurisprud\u00eancia\",\"potentialAction\":[{\"@type\":\"SearchAction\",\"target\":{\"@type\":\"EntryPoint\",\"urlTemplate\":\"https:\/\/mhcalculos.com.br\/noticias\/?s={search_term_string}\"},\"query-input\":{\"@type\":\"PropertyValueSpecification\",\"valueRequired\":true,\"valueName\":\"search_term_string\"}}],\"inLanguage\":\"pt-BR\"},{\"@type\":\"Person\",\"@id\":\"https:\/\/mhcalculos.com.br\/noticias\/#\/schema\/person\/88d1c34bf72dc779ea14a5a6b8e0ae8d\",\"name\":\"Equipe MH\",\"image\":{\"@type\":\"ImageObject\",\"inLanguage\":\"pt-BR\",\"@id\":\"https:\/\/secure.gravatar.com\/avatar\/de1c686c2ecc9c5a3f327e3431d819eb39f8f05d4e1045f5a1caad6daaba987f?s=96&d=mm&r=g\",\"url\":\"https:\/\/secure.gravatar.com\/avatar\/de1c686c2ecc9c5a3f327e3431d819eb39f8f05d4e1045f5a1caad6daaba987f?s=96&d=mm&r=g\",\"contentUrl\":\"https:\/\/secure.gravatar.com\/avatar\/de1c686c2ecc9c5a3f327e3431d819eb39f8f05d4e1045f5a1caad6daaba987f?s=96&d=mm&r=g\",\"caption\":\"Equipe MH\"}}]}<\/script>\n<!-- \/ Yoast SEO plugin. -->","yoast_head_json":{"title":"TRF4: Tribunal&nbsp;determina estudo socioecon\u00f4mico para concess\u00e3o de benef\u00edcio \u00e0 mulher com doen\u00e7a mental leve (21\/07\/2020) | Portal de Not\u00edcias","robots":{"index":"index","follow":"follow","max-snippet":"max-snippet:-1","max-image-preview":"max-image-preview:large","max-video-preview":"max-video-preview:-1"},"canonical":"https:\/\/mhcalculos.com.br\/noticias\/area\/previdenciario\/trf4-tribunal-determina-estudo-socioeconomico-para-concessao-de-beneficio-a-mulher-com-doenca-mental-leve-21-07-2020.html","og_locale":"pt_BR","og_type":"article","og_title":"TRF4: Tribunal&nbsp;determina estudo socioecon\u00f4mico para concess\u00e3o de benef\u00edcio \u00e0 mulher com doen\u00e7a mental leve (21\/07\/2020) | Portal de Not\u00edcias","og_description":"O Tribunal Regional Federal da 4\u00aa Regi\u00e3o (TRF4) anulou senten\u00e7a que julgou improcedente o pedido de concess\u00e3o de benef\u00edcio assistencial de presta\u00e7\u00e3o continuada a uma mulher de 39 anos, diagnosticada com retardo mental leve e transtorno de ansiedade. Em julgamento por sess\u00e3o telepresencial na \u00faltima\u00a0quarta-feira (15\/7), a 6\u00aa Turma da Corte determinou, por unanimidade, que [&hellip;]","og_url":"https:\/\/mhcalculos.com.br\/noticias\/area\/previdenciario\/trf4-tribunal-determina-estudo-socioeconomico-para-concessao-de-beneficio-a-mulher-com-doenca-mental-leve-21-07-2020.html","og_site_name":"Portal de Not\u00edcias","article_published_time":"2020-07-22T08:05:06+00:00","article_modified_time":"2021-07-28T17:29:23+00:00","og_image":[{"url":"https:\/\/www2.trf4.jus.br\/trf4\/upload\/editor\/dsy_inss_abr.jpg","type":"","width":"","height":""}],"author":"Equipe MH","twitter_card":"summary_large_image","twitter_misc":{"Escrito por":"Equipe MH","Est. tempo de leitura":"2 minutos"},"schema":{"@context":"https:\/\/schema.org","@graph":[{"@type":"Article","@id":"https:\/\/mhcalculos.com.br\/noticias\/area\/previdenciario\/trf4-tribunal-determina-estudo-socioeconomico-para-concessao-de-beneficio-a-mulher-com-doenca-mental-leve-21-07-2020.html#article","isPartOf":{"@id":"https:\/\/mhcalculos.com.br\/noticias\/area\/previdenciario\/trf4-tribunal-determina-estudo-socioeconomico-para-concessao-de-beneficio-a-mulher-com-doenca-mental-leve-21-07-2020.html"},"author":{"name":"Equipe MH","@id":"https:\/\/mhcalculos.com.br\/noticias\/#\/schema\/person\/88d1c34bf72dc779ea14a5a6b8e0ae8d"},"headline":"TRF4: Tribunal&nbsp;determina estudo socioecon\u00f4mico para concess\u00e3o de benef\u00edcio \u00e0 mulher com doen\u00e7a mental leve (21\/07\/2020)","datePublished":"2020-07-22T08:05:06+00:00","dateModified":"2021-07-28T17:29:23+00:00","mainEntityOfPage":{"@id":"https:\/\/mhcalculos.com.br\/noticias\/area\/previdenciario\/trf4-tribunal-determina-estudo-socioeconomico-para-concessao-de-beneficio-a-mulher-com-doenca-mental-leve-21-07-2020.html"},"wordCount":415,"commentCount":0,"image":{"@id":"https:\/\/mhcalculos.com.br\/noticias\/area\/previdenciario\/trf4-tribunal-determina-estudo-socioeconomico-para-concessao-de-beneficio-a-mulher-com-doenca-mental-leve-21-07-2020.html#primaryimage"},"thumbnailUrl":"https:\/\/www2.trf4.jus.br\/trf4\/upload\/editor\/dsy_inss_abr.jpg","keywords":["aposentadoria","c\u00e1lculos previdenci\u00e1rios","direito previdenci\u00e1rio","inss","per\u00edcia","perito","trf4"],"articleSection":["Direito Previdenci\u00e1rio","TRF4"],"inLanguage":"pt-BR","potentialAction":[{"@type":"CommentAction","name":"Comment","target":["https:\/\/mhcalculos.com.br\/noticias\/area\/previdenciario\/trf4-tribunal-determina-estudo-socioeconomico-para-concessao-de-beneficio-a-mulher-com-doenca-mental-leve-21-07-2020.html#respond"]}]},{"@type":"WebPage","@id":"https:\/\/mhcalculos.com.br\/noticias\/area\/previdenciario\/trf4-tribunal-determina-estudo-socioeconomico-para-concessao-de-beneficio-a-mulher-com-doenca-mental-leve-21-07-2020.html","url":"https:\/\/mhcalculos.com.br\/noticias\/area\/previdenciario\/trf4-tribunal-determina-estudo-socioeconomico-para-concessao-de-beneficio-a-mulher-com-doenca-mental-leve-21-07-2020.html","name":"TRF4: Tribunal&nbsp;determina estudo socioecon\u00f4mico para concess\u00e3o de benef\u00edcio \u00e0 mulher com doen\u00e7a mental leve (21\/07\/2020) | Portal de Not\u00edcias","isPartOf":{"@id":"https:\/\/mhcalculos.com.br\/noticias\/#website"},"primaryImageOfPage":{"@id":"https:\/\/mhcalculos.com.br\/noticias\/area\/previdenciario\/trf4-tribunal-determina-estudo-socioeconomico-para-concessao-de-beneficio-a-mulher-com-doenca-mental-leve-21-07-2020.html#primaryimage"},"image":{"@id":"https:\/\/mhcalculos.com.br\/noticias\/area\/previdenciario\/trf4-tribunal-determina-estudo-socioeconomico-para-concessao-de-beneficio-a-mulher-com-doenca-mental-leve-21-07-2020.html#primaryimage"},"thumbnailUrl":"https:\/\/www2.trf4.jus.br\/trf4\/upload\/editor\/dsy_inss_abr.jpg","datePublished":"2020-07-22T08:05:06+00:00","dateModified":"2021-07-28T17:29:23+00:00","author":{"@id":"https:\/\/mhcalculos.com.br\/noticias\/#\/schema\/person\/88d1c34bf72dc779ea14a5a6b8e0ae8d"},"breadcrumb":{"@id":"https:\/\/mhcalculos.com.br\/noticias\/area\/previdenciario\/trf4-tribunal-determina-estudo-socioeconomico-para-concessao-de-beneficio-a-mulher-com-doenca-mental-leve-21-07-2020.html#breadcrumb"},"inLanguage":"pt-BR","potentialAction":[{"@type":"ReadAction","target":["https:\/\/mhcalculos.com.br\/noticias\/area\/previdenciario\/trf4-tribunal-determina-estudo-socioeconomico-para-concessao-de-beneficio-a-mulher-com-doenca-mental-leve-21-07-2020.html"]}]},{"@type":"ImageObject","inLanguage":"pt-BR","@id":"https:\/\/mhcalculos.com.br\/noticias\/area\/previdenciario\/trf4-tribunal-determina-estudo-socioeconomico-para-concessao-de-beneficio-a-mulher-com-doenca-mental-leve-21-07-2020.html#primaryimage","url":"https:\/\/www2.trf4.jus.br\/trf4\/upload\/editor\/dsy_inss_abr.jpg","contentUrl":"https:\/\/www2.trf4.jus.br\/trf4\/upload\/editor\/dsy_inss_abr.jpg"},{"@type":"BreadcrumbList","@id":"https:\/\/mhcalculos.com.br\/noticias\/area\/previdenciario\/trf4-tribunal-determina-estudo-socioeconomico-para-concessao-de-beneficio-a-mulher-com-doenca-mental-leve-21-07-2020.html#breadcrumb","itemListElement":[{"@type":"ListItem","position":1,"name":"In\u00edcio","item":"https:\/\/mhcalculos.com.br\/noticias\/"},{"@type":"ListItem","position":2,"name":"TRF4: Tribunal&nbsp;determina estudo socioecon\u00f4mico para concess\u00e3o de benef\u00edcio \u00e0 mulher com doen\u00e7a mental leve (21\/07\/2020)"}]},{"@type":"WebSite","@id":"https:\/\/mhcalculos.com.br\/noticias\/#website","url":"https:\/\/mhcalculos.com.br\/noticias\/","name":"Portal de Not\u00edcias","description":"Not\u00edcias e Jurisprud\u00eancia","potentialAction":[{"@type":"SearchAction","target":{"@type":"EntryPoint","urlTemplate":"https:\/\/mhcalculos.com.br\/noticias\/?s={search_term_string}"},"query-input":{"@type":"PropertyValueSpecification","valueRequired":true,"valueName":"search_term_string"}}],"inLanguage":"pt-BR"},{"@type":"Person","@id":"https:\/\/mhcalculos.com.br\/noticias\/#\/schema\/person\/88d1c34bf72dc779ea14a5a6b8e0ae8d","name":"Equipe MH","image":{"@type":"ImageObject","inLanguage":"pt-BR","@id":"https:\/\/secure.gravatar.com\/avatar\/de1c686c2ecc9c5a3f327e3431d819eb39f8f05d4e1045f5a1caad6daaba987f?s=96&d=mm&r=g","url":"https:\/\/secure.gravatar.com\/avatar\/de1c686c2ecc9c5a3f327e3431d819eb39f8f05d4e1045f5a1caad6daaba987f?s=96&d=mm&r=g","contentUrl":"https:\/\/secure.gravatar.com\/avatar\/de1c686c2ecc9c5a3f327e3431d819eb39f8f05d4e1045f5a1caad6daaba987f?s=96&d=mm&r=g","caption":"Equipe MH"}}]}},"_links":{"self":[{"href":"https:\/\/mhcalculos.com.br\/noticias\/wp-json\/wp\/v2\/posts\/7342","targetHints":{"allow":["GET"]}}],"collection":[{"href":"https:\/\/mhcalculos.com.br\/noticias\/wp-json\/wp\/v2\/posts"}],"about":[{"href":"https:\/\/mhcalculos.com.br\/noticias\/wp-json\/wp\/v2\/types\/post"}],"author":[{"embeddable":true,"href":"https:\/\/mhcalculos.com.br\/noticias\/wp-json\/wp\/v2\/users\/3063"}],"replies":[{"embeddable":true,"href":"https:\/\/mhcalculos.com.br\/noticias\/wp-json\/wp\/v2\/comments?post=7342"}],"version-history":[{"count":1,"href":"https:\/\/mhcalculos.com.br\/noticias\/wp-json\/wp\/v2\/posts\/7342\/revisions"}],"predecessor-version":[{"id":9023,"href":"https:\/\/mhcalculos.com.br\/noticias\/wp-json\/wp\/v2\/posts\/7342\/revisions\/9023"}],"wp:attachment":[{"href":"https:\/\/mhcalculos.com.br\/noticias\/wp-json\/wp\/v2\/media?parent=7342"}],"wp:term":[{"taxonomy":"category","embeddable":true,"href":"https:\/\/mhcalculos.com.br\/noticias\/wp-json\/wp\/v2\/categories?post=7342"},{"taxonomy":"post_tag","embeddable":true,"href":"https:\/\/mhcalculos.com.br\/noticias\/wp-json\/wp\/v2\/tags?post=7342"}],"curies":[{"name":"wp","href":"https:\/\/api.w.org\/{rel}","templated":true}]}}