{"id":7289,"date":"2020-07-01T16:05:13","date_gmt":"2020-07-01T19:05:13","guid":{"rendered":"https:\/\/mhcalculos.com.br\/noticias\/area\/previdenciario\/trf3-tribunal-julga-2-473-processos-de-22-a-25-de-junho.html"},"modified":"2021-07-28T14:29:30","modified_gmt":"2021-07-28T17:29:30","slug":"trf3-tribunal-julga-2-473-processos-de-22-a-25-de-junho","status":"publish","type":"post","link":"https:\/\/mhcalculos.com.br\/noticias\/area\/previdenciario\/trf3-tribunal-julga-2-473-processos-de-22-a-25-de-junho.html","title":{"rendered":"TRF3: TRIBUNAL&nbsp;JULGA 2.473 PROCESSOS DE 22 A 25 DE JUNHO"},"content":{"rendered":"\n<div class=\"mat\">\n<p><em>Balan\u00e7o re\u00fane sess\u00f5es\u00a0eletr\u00f4nicas\u00a0realizadas por Turmas, Se\u00e7\u00f5es e o \u00d3rg\u00e3o\u00a0Especial\u00a0<\/em><\/p>\n<p>Seis\u00a0Turmas, uma Se\u00e7\u00e3o\u00a0e o \u00d3rg\u00e3o Especial do Tribunal Regional Federal da 3\u00aa Regi\u00e3o (TRF3)\u00a0julgaram\u00a02.473\u00a0processos em sess\u00f5es virtuais do sistema Processo Judicial Eletr\u00f4nico (PJe) e do Sistema de Acompanhamento Processual (Siapro), entre os dias\u00a022\u00a0e 25\u00a0de junho. Como medida para o enfrentamento da emerg\u00eancia de sa\u00fade p\u00fablica decorrente do novo\u00a0coronav\u00edrus,\u00a0as\u00a0sess\u00f5es previstas como presenciais foram realizadas por meio eletr\u00f4nico, garantindo a continuidade da presta\u00e7\u00e3o jurisdicional.\u00a0<\/p>\n<p>A <a href=\"https:\/\/www.trf3.jus.br\/documentos\/acom\/banner\/Portaria_Conjunta_PRES_CORE_9.pdf\">Portaria Conjunta PRES\/CORE n\u00ba 09\/2020<\/a>, de 22\/6, determinou\u00a0a suspens\u00e3o dos prazos de processos judiciais e administrativos f\u00edsicos at\u00e9 o dia 26 de julho, assim como a designa\u00e7\u00e3o de atos presenciais.\u00a0\u00a0<\/p>\n<p><strong>Primeira Turma<\/strong>\u00a0<\/p>\n<p>A Primeira Turma realizou sess\u00e3o virtual de julgamento no dia\u00a023\u00a0de junho. Dos\u00a0433\u00a0processos pautados,\u00a0374\u00a0foram julgados.\u00a0<\/p>\n<p>Composta pelos desembargadores federais H\u00e9lio Nogueira, Wilson\u00a0Zauhy\u00a0(presidente) e Valdeci dos Santos, o colegiado faz parte da Primeira Se\u00e7\u00e3o da corte, que tem compet\u00eancia para julgar processos sobre contribui\u00e7\u00f5es destinadas ao custeio da Previd\u00eancia Social; mat\u00e9rias de Direito Privado, como dom\u00ednio e posse, loca\u00e7\u00e3o de im\u00f3veis, direitos reais, constitui\u00e7\u00e3o e liquida\u00e7\u00e3o de sociedades; propriedade industrial; registros p\u00fablicos; e servidores civis e militares.\u00a0<\/p>\n<p>A pr\u00f3xima sess\u00e3o da Primeira Turma, tamb\u00e9m virtual, ser\u00e1 realizada no dia\u00a07\u00a0de julho.\u00a0<\/p>\n<p><strong>Segunda Turma\u00a0<\/strong><\/p>\n<p>A Segunda Turma tamb\u00e9m realizou sess\u00e3o\u00a0eletr\u00f4nica no dia\u00a023\u00a0de junho.\u00a0<\/p>\n<p>Na ocasi\u00e3o, foram julgados 362. A pauta reuniu mat\u00e9rias como execu\u00e7\u00f5es fiscais, contribui\u00e7\u00f5es previdenci\u00e1rias, contratos banc\u00e1rios, sistema financeiro da habita\u00e7\u00e3o (SFH), contratos de cr\u00e9dito estudantil (Fies) e quest\u00f5es relativas a servidores p\u00fablicos federais.\u00a0<\/p>\n<p>O colegiado \u00e9 formado pelos desembargadores federais Cotrim Guimar\u00e3es (presidente), Peixoto J\u00fanior e Carlos Francisco.\u00a0<\/p>\n<p>A pr\u00f3xima sess\u00e3o de\u00a0julgamento da Segunda Turma ser\u00e1 realizada no dia\u00a07\u00a0de julho, na modalidade virtual.\u00a0<\/p>\n<p><strong>Quinta Turma\u00a0<\/strong><\/p>\n<p>Especializada em mat\u00e9ria criminal, a Quinta Turma realizou sess\u00e3o virtual no dia\u00a022\u00a0de junho. De\u00a053\u00a0processos pautados,\u00a040\u00a0foram julgados.\u00a0<\/p>\n<p>Composto pelos desembargadores federais Andr\u00e9\u00a0Nekatschalow\u00a0(presidente), Paulo Fontes e Maur\u00edcio Kato, o colegiado faz parte da Quarta Se\u00e7\u00e3o da corte.\u00a0<\/p>\n<p>A pr\u00f3xima sess\u00e3o\u00a0da\u00a0Quinta Turma, tamb\u00e9m virtual, ser\u00e1 realizada no dia 27\u00a0de julho.\u00a0<\/p>\n<p><strong>S\u00e9tima Turma\u00a0<\/strong><\/p>\n<p>A S\u00e9tima Turma realizou sess\u00e3o eletr\u00f4nica no dia\u00a022\u00a0de junho. Na ocasi\u00e3o, foram julgados\u00a0657\u00a0de\u00a0696\u00a0processos pautados ou apresentados em mesas pelos desembargadores federais.\u00a0<\/p>\n<p>Integrante da Terceira Se\u00e7\u00e3o, o colegiado tem compet\u00eancia para julgar mat\u00e9rias relacionadas \u00e0 Previd\u00eancia e a Assist\u00eancia Social, como aposentadoria por idade rural e urbana, aux\u00edlio-doen\u00e7a, aposentadoria por invalidez, aux\u00edlio-reclus\u00e3o, Loas, pens\u00e3o por morte, aposentadoria por tempo de servi\u00e7o e sal\u00e1rio maternidade.\u00a0<\/p>\n<p>A Turma \u00e9 formada pelos desembargadores federais\u00a0Toru\u00a0Yamamoto, Paulo Domingues (presidente), Carlos Delgado e In\u00eas Virg\u00ednia.\u00a0<\/p>\n<p>A pr\u00f3xima sess\u00e3o de julgamento ser\u00e1 realizada no dia 20\u00a0de julho, tamb\u00e9m na modalidade virtual.\u00a0<\/p>\n<p><strong>Oitava Turma\u00a0<\/strong><\/p>\n<p>A Oitava Turma realizou sess\u00e3o virtual ordin\u00e1ria no dia 22 de junho, quando 481 dos 491 processos pautados foram julgados. No dia seguinte (23\/06), o colegiado realizou sess\u00e3o extraordin\u00e1ria e julgou mais 253 processos.\u00a0\u00a0<\/p>\n<p>Os desembargadores federais Newton de\u00a0Lucca, Therezinha\u00a0Cazerta, Luiz Stefanini e David Dantas (presidente) comp\u00f5em a Oitava Turma. O colegiado integra a Terceira Se\u00e7\u00e3o do TRF3 e tem compet\u00eancia para analisar mat\u00e9rias de Previd\u00eancia e Assist\u00eancia social.\u00a0<\/p>\n<p>A pr\u00f3xima sess\u00e3o do colegiado ser\u00e1 realizada no dia 6 de julho.\u00a0<\/p>\n<p><strong>D\u00e9cima Primeira Turma\u00a0<\/strong><\/p>\n<p>No dia 25 de junho, a D\u00e9cima Primeira Turma julgou 83 processos eletr\u00f4nicos e 143 processos f\u00edsicos. A sess\u00e3o contou com 16 sustenta\u00e7\u00f5es orais por videoconfer\u00eancia, com a participa\u00e7\u00e3o de advogados do Distrito Federal, Minas Gerais, Mato Grosso do Sul, Santa Catarina, Rio Grande do Sul e Rio Janeiro.\u00a0\u00a0<\/p>\n<p>O colegiado \u00e9 composto pelos desembargadores federais Nino Toldo (presidente), Fausto De\u00a0Sanctis\u00a0e Jos\u00e9\u00a0Lunardelli\u00a0e julga mat\u00e9rias criminais.\u00a0<\/p>\n<p>A pr\u00f3xima sess\u00e3o de julgamento da D\u00e9cima Primeira Turma ser\u00e1 realizada no dia 23 de julho.\u00a0\u00a0<\/p>\n<p><strong>Terceira Se\u00e7\u00e3o\u00a0<\/strong><\/p>\n<p>A Terceira Se\u00e7\u00e3o julgou 75 de 88 processos pautados de forma virtual no dia 26 de junho.\u00a0<\/p>\n<p>A pr\u00f3xima sess\u00e3o eletr\u00f4nica do colegiado ser\u00e1 realizada no dia 23 de julho.\u00a0<\/p>\n<p><strong>\u00d3rg\u00e3o Especial\u00a0<\/strong><\/p>\n<p>O \u00d3rg\u00e3o Especial do TRF3 realizou sess\u00e3o no dia\u00a024\u00a0de junho. Na sess\u00e3o judici\u00e1ria,\u00a0foram julgados\u00a05 de\u00a07 processos que estavam\u00a0em\u00a0pauta. J\u00e1 na administrativa, foi referendado um ato.\u00a0<\/p>\n<p>O colegiado \u00e9 constitu\u00eddo de 18 desembargadores federais: o presidente do TRF3; o vice-presidente, o corregedor-regional e mais quinze desembargadores. Metade das vagas s\u00e3o providas por antiguidade e o restante, por elei\u00e7\u00e3o pelo plen\u00e1rio.\u00a0<\/p>\n<p>A pr\u00f3xima sess\u00e3o do \u00d3rg\u00e3o Especial ocorre no dia\u00a08\u00a0de julho.\u00a0<\/p>\n<p>Para a pr\u00f3xima semana, est\u00e3o agendadas sess\u00f5es de julgamento virtual da Oitava Turma (6\/7); da Primeira,\u00a0Segunda Turma\u00a0e Segunda Se\u00e7\u00e3o\u00a0(7\/7); \u00d3rg\u00e3o Especial (8\/7).\u00a0\u00a0<\/p>\n<p>Clique <a href=\"https:\/\/www.%3Cb%3Etrf3%3C\/b%3E.jus.br\/seju\/sessoes-de-%3Cb%3Ejulga%3C\/b%3Ementos-datas\/\">aqui<\/a> para acessar o calend\u00e1rio das sess\u00f5es de julgamento das Turmas e Se\u00e7\u00f5es do TRF3.\u00a0<\/p>\n<p>\u00a0<\/p>\n<\/div>\n<p><i>Com informa\u00e7\u00f5es da assessoria de imprensa do TRF3.<\/i><br \/>\n<br \/><a href=\"http:\/\/web.trf3.jus.br\/noticias\/Noticias\/Noticia\/Exibir\/396482\">Fonte<\/a><br \/>\n<br \/><\/p>\n","protected":false},"excerpt":{"rendered":"<p>Balan\u00e7o re\u00fane sess\u00f5es\u00a0eletr\u00f4nicas\u00a0realizadas por Turmas, Se\u00e7\u00f5es e o \u00d3rg\u00e3o\u00a0Especial\u00a0 Seis\u00a0Turmas, uma Se\u00e7\u00e3o\u00a0e o \u00d3rg\u00e3o Especial do Tribunal Regional Federal da 3\u00aa Regi\u00e3o (TRF3)\u00a0julgaram\u00a02.473\u00a0processos em sess\u00f5es virtuais do sistema Processo Judicial Eletr\u00f4nico (PJe) e do Sistema de Acompanhamento Processual (Siapro), entre os dias\u00a022\u00a0e 25\u00a0de junho. Como medida para o enfrentamento da emerg\u00eancia de sa\u00fade p\u00fablica decorrente [&hellip;]<\/p>\n","protected":false},"author":3063,"featured_media":2709,"comment_status":"open","ping_status":"open","sticky":false,"template":"","format":"standard","meta":{"footnotes":""},"categories":[5,110],"tags":[11,10,8,13,9,12,152],"class_list":{"0":"post-7289","1":"post","2":"type-post","3":"status-publish","4":"format-standard","5":"has-post-thumbnail","7":"category-previdenciario","8":"category-trf3","9":"tag-aposentadoria","10":"tag-calculos-previdenciarios","11":"tag-direito-previdenciario","12":"tag-inss","13":"tag-pericia","14":"tag-perito","15":"tag-trf3"},"yoast_head":"<!-- This site is optimized with the Yoast SEO plugin v27.2 - https:\/\/yoast.com\/product\/yoast-seo-wordpress\/ -->\n<title>TRF3: TRIBUNAL&nbsp;JULGA 2.473 PROCESSOS DE 22 A 25 DE JUNHO | Portal de Not\u00edcias<\/title>\n<meta name=\"robots\" content=\"index, follow, max-snippet:-1, max-image-preview:large, max-video-preview:-1\" \/>\n<link rel=\"canonical\" href=\"https:\/\/mhcalculos.com.br\/noticias\/area\/previdenciario\/trf3-tribunal-julga-2-473-processos-de-22-a-25-de-junho.html\" \/>\n<meta property=\"og:locale\" content=\"pt_BR\" \/>\n<meta property=\"og:type\" content=\"article\" \/>\n<meta property=\"og:title\" content=\"TRF3: TRIBUNAL&nbsp;JULGA 2.473 PROCESSOS DE 22 A 25 DE JUNHO | Portal de Not\u00edcias\" \/>\n<meta property=\"og:description\" content=\"Balan\u00e7o re\u00fane sess\u00f5es\u00a0eletr\u00f4nicas\u00a0realizadas por Turmas, Se\u00e7\u00f5es e o \u00d3rg\u00e3o\u00a0Especial\u00a0 Seis\u00a0Turmas, uma Se\u00e7\u00e3o\u00a0e o \u00d3rg\u00e3o Especial do Tribunal Regional Federal da 3\u00aa Regi\u00e3o (TRF3)\u00a0julgaram\u00a02.473\u00a0processos em sess\u00f5es virtuais do sistema Processo Judicial Eletr\u00f4nico (PJe) e do Sistema de Acompanhamento Processual (Siapro), entre os dias\u00a022\u00a0e 25\u00a0de junho. Como medida para o enfrentamento da emerg\u00eancia de sa\u00fade p\u00fablica decorrente [&hellip;]\" \/>\n<meta property=\"og:url\" content=\"https:\/\/mhcalculos.com.br\/noticias\/area\/previdenciario\/trf3-tribunal-julga-2-473-processos-de-22-a-25-de-junho.html\" \/>\n<meta property=\"og:site_name\" content=\"Portal de Not\u00edcias\" \/>\n<meta property=\"article:published_time\" content=\"2020-07-01T19:05:13+00:00\" \/>\n<meta property=\"article:modified_time\" content=\"2021-07-28T17:29:30+00:00\" \/>\n<meta property=\"og:image\" content=\"https:\/\/mhcalculos.com.br\/noticias\/wp-content\/uploads\/sites\/2\/2018\/08\/previdenciario-0039.jpg\" \/>\n\t<meta property=\"og:image:width\" content=\"2000\" \/>\n\t<meta property=\"og:image:height\" content=\"800\" \/>\n\t<meta property=\"og:image:type\" content=\"image\/jpeg\" \/>\n<meta name=\"author\" content=\"Equipe MH\" \/>\n<meta name=\"twitter:card\" content=\"summary_large_image\" \/>\n<meta name=\"twitter:label1\" content=\"Escrito por\" \/>\n\t<meta name=\"twitter:data1\" content=\"Equipe MH\" \/>\n\t<meta name=\"twitter:label2\" content=\"Est. tempo de leitura\" \/>\n\t<meta name=\"twitter:data2\" content=\"4 minutos\" \/>\n<script type=\"application\/ld+json\" class=\"yoast-schema-graph\">{\"@context\":\"https:\/\/schema.org\",\"@graph\":[{\"@type\":\"Article\",\"@id\":\"https:\/\/mhcalculos.com.br\/noticias\/area\/previdenciario\/trf3-tribunal-julga-2-473-processos-de-22-a-25-de-junho.html#article\",\"isPartOf\":{\"@id\":\"https:\/\/mhcalculos.com.br\/noticias\/area\/previdenciario\/trf3-tribunal-julga-2-473-processos-de-22-a-25-de-junho.html\"},\"author\":{\"name\":\"Equipe MH\",\"@id\":\"https:\/\/mhcalculos.com.br\/noticias\/#\/schema\/person\/88d1c34bf72dc779ea14a5a6b8e0ae8d\"},\"headline\":\"TRF3: TRIBUNAL&nbsp;JULGA 2.473 PROCESSOS DE 22 A 25 DE JUNHO\",\"datePublished\":\"2020-07-01T19:05:13+00:00\",\"dateModified\":\"2021-07-28T17:29:30+00:00\",\"mainEntityOfPage\":{\"@id\":\"https:\/\/mhcalculos.com.br\/noticias\/area\/previdenciario\/trf3-tribunal-julga-2-473-processos-de-22-a-25-de-junho.html\"},\"wordCount\":891,\"commentCount\":0,\"image\":{\"@id\":\"https:\/\/mhcalculos.com.br\/noticias\/area\/previdenciario\/trf3-tribunal-julga-2-473-processos-de-22-a-25-de-junho.html#primaryimage\"},\"thumbnailUrl\":\"https:\/\/mhcalculos.com.br\/noticias\/wp-content\/uploads\/sites\/2\/2018\/08\/previdenciario-0039.jpg\",\"keywords\":[\"aposentadoria\",\"c\u00e1lculos previdenci\u00e1rios\",\"direito previdenci\u00e1rio\",\"inss\",\"per\u00edcia\",\"perito\",\"trf3\"],\"articleSection\":[\"Direito Previdenci\u00e1rio\",\"TRF3\"],\"inLanguage\":\"pt-BR\",\"potentialAction\":[{\"@type\":\"CommentAction\",\"name\":\"Comment\",\"target\":[\"https:\/\/mhcalculos.com.br\/noticias\/area\/previdenciario\/trf3-tribunal-julga-2-473-processos-de-22-a-25-de-junho.html#respond\"]}]},{\"@type\":\"WebPage\",\"@id\":\"https:\/\/mhcalculos.com.br\/noticias\/area\/previdenciario\/trf3-tribunal-julga-2-473-processos-de-22-a-25-de-junho.html\",\"url\":\"https:\/\/mhcalculos.com.br\/noticias\/area\/previdenciario\/trf3-tribunal-julga-2-473-processos-de-22-a-25-de-junho.html\",\"name\":\"TRF3: TRIBUNAL&nbsp;JULGA 2.473 PROCESSOS DE 22 A 25 DE JUNHO | Portal de Not\u00edcias\",\"isPartOf\":{\"@id\":\"https:\/\/mhcalculos.com.br\/noticias\/#website\"},\"primaryImageOfPage\":{\"@id\":\"https:\/\/mhcalculos.com.br\/noticias\/area\/previdenciario\/trf3-tribunal-julga-2-473-processos-de-22-a-25-de-junho.html#primaryimage\"},\"image\":{\"@id\":\"https:\/\/mhcalculos.com.br\/noticias\/area\/previdenciario\/trf3-tribunal-julga-2-473-processos-de-22-a-25-de-junho.html#primaryimage\"},\"thumbnailUrl\":\"https:\/\/mhcalculos.com.br\/noticias\/wp-content\/uploads\/sites\/2\/2018\/08\/previdenciario-0039.jpg\",\"datePublished\":\"2020-07-01T19:05:13+00:00\",\"dateModified\":\"2021-07-28T17:29:30+00:00\",\"author\":{\"@id\":\"https:\/\/mhcalculos.com.br\/noticias\/#\/schema\/person\/88d1c34bf72dc779ea14a5a6b8e0ae8d\"},\"breadcrumb\":{\"@id\":\"https:\/\/mhcalculos.com.br\/noticias\/area\/previdenciario\/trf3-tribunal-julga-2-473-processos-de-22-a-25-de-junho.html#breadcrumb\"},\"inLanguage\":\"pt-BR\",\"potentialAction\":[{\"@type\":\"ReadAction\",\"target\":[\"https:\/\/mhcalculos.com.br\/noticias\/area\/previdenciario\/trf3-tribunal-julga-2-473-processos-de-22-a-25-de-junho.html\"]}]},{\"@type\":\"ImageObject\",\"inLanguage\":\"pt-BR\",\"@id\":\"https:\/\/mhcalculos.com.br\/noticias\/area\/previdenciario\/trf3-tribunal-julga-2-473-processos-de-22-a-25-de-junho.html#primaryimage\",\"url\":\"https:\/\/mhcalculos.com.br\/noticias\/wp-content\/uploads\/sites\/2\/2018\/08\/previdenciario-0039.jpg\",\"contentUrl\":\"https:\/\/mhcalculos.com.br\/noticias\/wp-content\/uploads\/sites\/2\/2018\/08\/previdenciario-0039.jpg\",\"width\":2000,\"height\":800},{\"@type\":\"BreadcrumbList\",\"@id\":\"https:\/\/mhcalculos.com.br\/noticias\/area\/previdenciario\/trf3-tribunal-julga-2-473-processos-de-22-a-25-de-junho.html#breadcrumb\",\"itemListElement\":[{\"@type\":\"ListItem\",\"position\":1,\"name\":\"In\u00edcio\",\"item\":\"https:\/\/mhcalculos.com.br\/noticias\/\"},{\"@type\":\"ListItem\",\"position\":2,\"name\":\"TRF3: TRIBUNAL&nbsp;JULGA 2.473 PROCESSOS DE 22 A 25 DE JUNHO\"}]},{\"@type\":\"WebSite\",\"@id\":\"https:\/\/mhcalculos.com.br\/noticias\/#website\",\"url\":\"https:\/\/mhcalculos.com.br\/noticias\/\",\"name\":\"Portal de Not\u00edcias\",\"description\":\"Not\u00edcias e Jurisprud\u00eancia\",\"potentialAction\":[{\"@type\":\"SearchAction\",\"target\":{\"@type\":\"EntryPoint\",\"urlTemplate\":\"https:\/\/mhcalculos.com.br\/noticias\/?s={search_term_string}\"},\"query-input\":{\"@type\":\"PropertyValueSpecification\",\"valueRequired\":true,\"valueName\":\"search_term_string\"}}],\"inLanguage\":\"pt-BR\"},{\"@type\":\"Person\",\"@id\":\"https:\/\/mhcalculos.com.br\/noticias\/#\/schema\/person\/88d1c34bf72dc779ea14a5a6b8e0ae8d\",\"name\":\"Equipe MH\",\"image\":{\"@type\":\"ImageObject\",\"inLanguage\":\"pt-BR\",\"@id\":\"https:\/\/secure.gravatar.com\/avatar\/de1c686c2ecc9c5a3f327e3431d819eb39f8f05d4e1045f5a1caad6daaba987f?s=96&d=mm&r=g\",\"url\":\"https:\/\/secure.gravatar.com\/avatar\/de1c686c2ecc9c5a3f327e3431d819eb39f8f05d4e1045f5a1caad6daaba987f?s=96&d=mm&r=g\",\"contentUrl\":\"https:\/\/secure.gravatar.com\/avatar\/de1c686c2ecc9c5a3f327e3431d819eb39f8f05d4e1045f5a1caad6daaba987f?s=96&d=mm&r=g\",\"caption\":\"Equipe MH\"}}]}<\/script>\n<!-- \/ Yoast SEO plugin. -->","yoast_head_json":{"title":"TRF3: TRIBUNAL&nbsp;JULGA 2.473 PROCESSOS DE 22 A 25 DE JUNHO | Portal de Not\u00edcias","robots":{"index":"index","follow":"follow","max-snippet":"max-snippet:-1","max-image-preview":"max-image-preview:large","max-video-preview":"max-video-preview:-1"},"canonical":"https:\/\/mhcalculos.com.br\/noticias\/area\/previdenciario\/trf3-tribunal-julga-2-473-processos-de-22-a-25-de-junho.html","og_locale":"pt_BR","og_type":"article","og_title":"TRF3: TRIBUNAL&nbsp;JULGA 2.473 PROCESSOS DE 22 A 25 DE JUNHO | Portal de Not\u00edcias","og_description":"Balan\u00e7o re\u00fane sess\u00f5es\u00a0eletr\u00f4nicas\u00a0realizadas por Turmas, Se\u00e7\u00f5es e o \u00d3rg\u00e3o\u00a0Especial\u00a0 Seis\u00a0Turmas, uma Se\u00e7\u00e3o\u00a0e o \u00d3rg\u00e3o Especial do Tribunal Regional Federal da 3\u00aa Regi\u00e3o (TRF3)\u00a0julgaram\u00a02.473\u00a0processos em sess\u00f5es virtuais do sistema Processo Judicial Eletr\u00f4nico (PJe) e do Sistema de Acompanhamento Processual (Siapro), entre os dias\u00a022\u00a0e 25\u00a0de junho. Como medida para o enfrentamento da emerg\u00eancia de sa\u00fade p\u00fablica decorrente [&hellip;]","og_url":"https:\/\/mhcalculos.com.br\/noticias\/area\/previdenciario\/trf3-tribunal-julga-2-473-processos-de-22-a-25-de-junho.html","og_site_name":"Portal de Not\u00edcias","article_published_time":"2020-07-01T19:05:13+00:00","article_modified_time":"2021-07-28T17:29:30+00:00","og_image":[{"width":2000,"height":800,"url":"https:\/\/mhcalculos.com.br\/noticias\/wp-content\/uploads\/sites\/2\/2018\/08\/previdenciario-0039.jpg","type":"image\/jpeg"}],"author":"Equipe MH","twitter_card":"summary_large_image","twitter_misc":{"Escrito por":"Equipe MH","Est. tempo de leitura":"4 minutos"},"schema":{"@context":"https:\/\/schema.org","@graph":[{"@type":"Article","@id":"https:\/\/mhcalculos.com.br\/noticias\/area\/previdenciario\/trf3-tribunal-julga-2-473-processos-de-22-a-25-de-junho.html#article","isPartOf":{"@id":"https:\/\/mhcalculos.com.br\/noticias\/area\/previdenciario\/trf3-tribunal-julga-2-473-processos-de-22-a-25-de-junho.html"},"author":{"name":"Equipe MH","@id":"https:\/\/mhcalculos.com.br\/noticias\/#\/schema\/person\/88d1c34bf72dc779ea14a5a6b8e0ae8d"},"headline":"TRF3: TRIBUNAL&nbsp;JULGA 2.473 PROCESSOS DE 22 A 25 DE JUNHO","datePublished":"2020-07-01T19:05:13+00:00","dateModified":"2021-07-28T17:29:30+00:00","mainEntityOfPage":{"@id":"https:\/\/mhcalculos.com.br\/noticias\/area\/previdenciario\/trf3-tribunal-julga-2-473-processos-de-22-a-25-de-junho.html"},"wordCount":891,"commentCount":0,"image":{"@id":"https:\/\/mhcalculos.com.br\/noticias\/area\/previdenciario\/trf3-tribunal-julga-2-473-processos-de-22-a-25-de-junho.html#primaryimage"},"thumbnailUrl":"https:\/\/mhcalculos.com.br\/noticias\/wp-content\/uploads\/sites\/2\/2018\/08\/previdenciario-0039.jpg","keywords":["aposentadoria","c\u00e1lculos previdenci\u00e1rios","direito previdenci\u00e1rio","inss","per\u00edcia","perito","trf3"],"articleSection":["Direito Previdenci\u00e1rio","TRF3"],"inLanguage":"pt-BR","potentialAction":[{"@type":"CommentAction","name":"Comment","target":["https:\/\/mhcalculos.com.br\/noticias\/area\/previdenciario\/trf3-tribunal-julga-2-473-processos-de-22-a-25-de-junho.html#respond"]}]},{"@type":"WebPage","@id":"https:\/\/mhcalculos.com.br\/noticias\/area\/previdenciario\/trf3-tribunal-julga-2-473-processos-de-22-a-25-de-junho.html","url":"https:\/\/mhcalculos.com.br\/noticias\/area\/previdenciario\/trf3-tribunal-julga-2-473-processos-de-22-a-25-de-junho.html","name":"TRF3: TRIBUNAL&nbsp;JULGA 2.473 PROCESSOS DE 22 A 25 DE JUNHO | Portal de Not\u00edcias","isPartOf":{"@id":"https:\/\/mhcalculos.com.br\/noticias\/#website"},"primaryImageOfPage":{"@id":"https:\/\/mhcalculos.com.br\/noticias\/area\/previdenciario\/trf3-tribunal-julga-2-473-processos-de-22-a-25-de-junho.html#primaryimage"},"image":{"@id":"https:\/\/mhcalculos.com.br\/noticias\/area\/previdenciario\/trf3-tribunal-julga-2-473-processos-de-22-a-25-de-junho.html#primaryimage"},"thumbnailUrl":"https:\/\/mhcalculos.com.br\/noticias\/wp-content\/uploads\/sites\/2\/2018\/08\/previdenciario-0039.jpg","datePublished":"2020-07-01T19:05:13+00:00","dateModified":"2021-07-28T17:29:30+00:00","author":{"@id":"https:\/\/mhcalculos.com.br\/noticias\/#\/schema\/person\/88d1c34bf72dc779ea14a5a6b8e0ae8d"},"breadcrumb":{"@id":"https:\/\/mhcalculos.com.br\/noticias\/area\/previdenciario\/trf3-tribunal-julga-2-473-processos-de-22-a-25-de-junho.html#breadcrumb"},"inLanguage":"pt-BR","potentialAction":[{"@type":"ReadAction","target":["https:\/\/mhcalculos.com.br\/noticias\/area\/previdenciario\/trf3-tribunal-julga-2-473-processos-de-22-a-25-de-junho.html"]}]},{"@type":"ImageObject","inLanguage":"pt-BR","@id":"https:\/\/mhcalculos.com.br\/noticias\/area\/previdenciario\/trf3-tribunal-julga-2-473-processos-de-22-a-25-de-junho.html#primaryimage","url":"https:\/\/mhcalculos.com.br\/noticias\/wp-content\/uploads\/sites\/2\/2018\/08\/previdenciario-0039.jpg","contentUrl":"https:\/\/mhcalculos.com.br\/noticias\/wp-content\/uploads\/sites\/2\/2018\/08\/previdenciario-0039.jpg","width":2000,"height":800},{"@type":"BreadcrumbList","@id":"https:\/\/mhcalculos.com.br\/noticias\/area\/previdenciario\/trf3-tribunal-julga-2-473-processos-de-22-a-25-de-junho.html#breadcrumb","itemListElement":[{"@type":"ListItem","position":1,"name":"In\u00edcio","item":"https:\/\/mhcalculos.com.br\/noticias\/"},{"@type":"ListItem","position":2,"name":"TRF3: TRIBUNAL&nbsp;JULGA 2.473 PROCESSOS DE 22 A 25 DE JUNHO"}]},{"@type":"WebSite","@id":"https:\/\/mhcalculos.com.br\/noticias\/#website","url":"https:\/\/mhcalculos.com.br\/noticias\/","name":"Portal de Not\u00edcias","description":"Not\u00edcias e Jurisprud\u00eancia","potentialAction":[{"@type":"SearchAction","target":{"@type":"EntryPoint","urlTemplate":"https:\/\/mhcalculos.com.br\/noticias\/?s={search_term_string}"},"query-input":{"@type":"PropertyValueSpecification","valueRequired":true,"valueName":"search_term_string"}}],"inLanguage":"pt-BR"},{"@type":"Person","@id":"https:\/\/mhcalculos.com.br\/noticias\/#\/schema\/person\/88d1c34bf72dc779ea14a5a6b8e0ae8d","name":"Equipe MH","image":{"@type":"ImageObject","inLanguage":"pt-BR","@id":"https:\/\/secure.gravatar.com\/avatar\/de1c686c2ecc9c5a3f327e3431d819eb39f8f05d4e1045f5a1caad6daaba987f?s=96&d=mm&r=g","url":"https:\/\/secure.gravatar.com\/avatar\/de1c686c2ecc9c5a3f327e3431d819eb39f8f05d4e1045f5a1caad6daaba987f?s=96&d=mm&r=g","contentUrl":"https:\/\/secure.gravatar.com\/avatar\/de1c686c2ecc9c5a3f327e3431d819eb39f8f05d4e1045f5a1caad6daaba987f?s=96&d=mm&r=g","caption":"Equipe MH"}}]}},"_links":{"self":[{"href":"https:\/\/mhcalculos.com.br\/noticias\/wp-json\/wp\/v2\/posts\/7289","targetHints":{"allow":["GET"]}}],"collection":[{"href":"https:\/\/mhcalculos.com.br\/noticias\/wp-json\/wp\/v2\/posts"}],"about":[{"href":"https:\/\/mhcalculos.com.br\/noticias\/wp-json\/wp\/v2\/types\/post"}],"author":[{"embeddable":true,"href":"https:\/\/mhcalculos.com.br\/noticias\/wp-json\/wp\/v2\/users\/3063"}],"replies":[{"embeddable":true,"href":"https:\/\/mhcalculos.com.br\/noticias\/wp-json\/wp\/v2\/comments?post=7289"}],"version-history":[{"count":1,"href":"https:\/\/mhcalculos.com.br\/noticias\/wp-json\/wp\/v2\/posts\/7289\/revisions"}],"predecessor-version":[{"id":9070,"href":"https:\/\/mhcalculos.com.br\/noticias\/wp-json\/wp\/v2\/posts\/7289\/revisions\/9070"}],"wp:featuredmedia":[{"embeddable":true,"href":"https:\/\/mhcalculos.com.br\/noticias\/wp-json\/wp\/v2\/media\/2709"}],"wp:attachment":[{"href":"https:\/\/mhcalculos.com.br\/noticias\/wp-json\/wp\/v2\/media?parent=7289"}],"wp:term":[{"taxonomy":"category","embeddable":true,"href":"https:\/\/mhcalculos.com.br\/noticias\/wp-json\/wp\/v2\/categories?post=7289"},{"taxonomy":"post_tag","embeddable":true,"href":"https:\/\/mhcalculos.com.br\/noticias\/wp-json\/wp\/v2\/tags?post=7289"}],"curies":[{"name":"wp","href":"https:\/\/api.w.org\/{rel}","templated":true}]}}