{"id":7286,"date":"2020-06-30T18:05:12","date_gmt":"2020-06-30T21:05:12","guid":{"rendered":"https:\/\/mhcalculos.com.br\/noticias\/tribunais\/stf\/stf-stf-vai-discutir-necessidade-de-lei-complementar-para-cobranca-da-diferenca-de-aliquotas-do-icms.html"},"modified":"2021-07-28T14:29:30","modified_gmt":"2021-07-28T17:29:30","slug":"stf-stf-vai-discutir-necessidade-de-lei-complementar-para-cobranca-da-diferenca-de-aliquotas-do-icms","status":"publish","type":"post","link":"https:\/\/mhcalculos.com.br\/noticias\/tribunais\/stf\/stf-stf-vai-discutir-necessidade-de-lei-complementar-para-cobranca-da-diferenca-de-aliquotas-do-icms.html","title":{"rendered":"STF: STF vai discutir necessidade de lei complementar para cobran\u00e7a da diferen\u00e7a de al\u00edquotas do ICMS"},"content":{"rendered":"<p><br \/>\n<\/p>\n<p>O Supremo Tribunal Federal (STF) decidiu analisar o Recurso Extraordin\u00e1rio com Agravo (ARE) 1237351, em que se discute se a institui\u00e7\u00e3o de Diferencial de Al\u00edquota do Imposto sobre Circula\u00e7\u00e3o de Mercadorias e Servi\u00e7os (Difal\/ICMS) nas opera\u00e7\u00f5es interestaduais envolvendo consumidores finais exige edi\u00e7\u00e3o de lei complementar para disciplinar o tema. Por unanimidade, os ministros consideraram que a mat\u00e9ria constitucional tem repercuss\u00e3o geral (<a href=\"http:\/\/portal.stf.jus.br\/processos\/detalhe.asp?incidente=5783568\" target=\"_blank\" rel=\"noopener noreferrer\">Tema 1093<\/a>).&nbsp;<\/p>\n<p>O Difal foi acrescentado \u00e0 Constitui\u00e7\u00e3o Federal (artigo 155, par\u00e1grafo 2&ordm;, incisos VII e VIII) pela Emenda Constitucional 87\/2015. Entre outros pontos, os dispositivos estabelecem a ado\u00e7\u00e3o da al\u00edquota interestadual nas opera\u00e7\u00f5es e presta\u00e7\u00f5es que destinem bens e servi\u00e7os a consumidor final, contribuinte ou n\u00e3o do imposto, localizado em outro estado. A regra prev\u00ea que caber\u00e1 ao estado do destinat\u00e1rio o imposto correspondente \u00e0 diferen\u00e7a entre a al\u00edquota interna e a interestadual do ICMS.<\/p>\n<p><b>Exig\u00eancia de lei complementar<\/b><\/p>\n<p>O recurso foi interposto pela empresa MadeiraMadeira Com\u00e9rcio Eletr\u00f4nico S\/A e outras contra decis\u00e3o do Tribunal de Justi\u00e7a do Distrito Federal e Territ\u00f3rios (TJDFT) que entendeu que a cobran\u00e7a do diferencial n\u00e3o est\u00e1 condicionada \u00e0 regulamenta\u00e7\u00e3o por de lei complementar. As empresas alegam que a cobran\u00e7a cria nova possibilidade de incid\u00eancia do tributo, o que exigiria a edi\u00e7\u00e3o de lei complementar, sob pena de desrespeito \u00e0 Constitui\u00e7\u00e3o Federal (artigos 146, incisos I e III, al\u00ednea &ldquo;a&rdquo;, e 155, inciso XII, par\u00e1grafo 2&ordm;, al\u00edneas &ldquo;a&rdquo;, &ldquo;c&rdquo;, &ldquo;d&rdquo; e &ldquo;i&rdquo;).<\/p>\n<p>Ainda de acordo com as empresas, devem ser observadas as regras tribut\u00e1rias constitucionais e a disciplina sobre conflitos de compet\u00eancia entre a Uni\u00e3o, os estados, o Distrito Federal e os munic\u00edpios em mat\u00e9ria tribut\u00e1ria. No recurso, elas citam a decis\u00e3o do STF no RE 439796 sobre a inviabilidade da cobran\u00e7a do ICMS na importa\u00e7\u00e3o por contribuinte n\u00e3o habitual, autorizada pela Emenda Constitucional 33\/2001, antes da edi\u00e7\u00e3o da lei complementar.<\/p>\n<p><b>Aus\u00eancia de nova regra de incid\u00eancia<\/b><\/p>\n<p>O Distrito Federal, ao se manifestar nos autos, sustenta que o diferencial de al\u00edquota n\u00e3o representa nova regra de incid\u00eancia do imposto e que a quest\u00e3o trata de crit\u00e9rio de reparti\u00e7\u00e3o da receita, a fim de impedir distor\u00e7\u00e3o na arrecada\u00e7\u00e3o.<\/p>\n<p><b>Repercuss\u00e3o geral reconhecida<\/b><\/p>\n<p>O relator do ARE, ministro Marco Aur\u00e9lio, considerou que a discuss\u00e3o apresenta mat\u00e9ria constitucional e, por isso, deve ser julgada pelo Supremo. Ele se pronunciou pela presen\u00e7a de repercuss\u00e3o geral do tema, determinando a inser\u00e7\u00e3o do processo no Plen\u00e1rio Virtual e tamb\u00e9m a manifesta\u00e7\u00e3o da Procuradoria-Geral da Rep\u00fablica (PGR). O voto do relator foi acompanhado por unanimidade.<\/p>\n<p><span style=\"font-size: smaller\">EC\/AS\/\/CF<\/span><\/p>\n<p><i>Com informa\u00e7\u00f5es da assessoria de imprensa do STF.<\/i><br \/>\n<br \/><a href=\"http:\/\/www.stf.jus.br\/portal\/cms\/verNoticiaDetalhe.asp?idConteudo=446520\">Fonte<\/a><br \/>\n<br \/><\/p>\n","protected":false},"excerpt":{"rendered":"<p>O Supremo Tribunal Federal (STF) decidiu analisar o Recurso Extraordin\u00e1rio com Agravo (ARE) 1237351, em que se discute se a institui\u00e7\u00e3o de Diferencial de Al\u00edquota do Imposto sobre Circula\u00e7\u00e3o de Mercadorias e Servi\u00e7os (Difal\/ICMS) nas opera\u00e7\u00f5es interestaduais envolvendo consumidores finais exige edi\u00e7\u00e3o de lei complementar para disciplinar o tema. Por unanimidade, os ministros consideraram que [&hellip;]<\/p>\n","protected":false},"author":3063,"featured_media":1924,"comment_status":"open","ping_status":"open","sticky":false,"template":"","format":"standard","meta":{"footnotes":""},"categories":[18,15],"tags":[32,31,42,30,29,213,9,12,16],"class_list":{"0":"post-7286","1":"post","2":"type-post","3":"status-publish","4":"format-standard","5":"has-post-thumbnail","7":"category-tributario","8":"category-stf","9":"tag-calculos-judiciais","10":"tag-calculos-tributarios","11":"tag-direito-tributario","12":"tag-divida-ativa","13":"tag-fazenda-publica","14":"tag-imposto","15":"tag-pericia","16":"tag-perito","17":"tag-stf"},"yoast_head":"<!-- This site is optimized with the Yoast SEO plugin v27.2 - https:\/\/yoast.com\/product\/yoast-seo-wordpress\/ -->\n<title>STF: STF vai discutir necessidade de lei complementar para cobran\u00e7a da diferen\u00e7a de al\u00edquotas do ICMS | Portal de Not\u00edcias<\/title>\n<meta name=\"robots\" content=\"index, follow, max-snippet:-1, max-image-preview:large, max-video-preview:-1\" \/>\n<link rel=\"canonical\" href=\"http:\/\/www.stf.jus.br\/portal\/cms\/verNoticiaDetalhe.asp?idConteudo=446520\" \/>\n<meta property=\"og:locale\" content=\"pt_BR\" \/>\n<meta property=\"og:type\" content=\"article\" \/>\n<meta property=\"og:title\" content=\"STF: STF vai discutir necessidade de lei complementar para cobran\u00e7a da diferen\u00e7a de al\u00edquotas do ICMS | Portal de Not\u00edcias\" \/>\n<meta property=\"og:description\" content=\"O Supremo Tribunal Federal (STF) decidiu analisar o Recurso Extraordin\u00e1rio com Agravo (ARE) 1237351, em que se discute se a institui\u00e7\u00e3o de Diferencial de Al\u00edquota do Imposto sobre Circula\u00e7\u00e3o de Mercadorias e Servi\u00e7os (Difal\/ICMS) nas opera\u00e7\u00f5es interestaduais envolvendo consumidores finais exige edi\u00e7\u00e3o de lei complementar para disciplinar o tema. Por unanimidade, os ministros consideraram que [&hellip;]\" \/>\n<meta property=\"og:url\" content=\"http:\/\/www.stf.jus.br\/portal\/cms\/verNoticiaDetalhe.asp?idConteudo=446520\" \/>\n<meta property=\"og:site_name\" content=\"Portal de Not\u00edcias\" \/>\n<meta property=\"article:published_time\" content=\"2020-06-30T21:05:12+00:00\" \/>\n<meta property=\"article:modified_time\" content=\"2021-07-28T17:29:30+00:00\" \/>\n<meta property=\"og:image\" content=\"https:\/\/mhcalculos.com.br\/noticias\/wp-content\/uploads\/sites\/2\/2018\/06\/tributario-0029.jpg\" \/>\n\t<meta property=\"og:image:width\" content=\"2000\" \/>\n\t<meta property=\"og:image:height\" content=\"800\" \/>\n\t<meta property=\"og:image:type\" content=\"image\/jpeg\" \/>\n<meta name=\"author\" content=\"Equipe MH\" \/>\n<meta name=\"twitter:card\" content=\"summary_large_image\" \/>\n<meta name=\"twitter:label1\" content=\"Escrito por\" \/>\n\t<meta name=\"twitter:data1\" content=\"Equipe MH\" \/>\n\t<meta name=\"twitter:label2\" content=\"Est. tempo de leitura\" \/>\n\t<meta name=\"twitter:data2\" content=\"2 minutos\" \/>\n<script type=\"application\/ld+json\" class=\"yoast-schema-graph\">{\"@context\":\"https:\/\/schema.org\",\"@graph\":[{\"@type\":\"Article\",\"@id\":\"http:\/\/www.stf.jus.br\/portal\/cms\/verNoticiaDetalhe.asp?idConteudo=446520#article\",\"isPartOf\":{\"@id\":\"https:\/\/mhcalculos.com.br\/noticias\/tribunais\/stf\/stf-stf-vai-discutir-necessidade-de-lei-complementar-para-cobranca-da-diferenca-de-aliquotas-do-icms.html\"},\"author\":{\"name\":\"Equipe MH\",\"@id\":\"https:\/\/mhcalculos.com.br\/noticias\/#\/schema\/person\/88d1c34bf72dc779ea14a5a6b8e0ae8d\"},\"headline\":\"STF: STF vai discutir necessidade de lei complementar para cobran\u00e7a da diferen\u00e7a de al\u00edquotas do ICMS\",\"datePublished\":\"2020-06-30T21:05:12+00:00\",\"dateModified\":\"2021-07-28T17:29:30+00:00\",\"mainEntityOfPage\":{\"@id\":\"https:\/\/mhcalculos.com.br\/noticias\/tribunais\/stf\/stf-stf-vai-discutir-necessidade-de-lei-complementar-para-cobranca-da-diferenca-de-aliquotas-do-icms.html\"},\"wordCount\":507,\"commentCount\":0,\"image\":{\"@id\":\"http:\/\/www.stf.jus.br\/portal\/cms\/verNoticiaDetalhe.asp?idConteudo=446520#primaryimage\"},\"thumbnailUrl\":\"https:\/\/mhcalculos.com.br\/noticias\/wp-content\/uploads\/sites\/2\/2018\/06\/tributario-0029.jpg\",\"keywords\":[\"c\u00e1lculos judiciais\",\"c\u00e1lculos tribut\u00e1rios\",\"direito tribut\u00e1rio\",\"d\u00edvida ativa\",\"fazenda p\u00fablica\",\"Imposto\",\"per\u00edcia\",\"perito\",\"stf\"],\"articleSection\":[\"Direito Tribut\u00e1rio\",\"STF\"],\"inLanguage\":\"pt-BR\",\"potentialAction\":[{\"@type\":\"CommentAction\",\"name\":\"Comment\",\"target\":[\"http:\/\/www.stf.jus.br\/portal\/cms\/verNoticiaDetalhe.asp?idConteudo=446520#respond\"]}]},{\"@type\":\"WebPage\",\"@id\":\"https:\/\/mhcalculos.com.br\/noticias\/tribunais\/stf\/stf-stf-vai-discutir-necessidade-de-lei-complementar-para-cobranca-da-diferenca-de-aliquotas-do-icms.html\",\"url\":\"http:\/\/www.stf.jus.br\/portal\/cms\/verNoticiaDetalhe.asp?idConteudo=446520\",\"name\":\"STF: STF vai discutir necessidade de lei complementar para cobran\u00e7a da diferen\u00e7a de al\u00edquotas do ICMS | Portal de Not\u00edcias\",\"isPartOf\":{\"@id\":\"https:\/\/mhcalculos.com.br\/noticias\/#website\"},\"primaryImageOfPage\":{\"@id\":\"http:\/\/www.stf.jus.br\/portal\/cms\/verNoticiaDetalhe.asp?idConteudo=446520#primaryimage\"},\"image\":{\"@id\":\"http:\/\/www.stf.jus.br\/portal\/cms\/verNoticiaDetalhe.asp?idConteudo=446520#primaryimage\"},\"thumbnailUrl\":\"https:\/\/mhcalculos.com.br\/noticias\/wp-content\/uploads\/sites\/2\/2018\/06\/tributario-0029.jpg\",\"datePublished\":\"2020-06-30T21:05:12+00:00\",\"dateModified\":\"2021-07-28T17:29:30+00:00\",\"author\":{\"@id\":\"https:\/\/mhcalculos.com.br\/noticias\/#\/schema\/person\/88d1c34bf72dc779ea14a5a6b8e0ae8d\"},\"breadcrumb\":{\"@id\":\"http:\/\/www.stf.jus.br\/portal\/cms\/verNoticiaDetalhe.asp?idConteudo=446520#breadcrumb\"},\"inLanguage\":\"pt-BR\",\"potentialAction\":[{\"@type\":\"ReadAction\",\"target\":[\"http:\/\/www.stf.jus.br\/portal\/cms\/verNoticiaDetalhe.asp?idConteudo=446520\"]}]},{\"@type\":\"ImageObject\",\"inLanguage\":\"pt-BR\",\"@id\":\"http:\/\/www.stf.jus.br\/portal\/cms\/verNoticiaDetalhe.asp?idConteudo=446520#primaryimage\",\"url\":\"https:\/\/mhcalculos.com.br\/noticias\/wp-content\/uploads\/sites\/2\/2018\/06\/tributario-0029.jpg\",\"contentUrl\":\"https:\/\/mhcalculos.com.br\/noticias\/wp-content\/uploads\/sites\/2\/2018\/06\/tributario-0029.jpg\",\"width\":2000,\"height\":800},{\"@type\":\"BreadcrumbList\",\"@id\":\"http:\/\/www.stf.jus.br\/portal\/cms\/verNoticiaDetalhe.asp?idConteudo=446520#breadcrumb\",\"itemListElement\":[{\"@type\":\"ListItem\",\"position\":1,\"name\":\"In\u00edcio\",\"item\":\"https:\/\/mhcalculos.com.br\/noticias\/\"},{\"@type\":\"ListItem\",\"position\":2,\"name\":\"STF: STF vai discutir necessidade de lei complementar para cobran\u00e7a da diferen\u00e7a de al\u00edquotas do ICMS\"}]},{\"@type\":\"WebSite\",\"@id\":\"https:\/\/mhcalculos.com.br\/noticias\/#website\",\"url\":\"https:\/\/mhcalculos.com.br\/noticias\/\",\"name\":\"Portal de Not\u00edcias\",\"description\":\"Not\u00edcias e Jurisprud\u00eancia\",\"potentialAction\":[{\"@type\":\"SearchAction\",\"target\":{\"@type\":\"EntryPoint\",\"urlTemplate\":\"https:\/\/mhcalculos.com.br\/noticias\/?s={search_term_string}\"},\"query-input\":{\"@type\":\"PropertyValueSpecification\",\"valueRequired\":true,\"valueName\":\"search_term_string\"}}],\"inLanguage\":\"pt-BR\"},{\"@type\":\"Person\",\"@id\":\"https:\/\/mhcalculos.com.br\/noticias\/#\/schema\/person\/88d1c34bf72dc779ea14a5a6b8e0ae8d\",\"name\":\"Equipe MH\",\"image\":{\"@type\":\"ImageObject\",\"inLanguage\":\"pt-BR\",\"@id\":\"https:\/\/secure.gravatar.com\/avatar\/de1c686c2ecc9c5a3f327e3431d819eb39f8f05d4e1045f5a1caad6daaba987f?s=96&d=mm&r=g\",\"url\":\"https:\/\/secure.gravatar.com\/avatar\/de1c686c2ecc9c5a3f327e3431d819eb39f8f05d4e1045f5a1caad6daaba987f?s=96&d=mm&r=g\",\"contentUrl\":\"https:\/\/secure.gravatar.com\/avatar\/de1c686c2ecc9c5a3f327e3431d819eb39f8f05d4e1045f5a1caad6daaba987f?s=96&d=mm&r=g\",\"caption\":\"Equipe MH\"}}]}<\/script>\n<!-- \/ Yoast SEO plugin. -->","yoast_head_json":{"title":"STF: STF vai discutir necessidade de lei complementar para cobran\u00e7a da diferen\u00e7a de al\u00edquotas do ICMS | Portal de Not\u00edcias","robots":{"index":"index","follow":"follow","max-snippet":"max-snippet:-1","max-image-preview":"max-image-preview:large","max-video-preview":"max-video-preview:-1"},"canonical":"http:\/\/www.stf.jus.br\/portal\/cms\/verNoticiaDetalhe.asp?idConteudo=446520","og_locale":"pt_BR","og_type":"article","og_title":"STF: STF vai discutir necessidade de lei complementar para cobran\u00e7a da diferen\u00e7a de al\u00edquotas do ICMS | Portal de Not\u00edcias","og_description":"O Supremo Tribunal Federal (STF) decidiu analisar o Recurso Extraordin\u00e1rio com Agravo (ARE) 1237351, em que se discute se a institui\u00e7\u00e3o de Diferencial de Al\u00edquota do Imposto sobre Circula\u00e7\u00e3o de Mercadorias e Servi\u00e7os (Difal\/ICMS) nas opera\u00e7\u00f5es interestaduais envolvendo consumidores finais exige edi\u00e7\u00e3o de lei complementar para disciplinar o tema. Por unanimidade, os ministros consideraram que [&hellip;]","og_url":"http:\/\/www.stf.jus.br\/portal\/cms\/verNoticiaDetalhe.asp?idConteudo=446520","og_site_name":"Portal de Not\u00edcias","article_published_time":"2020-06-30T21:05:12+00:00","article_modified_time":"2021-07-28T17:29:30+00:00","og_image":[{"width":2000,"height":800,"url":"https:\/\/mhcalculos.com.br\/noticias\/wp-content\/uploads\/sites\/2\/2018\/06\/tributario-0029.jpg","type":"image\/jpeg"}],"author":"Equipe MH","twitter_card":"summary_large_image","twitter_misc":{"Escrito por":"Equipe MH","Est. tempo de leitura":"2 minutos"},"schema":{"@context":"https:\/\/schema.org","@graph":[{"@type":"Article","@id":"http:\/\/www.stf.jus.br\/portal\/cms\/verNoticiaDetalhe.asp?idConteudo=446520#article","isPartOf":{"@id":"https:\/\/mhcalculos.com.br\/noticias\/tribunais\/stf\/stf-stf-vai-discutir-necessidade-de-lei-complementar-para-cobranca-da-diferenca-de-aliquotas-do-icms.html"},"author":{"name":"Equipe MH","@id":"https:\/\/mhcalculos.com.br\/noticias\/#\/schema\/person\/88d1c34bf72dc779ea14a5a6b8e0ae8d"},"headline":"STF: STF vai discutir necessidade de lei complementar para cobran\u00e7a da diferen\u00e7a de al\u00edquotas do ICMS","datePublished":"2020-06-30T21:05:12+00:00","dateModified":"2021-07-28T17:29:30+00:00","mainEntityOfPage":{"@id":"https:\/\/mhcalculos.com.br\/noticias\/tribunais\/stf\/stf-stf-vai-discutir-necessidade-de-lei-complementar-para-cobranca-da-diferenca-de-aliquotas-do-icms.html"},"wordCount":507,"commentCount":0,"image":{"@id":"http:\/\/www.stf.jus.br\/portal\/cms\/verNoticiaDetalhe.asp?idConteudo=446520#primaryimage"},"thumbnailUrl":"https:\/\/mhcalculos.com.br\/noticias\/wp-content\/uploads\/sites\/2\/2018\/06\/tributario-0029.jpg","keywords":["c\u00e1lculos judiciais","c\u00e1lculos tribut\u00e1rios","direito tribut\u00e1rio","d\u00edvida ativa","fazenda p\u00fablica","Imposto","per\u00edcia","perito","stf"],"articleSection":["Direito Tribut\u00e1rio","STF"],"inLanguage":"pt-BR","potentialAction":[{"@type":"CommentAction","name":"Comment","target":["http:\/\/www.stf.jus.br\/portal\/cms\/verNoticiaDetalhe.asp?idConteudo=446520#respond"]}]},{"@type":"WebPage","@id":"https:\/\/mhcalculos.com.br\/noticias\/tribunais\/stf\/stf-stf-vai-discutir-necessidade-de-lei-complementar-para-cobranca-da-diferenca-de-aliquotas-do-icms.html","url":"http:\/\/www.stf.jus.br\/portal\/cms\/verNoticiaDetalhe.asp?idConteudo=446520","name":"STF: STF vai discutir necessidade de lei complementar para cobran\u00e7a da diferen\u00e7a de al\u00edquotas do ICMS | Portal de Not\u00edcias","isPartOf":{"@id":"https:\/\/mhcalculos.com.br\/noticias\/#website"},"primaryImageOfPage":{"@id":"http:\/\/www.stf.jus.br\/portal\/cms\/verNoticiaDetalhe.asp?idConteudo=446520#primaryimage"},"image":{"@id":"http:\/\/www.stf.jus.br\/portal\/cms\/verNoticiaDetalhe.asp?idConteudo=446520#primaryimage"},"thumbnailUrl":"https:\/\/mhcalculos.com.br\/noticias\/wp-content\/uploads\/sites\/2\/2018\/06\/tributario-0029.jpg","datePublished":"2020-06-30T21:05:12+00:00","dateModified":"2021-07-28T17:29:30+00:00","author":{"@id":"https:\/\/mhcalculos.com.br\/noticias\/#\/schema\/person\/88d1c34bf72dc779ea14a5a6b8e0ae8d"},"breadcrumb":{"@id":"http:\/\/www.stf.jus.br\/portal\/cms\/verNoticiaDetalhe.asp?idConteudo=446520#breadcrumb"},"inLanguage":"pt-BR","potentialAction":[{"@type":"ReadAction","target":["http:\/\/www.stf.jus.br\/portal\/cms\/verNoticiaDetalhe.asp?idConteudo=446520"]}]},{"@type":"ImageObject","inLanguage":"pt-BR","@id":"http:\/\/www.stf.jus.br\/portal\/cms\/verNoticiaDetalhe.asp?idConteudo=446520#primaryimage","url":"https:\/\/mhcalculos.com.br\/noticias\/wp-content\/uploads\/sites\/2\/2018\/06\/tributario-0029.jpg","contentUrl":"https:\/\/mhcalculos.com.br\/noticias\/wp-content\/uploads\/sites\/2\/2018\/06\/tributario-0029.jpg","width":2000,"height":800},{"@type":"BreadcrumbList","@id":"http:\/\/www.stf.jus.br\/portal\/cms\/verNoticiaDetalhe.asp?idConteudo=446520#breadcrumb","itemListElement":[{"@type":"ListItem","position":1,"name":"In\u00edcio","item":"https:\/\/mhcalculos.com.br\/noticias\/"},{"@type":"ListItem","position":2,"name":"STF: STF vai discutir necessidade de lei complementar para cobran\u00e7a da diferen\u00e7a de al\u00edquotas do ICMS"}]},{"@type":"WebSite","@id":"https:\/\/mhcalculos.com.br\/noticias\/#website","url":"https:\/\/mhcalculos.com.br\/noticias\/","name":"Portal de Not\u00edcias","description":"Not\u00edcias e Jurisprud\u00eancia","potentialAction":[{"@type":"SearchAction","target":{"@type":"EntryPoint","urlTemplate":"https:\/\/mhcalculos.com.br\/noticias\/?s={search_term_string}"},"query-input":{"@type":"PropertyValueSpecification","valueRequired":true,"valueName":"search_term_string"}}],"inLanguage":"pt-BR"},{"@type":"Person","@id":"https:\/\/mhcalculos.com.br\/noticias\/#\/schema\/person\/88d1c34bf72dc779ea14a5a6b8e0ae8d","name":"Equipe MH","image":{"@type":"ImageObject","inLanguage":"pt-BR","@id":"https:\/\/secure.gravatar.com\/avatar\/de1c686c2ecc9c5a3f327e3431d819eb39f8f05d4e1045f5a1caad6daaba987f?s=96&d=mm&r=g","url":"https:\/\/secure.gravatar.com\/avatar\/de1c686c2ecc9c5a3f327e3431d819eb39f8f05d4e1045f5a1caad6daaba987f?s=96&d=mm&r=g","contentUrl":"https:\/\/secure.gravatar.com\/avatar\/de1c686c2ecc9c5a3f327e3431d819eb39f8f05d4e1045f5a1caad6daaba987f?s=96&d=mm&r=g","caption":"Equipe MH"}}]}},"_links":{"self":[{"href":"https:\/\/mhcalculos.com.br\/noticias\/wp-json\/wp\/v2\/posts\/7286","targetHints":{"allow":["GET"]}}],"collection":[{"href":"https:\/\/mhcalculos.com.br\/noticias\/wp-json\/wp\/v2\/posts"}],"about":[{"href":"https:\/\/mhcalculos.com.br\/noticias\/wp-json\/wp\/v2\/types\/post"}],"author":[{"embeddable":true,"href":"https:\/\/mhcalculos.com.br\/noticias\/wp-json\/wp\/v2\/users\/3063"}],"replies":[{"embeddable":true,"href":"https:\/\/mhcalculos.com.br\/noticias\/wp-json\/wp\/v2\/comments?post=7286"}],"version-history":[{"count":1,"href":"https:\/\/mhcalculos.com.br\/noticias\/wp-json\/wp\/v2\/posts\/7286\/revisions"}],"predecessor-version":[{"id":9073,"href":"https:\/\/mhcalculos.com.br\/noticias\/wp-json\/wp\/v2\/posts\/7286\/revisions\/9073"}],"wp:featuredmedia":[{"embeddable":true,"href":"https:\/\/mhcalculos.com.br\/noticias\/wp-json\/wp\/v2\/media\/1924"}],"wp:attachment":[{"href":"https:\/\/mhcalculos.com.br\/noticias\/wp-json\/wp\/v2\/media?parent=7286"}],"wp:term":[{"taxonomy":"category","embeddable":true,"href":"https:\/\/mhcalculos.com.br\/noticias\/wp-json\/wp\/v2\/categories?post=7286"},{"taxonomy":"post_tag","embeddable":true,"href":"https:\/\/mhcalculos.com.br\/noticias\/wp-json\/wp\/v2\/tags?post=7286"}],"curies":[{"name":"wp","href":"https:\/\/api.w.org\/{rel}","templated":true}]}}