{"id":7281,"date":"2020-06-24T19:01:00","date_gmt":"2020-06-24T22:01:00","guid":{"rendered":"https:\/\/mhcalculos.com.br\/noticias\/area\/trabalhista\/tst-sesaud-realiza-pesquisa-para-avaliar-como-os-servidores-estao-reagindo-emocionalmente-a-pandemia.html"},"modified":"2021-07-28T14:29:32","modified_gmt":"2021-07-28T17:29:32","slug":"tst-sesaud-realiza-pesquisa-para-avaliar-como-os-servidores-estao-reagindo-emocionalmente-a-pandemia","status":"publish","type":"post","link":"https:\/\/mhcalculos.com.br\/noticias\/area\/trabalhista\/tst-sesaud-realiza-pesquisa-para-avaliar-como-os-servidores-estao-reagindo-emocionalmente-a-pandemia.html","title":{"rendered":"TST: SESAUD realiza pesquisa para avaliar como os servidores est\u00e3o reagindo emocionalmente \u00e0 pandemia"},"content":{"rendered":"<p><br \/>\n<\/p>\n<p><em>Question\u00e1rio, que pode ser respondido de forma r\u00e1pida, ficar\u00e1 dispon\u00edvel de 24 a 30\/6; respostas s\u00e3o sigilosas<\/em><\/p>\n<p >A Secretaria de Sa\u00fade do TST (SESAUD) lan\u00e7a, nesta quarta-feira (24\/6), a pesquisa &#8220;Suas Emo\u00e7\u00f5es em Tempos de Covid-19&#8221; para avaliar como os servidores est\u00e3o reagindo emocionalmente aos desafios impostos pelo enfrentamento \u00e0 pandemia.<\/p>\n<p >O objetivo tamb\u00e9m \u00e9&nbsp;permitir que, ao responder ao question\u00e1rio, os servidores fa\u00e7am uma autorreflex\u00e3o sobre como se sentem neste momento&nbsp;e que os interessados possam contatar&nbsp;a equipe de sa\u00fade mental para encaminhamentos e suporte psicossocial. O question\u00e1rio ficar\u00e1 dispon\u00edvel at\u00e9 a pr\u00f3xima ter\u00e7a-feira (30\/6), e as respostas s\u00e3o simples e r\u00e1pidas. Para a SESAUD, a participa\u00e7\u00e3o de todos \u00e9 fundamental.&nbsp;<\/p>\n<p >Os resultados da pesquisa ajudar\u00e3o a desenvolver a\u00e7\u00f5es de aux\u00edlio no enfrentamento desse momento. N\u00e3o \u00e9 obrigat\u00f3rio se identificar no question\u00e1rio, e todas as respostas ser\u00e3o mantidas em sigilo. Os dados ser\u00e3o tratados apenas pela psic\u00f3loga Fab\u00edola Izaias (CRP 01\/9563) e pela assistente social Maria L\u00facia Giavoni (CRESS: 2034), servidoras do TST. Caso surja alguma d\u00favida ou demanda, os servidores podem enviar um&nbsp;e-mail&nbsp;para saude.mental@tst.jus.br.<\/p>\n<p ><strong>Sobre as a\u00e7\u00f5es do TST<\/strong><\/p>\n<p >A pandemia provocada pelo coronav\u00edrus tem trazido impactos na vida de milhares de pessoas ao redor do mundo, exigindo a ado\u00e7\u00e3o de medidas de isolamento domiciliar frente \u00e0 aus\u00eancia de vacinas ou medicamentos reconhecidamente eficazes. O TST restringiu o acesso de servidores ao trabalho presencial, promovendo, de forma maci\u00e7a, o trabalho remoto.<\/p>\n<p >Para lidar com esse momento,&nbsp; a SESAUD montou uma equipe de trabalho composta por uma psiquiatra, uma psic\u00f3loga e uma assistente social, com o objetivo de oferecer suporte psicossocial aos servidores. Entre as estrat\u00e9gias de apoio tra\u00e7adas pela equipe, o question\u00e1rio a ser respondido pelos servidores pretende mapear a condi\u00e7\u00e3o psicossocial em que se encontram e estabelecer estrat\u00e9gias para o suporte e enfrentamento do atual contexto.<\/p>\n<p ><strong>Impactos<\/strong><\/p>\n<p >Segundo dados da Organiza\u00e7\u00e3o Mundial da Sa\u00fade (OMS) e da Fiocruz Brasil, \u00e9 esperado que o advento da pandemia da Covid-19 gere impactos psicossociais significativos na popula\u00e7\u00e3o brasileira \u2013 com a possibilidade de que um ter\u00e7o ou a metade da popula\u00e7\u00e3o apresente dificuldades psicossociais relacionadas ao momento.<\/p>\n<p >A Fiocruz afirma, tamb\u00e9m, que essas dificuldades psicossociais s\u00e3o consideradas \u201crea\u00e7\u00f5es e sintomas normais para uma situa\u00e7\u00e3o anormal\u201d. Em casos como este, a experi\u00eancia demonstra que grande parte da popula\u00e7\u00e3o, no momento imediatamente subsequente ao evento (que tem estimativa de tr\u00eas meses), consegue restabelecer seu equil\u00edbrio emocional. Outra parte, por\u00e9m, corre o risco de sofrer uma cronifica\u00e7\u00e3o dos sintomas e apresentar transtornos ps\u00edquicos como depress\u00e3o, ansiedade e transtorno de estresse p\u00f3s-traum\u00e1tico.&nbsp;<\/p>\n<p >Alguns elementos influenciam diretamente no aumento ou na diminui\u00e7\u00e3o da parcela da popula\u00e7\u00e3o que apresentar\u00e1 risco de desenvolver transtornos ps\u00edquicos ap\u00f3s a primeira fase de impacto. S\u00e3o eles: a natureza e a severidade do evento, a vulnerabilidade psicossocial da popula\u00e7\u00e3o, o acesso a uma rede psicossocial de apoio no p\u00f3s-evento e, durante o evento, interven\u00e7\u00f5es de apoio psicossocial j\u00e1 nas primeiras rea\u00e7\u00f5es ps\u00edquicas. \u00c9 sobre esse \u00faltimo ponto que a SESAUD pretende atuar ao aplicar o question\u00e1rio.&nbsp;<\/p>\n<p>A pesquisa pode ser respondida&nbsp;<a href=\"https:\/\/docs.google.com\/forms\/d\/e\/1FAIpQLSf-7BvW9E8PBpNynmTTxMoL0K3XJj9rhzqsZjwfIHfMzt8Mvw\/viewform\" target=\"_blank\" rel=\"noopener noreferrer\"><strong>aqui<\/strong><\/a>.<\/p>\n<p>(Nath\u00e1lia Valente\/GS)<\/p>\n<p><i>Com informa\u00e7\u00f5es da assessoria de imprensa do TST.<\/i><br \/>\n<br \/><a href=\"http:\/\/www.tst.jus.br\/web\/guest\/noticias?p_p_id=89Dk&#038;p_p_lifecycle=0&#038;refererPlid=10730&#038;_89Dk_groupId=10157&#038;_89Dk_articleId=26519411\">Fonte<\/a><br \/>\n<br \/><\/p>\n","protected":false},"excerpt":{"rendered":"<p>Question\u00e1rio, que pode ser respondido de forma r\u00e1pida, ficar\u00e1 dispon\u00edvel de 24 a 30\/6; respostas s\u00e3o sigilosas A Secretaria de Sa\u00fade do TST (SESAUD) lan\u00e7a, nesta quarta-feira (24\/6), a pesquisa &#8220;Suas Emo\u00e7\u00f5es em Tempos de Covid-19&#8221; para avaliar como os servidores est\u00e3o reagindo emocionalmente aos desafios impostos pelo enfrentamento \u00e0 pandemia. O objetivo tamb\u00e9m \u00e9&nbsp;permitir [&hellip;]<\/p>\n","protected":false},"author":3063,"featured_media":2102,"comment_status":"open","ping_status":"open","sticky":false,"template":"","format":"standard","meta":{"footnotes":""},"categories":[3,21],"tags":[33,216,9,12,217,215],"class_list":{"0":"post-7281","1":"post","2":"type-post","3":"status-publish","4":"format-standard","5":"has-post-thumbnail","7":"category-trabalhista","8":"category-tst","9":"tag-calculos-trabalhistas","10":"tag-direito-trabalhista","11":"tag-pericia","12":"tag-perito","13":"tag-trabalho","14":"tag-tst"},"yoast_head":"<!-- This site is optimized with the Yoast SEO plugin v27.2 - https:\/\/yoast.com\/product\/yoast-seo-wordpress\/ -->\n<title>TST: SESAUD realiza pesquisa para avaliar como os servidores est\u00e3o reagindo emocionalmente \u00e0 pandemia | Portal de Not\u00edcias<\/title>\n<meta name=\"robots\" content=\"index, follow, max-snippet:-1, max-image-preview:large, max-video-preview:-1\" \/>\n<link rel=\"canonical\" href=\"https:\/\/mhcalculos.com.br\/noticias\/area\/trabalhista\/tst-sesaud-realiza-pesquisa-para-avaliar-como-os-servidores-estao-reagindo-emocionalmente-a-pandemia.html\" \/>\n<meta property=\"og:locale\" content=\"pt_BR\" \/>\n<meta property=\"og:type\" content=\"article\" \/>\n<meta property=\"og:title\" content=\"TST: SESAUD realiza pesquisa para avaliar como os servidores est\u00e3o reagindo emocionalmente \u00e0 pandemia | Portal de Not\u00edcias\" \/>\n<meta property=\"og:description\" content=\"Question\u00e1rio, que pode ser respondido de forma r\u00e1pida, ficar\u00e1 dispon\u00edvel de 24 a 30\/6; respostas s\u00e3o sigilosas A Secretaria de Sa\u00fade do TST (SESAUD) lan\u00e7a, nesta quarta-feira (24\/6), a pesquisa &#8220;Suas Emo\u00e7\u00f5es em Tempos de Covid-19&#8221; para avaliar como os servidores est\u00e3o reagindo emocionalmente aos desafios impostos pelo enfrentamento \u00e0 pandemia. O objetivo tamb\u00e9m \u00e9&nbsp;permitir [&hellip;]\" \/>\n<meta property=\"og:url\" content=\"https:\/\/mhcalculos.com.br\/noticias\/area\/trabalhista\/tst-sesaud-realiza-pesquisa-para-avaliar-como-os-servidores-estao-reagindo-emocionalmente-a-pandemia.html\" \/>\n<meta property=\"og:site_name\" content=\"Portal de Not\u00edcias\" \/>\n<meta property=\"article:published_time\" content=\"2020-06-24T22:01:00+00:00\" \/>\n<meta property=\"article:modified_time\" content=\"2021-07-28T17:29:32+00:00\" \/>\n<meta property=\"og:image\" content=\"https:\/\/mhcalculos.com.br\/noticias\/wp-content\/uploads\/sites\/2\/2018\/06\/judiciario-0014.jpg\" \/>\n\t<meta property=\"og:image:width\" content=\"2000\" \/>\n\t<meta property=\"og:image:height\" content=\"800\" \/>\n\t<meta property=\"og:image:type\" content=\"image\/jpeg\" \/>\n<meta name=\"author\" content=\"Equipe MH\" \/>\n<meta name=\"twitter:card\" content=\"summary_large_image\" \/>\n<meta name=\"twitter:label1\" content=\"Escrito por\" \/>\n\t<meta name=\"twitter:data1\" content=\"Equipe MH\" \/>\n\t<meta name=\"twitter:label2\" content=\"Est. tempo de leitura\" \/>\n\t<meta name=\"twitter:data2\" content=\"3 minutos\" \/>\n<script type=\"application\/ld+json\" class=\"yoast-schema-graph\">{\"@context\":\"https:\/\/schema.org\",\"@graph\":[{\"@type\":\"Article\",\"@id\":\"https:\/\/mhcalculos.com.br\/noticias\/area\/trabalhista\/tst-sesaud-realiza-pesquisa-para-avaliar-como-os-servidores-estao-reagindo-emocionalmente-a-pandemia.html#article\",\"isPartOf\":{\"@id\":\"https:\/\/mhcalculos.com.br\/noticias\/area\/trabalhista\/tst-sesaud-realiza-pesquisa-para-avaliar-como-os-servidores-estao-reagindo-emocionalmente-a-pandemia.html\"},\"author\":{\"name\":\"Equipe MH\",\"@id\":\"https:\/\/mhcalculos.com.br\/noticias\/#\/schema\/person\/88d1c34bf72dc779ea14a5a6b8e0ae8d\"},\"headline\":\"TST: SESAUD realiza pesquisa para avaliar como os servidores est\u00e3o reagindo emocionalmente \u00e0 pandemia\",\"datePublished\":\"2020-06-24T22:01:00+00:00\",\"dateModified\":\"2021-07-28T17:29:32+00:00\",\"mainEntityOfPage\":{\"@id\":\"https:\/\/mhcalculos.com.br\/noticias\/area\/trabalhista\/tst-sesaud-realiza-pesquisa-para-avaliar-como-os-servidores-estao-reagindo-emocionalmente-a-pandemia.html\"},\"wordCount\":607,\"commentCount\":0,\"image\":{\"@id\":\"https:\/\/mhcalculos.com.br\/noticias\/area\/trabalhista\/tst-sesaud-realiza-pesquisa-para-avaliar-como-os-servidores-estao-reagindo-emocionalmente-a-pandemia.html#primaryimage\"},\"thumbnailUrl\":\"https:\/\/mhcalculos.com.br\/noticias\/wp-content\/uploads\/sites\/2\/2018\/06\/judiciario-0014.jpg\",\"keywords\":[\"c\u00e1lculos trabalhistas\",\"direito trabalhista\",\"per\u00edcia\",\"perito\",\"trabalho\",\"TST\"],\"articleSection\":[\"Direito Trabalhista\",\"TST\"],\"inLanguage\":\"pt-BR\",\"potentialAction\":[{\"@type\":\"CommentAction\",\"name\":\"Comment\",\"target\":[\"https:\/\/mhcalculos.com.br\/noticias\/area\/trabalhista\/tst-sesaud-realiza-pesquisa-para-avaliar-como-os-servidores-estao-reagindo-emocionalmente-a-pandemia.html#respond\"]}]},{\"@type\":\"WebPage\",\"@id\":\"https:\/\/mhcalculos.com.br\/noticias\/area\/trabalhista\/tst-sesaud-realiza-pesquisa-para-avaliar-como-os-servidores-estao-reagindo-emocionalmente-a-pandemia.html\",\"url\":\"https:\/\/mhcalculos.com.br\/noticias\/area\/trabalhista\/tst-sesaud-realiza-pesquisa-para-avaliar-como-os-servidores-estao-reagindo-emocionalmente-a-pandemia.html\",\"name\":\"TST: SESAUD realiza pesquisa para avaliar como os servidores est\u00e3o reagindo emocionalmente \u00e0 pandemia | Portal de Not\u00edcias\",\"isPartOf\":{\"@id\":\"https:\/\/mhcalculos.com.br\/noticias\/#website\"},\"primaryImageOfPage\":{\"@id\":\"https:\/\/mhcalculos.com.br\/noticias\/area\/trabalhista\/tst-sesaud-realiza-pesquisa-para-avaliar-como-os-servidores-estao-reagindo-emocionalmente-a-pandemia.html#primaryimage\"},\"image\":{\"@id\":\"https:\/\/mhcalculos.com.br\/noticias\/area\/trabalhista\/tst-sesaud-realiza-pesquisa-para-avaliar-como-os-servidores-estao-reagindo-emocionalmente-a-pandemia.html#primaryimage\"},\"thumbnailUrl\":\"https:\/\/mhcalculos.com.br\/noticias\/wp-content\/uploads\/sites\/2\/2018\/06\/judiciario-0014.jpg\",\"datePublished\":\"2020-06-24T22:01:00+00:00\",\"dateModified\":\"2021-07-28T17:29:32+00:00\",\"author\":{\"@id\":\"https:\/\/mhcalculos.com.br\/noticias\/#\/schema\/person\/88d1c34bf72dc779ea14a5a6b8e0ae8d\"},\"breadcrumb\":{\"@id\":\"https:\/\/mhcalculos.com.br\/noticias\/area\/trabalhista\/tst-sesaud-realiza-pesquisa-para-avaliar-como-os-servidores-estao-reagindo-emocionalmente-a-pandemia.html#breadcrumb\"},\"inLanguage\":\"pt-BR\",\"potentialAction\":[{\"@type\":\"ReadAction\",\"target\":[\"https:\/\/mhcalculos.com.br\/noticias\/area\/trabalhista\/tst-sesaud-realiza-pesquisa-para-avaliar-como-os-servidores-estao-reagindo-emocionalmente-a-pandemia.html\"]}]},{\"@type\":\"ImageObject\",\"inLanguage\":\"pt-BR\",\"@id\":\"https:\/\/mhcalculos.com.br\/noticias\/area\/trabalhista\/tst-sesaud-realiza-pesquisa-para-avaliar-como-os-servidores-estao-reagindo-emocionalmente-a-pandemia.html#primaryimage\",\"url\":\"https:\/\/mhcalculos.com.br\/noticias\/wp-content\/uploads\/sites\/2\/2018\/06\/judiciario-0014.jpg\",\"contentUrl\":\"https:\/\/mhcalculos.com.br\/noticias\/wp-content\/uploads\/sites\/2\/2018\/06\/judiciario-0014.jpg\",\"width\":2000,\"height\":800},{\"@type\":\"BreadcrumbList\",\"@id\":\"https:\/\/mhcalculos.com.br\/noticias\/area\/trabalhista\/tst-sesaud-realiza-pesquisa-para-avaliar-como-os-servidores-estao-reagindo-emocionalmente-a-pandemia.html#breadcrumb\",\"itemListElement\":[{\"@type\":\"ListItem\",\"position\":1,\"name\":\"In\u00edcio\",\"item\":\"https:\/\/mhcalculos.com.br\/noticias\/\"},{\"@type\":\"ListItem\",\"position\":2,\"name\":\"TST: SESAUD realiza pesquisa para avaliar como os servidores est\u00e3o reagindo emocionalmente \u00e0 pandemia\"}]},{\"@type\":\"WebSite\",\"@id\":\"https:\/\/mhcalculos.com.br\/noticias\/#website\",\"url\":\"https:\/\/mhcalculos.com.br\/noticias\/\",\"name\":\"Portal de Not\u00edcias\",\"description\":\"Not\u00edcias e Jurisprud\u00eancia\",\"potentialAction\":[{\"@type\":\"SearchAction\",\"target\":{\"@type\":\"EntryPoint\",\"urlTemplate\":\"https:\/\/mhcalculos.com.br\/noticias\/?s={search_term_string}\"},\"query-input\":{\"@type\":\"PropertyValueSpecification\",\"valueRequired\":true,\"valueName\":\"search_term_string\"}}],\"inLanguage\":\"pt-BR\"},{\"@type\":\"Person\",\"@id\":\"https:\/\/mhcalculos.com.br\/noticias\/#\/schema\/person\/88d1c34bf72dc779ea14a5a6b8e0ae8d\",\"name\":\"Equipe MH\",\"image\":{\"@type\":\"ImageObject\",\"inLanguage\":\"pt-BR\",\"@id\":\"https:\/\/secure.gravatar.com\/avatar\/de1c686c2ecc9c5a3f327e3431d819eb39f8f05d4e1045f5a1caad6daaba987f?s=96&d=mm&r=g\",\"url\":\"https:\/\/secure.gravatar.com\/avatar\/de1c686c2ecc9c5a3f327e3431d819eb39f8f05d4e1045f5a1caad6daaba987f?s=96&d=mm&r=g\",\"contentUrl\":\"https:\/\/secure.gravatar.com\/avatar\/de1c686c2ecc9c5a3f327e3431d819eb39f8f05d4e1045f5a1caad6daaba987f?s=96&d=mm&r=g\",\"caption\":\"Equipe MH\"}}]}<\/script>\n<!-- \/ Yoast SEO plugin. -->","yoast_head_json":{"title":"TST: SESAUD realiza pesquisa para avaliar como os servidores est\u00e3o reagindo emocionalmente \u00e0 pandemia | Portal de Not\u00edcias","robots":{"index":"index","follow":"follow","max-snippet":"max-snippet:-1","max-image-preview":"max-image-preview:large","max-video-preview":"max-video-preview:-1"},"canonical":"https:\/\/mhcalculos.com.br\/noticias\/area\/trabalhista\/tst-sesaud-realiza-pesquisa-para-avaliar-como-os-servidores-estao-reagindo-emocionalmente-a-pandemia.html","og_locale":"pt_BR","og_type":"article","og_title":"TST: SESAUD realiza pesquisa para avaliar como os servidores est\u00e3o reagindo emocionalmente \u00e0 pandemia | Portal de Not\u00edcias","og_description":"Question\u00e1rio, que pode ser respondido de forma r\u00e1pida, ficar\u00e1 dispon\u00edvel de 24 a 30\/6; respostas s\u00e3o sigilosas A Secretaria de Sa\u00fade do TST (SESAUD) lan\u00e7a, nesta quarta-feira (24\/6), a pesquisa &#8220;Suas Emo\u00e7\u00f5es em Tempos de Covid-19&#8221; para avaliar como os servidores est\u00e3o reagindo emocionalmente aos desafios impostos pelo enfrentamento \u00e0 pandemia. O objetivo tamb\u00e9m \u00e9&nbsp;permitir [&hellip;]","og_url":"https:\/\/mhcalculos.com.br\/noticias\/area\/trabalhista\/tst-sesaud-realiza-pesquisa-para-avaliar-como-os-servidores-estao-reagindo-emocionalmente-a-pandemia.html","og_site_name":"Portal de Not\u00edcias","article_published_time":"2020-06-24T22:01:00+00:00","article_modified_time":"2021-07-28T17:29:32+00:00","og_image":[{"width":2000,"height":800,"url":"https:\/\/mhcalculos.com.br\/noticias\/wp-content\/uploads\/sites\/2\/2018\/06\/judiciario-0014.jpg","type":"image\/jpeg"}],"author":"Equipe MH","twitter_card":"summary_large_image","twitter_misc":{"Escrito por":"Equipe MH","Est. tempo de leitura":"3 minutos"},"schema":{"@context":"https:\/\/schema.org","@graph":[{"@type":"Article","@id":"https:\/\/mhcalculos.com.br\/noticias\/area\/trabalhista\/tst-sesaud-realiza-pesquisa-para-avaliar-como-os-servidores-estao-reagindo-emocionalmente-a-pandemia.html#article","isPartOf":{"@id":"https:\/\/mhcalculos.com.br\/noticias\/area\/trabalhista\/tst-sesaud-realiza-pesquisa-para-avaliar-como-os-servidores-estao-reagindo-emocionalmente-a-pandemia.html"},"author":{"name":"Equipe MH","@id":"https:\/\/mhcalculos.com.br\/noticias\/#\/schema\/person\/88d1c34bf72dc779ea14a5a6b8e0ae8d"},"headline":"TST: SESAUD realiza pesquisa para avaliar como os servidores est\u00e3o reagindo emocionalmente \u00e0 pandemia","datePublished":"2020-06-24T22:01:00+00:00","dateModified":"2021-07-28T17:29:32+00:00","mainEntityOfPage":{"@id":"https:\/\/mhcalculos.com.br\/noticias\/area\/trabalhista\/tst-sesaud-realiza-pesquisa-para-avaliar-como-os-servidores-estao-reagindo-emocionalmente-a-pandemia.html"},"wordCount":607,"commentCount":0,"image":{"@id":"https:\/\/mhcalculos.com.br\/noticias\/area\/trabalhista\/tst-sesaud-realiza-pesquisa-para-avaliar-como-os-servidores-estao-reagindo-emocionalmente-a-pandemia.html#primaryimage"},"thumbnailUrl":"https:\/\/mhcalculos.com.br\/noticias\/wp-content\/uploads\/sites\/2\/2018\/06\/judiciario-0014.jpg","keywords":["c\u00e1lculos trabalhistas","direito trabalhista","per\u00edcia","perito","trabalho","TST"],"articleSection":["Direito Trabalhista","TST"],"inLanguage":"pt-BR","potentialAction":[{"@type":"CommentAction","name":"Comment","target":["https:\/\/mhcalculos.com.br\/noticias\/area\/trabalhista\/tst-sesaud-realiza-pesquisa-para-avaliar-como-os-servidores-estao-reagindo-emocionalmente-a-pandemia.html#respond"]}]},{"@type":"WebPage","@id":"https:\/\/mhcalculos.com.br\/noticias\/area\/trabalhista\/tst-sesaud-realiza-pesquisa-para-avaliar-como-os-servidores-estao-reagindo-emocionalmente-a-pandemia.html","url":"https:\/\/mhcalculos.com.br\/noticias\/area\/trabalhista\/tst-sesaud-realiza-pesquisa-para-avaliar-como-os-servidores-estao-reagindo-emocionalmente-a-pandemia.html","name":"TST: SESAUD realiza pesquisa para avaliar como os servidores est\u00e3o reagindo emocionalmente \u00e0 pandemia | Portal de Not\u00edcias","isPartOf":{"@id":"https:\/\/mhcalculos.com.br\/noticias\/#website"},"primaryImageOfPage":{"@id":"https:\/\/mhcalculos.com.br\/noticias\/area\/trabalhista\/tst-sesaud-realiza-pesquisa-para-avaliar-como-os-servidores-estao-reagindo-emocionalmente-a-pandemia.html#primaryimage"},"image":{"@id":"https:\/\/mhcalculos.com.br\/noticias\/area\/trabalhista\/tst-sesaud-realiza-pesquisa-para-avaliar-como-os-servidores-estao-reagindo-emocionalmente-a-pandemia.html#primaryimage"},"thumbnailUrl":"https:\/\/mhcalculos.com.br\/noticias\/wp-content\/uploads\/sites\/2\/2018\/06\/judiciario-0014.jpg","datePublished":"2020-06-24T22:01:00+00:00","dateModified":"2021-07-28T17:29:32+00:00","author":{"@id":"https:\/\/mhcalculos.com.br\/noticias\/#\/schema\/person\/88d1c34bf72dc779ea14a5a6b8e0ae8d"},"breadcrumb":{"@id":"https:\/\/mhcalculos.com.br\/noticias\/area\/trabalhista\/tst-sesaud-realiza-pesquisa-para-avaliar-como-os-servidores-estao-reagindo-emocionalmente-a-pandemia.html#breadcrumb"},"inLanguage":"pt-BR","potentialAction":[{"@type":"ReadAction","target":["https:\/\/mhcalculos.com.br\/noticias\/area\/trabalhista\/tst-sesaud-realiza-pesquisa-para-avaliar-como-os-servidores-estao-reagindo-emocionalmente-a-pandemia.html"]}]},{"@type":"ImageObject","inLanguage":"pt-BR","@id":"https:\/\/mhcalculos.com.br\/noticias\/area\/trabalhista\/tst-sesaud-realiza-pesquisa-para-avaliar-como-os-servidores-estao-reagindo-emocionalmente-a-pandemia.html#primaryimage","url":"https:\/\/mhcalculos.com.br\/noticias\/wp-content\/uploads\/sites\/2\/2018\/06\/judiciario-0014.jpg","contentUrl":"https:\/\/mhcalculos.com.br\/noticias\/wp-content\/uploads\/sites\/2\/2018\/06\/judiciario-0014.jpg","width":2000,"height":800},{"@type":"BreadcrumbList","@id":"https:\/\/mhcalculos.com.br\/noticias\/area\/trabalhista\/tst-sesaud-realiza-pesquisa-para-avaliar-como-os-servidores-estao-reagindo-emocionalmente-a-pandemia.html#breadcrumb","itemListElement":[{"@type":"ListItem","position":1,"name":"In\u00edcio","item":"https:\/\/mhcalculos.com.br\/noticias\/"},{"@type":"ListItem","position":2,"name":"TST: SESAUD realiza pesquisa para avaliar como os servidores est\u00e3o reagindo emocionalmente \u00e0 pandemia"}]},{"@type":"WebSite","@id":"https:\/\/mhcalculos.com.br\/noticias\/#website","url":"https:\/\/mhcalculos.com.br\/noticias\/","name":"Portal de Not\u00edcias","description":"Not\u00edcias e Jurisprud\u00eancia","potentialAction":[{"@type":"SearchAction","target":{"@type":"EntryPoint","urlTemplate":"https:\/\/mhcalculos.com.br\/noticias\/?s={search_term_string}"},"query-input":{"@type":"PropertyValueSpecification","valueRequired":true,"valueName":"search_term_string"}}],"inLanguage":"pt-BR"},{"@type":"Person","@id":"https:\/\/mhcalculos.com.br\/noticias\/#\/schema\/person\/88d1c34bf72dc779ea14a5a6b8e0ae8d","name":"Equipe MH","image":{"@type":"ImageObject","inLanguage":"pt-BR","@id":"https:\/\/secure.gravatar.com\/avatar\/de1c686c2ecc9c5a3f327e3431d819eb39f8f05d4e1045f5a1caad6daaba987f?s=96&d=mm&r=g","url":"https:\/\/secure.gravatar.com\/avatar\/de1c686c2ecc9c5a3f327e3431d819eb39f8f05d4e1045f5a1caad6daaba987f?s=96&d=mm&r=g","contentUrl":"https:\/\/secure.gravatar.com\/avatar\/de1c686c2ecc9c5a3f327e3431d819eb39f8f05d4e1045f5a1caad6daaba987f?s=96&d=mm&r=g","caption":"Equipe MH"}}]}},"_links":{"self":[{"href":"https:\/\/mhcalculos.com.br\/noticias\/wp-json\/wp\/v2\/posts\/7281","targetHints":{"allow":["GET"]}}],"collection":[{"href":"https:\/\/mhcalculos.com.br\/noticias\/wp-json\/wp\/v2\/posts"}],"about":[{"href":"https:\/\/mhcalculos.com.br\/noticias\/wp-json\/wp\/v2\/types\/post"}],"author":[{"embeddable":true,"href":"https:\/\/mhcalculos.com.br\/noticias\/wp-json\/wp\/v2\/users\/3063"}],"replies":[{"embeddable":true,"href":"https:\/\/mhcalculos.com.br\/noticias\/wp-json\/wp\/v2\/comments?post=7281"}],"version-history":[{"count":1,"href":"https:\/\/mhcalculos.com.br\/noticias\/wp-json\/wp\/v2\/posts\/7281\/revisions"}],"predecessor-version":[{"id":9087,"href":"https:\/\/mhcalculos.com.br\/noticias\/wp-json\/wp\/v2\/posts\/7281\/revisions\/9087"}],"wp:featuredmedia":[{"embeddable":true,"href":"https:\/\/mhcalculos.com.br\/noticias\/wp-json\/wp\/v2\/media\/2102"}],"wp:attachment":[{"href":"https:\/\/mhcalculos.com.br\/noticias\/wp-json\/wp\/v2\/media?parent=7281"}],"wp:term":[{"taxonomy":"category","embeddable":true,"href":"https:\/\/mhcalculos.com.br\/noticias\/wp-json\/wp\/v2\/categories?post=7281"},{"taxonomy":"post_tag","embeddable":true,"href":"https:\/\/mhcalculos.com.br\/noticias\/wp-json\/wp\/v2\/tags?post=7281"}],"curies":[{"name":"wp","href":"https:\/\/api.w.org\/{rel}","templated":true}]}}