{"id":7280,"date":"2020-06-27T00:06:42","date_gmt":"2020-06-27T03:06:42","guid":{"rendered":"https:\/\/mhcalculos.com.br\/noticias\/area\/previdenciario\/trf3-tribunal-divulga-lista-de-expositores-cronograma-e-link-da-audiencia-publica-sobre-irdr-para-readequacao-de-beneficios-previdenciarios.html"},"modified":"2021-07-28T14:29:31","modified_gmt":"2021-07-28T17:29:31","slug":"trf3-tribunal-divulga-lista-de-expositores-cronograma-e-link-da-audiencia-publica-sobre-irdr-para-readequacao-de-beneficios-previdenciarios","status":"publish","type":"post","link":"https:\/\/mhcalculos.com.br\/noticias\/area\/previdenciario\/trf3-tribunal-divulga-lista-de-expositores-cronograma-e-link-da-audiencia-publica-sobre-irdr-para-readequacao-de-beneficios-previdenciarios.html","title":{"rendered":"TRF3: TRIBUNAL&nbsp;DIVULGA LISTA DE EXPOSITORES, CRONOGRAMA E LINK DA AUDI\u00caNCIA P\u00daBLICA SOBRE IRDR PARA READEQUA\u00c7\u00c3O DE BENEF\u00cdCIOS PREVIDENCI\u00c1RIOS"},"content":{"rendered":"\n<div class=\"mat\">\n<p><em>Doze especialistas estar\u00e3o no evento, na ter\u00e7a-feira (30\/06). Interessados em ter nome na lista de presen\u00e7a podem fazer cadastro por meio de formul\u00e1rio eletr\u00f4nico at\u00e9 29\/06<\/em><\/p>\n<p>O Tribunal Regional Federal da 3\u00aa Regi\u00e3o (TRF3) divulgou hoje (25\/06) <a href=\"https:\/\/www.trf3.jus.br\/documentos\/acom\/banner\/5022820-39.2019.4.03.0000_135343489.pdf\">a lista com doze expositores<\/a> selecionados para participar da audi\u00eancia p\u00fablica que visa debater as teses jur\u00eddicas sobre o objeto da tem\u00e1tica do Incidente de Resolu\u00e7\u00e3o de Demandas Repetitivas (IRDR) n\u00ba <a href=\"http:\/\/web.trf3.jus.br\/noticias\/Noticias\/Noticia\/Exibir\/389041\">5022820-39.2019.4.03.0000<\/a>. Foram tamb\u00e9m disponibilizados o <a href=\"https:\/\/www.trf3.jus.br\/documentos\/acom\/banner\/5022820-39.2019.4.03.0000_135343489.pdf\">cronograma<\/a> e o <a href=\"https:\/\/bit.ly\/3dBfDba\">link<\/a> para o evento, com transmiss\u00e3o aberta ao p\u00fablico.<\/p>\n<p>A audi\u00eancia p\u00fablica ser\u00e1 realizada e transmitida pelo Microsoft Teams, na pr\u00f3xima ter\u00e7a-feira, dia 30 de junho, a partir de 10 horas, e reunir\u00e1 representantes do poder p\u00fablico, da sociedade civil e especialistas.<\/p>\n<p>N\u00e3o \u00e9 necess\u00e1rio efetuar cadastro para assistir ao evento. Aqueles que desejarem registrar seus nomes na lista de presen\u00e7a devem fazer o requerimento por meio de <a href=\"https:\/\/bit.ly\/2Nx6UvH\">formul\u00e1rio eletr\u00f4nico<\/a>, at\u00e9 29 de junho.<\/p>\n<p>O objetivo \u00e9 colher informa\u00e7\u00f5es de estudiosos e interessados habilitados na quest\u00e3o jur\u00eddica que discute sobre a possibilidade ou n\u00e3o de readequa\u00e7\u00e3o de benef\u00edcio previdenci\u00e1rio calculado e concedido antes da Constitui\u00e7\u00e3o Federal de 1988 aos novos tetos dos sal\u00e1rios-de-contribui\u00e7\u00e3o de R$ 1.200,00 e de R$ 2.400,00, fixados, respectivamente, pelas Emendas Constitucionais 20\/1998 e 41\/2003.<\/p>\n<p>O IRDR \u00e9 um instrumento criado pelo C\u00f3digo de Processo Civil (CPC) para solu\u00e7\u00e3o de controv\u00e9rsias jur\u00eddicas que se multiplicam em grande n\u00famero de processos no \u00e2mbito dos tribunais. O IRDR n\u00ba 5022820-39.2019.4.03.0000, instaurado pelo Instituto Nacional do Seguro Social (INSS), foi admitido por unanimidade pela Terceira Se\u00e7\u00e3o do TRF3, no dia 12 de dezembro de 2019.<\/p>\n<p>Na ocasi\u00e3o, o colegiado determinou tamb\u00e9m a suspens\u00e3o dos processos pendentes, individuais ou coletivos, que tenham como objeto a tem\u00e1tica do incidente. A medida \u00e9 v\u00e1lida para a\u00e7\u00f5es que tramitam nas varas e nos Juizados Especiais Federais (JEF) das Se\u00e7\u00f5es Judici\u00e1rias dos Estados de S\u00e3o Paulo e Mato Grosso do Sul.<\/p>\n<p><strong>Teses jur\u00eddicas<\/strong><\/p>\n<p>No pedido de instaura\u00e7\u00e3o do IRDR 5022820-39.2019.4.03.0000, o INSS solicitou que fossem fixadas as seguintes teses jur\u00eddicas em precedente de observ\u00e2ncia obrigat\u00f3ria: \u201ca) para os benef\u00edcios concedidos antes da promulga\u00e7\u00e3o da Constitui\u00e7\u00e3o Federal de 1988 \u00e9 vedada a utiliza\u00e7\u00e3o do RE 546.354-SE para fins de altera\u00e7\u00e3o do \u2018menor valor teto\u2019 ou, mais amplamente, de qualquer altera\u00e7\u00e3o da metodologia de c\u00e1lculo do valor do benef\u00edcio; b) considerando a aus\u00eancia de limites temporais em rela\u00e7\u00e3o ao decidido no RE 546.354-SE, tal readequa\u00e7\u00e3o aos novos tetos estabelecidos pelas Emendas Constitucionais 20\/98 e 41\/03 depende da demonstra\u00e7\u00e3o, na fase de conhecimento, que ocorreu limita\u00e7\u00e3o do benef\u00edcio a 90% do \u2018maior valor teto\u2019, sob pena de improced\u00eancia da demanda\u201d.<\/p>\n<p><strong>Cronograma<\/strong><\/p>\n<p>Audi\u00eancia de 30\/06\/2020 (ter\u00e7a-feira):<\/p>\n<p>10h &#8211; Abertura e breve exposi\u00e7\u00e3o pela desembargadora federal In\u00eas Virg\u00ednia, relatora do IRDR<\/p>\n<p>10h15 &#8211; Manifesta\u00e7\u00e3o do Minist\u00e9rio P\u00fablico Federal, por meio do procurador regional da Rep\u00fablica Rob\u00e9rio Nunes dos Anjos Filho<\/p>\n<p>10h30 &#8211; In\u00edcio das exposi\u00e7\u00f5es. Os expositores ter\u00e3o o tempo de 10 minutos para a sua apresenta\u00e7\u00e3o, observada a ordem cronol\u00f3gica de inscri\u00e7\u00e3o<\/p>\n<p>Considera\u00e7\u00f5es finais e encerramento pela Desembargadora Federal Relatora<\/p>\n<p>Veja <a href=\"https:\/\/www.trf3.jus.br\/documentos\/acom\/banner\/5022820-39.2019.4.03.0000_135343489.pdf\">aqui<\/a> rela\u00e7\u00e3o dos expositores habilitados e a \u00edntegra do cronograma dos trabalhos da audi\u00eancia<\/p>\n<p><strong>Servi\u00e7o<\/strong>: Audi\u00eancia P\u00fablica<\/p>\n<p><strong>Processo<\/strong>: 5022820-39.2019.4.03.0000<\/p>\n<p><strong>Classe<\/strong>: Incidente de Resolu\u00e7\u00e3o de Demandas Repetitivas<\/p>\n<p><strong>Assunto<\/strong>: Altera\u00e7\u00e3o do teto m\u00e1ximo para o valor do benef\u00edcio previdenci\u00e1rio do RGPS (EC 20 e 41) (11944)<\/p>\n<p><strong>\u00d3rg\u00e3o Julgador<\/strong>: Terceira Se\u00e7\u00e3o do TRF3<\/p>\n<p><strong>Relatora<\/strong>: desembargadora federal In\u00eas Virg\u00ednia<\/p>\n<p><strong>Data<\/strong>: 30 de junho<\/p>\n<p><strong>Hor\u00e1rio<\/strong>: a partir de 10 horas<\/p>\n<p><strong>Local<\/strong>: ambiente virtual, ferramenta Microsoft Teams<\/p>\n<p><strong>Inscri\u00e7\u00f5es para ouvintes<\/strong>: clique <a href=\"https:\/\/bit.ly\/2Nx6UvH\">aqui<\/a><\/p>\n<p><strong>Link p\u00fablico para assistir \u00e0 audi\u00eancia<\/strong>: clique <a href=\"https:\/\/bit.ly\/3dBfDba\">aqui<\/a><\/p>\n<p><strong>Contato para solucionar d\u00favidas<\/strong>: <a href=\"http:\/\/web.trf3.jus.br\/noticias\/Noticias\/Noticia\/Exibir\/mailto:mailto:GAB12010@trf3.jus.br\">GAB12010@trf3.jus.br<\/a><br \/>\n\u00a0<\/p>\n<\/p>\n<\/div>\n<p><i>Com informa\u00e7\u00f5es da assessoria de imprensa do TRF3.<\/i><br \/>\n<br \/><a href=\"http:\/\/web.trf3.jus.br\/noticias\/Noticias\/Noticia\/Exibir\/396275\">Fonte<\/a><br \/>\n<br \/><\/p>\n","protected":false},"excerpt":{"rendered":"<p>Doze especialistas estar\u00e3o no evento, na ter\u00e7a-feira (30\/06). Interessados em ter nome na lista de presen\u00e7a podem fazer cadastro por meio de formul\u00e1rio eletr\u00f4nico at\u00e9 29\/06 O Tribunal Regional Federal da 3\u00aa Regi\u00e3o (TRF3) divulgou hoje (25\/06) a lista com doze expositores selecionados para participar da audi\u00eancia p\u00fablica que visa debater as teses jur\u00eddicas sobre [&hellip;]<\/p>\n","protected":false},"author":3063,"featured_media":1969,"comment_status":"open","ping_status":"open","sticky":false,"template":"","format":"standard","meta":{"footnotes":""},"categories":[5,110],"tags":[11,10,8,13,9,12,152],"class_list":{"0":"post-7280","1":"post","2":"type-post","3":"status-publish","4":"format-standard","5":"has-post-thumbnail","7":"category-previdenciario","8":"category-trf3","9":"tag-aposentadoria","10":"tag-calculos-previdenciarios","11":"tag-direito-previdenciario","12":"tag-inss","13":"tag-pericia","14":"tag-perito","15":"tag-trf3"},"yoast_head":"<!-- This site is optimized with the Yoast SEO plugin v27.2 - https:\/\/yoast.com\/product\/yoast-seo-wordpress\/ -->\n<title>TRF3: TRIBUNAL&nbsp;DIVULGA LISTA DE EXPOSITORES, CRONOGRAMA E LINK DA AUDI\u00caNCIA P\u00daBLICA SOBRE IRDR PARA READEQUA\u00c7\u00c3O DE BENEF\u00cdCIOS PREVIDENCI\u00c1RIOS | Portal de Not\u00edcias<\/title>\n<meta name=\"robots\" content=\"index, follow, max-snippet:-1, max-image-preview:large, max-video-preview:-1\" \/>\n<link rel=\"canonical\" href=\"https:\/\/mhcalculos.com.br\/noticias\/area\/previdenciario\/trf3-tribunal-divulga-lista-de-expositores-cronograma-e-link-da-audiencia-publica-sobre-irdr-para-readequacao-de-beneficios-previdenciarios.html\" \/>\n<meta property=\"og:locale\" content=\"pt_BR\" \/>\n<meta property=\"og:type\" content=\"article\" \/>\n<meta property=\"og:title\" content=\"TRF3: TRIBUNAL&nbsp;DIVULGA LISTA DE EXPOSITORES, CRONOGRAMA E LINK DA AUDI\u00caNCIA P\u00daBLICA SOBRE IRDR PARA READEQUA\u00c7\u00c3O DE BENEF\u00cdCIOS PREVIDENCI\u00c1RIOS | Portal de Not\u00edcias\" \/>\n<meta property=\"og:description\" content=\"Doze especialistas estar\u00e3o no evento, na ter\u00e7a-feira (30\/06). Interessados em ter nome na lista de presen\u00e7a podem fazer cadastro por meio de formul\u00e1rio eletr\u00f4nico at\u00e9 29\/06 O Tribunal Regional Federal da 3\u00aa Regi\u00e3o (TRF3) divulgou hoje (25\/06) a lista com doze expositores selecionados para participar da audi\u00eancia p\u00fablica que visa debater as teses jur\u00eddicas sobre [&hellip;]\" \/>\n<meta property=\"og:url\" content=\"https:\/\/mhcalculos.com.br\/noticias\/area\/previdenciario\/trf3-tribunal-divulga-lista-de-expositores-cronograma-e-link-da-audiencia-publica-sobre-irdr-para-readequacao-de-beneficios-previdenciarios.html\" \/>\n<meta property=\"og:site_name\" content=\"Portal de Not\u00edcias\" \/>\n<meta property=\"article:published_time\" content=\"2020-06-27T03:06:42+00:00\" \/>\n<meta property=\"article:modified_time\" content=\"2021-07-28T17:29:31+00:00\" \/>\n<meta property=\"og:image\" content=\"https:\/\/mhcalculos.com.br\/noticias\/wp-content\/uploads\/sites\/2\/2018\/06\/judiciario-0038.jpg\" \/>\n\t<meta property=\"og:image:width\" content=\"2000\" \/>\n\t<meta property=\"og:image:height\" content=\"800\" \/>\n\t<meta property=\"og:image:type\" content=\"image\/jpeg\" \/>\n<meta name=\"author\" content=\"Equipe MH\" \/>\n<meta name=\"twitter:card\" content=\"summary_large_image\" \/>\n<meta name=\"twitter:label1\" content=\"Escrito por\" \/>\n\t<meta name=\"twitter:data1\" content=\"Equipe MH\" \/>\n\t<meta name=\"twitter:label2\" content=\"Est. tempo de leitura\" \/>\n\t<meta name=\"twitter:data2\" content=\"3 minutos\" \/>\n<script type=\"application\/ld+json\" class=\"yoast-schema-graph\">{\"@context\":\"https:\/\/schema.org\",\"@graph\":[{\"@type\":\"Article\",\"@id\":\"https:\/\/mhcalculos.com.br\/noticias\/area\/previdenciario\/trf3-tribunal-divulga-lista-de-expositores-cronograma-e-link-da-audiencia-publica-sobre-irdr-para-readequacao-de-beneficios-previdenciarios.html#article\",\"isPartOf\":{\"@id\":\"https:\/\/mhcalculos.com.br\/noticias\/area\/previdenciario\/trf3-tribunal-divulga-lista-de-expositores-cronograma-e-link-da-audiencia-publica-sobre-irdr-para-readequacao-de-beneficios-previdenciarios.html\"},\"author\":{\"name\":\"Equipe MH\",\"@id\":\"https:\/\/mhcalculos.com.br\/noticias\/#\/schema\/person\/88d1c34bf72dc779ea14a5a6b8e0ae8d\"},\"headline\":\"TRF3: TRIBUNAL&nbsp;DIVULGA LISTA DE EXPOSITORES, CRONOGRAMA E LINK DA AUDI\u00caNCIA P\u00daBLICA SOBRE IRDR PARA READEQUA\u00c7\u00c3O DE BENEF\u00cdCIOS PREVIDENCI\u00c1RIOS\",\"datePublished\":\"2020-06-27T03:06:42+00:00\",\"dateModified\":\"2021-07-28T17:29:31+00:00\",\"mainEntityOfPage\":{\"@id\":\"https:\/\/mhcalculos.com.br\/noticias\/area\/previdenciario\/trf3-tribunal-divulga-lista-de-expositores-cronograma-e-link-da-audiencia-publica-sobre-irdr-para-readequacao-de-beneficios-previdenciarios.html\"},\"wordCount\":701,\"commentCount\":0,\"image\":{\"@id\":\"https:\/\/mhcalculos.com.br\/noticias\/area\/previdenciario\/trf3-tribunal-divulga-lista-de-expositores-cronograma-e-link-da-audiencia-publica-sobre-irdr-para-readequacao-de-beneficios-previdenciarios.html#primaryimage\"},\"thumbnailUrl\":\"https:\/\/mhcalculos.com.br\/noticias\/wp-content\/uploads\/sites\/2\/2018\/06\/judiciario-0038.jpg\",\"keywords\":[\"aposentadoria\",\"c\u00e1lculos previdenci\u00e1rios\",\"direito previdenci\u00e1rio\",\"inss\",\"per\u00edcia\",\"perito\",\"trf3\"],\"articleSection\":[\"Direito Previdenci\u00e1rio\",\"TRF3\"],\"inLanguage\":\"pt-BR\",\"potentialAction\":[{\"@type\":\"CommentAction\",\"name\":\"Comment\",\"target\":[\"https:\/\/mhcalculos.com.br\/noticias\/area\/previdenciario\/trf3-tribunal-divulga-lista-de-expositores-cronograma-e-link-da-audiencia-publica-sobre-irdr-para-readequacao-de-beneficios-previdenciarios.html#respond\"]}]},{\"@type\":\"WebPage\",\"@id\":\"https:\/\/mhcalculos.com.br\/noticias\/area\/previdenciario\/trf3-tribunal-divulga-lista-de-expositores-cronograma-e-link-da-audiencia-publica-sobre-irdr-para-readequacao-de-beneficios-previdenciarios.html\",\"url\":\"https:\/\/mhcalculos.com.br\/noticias\/area\/previdenciario\/trf3-tribunal-divulga-lista-de-expositores-cronograma-e-link-da-audiencia-publica-sobre-irdr-para-readequacao-de-beneficios-previdenciarios.html\",\"name\":\"TRF3: TRIBUNAL&nbsp;DIVULGA LISTA DE EXPOSITORES, CRONOGRAMA E LINK DA AUDI\u00caNCIA P\u00daBLICA SOBRE IRDR PARA READEQUA\u00c7\u00c3O DE BENEF\u00cdCIOS PREVIDENCI\u00c1RIOS | Portal de Not\u00edcias\",\"isPartOf\":{\"@id\":\"https:\/\/mhcalculos.com.br\/noticias\/#website\"},\"primaryImageOfPage\":{\"@id\":\"https:\/\/mhcalculos.com.br\/noticias\/area\/previdenciario\/trf3-tribunal-divulga-lista-de-expositores-cronograma-e-link-da-audiencia-publica-sobre-irdr-para-readequacao-de-beneficios-previdenciarios.html#primaryimage\"},\"image\":{\"@id\":\"https:\/\/mhcalculos.com.br\/noticias\/area\/previdenciario\/trf3-tribunal-divulga-lista-de-expositores-cronograma-e-link-da-audiencia-publica-sobre-irdr-para-readequacao-de-beneficios-previdenciarios.html#primaryimage\"},\"thumbnailUrl\":\"https:\/\/mhcalculos.com.br\/noticias\/wp-content\/uploads\/sites\/2\/2018\/06\/judiciario-0038.jpg\",\"datePublished\":\"2020-06-27T03:06:42+00:00\",\"dateModified\":\"2021-07-28T17:29:31+00:00\",\"author\":{\"@id\":\"https:\/\/mhcalculos.com.br\/noticias\/#\/schema\/person\/88d1c34bf72dc779ea14a5a6b8e0ae8d\"},\"breadcrumb\":{\"@id\":\"https:\/\/mhcalculos.com.br\/noticias\/area\/previdenciario\/trf3-tribunal-divulga-lista-de-expositores-cronograma-e-link-da-audiencia-publica-sobre-irdr-para-readequacao-de-beneficios-previdenciarios.html#breadcrumb\"},\"inLanguage\":\"pt-BR\",\"potentialAction\":[{\"@type\":\"ReadAction\",\"target\":[\"https:\/\/mhcalculos.com.br\/noticias\/area\/previdenciario\/trf3-tribunal-divulga-lista-de-expositores-cronograma-e-link-da-audiencia-publica-sobre-irdr-para-readequacao-de-beneficios-previdenciarios.html\"]}]},{\"@type\":\"ImageObject\",\"inLanguage\":\"pt-BR\",\"@id\":\"https:\/\/mhcalculos.com.br\/noticias\/area\/previdenciario\/trf3-tribunal-divulga-lista-de-expositores-cronograma-e-link-da-audiencia-publica-sobre-irdr-para-readequacao-de-beneficios-previdenciarios.html#primaryimage\",\"url\":\"https:\/\/mhcalculos.com.br\/noticias\/wp-content\/uploads\/sites\/2\/2018\/06\/judiciario-0038.jpg\",\"contentUrl\":\"https:\/\/mhcalculos.com.br\/noticias\/wp-content\/uploads\/sites\/2\/2018\/06\/judiciario-0038.jpg\",\"width\":2000,\"height\":800},{\"@type\":\"BreadcrumbList\",\"@id\":\"https:\/\/mhcalculos.com.br\/noticias\/area\/previdenciario\/trf3-tribunal-divulga-lista-de-expositores-cronograma-e-link-da-audiencia-publica-sobre-irdr-para-readequacao-de-beneficios-previdenciarios.html#breadcrumb\",\"itemListElement\":[{\"@type\":\"ListItem\",\"position\":1,\"name\":\"In\u00edcio\",\"item\":\"https:\/\/mhcalculos.com.br\/noticias\/\"},{\"@type\":\"ListItem\",\"position\":2,\"name\":\"TRF3: TRIBUNAL&nbsp;DIVULGA LISTA DE EXPOSITORES, CRONOGRAMA E LINK DA AUDI\u00caNCIA P\u00daBLICA SOBRE IRDR PARA READEQUA\u00c7\u00c3O DE BENEF\u00cdCIOS PREVIDENCI\u00c1RIOS\"}]},{\"@type\":\"WebSite\",\"@id\":\"https:\/\/mhcalculos.com.br\/noticias\/#website\",\"url\":\"https:\/\/mhcalculos.com.br\/noticias\/\",\"name\":\"Portal de Not\u00edcias\",\"description\":\"Not\u00edcias e Jurisprud\u00eancia\",\"potentialAction\":[{\"@type\":\"SearchAction\",\"target\":{\"@type\":\"EntryPoint\",\"urlTemplate\":\"https:\/\/mhcalculos.com.br\/noticias\/?s={search_term_string}\"},\"query-input\":{\"@type\":\"PropertyValueSpecification\",\"valueRequired\":true,\"valueName\":\"search_term_string\"}}],\"inLanguage\":\"pt-BR\"},{\"@type\":\"Person\",\"@id\":\"https:\/\/mhcalculos.com.br\/noticias\/#\/schema\/person\/88d1c34bf72dc779ea14a5a6b8e0ae8d\",\"name\":\"Equipe MH\",\"image\":{\"@type\":\"ImageObject\",\"inLanguage\":\"pt-BR\",\"@id\":\"https:\/\/secure.gravatar.com\/avatar\/de1c686c2ecc9c5a3f327e3431d819eb39f8f05d4e1045f5a1caad6daaba987f?s=96&d=mm&r=g\",\"url\":\"https:\/\/secure.gravatar.com\/avatar\/de1c686c2ecc9c5a3f327e3431d819eb39f8f05d4e1045f5a1caad6daaba987f?s=96&d=mm&r=g\",\"contentUrl\":\"https:\/\/secure.gravatar.com\/avatar\/de1c686c2ecc9c5a3f327e3431d819eb39f8f05d4e1045f5a1caad6daaba987f?s=96&d=mm&r=g\",\"caption\":\"Equipe MH\"}}]}<\/script>\n<!-- \/ Yoast SEO plugin. -->","yoast_head_json":{"title":"TRF3: TRIBUNAL&nbsp;DIVULGA LISTA DE EXPOSITORES, CRONOGRAMA E LINK DA AUDI\u00caNCIA P\u00daBLICA SOBRE IRDR PARA READEQUA\u00c7\u00c3O DE BENEF\u00cdCIOS PREVIDENCI\u00c1RIOS | Portal de Not\u00edcias","robots":{"index":"index","follow":"follow","max-snippet":"max-snippet:-1","max-image-preview":"max-image-preview:large","max-video-preview":"max-video-preview:-1"},"canonical":"https:\/\/mhcalculos.com.br\/noticias\/area\/previdenciario\/trf3-tribunal-divulga-lista-de-expositores-cronograma-e-link-da-audiencia-publica-sobre-irdr-para-readequacao-de-beneficios-previdenciarios.html","og_locale":"pt_BR","og_type":"article","og_title":"TRF3: TRIBUNAL&nbsp;DIVULGA LISTA DE EXPOSITORES, CRONOGRAMA E LINK DA AUDI\u00caNCIA P\u00daBLICA SOBRE IRDR PARA READEQUA\u00c7\u00c3O DE BENEF\u00cdCIOS PREVIDENCI\u00c1RIOS | Portal de Not\u00edcias","og_description":"Doze especialistas estar\u00e3o no evento, na ter\u00e7a-feira (30\/06). Interessados em ter nome na lista de presen\u00e7a podem fazer cadastro por meio de formul\u00e1rio eletr\u00f4nico at\u00e9 29\/06 O Tribunal Regional Federal da 3\u00aa Regi\u00e3o (TRF3) divulgou hoje (25\/06) a lista com doze expositores selecionados para participar da audi\u00eancia p\u00fablica que visa debater as teses jur\u00eddicas sobre [&hellip;]","og_url":"https:\/\/mhcalculos.com.br\/noticias\/area\/previdenciario\/trf3-tribunal-divulga-lista-de-expositores-cronograma-e-link-da-audiencia-publica-sobre-irdr-para-readequacao-de-beneficios-previdenciarios.html","og_site_name":"Portal de Not\u00edcias","article_published_time":"2020-06-27T03:06:42+00:00","article_modified_time":"2021-07-28T17:29:31+00:00","og_image":[{"width":2000,"height":800,"url":"https:\/\/mhcalculos.com.br\/noticias\/wp-content\/uploads\/sites\/2\/2018\/06\/judiciario-0038.jpg","type":"image\/jpeg"}],"author":"Equipe MH","twitter_card":"summary_large_image","twitter_misc":{"Escrito por":"Equipe MH","Est. tempo de leitura":"3 minutos"},"schema":{"@context":"https:\/\/schema.org","@graph":[{"@type":"Article","@id":"https:\/\/mhcalculos.com.br\/noticias\/area\/previdenciario\/trf3-tribunal-divulga-lista-de-expositores-cronograma-e-link-da-audiencia-publica-sobre-irdr-para-readequacao-de-beneficios-previdenciarios.html#article","isPartOf":{"@id":"https:\/\/mhcalculos.com.br\/noticias\/area\/previdenciario\/trf3-tribunal-divulga-lista-de-expositores-cronograma-e-link-da-audiencia-publica-sobre-irdr-para-readequacao-de-beneficios-previdenciarios.html"},"author":{"name":"Equipe MH","@id":"https:\/\/mhcalculos.com.br\/noticias\/#\/schema\/person\/88d1c34bf72dc779ea14a5a6b8e0ae8d"},"headline":"TRF3: TRIBUNAL&nbsp;DIVULGA LISTA DE EXPOSITORES, CRONOGRAMA E LINK DA AUDI\u00caNCIA P\u00daBLICA SOBRE IRDR PARA READEQUA\u00c7\u00c3O DE BENEF\u00cdCIOS PREVIDENCI\u00c1RIOS","datePublished":"2020-06-27T03:06:42+00:00","dateModified":"2021-07-28T17:29:31+00:00","mainEntityOfPage":{"@id":"https:\/\/mhcalculos.com.br\/noticias\/area\/previdenciario\/trf3-tribunal-divulga-lista-de-expositores-cronograma-e-link-da-audiencia-publica-sobre-irdr-para-readequacao-de-beneficios-previdenciarios.html"},"wordCount":701,"commentCount":0,"image":{"@id":"https:\/\/mhcalculos.com.br\/noticias\/area\/previdenciario\/trf3-tribunal-divulga-lista-de-expositores-cronograma-e-link-da-audiencia-publica-sobre-irdr-para-readequacao-de-beneficios-previdenciarios.html#primaryimage"},"thumbnailUrl":"https:\/\/mhcalculos.com.br\/noticias\/wp-content\/uploads\/sites\/2\/2018\/06\/judiciario-0038.jpg","keywords":["aposentadoria","c\u00e1lculos previdenci\u00e1rios","direito previdenci\u00e1rio","inss","per\u00edcia","perito","trf3"],"articleSection":["Direito Previdenci\u00e1rio","TRF3"],"inLanguage":"pt-BR","potentialAction":[{"@type":"CommentAction","name":"Comment","target":["https:\/\/mhcalculos.com.br\/noticias\/area\/previdenciario\/trf3-tribunal-divulga-lista-de-expositores-cronograma-e-link-da-audiencia-publica-sobre-irdr-para-readequacao-de-beneficios-previdenciarios.html#respond"]}]},{"@type":"WebPage","@id":"https:\/\/mhcalculos.com.br\/noticias\/area\/previdenciario\/trf3-tribunal-divulga-lista-de-expositores-cronograma-e-link-da-audiencia-publica-sobre-irdr-para-readequacao-de-beneficios-previdenciarios.html","url":"https:\/\/mhcalculos.com.br\/noticias\/area\/previdenciario\/trf3-tribunal-divulga-lista-de-expositores-cronograma-e-link-da-audiencia-publica-sobre-irdr-para-readequacao-de-beneficios-previdenciarios.html","name":"TRF3: TRIBUNAL&nbsp;DIVULGA LISTA DE EXPOSITORES, CRONOGRAMA E LINK DA AUDI\u00caNCIA P\u00daBLICA SOBRE IRDR PARA READEQUA\u00c7\u00c3O DE BENEF\u00cdCIOS PREVIDENCI\u00c1RIOS | Portal de Not\u00edcias","isPartOf":{"@id":"https:\/\/mhcalculos.com.br\/noticias\/#website"},"primaryImageOfPage":{"@id":"https:\/\/mhcalculos.com.br\/noticias\/area\/previdenciario\/trf3-tribunal-divulga-lista-de-expositores-cronograma-e-link-da-audiencia-publica-sobre-irdr-para-readequacao-de-beneficios-previdenciarios.html#primaryimage"},"image":{"@id":"https:\/\/mhcalculos.com.br\/noticias\/area\/previdenciario\/trf3-tribunal-divulga-lista-de-expositores-cronograma-e-link-da-audiencia-publica-sobre-irdr-para-readequacao-de-beneficios-previdenciarios.html#primaryimage"},"thumbnailUrl":"https:\/\/mhcalculos.com.br\/noticias\/wp-content\/uploads\/sites\/2\/2018\/06\/judiciario-0038.jpg","datePublished":"2020-06-27T03:06:42+00:00","dateModified":"2021-07-28T17:29:31+00:00","author":{"@id":"https:\/\/mhcalculos.com.br\/noticias\/#\/schema\/person\/88d1c34bf72dc779ea14a5a6b8e0ae8d"},"breadcrumb":{"@id":"https:\/\/mhcalculos.com.br\/noticias\/area\/previdenciario\/trf3-tribunal-divulga-lista-de-expositores-cronograma-e-link-da-audiencia-publica-sobre-irdr-para-readequacao-de-beneficios-previdenciarios.html#breadcrumb"},"inLanguage":"pt-BR","potentialAction":[{"@type":"ReadAction","target":["https:\/\/mhcalculos.com.br\/noticias\/area\/previdenciario\/trf3-tribunal-divulga-lista-de-expositores-cronograma-e-link-da-audiencia-publica-sobre-irdr-para-readequacao-de-beneficios-previdenciarios.html"]}]},{"@type":"ImageObject","inLanguage":"pt-BR","@id":"https:\/\/mhcalculos.com.br\/noticias\/area\/previdenciario\/trf3-tribunal-divulga-lista-de-expositores-cronograma-e-link-da-audiencia-publica-sobre-irdr-para-readequacao-de-beneficios-previdenciarios.html#primaryimage","url":"https:\/\/mhcalculos.com.br\/noticias\/wp-content\/uploads\/sites\/2\/2018\/06\/judiciario-0038.jpg","contentUrl":"https:\/\/mhcalculos.com.br\/noticias\/wp-content\/uploads\/sites\/2\/2018\/06\/judiciario-0038.jpg","width":2000,"height":800},{"@type":"BreadcrumbList","@id":"https:\/\/mhcalculos.com.br\/noticias\/area\/previdenciario\/trf3-tribunal-divulga-lista-de-expositores-cronograma-e-link-da-audiencia-publica-sobre-irdr-para-readequacao-de-beneficios-previdenciarios.html#breadcrumb","itemListElement":[{"@type":"ListItem","position":1,"name":"In\u00edcio","item":"https:\/\/mhcalculos.com.br\/noticias\/"},{"@type":"ListItem","position":2,"name":"TRF3: TRIBUNAL&nbsp;DIVULGA LISTA DE EXPOSITORES, CRONOGRAMA E LINK DA AUDI\u00caNCIA P\u00daBLICA SOBRE IRDR PARA READEQUA\u00c7\u00c3O DE BENEF\u00cdCIOS PREVIDENCI\u00c1RIOS"}]},{"@type":"WebSite","@id":"https:\/\/mhcalculos.com.br\/noticias\/#website","url":"https:\/\/mhcalculos.com.br\/noticias\/","name":"Portal de Not\u00edcias","description":"Not\u00edcias e Jurisprud\u00eancia","potentialAction":[{"@type":"SearchAction","target":{"@type":"EntryPoint","urlTemplate":"https:\/\/mhcalculos.com.br\/noticias\/?s={search_term_string}"},"query-input":{"@type":"PropertyValueSpecification","valueRequired":true,"valueName":"search_term_string"}}],"inLanguage":"pt-BR"},{"@type":"Person","@id":"https:\/\/mhcalculos.com.br\/noticias\/#\/schema\/person\/88d1c34bf72dc779ea14a5a6b8e0ae8d","name":"Equipe MH","image":{"@type":"ImageObject","inLanguage":"pt-BR","@id":"https:\/\/secure.gravatar.com\/avatar\/de1c686c2ecc9c5a3f327e3431d819eb39f8f05d4e1045f5a1caad6daaba987f?s=96&d=mm&r=g","url":"https:\/\/secure.gravatar.com\/avatar\/de1c686c2ecc9c5a3f327e3431d819eb39f8f05d4e1045f5a1caad6daaba987f?s=96&d=mm&r=g","contentUrl":"https:\/\/secure.gravatar.com\/avatar\/de1c686c2ecc9c5a3f327e3431d819eb39f8f05d4e1045f5a1caad6daaba987f?s=96&d=mm&r=g","caption":"Equipe MH"}}]}},"_links":{"self":[{"href":"https:\/\/mhcalculos.com.br\/noticias\/wp-json\/wp\/v2\/posts\/7280","targetHints":{"allow":["GET"]}}],"collection":[{"href":"https:\/\/mhcalculos.com.br\/noticias\/wp-json\/wp\/v2\/posts"}],"about":[{"href":"https:\/\/mhcalculos.com.br\/noticias\/wp-json\/wp\/v2\/types\/post"}],"author":[{"embeddable":true,"href":"https:\/\/mhcalculos.com.br\/noticias\/wp-json\/wp\/v2\/users\/3063"}],"replies":[{"embeddable":true,"href":"https:\/\/mhcalculos.com.br\/noticias\/wp-json\/wp\/v2\/comments?post=7280"}],"version-history":[{"count":1,"href":"https:\/\/mhcalculos.com.br\/noticias\/wp-json\/wp\/v2\/posts\/7280\/revisions"}],"predecessor-version":[{"id":9078,"href":"https:\/\/mhcalculos.com.br\/noticias\/wp-json\/wp\/v2\/posts\/7280\/revisions\/9078"}],"wp:featuredmedia":[{"embeddable":true,"href":"https:\/\/mhcalculos.com.br\/noticias\/wp-json\/wp\/v2\/media\/1969"}],"wp:attachment":[{"href":"https:\/\/mhcalculos.com.br\/noticias\/wp-json\/wp\/v2\/media?parent=7280"}],"wp:term":[{"taxonomy":"category","embeddable":true,"href":"https:\/\/mhcalculos.com.br\/noticias\/wp-json\/wp\/v2\/categories?post=7280"},{"taxonomy":"post_tag","embeddable":true,"href":"https:\/\/mhcalculos.com.br\/noticias\/wp-json\/wp\/v2\/tags?post=7280"}],"curies":[{"name":"wp","href":"https:\/\/api.w.org\/{rel}","templated":true}]}}