{"id":7252,"date":"2020-06-17T04:05:13","date_gmt":"2020-06-17T07:05:13","guid":{"rendered":"https:\/\/mhcalculos.com.br\/noticias\/area\/previdenciario\/trf4-conciliacao-em-curitiba-resulta-em-mais-de-200-acordos-em-acoes-de-seguro-desemprego-16-06-2020.html"},"modified":"2021-07-28T14:29:35","modified_gmt":"2021-07-28T17:29:35","slug":"trf4-conciliacao-em-curitiba-resulta-em-mais-de-200-acordos-em-acoes-de-seguro-desemprego-16-06-2020","status":"publish","type":"post","link":"https:\/\/mhcalculos.com.br\/noticias\/area\/previdenciario\/trf4-conciliacao-em-curitiba-resulta-em-mais-de-200-acordos-em-acoes-de-seguro-desemprego-16-06-2020.html","title":{"rendered":"TRF4: Concilia\u00e7\u00e3o em Curitiba resulta em mais de 200 acordos em a\u00e7\u00f5es de seguro-desemprego (16\/06\/2020)"},"content":{"rendered":"<p><br \/>\n<\/p>\n<p>O N\u00facleo de Concilia\u00e7\u00e3o de Curitiba (NCONC) obteve 214 acordos homologados nas a\u00e7\u00f5es referentes ao seguro-desemprego no per\u00edodo de mar\u00e7o a junho deste ano. O n\u00famero \u00e9 resultado do Projeto das Concilia\u00e7\u00f5es em Seguro Desemprego, iniciativa da coordenadora regional dos Cejuscons na Justi\u00e7a Federal do Paran\u00e1, ju\u00edza federal Anne Karina Stipp Amador Costa. As audi\u00eancias do tema s\u00e3o conduzidas pelo juiz federal Erivaldo dos Santos.\u00a0<\/p>\n<p>O projeto foi discutido, inicialmente, no Centro de Intelig\u00eancia do Paran\u00e1 (CLIPR). Com a iniciativa, os processos relativos a seguro desemprego, que antes eram dilu\u00eddos entre outros na Justi\u00e7a Federal do Paran\u00e1, passaram para o NCONC. Na unidade, as a\u00e7\u00f5es n\u00e3o s\u00e3o acordadas por meio de audi\u00eancias, mas sim apresentadas propostas de acordo pelas partes, com aceita\u00e7\u00f5es por peti\u00e7\u00e3o.\u00a0<\/p>\n<p>Desde mar\u00e7o deste ano, foram remetidos mais de 1,5 mil processos de seguro desemprego para o n\u00facleo. Ap\u00f3s homologados e comprovado o cumprimento do acordo, eles s\u00e3o devolvidos \u00e0s Varas Federais de origem.<br \/>\u00a0<\/p>\n<p><br \/> (Foto: Marcello Casal\/Ag. Brasil\/EBC)<\/p>\n<p><i>Com informa\u00e7\u00f5es da assessoria de imprensa do TRF4.<\/i><br \/>\n<br \/><a href=\"http:\/\/www2.trf4.jus.br\/trf4\/controlador.php?acao=noticia_visualizar&#038;id_noticia=15251\">Fonte<\/a><br \/>\n<br \/><\/p>\n","protected":false},"excerpt":{"rendered":"<p>O N\u00facleo de Concilia\u00e7\u00e3o de Curitiba (NCONC) obteve 214 acordos homologados nas a\u00e7\u00f5es referentes ao seguro-desemprego no per\u00edodo de mar\u00e7o a junho deste ano. O n\u00famero \u00e9 resultado do Projeto das Concilia\u00e7\u00f5es em Seguro Desemprego, iniciativa da coordenadora regional dos Cejuscons na Justi\u00e7a Federal do Paran\u00e1, ju\u00edza federal Anne Karina Stipp Amador Costa. As audi\u00eancias [&hellip;]<\/p>\n","protected":false},"author":3063,"featured_media":1561,"comment_status":"open","ping_status":"open","sticky":false,"template":"","format":"standard","meta":{"footnotes":""},"categories":[5,6],"tags":[11,10,8,13,9,12,17],"class_list":{"0":"post-7252","1":"post","2":"type-post","3":"status-publish","4":"format-standard","5":"has-post-thumbnail","7":"category-previdenciario","8":"category-trf4","9":"tag-aposentadoria","10":"tag-calculos-previdenciarios","11":"tag-direito-previdenciario","12":"tag-inss","13":"tag-pericia","14":"tag-perito","15":"tag-trf4"},"yoast_head":"<!-- This site is optimized with the Yoast SEO plugin v27.2 - https:\/\/yoast.com\/product\/yoast-seo-wordpress\/ -->\n<title>TRF4: Concilia\u00e7\u00e3o em Curitiba resulta em mais de 200 acordos em a\u00e7\u00f5es de seguro-desemprego (16\/06\/2020) | Portal de Not\u00edcias<\/title>\n<meta name=\"robots\" content=\"index, follow, max-snippet:-1, max-image-preview:large, max-video-preview:-1\" \/>\n<link rel=\"canonical\" href=\"https:\/\/mhcalculos.com.br\/noticias\/area\/previdenciario\/trf4-conciliacao-em-curitiba-resulta-em-mais-de-200-acordos-em-acoes-de-seguro-desemprego-16-06-2020.html\" \/>\n<meta property=\"og:locale\" content=\"pt_BR\" \/>\n<meta property=\"og:type\" content=\"article\" \/>\n<meta property=\"og:title\" content=\"TRF4: Concilia\u00e7\u00e3o em Curitiba resulta em mais de 200 acordos em a\u00e7\u00f5es de seguro-desemprego (16\/06\/2020) | Portal de Not\u00edcias\" \/>\n<meta property=\"og:description\" content=\"O N\u00facleo de Concilia\u00e7\u00e3o de Curitiba (NCONC) obteve 214 acordos homologados nas a\u00e7\u00f5es referentes ao seguro-desemprego no per\u00edodo de mar\u00e7o a junho deste ano. O n\u00famero \u00e9 resultado do Projeto das Concilia\u00e7\u00f5es em Seguro Desemprego, iniciativa da coordenadora regional dos Cejuscons na Justi\u00e7a Federal do Paran\u00e1, ju\u00edza federal Anne Karina Stipp Amador Costa. As audi\u00eancias [&hellip;]\" \/>\n<meta property=\"og:url\" content=\"https:\/\/mhcalculos.com.br\/noticias\/area\/previdenciario\/trf4-conciliacao-em-curitiba-resulta-em-mais-de-200-acordos-em-acoes-de-seguro-desemprego-16-06-2020.html\" \/>\n<meta property=\"og:site_name\" content=\"Portal de Not\u00edcias\" \/>\n<meta property=\"article:published_time\" content=\"2020-06-17T07:05:13+00:00\" \/>\n<meta property=\"article:modified_time\" content=\"2021-07-28T17:29:35+00:00\" \/>\n<meta property=\"og:image\" content=\"https:\/\/mhcalculos.com.br\/noticias\/wp-content\/uploads\/sites\/2\/2018\/05\/judiciario-0031.jpg\" \/>\n\t<meta property=\"og:image:width\" content=\"2000\" \/>\n\t<meta property=\"og:image:height\" content=\"800\" \/>\n\t<meta property=\"og:image:type\" content=\"image\/jpeg\" \/>\n<meta name=\"author\" content=\"Equipe MH\" \/>\n<meta name=\"twitter:card\" content=\"summary_large_image\" \/>\n<meta name=\"twitter:label1\" content=\"Escrito por\" \/>\n\t<meta name=\"twitter:data1\" content=\"Equipe MH\" \/>\n\t<meta name=\"twitter:label2\" content=\"Est. tempo de leitura\" \/>\n\t<meta name=\"twitter:data2\" content=\"1 minuto\" \/>\n<script type=\"application\/ld+json\" class=\"yoast-schema-graph\">{\"@context\":\"https:\/\/schema.org\",\"@graph\":[{\"@type\":\"Article\",\"@id\":\"https:\/\/mhcalculos.com.br\/noticias\/area\/previdenciario\/trf4-conciliacao-em-curitiba-resulta-em-mais-de-200-acordos-em-acoes-de-seguro-desemprego-16-06-2020.html#article\",\"isPartOf\":{\"@id\":\"https:\/\/mhcalculos.com.br\/noticias\/area\/previdenciario\/trf4-conciliacao-em-curitiba-resulta-em-mais-de-200-acordos-em-acoes-de-seguro-desemprego-16-06-2020.html\"},\"author\":{\"name\":\"Equipe MH\",\"@id\":\"https:\/\/mhcalculos.com.br\/noticias\/#\/schema\/person\/88d1c34bf72dc779ea14a5a6b8e0ae8d\"},\"headline\":\"TRF4: Concilia\u00e7\u00e3o em Curitiba resulta em mais de 200 acordos em a\u00e7\u00f5es de seguro-desemprego (16\/06\/2020)\",\"datePublished\":\"2020-06-17T07:05:13+00:00\",\"dateModified\":\"2021-07-28T17:29:35+00:00\",\"mainEntityOfPage\":{\"@id\":\"https:\/\/mhcalculos.com.br\/noticias\/area\/previdenciario\/trf4-conciliacao-em-curitiba-resulta-em-mais-de-200-acordos-em-acoes-de-seguro-desemprego-16-06-2020.html\"},\"wordCount\":211,\"commentCount\":0,\"image\":{\"@id\":\"https:\/\/mhcalculos.com.br\/noticias\/area\/previdenciario\/trf4-conciliacao-em-curitiba-resulta-em-mais-de-200-acordos-em-acoes-de-seguro-desemprego-16-06-2020.html#primaryimage\"},\"thumbnailUrl\":\"https:\/\/mhcalculos.com.br\/noticias\/wp-content\/uploads\/sites\/2\/2018\/05\/judiciario-0031.jpg\",\"keywords\":[\"aposentadoria\",\"c\u00e1lculos previdenci\u00e1rios\",\"direito previdenci\u00e1rio\",\"inss\",\"per\u00edcia\",\"perito\",\"trf4\"],\"articleSection\":[\"Direito Previdenci\u00e1rio\",\"TRF4\"],\"inLanguage\":\"pt-BR\",\"potentialAction\":[{\"@type\":\"CommentAction\",\"name\":\"Comment\",\"target\":[\"https:\/\/mhcalculos.com.br\/noticias\/area\/previdenciario\/trf4-conciliacao-em-curitiba-resulta-em-mais-de-200-acordos-em-acoes-de-seguro-desemprego-16-06-2020.html#respond\"]}]},{\"@type\":\"WebPage\",\"@id\":\"https:\/\/mhcalculos.com.br\/noticias\/area\/previdenciario\/trf4-conciliacao-em-curitiba-resulta-em-mais-de-200-acordos-em-acoes-de-seguro-desemprego-16-06-2020.html\",\"url\":\"https:\/\/mhcalculos.com.br\/noticias\/area\/previdenciario\/trf4-conciliacao-em-curitiba-resulta-em-mais-de-200-acordos-em-acoes-de-seguro-desemprego-16-06-2020.html\",\"name\":\"TRF4: Concilia\u00e7\u00e3o em Curitiba resulta em mais de 200 acordos em a\u00e7\u00f5es de seguro-desemprego (16\/06\/2020) | Portal de Not\u00edcias\",\"isPartOf\":{\"@id\":\"https:\/\/mhcalculos.com.br\/noticias\/#website\"},\"primaryImageOfPage\":{\"@id\":\"https:\/\/mhcalculos.com.br\/noticias\/area\/previdenciario\/trf4-conciliacao-em-curitiba-resulta-em-mais-de-200-acordos-em-acoes-de-seguro-desemprego-16-06-2020.html#primaryimage\"},\"image\":{\"@id\":\"https:\/\/mhcalculos.com.br\/noticias\/area\/previdenciario\/trf4-conciliacao-em-curitiba-resulta-em-mais-de-200-acordos-em-acoes-de-seguro-desemprego-16-06-2020.html#primaryimage\"},\"thumbnailUrl\":\"https:\/\/mhcalculos.com.br\/noticias\/wp-content\/uploads\/sites\/2\/2018\/05\/judiciario-0031.jpg\",\"datePublished\":\"2020-06-17T07:05:13+00:00\",\"dateModified\":\"2021-07-28T17:29:35+00:00\",\"author\":{\"@id\":\"https:\/\/mhcalculos.com.br\/noticias\/#\/schema\/person\/88d1c34bf72dc779ea14a5a6b8e0ae8d\"},\"breadcrumb\":{\"@id\":\"https:\/\/mhcalculos.com.br\/noticias\/area\/previdenciario\/trf4-conciliacao-em-curitiba-resulta-em-mais-de-200-acordos-em-acoes-de-seguro-desemprego-16-06-2020.html#breadcrumb\"},\"inLanguage\":\"pt-BR\",\"potentialAction\":[{\"@type\":\"ReadAction\",\"target\":[\"https:\/\/mhcalculos.com.br\/noticias\/area\/previdenciario\/trf4-conciliacao-em-curitiba-resulta-em-mais-de-200-acordos-em-acoes-de-seguro-desemprego-16-06-2020.html\"]}]},{\"@type\":\"ImageObject\",\"inLanguage\":\"pt-BR\",\"@id\":\"https:\/\/mhcalculos.com.br\/noticias\/area\/previdenciario\/trf4-conciliacao-em-curitiba-resulta-em-mais-de-200-acordos-em-acoes-de-seguro-desemprego-16-06-2020.html#primaryimage\",\"url\":\"https:\/\/mhcalculos.com.br\/noticias\/wp-content\/uploads\/sites\/2\/2018\/05\/judiciario-0031.jpg\",\"contentUrl\":\"https:\/\/mhcalculos.com.br\/noticias\/wp-content\/uploads\/sites\/2\/2018\/05\/judiciario-0031.jpg\",\"width\":2000,\"height\":800},{\"@type\":\"BreadcrumbList\",\"@id\":\"https:\/\/mhcalculos.com.br\/noticias\/area\/previdenciario\/trf4-conciliacao-em-curitiba-resulta-em-mais-de-200-acordos-em-acoes-de-seguro-desemprego-16-06-2020.html#breadcrumb\",\"itemListElement\":[{\"@type\":\"ListItem\",\"position\":1,\"name\":\"In\u00edcio\",\"item\":\"https:\/\/mhcalculos.com.br\/noticias\/\"},{\"@type\":\"ListItem\",\"position\":2,\"name\":\"TRF4: Concilia\u00e7\u00e3o em Curitiba resulta em mais de 200 acordos em a\u00e7\u00f5es de seguro-desemprego (16\/06\/2020)\"}]},{\"@type\":\"WebSite\",\"@id\":\"https:\/\/mhcalculos.com.br\/noticias\/#website\",\"url\":\"https:\/\/mhcalculos.com.br\/noticias\/\",\"name\":\"Portal de Not\u00edcias\",\"description\":\"Not\u00edcias e Jurisprud\u00eancia\",\"potentialAction\":[{\"@type\":\"SearchAction\",\"target\":{\"@type\":\"EntryPoint\",\"urlTemplate\":\"https:\/\/mhcalculos.com.br\/noticias\/?s={search_term_string}\"},\"query-input\":{\"@type\":\"PropertyValueSpecification\",\"valueRequired\":true,\"valueName\":\"search_term_string\"}}],\"inLanguage\":\"pt-BR\"},{\"@type\":\"Person\",\"@id\":\"https:\/\/mhcalculos.com.br\/noticias\/#\/schema\/person\/88d1c34bf72dc779ea14a5a6b8e0ae8d\",\"name\":\"Equipe MH\",\"image\":{\"@type\":\"ImageObject\",\"inLanguage\":\"pt-BR\",\"@id\":\"https:\/\/secure.gravatar.com\/avatar\/de1c686c2ecc9c5a3f327e3431d819eb39f8f05d4e1045f5a1caad6daaba987f?s=96&d=mm&r=g\",\"url\":\"https:\/\/secure.gravatar.com\/avatar\/de1c686c2ecc9c5a3f327e3431d819eb39f8f05d4e1045f5a1caad6daaba987f?s=96&d=mm&r=g\",\"contentUrl\":\"https:\/\/secure.gravatar.com\/avatar\/de1c686c2ecc9c5a3f327e3431d819eb39f8f05d4e1045f5a1caad6daaba987f?s=96&d=mm&r=g\",\"caption\":\"Equipe MH\"}}]}<\/script>\n<!-- \/ Yoast SEO plugin. -->","yoast_head_json":{"title":"TRF4: Concilia\u00e7\u00e3o em Curitiba resulta em mais de 200 acordos em a\u00e7\u00f5es de seguro-desemprego (16\/06\/2020) | Portal de Not\u00edcias","robots":{"index":"index","follow":"follow","max-snippet":"max-snippet:-1","max-image-preview":"max-image-preview:large","max-video-preview":"max-video-preview:-1"},"canonical":"https:\/\/mhcalculos.com.br\/noticias\/area\/previdenciario\/trf4-conciliacao-em-curitiba-resulta-em-mais-de-200-acordos-em-acoes-de-seguro-desemprego-16-06-2020.html","og_locale":"pt_BR","og_type":"article","og_title":"TRF4: Concilia\u00e7\u00e3o em Curitiba resulta em mais de 200 acordos em a\u00e7\u00f5es de seguro-desemprego (16\/06\/2020) | Portal de Not\u00edcias","og_description":"O N\u00facleo de Concilia\u00e7\u00e3o de Curitiba (NCONC) obteve 214 acordos homologados nas a\u00e7\u00f5es referentes ao seguro-desemprego no per\u00edodo de mar\u00e7o a junho deste ano. O n\u00famero \u00e9 resultado do Projeto das Concilia\u00e7\u00f5es em Seguro Desemprego, iniciativa da coordenadora regional dos Cejuscons na Justi\u00e7a Federal do Paran\u00e1, ju\u00edza federal Anne Karina Stipp Amador Costa. As audi\u00eancias [&hellip;]","og_url":"https:\/\/mhcalculos.com.br\/noticias\/area\/previdenciario\/trf4-conciliacao-em-curitiba-resulta-em-mais-de-200-acordos-em-acoes-de-seguro-desemprego-16-06-2020.html","og_site_name":"Portal de Not\u00edcias","article_published_time":"2020-06-17T07:05:13+00:00","article_modified_time":"2021-07-28T17:29:35+00:00","og_image":[{"width":2000,"height":800,"url":"https:\/\/mhcalculos.com.br\/noticias\/wp-content\/uploads\/sites\/2\/2018\/05\/judiciario-0031.jpg","type":"image\/jpeg"}],"author":"Equipe MH","twitter_card":"summary_large_image","twitter_misc":{"Escrito por":"Equipe MH","Est. tempo de leitura":"1 minuto"},"schema":{"@context":"https:\/\/schema.org","@graph":[{"@type":"Article","@id":"https:\/\/mhcalculos.com.br\/noticias\/area\/previdenciario\/trf4-conciliacao-em-curitiba-resulta-em-mais-de-200-acordos-em-acoes-de-seguro-desemprego-16-06-2020.html#article","isPartOf":{"@id":"https:\/\/mhcalculos.com.br\/noticias\/area\/previdenciario\/trf4-conciliacao-em-curitiba-resulta-em-mais-de-200-acordos-em-acoes-de-seguro-desemprego-16-06-2020.html"},"author":{"name":"Equipe MH","@id":"https:\/\/mhcalculos.com.br\/noticias\/#\/schema\/person\/88d1c34bf72dc779ea14a5a6b8e0ae8d"},"headline":"TRF4: Concilia\u00e7\u00e3o em Curitiba resulta em mais de 200 acordos em a\u00e7\u00f5es de seguro-desemprego (16\/06\/2020)","datePublished":"2020-06-17T07:05:13+00:00","dateModified":"2021-07-28T17:29:35+00:00","mainEntityOfPage":{"@id":"https:\/\/mhcalculos.com.br\/noticias\/area\/previdenciario\/trf4-conciliacao-em-curitiba-resulta-em-mais-de-200-acordos-em-acoes-de-seguro-desemprego-16-06-2020.html"},"wordCount":211,"commentCount":0,"image":{"@id":"https:\/\/mhcalculos.com.br\/noticias\/area\/previdenciario\/trf4-conciliacao-em-curitiba-resulta-em-mais-de-200-acordos-em-acoes-de-seguro-desemprego-16-06-2020.html#primaryimage"},"thumbnailUrl":"https:\/\/mhcalculos.com.br\/noticias\/wp-content\/uploads\/sites\/2\/2018\/05\/judiciario-0031.jpg","keywords":["aposentadoria","c\u00e1lculos previdenci\u00e1rios","direito previdenci\u00e1rio","inss","per\u00edcia","perito","trf4"],"articleSection":["Direito Previdenci\u00e1rio","TRF4"],"inLanguage":"pt-BR","potentialAction":[{"@type":"CommentAction","name":"Comment","target":["https:\/\/mhcalculos.com.br\/noticias\/area\/previdenciario\/trf4-conciliacao-em-curitiba-resulta-em-mais-de-200-acordos-em-acoes-de-seguro-desemprego-16-06-2020.html#respond"]}]},{"@type":"WebPage","@id":"https:\/\/mhcalculos.com.br\/noticias\/area\/previdenciario\/trf4-conciliacao-em-curitiba-resulta-em-mais-de-200-acordos-em-acoes-de-seguro-desemprego-16-06-2020.html","url":"https:\/\/mhcalculos.com.br\/noticias\/area\/previdenciario\/trf4-conciliacao-em-curitiba-resulta-em-mais-de-200-acordos-em-acoes-de-seguro-desemprego-16-06-2020.html","name":"TRF4: Concilia\u00e7\u00e3o em Curitiba resulta em mais de 200 acordos em a\u00e7\u00f5es de seguro-desemprego (16\/06\/2020) | Portal de Not\u00edcias","isPartOf":{"@id":"https:\/\/mhcalculos.com.br\/noticias\/#website"},"primaryImageOfPage":{"@id":"https:\/\/mhcalculos.com.br\/noticias\/area\/previdenciario\/trf4-conciliacao-em-curitiba-resulta-em-mais-de-200-acordos-em-acoes-de-seguro-desemprego-16-06-2020.html#primaryimage"},"image":{"@id":"https:\/\/mhcalculos.com.br\/noticias\/area\/previdenciario\/trf4-conciliacao-em-curitiba-resulta-em-mais-de-200-acordos-em-acoes-de-seguro-desemprego-16-06-2020.html#primaryimage"},"thumbnailUrl":"https:\/\/mhcalculos.com.br\/noticias\/wp-content\/uploads\/sites\/2\/2018\/05\/judiciario-0031.jpg","datePublished":"2020-06-17T07:05:13+00:00","dateModified":"2021-07-28T17:29:35+00:00","author":{"@id":"https:\/\/mhcalculos.com.br\/noticias\/#\/schema\/person\/88d1c34bf72dc779ea14a5a6b8e0ae8d"},"breadcrumb":{"@id":"https:\/\/mhcalculos.com.br\/noticias\/area\/previdenciario\/trf4-conciliacao-em-curitiba-resulta-em-mais-de-200-acordos-em-acoes-de-seguro-desemprego-16-06-2020.html#breadcrumb"},"inLanguage":"pt-BR","potentialAction":[{"@type":"ReadAction","target":["https:\/\/mhcalculos.com.br\/noticias\/area\/previdenciario\/trf4-conciliacao-em-curitiba-resulta-em-mais-de-200-acordos-em-acoes-de-seguro-desemprego-16-06-2020.html"]}]},{"@type":"ImageObject","inLanguage":"pt-BR","@id":"https:\/\/mhcalculos.com.br\/noticias\/area\/previdenciario\/trf4-conciliacao-em-curitiba-resulta-em-mais-de-200-acordos-em-acoes-de-seguro-desemprego-16-06-2020.html#primaryimage","url":"https:\/\/mhcalculos.com.br\/noticias\/wp-content\/uploads\/sites\/2\/2018\/05\/judiciario-0031.jpg","contentUrl":"https:\/\/mhcalculos.com.br\/noticias\/wp-content\/uploads\/sites\/2\/2018\/05\/judiciario-0031.jpg","width":2000,"height":800},{"@type":"BreadcrumbList","@id":"https:\/\/mhcalculos.com.br\/noticias\/area\/previdenciario\/trf4-conciliacao-em-curitiba-resulta-em-mais-de-200-acordos-em-acoes-de-seguro-desemprego-16-06-2020.html#breadcrumb","itemListElement":[{"@type":"ListItem","position":1,"name":"In\u00edcio","item":"https:\/\/mhcalculos.com.br\/noticias\/"},{"@type":"ListItem","position":2,"name":"TRF4: Concilia\u00e7\u00e3o em Curitiba resulta em mais de 200 acordos em a\u00e7\u00f5es de seguro-desemprego (16\/06\/2020)"}]},{"@type":"WebSite","@id":"https:\/\/mhcalculos.com.br\/noticias\/#website","url":"https:\/\/mhcalculos.com.br\/noticias\/","name":"Portal de Not\u00edcias","description":"Not\u00edcias e Jurisprud\u00eancia","potentialAction":[{"@type":"SearchAction","target":{"@type":"EntryPoint","urlTemplate":"https:\/\/mhcalculos.com.br\/noticias\/?s={search_term_string}"},"query-input":{"@type":"PropertyValueSpecification","valueRequired":true,"valueName":"search_term_string"}}],"inLanguage":"pt-BR"},{"@type":"Person","@id":"https:\/\/mhcalculos.com.br\/noticias\/#\/schema\/person\/88d1c34bf72dc779ea14a5a6b8e0ae8d","name":"Equipe MH","image":{"@type":"ImageObject","inLanguage":"pt-BR","@id":"https:\/\/secure.gravatar.com\/avatar\/de1c686c2ecc9c5a3f327e3431d819eb39f8f05d4e1045f5a1caad6daaba987f?s=96&d=mm&r=g","url":"https:\/\/secure.gravatar.com\/avatar\/de1c686c2ecc9c5a3f327e3431d819eb39f8f05d4e1045f5a1caad6daaba987f?s=96&d=mm&r=g","contentUrl":"https:\/\/secure.gravatar.com\/avatar\/de1c686c2ecc9c5a3f327e3431d819eb39f8f05d4e1045f5a1caad6daaba987f?s=96&d=mm&r=g","caption":"Equipe MH"}}]}},"_links":{"self":[{"href":"https:\/\/mhcalculos.com.br\/noticias\/wp-json\/wp\/v2\/posts\/7252","targetHints":{"allow":["GET"]}}],"collection":[{"href":"https:\/\/mhcalculos.com.br\/noticias\/wp-json\/wp\/v2\/posts"}],"about":[{"href":"https:\/\/mhcalculos.com.br\/noticias\/wp-json\/wp\/v2\/types\/post"}],"author":[{"embeddable":true,"href":"https:\/\/mhcalculos.com.br\/noticias\/wp-json\/wp\/v2\/users\/3063"}],"replies":[{"embeddable":true,"href":"https:\/\/mhcalculos.com.br\/noticias\/wp-json\/wp\/v2\/comments?post=7252"}],"version-history":[{"count":1,"href":"https:\/\/mhcalculos.com.br\/noticias\/wp-json\/wp\/v2\/posts\/7252\/revisions"}],"predecessor-version":[{"id":9104,"href":"https:\/\/mhcalculos.com.br\/noticias\/wp-json\/wp\/v2\/posts\/7252\/revisions\/9104"}],"wp:featuredmedia":[{"embeddable":true,"href":"https:\/\/mhcalculos.com.br\/noticias\/wp-json\/wp\/v2\/media\/1561"}],"wp:attachment":[{"href":"https:\/\/mhcalculos.com.br\/noticias\/wp-json\/wp\/v2\/media?parent=7252"}],"wp:term":[{"taxonomy":"category","embeddable":true,"href":"https:\/\/mhcalculos.com.br\/noticias\/wp-json\/wp\/v2\/categories?post=7252"},{"taxonomy":"post_tag","embeddable":true,"href":"https:\/\/mhcalculos.com.br\/noticias\/wp-json\/wp\/v2\/tags?post=7252"}],"curies":[{"name":"wp","href":"https:\/\/api.w.org\/{rel}","templated":true}]}}