{"id":7241,"date":"2020-06-09T17:37:00","date_gmt":"2020-06-09T20:37:00","guid":{"rendered":"https:\/\/mhcalculos.com.br\/noticias\/area\/trabalhista\/tst-sentenca-e-anulada-porque-empresa-nao-pode-juntar-documentos-em-audiencia.html"},"modified":"2021-07-28T14:29:37","modified_gmt":"2021-07-28T17:29:37","slug":"tst-sentenca-e-anulada-porque-empresa-nao-pode-juntar-documentos-em-audiencia","status":"publish","type":"post","link":"https:\/\/mhcalculos.com.br\/noticias\/area\/trabalhista\/tst-sentenca-e-anulada-porque-empresa-nao-pode-juntar-documentos-em-audiencia.html","title":{"rendered":"TST: Senten\u00e7a \u00e9 anulada porque empresa n\u00e3o p\u00f4de juntar documentos em audi\u00eancia"},"content":{"rendered":"<p><br \/>\n<\/p>\n<p><em><\/p>\n<p>Para a Quinta Turma, os documentos poderiam ser anexados para produ\u00e7\u00e3o de provas.<\/p>\n<p><\/em><\/p>\n<p>        <a class=\"share-facebook\" href=\"https:\/\/www.facebook.com\/sharer.php?u=http:\/\/www.tst.jus.br\/-\/senten%C3%A7a-%C3%A9-anulada-porque-empresa-n%C3%A3o-p%C3%B4de-juntar-documentos-em-audi%C3%AAncia\" target=\"_blank\" rel=\"noopener noreferrer\"><\/a><br \/>\n        <a class=\"share-twitter\" href=\"http:\/\/twitter.com\/intent\/tweet?text=Senten\u00e7a \u00e9 anulada porque empresa n\u00e3o p\u00f4de juntar documentos em audi\u00eancia%0AVeja%20mais%20em:&amp;url=http:\/\/www.tst.jus.br\/-\/senten%C3%A7a-%C3%A9-anulada-porque-empresa-n%C3%A3o-p%C3%B4de-juntar-documentos-em-audi%C3%AAncia\" target=\"_blank\" rel=\"noopener noreferrer\"><\/a><br \/>\n        <a class=\"share-linkedin\" href=\"https:\/\/www.linkedin.com\/shareArticle?mini=true&amp;url=http:\/\/www.tst.jus.br\/-\/senten%C3%A7a-%C3%A9-anulada-porque-empresa-n%C3%A3o-p%C3%B4de-juntar-documentos-em-audi%C3%AAncia&amp;title=Senten\u00e7a \u00e9 anulada porque empresa n\u00e3o p\u00f4de juntar documentos em audi\u00eancia\" target=\"_blank\" rel=\"noopener noreferrer\"><\/a><br \/>\n        <a class=\"share-whatsapp\" href=\"https:\/\/web.whatsapp.com\/send?text=http:\/\/www.tst.jus.br\/-\/senten%C3%A7a-%C3%A9-anulada-porque-empresa-n%C3%A3o-p%C3%B4de-juntar-documentos-em-audi%C3%AAncia\" target=\"_blank\" rel=\"noopener noreferrer\"><\/a><br \/>\n        <a class=\"share-googleplus\" href=\"https:\/\/plus.google.com\/share?url=http:\/\/www.tst.jus.br\/-\/senten%C3%A7a-%C3%A9-anulada-porque-empresa-n%C3%A3o-p%C3%B4de-juntar-documentos-em-audi%C3%AAncia\" target=\"_blank\" rel=\"noopener noreferrer\"><\/a><\/p>\n<p >9\/6\/2020 &#8211; A Quinta Turma do Tribunal Superior do Trabalho anulou senten\u00e7a proferida pelo ju\u00edzo da 8\u00aa Vara do Trabalho de S\u00e3o Paulo (SP) pela qual o Cons\u00f3rcio Condom\u00ednio Shopping Metro Tucuruvi havia sido condenado a pagar horas extras a um empregado. O shopping alegou ter sido impedido de juntar documentos durante a audi\u00eancia, o que, segundo os ministros, poderia ser feito at\u00e9 o encerramento da instru\u00e7\u00e3o processual.<\/p>\n<p ><strong>Cerceamento de defesa<\/strong><\/p>\n<p >O caso chegou ao TST ap\u00f3s o Tribunal Regional do Trabalho da 2\u00aa Regi\u00e3o (SP) reconhecer o cerceamento de defesa, mas, mesmo assim, concluir que o fato n\u00e3o havia interferido na an\u00e1lise do m\u00e9rito do recurso. No recurso julgado pela Quinta Turma do TST, a empresa insistiu na nulidade da senten\u00e7a, sustentando que o fato de ter sido impedida de anexar documentos na audi\u00eancia de instru\u00e7\u00e3o retirou-lhe a oportunidade de se defender da reclama\u00e7\u00e3o trabalhista.<\/p>\n<p ><strong>Instru\u00e7\u00e3o processual<\/strong><\/p>\n<p >O relator do recurso de revista do cons\u00f3rcio, desembargador convocado Jo\u00e3o Pedro Silvestrin, assinalou que, nos termos do artigo 845 da <a href=\"http:\/\/www.planalto.gov.br\/ccivil_03\/decreto-lei\/del5452.htm\" target=\"_blank\" rel=\"noopener noreferrer\">CLT<\/a>, as partes devem comparecer \u00e0 audi\u00eancia acompanhadas das suas testemunhas e apresentar, nessa ocasi\u00e3o, as demais provas. Com base nesse dispositivo, \u201ca jurisprud\u00eancia do TST orienta que \u00e9 poss\u00edvel a juntada de documentos destinados \u00e0 produ\u00e7\u00e3o de provas at\u00e9 o encerramento da instru\u00e7\u00e3o processual\u201d, declarou o desembargador convocado.<\/p>\n<p >A decis\u00e3o foi un\u00e2nime. O processo agora ir\u00e1 retornar \u00e0 Vara do Trabalho para prosseguir na instru\u00e7\u00e3o processual, com a juntada dos documentos apresentados pelo cons\u00f3rcio, e proferir nova decis\u00e3o.<\/p>\n<p >(LT\/RR)<\/p>\n<p >Processo: <a href=\"http:\/\/aplicacao4.tst.jus.br\/consultaProcessual\/consultaTstNumUnica.do;jsessionid=283DA474D4DE45F9B0128EAAF9946086.vm653?conscsjt=&amp;numeroTst=1000388&amp;digitoTst=50&amp;anoTst=2018&amp;orgaoTst=5&amp;tribunalTst=02&amp;varaTst=0008&amp;consulta=Consultar\" target=\"_blank\" rel=\"noopener noreferrer\">ARR-1000388-50.2018.5.02.0008<\/a><\/p>\n<p >O TST possui oito Turmas, cada uma composta de tr\u00eas ministros, com a atribui\u00e7\u00e3o de analisar recursos de revista, agravos, agravos de instrumento, agravos regimentais e recursos ordin\u00e1rios em a\u00e7\u00e3o cautelar. Das decis\u00f5es das Turmas, a parte ainda pode, em alguns casos, recorrer \u00e0 Subse\u00e7\u00e3o I Especializada em Diss\u00eddios Individuais (SBDI-1).<\/p>\n<p >Esta mat\u00e9ria tem cunho meramente informativo.<br \/>\nPermitida a reprodu\u00e7\u00e3o mediante cita\u00e7\u00e3o da fonte.<br \/>\nSecretaria de Comunica\u00e7\u00e3o Social<br \/>\nTribunal Superior do Trabalho<br \/>\nTel. (61) 3043-4907&nbsp;<br \/>\nsecom@tst.jus.br<\/p>\n<p>    $(&#8216;#lightbox-yzkx_ .slider-gallery-wrapper img&#8217;).hover(<br \/>\n    function() {<br \/>\n        const $text=$($($(this).parent()).next());<br \/>\n        $text.hasClass(&#8216;inside-description&#8217;) &amp;&amp; $text.fadeTo( &#8220;slow&#8221; , 0);<br \/>\n    }, function() {<br \/>\n        const $text=$($($(this).parent()).next());<br \/>\n        $text.hasClass(&#8216;inside-description&#8217;) &amp;&amp; $text.fadeTo( &#8220;slow&#8221; , 1);<br \/>\n    }<br \/>\n    );<br \/>\n    $(document).ready(function() {<br \/>\n        var yzkx_autoplaying=false;<br \/>\n        var yzkx_showingLightbox=false;<br \/>\n        const yzkx_playPauseControllers=&#8221;#slider-yzkx_-playpause, #slider-yzkx_-lightbox-playpause&#8221;;<br \/>\n        $(&#8220;#slider-yzkx_&#8221;).slick({<br \/>\n            slidesToShow: 1,<br \/>\n            slidesToScroll: 1,<br \/>\n            autoplay: yzkx_autoplaying,<br \/>\n            swipeToSlide: false,<br \/>\n            centerMode: false,<br \/>\n            autoplaySpeed: 3000,<br \/>\n            focusOnSelect: true,<br \/>\n            prevArrow:<br \/>\n            &#8221;,<br \/>\n            nextArrow:<br \/>\n            &#8221;,<br \/>\n            centerPadding: &#8220;60px&#8221;,<br \/>\n            responsive: [<br \/>\n                {<br \/>\n                    breakpoint: 767.98,<br \/>\n                    settings: {<br \/>\n                        slidesToShow: 3,<br \/>\n                        adaptiveHeight: true<br \/>\n                    }<br \/>\n                }<br \/>\n            ]<br \/>\n        });<br \/>\n        $(&#8220;#slider-yzkx_&#8221;).slickLightbox({<br \/>\n            src: &#8216;src&#8217;,<br \/>\n            itemSelector: &#8216;.galery-image .multimidia-wrapper img&#8217;,<br \/>\n            caption:&#8217;caption&#8217;<br \/>\n        });<br \/>\n    });<br \/>\n<script async src=\"https:\/\/platform.twitter.com\/widgets.js\" charset=\"utf-8\"><\/script><br \/>\n<br \/><i>Com informa\u00e7\u00f5es da assessoria de imprensa do TST.<\/i><br \/>\n<br \/><a href=\"http:\/\/www.tst.jus.br\/web\/guest\/noticias?p_p_id=89Dk&#038;p_p_lifecycle=0&#038;refererPlid=10730&#038;_89Dk_groupId=10157&#038;_89Dk_articleId=26476910\">Fonte<\/a><br \/>\n<br \/><\/p>\n","protected":false},"excerpt":{"rendered":"<p>Para a Quinta Turma, os documentos poderiam ser anexados para produ\u00e7\u00e3o de provas. 9\/6\/2020 &#8211; A Quinta Turma do Tribunal Superior do Trabalho anulou senten\u00e7a proferida pelo ju\u00edzo da 8\u00aa Vara do Trabalho de S\u00e3o Paulo (SP) pela qual o Cons\u00f3rcio Condom\u00ednio Shopping Metro Tucuruvi havia sido condenado a pagar horas extras a um empregado. [&hellip;]<\/p>\n","protected":false},"author":3063,"featured_media":2387,"comment_status":"open","ping_status":"open","sticky":false,"template":"","format":"standard","meta":{"footnotes":""},"categories":[3,21],"tags":[33,216,9,12,217,215],"class_list":{"0":"post-7241","1":"post","2":"type-post","3":"status-publish","4":"format-standard","5":"has-post-thumbnail","7":"category-trabalhista","8":"category-tst","9":"tag-calculos-trabalhistas","10":"tag-direito-trabalhista","11":"tag-pericia","12":"tag-perito","13":"tag-trabalho","14":"tag-tst"},"yoast_head":"<!-- This site is optimized with the Yoast SEO plugin v27.2 - https:\/\/yoast.com\/product\/yoast-seo-wordpress\/ -->\n<title>TST: Senten\u00e7a \u00e9 anulada porque empresa n\u00e3o p\u00f4de juntar documentos em audi\u00eancia | Portal de Not\u00edcias<\/title>\n<meta name=\"robots\" content=\"index, follow, max-snippet:-1, max-image-preview:large, max-video-preview:-1\" \/>\n<link rel=\"canonical\" href=\"https:\/\/mhcalculos.com.br\/noticias\/area\/trabalhista\/tst-sentenca-e-anulada-porque-empresa-nao-pode-juntar-documentos-em-audiencia.html\" \/>\n<meta property=\"og:locale\" content=\"pt_BR\" \/>\n<meta property=\"og:type\" content=\"article\" \/>\n<meta property=\"og:title\" content=\"TST: Senten\u00e7a \u00e9 anulada porque empresa n\u00e3o p\u00f4de juntar documentos em audi\u00eancia | Portal de Not\u00edcias\" \/>\n<meta property=\"og:description\" content=\"Para a Quinta Turma, os documentos poderiam ser anexados para produ\u00e7\u00e3o de provas. 9\/6\/2020 &#8211; A Quinta Turma do Tribunal Superior do Trabalho anulou senten\u00e7a proferida pelo ju\u00edzo da 8\u00aa Vara do Trabalho de S\u00e3o Paulo (SP) pela qual o Cons\u00f3rcio Condom\u00ednio Shopping Metro Tucuruvi havia sido condenado a pagar horas extras a um empregado. [&hellip;]\" \/>\n<meta property=\"og:url\" content=\"https:\/\/mhcalculos.com.br\/noticias\/area\/trabalhista\/tst-sentenca-e-anulada-porque-empresa-nao-pode-juntar-documentos-em-audiencia.html\" \/>\n<meta property=\"og:site_name\" content=\"Portal de Not\u00edcias\" \/>\n<meta property=\"article:published_time\" content=\"2020-06-09T20:37:00+00:00\" \/>\n<meta property=\"article:modified_time\" content=\"2021-07-28T17:29:37+00:00\" \/>\n<meta property=\"og:image\" content=\"https:\/\/mhcalculos.com.br\/noticias\/wp-content\/uploads\/sites\/2\/2018\/06\/trabalhista-0024.jpg\" \/>\n\t<meta property=\"og:image:width\" content=\"2000\" \/>\n\t<meta property=\"og:image:height\" content=\"800\" \/>\n\t<meta property=\"og:image:type\" content=\"image\/jpeg\" \/>\n<meta name=\"author\" content=\"Equipe MH\" \/>\n<meta name=\"twitter:card\" content=\"summary_large_image\" \/>\n<meta name=\"twitter:label1\" content=\"Escrito por\" \/>\n\t<meta name=\"twitter:data1\" content=\"Equipe MH\" \/>\n\t<meta name=\"twitter:label2\" content=\"Est. tempo de leitura\" \/>\n\t<meta name=\"twitter:data2\" content=\"2 minutos\" \/>\n<script type=\"application\/ld+json\" class=\"yoast-schema-graph\">{\"@context\":\"https:\/\/schema.org\",\"@graph\":[{\"@type\":\"Article\",\"@id\":\"https:\/\/mhcalculos.com.br\/noticias\/area\/trabalhista\/tst-sentenca-e-anulada-porque-empresa-nao-pode-juntar-documentos-em-audiencia.html#article\",\"isPartOf\":{\"@id\":\"https:\/\/mhcalculos.com.br\/noticias\/area\/trabalhista\/tst-sentenca-e-anulada-porque-empresa-nao-pode-juntar-documentos-em-audiencia.html\"},\"author\":{\"name\":\"Equipe MH\",\"@id\":\"https:\/\/mhcalculos.com.br\/noticias\/#\/schema\/person\/88d1c34bf72dc779ea14a5a6b8e0ae8d\"},\"headline\":\"TST: Senten\u00e7a \u00e9 anulada porque empresa n\u00e3o p\u00f4de juntar documentos em audi\u00eancia\",\"datePublished\":\"2020-06-09T20:37:00+00:00\",\"dateModified\":\"2021-07-28T17:29:37+00:00\",\"mainEntityOfPage\":{\"@id\":\"https:\/\/mhcalculos.com.br\/noticias\/area\/trabalhista\/tst-sentenca-e-anulada-porque-empresa-nao-pode-juntar-documentos-em-audiencia.html\"},\"wordCount\":489,\"commentCount\":0,\"image\":{\"@id\":\"https:\/\/mhcalculos.com.br\/noticias\/area\/trabalhista\/tst-sentenca-e-anulada-porque-empresa-nao-pode-juntar-documentos-em-audiencia.html#primaryimage\"},\"thumbnailUrl\":\"https:\/\/mhcalculos.com.br\/noticias\/wp-content\/uploads\/sites\/2\/2018\/06\/trabalhista-0024.jpg\",\"keywords\":[\"c\u00e1lculos trabalhistas\",\"direito trabalhista\",\"per\u00edcia\",\"perito\",\"trabalho\",\"TST\"],\"articleSection\":[\"Direito Trabalhista\",\"TST\"],\"inLanguage\":\"pt-BR\",\"potentialAction\":[{\"@type\":\"CommentAction\",\"name\":\"Comment\",\"target\":[\"https:\/\/mhcalculos.com.br\/noticias\/area\/trabalhista\/tst-sentenca-e-anulada-porque-empresa-nao-pode-juntar-documentos-em-audiencia.html#respond\"]}]},{\"@type\":\"WebPage\",\"@id\":\"https:\/\/mhcalculos.com.br\/noticias\/area\/trabalhista\/tst-sentenca-e-anulada-porque-empresa-nao-pode-juntar-documentos-em-audiencia.html\",\"url\":\"https:\/\/mhcalculos.com.br\/noticias\/area\/trabalhista\/tst-sentenca-e-anulada-porque-empresa-nao-pode-juntar-documentos-em-audiencia.html\",\"name\":\"TST: Senten\u00e7a \u00e9 anulada porque empresa n\u00e3o p\u00f4de juntar documentos em audi\u00eancia | Portal de Not\u00edcias\",\"isPartOf\":{\"@id\":\"https:\/\/mhcalculos.com.br\/noticias\/#website\"},\"primaryImageOfPage\":{\"@id\":\"https:\/\/mhcalculos.com.br\/noticias\/area\/trabalhista\/tst-sentenca-e-anulada-porque-empresa-nao-pode-juntar-documentos-em-audiencia.html#primaryimage\"},\"image\":{\"@id\":\"https:\/\/mhcalculos.com.br\/noticias\/area\/trabalhista\/tst-sentenca-e-anulada-porque-empresa-nao-pode-juntar-documentos-em-audiencia.html#primaryimage\"},\"thumbnailUrl\":\"https:\/\/mhcalculos.com.br\/noticias\/wp-content\/uploads\/sites\/2\/2018\/06\/trabalhista-0024.jpg\",\"datePublished\":\"2020-06-09T20:37:00+00:00\",\"dateModified\":\"2021-07-28T17:29:37+00:00\",\"author\":{\"@id\":\"https:\/\/mhcalculos.com.br\/noticias\/#\/schema\/person\/88d1c34bf72dc779ea14a5a6b8e0ae8d\"},\"breadcrumb\":{\"@id\":\"https:\/\/mhcalculos.com.br\/noticias\/area\/trabalhista\/tst-sentenca-e-anulada-porque-empresa-nao-pode-juntar-documentos-em-audiencia.html#breadcrumb\"},\"inLanguage\":\"pt-BR\",\"potentialAction\":[{\"@type\":\"ReadAction\",\"target\":[\"https:\/\/mhcalculos.com.br\/noticias\/area\/trabalhista\/tst-sentenca-e-anulada-porque-empresa-nao-pode-juntar-documentos-em-audiencia.html\"]}]},{\"@type\":\"ImageObject\",\"inLanguage\":\"pt-BR\",\"@id\":\"https:\/\/mhcalculos.com.br\/noticias\/area\/trabalhista\/tst-sentenca-e-anulada-porque-empresa-nao-pode-juntar-documentos-em-audiencia.html#primaryimage\",\"url\":\"https:\/\/mhcalculos.com.br\/noticias\/wp-content\/uploads\/sites\/2\/2018\/06\/trabalhista-0024.jpg\",\"contentUrl\":\"https:\/\/mhcalculos.com.br\/noticias\/wp-content\/uploads\/sites\/2\/2018\/06\/trabalhista-0024.jpg\",\"width\":2000,\"height\":800},{\"@type\":\"BreadcrumbList\",\"@id\":\"https:\/\/mhcalculos.com.br\/noticias\/area\/trabalhista\/tst-sentenca-e-anulada-porque-empresa-nao-pode-juntar-documentos-em-audiencia.html#breadcrumb\",\"itemListElement\":[{\"@type\":\"ListItem\",\"position\":1,\"name\":\"In\u00edcio\",\"item\":\"https:\/\/mhcalculos.com.br\/noticias\/\"},{\"@type\":\"ListItem\",\"position\":2,\"name\":\"TST: Senten\u00e7a \u00e9 anulada porque empresa n\u00e3o p\u00f4de juntar documentos em audi\u00eancia\"}]},{\"@type\":\"WebSite\",\"@id\":\"https:\/\/mhcalculos.com.br\/noticias\/#website\",\"url\":\"https:\/\/mhcalculos.com.br\/noticias\/\",\"name\":\"Portal de Not\u00edcias\",\"description\":\"Not\u00edcias e Jurisprud\u00eancia\",\"potentialAction\":[{\"@type\":\"SearchAction\",\"target\":{\"@type\":\"EntryPoint\",\"urlTemplate\":\"https:\/\/mhcalculos.com.br\/noticias\/?s={search_term_string}\"},\"query-input\":{\"@type\":\"PropertyValueSpecification\",\"valueRequired\":true,\"valueName\":\"search_term_string\"}}],\"inLanguage\":\"pt-BR\"},{\"@type\":\"Person\",\"@id\":\"https:\/\/mhcalculos.com.br\/noticias\/#\/schema\/person\/88d1c34bf72dc779ea14a5a6b8e0ae8d\",\"name\":\"Equipe MH\",\"image\":{\"@type\":\"ImageObject\",\"inLanguage\":\"pt-BR\",\"@id\":\"https:\/\/secure.gravatar.com\/avatar\/de1c686c2ecc9c5a3f327e3431d819eb39f8f05d4e1045f5a1caad6daaba987f?s=96&d=mm&r=g\",\"url\":\"https:\/\/secure.gravatar.com\/avatar\/de1c686c2ecc9c5a3f327e3431d819eb39f8f05d4e1045f5a1caad6daaba987f?s=96&d=mm&r=g\",\"contentUrl\":\"https:\/\/secure.gravatar.com\/avatar\/de1c686c2ecc9c5a3f327e3431d819eb39f8f05d4e1045f5a1caad6daaba987f?s=96&d=mm&r=g\",\"caption\":\"Equipe MH\"}}]}<\/script>\n<!-- \/ Yoast SEO plugin. -->","yoast_head_json":{"title":"TST: Senten\u00e7a \u00e9 anulada porque empresa n\u00e3o p\u00f4de juntar documentos em audi\u00eancia | Portal de Not\u00edcias","robots":{"index":"index","follow":"follow","max-snippet":"max-snippet:-1","max-image-preview":"max-image-preview:large","max-video-preview":"max-video-preview:-1"},"canonical":"https:\/\/mhcalculos.com.br\/noticias\/area\/trabalhista\/tst-sentenca-e-anulada-porque-empresa-nao-pode-juntar-documentos-em-audiencia.html","og_locale":"pt_BR","og_type":"article","og_title":"TST: Senten\u00e7a \u00e9 anulada porque empresa n\u00e3o p\u00f4de juntar documentos em audi\u00eancia | Portal de Not\u00edcias","og_description":"Para a Quinta Turma, os documentos poderiam ser anexados para produ\u00e7\u00e3o de provas. 9\/6\/2020 &#8211; A Quinta Turma do Tribunal Superior do Trabalho anulou senten\u00e7a proferida pelo ju\u00edzo da 8\u00aa Vara do Trabalho de S\u00e3o Paulo (SP) pela qual o Cons\u00f3rcio Condom\u00ednio Shopping Metro Tucuruvi havia sido condenado a pagar horas extras a um empregado. [&hellip;]","og_url":"https:\/\/mhcalculos.com.br\/noticias\/area\/trabalhista\/tst-sentenca-e-anulada-porque-empresa-nao-pode-juntar-documentos-em-audiencia.html","og_site_name":"Portal de Not\u00edcias","article_published_time":"2020-06-09T20:37:00+00:00","article_modified_time":"2021-07-28T17:29:37+00:00","og_image":[{"width":2000,"height":800,"url":"https:\/\/mhcalculos.com.br\/noticias\/wp-content\/uploads\/sites\/2\/2018\/06\/trabalhista-0024.jpg","type":"image\/jpeg"}],"author":"Equipe MH","twitter_card":"summary_large_image","twitter_misc":{"Escrito por":"Equipe MH","Est. tempo de leitura":"2 minutos"},"schema":{"@context":"https:\/\/schema.org","@graph":[{"@type":"Article","@id":"https:\/\/mhcalculos.com.br\/noticias\/area\/trabalhista\/tst-sentenca-e-anulada-porque-empresa-nao-pode-juntar-documentos-em-audiencia.html#article","isPartOf":{"@id":"https:\/\/mhcalculos.com.br\/noticias\/area\/trabalhista\/tst-sentenca-e-anulada-porque-empresa-nao-pode-juntar-documentos-em-audiencia.html"},"author":{"name":"Equipe MH","@id":"https:\/\/mhcalculos.com.br\/noticias\/#\/schema\/person\/88d1c34bf72dc779ea14a5a6b8e0ae8d"},"headline":"TST: Senten\u00e7a \u00e9 anulada porque empresa n\u00e3o p\u00f4de juntar documentos em audi\u00eancia","datePublished":"2020-06-09T20:37:00+00:00","dateModified":"2021-07-28T17:29:37+00:00","mainEntityOfPage":{"@id":"https:\/\/mhcalculos.com.br\/noticias\/area\/trabalhista\/tst-sentenca-e-anulada-porque-empresa-nao-pode-juntar-documentos-em-audiencia.html"},"wordCount":489,"commentCount":0,"image":{"@id":"https:\/\/mhcalculos.com.br\/noticias\/area\/trabalhista\/tst-sentenca-e-anulada-porque-empresa-nao-pode-juntar-documentos-em-audiencia.html#primaryimage"},"thumbnailUrl":"https:\/\/mhcalculos.com.br\/noticias\/wp-content\/uploads\/sites\/2\/2018\/06\/trabalhista-0024.jpg","keywords":["c\u00e1lculos trabalhistas","direito trabalhista","per\u00edcia","perito","trabalho","TST"],"articleSection":["Direito Trabalhista","TST"],"inLanguage":"pt-BR","potentialAction":[{"@type":"CommentAction","name":"Comment","target":["https:\/\/mhcalculos.com.br\/noticias\/area\/trabalhista\/tst-sentenca-e-anulada-porque-empresa-nao-pode-juntar-documentos-em-audiencia.html#respond"]}]},{"@type":"WebPage","@id":"https:\/\/mhcalculos.com.br\/noticias\/area\/trabalhista\/tst-sentenca-e-anulada-porque-empresa-nao-pode-juntar-documentos-em-audiencia.html","url":"https:\/\/mhcalculos.com.br\/noticias\/area\/trabalhista\/tst-sentenca-e-anulada-porque-empresa-nao-pode-juntar-documentos-em-audiencia.html","name":"TST: Senten\u00e7a \u00e9 anulada porque empresa n\u00e3o p\u00f4de juntar documentos em audi\u00eancia | Portal de Not\u00edcias","isPartOf":{"@id":"https:\/\/mhcalculos.com.br\/noticias\/#website"},"primaryImageOfPage":{"@id":"https:\/\/mhcalculos.com.br\/noticias\/area\/trabalhista\/tst-sentenca-e-anulada-porque-empresa-nao-pode-juntar-documentos-em-audiencia.html#primaryimage"},"image":{"@id":"https:\/\/mhcalculos.com.br\/noticias\/area\/trabalhista\/tst-sentenca-e-anulada-porque-empresa-nao-pode-juntar-documentos-em-audiencia.html#primaryimage"},"thumbnailUrl":"https:\/\/mhcalculos.com.br\/noticias\/wp-content\/uploads\/sites\/2\/2018\/06\/trabalhista-0024.jpg","datePublished":"2020-06-09T20:37:00+00:00","dateModified":"2021-07-28T17:29:37+00:00","author":{"@id":"https:\/\/mhcalculos.com.br\/noticias\/#\/schema\/person\/88d1c34bf72dc779ea14a5a6b8e0ae8d"},"breadcrumb":{"@id":"https:\/\/mhcalculos.com.br\/noticias\/area\/trabalhista\/tst-sentenca-e-anulada-porque-empresa-nao-pode-juntar-documentos-em-audiencia.html#breadcrumb"},"inLanguage":"pt-BR","potentialAction":[{"@type":"ReadAction","target":["https:\/\/mhcalculos.com.br\/noticias\/area\/trabalhista\/tst-sentenca-e-anulada-porque-empresa-nao-pode-juntar-documentos-em-audiencia.html"]}]},{"@type":"ImageObject","inLanguage":"pt-BR","@id":"https:\/\/mhcalculos.com.br\/noticias\/area\/trabalhista\/tst-sentenca-e-anulada-porque-empresa-nao-pode-juntar-documentos-em-audiencia.html#primaryimage","url":"https:\/\/mhcalculos.com.br\/noticias\/wp-content\/uploads\/sites\/2\/2018\/06\/trabalhista-0024.jpg","contentUrl":"https:\/\/mhcalculos.com.br\/noticias\/wp-content\/uploads\/sites\/2\/2018\/06\/trabalhista-0024.jpg","width":2000,"height":800},{"@type":"BreadcrumbList","@id":"https:\/\/mhcalculos.com.br\/noticias\/area\/trabalhista\/tst-sentenca-e-anulada-porque-empresa-nao-pode-juntar-documentos-em-audiencia.html#breadcrumb","itemListElement":[{"@type":"ListItem","position":1,"name":"In\u00edcio","item":"https:\/\/mhcalculos.com.br\/noticias\/"},{"@type":"ListItem","position":2,"name":"TST: Senten\u00e7a \u00e9 anulada porque empresa n\u00e3o p\u00f4de juntar documentos em audi\u00eancia"}]},{"@type":"WebSite","@id":"https:\/\/mhcalculos.com.br\/noticias\/#website","url":"https:\/\/mhcalculos.com.br\/noticias\/","name":"Portal de Not\u00edcias","description":"Not\u00edcias e Jurisprud\u00eancia","potentialAction":[{"@type":"SearchAction","target":{"@type":"EntryPoint","urlTemplate":"https:\/\/mhcalculos.com.br\/noticias\/?s={search_term_string}"},"query-input":{"@type":"PropertyValueSpecification","valueRequired":true,"valueName":"search_term_string"}}],"inLanguage":"pt-BR"},{"@type":"Person","@id":"https:\/\/mhcalculos.com.br\/noticias\/#\/schema\/person\/88d1c34bf72dc779ea14a5a6b8e0ae8d","name":"Equipe MH","image":{"@type":"ImageObject","inLanguage":"pt-BR","@id":"https:\/\/secure.gravatar.com\/avatar\/de1c686c2ecc9c5a3f327e3431d819eb39f8f05d4e1045f5a1caad6daaba987f?s=96&d=mm&r=g","url":"https:\/\/secure.gravatar.com\/avatar\/de1c686c2ecc9c5a3f327e3431d819eb39f8f05d4e1045f5a1caad6daaba987f?s=96&d=mm&r=g","contentUrl":"https:\/\/secure.gravatar.com\/avatar\/de1c686c2ecc9c5a3f327e3431d819eb39f8f05d4e1045f5a1caad6daaba987f?s=96&d=mm&r=g","caption":"Equipe MH"}}]}},"_links":{"self":[{"href":"https:\/\/mhcalculos.com.br\/noticias\/wp-json\/wp\/v2\/posts\/7241","targetHints":{"allow":["GET"]}}],"collection":[{"href":"https:\/\/mhcalculos.com.br\/noticias\/wp-json\/wp\/v2\/posts"}],"about":[{"href":"https:\/\/mhcalculos.com.br\/noticias\/wp-json\/wp\/v2\/types\/post"}],"author":[{"embeddable":true,"href":"https:\/\/mhcalculos.com.br\/noticias\/wp-json\/wp\/v2\/users\/3063"}],"replies":[{"embeddable":true,"href":"https:\/\/mhcalculos.com.br\/noticias\/wp-json\/wp\/v2\/comments?post=7241"}],"version-history":[{"count":1,"href":"https:\/\/mhcalculos.com.br\/noticias\/wp-json\/wp\/v2\/posts\/7241\/revisions"}],"predecessor-version":[{"id":9118,"href":"https:\/\/mhcalculos.com.br\/noticias\/wp-json\/wp\/v2\/posts\/7241\/revisions\/9118"}],"wp:featuredmedia":[{"embeddable":true,"href":"https:\/\/mhcalculos.com.br\/noticias\/wp-json\/wp\/v2\/media\/2387"}],"wp:attachment":[{"href":"https:\/\/mhcalculos.com.br\/noticias\/wp-json\/wp\/v2\/media?parent=7241"}],"wp:term":[{"taxonomy":"category","embeddable":true,"href":"https:\/\/mhcalculos.com.br\/noticias\/wp-json\/wp\/v2\/categories?post=7241"},{"taxonomy":"post_tag","embeddable":true,"href":"https:\/\/mhcalculos.com.br\/noticias\/wp-json\/wp\/v2\/tags?post=7241"}],"curies":[{"name":"wp","href":"https:\/\/api.w.org\/{rel}","templated":true}]}}