{"id":7222,"date":"2020-06-04T19:05:07","date_gmt":"2020-06-04T22:05:07","guid":{"rendered":"https:\/\/mhcalculos.com.br\/noticias\/area\/previdenciario\/trf3-tribunal-julga-4-640-processos-de-18-a-29-de-maio.html"},"modified":"2021-07-28T14:29:38","modified_gmt":"2021-07-28T17:29:38","slug":"trf3-tribunal-julga-4-640-processos-de-18-a-29-de-maio","status":"publish","type":"post","link":"https:\/\/mhcalculos.com.br\/noticias\/area\/previdenciario\/trf3-tribunal-julga-4-640-processos-de-18-a-29-de-maio.html","title":{"rendered":"TRF3: TRIBUNAL&nbsp;JULGA 4.640 PROCESSOS DE 18 A 29 DE MAIO"},"content":{"rendered":"\n<div class=\"mat\">\n<div ltr=\"\" bcx7=\"\">\n<div scxw137887315=\"\" paraid=\"1394452506\" paraeid=\"{e6832462-4f62-48da-9832-b66dcd66a355}{140}\"><em><span data-contrast=\"auto\" scxw137887315=\"\" xml:lang=\"PT-BR\">Como medida de preven\u00e7\u00e3o ao novo\u00a0<\/span><span data-contrast=\"auto\" scxw137887315=\"\" xml:lang=\"PT-BR\"><span scxw137887315=\"\">coronav\u00edrus<\/span><\/span><span data-contrast=\"auto\" scxw137887315=\"\" xml:lang=\"PT-BR\">, julgamentos programados para ocorrer na modalidade presencial foram realizados de forma\u00a0<\/span><span data-contrast=\"auto\" scxw137887315=\"\" xml:lang=\"PT-BR\">eletr\u00f4nica<\/span>\u00a0<\/em><\/div>\n<div scxw137887315=\"\" paraid=\"1394452506\" paraeid=\"{e6832462-4f62-48da-9832-b66dcd66a355}{140}\">\u00a0<\/div>\n<div scxw137887315=\"\" paraid=\"1394452506\" paraeid=\"{e6832462-4f62-48da-9832-b66dcd66a355}{140}\">\n<span data-contrast=\"auto\" scxw137887315=\"\" xml:lang=\"PT-BR\">Oito Turmas, uma Se\u00e7\u00e3o e\u00a0<\/span><span data-contrast=\"auto\" scxw137887315=\"\" xml:lang=\"PT-BR\">dois Conselhos\u00a0<\/span><span data-contrast=\"auto\" scxw137887315=\"\" xml:lang=\"PT-BR\">do Tribunal Regional Federal da 3\u00aa Regi\u00e3o (TRF3) julgaram 4.<\/span><span data-contrast=\"auto\" scxw137887315=\"\" xml:lang=\"PT-BR\">640<\/span><span data-contrast=\"auto\" scxw137887315=\"\" xml:lang=\"PT-BR\">\u00a0processos em sess\u00f5es virtuais do sistema Processo Judicial Eletr\u00f4nico (<\/span><span data-contrast=\"auto\" scxw137887315=\"\" xml:lang=\"PT-BR\"><span scxw137887315=\"\">PJe<\/span><\/span><span data-contrast=\"auto\" scxw137887315=\"\" xml:lang=\"PT-BR\">)<\/span><span data-contrast=\"auto\" scxw137887315=\"\" xml:lang=\"PT-BR\">\u00a0e do Sistema de Acompanhamento Processual (<\/span><span data-contrast=\"auto\" scxw137887315=\"\" xml:lang=\"PT-BR\"><span scxw137887315=\"\">Siapro<\/span><\/span><span data-contrast=\"auto\" scxw137887315=\"\" xml:lang=\"PT-BR\">)<\/span><span data-contrast=\"auto\" scxw137887315=\"\" xml:lang=\"PT-BR\">, entre os dias 1<\/span><span data-contrast=\"auto\" scxw137887315=\"\" xml:lang=\"PT-BR\">8<\/span><span data-contrast=\"auto\" scxw137887315=\"\" xml:lang=\"PT-BR\">\u00a0e\u00a0<\/span><span data-contrast=\"auto\" scxw137887315=\"\" xml:lang=\"PT-BR\">29\u00a0<\/span><span data-contrast=\"auto\" scxw137887315=\"\" xml:lang=\"PT-BR\">de maio. Como medida para o enfrentamento da emerg\u00eancia de sa\u00fade p\u00fablica decorrente do novo\u00a0<\/span><span data-contrast=\"auto\" scxw137887315=\"\" xml:lang=\"PT-BR\"><span scxw137887315=\"\">coronav\u00edrus<\/span><\/span><span data-contrast=\"auto\" scxw137887315=\"\" xml:lang=\"PT-BR\">, sess\u00f5es previstas como presenciais foram realizadas por meio eletr\u00f4nico, garantindo a continuidade da presta\u00e7\u00e3o jurisdicional.<\/span>\u00a0<\/div>\n<\/div>\n<div ltr=\"\" bcx7=\"\">\n<div scxw137887315=\"\" paraid=\"357239911\" paraeid=\"{e6832462-4f62-48da-9832-b66dcd66a355}{152}\">\u00a0<\/div>\n<\/div>\n<div ltr=\"\" bcx7=\"\">\n<div scxw137887315=\"\" paraid=\"1093403187\" paraeid=\"{e6832462-4f62-48da-9832-b66dcd66a355}{190}\"><strong><span data-contrast=\"auto\" macchromebold=\"\" scxw137887315=\"\" xml:lang=\"PT-BR\">Primeira Turma<\/span>\u00a0<\/strong><\/div>\n<\/div>\n<div ltr=\"\" bcx7=\"\">\n<div scxw137887315=\"\" paraid=\"1344951186\" paraeid=\"{e6832462-4f62-48da-9832-b66dcd66a355}{196}\">\n<span data-contrast=\"auto\" scxw137887315=\"\" xml:lang=\"PT-BR\">A Primeira Turma realizou sess\u00e3o virtual\u00a0<\/span><span data-contrast=\"auto\" scxw137887315=\"\" xml:lang=\"PT-BR\">de julgamento\u00a0<\/span><span data-contrast=\"auto\" scxw137887315=\"\" xml:lang=\"PT-BR\">no dia\u00a0<\/span><span data-contrast=\"auto\" scxw137887315=\"\" xml:lang=\"PT-BR\">26<\/span><span data-contrast=\"auto\" scxw137887315=\"\" xml:lang=\"PT-BR\">\u00a0de maio. Dos\u00a0<\/span><span data-contrast=\"auto\" scxw137887315=\"\" xml:lang=\"PT-BR\">575<\/span><span data-contrast=\"auto\" scxw137887315=\"\" xml:lang=\"PT-BR\">\u00a0processos pautados,\u00a0<\/span><span data-contrast=\"auto\" scxw137887315=\"\" xml:lang=\"PT-BR\">519<\/span><span data-contrast=\"auto\" scxw137887315=\"\" xml:lang=\"PT-BR\">\u00a0foram julgados.<\/span>\u00a0<\/div>\n<\/div>\n<div ltr=\"\" bcx7=\"\">\n<div scxw137887315=\"\" paraid=\"634239236\" paraeid=\"{e6832462-4f62-48da-9832-b66dcd66a355}{218}\">\n<span data-contrast=\"auto\" scxw137887315=\"\" xml:lang=\"PT-BR\">Composta pelos desembargadores federais H\u00e9lio Nogueira, Wilson\u00a0<\/span><span data-contrast=\"auto\" scxw137887315=\"\" xml:lang=\"PT-BR\"><span scxw137887315=\"\">Zauhy<\/span><\/span><span data-contrast=\"auto\" scxw137887315=\"\" xml:lang=\"PT-BR\">\u00a0(presidente) e Valdeci dos Santos,\u00a0<\/span><span data-contrast=\"auto\" scxw137887315=\"\" xml:lang=\"PT-BR\">o colegiado<\/span><span data-contrast=\"auto\" scxw137887315=\"\" xml:lang=\"PT-BR\">\u00a0faz parte da Primeira Se\u00e7\u00e3o da corte, que tem compet\u00eancia para julgar processos sobre contribui\u00e7\u00f5es destinadas ao custeio da Previd\u00eancia Social; mat\u00e9rias de Direito Privado, como dom\u00ednio e posse, loca\u00e7\u00e3o de im\u00f3veis, direitos reais, constitui\u00e7\u00e3o e liquida\u00e7\u00e3o de sociedades; propriedade industrial; registros p\u00fablicos<\/span><span data-contrast=\"auto\" scxw137887315=\"\" xml:lang=\"PT-BR\">;<\/span><span data-contrast=\"auto\" scxw137887315=\"\" xml:lang=\"PT-BR\">\u00a0e servidores civis e militares.<\/span>\u00a0<\/div>\n<\/div>\n<div ltr=\"\" bcx7=\"\">\n<div scxw137887315=\"\" paraid=\"1659279448\" paraeid=\"{e6832462-4f62-48da-9832-b66dcd66a355}{236}\">\n<span data-contrast=\"auto\" scxw137887315=\"\" xml:lang=\"PT-BR\">A pr\u00f3xima sess\u00e3o de julgamento\u00a0<\/span><span data-contrast=\"auto\" scxw137887315=\"\" xml:lang=\"PT-BR\">da Primeira Turma<\/span><span data-contrast=\"auto\" scxw137887315=\"\" xml:lang=\"PT-BR\">, tamb\u00e9m virtual, ser\u00e1 realizada no dia\u00a0<\/span><span data-contrast=\"auto\" scxw137887315=\"\" xml:lang=\"PT-BR\">4<\/span><span data-contrast=\"auto\" scxw137887315=\"\" xml:lang=\"PT-BR\">\u00a0de\u00a0<\/span><span data-contrast=\"auto\" scxw137887315=\"\" xml:lang=\"PT-BR\">junh<\/span><span data-contrast=\"auto\" scxw137887315=\"\" xml:lang=\"PT-BR\">o.<\/span>\u00a0<\/div>\n<\/div>\n<div ltr=\"\" bcx7=\"\">\n<div scxw137887315=\"\" paraid=\"211719066\" paraeid=\"{e6832462-4f62-48da-9832-b66dcd66a355}{254}\">\u00a0<\/div>\n<div scxw137887315=\"\" paraid=\"211719066\" paraeid=\"{e6832462-4f62-48da-9832-b66dcd66a355}{254}\"><strong><span data-contrast=\"auto\" macchromebold=\"\" scxw137887315=\"\" xml:lang=\"PT-BR\">Segunda Turma<\/span>\u00a0<\/strong><\/div>\n<\/div>\n<div ltr=\"\" bcx7=\"\">\n<div scxw137887315=\"\" paraid=\"2100328541\" paraeid=\"{59c1049a-4f7d-4c81-a761-a8de73496044}{5}\">\n<span data-contrast=\"auto\" scxw137887315=\"\" xml:lang=\"PT-BR\">A Segunda Turma tamb\u00e9m realizou sess\u00e3o de julgamento, de forma eletr\u00f4nica, no dia\u00a0<\/span><span data-contrast=\"auto\" scxw137887315=\"\" xml:lang=\"PT-BR\">26<\/span><span data-contrast=\"auto\" scxw137887315=\"\" xml:lang=\"PT-BR\">\u00a0de maio.<\/span>\u00a0<\/div>\n<\/div>\n<div ltr=\"\" bcx7=\"\">\n<div scxw137887315=\"\" paraid=\"443084159\" paraeid=\"{59c1049a-4f7d-4c81-a761-a8de73496044}{15}\">\n<span data-contrast=\"auto\" scxw137887315=\"\" xml:lang=\"PT-BR\">Na ocasi\u00e3o, foram julgados 4<\/span><span data-contrast=\"auto\" scxw137887315=\"\" xml:lang=\"PT-BR\">58<\/span><span data-contrast=\"auto\" scxw137887315=\"\" xml:lang=\"PT-BR\">\u00a0dos 4<\/span><span data-contrast=\"auto\" scxw137887315=\"\" xml:lang=\"PT-BR\">8<\/span><span data-contrast=\"auto\" scxw137887315=\"\" xml:lang=\"PT-BR\">1 processos pautados ou apresentados em mesas pelos desembargadores federais. A pauta reuniu mat\u00e9rias como execu\u00e7\u00f5es fiscais, contribui\u00e7\u00f5es previdenci\u00e1rias, contratos banc\u00e1rios, sistema financeiro da habita\u00e7\u00e3o (SFH), contratos de cr\u00e9dito estudantil (Fies) e quest\u00f5es relativas a servidores p\u00fablicos federais.<\/span>\u00a0<\/div>\n<\/div>\n<div ltr=\"\" bcx7=\"\">\n<div scxw137887315=\"\" paraid=\"240792522\" paraeid=\"{59c1049a-4f7d-4c81-a761-a8de73496044}{29}\">\n<span data-contrast=\"auto\" scxw137887315=\"\" xml:lang=\"PT-BR\">O colegiado \u00e9 formado pelos desembargadores federais Cotrim Guimar\u00e3es (presidente), Peixoto J\u00fanior e Carlos Francisco.<\/span>\u00a0<\/div>\n<\/div>\n<div ltr=\"\" bcx7=\"\">\n<div scxw137887315=\"\" paraid=\"493174886\" paraeid=\"{59c1049a-4f7d-4c81-a761-a8de73496044}{35}\">\n<span data-contrast=\"auto\" scxw137887315=\"\" xml:lang=\"PT-BR\">A pr\u00f3xima sess\u00e3o de julgamento da Segunda Turma ser\u00e1 realizada no dia\u00a0<\/span><span data-contrast=\"auto\" scxw137887315=\"\" xml:lang=\"PT-BR\">9<\/span><span data-contrast=\"auto\" scxw137887315=\"\" xml:lang=\"PT-BR\">\u00a0de<\/span><span data-contrast=\"auto\" scxw137887315=\"\" xml:lang=\"PT-BR\">\u00a0junh<\/span><span data-contrast=\"auto\" scxw137887315=\"\" xml:lang=\"PT-BR\">o, na modalidade virtual.<\/span>\u00a0<\/div>\n<\/div>\n<div ltr=\"\" bcx7=\"\">\n<div scxw137887315=\"\" paraid=\"1151615308\" paraeid=\"{59c1049a-4f7d-4c81-a761-a8de73496044}{49}\">\u00a0<\/div>\n<div scxw137887315=\"\" paraid=\"1151615308\" paraeid=\"{59c1049a-4f7d-4c81-a761-a8de73496044}{49}\"><strong><span data-contrast=\"auto\" macchromebold=\"\" scxw137887315=\"\" xml:lang=\"PT-BR\">Terceira Turma<\/span>\u00a0<\/strong><\/div>\n<\/div>\n<div ltr=\"\" bcx7=\"\">\n<div scxw137887315=\"\" paraid=\"895946282\" paraeid=\"{59c1049a-4f7d-4c81-a761-a8de73496044}{55}\">\n<span data-contrast=\"auto\" scxw137887315=\"\" xml:lang=\"PT-BR\">A Terceira Turma realizou sess\u00e3o de julgamento no dia\u00a0<\/span><span data-contrast=\"auto\" scxw137887315=\"\" xml:lang=\"PT-BR\">29<\/span><span data-contrast=\"auto\" scxw137887315=\"\" xml:lang=\"PT-BR\">\u00a0de maio, quando\u00a0<\/span><span data-contrast=\"auto\" scxw137887315=\"\" xml:lang=\"PT-BR\">396<\/span><span data-contrast=\"auto\" scxw137887315=\"\" xml:lang=\"PT-BR\">\u00a0de\u00a0<\/span><span data-contrast=\"auto\" scxw137887315=\"\" xml:lang=\"PT-BR\">417<\/span><span data-contrast=\"auto\" scxw137887315=\"\" xml:lang=\"PT-BR\">\u00a0processos pautados foram julgados.<\/span>\u00a0<\/div>\n<\/div>\n<div ltr=\"\" bcx7=\"\">\n<div scxw137887315=\"\" paraid=\"1826522237\" paraeid=\"{59c1049a-4f7d-4c81-a761-a8de73496044}{73}\">\n<span data-contrast=\"auto\" scxw137887315=\"\" xml:lang=\"PT-BR\">Os desembargadores federais Nery Junior, Carlo<\/span><span data-contrast=\"auto\" scxw137887315=\"\" xml:lang=\"PT-BR\">s\u00a0<\/span><span data-contrast=\"auto\" scxw137887315=\"\" xml:lang=\"PT-BR\">Muta<\/span><span data-contrast=\"auto\" scxw137887315=\"\" xml:lang=\"PT-BR\">,\u00a0<\/span><span data-contrast=\"auto\" scxw137887315=\"\" xml:lang=\"PT-BR\"><span scxw137887315=\"\">Nelton<\/span><\/span><span data-contrast=\"auto\" scxw137887315=\"\" xml:lang=\"PT-BR\">\u00a0dos Santos e Ant\u00f4<\/span><span data-contrast=\"auto\" scxw137887315=\"\" xml:lang=\"PT-BR\">nio\u00a0<\/span><span data-contrast=\"auto\" scxw137887315=\"\" xml:lang=\"PT-BR\"><span scxw137887315=\"\">Cedenho<\/span><\/span><span data-contrast=\"auto\" scxw137887315=\"\" xml:lang=\"PT-BR\">\u00a0(presidente) integram\u00a0<\/span><span data-contrast=\"auto\" scxw137887315=\"\" xml:lang=\"PT-BR\">o\u00a0<\/span><span data-contrast=\"auto\" scxw137887315=\"\" xml:lang=\"PT-BR\">colegiado\u00a0<\/span><span data-contrast=\"auto\" scxw137887315=\"\" xml:lang=\"PT-BR\">que\u00a0<\/span><span data-contrast=\"auto\" scxw137887315=\"\" xml:lang=\"PT-BR\">aprecia mat\u00e9rias de direito constitucional, licita\u00e7\u00f5es, nulidade e anulabilidade de atos administrativos, ensino superior, inscri\u00e7\u00e3o no exerc\u00edcio profissional, tributos em geral e pre\u00e7os p\u00fablicos e contribui\u00e7\u00f5es.<\/span>\u00a0<\/div>\n<\/div>\n<div ltr=\"\" bcx7=\"\">\n<div scxw137887315=\"\" paraid=\"523076515\" paraeid=\"{59c1049a-4f7d-4c81-a761-a8de73496044}{103}\">\n<span data-contrast=\"auto\" scxw137887315=\"\" xml:lang=\"PT-BR\">A pr\u00f3xima sess\u00e3o de julgamento ocorrer\u00e1 no dia\u00a0<\/span><span data-contrast=\"auto\" scxw137887315=\"\" xml:lang=\"PT-BR\">3<\/span><span data-contrast=\"auto\" scxw137887315=\"\" xml:lang=\"PT-BR\">\u00a0de\u00a0<\/span><span data-contrast=\"auto\" scxw137887315=\"\" xml:lang=\"PT-BR\">junho<\/span><span data-contrast=\"auto\" scxw137887315=\"\" xml:lang=\"PT-BR\">, na modalidade virtual.<\/span>\u00a0<\/div>\n<\/div>\n<div ltr=\"\" bcx7=\"\">\n<div scxw137887315=\"\" paraid=\"1658111746\" paraeid=\"{59c1049a-4f7d-4c81-a761-a8de73496044}{117}\">\u00a0<\/div>\n<div scxw137887315=\"\" paraid=\"1658111746\" paraeid=\"{59c1049a-4f7d-4c81-a761-a8de73496044}{117}\"><strong><span data-contrast=\"auto\" macchromebold=\"\" scxw137887315=\"\" xml:lang=\"PT-BR\">Quarta Turma<\/span>\u00a0<\/strong><\/div>\n<\/div>\n<div ltr=\"\" bcx7=\"\">\n<div scxw137887315=\"\" paraid=\"1208684604\" paraeid=\"{59c1049a-4f7d-4c81-a761-a8de73496044}{123}\">\n<span data-contrast=\"auto\" scxw137887315=\"\" xml:lang=\"PT-BR\">A Quarta Turma realizou sess\u00e3o virtual no dia\u00a0<\/span><span data-contrast=\"auto\" scxw137887315=\"\" xml:lang=\"PT-BR\">28<\/span><span data-contrast=\"auto\" scxw137887315=\"\" xml:lang=\"PT-BR\">\u00a0de maio. Foram 5<\/span><span data-contrast=\"auto\" scxw137887315=\"\" xml:lang=\"PT-BR\">50<\/span><span data-contrast=\"auto\" scxw137887315=\"\" xml:lang=\"PT-BR\">\u00a0processos julgados de 5<\/span><span data-contrast=\"auto\" scxw137887315=\"\" xml:lang=\"PT-BR\">5<\/span><span data-contrast=\"auto\" scxw137887315=\"\" xml:lang=\"PT-BR\">8 que estavam em pauta.<\/span>\u00a0<\/div>\n<\/div>\n<div ltr=\"\" scxw137887315=\"\">\n<div scxw137887315=\"\" paraid=\"840015667\" paraeid=\"{59c1049a-4f7d-4c81-a761-a8de73496044}{141}\">\n<span data-contrast=\"auto\" scxw137887315=\"\" xml:lang=\"PT-BR\">Composto pelos desembargadores federais Andr\u00e9\u00a0<\/span><span data-contrast=\"auto\" scxw137887315=\"\" xml:lang=\"PT-BR\"><span scxw137887315=\"\">Nabarrete<\/span><\/span><span data-contrast=\"auto\" scxw137887315=\"\" xml:lang=\"PT-BR\">, Marli Ferreira, M\u00f4nica Nobre e Marcelo Saraiva (presidente), o colegiado faz parte da Segunda Se\u00e7\u00e3o da corte e\u00a0<\/span><span data-contrast=\"auto\" scxw137887315=\"\" xml:lang=\"PT-BR\">aprecia<\/span><span data-contrast=\"auto\" scxw137887315=\"\" xml:lang=\"PT-BR\">\u00a0mat\u00e9rias de direito constitucional, licita\u00e7\u00f5es, nulidade e anulabilidade de atos administrativos, ensino superior, inscri\u00e7\u00e3o no exerc\u00edcio profissional, tributos em geral e pre\u00e7os p\u00fablicos e contribui\u00e7\u00f5es.<\/span>\u00a0<\/div>\n<\/div>\n<div ltr=\"\" scxw137887315=\"\">\n<div scxw137887315=\"\" paraid=\"222684373\" paraeid=\"{59c1049a-4f7d-4c81-a761-a8de73496044}{155}\">\n<span data-contrast=\"auto\" scxw137887315=\"\" xml:lang=\"PT-BR\">A pr\u00f3xima sess\u00e3o de julgamento ser\u00e1 realizada no dia\u00a0<\/span><span data-contrast=\"auto\" scxw137887315=\"\" xml:lang=\"PT-BR\">9<\/span><span data-contrast=\"auto\" scxw137887315=\"\" xml:lang=\"PT-BR\">\u00a0de\u00a0<\/span><span data-contrast=\"auto\" scxw137887315=\"\" xml:lang=\"PT-BR\">junh<\/span><span data-contrast=\"auto\" scxw137887315=\"\" xml:lang=\"PT-BR\">o.<\/span>\u00a0<\/div>\n<div scxw137887315=\"\" paraid=\"222684373\" paraeid=\"{59c1049a-4f7d-4c81-a761-a8de73496044}{155}\">\u00a0<\/div>\n<div scxw137887315=\"\" paraid=\"222684373\" paraeid=\"{59c1049a-4f7d-4c81-a761-a8de73496044}{155}\">\n<strong><span data-contrast=\"auto\" macchromebold=\"\" scxw137887315=\"\" xml:lang=\"PT-BR\">Q<\/span><\/strong><strong><span data-contrast=\"auto\" macchromebold=\"\" scxw137887315=\"\" xml:lang=\"PT-BR\">uinta Turma<\/span><span blobobject=\"\" dragdrop=\"\" scxw137887315=\"\">\u00a0<\/span><\/strong>\n<\/div>\n<\/div>\n<div ltr=\"\" scxw137887315=\"\">\n<div scxw137887315=\"\" paraid=\"532672926\" paraeid=\"{59c1049a-4f7d-4c81-a761-a8de73496044}{169}\">\n<span blobobject=\"\" dragdrop=\"\" scxw137887315=\"\">\u00a0<\/span><span data-contrast=\"auto\" scxw137887315=\"\" xml:lang=\"PT-BR\">Especializada em mat\u00e9ria criminal, a Quinta Turma realizou sess\u00e3o virtual no dia 18 de maio. De 105 processos pautados, 91 foram julgados.\u00a0<\/span>\u00a0<\/div>\n<\/div>\n<div ltr=\"\" scxw137887315=\"\">\n<div scxw137887315=\"\" paraid=\"1072986313\" paraeid=\"{59c1049a-4f7d-4c81-a761-a8de73496044}{177}\">\n<span data-contrast=\"auto\" scxw137887315=\"\" xml:lang=\"PT-BR\">Composto pelos desembargadores federais Andr\u00e9\u00a0<\/span><span data-contrast=\"auto\" scxw137887315=\"\" xml:lang=\"PT-BR\"><span scxw137887315=\"\">Nekatschalow<\/span><\/span><span data-contrast=\"auto\" scxw137887315=\"\" xml:lang=\"PT-BR\">\u00a0(<\/span><span data-contrast=\"auto\" scxw137887315=\"\" xml:lang=\"PT-BR\">p<\/span><span data-contrast=\"auto\" scxw137887315=\"\" xml:lang=\"PT-BR\">residente), Paulo Fontes e Maur\u00edcio Kato, o colegiado faz parte da Quarta Se\u00e7\u00e3o da corte.<\/span>\u00a0<\/div>\n<\/div>\n<div ltr=\"\" scxw137887315=\"\">\n<div scxw137887315=\"\" paraid=\"1071920760\" paraeid=\"{59c1049a-4f7d-4c81-a761-a8de73496044}{191}\">\n<span data-contrast=\"auto\" scxw137887315=\"\" xml:lang=\"PT-BR\">A pr\u00f3xima sess\u00e3o de julgamento Quinta Turma, tamb\u00e9m virtual, ser\u00e1 realizada no dia 8 de junho.<\/span>\u00a0<\/div>\n<\/div>\n<div ltr=\"\" scxw137887315=\"\">\n<div scxw137887315=\"\" paraid=\"1344620246\" paraeid=\"{59c1049a-4f7d-4c81-a761-a8de73496044}{197}\">\u00a0<\/div>\n<div scxw137887315=\"\" paraid=\"1344620246\" paraeid=\"{59c1049a-4f7d-4c81-a761-a8de73496044}{197}\">\n<strong><span data-contrast=\"auto\" macchromebold=\"\" scxw137887315=\"\" xml:lang=\"PT-BR\">S\u00e9tima Turma<\/span><\/strong>\u00a0<\/div>\n<\/div>\n<div ltr=\"\" scxw137887315=\"\">\n<div scxw137887315=\"\" paraid=\"1177564225\" paraeid=\"{59c1049a-4f7d-4c81-a761-a8de73496044}{203}\">\n<span data-contrast=\"auto\" scxw137887315=\"\" xml:lang=\"PT-BR\">A S\u00e9tima Turma realizou sess\u00e3o de julgamento eletr\u00f4nica no dia\u00a0<\/span><span data-contrast=\"auto\" scxw137887315=\"\" xml:lang=\"PT-BR\">27<\/span><span data-contrast=\"auto\" scxw137887315=\"\" xml:lang=\"PT-BR\">\u00a0de maio. Na ocasi\u00e3o, foram julgados\u00a0<\/span><span data-contrast=\"auto\" scxw137887315=\"\" xml:lang=\"PT-BR\">1<\/span><span data-contrast=\"auto\" scxw137887315=\"\" xml:lang=\"PT-BR\">.<\/span><span data-contrast=\"auto\" scxw137887315=\"\" xml:lang=\"PT-BR\">428<\/span><span data-contrast=\"auto\" scxw137887315=\"\" xml:lang=\"PT-BR\">\u00a0de 1.<\/span><span data-contrast=\"auto\" scxw137887315=\"\" xml:lang=\"PT-BR\">496<\/span><span data-contrast=\"auto\" scxw137887315=\"\" xml:lang=\"PT-BR\">\u00a0processos pautados ou apresentados em mesas pelos desembargadores federais.<\/span>\u00a0<\/div>\n<\/div>\n<div ltr=\"\" scxw137887315=\"\">\n<div scxw137887315=\"\" paraid=\"879905616\" paraeid=\"{59c1049a-4f7d-4c81-a761-a8de73496044}{225}\">\n<span data-contrast=\"auto\" scxw137887315=\"\" xml:lang=\"PT-BR\">Integrante da 3\u00aa Se\u00e7\u00e3o,\u00a0<\/span><span data-contrast=\"auto\" scxw137887315=\"\" xml:lang=\"PT-BR\">o colegiado<\/span><span data-contrast=\"auto\" scxw137887315=\"\" xml:lang=\"PT-BR\">\u00a0tem compet\u00eancia para julgar mat\u00e9rias relacionadas \u00e0 Previd\u00eancia e a Assist\u00eancia Social, como aposentadoria por idade rural e urbana, aux\u00edlio-doen\u00e7a, aposentadoria por invalidez, aux\u00edlio-reclus\u00e3o, Loas, pens\u00e3o por morte, aposentadoria por tempo de servi\u00e7o e sal\u00e1rio maternidade.<\/span>\u00a0<\/div>\n<\/div>\n<div ltr=\"\" scxw137887315=\"\">\n<div scxw137887315=\"\" paraid=\"1942924519\" paraeid=\"{59c1049a-4f7d-4c81-a761-a8de73496044}{235}\">\n<span data-contrast=\"auto\" scxw137887315=\"\" xml:lang=\"PT-BR\">A Turma \u00e9 fo<\/span><span data-contrast=\"auto\" scxw137887315=\"\" xml:lang=\"PT-BR\">r<\/span><span data-contrast=\"auto\" scxw137887315=\"\" xml:lang=\"PT-BR\">mada<\/span><span data-contrast=\"auto\" scxw137887315=\"\" xml:lang=\"PT-BR\">\u00a0pelos desembargadores federais\u00a0<\/span><span data-contrast=\"auto\" scxw137887315=\"\" xml:lang=\"PT-BR\"><span scxw137887315=\"\">Toru<\/span><\/span><span data-contrast=\"auto\" scxw137887315=\"\" xml:lang=\"PT-BR\">\u00a0Yamamoto, Paulo Domingues (presidente), Carlos Delgado e In\u00eas Virg\u00ednia.<\/span>\u00a0<\/div>\n<\/div>\n<div ltr=\"\" scxw137887315=\"\">\n<div scxw137887315=\"\" paraid=\"1496468737\" paraeid=\"{59c1049a-4f7d-4c81-a761-a8de73496044}{251}\">\n<span data-contrast=\"auto\" scxw137887315=\"\" xml:lang=\"PT-BR\">A pr\u00f3xima sess\u00e3o de julgamento ser\u00e1 realizada no dia\u00a0<\/span><span data-contrast=\"auto\" scxw137887315=\"\" xml:lang=\"PT-BR\">8<\/span><span data-contrast=\"auto\" scxw137887315=\"\" xml:lang=\"PT-BR\">\u00a0de\u00a0<\/span><span data-contrast=\"auto\" scxw137887315=\"\" xml:lang=\"PT-BR\">junh<\/span><span data-contrast=\"auto\" scxw137887315=\"\" xml:lang=\"PT-BR\">o, tamb\u00e9m na modalidade virtual.<\/span>\u00a0<\/div>\n<\/div>\n<div ltr=\"\" scxw137887315=\"\">\n<div scxw137887315=\"\" paraid=\"883016682\" paraeid=\"{58d70b18-017f-434a-b7d6-d54e8e91f1fa}{10}\">\u00a0<\/div>\n<div scxw137887315=\"\" paraid=\"883016682\" paraeid=\"{58d70b18-017f-434a-b7d6-d54e8e91f1fa}{10}\"><strong><span data-contrast=\"auto\" macchromebold=\"\" scxw137887315=\"\" xml:lang=\"PT-BR\">D\u00e9cima Turma<\/span>\u00a0<\/strong><\/div>\n<\/div>\n<div ltr=\"\" scxw137887315=\"\">\n<div scxw137887315=\"\" paraid=\"1571910268\" paraeid=\"{58d70b18-017f-434a-b7d6-d54e8e91f1fa}{16}\">\n<span data-contrast=\"auto\" scxw137887315=\"\" xml:lang=\"PT-BR\">No dia 19 de maio, a D\u00e9cima Turma julgou 452 de 458 processos pautados.\u00a0<\/span><span data-contrast=\"auto\" scxw137887315=\"\" xml:lang=\"PT-BR\">No dia\u00a0<\/span><span data-contrast=\"auto\" scxw137887315=\"\" xml:lang=\"PT-BR\">26<\/span><span data-contrast=\"auto\" scxw137887315=\"\" xml:lang=\"PT-BR\">\u00a0de maio,\u00a0<\/span><span data-contrast=\"auto\" scxw137887315=\"\" xml:lang=\"PT-BR\">o colegiado<\/span><span data-contrast=\"auto\" scxw137887315=\"\" xml:lang=\"PT-BR\">\u00a0julgou\u00a0<\/span><span data-contrast=\"auto\" scxw137887315=\"\" xml:lang=\"PT-BR\">503<\/span><span data-contrast=\"auto\" scxw137887315=\"\" xml:lang=\"PT-BR\">\u00a0de\u00a0<\/span><span data-contrast=\"auto\" scxw137887315=\"\" xml:lang=\"PT-BR\">510<\/span><span data-contrast=\"auto\" scxw137887315=\"\" xml:lang=\"PT-BR\">\u00a0processos pautados<\/span><span data-contrast=\"auto\" scxw137887315=\"\" xml:lang=\"PT-BR\">\u00a0e um levado em mesa<\/span><span data-contrast=\"auto\" scxw137887315=\"\" xml:lang=\"PT-BR\">, em sess\u00e3o de julgamento\u00a0<\/span><span data-contrast=\"auto\" scxw137887315=\"\" xml:lang=\"PT-BR\">virtual.<\/span>\u00a0<\/div>\n<\/div>\n<div ltr=\"\" scxw137887315=\"\">\n<div scxw137887315=\"\" paraid=\"1505014440\" paraeid=\"{58d70b18-017f-434a-b7d6-d54e8e91f1fa}{49}\">\n<span data-contrast=\"auto\" scxw137887315=\"\" xml:lang=\"PT-BR\">O colegiado<\/span><span data-contrast=\"auto\" scxw137887315=\"\" xml:lang=\"PT-BR\">\u00a0\u00e9\u00a0<\/span><span data-contrast=\"auto\" scxw137887315=\"\" xml:lang=\"PT-BR\">formado<\/span><span data-contrast=\"auto\" scxw137887315=\"\" xml:lang=\"PT-BR\">\u00a0pelos desembargadores\u00a0<\/span><span data-contrast=\"auto\" scxw137887315=\"\" xml:lang=\"PT-BR\">federais Baptista<\/span><span data-contrast=\"auto\" scxw137887315=\"\" xml:lang=\"PT-BR\">\u00a0Pereira (presidente), S\u00e9rgio Nascimento, Lucia\u00a0<\/span><span data-contrast=\"auto\" scxw137887315=\"\" xml:lang=\"PT-BR\"><span scxw137887315=\"\">Ursaia<\/span><\/span><span data-contrast=\"auto\" scxw137887315=\"\" xml:lang=\"PT-BR\">\u00a0e Nelson Porfirio<\/span><span data-contrast=\"auto\" scxw137887315=\"\" xml:lang=\"PT-BR\">\u00a0e<\/span><span data-contrast=\"auto\" scxw137887315=\"\" xml:lang=\"PT-BR\">\u00a0aprecia mat\u00e9rias relacionadas \u00e0 Previd\u00eancia e Assist\u00eancia Social.<\/span>\u00a0<\/div>\n<\/div>\n<div ltr=\"\" scxw137887315=\"\">\n<div scxw137887315=\"\" paraid=\"1995189541\" paraeid=\"{58d70b18-017f-434a-b7d6-d54e8e91f1fa}{73}\">\n<span data-contrast=\"auto\" scxw137887315=\"\" xml:lang=\"PT-BR\">A pr\u00f3xima sess\u00e3o de julgamento da D\u00e9cima Turma ocorre no dia\u00a0<\/span><span data-contrast=\"auto\" scxw137887315=\"\" xml:lang=\"PT-BR\">9<\/span><span data-contrast=\"auto\" scxw137887315=\"\" xml:lang=\"PT-BR\">\u00a0de\u00a0<\/span><span data-contrast=\"auto\" scxw137887315=\"\" xml:lang=\"PT-BR\">junho<\/span><span data-contrast=\"auto\" scxw137887315=\"\" xml:lang=\"PT-BR\">, na modalidade virtual.<\/span>\u00a0<\/div>\n<\/div>\n<div ltr=\"\" scxw137887315=\"\">\n<div scxw137887315=\"\" paraid=\"589532373\" paraeid=\"{58d70b18-017f-434a-b7d6-d54e8e91f1fa}{87}\">\u00a0<\/div>\n<div scxw137887315=\"\" paraid=\"589532373\" paraeid=\"{58d70b18-017f-434a-b7d6-d54e8e91f1fa}{87}\">\n<strong><span data-contrast=\"auto\" macchromebold=\"\" scxw137887315=\"\" xml:lang=\"PT-BR\">D\u00e9cima Primeira Turma<\/span><\/strong>\u00a0<\/div>\n<\/div>\n<div ltr=\"\" scxw137887315=\"\">\n<div scxw137887315=\"\" paraid=\"1979409175\" paraeid=\"{58d70b18-017f-434a-b7d6-d54e8e91f1fa}{93}\">\n<span data-contrast=\"auto\" scxw137887315=\"\" xml:lang=\"PT-BR\">No dia\u00a0<\/span><span data-contrast=\"auto\" scxw137887315=\"\" xml:lang=\"PT-BR\">28<\/span><span data-contrast=\"auto\" scxw137887315=\"\" xml:lang=\"PT-BR\">\u00a0de maio, a D\u00e9cima Primeira Turma julgou\u00a0<\/span><span data-contrast=\"auto\" scxw137887315=\"\" xml:lang=\"PT-BR\">86 de 89 processos eletr\u00f4nicos e 89 de 90<\/span><span data-contrast=\"auto\" scxw137887315=\"\" xml:lang=\"PT-BR\">\u00a0processos\u00a0<\/span><span data-contrast=\"auto\" scxw137887315=\"\" xml:lang=\"PT-BR\">f\u00edsicos pautados<\/span><span data-contrast=\"auto\" scxw137887315=\"\" xml:lang=\"PT-BR\">, em sess\u00e3o de julgamento virtual.\u00a0<\/span><span data-contrast=\"auto\" scxw137887315=\"\" xml:lang=\"PT-BR\">Na ocasi\u00e3o, foram realizadas 14 sustenta\u00e7\u00f5es orais por videoconfer\u00eancia com advogados de S\u00e3o Paulo, Mato Grosso do Sul, Minas Gerais e Santa Catarina.\u00a0<\/span>\u00a0<\/div>\n<\/div>\n<div ltr=\"\" scxw137887315=\"\">\n<div scxw137887315=\"\" paraid=\"83261285\" paraeid=\"{58d70b18-017f-434a-b7d6-d54e8e91f1fa}{113}\">\n<span data-contrast=\"auto\" scxw137887315=\"\" xml:lang=\"PT-BR\">O colegiado \u00e9 composto pelos desembargadores federais Nino Toldo (presidente), Fausto De\u00a0<\/span><span data-contrast=\"auto\" scxw137887315=\"\" xml:lang=\"PT-BR\"><span scxw137887315=\"\">Sanctis<\/span><\/span><span data-contrast=\"auto\" scxw137887315=\"\" xml:lang=\"PT-BR\">\u00a0e Jos\u00e9\u00a0<\/span><span data-contrast=\"auto\" scxw137887315=\"\" xml:lang=\"PT-BR\"><span scxw137887315=\"\">Lunardelli<\/span><\/span><span data-contrast=\"auto\" scxw137887315=\"\" xml:lang=\"PT-BR\">\u00a0e julga mat\u00e9rias criminais.<\/span>\u00a0<\/div>\n<\/div>\n<div ltr=\"\" scxw137887315=\"\">\n<div scxw137887315=\"\" paraid=\"1826436789\" paraeid=\"{58d70b18-017f-434a-b7d6-d54e8e91f1fa}{127}\">\n<span data-contrast=\"auto\" scxw137887315=\"\" xml:lang=\"PT-BR\">A pr\u00f3xima sess\u00e3o de julgamento da D\u00e9cima Primeira Turma ser\u00e1 realizada no dia\u00a0<\/span><span data-contrast=\"auto\" scxw137887315=\"\" xml:lang=\"PT-BR\">4<\/span><span data-contrast=\"auto\" scxw137887315=\"\" xml:lang=\"PT-BR\">\u00a0de\u00a0<\/span><span data-contrast=\"auto\" scxw137887315=\"\" xml:lang=\"PT-BR\">junho<\/span><span data-contrast=\"auto\" scxw137887315=\"\" xml:lang=\"PT-BR\">, na modalidade virtua<\/span><span data-contrast=\"auto\" scxw137887315=\"\" xml:lang=\"PT-BR\">l, sem sustenta\u00e7\u00f5es orais. A pr\u00f3xima sess\u00e3o com sustenta\u00e7\u00e3o oral\u00a0<\/span><span data-contrast=\"auto\" scxw137887315=\"\" xml:lang=\"PT-BR\">do colegiado\u00a0<\/span><span data-contrast=\"auto\" scxw137887315=\"\" xml:lang=\"PT-BR\">ocorrer\u00e1 no dia 25 de junho.\u00a0<\/span>\u00a0<\/div>\n<div scxw137887315=\"\" paraid=\"1826436789\" paraeid=\"{58d70b18-017f-434a-b7d6-d54e8e91f1fa}{127}\">\u00a0<\/div>\n<div scxw137887315=\"\" paraid=\"1826436789\" paraeid=\"{58d70b18-017f-434a-b7d6-d54e8e91f1fa}{127}\">\n<strong><span data-contrast=\"auto\" macchromebold=\"\" scxw137887315=\"\" xml:lang=\"PT-BR\">Terceira Se\u00e7\u00e3o<\/span><\/strong>\u00a0<\/div>\n<\/div>\n<div ltr=\"\" scxw137887315=\"\">\n<div scxw137887315=\"\" paraid=\"1442893528\" paraeid=\"{58d70b18-017f-434a-b7d6-d54e8e91f1fa}{153}\">\n<span data-contrast=\"auto\" scxw137887315=\"\" xml:lang=\"PT-BR\">Com 51 itens na pauta, a Terceira Se\u00e7\u00e3o julgou 43 processos de forma virtual no dia 28 de maio.<\/span>\u00a0<\/div>\n<\/div>\n<div ltr=\"\" scxw137887315=\"\">\n<div scxw137887315=\"\" paraid=\"2059976849\" paraeid=\"{58d70b18-017f-434a-b7d6-d54e8e91f1fa}{159}\">\n<span data-contrast=\"auto\" scxw137887315=\"\" xml:lang=\"PT-BR\">A pr\u00f3xima sess\u00e3o de julgamento eletr\u00f4nica da Terceira Se\u00e7\u00e3o ser\u00e1 realizada no dia 25 de junho, com videoconfer\u00eancia nos processos com sustenta\u00e7\u00f5es orais.\u00a0<\/span>\u00a0<\/div>\n<\/div>\n<div ltr=\"\" scxw137887315=\"\">\n<div scxw137887315=\"\" paraid=\"663218624\" paraeid=\"{58d70b18-017f-434a-b7d6-d54e8e91f1fa}{165}\">\u00a0<\/div>\n<div scxw137887315=\"\" paraid=\"663218624\" paraeid=\"{58d70b18-017f-434a-b7d6-d54e8e91f1fa}{165}\"><strong><span data-contrast=\"auto\" macchromebold=\"\" scxw137887315=\"\" xml:lang=\"PT-BR\">Conselhos<\/span>\u00a0<\/strong><\/div>\n<\/div>\n<div ltr=\"\" scxw137887315=\"\">\n<div scxw137887315=\"\" paraid=\"1228533692\" paraeid=\"{58d70b18-017f-434a-b7d6-d54e8e91f1fa}{169}\">\n<span data-contrast=\"auto\" scxw137887315=\"\" xml:lang=\"PT-BR\">Em sess\u00e3o realizada no dia\u00a0<\/span><span data-contrast=\"auto\" scxw137887315=\"\" xml:lang=\"PT-BR\">18<\/span><span data-contrast=\"auto\" scxw137887315=\"\" xml:lang=\"PT-BR\">\u00a0de maio, o Conselho\u00a0<\/span><span data-contrast=\"auto\" scxw137887315=\"\" xml:lang=\"PT-BR\">de Administra\u00e7\u00e3o\u00a0<\/span><span data-contrast=\"auto\" scxw137887315=\"\" xml:lang=\"PT-BR\">da Justi\u00e7a Federal da 3\u00aa Regi\u00e3o julgou\u00a0<\/span><span data-contrast=\"auto\" scxw137887315=\"\" xml:lang=\"PT-BR\">8<\/span><span data-contrast=\"auto\" scxw137887315=\"\" xml:lang=\"PT-BR\">\u00a0de 9<\/span><span data-contrast=\"auto\" scxw137887315=\"\" xml:lang=\"PT-BR\">\u00a0processos que estavam na pauta. A pr\u00f3xima sess\u00e3o do Conselho est\u00e1 agendada para o dia\u00a0<\/span><span data-contrast=\"auto\" scxw137887315=\"\" xml:lang=\"PT-BR\">15<\/span><span data-contrast=\"auto\" scxw137887315=\"\" xml:lang=\"PT-BR\">\u00a0de\u00a0<\/span><span data-contrast=\"auto\" scxw137887315=\"\" xml:lang=\"PT-BR\">junho<\/span><span data-contrast=\"auto\" scxw137887315=\"\" xml:lang=\"PT-BR\">.<\/span>\u00a0<\/div>\n<\/div>\n<div ltr=\"\" scxw137887315=\"\">\n<div scxw137887315=\"\" paraid=\"793515458\" paraeid=\"{58d70b18-017f-434a-b7d6-d54e8e91f1fa}{195}\">\u00a0<\/div>\n<div scxw137887315=\"\" paraid=\"793515458\" paraeid=\"{58d70b18-017f-434a-b7d6-d54e8e91f1fa}{195}\">\n<span data-contrast=\"auto\" scxw137887315=\"\" xml:lang=\"PT-BR\">O Conselho da Justi\u00e7a Federal da 3\u00aa Regi\u00e3o realizou sess\u00e3o no dia 26 de maio. Os 17 processos pautados foram julgados. A pr\u00f3xima sess\u00e3o ocorre no dia 4 de junho.\u00a0<\/span>\u00a0<\/div>\n<\/div>\n<div ltr=\"\" scxw137887315=\"\">\n<div scxw137887315=\"\" paraid=\"1730831961\" paraeid=\"{58d70b18-017f-434a-b7d6-d54e8e91f1fa}{201}\"><strong>\u00a0<\/strong><\/div>\n<\/div>\n<div ltr=\"\" scxw137887315=\"\">\n<div scxw137887315=\"\" paraid=\"648101537\" paraeid=\"{58d70b18-017f-434a-b7d6-d54e8e91f1fa}{205}\"><strong><span data-contrast=\"auto\" macchromebold=\"\" scxw137887315=\"\" xml:lang=\"PT-BR\">\u00d3rg\u00e3o Especial<\/span>\u00a0<\/strong><\/div>\n<\/div>\n<div ltr=\"\" scxw137887315=\"\">\n<div scxw137887315=\"\" paraid=\"21791226\" paraeid=\"{58d70b18-017f-434a-b7d6-d54e8e91f1fa}{211}\">\n<span data-contrast=\"auto\" scxw137887315=\"\" xml:lang=\"PT-BR\">O \u00d3rg\u00e3o Especial do TRF3\u00a0<\/span><span data-contrast=\"auto\" scxw137887315=\"\" xml:lang=\"PT-BR\">realizou sess\u00e3o administrativa no dia 27 de maio.\u00a0<\/span><span data-contrast=\"auto\" scxw137887315=\"\" xml:lang=\"PT-BR\">Na\u00a0<\/span><span data-contrast=\"auto\" scxw137887315=\"\" xml:lang=\"PT-BR\">ocasi\u00e3o, foi dada ci\u00eancia das atas das reuni\u00f5es do Comit\u00ea Estrat\u00e9gico e\u00a0<\/span><span data-contrast=\"auto\" scxw137887315=\"\" xml:lang=\"PT-BR\">referendado<\/span><span data-contrast=\"auto\" scxw137887315=\"\" xml:lang=\"PT-BR\">\u00a0um<\/span><span data-contrast=\"auto\" scxw137887315=\"\" xml:lang=\"PT-BR\">\u00a0ato.<\/span>\u00a0<\/div>\n<\/div>\n<div ltr=\"\" scxw137887315=\"\">\n<div scxw137887315=\"\" paraid=\"1213977853\" paraeid=\"{58d70b18-017f-434a-b7d6-d54e8e91f1fa}{229}\">\n<span data-contrast=\"auto\" scxw137887315=\"\" xml:lang=\"PT-BR\">O colegiado \u00e9 constitu\u00eddo de 18 desembargadores federais: o presidente do TRF3; o vice-presidente, o corregedor-regional e mais quinze desembargadores.\u00a0<\/span><span data-contrast=\"auto\" scxw137887315=\"\" xml:lang=\"PT-BR\">Metade das vagas s\u00e3o<\/span><span data-contrast=\"auto\" scxw137887315=\"\" xml:lang=\"PT-BR\">\u00a0providas por antiguidade e o restante<\/span><span data-contrast=\"auto\" scxw137887315=\"\" xml:lang=\"PT-BR\">,<\/span><span data-contrast=\"auto\" scxw137887315=\"\" xml:lang=\"PT-BR\">\u00a0por elei\u00e7\u00e3o pelo plen\u00e1rio.<\/span>\u00a0<\/div>\n<\/div>\n<div ltr=\"\" scxw137887315=\"\">\n<div scxw137887315=\"\" paraid=\"486934224\" paraeid=\"{58d70b18-017f-434a-b7d6-d54e8e91f1fa}{243}\">\n<span data-contrast=\"auto\" scxw137887315=\"\" xml:lang=\"PT-BR\">A pr\u00f3xima sess\u00e3o do \u00d3rg\u00e3o Especial ocorre no dia\u00a0<\/span><span data-contrast=\"auto\" scxw137887315=\"\" xml:lang=\"PT-BR\">10<\/span><span data-contrast=\"auto\" scxw137887315=\"\" xml:lang=\"PT-BR\">\u00a0de\u00a0<\/span><span data-contrast=\"auto\" scxw137887315=\"\" xml:lang=\"PT-BR\">junho<\/span><span data-contrast=\"auto\" scxw137887315=\"\" xml:lang=\"PT-BR\">.<\/span>\u00a0<\/div>\n<\/div>\n<div ltr=\"\" scxw137887315=\"\">\n<div scxw137887315=\"\" paraid=\"75976514\" paraeid=\"{da2ccbad-01a5-4848-97bb-4ae895c32b1a}{2}\">\n<span data-contrast=\"auto\" scxw137887315=\"\" xml:lang=\"PT-BR\">Para a pr\u00f3xima semana, est\u00e3o agendadas sess\u00f5es de julgamento virtual da\u00a0<\/span><span data-contrast=\"auto\" scxw137887315=\"\" xml:lang=\"PT-BR\">Quinta, S\u00e9tima e\u00a0<\/span><span data-contrast=\"auto\" scxw137887315=\"\" xml:lang=\"PT-BR\">Oitava Turma (<\/span><span data-contrast=\"auto\" scxw137887315=\"\" xml:lang=\"PT-BR\">8<\/span><span data-contrast=\"auto\" scxw137887315=\"\" xml:lang=\"PT-BR\">\/6); da\u00a0<\/span><span data-contrast=\"auto\" scxw137887315=\"\" xml:lang=\"PT-BR\">Primeira,\u00a0<\/span><span data-contrast=\"auto\" scxw137887315=\"\" xml:lang=\"PT-BR\">Segunda<\/span><span data-contrast=\"auto\" scxw137887315=\"\" xml:lang=\"PT-BR\">, Quarta e D\u00e9cima Turma\u00a0<\/span><span data-contrast=\"auto\" scxw137887315=\"\" xml:lang=\"PT-BR\">(<\/span><span data-contrast=\"auto\" scxw137887315=\"\" xml:lang=\"PT-BR\">9<\/span><span data-contrast=\"auto\" scxw137887315=\"\" xml:lang=\"PT-BR\">\/6);\u00a0<\/span><span data-contrast=\"auto\" scxw137887315=\"\" xml:lang=\"PT-BR\">e do \u00d3rg\u00e3o Especial\u00a0<\/span><span data-contrast=\"auto\" scxw137887315=\"\" xml:lang=\"PT-BR\">(<\/span><span data-contrast=\"auto\" scxw137887315=\"\" xml:lang=\"PT-BR\">10<\/span><span data-contrast=\"auto\" scxw137887315=\"\" xml:lang=\"PT-BR\">\/6)<\/span><span data-contrast=\"auto\" scxw137887315=\"\" xml:lang=\"PT-BR\">.\u00a0<\/span>\u00a0<\/div>\n<\/div>\n<div ltr=\"\" scxw137887315=\"\">\n<div scxw137887315=\"\" paraid=\"137273360\" paraeid=\"{da2ccbad-01a5-4848-97bb-4ae895c32b1a}{38}\">\u00a0<\/div>\n<div scxw137887315=\"\" paraid=\"137273360\" paraeid=\"{da2ccbad-01a5-4848-97bb-4ae895c32b1a}{38}\">\n<span data-contrast=\"auto\" scxw137887315=\"\" xml:lang=\"PT-BR\">Clique\u00a0<\/span><span data-contrast=\"auto\" underlined=\"\" scxw137887315=\"\" xml:lang=\"PT-BR\"><span scxw137887315=\"\"><a href=\"https:\/\/www.trf3.jus.br\/documentos\/seju\/Datas_das_Sessoes_de_Julgamento\/2020\/Calendario_Geral_1o_semestre_de_2020.pdf\" target=\"_blank\" rel=\"noreferrer noopener\">aqui<\/a>\u00a0<\/span><\/span><span data-contrast=\"auto\" scxw137887315=\"\" xml:lang=\"PT-BR\">para acessar o calend\u00e1rio das sess\u00f5es de julgamento das Turmas e Se\u00e7\u00f5es do TRF3.<\/span>\u00a0<\/div>\n<\/div>\n<div ltr=\"\" scxw137887315=\"\">\n<div scxw137887315=\"\" paraid=\"1795816569\" paraeid=\"{da2ccbad-01a5-4848-97bb-4ae895c32b1a}{49}\">\u00a0<\/div>\n<div scxw137887315=\"\" paraid=\"1795816569\" paraeid=\"{da2ccbad-01a5-4848-97bb-4ae895c32b1a}{49}\"><span data-contrast=\"auto\" scxw137887315=\"\" xml:lang=\"PT-BR\"><\/span><\/div>\n<\/div>\n<\/div>\n<p><i>Com informa\u00e7\u00f5es da assessoria de imprensa do TRF3.<\/i><br \/>\n<br \/><a href=\"http:\/\/web.trf3.jus.br\/noticias\/Noticias\/Noticia\/Exibir\/395457\">Fonte<\/a><br \/>\n<br \/><\/p>\n","protected":false},"excerpt":{"rendered":"<p>Como medida de preven\u00e7\u00e3o ao novo\u00a0coronav\u00edrus, julgamentos programados para ocorrer na modalidade presencial foram realizados de forma\u00a0eletr\u00f4nica\u00a0 \u00a0 Oito Turmas, uma Se\u00e7\u00e3o e\u00a0dois Conselhos\u00a0do Tribunal Regional Federal da 3\u00aa Regi\u00e3o (TRF3) julgaram 4.640\u00a0processos em sess\u00f5es virtuais do sistema Processo Judicial Eletr\u00f4nico (PJe)\u00a0e do Sistema de Acompanhamento Processual (Siapro), entre os dias 18\u00a0e\u00a029\u00a0de maio. Como medida [&hellip;]<\/p>\n","protected":false},"author":3063,"featured_media":2779,"comment_status":"open","ping_status":"open","sticky":false,"template":"","format":"standard","meta":{"footnotes":""},"categories":[5,110],"tags":[11,10,8,13,9,12,152],"class_list":{"0":"post-7222","1":"post","2":"type-post","3":"status-publish","4":"format-standard","5":"has-post-thumbnail","7":"category-previdenciario","8":"category-trf3","9":"tag-aposentadoria","10":"tag-calculos-previdenciarios","11":"tag-direito-previdenciario","12":"tag-inss","13":"tag-pericia","14":"tag-perito","15":"tag-trf3"},"yoast_head":"<!-- This site is optimized with the Yoast SEO plugin v27.2 - https:\/\/yoast.com\/product\/yoast-seo-wordpress\/ -->\n<title>TRF3: TRIBUNAL&nbsp;JULGA 4.640 PROCESSOS DE 18 A 29 DE MAIO | Portal de Not\u00edcias<\/title>\n<meta name=\"robots\" content=\"index, follow, max-snippet:-1, max-image-preview:large, max-video-preview:-1\" \/>\n<link rel=\"canonical\" href=\"https:\/\/mhcalculos.com.br\/noticias\/area\/previdenciario\/trf3-tribunal-julga-4-640-processos-de-18-a-29-de-maio.html\" \/>\n<meta property=\"og:locale\" content=\"pt_BR\" \/>\n<meta property=\"og:type\" content=\"article\" \/>\n<meta property=\"og:title\" content=\"TRF3: TRIBUNAL&nbsp;JULGA 4.640 PROCESSOS DE 18 A 29 DE MAIO | Portal de Not\u00edcias\" \/>\n<meta property=\"og:description\" content=\"Como medida de preven\u00e7\u00e3o ao novo\u00a0coronav\u00edrus, julgamentos programados para ocorrer na modalidade presencial foram realizados de forma\u00a0eletr\u00f4nica\u00a0 \u00a0 Oito Turmas, uma Se\u00e7\u00e3o e\u00a0dois Conselhos\u00a0do Tribunal Regional Federal da 3\u00aa Regi\u00e3o (TRF3) julgaram 4.640\u00a0processos em sess\u00f5es virtuais do sistema Processo Judicial Eletr\u00f4nico (PJe)\u00a0e do Sistema de Acompanhamento Processual (Siapro), entre os dias 18\u00a0e\u00a029\u00a0de maio. Como medida [&hellip;]\" \/>\n<meta property=\"og:url\" content=\"https:\/\/mhcalculos.com.br\/noticias\/area\/previdenciario\/trf3-tribunal-julga-4-640-processos-de-18-a-29-de-maio.html\" \/>\n<meta property=\"og:site_name\" content=\"Portal de Not\u00edcias\" \/>\n<meta property=\"article:published_time\" content=\"2020-06-04T22:05:07+00:00\" \/>\n<meta property=\"article:modified_time\" content=\"2021-07-28T17:29:38+00:00\" \/>\n<meta property=\"og:image\" content=\"https:\/\/mhcalculos.com.br\/noticias\/wp-content\/uploads\/sites\/2\/2018\/08\/judiciario-0009.jpg\" \/>\n\t<meta property=\"og:image:width\" content=\"2000\" \/>\n\t<meta property=\"og:image:height\" content=\"800\" \/>\n\t<meta property=\"og:image:type\" content=\"image\/jpeg\" \/>\n<meta name=\"author\" content=\"Equipe MH\" \/>\n<meta name=\"twitter:card\" content=\"summary_large_image\" \/>\n<meta name=\"twitter:label1\" content=\"Escrito por\" \/>\n\t<meta name=\"twitter:data1\" content=\"Equipe MH\" \/>\n\t<meta name=\"twitter:label2\" content=\"Est. tempo de leitura\" \/>\n\t<meta name=\"twitter:data2\" content=\"6 minutos\" \/>\n<script type=\"application\/ld+json\" class=\"yoast-schema-graph\">{\"@context\":\"https:\/\/schema.org\",\"@graph\":[{\"@type\":\"Article\",\"@id\":\"https:\/\/mhcalculos.com.br\/noticias\/area\/previdenciario\/trf3-tribunal-julga-4-640-processos-de-18-a-29-de-maio.html#article\",\"isPartOf\":{\"@id\":\"https:\/\/mhcalculos.com.br\/noticias\/area\/previdenciario\/trf3-tribunal-julga-4-640-processos-de-18-a-29-de-maio.html\"},\"author\":{\"name\":\"Equipe MH\",\"@id\":\"https:\/\/mhcalculos.com.br\/noticias\/#\/schema\/person\/88d1c34bf72dc779ea14a5a6b8e0ae8d\"},\"headline\":\"TRF3: TRIBUNAL&nbsp;JULGA 4.640 PROCESSOS DE 18 A 29 DE MAIO\",\"datePublished\":\"2020-06-04T22:05:07+00:00\",\"dateModified\":\"2021-07-28T17:29:38+00:00\",\"mainEntityOfPage\":{\"@id\":\"https:\/\/mhcalculos.com.br\/noticias\/area\/previdenciario\/trf3-tribunal-julga-4-640-processos-de-18-a-29-de-maio.html\"},\"wordCount\":1177,\"commentCount\":0,\"image\":{\"@id\":\"https:\/\/mhcalculos.com.br\/noticias\/area\/previdenciario\/trf3-tribunal-julga-4-640-processos-de-18-a-29-de-maio.html#primaryimage\"},\"thumbnailUrl\":\"https:\/\/mhcalculos.com.br\/noticias\/wp-content\/uploads\/sites\/2\/2018\/08\/judiciario-0009.jpg\",\"keywords\":[\"aposentadoria\",\"c\u00e1lculos previdenci\u00e1rios\",\"direito previdenci\u00e1rio\",\"inss\",\"per\u00edcia\",\"perito\",\"trf3\"],\"articleSection\":[\"Direito Previdenci\u00e1rio\",\"TRF3\"],\"inLanguage\":\"pt-BR\",\"potentialAction\":[{\"@type\":\"CommentAction\",\"name\":\"Comment\",\"target\":[\"https:\/\/mhcalculos.com.br\/noticias\/area\/previdenciario\/trf3-tribunal-julga-4-640-processos-de-18-a-29-de-maio.html#respond\"]}]},{\"@type\":\"WebPage\",\"@id\":\"https:\/\/mhcalculos.com.br\/noticias\/area\/previdenciario\/trf3-tribunal-julga-4-640-processos-de-18-a-29-de-maio.html\",\"url\":\"https:\/\/mhcalculos.com.br\/noticias\/area\/previdenciario\/trf3-tribunal-julga-4-640-processos-de-18-a-29-de-maio.html\",\"name\":\"TRF3: TRIBUNAL&nbsp;JULGA 4.640 PROCESSOS DE 18 A 29 DE MAIO | Portal de Not\u00edcias\",\"isPartOf\":{\"@id\":\"https:\/\/mhcalculos.com.br\/noticias\/#website\"},\"primaryImageOfPage\":{\"@id\":\"https:\/\/mhcalculos.com.br\/noticias\/area\/previdenciario\/trf3-tribunal-julga-4-640-processos-de-18-a-29-de-maio.html#primaryimage\"},\"image\":{\"@id\":\"https:\/\/mhcalculos.com.br\/noticias\/area\/previdenciario\/trf3-tribunal-julga-4-640-processos-de-18-a-29-de-maio.html#primaryimage\"},\"thumbnailUrl\":\"https:\/\/mhcalculos.com.br\/noticias\/wp-content\/uploads\/sites\/2\/2018\/08\/judiciario-0009.jpg\",\"datePublished\":\"2020-06-04T22:05:07+00:00\",\"dateModified\":\"2021-07-28T17:29:38+00:00\",\"author\":{\"@id\":\"https:\/\/mhcalculos.com.br\/noticias\/#\/schema\/person\/88d1c34bf72dc779ea14a5a6b8e0ae8d\"},\"breadcrumb\":{\"@id\":\"https:\/\/mhcalculos.com.br\/noticias\/area\/previdenciario\/trf3-tribunal-julga-4-640-processos-de-18-a-29-de-maio.html#breadcrumb\"},\"inLanguage\":\"pt-BR\",\"potentialAction\":[{\"@type\":\"ReadAction\",\"target\":[\"https:\/\/mhcalculos.com.br\/noticias\/area\/previdenciario\/trf3-tribunal-julga-4-640-processos-de-18-a-29-de-maio.html\"]}]},{\"@type\":\"ImageObject\",\"inLanguage\":\"pt-BR\",\"@id\":\"https:\/\/mhcalculos.com.br\/noticias\/area\/previdenciario\/trf3-tribunal-julga-4-640-processos-de-18-a-29-de-maio.html#primaryimage\",\"url\":\"https:\/\/mhcalculos.com.br\/noticias\/wp-content\/uploads\/sites\/2\/2018\/08\/judiciario-0009.jpg\",\"contentUrl\":\"https:\/\/mhcalculos.com.br\/noticias\/wp-content\/uploads\/sites\/2\/2018\/08\/judiciario-0009.jpg\",\"width\":2000,\"height\":800},{\"@type\":\"BreadcrumbList\",\"@id\":\"https:\/\/mhcalculos.com.br\/noticias\/area\/previdenciario\/trf3-tribunal-julga-4-640-processos-de-18-a-29-de-maio.html#breadcrumb\",\"itemListElement\":[{\"@type\":\"ListItem\",\"position\":1,\"name\":\"In\u00edcio\",\"item\":\"https:\/\/mhcalculos.com.br\/noticias\/\"},{\"@type\":\"ListItem\",\"position\":2,\"name\":\"TRF3: TRIBUNAL&nbsp;JULGA 4.640 PROCESSOS DE 18 A 29 DE MAIO\"}]},{\"@type\":\"WebSite\",\"@id\":\"https:\/\/mhcalculos.com.br\/noticias\/#website\",\"url\":\"https:\/\/mhcalculos.com.br\/noticias\/\",\"name\":\"Portal de Not\u00edcias\",\"description\":\"Not\u00edcias e Jurisprud\u00eancia\",\"potentialAction\":[{\"@type\":\"SearchAction\",\"target\":{\"@type\":\"EntryPoint\",\"urlTemplate\":\"https:\/\/mhcalculos.com.br\/noticias\/?s={search_term_string}\"},\"query-input\":{\"@type\":\"PropertyValueSpecification\",\"valueRequired\":true,\"valueName\":\"search_term_string\"}}],\"inLanguage\":\"pt-BR\"},{\"@type\":\"Person\",\"@id\":\"https:\/\/mhcalculos.com.br\/noticias\/#\/schema\/person\/88d1c34bf72dc779ea14a5a6b8e0ae8d\",\"name\":\"Equipe MH\",\"image\":{\"@type\":\"ImageObject\",\"inLanguage\":\"pt-BR\",\"@id\":\"https:\/\/secure.gravatar.com\/avatar\/de1c686c2ecc9c5a3f327e3431d819eb39f8f05d4e1045f5a1caad6daaba987f?s=96&d=mm&r=g\",\"url\":\"https:\/\/secure.gravatar.com\/avatar\/de1c686c2ecc9c5a3f327e3431d819eb39f8f05d4e1045f5a1caad6daaba987f?s=96&d=mm&r=g\",\"contentUrl\":\"https:\/\/secure.gravatar.com\/avatar\/de1c686c2ecc9c5a3f327e3431d819eb39f8f05d4e1045f5a1caad6daaba987f?s=96&d=mm&r=g\",\"caption\":\"Equipe MH\"}}]}<\/script>\n<!-- \/ Yoast SEO plugin. -->","yoast_head_json":{"title":"TRF3: TRIBUNAL&nbsp;JULGA 4.640 PROCESSOS DE 18 A 29 DE MAIO | Portal de Not\u00edcias","robots":{"index":"index","follow":"follow","max-snippet":"max-snippet:-1","max-image-preview":"max-image-preview:large","max-video-preview":"max-video-preview:-1"},"canonical":"https:\/\/mhcalculos.com.br\/noticias\/area\/previdenciario\/trf3-tribunal-julga-4-640-processos-de-18-a-29-de-maio.html","og_locale":"pt_BR","og_type":"article","og_title":"TRF3: TRIBUNAL&nbsp;JULGA 4.640 PROCESSOS DE 18 A 29 DE MAIO | Portal de Not\u00edcias","og_description":"Como medida de preven\u00e7\u00e3o ao novo\u00a0coronav\u00edrus, julgamentos programados para ocorrer na modalidade presencial foram realizados de forma\u00a0eletr\u00f4nica\u00a0 \u00a0 Oito Turmas, uma Se\u00e7\u00e3o e\u00a0dois Conselhos\u00a0do Tribunal Regional Federal da 3\u00aa Regi\u00e3o (TRF3) julgaram 4.640\u00a0processos em sess\u00f5es virtuais do sistema Processo Judicial Eletr\u00f4nico (PJe)\u00a0e do Sistema de Acompanhamento Processual (Siapro), entre os dias 18\u00a0e\u00a029\u00a0de maio. Como medida [&hellip;]","og_url":"https:\/\/mhcalculos.com.br\/noticias\/area\/previdenciario\/trf3-tribunal-julga-4-640-processos-de-18-a-29-de-maio.html","og_site_name":"Portal de Not\u00edcias","article_published_time":"2020-06-04T22:05:07+00:00","article_modified_time":"2021-07-28T17:29:38+00:00","og_image":[{"width":2000,"height":800,"url":"https:\/\/mhcalculos.com.br\/noticias\/wp-content\/uploads\/sites\/2\/2018\/08\/judiciario-0009.jpg","type":"image\/jpeg"}],"author":"Equipe MH","twitter_card":"summary_large_image","twitter_misc":{"Escrito por":"Equipe MH","Est. tempo de leitura":"6 minutos"},"schema":{"@context":"https:\/\/schema.org","@graph":[{"@type":"Article","@id":"https:\/\/mhcalculos.com.br\/noticias\/area\/previdenciario\/trf3-tribunal-julga-4-640-processos-de-18-a-29-de-maio.html#article","isPartOf":{"@id":"https:\/\/mhcalculos.com.br\/noticias\/area\/previdenciario\/trf3-tribunal-julga-4-640-processos-de-18-a-29-de-maio.html"},"author":{"name":"Equipe MH","@id":"https:\/\/mhcalculos.com.br\/noticias\/#\/schema\/person\/88d1c34bf72dc779ea14a5a6b8e0ae8d"},"headline":"TRF3: TRIBUNAL&nbsp;JULGA 4.640 PROCESSOS DE 18 A 29 DE MAIO","datePublished":"2020-06-04T22:05:07+00:00","dateModified":"2021-07-28T17:29:38+00:00","mainEntityOfPage":{"@id":"https:\/\/mhcalculos.com.br\/noticias\/area\/previdenciario\/trf3-tribunal-julga-4-640-processos-de-18-a-29-de-maio.html"},"wordCount":1177,"commentCount":0,"image":{"@id":"https:\/\/mhcalculos.com.br\/noticias\/area\/previdenciario\/trf3-tribunal-julga-4-640-processos-de-18-a-29-de-maio.html#primaryimage"},"thumbnailUrl":"https:\/\/mhcalculos.com.br\/noticias\/wp-content\/uploads\/sites\/2\/2018\/08\/judiciario-0009.jpg","keywords":["aposentadoria","c\u00e1lculos previdenci\u00e1rios","direito previdenci\u00e1rio","inss","per\u00edcia","perito","trf3"],"articleSection":["Direito Previdenci\u00e1rio","TRF3"],"inLanguage":"pt-BR","potentialAction":[{"@type":"CommentAction","name":"Comment","target":["https:\/\/mhcalculos.com.br\/noticias\/area\/previdenciario\/trf3-tribunal-julga-4-640-processos-de-18-a-29-de-maio.html#respond"]}]},{"@type":"WebPage","@id":"https:\/\/mhcalculos.com.br\/noticias\/area\/previdenciario\/trf3-tribunal-julga-4-640-processos-de-18-a-29-de-maio.html","url":"https:\/\/mhcalculos.com.br\/noticias\/area\/previdenciario\/trf3-tribunal-julga-4-640-processos-de-18-a-29-de-maio.html","name":"TRF3: TRIBUNAL&nbsp;JULGA 4.640 PROCESSOS DE 18 A 29 DE MAIO | Portal de Not\u00edcias","isPartOf":{"@id":"https:\/\/mhcalculos.com.br\/noticias\/#website"},"primaryImageOfPage":{"@id":"https:\/\/mhcalculos.com.br\/noticias\/area\/previdenciario\/trf3-tribunal-julga-4-640-processos-de-18-a-29-de-maio.html#primaryimage"},"image":{"@id":"https:\/\/mhcalculos.com.br\/noticias\/area\/previdenciario\/trf3-tribunal-julga-4-640-processos-de-18-a-29-de-maio.html#primaryimage"},"thumbnailUrl":"https:\/\/mhcalculos.com.br\/noticias\/wp-content\/uploads\/sites\/2\/2018\/08\/judiciario-0009.jpg","datePublished":"2020-06-04T22:05:07+00:00","dateModified":"2021-07-28T17:29:38+00:00","author":{"@id":"https:\/\/mhcalculos.com.br\/noticias\/#\/schema\/person\/88d1c34bf72dc779ea14a5a6b8e0ae8d"},"breadcrumb":{"@id":"https:\/\/mhcalculos.com.br\/noticias\/area\/previdenciario\/trf3-tribunal-julga-4-640-processos-de-18-a-29-de-maio.html#breadcrumb"},"inLanguage":"pt-BR","potentialAction":[{"@type":"ReadAction","target":["https:\/\/mhcalculos.com.br\/noticias\/area\/previdenciario\/trf3-tribunal-julga-4-640-processos-de-18-a-29-de-maio.html"]}]},{"@type":"ImageObject","inLanguage":"pt-BR","@id":"https:\/\/mhcalculos.com.br\/noticias\/area\/previdenciario\/trf3-tribunal-julga-4-640-processos-de-18-a-29-de-maio.html#primaryimage","url":"https:\/\/mhcalculos.com.br\/noticias\/wp-content\/uploads\/sites\/2\/2018\/08\/judiciario-0009.jpg","contentUrl":"https:\/\/mhcalculos.com.br\/noticias\/wp-content\/uploads\/sites\/2\/2018\/08\/judiciario-0009.jpg","width":2000,"height":800},{"@type":"BreadcrumbList","@id":"https:\/\/mhcalculos.com.br\/noticias\/area\/previdenciario\/trf3-tribunal-julga-4-640-processos-de-18-a-29-de-maio.html#breadcrumb","itemListElement":[{"@type":"ListItem","position":1,"name":"In\u00edcio","item":"https:\/\/mhcalculos.com.br\/noticias\/"},{"@type":"ListItem","position":2,"name":"TRF3: TRIBUNAL&nbsp;JULGA 4.640 PROCESSOS DE 18 A 29 DE MAIO"}]},{"@type":"WebSite","@id":"https:\/\/mhcalculos.com.br\/noticias\/#website","url":"https:\/\/mhcalculos.com.br\/noticias\/","name":"Portal de Not\u00edcias","description":"Not\u00edcias e Jurisprud\u00eancia","potentialAction":[{"@type":"SearchAction","target":{"@type":"EntryPoint","urlTemplate":"https:\/\/mhcalculos.com.br\/noticias\/?s={search_term_string}"},"query-input":{"@type":"PropertyValueSpecification","valueRequired":true,"valueName":"search_term_string"}}],"inLanguage":"pt-BR"},{"@type":"Person","@id":"https:\/\/mhcalculos.com.br\/noticias\/#\/schema\/person\/88d1c34bf72dc779ea14a5a6b8e0ae8d","name":"Equipe MH","image":{"@type":"ImageObject","inLanguage":"pt-BR","@id":"https:\/\/secure.gravatar.com\/avatar\/de1c686c2ecc9c5a3f327e3431d819eb39f8f05d4e1045f5a1caad6daaba987f?s=96&d=mm&r=g","url":"https:\/\/secure.gravatar.com\/avatar\/de1c686c2ecc9c5a3f327e3431d819eb39f8f05d4e1045f5a1caad6daaba987f?s=96&d=mm&r=g","contentUrl":"https:\/\/secure.gravatar.com\/avatar\/de1c686c2ecc9c5a3f327e3431d819eb39f8f05d4e1045f5a1caad6daaba987f?s=96&d=mm&r=g","caption":"Equipe MH"}}]}},"_links":{"self":[{"href":"https:\/\/mhcalculos.com.br\/noticias\/wp-json\/wp\/v2\/posts\/7222","targetHints":{"allow":["GET"]}}],"collection":[{"href":"https:\/\/mhcalculos.com.br\/noticias\/wp-json\/wp\/v2\/posts"}],"about":[{"href":"https:\/\/mhcalculos.com.br\/noticias\/wp-json\/wp\/v2\/types\/post"}],"author":[{"embeddable":true,"href":"https:\/\/mhcalculos.com.br\/noticias\/wp-json\/wp\/v2\/users\/3063"}],"replies":[{"embeddable":true,"href":"https:\/\/mhcalculos.com.br\/noticias\/wp-json\/wp\/v2\/comments?post=7222"}],"version-history":[{"count":1,"href":"https:\/\/mhcalculos.com.br\/noticias\/wp-json\/wp\/v2\/posts\/7222\/revisions"}],"predecessor-version":[{"id":9125,"href":"https:\/\/mhcalculos.com.br\/noticias\/wp-json\/wp\/v2\/posts\/7222\/revisions\/9125"}],"wp:featuredmedia":[{"embeddable":true,"href":"https:\/\/mhcalculos.com.br\/noticias\/wp-json\/wp\/v2\/media\/2779"}],"wp:attachment":[{"href":"https:\/\/mhcalculos.com.br\/noticias\/wp-json\/wp\/v2\/media?parent=7222"}],"wp:term":[{"taxonomy":"category","embeddable":true,"href":"https:\/\/mhcalculos.com.br\/noticias\/wp-json\/wp\/v2\/categories?post=7222"},{"taxonomy":"post_tag","embeddable":true,"href":"https:\/\/mhcalculos.com.br\/noticias\/wp-json\/wp\/v2\/tags?post=7222"}],"curies":[{"name":"wp","href":"https:\/\/api.w.org\/{rel}","templated":true}]}}