{"id":7169,"date":"2020-05-20T13:05:18","date_gmt":"2020-05-20T16:05:18","guid":{"rendered":"https:\/\/mhcalculos.com.br\/noticias\/area\/previdenciario\/trf3-nao-incide-imposto-de-renda-sobre-verbas-decorrentes-de-indenizacao-em-programa-de-demissao-voluntaria.html"},"modified":"2021-07-28T14:29:45","modified_gmt":"2021-07-28T17:29:45","slug":"trf3-nao-incide-imposto-de-renda-sobre-verbas-decorrentes-de-indenizacao-em-programa-de-demissao-voluntaria","status":"publish","type":"post","link":"https:\/\/mhcalculos.com.br\/noticias\/area\/previdenciario\/trf3-nao-incide-imposto-de-renda-sobre-verbas-decorrentes-de-indenizacao-em-programa-de-demissao-voluntaria.html","title":{"rendered":"TRF3: N\u00c3O INCIDE IMPOSTO DE RENDA SOBRE VERBAS DECORRENTES DE INDENIZA\u00c7\u00c3O EM PROGRAMA DE DEMISS\u00c3O VOLUNT\u00c1RIA"},"content":{"rendered":"\n<div class=\"mat\">\n<p><em>\u00a0Para magistrado, valores recebidos por ex-funcion\u00e1rio t\u00eam car\u00e1ter indenizat\u00f3rio e visam reparar preju\u00edzo de quem aderir ao plano<\/em><\/p>\n<p>O desembargador federal Johonsom di Salvo, da Sexta Turma do Tribunal Regional Federal da 3\u00aa Regi\u00e3o (TRF3), negou recurso de apela\u00e7\u00e3o da Uni\u00e3o e decidiu que n\u00e3o incide imposto de renda sobre verbas recebidas por ex-funcion\u00e1rio de uma ind\u00fastria qu\u00edmica, em raz\u00e3o de ades\u00e3o a programa de demiss\u00e3o volunt\u00e1ria (PDV). A decis\u00e3o foi proferida em mandado de seguran\u00e7a. <\/p>\n<p>Para o magistrado, na rescis\u00e3o do contrato de trabalho, as verbas que se revistam de car\u00e1ter indenizat\u00f3rio est\u00e3o isentas da incid\u00eancia do imposto sobre a renda. &#8220;Indenizar significa compensar, reparar; a indeniza\u00e7\u00e3o, desse modo, pressup\u00f5e a ocorr\u00eancia de preju\u00edzo e visa recompor o patrim\u00f4nio da pessoa atingida&#8221;, explicou. <\/p>\n<p>De acordo com as informa\u00e7\u00f5es do processo, o ex-funcion\u00e1rio foi demitido de uma empresa qu\u00edmica e recebeu as verbas previstas na legisla\u00e7\u00e3o trabalhista. Como incentivo ao seu desligamento e ades\u00e3o ao PDV, foi paga ao ex-empregado uma indeniza\u00e7\u00e3o especial no valor de R$ 89.410,00, sobre o qual foi descontado o imposto de renda de R$ 23.718,39. O pagamento e o desconto do tributo foram comprovados por meio de Instrumento de Transa\u00e7\u00e3o e Quita\u00e7\u00e3o do Contrato de Trabalho. <\/p>\n<p>Ap\u00f3s o ex-funcion\u00e1rio impetrar o mandado de seguran\u00e7a, o ju\u00edzo de primeira inst\u00e2ncia declarou que era ilegal a cobran\u00e7a de imposto de renda sobre a verba indenizat\u00f3ria realizada pela Delegacia da Receita Federal de Pessoas F\u00edsicas em S\u00e3o Paulo. A Uni\u00e3o recorreu da decis\u00e3o ao TRF3. <\/p>\n<p>Ao manter a senten\u00e7a, o desembargador federal relator ressaltou que a gratifica\u00e7\u00e3o recebida a t\u00edtulo devido de rescis\u00e3o contratual \u00e9 isenta da incid\u00eancia do imposto de renda, conforme a legisla\u00e7\u00e3o trabalhista e tribut\u00e1ria. <\/p>\n<p>Por fim, o magistrado pontuou que o Superior Tribunal de Justi\u00e7a (STJ) j\u00e1 pacificou entendimento a respeito da mat\u00e9ria. Conforme a S\u00famula n\u00ba 215, \u201ca indeniza\u00e7\u00e3o recebida pela ades\u00e3o a programa de incentivo \u00e0 demiss\u00e3o volunt\u00e1ria n\u00e3o est\u00e1 sujeita \u00e0 incid\u00eancia do imposto de renda&#8221;. <\/p>\n<p>Apela\u00e7\u00e3o Reexame Necess\u00e1rio n\u00ba 5005760-86.2019.4.03.6100 <\/p>\n<\/div>\n<p><i>Com informa\u00e7\u00f5es da assessoria de imprensa do TRF3.<\/i><br \/>\n<br \/><a href=\"http:\/\/web.trf3.jus.br\/noticias\/Noticias\/Noticia\/Exibir\/395084\">Fonte<\/a><br \/>\n<br \/><\/p>\n","protected":false},"excerpt":{"rendered":"<p>\u00a0Para magistrado, valores recebidos por ex-funcion\u00e1rio t\u00eam car\u00e1ter indenizat\u00f3rio e visam reparar preju\u00edzo de quem aderir ao plano O desembargador federal Johonsom di Salvo, da Sexta Turma do Tribunal Regional Federal da 3\u00aa Regi\u00e3o (TRF3), negou recurso de apela\u00e7\u00e3o da Uni\u00e3o e decidiu que n\u00e3o incide imposto de renda sobre verbas recebidas por ex-funcion\u00e1rio de [&hellip;]<\/p>\n","protected":false},"author":3063,"featured_media":2336,"comment_status":"open","ping_status":"open","sticky":false,"template":"","format":"standard","meta":{"footnotes":""},"categories":[5,110],"tags":[32,31,42,30,29,213,9,152,218,214],"class_list":{"0":"post-7169","1":"post","2":"type-post","3":"status-publish","4":"format-standard","5":"has-post-thumbnail","7":"category-previdenciario","8":"category-trf3","9":"tag-calculos-judiciais","10":"tag-calculos-tributarios","11":"tag-direito-tributario","12":"tag-divida-ativa","13":"tag-fazenda-publica","14":"tag-imposto","15":"tag-pericia","16":"tag-trf3","17":"tag-tribunal-regional-federal","18":"tag-tributo"},"yoast_head":"<!-- This site is optimized with the Yoast SEO plugin v27.2 - https:\/\/yoast.com\/product\/yoast-seo-wordpress\/ -->\n<title>TRF3: N\u00c3O INCIDE IMPOSTO DE RENDA SOBRE VERBAS DECORRENTES DE INDENIZA\u00c7\u00c3O EM PROGRAMA DE DEMISS\u00c3O VOLUNT\u00c1RIA | Portal de Not\u00edcias<\/title>\n<meta name=\"robots\" content=\"index, follow, max-snippet:-1, max-image-preview:large, max-video-preview:-1\" \/>\n<link rel=\"canonical\" href=\"https:\/\/mhcalculos.com.br\/noticias\/area\/previdenciario\/trf3-nao-incide-imposto-de-renda-sobre-verbas-decorrentes-de-indenizacao-em-programa-de-demissao-voluntaria.html\" \/>\n<meta property=\"og:locale\" content=\"pt_BR\" \/>\n<meta property=\"og:type\" content=\"article\" \/>\n<meta property=\"og:title\" content=\"TRF3: N\u00c3O INCIDE IMPOSTO DE RENDA SOBRE VERBAS DECORRENTES DE INDENIZA\u00c7\u00c3O EM PROGRAMA DE DEMISS\u00c3O VOLUNT\u00c1RIA | Portal de Not\u00edcias\" \/>\n<meta property=\"og:description\" content=\"\u00a0Para magistrado, valores recebidos por ex-funcion\u00e1rio t\u00eam car\u00e1ter indenizat\u00f3rio e visam reparar preju\u00edzo de quem aderir ao plano O desembargador federal Johonsom di Salvo, da Sexta Turma do Tribunal Regional Federal da 3\u00aa Regi\u00e3o (TRF3), negou recurso de apela\u00e7\u00e3o da Uni\u00e3o e decidiu que n\u00e3o incide imposto de renda sobre verbas recebidas por ex-funcion\u00e1rio de [&hellip;]\" \/>\n<meta property=\"og:url\" content=\"https:\/\/mhcalculos.com.br\/noticias\/area\/previdenciario\/trf3-nao-incide-imposto-de-renda-sobre-verbas-decorrentes-de-indenizacao-em-programa-de-demissao-voluntaria.html\" \/>\n<meta property=\"og:site_name\" content=\"Portal de Not\u00edcias\" \/>\n<meta property=\"article:published_time\" content=\"2020-05-20T16:05:18+00:00\" \/>\n<meta property=\"article:modified_time\" content=\"2021-07-28T17:29:45+00:00\" \/>\n<meta property=\"og:image\" content=\"https:\/\/mhcalculos.com.br\/noticias\/wp-content\/uploads\/sites\/2\/2018\/06\/tributario-0047.jpg\" \/>\n\t<meta property=\"og:image:width\" content=\"2000\" \/>\n\t<meta property=\"og:image:height\" content=\"800\" \/>\n\t<meta property=\"og:image:type\" content=\"image\/jpeg\" \/>\n<meta name=\"author\" content=\"Equipe MH\" \/>\n<meta name=\"twitter:card\" content=\"summary_large_image\" \/>\n<meta name=\"twitter:label1\" content=\"Escrito por\" \/>\n\t<meta name=\"twitter:data1\" content=\"Equipe MH\" \/>\n\t<meta name=\"twitter:label2\" content=\"Est. tempo de leitura\" \/>\n\t<meta name=\"twitter:data2\" content=\"2 minutos\" \/>\n<script type=\"application\/ld+json\" class=\"yoast-schema-graph\">{\"@context\":\"https:\/\/schema.org\",\"@graph\":[{\"@type\":\"Article\",\"@id\":\"https:\/\/mhcalculos.com.br\/noticias\/area\/previdenciario\/trf3-nao-incide-imposto-de-renda-sobre-verbas-decorrentes-de-indenizacao-em-programa-de-demissao-voluntaria.html#article\",\"isPartOf\":{\"@id\":\"https:\/\/mhcalculos.com.br\/noticias\/area\/previdenciario\/trf3-nao-incide-imposto-de-renda-sobre-verbas-decorrentes-de-indenizacao-em-programa-de-demissao-voluntaria.html\"},\"author\":{\"name\":\"Equipe MH\",\"@id\":\"https:\/\/mhcalculos.com.br\/noticias\/#\/schema\/person\/88d1c34bf72dc779ea14a5a6b8e0ae8d\"},\"headline\":\"TRF3: N\u00c3O INCIDE IMPOSTO DE RENDA SOBRE VERBAS DECORRENTES DE INDENIZA\u00c7\u00c3O EM PROGRAMA DE DEMISS\u00c3O VOLUNT\u00c1RIA\",\"datePublished\":\"2020-05-20T16:05:18+00:00\",\"dateModified\":\"2021-07-28T17:29:45+00:00\",\"mainEntityOfPage\":{\"@id\":\"https:\/\/mhcalculos.com.br\/noticias\/area\/previdenciario\/trf3-nao-incide-imposto-de-renda-sobre-verbas-decorrentes-de-indenizacao-em-programa-de-demissao-voluntaria.html\"},\"wordCount\":420,\"commentCount\":0,\"image\":{\"@id\":\"https:\/\/mhcalculos.com.br\/noticias\/area\/previdenciario\/trf3-nao-incide-imposto-de-renda-sobre-verbas-decorrentes-de-indenizacao-em-programa-de-demissao-voluntaria.html#primaryimage\"},\"thumbnailUrl\":\"https:\/\/mhcalculos.com.br\/noticias\/wp-content\/uploads\/sites\/2\/2018\/06\/tributario-0047.jpg\",\"keywords\":[\"c\u00e1lculos judiciais\",\"c\u00e1lculos tribut\u00e1rios\",\"direito tribut\u00e1rio\",\"d\u00edvida ativa\",\"fazenda p\u00fablica\",\"Imposto\",\"per\u00edcia\",\"trf3\",\"Tribunal Regional Federal\",\"tributo\"],\"articleSection\":[\"Direito Previdenci\u00e1rio\",\"TRF3\"],\"inLanguage\":\"pt-BR\",\"potentialAction\":[{\"@type\":\"CommentAction\",\"name\":\"Comment\",\"target\":[\"https:\/\/mhcalculos.com.br\/noticias\/area\/previdenciario\/trf3-nao-incide-imposto-de-renda-sobre-verbas-decorrentes-de-indenizacao-em-programa-de-demissao-voluntaria.html#respond\"]}]},{\"@type\":\"WebPage\",\"@id\":\"https:\/\/mhcalculos.com.br\/noticias\/area\/previdenciario\/trf3-nao-incide-imposto-de-renda-sobre-verbas-decorrentes-de-indenizacao-em-programa-de-demissao-voluntaria.html\",\"url\":\"https:\/\/mhcalculos.com.br\/noticias\/area\/previdenciario\/trf3-nao-incide-imposto-de-renda-sobre-verbas-decorrentes-de-indenizacao-em-programa-de-demissao-voluntaria.html\",\"name\":\"TRF3: N\u00c3O INCIDE IMPOSTO DE RENDA SOBRE VERBAS DECORRENTES DE INDENIZA\u00c7\u00c3O EM PROGRAMA DE DEMISS\u00c3O VOLUNT\u00c1RIA | Portal de Not\u00edcias\",\"isPartOf\":{\"@id\":\"https:\/\/mhcalculos.com.br\/noticias\/#website\"},\"primaryImageOfPage\":{\"@id\":\"https:\/\/mhcalculos.com.br\/noticias\/area\/previdenciario\/trf3-nao-incide-imposto-de-renda-sobre-verbas-decorrentes-de-indenizacao-em-programa-de-demissao-voluntaria.html#primaryimage\"},\"image\":{\"@id\":\"https:\/\/mhcalculos.com.br\/noticias\/area\/previdenciario\/trf3-nao-incide-imposto-de-renda-sobre-verbas-decorrentes-de-indenizacao-em-programa-de-demissao-voluntaria.html#primaryimage\"},\"thumbnailUrl\":\"https:\/\/mhcalculos.com.br\/noticias\/wp-content\/uploads\/sites\/2\/2018\/06\/tributario-0047.jpg\",\"datePublished\":\"2020-05-20T16:05:18+00:00\",\"dateModified\":\"2021-07-28T17:29:45+00:00\",\"author\":{\"@id\":\"https:\/\/mhcalculos.com.br\/noticias\/#\/schema\/person\/88d1c34bf72dc779ea14a5a6b8e0ae8d\"},\"breadcrumb\":{\"@id\":\"https:\/\/mhcalculos.com.br\/noticias\/area\/previdenciario\/trf3-nao-incide-imposto-de-renda-sobre-verbas-decorrentes-de-indenizacao-em-programa-de-demissao-voluntaria.html#breadcrumb\"},\"inLanguage\":\"pt-BR\",\"potentialAction\":[{\"@type\":\"ReadAction\",\"target\":[\"https:\/\/mhcalculos.com.br\/noticias\/area\/previdenciario\/trf3-nao-incide-imposto-de-renda-sobre-verbas-decorrentes-de-indenizacao-em-programa-de-demissao-voluntaria.html\"]}]},{\"@type\":\"ImageObject\",\"inLanguage\":\"pt-BR\",\"@id\":\"https:\/\/mhcalculos.com.br\/noticias\/area\/previdenciario\/trf3-nao-incide-imposto-de-renda-sobre-verbas-decorrentes-de-indenizacao-em-programa-de-demissao-voluntaria.html#primaryimage\",\"url\":\"https:\/\/mhcalculos.com.br\/noticias\/wp-content\/uploads\/sites\/2\/2018\/06\/tributario-0047.jpg\",\"contentUrl\":\"https:\/\/mhcalculos.com.br\/noticias\/wp-content\/uploads\/sites\/2\/2018\/06\/tributario-0047.jpg\",\"width\":2000,\"height\":800},{\"@type\":\"BreadcrumbList\",\"@id\":\"https:\/\/mhcalculos.com.br\/noticias\/area\/previdenciario\/trf3-nao-incide-imposto-de-renda-sobre-verbas-decorrentes-de-indenizacao-em-programa-de-demissao-voluntaria.html#breadcrumb\",\"itemListElement\":[{\"@type\":\"ListItem\",\"position\":1,\"name\":\"In\u00edcio\",\"item\":\"https:\/\/mhcalculos.com.br\/noticias\/\"},{\"@type\":\"ListItem\",\"position\":2,\"name\":\"TRF3: N\u00c3O INCIDE IMPOSTO DE RENDA SOBRE VERBAS DECORRENTES DE INDENIZA\u00c7\u00c3O EM PROGRAMA DE DEMISS\u00c3O VOLUNT\u00c1RIA\"}]},{\"@type\":\"WebSite\",\"@id\":\"https:\/\/mhcalculos.com.br\/noticias\/#website\",\"url\":\"https:\/\/mhcalculos.com.br\/noticias\/\",\"name\":\"Portal de Not\u00edcias\",\"description\":\"Not\u00edcias e Jurisprud\u00eancia\",\"potentialAction\":[{\"@type\":\"SearchAction\",\"target\":{\"@type\":\"EntryPoint\",\"urlTemplate\":\"https:\/\/mhcalculos.com.br\/noticias\/?s={search_term_string}\"},\"query-input\":{\"@type\":\"PropertyValueSpecification\",\"valueRequired\":true,\"valueName\":\"search_term_string\"}}],\"inLanguage\":\"pt-BR\"},{\"@type\":\"Person\",\"@id\":\"https:\/\/mhcalculos.com.br\/noticias\/#\/schema\/person\/88d1c34bf72dc779ea14a5a6b8e0ae8d\",\"name\":\"Equipe MH\",\"image\":{\"@type\":\"ImageObject\",\"inLanguage\":\"pt-BR\",\"@id\":\"https:\/\/secure.gravatar.com\/avatar\/de1c686c2ecc9c5a3f327e3431d819eb39f8f05d4e1045f5a1caad6daaba987f?s=96&d=mm&r=g\",\"url\":\"https:\/\/secure.gravatar.com\/avatar\/de1c686c2ecc9c5a3f327e3431d819eb39f8f05d4e1045f5a1caad6daaba987f?s=96&d=mm&r=g\",\"contentUrl\":\"https:\/\/secure.gravatar.com\/avatar\/de1c686c2ecc9c5a3f327e3431d819eb39f8f05d4e1045f5a1caad6daaba987f?s=96&d=mm&r=g\",\"caption\":\"Equipe MH\"}}]}<\/script>\n<!-- \/ Yoast SEO plugin. -->","yoast_head_json":{"title":"TRF3: N\u00c3O INCIDE IMPOSTO DE RENDA SOBRE VERBAS DECORRENTES DE INDENIZA\u00c7\u00c3O EM PROGRAMA DE DEMISS\u00c3O VOLUNT\u00c1RIA | Portal de Not\u00edcias","robots":{"index":"index","follow":"follow","max-snippet":"max-snippet:-1","max-image-preview":"max-image-preview:large","max-video-preview":"max-video-preview:-1"},"canonical":"https:\/\/mhcalculos.com.br\/noticias\/area\/previdenciario\/trf3-nao-incide-imposto-de-renda-sobre-verbas-decorrentes-de-indenizacao-em-programa-de-demissao-voluntaria.html","og_locale":"pt_BR","og_type":"article","og_title":"TRF3: N\u00c3O INCIDE IMPOSTO DE RENDA SOBRE VERBAS DECORRENTES DE INDENIZA\u00c7\u00c3O EM PROGRAMA DE DEMISS\u00c3O VOLUNT\u00c1RIA | Portal de Not\u00edcias","og_description":"\u00a0Para magistrado, valores recebidos por ex-funcion\u00e1rio t\u00eam car\u00e1ter indenizat\u00f3rio e visam reparar preju\u00edzo de quem aderir ao plano O desembargador federal Johonsom di Salvo, da Sexta Turma do Tribunal Regional Federal da 3\u00aa Regi\u00e3o (TRF3), negou recurso de apela\u00e7\u00e3o da Uni\u00e3o e decidiu que n\u00e3o incide imposto de renda sobre verbas recebidas por ex-funcion\u00e1rio de [&hellip;]","og_url":"https:\/\/mhcalculos.com.br\/noticias\/area\/previdenciario\/trf3-nao-incide-imposto-de-renda-sobre-verbas-decorrentes-de-indenizacao-em-programa-de-demissao-voluntaria.html","og_site_name":"Portal de Not\u00edcias","article_published_time":"2020-05-20T16:05:18+00:00","article_modified_time":"2021-07-28T17:29:45+00:00","og_image":[{"width":2000,"height":800,"url":"https:\/\/mhcalculos.com.br\/noticias\/wp-content\/uploads\/sites\/2\/2018\/06\/tributario-0047.jpg","type":"image\/jpeg"}],"author":"Equipe MH","twitter_card":"summary_large_image","twitter_misc":{"Escrito por":"Equipe MH","Est. tempo de leitura":"2 minutos"},"schema":{"@context":"https:\/\/schema.org","@graph":[{"@type":"Article","@id":"https:\/\/mhcalculos.com.br\/noticias\/area\/previdenciario\/trf3-nao-incide-imposto-de-renda-sobre-verbas-decorrentes-de-indenizacao-em-programa-de-demissao-voluntaria.html#article","isPartOf":{"@id":"https:\/\/mhcalculos.com.br\/noticias\/area\/previdenciario\/trf3-nao-incide-imposto-de-renda-sobre-verbas-decorrentes-de-indenizacao-em-programa-de-demissao-voluntaria.html"},"author":{"name":"Equipe MH","@id":"https:\/\/mhcalculos.com.br\/noticias\/#\/schema\/person\/88d1c34bf72dc779ea14a5a6b8e0ae8d"},"headline":"TRF3: N\u00c3O INCIDE IMPOSTO DE RENDA SOBRE VERBAS DECORRENTES DE INDENIZA\u00c7\u00c3O EM PROGRAMA DE DEMISS\u00c3O VOLUNT\u00c1RIA","datePublished":"2020-05-20T16:05:18+00:00","dateModified":"2021-07-28T17:29:45+00:00","mainEntityOfPage":{"@id":"https:\/\/mhcalculos.com.br\/noticias\/area\/previdenciario\/trf3-nao-incide-imposto-de-renda-sobre-verbas-decorrentes-de-indenizacao-em-programa-de-demissao-voluntaria.html"},"wordCount":420,"commentCount":0,"image":{"@id":"https:\/\/mhcalculos.com.br\/noticias\/area\/previdenciario\/trf3-nao-incide-imposto-de-renda-sobre-verbas-decorrentes-de-indenizacao-em-programa-de-demissao-voluntaria.html#primaryimage"},"thumbnailUrl":"https:\/\/mhcalculos.com.br\/noticias\/wp-content\/uploads\/sites\/2\/2018\/06\/tributario-0047.jpg","keywords":["c\u00e1lculos judiciais","c\u00e1lculos tribut\u00e1rios","direito tribut\u00e1rio","d\u00edvida ativa","fazenda p\u00fablica","Imposto","per\u00edcia","trf3","Tribunal Regional Federal","tributo"],"articleSection":["Direito Previdenci\u00e1rio","TRF3"],"inLanguage":"pt-BR","potentialAction":[{"@type":"CommentAction","name":"Comment","target":["https:\/\/mhcalculos.com.br\/noticias\/area\/previdenciario\/trf3-nao-incide-imposto-de-renda-sobre-verbas-decorrentes-de-indenizacao-em-programa-de-demissao-voluntaria.html#respond"]}]},{"@type":"WebPage","@id":"https:\/\/mhcalculos.com.br\/noticias\/area\/previdenciario\/trf3-nao-incide-imposto-de-renda-sobre-verbas-decorrentes-de-indenizacao-em-programa-de-demissao-voluntaria.html","url":"https:\/\/mhcalculos.com.br\/noticias\/area\/previdenciario\/trf3-nao-incide-imposto-de-renda-sobre-verbas-decorrentes-de-indenizacao-em-programa-de-demissao-voluntaria.html","name":"TRF3: N\u00c3O INCIDE IMPOSTO DE RENDA SOBRE VERBAS DECORRENTES DE INDENIZA\u00c7\u00c3O EM PROGRAMA DE DEMISS\u00c3O VOLUNT\u00c1RIA | Portal de Not\u00edcias","isPartOf":{"@id":"https:\/\/mhcalculos.com.br\/noticias\/#website"},"primaryImageOfPage":{"@id":"https:\/\/mhcalculos.com.br\/noticias\/area\/previdenciario\/trf3-nao-incide-imposto-de-renda-sobre-verbas-decorrentes-de-indenizacao-em-programa-de-demissao-voluntaria.html#primaryimage"},"image":{"@id":"https:\/\/mhcalculos.com.br\/noticias\/area\/previdenciario\/trf3-nao-incide-imposto-de-renda-sobre-verbas-decorrentes-de-indenizacao-em-programa-de-demissao-voluntaria.html#primaryimage"},"thumbnailUrl":"https:\/\/mhcalculos.com.br\/noticias\/wp-content\/uploads\/sites\/2\/2018\/06\/tributario-0047.jpg","datePublished":"2020-05-20T16:05:18+00:00","dateModified":"2021-07-28T17:29:45+00:00","author":{"@id":"https:\/\/mhcalculos.com.br\/noticias\/#\/schema\/person\/88d1c34bf72dc779ea14a5a6b8e0ae8d"},"breadcrumb":{"@id":"https:\/\/mhcalculos.com.br\/noticias\/area\/previdenciario\/trf3-nao-incide-imposto-de-renda-sobre-verbas-decorrentes-de-indenizacao-em-programa-de-demissao-voluntaria.html#breadcrumb"},"inLanguage":"pt-BR","potentialAction":[{"@type":"ReadAction","target":["https:\/\/mhcalculos.com.br\/noticias\/area\/previdenciario\/trf3-nao-incide-imposto-de-renda-sobre-verbas-decorrentes-de-indenizacao-em-programa-de-demissao-voluntaria.html"]}]},{"@type":"ImageObject","inLanguage":"pt-BR","@id":"https:\/\/mhcalculos.com.br\/noticias\/area\/previdenciario\/trf3-nao-incide-imposto-de-renda-sobre-verbas-decorrentes-de-indenizacao-em-programa-de-demissao-voluntaria.html#primaryimage","url":"https:\/\/mhcalculos.com.br\/noticias\/wp-content\/uploads\/sites\/2\/2018\/06\/tributario-0047.jpg","contentUrl":"https:\/\/mhcalculos.com.br\/noticias\/wp-content\/uploads\/sites\/2\/2018\/06\/tributario-0047.jpg","width":2000,"height":800},{"@type":"BreadcrumbList","@id":"https:\/\/mhcalculos.com.br\/noticias\/area\/previdenciario\/trf3-nao-incide-imposto-de-renda-sobre-verbas-decorrentes-de-indenizacao-em-programa-de-demissao-voluntaria.html#breadcrumb","itemListElement":[{"@type":"ListItem","position":1,"name":"In\u00edcio","item":"https:\/\/mhcalculos.com.br\/noticias\/"},{"@type":"ListItem","position":2,"name":"TRF3: N\u00c3O INCIDE IMPOSTO DE RENDA SOBRE VERBAS DECORRENTES DE INDENIZA\u00c7\u00c3O EM PROGRAMA DE DEMISS\u00c3O VOLUNT\u00c1RIA"}]},{"@type":"WebSite","@id":"https:\/\/mhcalculos.com.br\/noticias\/#website","url":"https:\/\/mhcalculos.com.br\/noticias\/","name":"Portal de Not\u00edcias","description":"Not\u00edcias e Jurisprud\u00eancia","potentialAction":[{"@type":"SearchAction","target":{"@type":"EntryPoint","urlTemplate":"https:\/\/mhcalculos.com.br\/noticias\/?s={search_term_string}"},"query-input":{"@type":"PropertyValueSpecification","valueRequired":true,"valueName":"search_term_string"}}],"inLanguage":"pt-BR"},{"@type":"Person","@id":"https:\/\/mhcalculos.com.br\/noticias\/#\/schema\/person\/88d1c34bf72dc779ea14a5a6b8e0ae8d","name":"Equipe MH","image":{"@type":"ImageObject","inLanguage":"pt-BR","@id":"https:\/\/secure.gravatar.com\/avatar\/de1c686c2ecc9c5a3f327e3431d819eb39f8f05d4e1045f5a1caad6daaba987f?s=96&d=mm&r=g","url":"https:\/\/secure.gravatar.com\/avatar\/de1c686c2ecc9c5a3f327e3431d819eb39f8f05d4e1045f5a1caad6daaba987f?s=96&d=mm&r=g","contentUrl":"https:\/\/secure.gravatar.com\/avatar\/de1c686c2ecc9c5a3f327e3431d819eb39f8f05d4e1045f5a1caad6daaba987f?s=96&d=mm&r=g","caption":"Equipe MH"}}]}},"_links":{"self":[{"href":"https:\/\/mhcalculos.com.br\/noticias\/wp-json\/wp\/v2\/posts\/7169","targetHints":{"allow":["GET"]}}],"collection":[{"href":"https:\/\/mhcalculos.com.br\/noticias\/wp-json\/wp\/v2\/posts"}],"about":[{"href":"https:\/\/mhcalculos.com.br\/noticias\/wp-json\/wp\/v2\/types\/post"}],"author":[{"embeddable":true,"href":"https:\/\/mhcalculos.com.br\/noticias\/wp-json\/wp\/v2\/users\/3063"}],"replies":[{"embeddable":true,"href":"https:\/\/mhcalculos.com.br\/noticias\/wp-json\/wp\/v2\/comments?post=7169"}],"version-history":[{"count":1,"href":"https:\/\/mhcalculos.com.br\/noticias\/wp-json\/wp\/v2\/posts\/7169\/revisions"}],"predecessor-version":[{"id":9169,"href":"https:\/\/mhcalculos.com.br\/noticias\/wp-json\/wp\/v2\/posts\/7169\/revisions\/9169"}],"wp:featuredmedia":[{"embeddable":true,"href":"https:\/\/mhcalculos.com.br\/noticias\/wp-json\/wp\/v2\/media\/2336"}],"wp:attachment":[{"href":"https:\/\/mhcalculos.com.br\/noticias\/wp-json\/wp\/v2\/media?parent=7169"}],"wp:term":[{"taxonomy":"category","embeddable":true,"href":"https:\/\/mhcalculos.com.br\/noticias\/wp-json\/wp\/v2\/categories?post=7169"},{"taxonomy":"post_tag","embeddable":true,"href":"https:\/\/mhcalculos.com.br\/noticias\/wp-json\/wp\/v2\/tags?post=7169"}],"curies":[{"name":"wp","href":"https:\/\/api.w.org\/{rel}","templated":true}]}}