{"id":7130,"date":"2020-05-06T21:05:06","date_gmt":"2020-05-07T00:05:06","guid":{"rendered":"https:\/\/mhcalculos.com.br\/noticias\/tribunais\/stf\/stf-partido-pede-afastamento-de-regularizacao-do-cpf-como-condicao-para-recebimento-do-auxilio-emergencial.html"},"modified":"2021-07-28T14:29:50","modified_gmt":"2021-07-28T17:29:50","slug":"stf-partido-pede-afastamento-de-regularizacao-do-cpf-como-condicao-para-recebimento-do-auxilio-emergencial","status":"publish","type":"post","link":"https:\/\/mhcalculos.com.br\/noticias\/tribunais\/stf\/stf-partido-pede-afastamento-de-regularizacao-do-cpf-como-condicao-para-recebimento-do-auxilio-emergencial.html","title":{"rendered":"STF: Partido pede afastamento de regulariza\u00e7\u00e3o do CPF como condi\u00e7\u00e3o para recebimento do aux\u00edlio-emergencial"},"content":{"rendered":"<p><br \/>\n<\/p>\n<p>O Partido dos Trabalhadores (PT) ajuizou no Supremo Tribunal Federal (STF) a A\u00e7\u00e3o Direta de Inconstitucionalidade (ADI) 6409, com o objetivo de afastar a necessidade de regularidade do CPF do benefici\u00e1rio do aux\u00edlio-emergencial junto \u00e0 Receita Federal, al\u00e9m de indica\u00e7\u00e3o do CPFs dos dependentes e da possibilidade de retorno destes valores \u00e0 Uni\u00e3o ap\u00f3s o prazo de 90 dias.<\/p>\n<p>A legenda questiona dispositivos da Lei 13.982\/2020 e do Decreto 10.316\/2020, que tratam do pagamento do aux\u00edlio-emergencial de R$ 600,00, por tr\u00eas meses, devido \u00e0 pandemia do novo coronav\u00edrus (Covid-19). Afirma que, at\u00e9 o dia 30\/4, das 51,4 milh\u00f5es pessoas registradas no Cadastro \u00danico do Governo Federal (Cad\u00danico) que se enquadram nos requisitos ao recebimento, apenas 27,8 milh\u00f5es receberam o benef\u00edcio.<\/p>\n<p>Segundo o PT, a Lei 13.982\/2020 n\u00e3o prev\u00ea como requisito ao recebimento do aux\u00edlio a regularidade do CPF junto \u00e0 Receita Federal. Na sua avalia\u00e7\u00e3o, essa exig\u00eancia representa uma barreira de dif\u00edcil supera\u00e7\u00e3o, pois caso algu\u00e9m da fam\u00edlia n\u00e3o possua o documento, \u00e9 necess\u00e1ria a busca por sua confec\u00e7\u00e3o, sendo que o atendimento presencial de diversos \u00f3rg\u00e3os p\u00fablicos est\u00e1 suspenso.<\/p>\n<p>O partido pede a concess\u00e3o de medida liminar para que seja efetuado o pagamento das parcelas vencidas \u00e0queles que j\u00e1 requereram o seu recebimento por cadastro no aplicativo da Caixa Econ\u00f4mica Federal ou est\u00e3o inscritos no Cad\u00danico, mas ainda n\u00e3o tiveram seu cadastro analisado definitivamente. Requer ainda interpreta\u00e7\u00e3o conforme a Constitui\u00e7\u00e3o a dispositivo da Lei 13.982\/2020, para que o saque do benef\u00edcio ocorra com a ado\u00e7\u00e3o de todas as medidas necess\u00e1rias para evitar aglomera\u00e7\u00f5es e o risco de cont\u00e1gio, por meio do aumento do n\u00famero de postos de atendimento.<\/p>\n<p><span style=\"font-size: smaller\">RP\/CR\/\/EH<\/span><\/p>\n<p><i>Com informa\u00e7\u00f5es da assessoria de imprensa do STF.<\/i><br \/>\n<br \/><a href=\"http:\/\/www.stf.jus.br\/portal\/cms\/verNoticiaDetalhe.asp?idConteudo=442658\">Fonte<\/a><br \/>\n<br \/><\/p>\n","protected":false},"excerpt":{"rendered":"<p>O Partido dos Trabalhadores (PT) ajuizou no Supremo Tribunal Federal (STF) a A\u00e7\u00e3o Direta de Inconstitucionalidade (ADI) 6409, com o objetivo de afastar a necessidade de regularidade do CPF do benefici\u00e1rio do aux\u00edlio-emergencial junto \u00e0 Receita Federal, al\u00e9m de indica\u00e7\u00e3o do CPFs dos dependentes e da possibilidade de retorno destes valores \u00e0 Uni\u00e3o ap\u00f3s o [&hellip;]<\/p>\n","protected":false},"author":3063,"featured_media":1593,"comment_status":"open","ping_status":"open","sticky":false,"template":"","format":"standard","meta":{"footnotes":""},"categories":[18,15],"tags":[32,31,42,30,29,213,9,12,16],"class_list":{"0":"post-7130","1":"post","2":"type-post","3":"status-publish","4":"format-standard","5":"has-post-thumbnail","7":"category-tributario","8":"category-stf","9":"tag-calculos-judiciais","10":"tag-calculos-tributarios","11":"tag-direito-tributario","12":"tag-divida-ativa","13":"tag-fazenda-publica","14":"tag-imposto","15":"tag-pericia","16":"tag-perito","17":"tag-stf"},"yoast_head":"<!-- This site is optimized with the Yoast SEO plugin v27.2 - https:\/\/yoast.com\/product\/yoast-seo-wordpress\/ -->\n<title>STF: Partido pede afastamento de regulariza\u00e7\u00e3o do CPF como condi\u00e7\u00e3o para recebimento do aux\u00edlio-emergencial | Portal de Not\u00edcias<\/title>\n<meta name=\"robots\" content=\"index, follow, max-snippet:-1, max-image-preview:large, max-video-preview:-1\" \/>\n<link rel=\"canonical\" href=\"http:\/\/www.stf.jus.br\/portal\/cms\/verNoticiaDetalhe.asp?idConteudo=442658\" \/>\n<meta property=\"og:locale\" content=\"pt_BR\" \/>\n<meta property=\"og:type\" content=\"article\" \/>\n<meta property=\"og:title\" content=\"STF: Partido pede afastamento de regulariza\u00e7\u00e3o do CPF como condi\u00e7\u00e3o para recebimento do aux\u00edlio-emergencial | Portal de Not\u00edcias\" \/>\n<meta property=\"og:description\" content=\"O Partido dos Trabalhadores (PT) ajuizou no Supremo Tribunal Federal (STF) a A\u00e7\u00e3o Direta de Inconstitucionalidade (ADI) 6409, com o objetivo de afastar a necessidade de regularidade do CPF do benefici\u00e1rio do aux\u00edlio-emergencial junto \u00e0 Receita Federal, al\u00e9m de indica\u00e7\u00e3o do CPFs dos dependentes e da possibilidade de retorno destes valores \u00e0 Uni\u00e3o ap\u00f3s o [&hellip;]\" \/>\n<meta property=\"og:url\" content=\"http:\/\/www.stf.jus.br\/portal\/cms\/verNoticiaDetalhe.asp?idConteudo=442658\" \/>\n<meta property=\"og:site_name\" content=\"Portal de Not\u00edcias\" \/>\n<meta property=\"article:published_time\" content=\"2020-05-07T00:05:06+00:00\" \/>\n<meta property=\"article:modified_time\" content=\"2021-07-28T17:29:50+00:00\" \/>\n<meta property=\"og:image\" content=\"https:\/\/mhcalculos.com.br\/noticias\/wp-content\/uploads\/sites\/2\/2018\/06\/judiciario-0035.jpg\" \/>\n\t<meta property=\"og:image:width\" content=\"2000\" \/>\n\t<meta property=\"og:image:height\" content=\"800\" \/>\n\t<meta property=\"og:image:type\" content=\"image\/jpeg\" \/>\n<meta name=\"author\" content=\"Equipe MH\" \/>\n<meta name=\"twitter:card\" content=\"summary_large_image\" \/>\n<meta name=\"twitter:label1\" content=\"Escrito por\" \/>\n\t<meta name=\"twitter:data1\" content=\"Equipe MH\" \/>\n\t<meta name=\"twitter:label2\" content=\"Est. tempo de leitura\" \/>\n\t<meta name=\"twitter:data2\" content=\"2 minutos\" \/>\n<script type=\"application\/ld+json\" class=\"yoast-schema-graph\">{\"@context\":\"https:\/\/schema.org\",\"@graph\":[{\"@type\":\"Article\",\"@id\":\"http:\/\/www.stf.jus.br\/portal\/cms\/verNoticiaDetalhe.asp?idConteudo=442658#article\",\"isPartOf\":{\"@id\":\"https:\/\/mhcalculos.com.br\/noticias\/tribunais\/stf\/stf-partido-pede-afastamento-de-regularizacao-do-cpf-como-condicao-para-recebimento-do-auxilio-emergencial.html\"},\"author\":{\"name\":\"Equipe MH\",\"@id\":\"https:\/\/mhcalculos.com.br\/noticias\/#\/schema\/person\/88d1c34bf72dc779ea14a5a6b8e0ae8d\"},\"headline\":\"STF: Partido pede afastamento de regulariza\u00e7\u00e3o do CPF como condi\u00e7\u00e3o para recebimento do aux\u00edlio-emergencial\",\"datePublished\":\"2020-05-07T00:05:06+00:00\",\"dateModified\":\"2021-07-28T17:29:50+00:00\",\"mainEntityOfPage\":{\"@id\":\"https:\/\/mhcalculos.com.br\/noticias\/tribunais\/stf\/stf-partido-pede-afastamento-de-regularizacao-do-cpf-como-condicao-para-recebimento-do-auxilio-emergencial.html\"},\"wordCount\":326,\"commentCount\":0,\"image\":{\"@id\":\"http:\/\/www.stf.jus.br\/portal\/cms\/verNoticiaDetalhe.asp?idConteudo=442658#primaryimage\"},\"thumbnailUrl\":\"https:\/\/mhcalculos.com.br\/noticias\/wp-content\/uploads\/sites\/2\/2018\/06\/judiciario-0035.jpg\",\"keywords\":[\"c\u00e1lculos judiciais\",\"c\u00e1lculos tribut\u00e1rios\",\"direito tribut\u00e1rio\",\"d\u00edvida ativa\",\"fazenda p\u00fablica\",\"Imposto\",\"per\u00edcia\",\"perito\",\"stf\"],\"articleSection\":[\"Direito Tribut\u00e1rio\",\"STF\"],\"inLanguage\":\"pt-BR\",\"potentialAction\":[{\"@type\":\"CommentAction\",\"name\":\"Comment\",\"target\":[\"http:\/\/www.stf.jus.br\/portal\/cms\/verNoticiaDetalhe.asp?idConteudo=442658#respond\"]}]},{\"@type\":\"WebPage\",\"@id\":\"https:\/\/mhcalculos.com.br\/noticias\/tribunais\/stf\/stf-partido-pede-afastamento-de-regularizacao-do-cpf-como-condicao-para-recebimento-do-auxilio-emergencial.html\",\"url\":\"http:\/\/www.stf.jus.br\/portal\/cms\/verNoticiaDetalhe.asp?idConteudo=442658\",\"name\":\"STF: Partido pede afastamento de regulariza\u00e7\u00e3o do CPF como condi\u00e7\u00e3o para recebimento do aux\u00edlio-emergencial | Portal de Not\u00edcias\",\"isPartOf\":{\"@id\":\"https:\/\/mhcalculos.com.br\/noticias\/#website\"},\"primaryImageOfPage\":{\"@id\":\"http:\/\/www.stf.jus.br\/portal\/cms\/verNoticiaDetalhe.asp?idConteudo=442658#primaryimage\"},\"image\":{\"@id\":\"http:\/\/www.stf.jus.br\/portal\/cms\/verNoticiaDetalhe.asp?idConteudo=442658#primaryimage\"},\"thumbnailUrl\":\"https:\/\/mhcalculos.com.br\/noticias\/wp-content\/uploads\/sites\/2\/2018\/06\/judiciario-0035.jpg\",\"datePublished\":\"2020-05-07T00:05:06+00:00\",\"dateModified\":\"2021-07-28T17:29:50+00:00\",\"author\":{\"@id\":\"https:\/\/mhcalculos.com.br\/noticias\/#\/schema\/person\/88d1c34bf72dc779ea14a5a6b8e0ae8d\"},\"breadcrumb\":{\"@id\":\"http:\/\/www.stf.jus.br\/portal\/cms\/verNoticiaDetalhe.asp?idConteudo=442658#breadcrumb\"},\"inLanguage\":\"pt-BR\",\"potentialAction\":[{\"@type\":\"ReadAction\",\"target\":[\"http:\/\/www.stf.jus.br\/portal\/cms\/verNoticiaDetalhe.asp?idConteudo=442658\"]}]},{\"@type\":\"ImageObject\",\"inLanguage\":\"pt-BR\",\"@id\":\"http:\/\/www.stf.jus.br\/portal\/cms\/verNoticiaDetalhe.asp?idConteudo=442658#primaryimage\",\"url\":\"https:\/\/mhcalculos.com.br\/noticias\/wp-content\/uploads\/sites\/2\/2018\/06\/judiciario-0035.jpg\",\"contentUrl\":\"https:\/\/mhcalculos.com.br\/noticias\/wp-content\/uploads\/sites\/2\/2018\/06\/judiciario-0035.jpg\",\"width\":2000,\"height\":800},{\"@type\":\"BreadcrumbList\",\"@id\":\"http:\/\/www.stf.jus.br\/portal\/cms\/verNoticiaDetalhe.asp?idConteudo=442658#breadcrumb\",\"itemListElement\":[{\"@type\":\"ListItem\",\"position\":1,\"name\":\"In\u00edcio\",\"item\":\"https:\/\/mhcalculos.com.br\/noticias\/\"},{\"@type\":\"ListItem\",\"position\":2,\"name\":\"STF: Partido pede afastamento de regulariza\u00e7\u00e3o do CPF como condi\u00e7\u00e3o para recebimento do aux\u00edlio-emergencial\"}]},{\"@type\":\"WebSite\",\"@id\":\"https:\/\/mhcalculos.com.br\/noticias\/#website\",\"url\":\"https:\/\/mhcalculos.com.br\/noticias\/\",\"name\":\"Portal de Not\u00edcias\",\"description\":\"Not\u00edcias e Jurisprud\u00eancia\",\"potentialAction\":[{\"@type\":\"SearchAction\",\"target\":{\"@type\":\"EntryPoint\",\"urlTemplate\":\"https:\/\/mhcalculos.com.br\/noticias\/?s={search_term_string}\"},\"query-input\":{\"@type\":\"PropertyValueSpecification\",\"valueRequired\":true,\"valueName\":\"search_term_string\"}}],\"inLanguage\":\"pt-BR\"},{\"@type\":\"Person\",\"@id\":\"https:\/\/mhcalculos.com.br\/noticias\/#\/schema\/person\/88d1c34bf72dc779ea14a5a6b8e0ae8d\",\"name\":\"Equipe MH\",\"image\":{\"@type\":\"ImageObject\",\"inLanguage\":\"pt-BR\",\"@id\":\"https:\/\/secure.gravatar.com\/avatar\/de1c686c2ecc9c5a3f327e3431d819eb39f8f05d4e1045f5a1caad6daaba987f?s=96&d=mm&r=g\",\"url\":\"https:\/\/secure.gravatar.com\/avatar\/de1c686c2ecc9c5a3f327e3431d819eb39f8f05d4e1045f5a1caad6daaba987f?s=96&d=mm&r=g\",\"contentUrl\":\"https:\/\/secure.gravatar.com\/avatar\/de1c686c2ecc9c5a3f327e3431d819eb39f8f05d4e1045f5a1caad6daaba987f?s=96&d=mm&r=g\",\"caption\":\"Equipe MH\"}}]}<\/script>\n<!-- \/ Yoast SEO plugin. -->","yoast_head_json":{"title":"STF: Partido pede afastamento de regulariza\u00e7\u00e3o do CPF como condi\u00e7\u00e3o para recebimento do aux\u00edlio-emergencial | Portal de Not\u00edcias","robots":{"index":"index","follow":"follow","max-snippet":"max-snippet:-1","max-image-preview":"max-image-preview:large","max-video-preview":"max-video-preview:-1"},"canonical":"http:\/\/www.stf.jus.br\/portal\/cms\/verNoticiaDetalhe.asp?idConteudo=442658","og_locale":"pt_BR","og_type":"article","og_title":"STF: Partido pede afastamento de regulariza\u00e7\u00e3o do CPF como condi\u00e7\u00e3o para recebimento do aux\u00edlio-emergencial | Portal de Not\u00edcias","og_description":"O Partido dos Trabalhadores (PT) ajuizou no Supremo Tribunal Federal (STF) a A\u00e7\u00e3o Direta de Inconstitucionalidade (ADI) 6409, com o objetivo de afastar a necessidade de regularidade do CPF do benefici\u00e1rio do aux\u00edlio-emergencial junto \u00e0 Receita Federal, al\u00e9m de indica\u00e7\u00e3o do CPFs dos dependentes e da possibilidade de retorno destes valores \u00e0 Uni\u00e3o ap\u00f3s o [&hellip;]","og_url":"http:\/\/www.stf.jus.br\/portal\/cms\/verNoticiaDetalhe.asp?idConteudo=442658","og_site_name":"Portal de Not\u00edcias","article_published_time":"2020-05-07T00:05:06+00:00","article_modified_time":"2021-07-28T17:29:50+00:00","og_image":[{"width":2000,"height":800,"url":"https:\/\/mhcalculos.com.br\/noticias\/wp-content\/uploads\/sites\/2\/2018\/06\/judiciario-0035.jpg","type":"image\/jpeg"}],"author":"Equipe MH","twitter_card":"summary_large_image","twitter_misc":{"Escrito por":"Equipe MH","Est. tempo de leitura":"2 minutos"},"schema":{"@context":"https:\/\/schema.org","@graph":[{"@type":"Article","@id":"http:\/\/www.stf.jus.br\/portal\/cms\/verNoticiaDetalhe.asp?idConteudo=442658#article","isPartOf":{"@id":"https:\/\/mhcalculos.com.br\/noticias\/tribunais\/stf\/stf-partido-pede-afastamento-de-regularizacao-do-cpf-como-condicao-para-recebimento-do-auxilio-emergencial.html"},"author":{"name":"Equipe MH","@id":"https:\/\/mhcalculos.com.br\/noticias\/#\/schema\/person\/88d1c34bf72dc779ea14a5a6b8e0ae8d"},"headline":"STF: Partido pede afastamento de regulariza\u00e7\u00e3o do CPF como condi\u00e7\u00e3o para recebimento do aux\u00edlio-emergencial","datePublished":"2020-05-07T00:05:06+00:00","dateModified":"2021-07-28T17:29:50+00:00","mainEntityOfPage":{"@id":"https:\/\/mhcalculos.com.br\/noticias\/tribunais\/stf\/stf-partido-pede-afastamento-de-regularizacao-do-cpf-como-condicao-para-recebimento-do-auxilio-emergencial.html"},"wordCount":326,"commentCount":0,"image":{"@id":"http:\/\/www.stf.jus.br\/portal\/cms\/verNoticiaDetalhe.asp?idConteudo=442658#primaryimage"},"thumbnailUrl":"https:\/\/mhcalculos.com.br\/noticias\/wp-content\/uploads\/sites\/2\/2018\/06\/judiciario-0035.jpg","keywords":["c\u00e1lculos judiciais","c\u00e1lculos tribut\u00e1rios","direito tribut\u00e1rio","d\u00edvida ativa","fazenda p\u00fablica","Imposto","per\u00edcia","perito","stf"],"articleSection":["Direito Tribut\u00e1rio","STF"],"inLanguage":"pt-BR","potentialAction":[{"@type":"CommentAction","name":"Comment","target":["http:\/\/www.stf.jus.br\/portal\/cms\/verNoticiaDetalhe.asp?idConteudo=442658#respond"]}]},{"@type":"WebPage","@id":"https:\/\/mhcalculos.com.br\/noticias\/tribunais\/stf\/stf-partido-pede-afastamento-de-regularizacao-do-cpf-como-condicao-para-recebimento-do-auxilio-emergencial.html","url":"http:\/\/www.stf.jus.br\/portal\/cms\/verNoticiaDetalhe.asp?idConteudo=442658","name":"STF: Partido pede afastamento de regulariza\u00e7\u00e3o do CPF como condi\u00e7\u00e3o para recebimento do aux\u00edlio-emergencial | Portal de Not\u00edcias","isPartOf":{"@id":"https:\/\/mhcalculos.com.br\/noticias\/#website"},"primaryImageOfPage":{"@id":"http:\/\/www.stf.jus.br\/portal\/cms\/verNoticiaDetalhe.asp?idConteudo=442658#primaryimage"},"image":{"@id":"http:\/\/www.stf.jus.br\/portal\/cms\/verNoticiaDetalhe.asp?idConteudo=442658#primaryimage"},"thumbnailUrl":"https:\/\/mhcalculos.com.br\/noticias\/wp-content\/uploads\/sites\/2\/2018\/06\/judiciario-0035.jpg","datePublished":"2020-05-07T00:05:06+00:00","dateModified":"2021-07-28T17:29:50+00:00","author":{"@id":"https:\/\/mhcalculos.com.br\/noticias\/#\/schema\/person\/88d1c34bf72dc779ea14a5a6b8e0ae8d"},"breadcrumb":{"@id":"http:\/\/www.stf.jus.br\/portal\/cms\/verNoticiaDetalhe.asp?idConteudo=442658#breadcrumb"},"inLanguage":"pt-BR","potentialAction":[{"@type":"ReadAction","target":["http:\/\/www.stf.jus.br\/portal\/cms\/verNoticiaDetalhe.asp?idConteudo=442658"]}]},{"@type":"ImageObject","inLanguage":"pt-BR","@id":"http:\/\/www.stf.jus.br\/portal\/cms\/verNoticiaDetalhe.asp?idConteudo=442658#primaryimage","url":"https:\/\/mhcalculos.com.br\/noticias\/wp-content\/uploads\/sites\/2\/2018\/06\/judiciario-0035.jpg","contentUrl":"https:\/\/mhcalculos.com.br\/noticias\/wp-content\/uploads\/sites\/2\/2018\/06\/judiciario-0035.jpg","width":2000,"height":800},{"@type":"BreadcrumbList","@id":"http:\/\/www.stf.jus.br\/portal\/cms\/verNoticiaDetalhe.asp?idConteudo=442658#breadcrumb","itemListElement":[{"@type":"ListItem","position":1,"name":"In\u00edcio","item":"https:\/\/mhcalculos.com.br\/noticias\/"},{"@type":"ListItem","position":2,"name":"STF: Partido pede afastamento de regulariza\u00e7\u00e3o do CPF como condi\u00e7\u00e3o para recebimento do aux\u00edlio-emergencial"}]},{"@type":"WebSite","@id":"https:\/\/mhcalculos.com.br\/noticias\/#website","url":"https:\/\/mhcalculos.com.br\/noticias\/","name":"Portal de Not\u00edcias","description":"Not\u00edcias e Jurisprud\u00eancia","potentialAction":[{"@type":"SearchAction","target":{"@type":"EntryPoint","urlTemplate":"https:\/\/mhcalculos.com.br\/noticias\/?s={search_term_string}"},"query-input":{"@type":"PropertyValueSpecification","valueRequired":true,"valueName":"search_term_string"}}],"inLanguage":"pt-BR"},{"@type":"Person","@id":"https:\/\/mhcalculos.com.br\/noticias\/#\/schema\/person\/88d1c34bf72dc779ea14a5a6b8e0ae8d","name":"Equipe MH","image":{"@type":"ImageObject","inLanguage":"pt-BR","@id":"https:\/\/secure.gravatar.com\/avatar\/de1c686c2ecc9c5a3f327e3431d819eb39f8f05d4e1045f5a1caad6daaba987f?s=96&d=mm&r=g","url":"https:\/\/secure.gravatar.com\/avatar\/de1c686c2ecc9c5a3f327e3431d819eb39f8f05d4e1045f5a1caad6daaba987f?s=96&d=mm&r=g","contentUrl":"https:\/\/secure.gravatar.com\/avatar\/de1c686c2ecc9c5a3f327e3431d819eb39f8f05d4e1045f5a1caad6daaba987f?s=96&d=mm&r=g","caption":"Equipe MH"}}]}},"_links":{"self":[{"href":"https:\/\/mhcalculos.com.br\/noticias\/wp-json\/wp\/v2\/posts\/7130","targetHints":{"allow":["GET"]}}],"collection":[{"href":"https:\/\/mhcalculos.com.br\/noticias\/wp-json\/wp\/v2\/posts"}],"about":[{"href":"https:\/\/mhcalculos.com.br\/noticias\/wp-json\/wp\/v2\/types\/post"}],"author":[{"embeddable":true,"href":"https:\/\/mhcalculos.com.br\/noticias\/wp-json\/wp\/v2\/users\/3063"}],"replies":[{"embeddable":true,"href":"https:\/\/mhcalculos.com.br\/noticias\/wp-json\/wp\/v2\/comments?post=7130"}],"version-history":[{"count":1,"href":"https:\/\/mhcalculos.com.br\/noticias\/wp-json\/wp\/v2\/posts\/7130\/revisions"}],"predecessor-version":[{"id":9204,"href":"https:\/\/mhcalculos.com.br\/noticias\/wp-json\/wp\/v2\/posts\/7130\/revisions\/9204"}],"wp:featuredmedia":[{"embeddable":true,"href":"https:\/\/mhcalculos.com.br\/noticias\/wp-json\/wp\/v2\/media\/1593"}],"wp:attachment":[{"href":"https:\/\/mhcalculos.com.br\/noticias\/wp-json\/wp\/v2\/media?parent=7130"}],"wp:term":[{"taxonomy":"category","embeddable":true,"href":"https:\/\/mhcalculos.com.br\/noticias\/wp-json\/wp\/v2\/categories?post=7130"},{"taxonomy":"post_tag","embeddable":true,"href":"https:\/\/mhcalculos.com.br\/noticias\/wp-json\/wp\/v2\/tags?post=7130"}],"curies":[{"name":"wp","href":"https:\/\/api.w.org\/{rel}","templated":true}]}}