{"id":7128,"date":"2020-05-06T15:05:08","date_gmt":"2020-05-06T18:05:08","guid":{"rendered":"https:\/\/mhcalculos.com.br\/noticias\/area\/previdenciario\/trf3-tribunal-anula-sentenca-que-negou-pensao-a-filho-por-morte-presumida-do-pai.html"},"modified":"2021-07-28T14:29:51","modified_gmt":"2021-07-28T17:29:51","slug":"trf3-tribunal-anula-sentenca-que-negou-pensao-a-filho-por-morte-presumida-do-pai","status":"publish","type":"post","link":"https:\/\/mhcalculos.com.br\/noticias\/area\/previdenciario\/trf3-tribunal-anula-sentenca-que-negou-pensao-a-filho-por-morte-presumida-do-pai.html","title":{"rendered":"TRF3: TRIBUNAL&nbsp;ANULA SENTEN\u00c7A QUE NEGOU PENS\u00c3O A FILHO POR MORTE PRESUMIDA DO PAI"},"content":{"rendered":"\n<div class=\"mat\">\n<p><em>Mesmo sem certid\u00e3o de \u00f3bito anexada ao processo, magistrado deve abrir ao autor oportunidade para a produ\u00e7\u00e3o de outras provas cab\u00edveis<\/em><\/p>\n<p>A S\u00e9tima Turma do Tribunal Regional Federal da 3\u00aa Regi\u00e3o (TRF3) declarou nula senten\u00e7a que julgou improcedente pedido de pens\u00e3o por morte por aus\u00eancia de certid\u00e3o de \u00f3bito, em caso de morte presumida. <\/p>\n<p>O autor da a\u00e7\u00e3o pleiteava o benef\u00edcio devido \u00e0 suposta morte de seu pai por homic\u00eddio. Na peti\u00e7\u00e3o inicial, requereu a oportunidade para a produ\u00e7\u00e3o de provas. No entanto, o juiz de primeiro grau julgou antecipadamente a a\u00e7\u00e3o e declarou improcedente o pedido pela n\u00e3o comprova\u00e7\u00e3o do \u00f3bito do segurado devido \u00e0 aus\u00eancia da certid\u00e3o. <\/p>\n<p>Ao analisar o recurso no TRF3, o relator do processo, desembargador federal Paulo Domingues, verificou a presen\u00e7a de ind\u00edcios de que o segurado foi v\u00edtima de homic\u00eddio no munic\u00edpio de Fraiburgo\/SC, o que poderia ser atestado por documentos da a\u00e7\u00e3o penal ou por outras provas. <\/p>\n<p>Ele tamb\u00e9m explicou que, em caso de morte presumida, a lei prev\u00ea a concess\u00e3o de pens\u00e3o provis\u00f3ria ap\u00f3s seis meses de aus\u00eancia do segurado, mediante prova do desaparecimento em consequ\u00eancia de acidente, desastre ou cat\u00e1strofe. A legisla\u00e7\u00e3o tamb\u00e9m determina a interrup\u00e7\u00e3o imediata dos pagamentos com o reaparecimento da pessoa, estando os dependentes desobrigados de restitui\u00e7\u00e3o, salvo se comprovada m\u00e1-f\u00e9. <\/p>\n<p>Assim, por viola\u00e7\u00e3o ao princ\u00edpio da ampla defesa, a S\u00e9tima Turma declarou a nulidade da senten\u00e7a e determinou o retorno do processo \u00e0 vara de origem para a devida produ\u00e7\u00e3o de provas e regular processamento do feito. <\/p>\n<p>Apela\u00e7\u00e3o C\u00edvel n\u00ba 0003054-96.2013.4.03.6143 <\/p>\n<\/div>\n<p><i>Com informa\u00e7\u00f5es da assessoria de imprensa do TRF3.<\/i><br \/>\n<br \/><a href=\"http:\/\/web.trf3.jus.br\/noticias\/Noticias\/Noticia\/Exibir\/394589\">Fonte<\/a><br \/>\n<br \/><\/p>\n","protected":false},"excerpt":{"rendered":"<p>Mesmo sem certid\u00e3o de \u00f3bito anexada ao processo, magistrado deve abrir ao autor oportunidade para a produ\u00e7\u00e3o de outras provas cab\u00edveis A S\u00e9tima Turma do Tribunal Regional Federal da 3\u00aa Regi\u00e3o (TRF3) declarou nula senten\u00e7a que julgou improcedente pedido de pens\u00e3o por morte por aus\u00eancia de certid\u00e3o de \u00f3bito, em caso de morte presumida. O [&hellip;]<\/p>\n","protected":false},"author":3063,"featured_media":3939,"comment_status":"open","ping_status":"open","sticky":false,"template":"","format":"standard","meta":{"footnotes":""},"categories":[5,110],"tags":[11,10,8,13,9,12,152],"class_list":{"0":"post-7128","1":"post","2":"type-post","3":"status-publish","4":"format-standard","5":"has-post-thumbnail","7":"category-previdenciario","8":"category-trf3","9":"tag-aposentadoria","10":"tag-calculos-previdenciarios","11":"tag-direito-previdenciario","12":"tag-inss","13":"tag-pericia","14":"tag-perito","15":"tag-trf3"},"yoast_head":"<!-- This site is optimized with the Yoast SEO plugin v27.2 - https:\/\/yoast.com\/product\/yoast-seo-wordpress\/ -->\n<title>TRF3: TRIBUNAL&nbsp;ANULA SENTEN\u00c7A QUE NEGOU PENS\u00c3O A FILHO POR MORTE PRESUMIDA DO PAI | Portal de Not\u00edcias<\/title>\n<meta name=\"robots\" content=\"index, follow, max-snippet:-1, max-image-preview:large, max-video-preview:-1\" \/>\n<link rel=\"canonical\" href=\"https:\/\/mhcalculos.com.br\/noticias\/area\/previdenciario\/trf3-tribunal-anula-sentenca-que-negou-pensao-a-filho-por-morte-presumida-do-pai.html\" \/>\n<meta property=\"og:locale\" content=\"pt_BR\" \/>\n<meta property=\"og:type\" content=\"article\" \/>\n<meta property=\"og:title\" content=\"TRF3: TRIBUNAL&nbsp;ANULA SENTEN\u00c7A QUE NEGOU PENS\u00c3O A FILHO POR MORTE PRESUMIDA DO PAI | Portal de Not\u00edcias\" \/>\n<meta property=\"og:description\" content=\"Mesmo sem certid\u00e3o de \u00f3bito anexada ao processo, magistrado deve abrir ao autor oportunidade para a produ\u00e7\u00e3o de outras provas cab\u00edveis A S\u00e9tima Turma do Tribunal Regional Federal da 3\u00aa Regi\u00e3o (TRF3) declarou nula senten\u00e7a que julgou improcedente pedido de pens\u00e3o por morte por aus\u00eancia de certid\u00e3o de \u00f3bito, em caso de morte presumida. O [&hellip;]\" \/>\n<meta property=\"og:url\" content=\"https:\/\/mhcalculos.com.br\/noticias\/area\/previdenciario\/trf3-tribunal-anula-sentenca-que-negou-pensao-a-filho-por-morte-presumida-do-pai.html\" \/>\n<meta property=\"og:site_name\" content=\"Portal de Not\u00edcias\" \/>\n<meta property=\"article:published_time\" content=\"2020-05-06T18:05:08+00:00\" \/>\n<meta property=\"article:modified_time\" content=\"2021-07-28T17:29:51+00:00\" \/>\n<meta property=\"og:image\" content=\"https:\/\/mhcalculos.com.br\/noticias\/wp-content\/uploads\/sites\/2\/2019\/03\/previdenciario-0020.jpg\" \/>\n\t<meta property=\"og:image:width\" content=\"2000\" \/>\n\t<meta property=\"og:image:height\" content=\"800\" \/>\n\t<meta property=\"og:image:type\" content=\"image\/jpeg\" \/>\n<meta name=\"author\" content=\"Equipe MH\" \/>\n<meta name=\"twitter:card\" content=\"summary_large_image\" \/>\n<meta name=\"twitter:label1\" content=\"Escrito por\" \/>\n\t<meta name=\"twitter:data1\" content=\"Equipe MH\" \/>\n\t<meta name=\"twitter:label2\" content=\"Est. tempo de leitura\" \/>\n\t<meta name=\"twitter:data2\" content=\"2 minutos\" \/>\n<script type=\"application\/ld+json\" class=\"yoast-schema-graph\">{\"@context\":\"https:\/\/schema.org\",\"@graph\":[{\"@type\":\"Article\",\"@id\":\"https:\/\/mhcalculos.com.br\/noticias\/area\/previdenciario\/trf3-tribunal-anula-sentenca-que-negou-pensao-a-filho-por-morte-presumida-do-pai.html#article\",\"isPartOf\":{\"@id\":\"https:\/\/mhcalculos.com.br\/noticias\/area\/previdenciario\/trf3-tribunal-anula-sentenca-que-negou-pensao-a-filho-por-morte-presumida-do-pai.html\"},\"author\":{\"name\":\"Equipe MH\",\"@id\":\"https:\/\/mhcalculos.com.br\/noticias\/#\/schema\/person\/88d1c34bf72dc779ea14a5a6b8e0ae8d\"},\"headline\":\"TRF3: TRIBUNAL&nbsp;ANULA SENTEN\u00c7A QUE NEGOU PENS\u00c3O A FILHO POR MORTE PRESUMIDA DO PAI\",\"datePublished\":\"2020-05-06T18:05:08+00:00\",\"dateModified\":\"2021-07-28T17:29:51+00:00\",\"mainEntityOfPage\":{\"@id\":\"https:\/\/mhcalculos.com.br\/noticias\/area\/previdenciario\/trf3-tribunal-anula-sentenca-que-negou-pensao-a-filho-por-morte-presumida-do-pai.html\"},\"wordCount\":325,\"commentCount\":0,\"image\":{\"@id\":\"https:\/\/mhcalculos.com.br\/noticias\/area\/previdenciario\/trf3-tribunal-anula-sentenca-que-negou-pensao-a-filho-por-morte-presumida-do-pai.html#primaryimage\"},\"thumbnailUrl\":\"https:\/\/mhcalculos.com.br\/noticias\/wp-content\/uploads\/sites\/2\/2019\/03\/previdenciario-0020.jpg\",\"keywords\":[\"aposentadoria\",\"c\u00e1lculos previdenci\u00e1rios\",\"direito previdenci\u00e1rio\",\"inss\",\"per\u00edcia\",\"perito\",\"trf3\"],\"articleSection\":[\"Direito Previdenci\u00e1rio\",\"TRF3\"],\"inLanguage\":\"pt-BR\",\"potentialAction\":[{\"@type\":\"CommentAction\",\"name\":\"Comment\",\"target\":[\"https:\/\/mhcalculos.com.br\/noticias\/area\/previdenciario\/trf3-tribunal-anula-sentenca-que-negou-pensao-a-filho-por-morte-presumida-do-pai.html#respond\"]}]},{\"@type\":\"WebPage\",\"@id\":\"https:\/\/mhcalculos.com.br\/noticias\/area\/previdenciario\/trf3-tribunal-anula-sentenca-que-negou-pensao-a-filho-por-morte-presumida-do-pai.html\",\"url\":\"https:\/\/mhcalculos.com.br\/noticias\/area\/previdenciario\/trf3-tribunal-anula-sentenca-que-negou-pensao-a-filho-por-morte-presumida-do-pai.html\",\"name\":\"TRF3: TRIBUNAL&nbsp;ANULA SENTEN\u00c7A QUE NEGOU PENS\u00c3O A FILHO POR MORTE PRESUMIDA DO PAI | Portal de Not\u00edcias\",\"isPartOf\":{\"@id\":\"https:\/\/mhcalculos.com.br\/noticias\/#website\"},\"primaryImageOfPage\":{\"@id\":\"https:\/\/mhcalculos.com.br\/noticias\/area\/previdenciario\/trf3-tribunal-anula-sentenca-que-negou-pensao-a-filho-por-morte-presumida-do-pai.html#primaryimage\"},\"image\":{\"@id\":\"https:\/\/mhcalculos.com.br\/noticias\/area\/previdenciario\/trf3-tribunal-anula-sentenca-que-negou-pensao-a-filho-por-morte-presumida-do-pai.html#primaryimage\"},\"thumbnailUrl\":\"https:\/\/mhcalculos.com.br\/noticias\/wp-content\/uploads\/sites\/2\/2019\/03\/previdenciario-0020.jpg\",\"datePublished\":\"2020-05-06T18:05:08+00:00\",\"dateModified\":\"2021-07-28T17:29:51+00:00\",\"author\":{\"@id\":\"https:\/\/mhcalculos.com.br\/noticias\/#\/schema\/person\/88d1c34bf72dc779ea14a5a6b8e0ae8d\"},\"breadcrumb\":{\"@id\":\"https:\/\/mhcalculos.com.br\/noticias\/area\/previdenciario\/trf3-tribunal-anula-sentenca-que-negou-pensao-a-filho-por-morte-presumida-do-pai.html#breadcrumb\"},\"inLanguage\":\"pt-BR\",\"potentialAction\":[{\"@type\":\"ReadAction\",\"target\":[\"https:\/\/mhcalculos.com.br\/noticias\/area\/previdenciario\/trf3-tribunal-anula-sentenca-que-negou-pensao-a-filho-por-morte-presumida-do-pai.html\"]}]},{\"@type\":\"ImageObject\",\"inLanguage\":\"pt-BR\",\"@id\":\"https:\/\/mhcalculos.com.br\/noticias\/area\/previdenciario\/trf3-tribunal-anula-sentenca-que-negou-pensao-a-filho-por-morte-presumida-do-pai.html#primaryimage\",\"url\":\"https:\/\/mhcalculos.com.br\/noticias\/wp-content\/uploads\/sites\/2\/2019\/03\/previdenciario-0020.jpg\",\"contentUrl\":\"https:\/\/mhcalculos.com.br\/noticias\/wp-content\/uploads\/sites\/2\/2019\/03\/previdenciario-0020.jpg\",\"width\":2000,\"height\":800},{\"@type\":\"BreadcrumbList\",\"@id\":\"https:\/\/mhcalculos.com.br\/noticias\/area\/previdenciario\/trf3-tribunal-anula-sentenca-que-negou-pensao-a-filho-por-morte-presumida-do-pai.html#breadcrumb\",\"itemListElement\":[{\"@type\":\"ListItem\",\"position\":1,\"name\":\"In\u00edcio\",\"item\":\"https:\/\/mhcalculos.com.br\/noticias\/\"},{\"@type\":\"ListItem\",\"position\":2,\"name\":\"TRF3: TRIBUNAL&nbsp;ANULA SENTEN\u00c7A QUE NEGOU PENS\u00c3O A FILHO POR MORTE PRESUMIDA DO PAI\"}]},{\"@type\":\"WebSite\",\"@id\":\"https:\/\/mhcalculos.com.br\/noticias\/#website\",\"url\":\"https:\/\/mhcalculos.com.br\/noticias\/\",\"name\":\"Portal de Not\u00edcias\",\"description\":\"Not\u00edcias e Jurisprud\u00eancia\",\"potentialAction\":[{\"@type\":\"SearchAction\",\"target\":{\"@type\":\"EntryPoint\",\"urlTemplate\":\"https:\/\/mhcalculos.com.br\/noticias\/?s={search_term_string}\"},\"query-input\":{\"@type\":\"PropertyValueSpecification\",\"valueRequired\":true,\"valueName\":\"search_term_string\"}}],\"inLanguage\":\"pt-BR\"},{\"@type\":\"Person\",\"@id\":\"https:\/\/mhcalculos.com.br\/noticias\/#\/schema\/person\/88d1c34bf72dc779ea14a5a6b8e0ae8d\",\"name\":\"Equipe MH\",\"image\":{\"@type\":\"ImageObject\",\"inLanguage\":\"pt-BR\",\"@id\":\"https:\/\/secure.gravatar.com\/avatar\/de1c686c2ecc9c5a3f327e3431d819eb39f8f05d4e1045f5a1caad6daaba987f?s=96&d=mm&r=g\",\"url\":\"https:\/\/secure.gravatar.com\/avatar\/de1c686c2ecc9c5a3f327e3431d819eb39f8f05d4e1045f5a1caad6daaba987f?s=96&d=mm&r=g\",\"contentUrl\":\"https:\/\/secure.gravatar.com\/avatar\/de1c686c2ecc9c5a3f327e3431d819eb39f8f05d4e1045f5a1caad6daaba987f?s=96&d=mm&r=g\",\"caption\":\"Equipe MH\"}}]}<\/script>\n<!-- \/ Yoast SEO plugin. -->","yoast_head_json":{"title":"TRF3: TRIBUNAL&nbsp;ANULA SENTEN\u00c7A QUE NEGOU PENS\u00c3O A FILHO POR MORTE PRESUMIDA DO PAI | Portal de Not\u00edcias","robots":{"index":"index","follow":"follow","max-snippet":"max-snippet:-1","max-image-preview":"max-image-preview:large","max-video-preview":"max-video-preview:-1"},"canonical":"https:\/\/mhcalculos.com.br\/noticias\/area\/previdenciario\/trf3-tribunal-anula-sentenca-que-negou-pensao-a-filho-por-morte-presumida-do-pai.html","og_locale":"pt_BR","og_type":"article","og_title":"TRF3: TRIBUNAL&nbsp;ANULA SENTEN\u00c7A QUE NEGOU PENS\u00c3O A FILHO POR MORTE PRESUMIDA DO PAI | Portal de Not\u00edcias","og_description":"Mesmo sem certid\u00e3o de \u00f3bito anexada ao processo, magistrado deve abrir ao autor oportunidade para a produ\u00e7\u00e3o de outras provas cab\u00edveis A S\u00e9tima Turma do Tribunal Regional Federal da 3\u00aa Regi\u00e3o (TRF3) declarou nula senten\u00e7a que julgou improcedente pedido de pens\u00e3o por morte por aus\u00eancia de certid\u00e3o de \u00f3bito, em caso de morte presumida. O [&hellip;]","og_url":"https:\/\/mhcalculos.com.br\/noticias\/area\/previdenciario\/trf3-tribunal-anula-sentenca-que-negou-pensao-a-filho-por-morte-presumida-do-pai.html","og_site_name":"Portal de Not\u00edcias","article_published_time":"2020-05-06T18:05:08+00:00","article_modified_time":"2021-07-28T17:29:51+00:00","og_image":[{"width":2000,"height":800,"url":"https:\/\/mhcalculos.com.br\/noticias\/wp-content\/uploads\/sites\/2\/2019\/03\/previdenciario-0020.jpg","type":"image\/jpeg"}],"author":"Equipe MH","twitter_card":"summary_large_image","twitter_misc":{"Escrito por":"Equipe MH","Est. tempo de leitura":"2 minutos"},"schema":{"@context":"https:\/\/schema.org","@graph":[{"@type":"Article","@id":"https:\/\/mhcalculos.com.br\/noticias\/area\/previdenciario\/trf3-tribunal-anula-sentenca-que-negou-pensao-a-filho-por-morte-presumida-do-pai.html#article","isPartOf":{"@id":"https:\/\/mhcalculos.com.br\/noticias\/area\/previdenciario\/trf3-tribunal-anula-sentenca-que-negou-pensao-a-filho-por-morte-presumida-do-pai.html"},"author":{"name":"Equipe MH","@id":"https:\/\/mhcalculos.com.br\/noticias\/#\/schema\/person\/88d1c34bf72dc779ea14a5a6b8e0ae8d"},"headline":"TRF3: TRIBUNAL&nbsp;ANULA SENTEN\u00c7A QUE NEGOU PENS\u00c3O A FILHO POR MORTE PRESUMIDA DO PAI","datePublished":"2020-05-06T18:05:08+00:00","dateModified":"2021-07-28T17:29:51+00:00","mainEntityOfPage":{"@id":"https:\/\/mhcalculos.com.br\/noticias\/area\/previdenciario\/trf3-tribunal-anula-sentenca-que-negou-pensao-a-filho-por-morte-presumida-do-pai.html"},"wordCount":325,"commentCount":0,"image":{"@id":"https:\/\/mhcalculos.com.br\/noticias\/area\/previdenciario\/trf3-tribunal-anula-sentenca-que-negou-pensao-a-filho-por-morte-presumida-do-pai.html#primaryimage"},"thumbnailUrl":"https:\/\/mhcalculos.com.br\/noticias\/wp-content\/uploads\/sites\/2\/2019\/03\/previdenciario-0020.jpg","keywords":["aposentadoria","c\u00e1lculos previdenci\u00e1rios","direito previdenci\u00e1rio","inss","per\u00edcia","perito","trf3"],"articleSection":["Direito Previdenci\u00e1rio","TRF3"],"inLanguage":"pt-BR","potentialAction":[{"@type":"CommentAction","name":"Comment","target":["https:\/\/mhcalculos.com.br\/noticias\/area\/previdenciario\/trf3-tribunal-anula-sentenca-que-negou-pensao-a-filho-por-morte-presumida-do-pai.html#respond"]}]},{"@type":"WebPage","@id":"https:\/\/mhcalculos.com.br\/noticias\/area\/previdenciario\/trf3-tribunal-anula-sentenca-que-negou-pensao-a-filho-por-morte-presumida-do-pai.html","url":"https:\/\/mhcalculos.com.br\/noticias\/area\/previdenciario\/trf3-tribunal-anula-sentenca-que-negou-pensao-a-filho-por-morte-presumida-do-pai.html","name":"TRF3: TRIBUNAL&nbsp;ANULA SENTEN\u00c7A QUE NEGOU PENS\u00c3O A FILHO POR MORTE PRESUMIDA DO PAI | Portal de Not\u00edcias","isPartOf":{"@id":"https:\/\/mhcalculos.com.br\/noticias\/#website"},"primaryImageOfPage":{"@id":"https:\/\/mhcalculos.com.br\/noticias\/area\/previdenciario\/trf3-tribunal-anula-sentenca-que-negou-pensao-a-filho-por-morte-presumida-do-pai.html#primaryimage"},"image":{"@id":"https:\/\/mhcalculos.com.br\/noticias\/area\/previdenciario\/trf3-tribunal-anula-sentenca-que-negou-pensao-a-filho-por-morte-presumida-do-pai.html#primaryimage"},"thumbnailUrl":"https:\/\/mhcalculos.com.br\/noticias\/wp-content\/uploads\/sites\/2\/2019\/03\/previdenciario-0020.jpg","datePublished":"2020-05-06T18:05:08+00:00","dateModified":"2021-07-28T17:29:51+00:00","author":{"@id":"https:\/\/mhcalculos.com.br\/noticias\/#\/schema\/person\/88d1c34bf72dc779ea14a5a6b8e0ae8d"},"breadcrumb":{"@id":"https:\/\/mhcalculos.com.br\/noticias\/area\/previdenciario\/trf3-tribunal-anula-sentenca-que-negou-pensao-a-filho-por-morte-presumida-do-pai.html#breadcrumb"},"inLanguage":"pt-BR","potentialAction":[{"@type":"ReadAction","target":["https:\/\/mhcalculos.com.br\/noticias\/area\/previdenciario\/trf3-tribunal-anula-sentenca-que-negou-pensao-a-filho-por-morte-presumida-do-pai.html"]}]},{"@type":"ImageObject","inLanguage":"pt-BR","@id":"https:\/\/mhcalculos.com.br\/noticias\/area\/previdenciario\/trf3-tribunal-anula-sentenca-que-negou-pensao-a-filho-por-morte-presumida-do-pai.html#primaryimage","url":"https:\/\/mhcalculos.com.br\/noticias\/wp-content\/uploads\/sites\/2\/2019\/03\/previdenciario-0020.jpg","contentUrl":"https:\/\/mhcalculos.com.br\/noticias\/wp-content\/uploads\/sites\/2\/2019\/03\/previdenciario-0020.jpg","width":2000,"height":800},{"@type":"BreadcrumbList","@id":"https:\/\/mhcalculos.com.br\/noticias\/area\/previdenciario\/trf3-tribunal-anula-sentenca-que-negou-pensao-a-filho-por-morte-presumida-do-pai.html#breadcrumb","itemListElement":[{"@type":"ListItem","position":1,"name":"In\u00edcio","item":"https:\/\/mhcalculos.com.br\/noticias\/"},{"@type":"ListItem","position":2,"name":"TRF3: TRIBUNAL&nbsp;ANULA SENTEN\u00c7A QUE NEGOU PENS\u00c3O A FILHO POR MORTE PRESUMIDA DO PAI"}]},{"@type":"WebSite","@id":"https:\/\/mhcalculos.com.br\/noticias\/#website","url":"https:\/\/mhcalculos.com.br\/noticias\/","name":"Portal de Not\u00edcias","description":"Not\u00edcias e Jurisprud\u00eancia","potentialAction":[{"@type":"SearchAction","target":{"@type":"EntryPoint","urlTemplate":"https:\/\/mhcalculos.com.br\/noticias\/?s={search_term_string}"},"query-input":{"@type":"PropertyValueSpecification","valueRequired":true,"valueName":"search_term_string"}}],"inLanguage":"pt-BR"},{"@type":"Person","@id":"https:\/\/mhcalculos.com.br\/noticias\/#\/schema\/person\/88d1c34bf72dc779ea14a5a6b8e0ae8d","name":"Equipe MH","image":{"@type":"ImageObject","inLanguage":"pt-BR","@id":"https:\/\/secure.gravatar.com\/avatar\/de1c686c2ecc9c5a3f327e3431d819eb39f8f05d4e1045f5a1caad6daaba987f?s=96&d=mm&r=g","url":"https:\/\/secure.gravatar.com\/avatar\/de1c686c2ecc9c5a3f327e3431d819eb39f8f05d4e1045f5a1caad6daaba987f?s=96&d=mm&r=g","contentUrl":"https:\/\/secure.gravatar.com\/avatar\/de1c686c2ecc9c5a3f327e3431d819eb39f8f05d4e1045f5a1caad6daaba987f?s=96&d=mm&r=g","caption":"Equipe MH"}}]}},"_links":{"self":[{"href":"https:\/\/mhcalculos.com.br\/noticias\/wp-json\/wp\/v2\/posts\/7128","targetHints":{"allow":["GET"]}}],"collection":[{"href":"https:\/\/mhcalculos.com.br\/noticias\/wp-json\/wp\/v2\/posts"}],"about":[{"href":"https:\/\/mhcalculos.com.br\/noticias\/wp-json\/wp\/v2\/types\/post"}],"author":[{"embeddable":true,"href":"https:\/\/mhcalculos.com.br\/noticias\/wp-json\/wp\/v2\/users\/3063"}],"replies":[{"embeddable":true,"href":"https:\/\/mhcalculos.com.br\/noticias\/wp-json\/wp\/v2\/comments?post=7128"}],"version-history":[{"count":1,"href":"https:\/\/mhcalculos.com.br\/noticias\/wp-json\/wp\/v2\/posts\/7128\/revisions"}],"predecessor-version":[{"id":9205,"href":"https:\/\/mhcalculos.com.br\/noticias\/wp-json\/wp\/v2\/posts\/7128\/revisions\/9205"}],"wp:featuredmedia":[{"embeddable":true,"href":"https:\/\/mhcalculos.com.br\/noticias\/wp-json\/wp\/v2\/media\/3939"}],"wp:attachment":[{"href":"https:\/\/mhcalculos.com.br\/noticias\/wp-json\/wp\/v2\/media?parent=7128"}],"wp:term":[{"taxonomy":"category","embeddable":true,"href":"https:\/\/mhcalculos.com.br\/noticias\/wp-json\/wp\/v2\/categories?post=7128"},{"taxonomy":"post_tag","embeddable":true,"href":"https:\/\/mhcalculos.com.br\/noticias\/wp-json\/wp\/v2\/tags?post=7128"}],"curies":[{"name":"wp","href":"https:\/\/api.w.org\/{rel}","templated":true}]}}