{"id":7119,"date":"2020-05-01T23:05:21","date_gmt":"2020-05-02T02:05:21","guid":{"rendered":"https:\/\/mhcalculos.com.br\/noticias\/area\/previdenciario\/trf3-tribunal-garante-pensao-por-morte-a-mae-de-militar.html"},"modified":"2021-07-28T14:29:51","modified_gmt":"2021-07-28T17:29:51","slug":"trf3-tribunal-garante-pensao-por-morte-a-mae-de-militar","status":"publish","type":"post","link":"https:\/\/mhcalculos.com.br\/noticias\/area\/previdenciario\/trf3-tribunal-garante-pensao-por-morte-a-mae-de-militar.html","title":{"rendered":"TRF3: TRIBUNAL&nbsp;GARANTE PENS\u00c3O POR MORTE A M\u00c3E DE MILITAR"},"content":{"rendered":"\n<div class=\"mat\">\n<p><em>Autora comprovou que dependia economicamente do filho falecido<\/em><\/p>\n<p>A Segunda Turma do Tribunal Regional Federal da 3\u00aa Regi\u00e3o (TRF3) determinou \u00e0 Uni\u00e3o conceder pens\u00e3o militar \u00e0 m\u00e3e de um soldado falecido em 2011. Ela conseguiu comprovar que dependia economicamente do filho.<\/p>\n<p>Para os magistrados, depoimentos colhidos durante a fase processual provam que o filho era o respons\u00e1vel pelos gastos da fam\u00edlia, pagando as contas e ajudando nas despesas da casa. Al\u00e9m disso, ap\u00f3s a morte do militar, ficou comprovado que a m\u00e3e passou a ter dificuldade financeira para manter o seu sustento.<\/p>\n<p>A autora alegou que, \u00e0 \u00e9poca do \u00f3bito do filho, trabalhava como empregada dom\u00e9stica, recebendo remunera\u00e7\u00e3o mensal no valor de um sal\u00e1rio m\u00ednimo. Ap\u00f3s o falecimento do militar, as dificuldades financeiras aumentaram, ela adoeceu e permaneceu desempregada por um ano, agravando ainda mais a situa\u00e7\u00e3o.<\/p>\n<p>Segundo o desembargador federal Cotrim Guimar\u00e3es, relator do processo, as provas nos autos confirmaram a regular ajuda que o militar falecido prestava \u00e0 apelante, bem como o estado de pobreza da fam\u00edlia como um todo.<\/p>\n<p>O relator explicou, ainda, que a depend\u00eancia econ\u00f4mica dos pais em rela\u00e7\u00e3o aos filhos, para fins de pens\u00e3o militar, n\u00e3o precisa ser absoluta, conforme jurisprud\u00eancia da Segunda Turma. Basta que dependa de contribui\u00e7\u00f5es financeiras de filhos.<\/p>\n<p>Por fim, o desembargador federal Cotrim Guimar\u00e3es concluiu que a autora faz jus ao recebimento de pens\u00e3o militar, disposto nos termos do artigo 15 da Lei 3.765\/60, a partir da data do requerimento administrativo, com valor equivalente ao que o filho recebia na ativa.<\/p>\n<p>Apela\u00e7\u00e3o C\u00edvel 5000032-87.2017.4.03.6115<\/p>\n<\/p>\n<\/div>\n<p><i>Com informa\u00e7\u00f5es da assessoria de imprensa do TRF3.<\/i><br \/>\n<br \/><a href=\"http:\/\/web.trf3.jus.br\/noticias\/Noticias\/Noticia\/Exibir\/394474\">Fonte<\/a><br \/>\n<br \/><\/p>\n","protected":false},"excerpt":{"rendered":"<p>Autora comprovou que dependia economicamente do filho falecido A Segunda Turma do Tribunal Regional Federal da 3\u00aa Regi\u00e3o (TRF3) determinou \u00e0 Uni\u00e3o conceder pens\u00e3o militar \u00e0 m\u00e3e de um soldado falecido em 2011. Ela conseguiu comprovar que dependia economicamente do filho. Para os magistrados, depoimentos colhidos durante a fase processual provam que o filho era [&hellip;]<\/p>\n","protected":false},"author":3063,"featured_media":2092,"comment_status":"open","ping_status":"open","sticky":false,"template":"","format":"standard","meta":{"footnotes":""},"categories":[5,110],"tags":[11,10,8,13,9,12,152],"class_list":{"0":"post-7119","1":"post","2":"type-post","3":"status-publish","4":"format-standard","5":"has-post-thumbnail","7":"category-previdenciario","8":"category-trf3","9":"tag-aposentadoria","10":"tag-calculos-previdenciarios","11":"tag-direito-previdenciario","12":"tag-inss","13":"tag-pericia","14":"tag-perito","15":"tag-trf3"},"yoast_head":"<!-- This site is optimized with the Yoast SEO plugin v27.2 - https:\/\/yoast.com\/product\/yoast-seo-wordpress\/ -->\n<title>TRF3: TRIBUNAL&nbsp;GARANTE PENS\u00c3O POR MORTE A M\u00c3E DE MILITAR | Portal de Not\u00edcias<\/title>\n<meta name=\"robots\" content=\"index, follow, max-snippet:-1, max-image-preview:large, max-video-preview:-1\" \/>\n<link rel=\"canonical\" href=\"https:\/\/mhcalculos.com.br\/noticias\/area\/previdenciario\/trf3-tribunal-garante-pensao-por-morte-a-mae-de-militar.html\" \/>\n<meta property=\"og:locale\" content=\"pt_BR\" \/>\n<meta property=\"og:type\" content=\"article\" \/>\n<meta property=\"og:title\" content=\"TRF3: TRIBUNAL&nbsp;GARANTE PENS\u00c3O POR MORTE A M\u00c3E DE MILITAR | Portal de Not\u00edcias\" \/>\n<meta property=\"og:description\" content=\"Autora comprovou que dependia economicamente do filho falecido A Segunda Turma do Tribunal Regional Federal da 3\u00aa Regi\u00e3o (TRF3) determinou \u00e0 Uni\u00e3o conceder pens\u00e3o militar \u00e0 m\u00e3e de um soldado falecido em 2011. Ela conseguiu comprovar que dependia economicamente do filho. Para os magistrados, depoimentos colhidos durante a fase processual provam que o filho era [&hellip;]\" \/>\n<meta property=\"og:url\" content=\"https:\/\/mhcalculos.com.br\/noticias\/area\/previdenciario\/trf3-tribunal-garante-pensao-por-morte-a-mae-de-militar.html\" \/>\n<meta property=\"og:site_name\" content=\"Portal de Not\u00edcias\" \/>\n<meta property=\"article:published_time\" content=\"2020-05-02T02:05:21+00:00\" \/>\n<meta property=\"article:modified_time\" content=\"2021-07-28T17:29:51+00:00\" \/>\n<meta property=\"og:image\" content=\"https:\/\/mhcalculos.com.br\/noticias\/wp-content\/uploads\/sites\/2\/2018\/06\/judiciario-0013.jpg\" \/>\n\t<meta property=\"og:image:width\" content=\"2000\" \/>\n\t<meta property=\"og:image:height\" content=\"800\" \/>\n\t<meta property=\"og:image:type\" content=\"image\/jpeg\" \/>\n<meta name=\"author\" content=\"Equipe MH\" \/>\n<meta name=\"twitter:card\" content=\"summary_large_image\" \/>\n<meta name=\"twitter:label1\" content=\"Escrito por\" \/>\n\t<meta name=\"twitter:data1\" content=\"Equipe MH\" \/>\n\t<meta name=\"twitter:label2\" content=\"Est. tempo de leitura\" \/>\n\t<meta name=\"twitter:data2\" content=\"1 minuto\" \/>\n<script type=\"application\/ld+json\" class=\"yoast-schema-graph\">{\"@context\":\"https:\/\/schema.org\",\"@graph\":[{\"@type\":\"Article\",\"@id\":\"https:\/\/mhcalculos.com.br\/noticias\/area\/previdenciario\/trf3-tribunal-garante-pensao-por-morte-a-mae-de-militar.html#article\",\"isPartOf\":{\"@id\":\"https:\/\/mhcalculos.com.br\/noticias\/area\/previdenciario\/trf3-tribunal-garante-pensao-por-morte-a-mae-de-militar.html\"},\"author\":{\"name\":\"Equipe MH\",\"@id\":\"https:\/\/mhcalculos.com.br\/noticias\/#\/schema\/person\/88d1c34bf72dc779ea14a5a6b8e0ae8d\"},\"headline\":\"TRF3: TRIBUNAL&nbsp;GARANTE PENS\u00c3O POR MORTE A M\u00c3E DE MILITAR\",\"datePublished\":\"2020-05-02T02:05:21+00:00\",\"dateModified\":\"2021-07-28T17:29:51+00:00\",\"mainEntityOfPage\":{\"@id\":\"https:\/\/mhcalculos.com.br\/noticias\/area\/previdenciario\/trf3-tribunal-garante-pensao-por-morte-a-mae-de-militar.html\"},\"wordCount\":300,\"commentCount\":0,\"image\":{\"@id\":\"https:\/\/mhcalculos.com.br\/noticias\/area\/previdenciario\/trf3-tribunal-garante-pensao-por-morte-a-mae-de-militar.html#primaryimage\"},\"thumbnailUrl\":\"https:\/\/mhcalculos.com.br\/noticias\/wp-content\/uploads\/sites\/2\/2018\/06\/judiciario-0013.jpg\",\"keywords\":[\"aposentadoria\",\"c\u00e1lculos previdenci\u00e1rios\",\"direito previdenci\u00e1rio\",\"inss\",\"per\u00edcia\",\"perito\",\"trf3\"],\"articleSection\":[\"Direito Previdenci\u00e1rio\",\"TRF3\"],\"inLanguage\":\"pt-BR\",\"potentialAction\":[{\"@type\":\"CommentAction\",\"name\":\"Comment\",\"target\":[\"https:\/\/mhcalculos.com.br\/noticias\/area\/previdenciario\/trf3-tribunal-garante-pensao-por-morte-a-mae-de-militar.html#respond\"]}]},{\"@type\":\"WebPage\",\"@id\":\"https:\/\/mhcalculos.com.br\/noticias\/area\/previdenciario\/trf3-tribunal-garante-pensao-por-morte-a-mae-de-militar.html\",\"url\":\"https:\/\/mhcalculos.com.br\/noticias\/area\/previdenciario\/trf3-tribunal-garante-pensao-por-morte-a-mae-de-militar.html\",\"name\":\"TRF3: TRIBUNAL&nbsp;GARANTE PENS\u00c3O POR MORTE A M\u00c3E DE MILITAR | Portal de Not\u00edcias\",\"isPartOf\":{\"@id\":\"https:\/\/mhcalculos.com.br\/noticias\/#website\"},\"primaryImageOfPage\":{\"@id\":\"https:\/\/mhcalculos.com.br\/noticias\/area\/previdenciario\/trf3-tribunal-garante-pensao-por-morte-a-mae-de-militar.html#primaryimage\"},\"image\":{\"@id\":\"https:\/\/mhcalculos.com.br\/noticias\/area\/previdenciario\/trf3-tribunal-garante-pensao-por-morte-a-mae-de-militar.html#primaryimage\"},\"thumbnailUrl\":\"https:\/\/mhcalculos.com.br\/noticias\/wp-content\/uploads\/sites\/2\/2018\/06\/judiciario-0013.jpg\",\"datePublished\":\"2020-05-02T02:05:21+00:00\",\"dateModified\":\"2021-07-28T17:29:51+00:00\",\"author\":{\"@id\":\"https:\/\/mhcalculos.com.br\/noticias\/#\/schema\/person\/88d1c34bf72dc779ea14a5a6b8e0ae8d\"},\"breadcrumb\":{\"@id\":\"https:\/\/mhcalculos.com.br\/noticias\/area\/previdenciario\/trf3-tribunal-garante-pensao-por-morte-a-mae-de-militar.html#breadcrumb\"},\"inLanguage\":\"pt-BR\",\"potentialAction\":[{\"@type\":\"ReadAction\",\"target\":[\"https:\/\/mhcalculos.com.br\/noticias\/area\/previdenciario\/trf3-tribunal-garante-pensao-por-morte-a-mae-de-militar.html\"]}]},{\"@type\":\"ImageObject\",\"inLanguage\":\"pt-BR\",\"@id\":\"https:\/\/mhcalculos.com.br\/noticias\/area\/previdenciario\/trf3-tribunal-garante-pensao-por-morte-a-mae-de-militar.html#primaryimage\",\"url\":\"https:\/\/mhcalculos.com.br\/noticias\/wp-content\/uploads\/sites\/2\/2018\/06\/judiciario-0013.jpg\",\"contentUrl\":\"https:\/\/mhcalculos.com.br\/noticias\/wp-content\/uploads\/sites\/2\/2018\/06\/judiciario-0013.jpg\",\"width\":2000,\"height\":800},{\"@type\":\"BreadcrumbList\",\"@id\":\"https:\/\/mhcalculos.com.br\/noticias\/area\/previdenciario\/trf3-tribunal-garante-pensao-por-morte-a-mae-de-militar.html#breadcrumb\",\"itemListElement\":[{\"@type\":\"ListItem\",\"position\":1,\"name\":\"In\u00edcio\",\"item\":\"https:\/\/mhcalculos.com.br\/noticias\/\"},{\"@type\":\"ListItem\",\"position\":2,\"name\":\"TRF3: TRIBUNAL&nbsp;GARANTE PENS\u00c3O POR MORTE A M\u00c3E DE MILITAR\"}]},{\"@type\":\"WebSite\",\"@id\":\"https:\/\/mhcalculos.com.br\/noticias\/#website\",\"url\":\"https:\/\/mhcalculos.com.br\/noticias\/\",\"name\":\"Portal de Not\u00edcias\",\"description\":\"Not\u00edcias e Jurisprud\u00eancia\",\"potentialAction\":[{\"@type\":\"SearchAction\",\"target\":{\"@type\":\"EntryPoint\",\"urlTemplate\":\"https:\/\/mhcalculos.com.br\/noticias\/?s={search_term_string}\"},\"query-input\":{\"@type\":\"PropertyValueSpecification\",\"valueRequired\":true,\"valueName\":\"search_term_string\"}}],\"inLanguage\":\"pt-BR\"},{\"@type\":\"Person\",\"@id\":\"https:\/\/mhcalculos.com.br\/noticias\/#\/schema\/person\/88d1c34bf72dc779ea14a5a6b8e0ae8d\",\"name\":\"Equipe MH\",\"image\":{\"@type\":\"ImageObject\",\"inLanguage\":\"pt-BR\",\"@id\":\"https:\/\/secure.gravatar.com\/avatar\/de1c686c2ecc9c5a3f327e3431d819eb39f8f05d4e1045f5a1caad6daaba987f?s=96&d=mm&r=g\",\"url\":\"https:\/\/secure.gravatar.com\/avatar\/de1c686c2ecc9c5a3f327e3431d819eb39f8f05d4e1045f5a1caad6daaba987f?s=96&d=mm&r=g\",\"contentUrl\":\"https:\/\/secure.gravatar.com\/avatar\/de1c686c2ecc9c5a3f327e3431d819eb39f8f05d4e1045f5a1caad6daaba987f?s=96&d=mm&r=g\",\"caption\":\"Equipe MH\"}}]}<\/script>\n<!-- \/ Yoast SEO plugin. -->","yoast_head_json":{"title":"TRF3: TRIBUNAL&nbsp;GARANTE PENS\u00c3O POR MORTE A M\u00c3E DE MILITAR | Portal de Not\u00edcias","robots":{"index":"index","follow":"follow","max-snippet":"max-snippet:-1","max-image-preview":"max-image-preview:large","max-video-preview":"max-video-preview:-1"},"canonical":"https:\/\/mhcalculos.com.br\/noticias\/area\/previdenciario\/trf3-tribunal-garante-pensao-por-morte-a-mae-de-militar.html","og_locale":"pt_BR","og_type":"article","og_title":"TRF3: TRIBUNAL&nbsp;GARANTE PENS\u00c3O POR MORTE A M\u00c3E DE MILITAR | Portal de Not\u00edcias","og_description":"Autora comprovou que dependia economicamente do filho falecido A Segunda Turma do Tribunal Regional Federal da 3\u00aa Regi\u00e3o (TRF3) determinou \u00e0 Uni\u00e3o conceder pens\u00e3o militar \u00e0 m\u00e3e de um soldado falecido em 2011. Ela conseguiu comprovar que dependia economicamente do filho. Para os magistrados, depoimentos colhidos durante a fase processual provam que o filho era [&hellip;]","og_url":"https:\/\/mhcalculos.com.br\/noticias\/area\/previdenciario\/trf3-tribunal-garante-pensao-por-morte-a-mae-de-militar.html","og_site_name":"Portal de Not\u00edcias","article_published_time":"2020-05-02T02:05:21+00:00","article_modified_time":"2021-07-28T17:29:51+00:00","og_image":[{"width":2000,"height":800,"url":"https:\/\/mhcalculos.com.br\/noticias\/wp-content\/uploads\/sites\/2\/2018\/06\/judiciario-0013.jpg","type":"image\/jpeg"}],"author":"Equipe MH","twitter_card":"summary_large_image","twitter_misc":{"Escrito por":"Equipe MH","Est. tempo de leitura":"1 minuto"},"schema":{"@context":"https:\/\/schema.org","@graph":[{"@type":"Article","@id":"https:\/\/mhcalculos.com.br\/noticias\/area\/previdenciario\/trf3-tribunal-garante-pensao-por-morte-a-mae-de-militar.html#article","isPartOf":{"@id":"https:\/\/mhcalculos.com.br\/noticias\/area\/previdenciario\/trf3-tribunal-garante-pensao-por-morte-a-mae-de-militar.html"},"author":{"name":"Equipe MH","@id":"https:\/\/mhcalculos.com.br\/noticias\/#\/schema\/person\/88d1c34bf72dc779ea14a5a6b8e0ae8d"},"headline":"TRF3: TRIBUNAL&nbsp;GARANTE PENS\u00c3O POR MORTE A M\u00c3E DE MILITAR","datePublished":"2020-05-02T02:05:21+00:00","dateModified":"2021-07-28T17:29:51+00:00","mainEntityOfPage":{"@id":"https:\/\/mhcalculos.com.br\/noticias\/area\/previdenciario\/trf3-tribunal-garante-pensao-por-morte-a-mae-de-militar.html"},"wordCount":300,"commentCount":0,"image":{"@id":"https:\/\/mhcalculos.com.br\/noticias\/area\/previdenciario\/trf3-tribunal-garante-pensao-por-morte-a-mae-de-militar.html#primaryimage"},"thumbnailUrl":"https:\/\/mhcalculos.com.br\/noticias\/wp-content\/uploads\/sites\/2\/2018\/06\/judiciario-0013.jpg","keywords":["aposentadoria","c\u00e1lculos previdenci\u00e1rios","direito previdenci\u00e1rio","inss","per\u00edcia","perito","trf3"],"articleSection":["Direito Previdenci\u00e1rio","TRF3"],"inLanguage":"pt-BR","potentialAction":[{"@type":"CommentAction","name":"Comment","target":["https:\/\/mhcalculos.com.br\/noticias\/area\/previdenciario\/trf3-tribunal-garante-pensao-por-morte-a-mae-de-militar.html#respond"]}]},{"@type":"WebPage","@id":"https:\/\/mhcalculos.com.br\/noticias\/area\/previdenciario\/trf3-tribunal-garante-pensao-por-morte-a-mae-de-militar.html","url":"https:\/\/mhcalculos.com.br\/noticias\/area\/previdenciario\/trf3-tribunal-garante-pensao-por-morte-a-mae-de-militar.html","name":"TRF3: TRIBUNAL&nbsp;GARANTE PENS\u00c3O POR MORTE A M\u00c3E DE MILITAR | Portal de Not\u00edcias","isPartOf":{"@id":"https:\/\/mhcalculos.com.br\/noticias\/#website"},"primaryImageOfPage":{"@id":"https:\/\/mhcalculos.com.br\/noticias\/area\/previdenciario\/trf3-tribunal-garante-pensao-por-morte-a-mae-de-militar.html#primaryimage"},"image":{"@id":"https:\/\/mhcalculos.com.br\/noticias\/area\/previdenciario\/trf3-tribunal-garante-pensao-por-morte-a-mae-de-militar.html#primaryimage"},"thumbnailUrl":"https:\/\/mhcalculos.com.br\/noticias\/wp-content\/uploads\/sites\/2\/2018\/06\/judiciario-0013.jpg","datePublished":"2020-05-02T02:05:21+00:00","dateModified":"2021-07-28T17:29:51+00:00","author":{"@id":"https:\/\/mhcalculos.com.br\/noticias\/#\/schema\/person\/88d1c34bf72dc779ea14a5a6b8e0ae8d"},"breadcrumb":{"@id":"https:\/\/mhcalculos.com.br\/noticias\/area\/previdenciario\/trf3-tribunal-garante-pensao-por-morte-a-mae-de-militar.html#breadcrumb"},"inLanguage":"pt-BR","potentialAction":[{"@type":"ReadAction","target":["https:\/\/mhcalculos.com.br\/noticias\/area\/previdenciario\/trf3-tribunal-garante-pensao-por-morte-a-mae-de-militar.html"]}]},{"@type":"ImageObject","inLanguage":"pt-BR","@id":"https:\/\/mhcalculos.com.br\/noticias\/area\/previdenciario\/trf3-tribunal-garante-pensao-por-morte-a-mae-de-militar.html#primaryimage","url":"https:\/\/mhcalculos.com.br\/noticias\/wp-content\/uploads\/sites\/2\/2018\/06\/judiciario-0013.jpg","contentUrl":"https:\/\/mhcalculos.com.br\/noticias\/wp-content\/uploads\/sites\/2\/2018\/06\/judiciario-0013.jpg","width":2000,"height":800},{"@type":"BreadcrumbList","@id":"https:\/\/mhcalculos.com.br\/noticias\/area\/previdenciario\/trf3-tribunal-garante-pensao-por-morte-a-mae-de-militar.html#breadcrumb","itemListElement":[{"@type":"ListItem","position":1,"name":"In\u00edcio","item":"https:\/\/mhcalculos.com.br\/noticias\/"},{"@type":"ListItem","position":2,"name":"TRF3: TRIBUNAL&nbsp;GARANTE PENS\u00c3O POR MORTE A M\u00c3E DE MILITAR"}]},{"@type":"WebSite","@id":"https:\/\/mhcalculos.com.br\/noticias\/#website","url":"https:\/\/mhcalculos.com.br\/noticias\/","name":"Portal de Not\u00edcias","description":"Not\u00edcias e Jurisprud\u00eancia","potentialAction":[{"@type":"SearchAction","target":{"@type":"EntryPoint","urlTemplate":"https:\/\/mhcalculos.com.br\/noticias\/?s={search_term_string}"},"query-input":{"@type":"PropertyValueSpecification","valueRequired":true,"valueName":"search_term_string"}}],"inLanguage":"pt-BR"},{"@type":"Person","@id":"https:\/\/mhcalculos.com.br\/noticias\/#\/schema\/person\/88d1c34bf72dc779ea14a5a6b8e0ae8d","name":"Equipe MH","image":{"@type":"ImageObject","inLanguage":"pt-BR","@id":"https:\/\/secure.gravatar.com\/avatar\/de1c686c2ecc9c5a3f327e3431d819eb39f8f05d4e1045f5a1caad6daaba987f?s=96&d=mm&r=g","url":"https:\/\/secure.gravatar.com\/avatar\/de1c686c2ecc9c5a3f327e3431d819eb39f8f05d4e1045f5a1caad6daaba987f?s=96&d=mm&r=g","contentUrl":"https:\/\/secure.gravatar.com\/avatar\/de1c686c2ecc9c5a3f327e3431d819eb39f8f05d4e1045f5a1caad6daaba987f?s=96&d=mm&r=g","caption":"Equipe MH"}}]}},"_links":{"self":[{"href":"https:\/\/mhcalculos.com.br\/noticias\/wp-json\/wp\/v2\/posts\/7119","targetHints":{"allow":["GET"]}}],"collection":[{"href":"https:\/\/mhcalculos.com.br\/noticias\/wp-json\/wp\/v2\/posts"}],"about":[{"href":"https:\/\/mhcalculos.com.br\/noticias\/wp-json\/wp\/v2\/types\/post"}],"author":[{"embeddable":true,"href":"https:\/\/mhcalculos.com.br\/noticias\/wp-json\/wp\/v2\/users\/3063"}],"replies":[{"embeddable":true,"href":"https:\/\/mhcalculos.com.br\/noticias\/wp-json\/wp\/v2\/comments?post=7119"}],"version-history":[{"count":1,"href":"https:\/\/mhcalculos.com.br\/noticias\/wp-json\/wp\/v2\/posts\/7119\/revisions"}],"predecessor-version":[{"id":9211,"href":"https:\/\/mhcalculos.com.br\/noticias\/wp-json\/wp\/v2\/posts\/7119\/revisions\/9211"}],"wp:featuredmedia":[{"embeddable":true,"href":"https:\/\/mhcalculos.com.br\/noticias\/wp-json\/wp\/v2\/media\/2092"}],"wp:attachment":[{"href":"https:\/\/mhcalculos.com.br\/noticias\/wp-json\/wp\/v2\/media?parent=7119"}],"wp:term":[{"taxonomy":"category","embeddable":true,"href":"https:\/\/mhcalculos.com.br\/noticias\/wp-json\/wp\/v2\/categories?post=7119"},{"taxonomy":"post_tag","embeddable":true,"href":"https:\/\/mhcalculos.com.br\/noticias\/wp-json\/wp\/v2\/tags?post=7119"}],"curies":[{"name":"wp","href":"https:\/\/api.w.org\/{rel}","templated":true}]}}