{"id":7104,"date":"2020-04-28T15:05:15","date_gmt":"2020-04-28T18:05:15","guid":{"rendered":"https:\/\/mhcalculos.com.br\/noticias\/videos\/saiba-tudo-sobre-demissoes-e-relacoes-de-trabalho-em-epoca-de-covid-19.html"},"modified":"2020-04-28T15:05:15","modified_gmt":"2020-04-28T18:05:15","slug":"saiba-tudo-sobre-demissoes-e-relacoes-de-trabalho-em-epoca-de-covid-19","status":"publish","type":"post","link":"https:\/\/mhcalculos.com.br\/noticias\/videos\/saiba-tudo-sobre-demissoes-e-relacoes-de-trabalho-em-epoca-de-covid-19.html","title":{"rendered":"Saiba tudo sobre demiss\u00f5es e rela\u00e7\u00f5es de trabalho em \u00e9poca de COVID-19"},"content":{"rendered":"<p>A ideia do v\u00eddeo e fazer um bate papo sobre as principais perguntas que tenho sido questionado nos \u00faltimos tempos no que diz respeito a rela\u00e7\u00f5es trabalhistas: fui demitido com a crise, quais os valores que devo receber? Como fica a rela\u00e7\u00e3o de trabalho no Home office, redu\u00e7\u00e3o da jornada de trabalho e de sal\u00e1rio, pode? e muito mais.<\/p>\n<p>Estamos vivendo um cen\u00e1rio de muita inseguran\u00e7a e Quero mostrar como fazer esses c\u00e1lculos para que voc\u00ea mesmo possa saber exatamente o que \u00e9 devido nestes principais casos.<\/p>\n<p>Na minha vis\u00e3o de Perito em c\u00e1lculos judiciais, com milhares de c\u00e1lculos trabalhistas realizados aqui na MH, quero compartilhar um pouco do meu conhecimento e contribuir para que todos tenha acesso aos seus direitos em situa\u00e7\u00f5es de crise como a que estamos vivenciando no momento.<\/p>\n<p>Abra\u00e7o a todos e qualquer d\u00favida estarei sempre por aqui, acompanhando os coment\u00e1rios.<\/p>\n<p>www.mhcalculos.com.br<br \/>\n<br \/><a href=\"https:\/\/www.youtube.com\/channel\/UCht7Pxd5XOcnNpgqTHHCNXg\" target=\"_blank\" rel=\"noopener noreferrer\">Clique aqui para acessar o canal da MH C\u00e1lculos no Youtube.<\/a><\/p>\n","protected":false},"excerpt":{"rendered":"<p>A ideia do v\u00eddeo e fazer um bate papo sobre as principais perguntas que tenho sido questionado nos \u00faltimos tempos no que diz respeito a rela\u00e7\u00f5es trabalhistas: fui demitido com a crise, quais os valores que devo receber? Como fica a rela\u00e7\u00e3o de trabalho no Home office, redu\u00e7\u00e3o da jornada de trabalho e de sal\u00e1rio, [&hellip;]<\/p>\n","protected":false},"author":6,"featured_media":7105,"comment_status":"open","ping_status":"open","sticky":false,"template":"","format":"video","meta":{"footnotes":""},"categories":[40],"tags":[37,38,32,33,2218,2217,36,2220,35,9,12,34,769,764,2219],"class_list":{"0":"post-7104","1":"post","2":"type-post","3":"status-publish","4":"format-video","5":"has-post-thumbnail","7":"category-videos","8":"tag-atualizacao-monetaria","9":"tag-calculo-previdenciarios","10":"tag-calculos-judiciais","11":"tag-calculos-trabalhistas","12":"tag-celular-com-camera","13":"tag-compartilhamento","14":"tag-correcao-monetaria","15":"tag-gratuito","16":"tag-justica","17":"tag-pericia","18":"tag-perito","19":"tag-processos-trabalhista","20":"tag-upload","21":"tag-video","22":"tag-videofone","23":"post_format-post-format-video"},"yoast_head":"<!-- This site is optimized with the Yoast SEO plugin v27.2 - https:\/\/yoast.com\/product\/yoast-seo-wordpress\/ -->\n<title>Saiba tudo sobre demiss\u00f5es e rela\u00e7\u00f5es de trabalho em \u00e9poca de COVID-19 | Portal de Not\u00edcias<\/title>\n<meta name=\"robots\" content=\"index, follow, max-snippet:-1, max-image-preview:large, max-video-preview:-1\" \/>\n<link rel=\"canonical\" href=\"https:\/\/www.youtube.com\/watch?v=VXNxVIxcGrw\" \/>\n<meta property=\"og:locale\" content=\"pt_BR\" \/>\n<meta property=\"og:type\" content=\"article\" \/>\n<meta property=\"og:title\" content=\"Saiba tudo sobre demiss\u00f5es e rela\u00e7\u00f5es de trabalho em \u00e9poca de COVID-19 | Portal de Not\u00edcias\" \/>\n<meta property=\"og:description\" content=\"A ideia do v\u00eddeo e fazer um bate papo sobre as principais perguntas que tenho sido questionado nos \u00faltimos tempos no que diz respeito a rela\u00e7\u00f5es trabalhistas: fui demitido com a crise, quais os valores que devo receber? Como fica a rela\u00e7\u00e3o de trabalho no Home office, redu\u00e7\u00e3o da jornada de trabalho e de sal\u00e1rio, [&hellip;]\" \/>\n<meta property=\"og:url\" content=\"https:\/\/www.youtube.com\/watch?v=VXNxVIxcGrw\" \/>\n<meta property=\"og:site_name\" content=\"Portal de Not\u00edcias\" \/>\n<meta property=\"article:published_time\" content=\"2020-04-28T18:05:15+00:00\" \/>\n<meta property=\"og:image\" content=\"https:\/\/mhcalculos.com.br\/noticias\/wp-content\/uploads\/sites\/2\/2020\/04\/1588097120_maxresdefault.jpg\" \/>\n\t<meta property=\"og:image:width\" content=\"1280\" \/>\n\t<meta property=\"og:image:height\" content=\"720\" \/>\n\t<meta property=\"og:image:type\" content=\"image\/jpeg\" \/>\n<meta name=\"author\" content=\"MH C\u00e1lculos Judiciais\" \/>\n<meta name=\"twitter:card\" content=\"summary_large_image\" \/>\n<meta name=\"twitter:label1\" content=\"Escrito por\" \/>\n\t<meta name=\"twitter:data1\" content=\"MH C\u00e1lculos Judiciais\" \/>\n\t<meta name=\"twitter:label2\" content=\"Est. tempo de leitura\" \/>\n\t<meta name=\"twitter:data2\" content=\"1 minuto\" \/>\n<script type=\"application\/ld+json\" class=\"yoast-schema-graph\">{\"@context\":\"https:\/\/schema.org\",\"@graph\":[{\"@type\":\"Article\",\"@id\":\"https:\/\/www.youtube.com\/watch?v=VXNxVIxcGrw#article\",\"isPartOf\":{\"@id\":\"https:\/\/mhcalculos.com.br\/noticias\/videos\/saiba-tudo-sobre-demissoes-e-relacoes-de-trabalho-em-epoca-de-covid-19.html\"},\"author\":{\"name\":\"MH C\u00e1lculos Judiciais\",\"@id\":\"https:\/\/mhcalculos.com.br\/noticias\/#\/schema\/person\/bed59a52f868e043e87efe38b55d00e1\"},\"headline\":\"Saiba tudo sobre demiss\u00f5es e rela\u00e7\u00f5es de trabalho em \u00e9poca de COVID-19\",\"datePublished\":\"2020-04-28T18:05:15+00:00\",\"mainEntityOfPage\":{\"@id\":\"https:\/\/mhcalculos.com.br\/noticias\/videos\/saiba-tudo-sobre-demissoes-e-relacoes-de-trabalho-em-epoca-de-covid-19.html\"},\"wordCount\":189,\"commentCount\":0,\"image\":{\"@id\":\"https:\/\/www.youtube.com\/watch?v=VXNxVIxcGrw#primaryimage\"},\"thumbnailUrl\":\"https:\/\/mhcalculos.com.br\/noticias\/wp-content\/uploads\/sites\/2\/2020\/04\/1588097120_maxresdefault.jpg\",\"keywords\":[\"atualiza\u00e7\u00e3o monet\u00e1ria\",\"c\u00e1lculo previdenci\u00e1rios\",\"c\u00e1lculos judiciais\",\"c\u00e1lculos trabalhistas\",\"celular com c\u00e2mera\",\"compartilhamento\",\"corre\u00e7\u00e3o monet\u00e1ria\",\"gratuito\",\"justi\u00e7a\",\"per\u00edcia\",\"perito\",\"processos trabalhista\",\"upload\",\"video\",\"videofone\"],\"articleSection\":[\"V\u00eddeos\"],\"inLanguage\":\"pt-BR\",\"potentialAction\":[{\"@type\":\"CommentAction\",\"name\":\"Comment\",\"target\":[\"https:\/\/www.youtube.com\/watch?v=VXNxVIxcGrw#respond\"]}]},{\"@type\":\"WebPage\",\"@id\":\"https:\/\/mhcalculos.com.br\/noticias\/videos\/saiba-tudo-sobre-demissoes-e-relacoes-de-trabalho-em-epoca-de-covid-19.html\",\"url\":\"https:\/\/www.youtube.com\/watch?v=VXNxVIxcGrw\",\"name\":\"Saiba tudo sobre demiss\u00f5es e rela\u00e7\u00f5es de trabalho em \u00e9poca de COVID-19 | Portal de Not\u00edcias\",\"isPartOf\":{\"@id\":\"https:\/\/mhcalculos.com.br\/noticias\/#website\"},\"primaryImageOfPage\":{\"@id\":\"https:\/\/www.youtube.com\/watch?v=VXNxVIxcGrw#primaryimage\"},\"image\":{\"@id\":\"https:\/\/www.youtube.com\/watch?v=VXNxVIxcGrw#primaryimage\"},\"thumbnailUrl\":\"https:\/\/mhcalculos.com.br\/noticias\/wp-content\/uploads\/sites\/2\/2020\/04\/1588097120_maxresdefault.jpg\",\"datePublished\":\"2020-04-28T18:05:15+00:00\",\"author\":{\"@id\":\"https:\/\/mhcalculos.com.br\/noticias\/#\/schema\/person\/bed59a52f868e043e87efe38b55d00e1\"},\"breadcrumb\":{\"@id\":\"https:\/\/www.youtube.com\/watch?v=VXNxVIxcGrw#breadcrumb\"},\"inLanguage\":\"pt-BR\",\"potentialAction\":[{\"@type\":\"ReadAction\",\"target\":[\"https:\/\/www.youtube.com\/watch?v=VXNxVIxcGrw\"]}]},{\"@type\":\"ImageObject\",\"inLanguage\":\"pt-BR\",\"@id\":\"https:\/\/www.youtube.com\/watch?v=VXNxVIxcGrw#primaryimage\",\"url\":\"https:\/\/mhcalculos.com.br\/noticias\/wp-content\/uploads\/sites\/2\/2020\/04\/1588097120_maxresdefault.jpg\",\"contentUrl\":\"https:\/\/mhcalculos.com.br\/noticias\/wp-content\/uploads\/sites\/2\/2020\/04\/1588097120_maxresdefault.jpg\",\"width\":1280,\"height\":720},{\"@type\":\"BreadcrumbList\",\"@id\":\"https:\/\/www.youtube.com\/watch?v=VXNxVIxcGrw#breadcrumb\",\"itemListElement\":[{\"@type\":\"ListItem\",\"position\":1,\"name\":\"In\u00edcio\",\"item\":\"https:\/\/mhcalculos.com.br\/noticias\/\"},{\"@type\":\"ListItem\",\"position\":2,\"name\":\"Saiba tudo sobre demiss\u00f5es e rela\u00e7\u00f5es de trabalho em \u00e9poca de COVID-19\"}]},{\"@type\":\"WebSite\",\"@id\":\"https:\/\/mhcalculos.com.br\/noticias\/#website\",\"url\":\"https:\/\/mhcalculos.com.br\/noticias\/\",\"name\":\"Portal de Not\u00edcias\",\"description\":\"Not\u00edcias e Jurisprud\u00eancia\",\"potentialAction\":[{\"@type\":\"SearchAction\",\"target\":{\"@type\":\"EntryPoint\",\"urlTemplate\":\"https:\/\/mhcalculos.com.br\/noticias\/?s={search_term_string}\"},\"query-input\":{\"@type\":\"PropertyValueSpecification\",\"valueRequired\":true,\"valueName\":\"search_term_string\"}}],\"inLanguage\":\"pt-BR\"},{\"@type\":\"Person\",\"@id\":\"https:\/\/mhcalculos.com.br\/noticias\/#\/schema\/person\/bed59a52f868e043e87efe38b55d00e1\",\"name\":\"MH C\u00e1lculos Judiciais\",\"image\":{\"@type\":\"ImageObject\",\"inLanguage\":\"pt-BR\",\"@id\":\"https:\/\/secure.gravatar.com\/avatar\/?s=96&d=mm&r=g\",\"url\":\"https:\/\/secure.gravatar.com\/avatar\/?s=96&d=mm&r=g\",\"contentUrl\":\"https:\/\/secure.gravatar.com\/avatar\/?s=96&d=mm&r=g\",\"caption\":\"MH C\u00e1lculos Judiciais\"}}]}<\/script>\n<!-- \/ Yoast SEO plugin. -->","yoast_head_json":{"title":"Saiba tudo sobre demiss\u00f5es e rela\u00e7\u00f5es de trabalho em \u00e9poca de COVID-19 | Portal de Not\u00edcias","robots":{"index":"index","follow":"follow","max-snippet":"max-snippet:-1","max-image-preview":"max-image-preview:large","max-video-preview":"max-video-preview:-1"},"canonical":"https:\/\/www.youtube.com\/watch?v=VXNxVIxcGrw","og_locale":"pt_BR","og_type":"article","og_title":"Saiba tudo sobre demiss\u00f5es e rela\u00e7\u00f5es de trabalho em \u00e9poca de COVID-19 | Portal de Not\u00edcias","og_description":"A ideia do v\u00eddeo e fazer um bate papo sobre as principais perguntas que tenho sido questionado nos \u00faltimos tempos no que diz respeito a rela\u00e7\u00f5es trabalhistas: fui demitido com a crise, quais os valores que devo receber? Como fica a rela\u00e7\u00e3o de trabalho no Home office, redu\u00e7\u00e3o da jornada de trabalho e de sal\u00e1rio, [&hellip;]","og_url":"https:\/\/www.youtube.com\/watch?v=VXNxVIxcGrw","og_site_name":"Portal de Not\u00edcias","article_published_time":"2020-04-28T18:05:15+00:00","og_image":[{"width":1280,"height":720,"url":"https:\/\/mhcalculos.com.br\/noticias\/wp-content\/uploads\/sites\/2\/2020\/04\/1588097120_maxresdefault.jpg","type":"image\/jpeg"}],"author":"MH C\u00e1lculos Judiciais","twitter_card":"summary_large_image","twitter_misc":{"Escrito por":"MH C\u00e1lculos Judiciais","Est. tempo de leitura":"1 minuto"},"schema":{"@context":"https:\/\/schema.org","@graph":[{"@type":"Article","@id":"https:\/\/www.youtube.com\/watch?v=VXNxVIxcGrw#article","isPartOf":{"@id":"https:\/\/mhcalculos.com.br\/noticias\/videos\/saiba-tudo-sobre-demissoes-e-relacoes-de-trabalho-em-epoca-de-covid-19.html"},"author":{"name":"MH C\u00e1lculos Judiciais","@id":"https:\/\/mhcalculos.com.br\/noticias\/#\/schema\/person\/bed59a52f868e043e87efe38b55d00e1"},"headline":"Saiba tudo sobre demiss\u00f5es e rela\u00e7\u00f5es de trabalho em \u00e9poca de COVID-19","datePublished":"2020-04-28T18:05:15+00:00","mainEntityOfPage":{"@id":"https:\/\/mhcalculos.com.br\/noticias\/videos\/saiba-tudo-sobre-demissoes-e-relacoes-de-trabalho-em-epoca-de-covid-19.html"},"wordCount":189,"commentCount":0,"image":{"@id":"https:\/\/www.youtube.com\/watch?v=VXNxVIxcGrw#primaryimage"},"thumbnailUrl":"https:\/\/mhcalculos.com.br\/noticias\/wp-content\/uploads\/sites\/2\/2020\/04\/1588097120_maxresdefault.jpg","keywords":["atualiza\u00e7\u00e3o monet\u00e1ria","c\u00e1lculo previdenci\u00e1rios","c\u00e1lculos judiciais","c\u00e1lculos trabalhistas","celular com c\u00e2mera","compartilhamento","corre\u00e7\u00e3o monet\u00e1ria","gratuito","justi\u00e7a","per\u00edcia","perito","processos trabalhista","upload","video","videofone"],"articleSection":["V\u00eddeos"],"inLanguage":"pt-BR","potentialAction":[{"@type":"CommentAction","name":"Comment","target":["https:\/\/www.youtube.com\/watch?v=VXNxVIxcGrw#respond"]}]},{"@type":"WebPage","@id":"https:\/\/mhcalculos.com.br\/noticias\/videos\/saiba-tudo-sobre-demissoes-e-relacoes-de-trabalho-em-epoca-de-covid-19.html","url":"https:\/\/www.youtube.com\/watch?v=VXNxVIxcGrw","name":"Saiba tudo sobre demiss\u00f5es e rela\u00e7\u00f5es de trabalho em \u00e9poca de COVID-19 | Portal de Not\u00edcias","isPartOf":{"@id":"https:\/\/mhcalculos.com.br\/noticias\/#website"},"primaryImageOfPage":{"@id":"https:\/\/www.youtube.com\/watch?v=VXNxVIxcGrw#primaryimage"},"image":{"@id":"https:\/\/www.youtube.com\/watch?v=VXNxVIxcGrw#primaryimage"},"thumbnailUrl":"https:\/\/mhcalculos.com.br\/noticias\/wp-content\/uploads\/sites\/2\/2020\/04\/1588097120_maxresdefault.jpg","datePublished":"2020-04-28T18:05:15+00:00","author":{"@id":"https:\/\/mhcalculos.com.br\/noticias\/#\/schema\/person\/bed59a52f868e043e87efe38b55d00e1"},"breadcrumb":{"@id":"https:\/\/www.youtube.com\/watch?v=VXNxVIxcGrw#breadcrumb"},"inLanguage":"pt-BR","potentialAction":[{"@type":"ReadAction","target":["https:\/\/www.youtube.com\/watch?v=VXNxVIxcGrw"]}]},{"@type":"ImageObject","inLanguage":"pt-BR","@id":"https:\/\/www.youtube.com\/watch?v=VXNxVIxcGrw#primaryimage","url":"https:\/\/mhcalculos.com.br\/noticias\/wp-content\/uploads\/sites\/2\/2020\/04\/1588097120_maxresdefault.jpg","contentUrl":"https:\/\/mhcalculos.com.br\/noticias\/wp-content\/uploads\/sites\/2\/2020\/04\/1588097120_maxresdefault.jpg","width":1280,"height":720},{"@type":"BreadcrumbList","@id":"https:\/\/www.youtube.com\/watch?v=VXNxVIxcGrw#breadcrumb","itemListElement":[{"@type":"ListItem","position":1,"name":"In\u00edcio","item":"https:\/\/mhcalculos.com.br\/noticias\/"},{"@type":"ListItem","position":2,"name":"Saiba tudo sobre demiss\u00f5es e rela\u00e7\u00f5es de trabalho em \u00e9poca de COVID-19"}]},{"@type":"WebSite","@id":"https:\/\/mhcalculos.com.br\/noticias\/#website","url":"https:\/\/mhcalculos.com.br\/noticias\/","name":"Portal de Not\u00edcias","description":"Not\u00edcias e Jurisprud\u00eancia","potentialAction":[{"@type":"SearchAction","target":{"@type":"EntryPoint","urlTemplate":"https:\/\/mhcalculos.com.br\/noticias\/?s={search_term_string}"},"query-input":{"@type":"PropertyValueSpecification","valueRequired":true,"valueName":"search_term_string"}}],"inLanguage":"pt-BR"},{"@type":"Person","@id":"https:\/\/mhcalculos.com.br\/noticias\/#\/schema\/person\/bed59a52f868e043e87efe38b55d00e1","name":"MH C\u00e1lculos Judiciais","image":{"@type":"ImageObject","inLanguage":"pt-BR","@id":"https:\/\/secure.gravatar.com\/avatar\/?s=96&d=mm&r=g","url":"https:\/\/secure.gravatar.com\/avatar\/?s=96&d=mm&r=g","contentUrl":"https:\/\/secure.gravatar.com\/avatar\/?s=96&d=mm&r=g","caption":"MH C\u00e1lculos Judiciais"}}]}},"_links":{"self":[{"href":"https:\/\/mhcalculos.com.br\/noticias\/wp-json\/wp\/v2\/posts\/7104","targetHints":{"allow":["GET"]}}],"collection":[{"href":"https:\/\/mhcalculos.com.br\/noticias\/wp-json\/wp\/v2\/posts"}],"about":[{"href":"https:\/\/mhcalculos.com.br\/noticias\/wp-json\/wp\/v2\/types\/post"}],"author":[{"embeddable":true,"href":"https:\/\/mhcalculos.com.br\/noticias\/wp-json\/wp\/v2\/users\/6"}],"replies":[{"embeddable":true,"href":"https:\/\/mhcalculos.com.br\/noticias\/wp-json\/wp\/v2\/comments?post=7104"}],"version-history":[{"count":0,"href":"https:\/\/mhcalculos.com.br\/noticias\/wp-json\/wp\/v2\/posts\/7104\/revisions"}],"wp:featuredmedia":[{"embeddable":true,"href":"https:\/\/mhcalculos.com.br\/noticias\/wp-json\/wp\/v2\/media\/7105"}],"wp:attachment":[{"href":"https:\/\/mhcalculos.com.br\/noticias\/wp-json\/wp\/v2\/media?parent=7104"}],"wp:term":[{"taxonomy":"category","embeddable":true,"href":"https:\/\/mhcalculos.com.br\/noticias\/wp-json\/wp\/v2\/categories?post=7104"},{"taxonomy":"post_tag","embeddable":true,"href":"https:\/\/mhcalculos.com.br\/noticias\/wp-json\/wp\/v2\/tags?post=7104"}],"curies":[{"name":"wp","href":"https:\/\/api.w.org\/{rel}","templated":true}]}}