{"id":7078,"date":"2020-04-17T20:02:00","date_gmt":"2020-04-17T23:02:00","guid":{"rendered":"https:\/\/mhcalculos.com.br\/noticias\/area\/trabalhista\/tst-prazos-processuais-no-tribunal-voltarao-a-ser-contados-a-partir-de-4-5.html"},"modified":"2021-07-28T14:29:58","modified_gmt":"2021-07-28T17:29:58","slug":"tst-prazos-processuais-no-tribunal-voltarao-a-ser-contados-a-partir-de-4-5","status":"publish","type":"post","link":"https:\/\/mhcalculos.com.br\/noticias\/area\/trabalhista\/tst-prazos-processuais-no-tribunal-voltarao-a-ser-contados-a-partir-de-4-5.html","title":{"rendered":"TST: Prazos processuais no Tribunal&nbsp;voltar\u00e3o a ser contados a partir de 4\/5"},"content":{"rendered":"<p><br \/>\n<\/p>\n<p><em><\/p>\n<p>Apesar da prorroga\u00e7\u00e3o da suspens\u00e3o das sess\u00f5es presenciais, os processos t\u00eam sido julgados de forma virtual ou por videoconfer\u00eancia.<\/p>\n<p><\/em><\/p>\n<p>        <a class=\"share-facebook\" href=\"https:\/\/www.facebook.com\/sharer.php?u=http:\/\/www.tst.jus.br\/-\/prazos-processuais-no-tst-voltar%C3%A3o-a-ser-contados-a-partir-de-4\/5\" target=\"_blank\" rel=\"noopener noreferrer\"><\/a><br \/>\n        <a class=\"share-twitter\" href=\"http:\/\/twitter.com\/intent\/tweet?text=Prazos processuais no TST voltar\u00e3o a ser contados a partir de 4\/5%0AVeja%20mais%20em:&amp;url=http:\/\/www.tst.jus.br\/-\/prazos-processuais-no-tst-voltar%C3%A3o-a-ser-contados-a-partir-de-4\/5\" target=\"_blank\" rel=\"noopener noreferrer\"><\/a><br \/>\n        <a class=\"share-linkedin\" href=\"https:\/\/www.linkedin.com\/shareArticle?mini=true&amp;url=http:\/\/www.tst.jus.br\/-\/prazos-processuais-no-tst-voltar%C3%A3o-a-ser-contados-a-partir-de-4\/5&amp;title=Prazos processuais no TST voltar\u00e3o a ser contados a partir de 4\/5\" target=\"_blank\" rel=\"noopener noreferrer\"><\/a><br \/>\n        <a class=\"share-whatsapp\" href=\"https:\/\/web.whatsapp.com\/send?text=http:\/\/www.tst.jus.br\/-\/prazos-processuais-no-tst-voltar%C3%A3o-a-ser-contados-a-partir-de-4\/5\" target=\"_blank\" rel=\"noopener noreferrer\"><\/a><br \/>\n        <a class=\"share-googleplus\" href=\"https:\/\/plus.google.com\/share?url=http:\/\/www.tst.jus.br\/-\/prazos-processuais-no-tst-voltar%C3%A3o-a-ser-contados-a-partir-de-4\/5\" target=\"_blank\" rel=\"noopener noreferrer\"><\/a><\/p>\n<p>                <\/p>\n<p>                    <a class=\"share-facebook\" href=\"https:\/\/www.facebook.com\/sharer.php?u=http:\/\/www.tst.jus.br\/-\/prazos-processuais-no-tst-voltar%C3%A3o-a-ser-contados-a-partir-de-4\/5\" target=\"_blank\" rel=\"noopener noreferrer\"><\/a><br \/>\n                    <a class=\"share-twitter\" href=\"http:\/\/twitter.com\/intent\/tweet?text=Prazos processuais no TST voltar\u00e3o a ser contados a partir de 4\/5%0AVeja%20mais%20em:&amp;url=http:\/\/www.tst.jus.br\/-\/prazos-processuais-no-tst-voltar%C3%A3o-a-ser-contados-a-partir-de-4\/5\" target=\"_blank\" rel=\"noopener noreferrer\"><\/a><br \/>\n                    <a class=\"share-linkedin\" href=\"https:\/\/www.linkedin.com\/shareArticle?mini=true&amp;url=http:\/\/www.tst.jus.br\/-\/prazos-processuais-no-tst-voltar%C3%A3o-a-ser-contados-a-partir-de-4\/5&amp;title=Prazos processuais no TST voltar\u00e3o a ser contados a partir de 4\/5\" target=\"_blank\" rel=\"noopener noreferrer\"><\/a><br \/>\n                    <a class=\"share-whatsapp\" href=\"https:\/\/web.whatsapp.com\/send?text=http:\/\/www.tst.jus.br\/-\/prazos-processuais-no-tst-voltar%C3%A3o-a-ser-contados-a-partir-de-4\/5\" target=\"_blank\" rel=\"noopener noreferrer\"><\/a><br \/>\n                    <a class=\"share-googleplus\" href=\"https:\/\/plus.google.com\/share?url=http:\/\/www.tst.jus.br\/-\/prazos-processuais-no-tst-voltar%C3%A3o-a-ser-contados-a-partir-de-4\/5\" target=\"_blank\" rel=\"noopener noreferrer\"><\/a><\/p>\n<p>17\/04\/20 &#8211; A dire\u00e7\u00e3o do Tribunal Superior do Trabalho (TST) editou, nesta sexta-feira (17), o <a href=\"http:\/\/www.tst.jus.br\/documents\/10157\/2374827\/Ato+Conjunto+TST_GP_GVP_CGJT+170+-+Coronavirus+-+versa_o+final+aprovada-1.pdf\/9d8215e3-1c91-49a1-831d-d608ea876d91?t=1587162597519\" target=\"_blank\" rel=\"noopener noreferrer\">Ato Conjunto TST.GP.GVP.CGJT 170\/2020<\/a>, que prorroga por tempo indeterminado as medidas de preven\u00e7\u00e3o ao cont\u00e1gio pelo novo coronav\u00edrus (COVID-19) e estabelece que os prazos processuais no \u00e2mbito do Tribunal voltem a fluir normalmente a partir de 4\/5.<\/p>\n<h4>Prazos processuais<\/h4>\n<p>De acordo com o novo ato, os prazos permanecer\u00e3o suspensos apenas nos processos que tramitam em meio f\u00edsico. Os prazos j\u00e1 iniciados ser\u00e3o retomados no estado em que se encontravam no momento da suspens\u00e3o.<\/p>\n<h4>Sess\u00f5es de julgamento<\/h4>\n<p>As sess\u00f5es de julgamento presenciais continuam suspensas, mas as sess\u00f5es por meio virtual ou telepresencial realizadas pelo TST t\u00eam valor jur\u00eddico equivalente e asseguram a publicidade dos atos e as prerrogativas processuais (<a href=\"http:\/\/www.tst.jus.br\/documents\/10157\/2374827\/Ato+Conjunto+TST.GP.GVP.CGJT+159-2020+%28ver.+final%29.docx.docx+%281%29.pdf\/a1bc13fe-cf86-4790-b9c0-1151be6e3a10?t=1586287325753\" target=\"_blank\" rel=\"noopener noreferrer\">Ato TST.GP.GVP.CGJT 159\/2020<\/a>).&nbsp;<\/p>\n<p>Os julgamentos por videoconfer\u00eancia, que se iniciam na pr\u00f3xima semana, ser\u00e3o transmitidos em tempo real pelo canal do TST no YouTube e armazenadas em meio eletr\u00f4nico. As sess\u00f5es telepresenciais ser\u00e3o realizadas exclusivamente por meio da Plataforma Emergencial de Videoconfer\u00eancia para Atos Processuais (Portaria CNJ 61\/2020), com possibilidade de sustenta\u00e7\u00f5es orais na forma do Regimento Interno do Tribunal e conforme as disposi\u00e7\u00f5es processuais do ato.<\/p>\n<p>Os processos exclu\u00eddos de julgamento em ambiente eletr\u00f4nico ser\u00e3o remetidos \u00e0 sess\u00e3o telepresencial, salvo por decis\u00e3o do relator &nbsp;ou pedido justificado da parte para inclus\u00e3o em julgamento presencial. O ato tamb\u00e9m elenca outras exce\u00e7\u00f5es para a inclus\u00e3o de processos em pauta de sess\u00e3o presencial, como requerimento fundamentado da parte, de \u00f3rg\u00e3o judicante ou do Minist\u00e9rio P\u00fablico do Trabalho. &nbsp;<\/p>\n<p>(VC\/CF)<\/p>\n<p>Leia mais:<\/p>\n<p>7\/4\/2020 &#8211; <a href=\"http:\/\/www.tst.jus.br\/web\/guest\/noticias\/-\/asset_publisher\/89Dk\/content\/id\/26159430\" target=\"_blank\" rel=\"noopener noreferrer\">TST far\u00e1 julgamentos telepresenciais<\/a><\/p>\n<p>19\/3\/2020 &#8211; &nbsp;<a href=\"http:\/\/www.tst.jus.br\/web\/guest\/noticias\/-\/asset_publisher\/89Dk\/content\/id\/26030464\" target=\"_blank\" rel=\"noopener noreferrer\">TST suspende presta\u00e7\u00e3o de servi\u00e7os presenciais<\/a><\/p>\n<p>17\/3\/2020 &#8211; <a href=\"http:\/\/www.tst.jus.br\/web\/guest\/noticias\/-\/asset_publisher\/89Dk\/content\/id\/26054483\" target=\"_blank\" rel=\"noopener noreferrer\">Coronav\u00edrus: presidente do TST suspende presta\u00e7\u00e3o de servi\u00e7os n\u00e3o essenciais e define novas medidas preventivas<\/a><\/p>\n<p>2\/3\/2020 &#8211; <a href=\"http:\/\/www.tst.jus.br\/web\/guest\/noticias\/-\/asset_publisher\/89Dk\/content\/id\/25139162\" target=\"_blank\" rel=\"noopener noreferrer\">Ato da Presid\u00eancia do TST estabelece medidas de preven\u00e7\u00e3o ao coronav\u00edrus<\/a><\/p>\n<p>\n<img decoding=\"async\" data-fileentryid=\"26215720\" data-src=\"\/documents\/portlet_file_entry\/10157\/%5BBanner%5D+Abril+Verde_4+%281%29.png\/961a3075-bb25-c151-e324-6ea19c003242\" src=\"data:image\/svg+xml;base64,PHN2ZyB3aWR0aD0iMSIgaGVpZ2h0PSIxIiB4bWxucz0iaHR0cDovL3d3dy53My5vcmcvMjAwMC9zdmciPjwvc3ZnPg==\" class=\"lazyload\" \/><\/p>\n<p>    $(&#8216;#lightbox-pjoi_ .slider-gallery-wrapper img&#8217;).hover(<br \/>\n    function() {<br \/>\n        const $text=$($($(this).parent()).next());<br \/>\n        $text.hasClass(&#8216;inside-description&#8217;) &amp;&amp; $text.fadeTo( &#8220;slow&#8221; , 0);<br \/>\n    }, function() {<br \/>\n        const $text=$($($(this).parent()).next());<br \/>\n        $text.hasClass(&#8216;inside-description&#8217;) &amp;&amp; $text.fadeTo( &#8220;slow&#8221; , 1);<br \/>\n    }<br \/>\n    );<br \/>\n    $(document).ready(function() {<br \/>\n        var pjoi_autoplaying=false;<br \/>\n        var pjoi_showingLightbox=false;<br \/>\n        const pjoi_playPauseControllers=&#8221;#slider-pjoi_-playpause, #slider-pjoi_-lightbox-playpause&#8221;;<br \/>\n        $(&#8220;#slider-pjoi_&#8221;).slick({<br \/>\n            slidesToShow: 1,<br \/>\n            slidesToScroll: 1,<br \/>\n            autoplay: pjoi_autoplaying,<br \/>\n            swipeToSlide: false,<br \/>\n            centerMode: false,<br \/>\n            autoplaySpeed: 3000,<br \/>\n            focusOnSelect: true,<br \/>\n            prevArrow:<br \/>\n            &#8221;,<br \/>\n            nextArrow:<br \/>\n            &#8221;,<br \/>\n            centerPadding: &#8220;60px&#8221;,<br \/>\n            responsive: [<br \/>\n                {<br \/>\n                    breakpoint: 767.98,<br \/>\n                    settings: {<br \/>\n                        slidesToShow: 3,<br \/>\n                        adaptiveHeight: true<br \/>\n                    }<br \/>\n                }<br \/>\n            ]<br \/>\n        });<br \/>\n        $(&#8220;#slider-pjoi_&#8221;).slickLightbox({<br \/>\n            src: &#8216;src&#8217;,<br \/>\n            itemSelector: &#8216;.galery-image .multimidia-wrapper img&#8217;,<br \/>\n            caption:&#8217;caption&#8217;<br \/>\n        });<br \/>\n    });<br \/>\n<script async src=\"https:\/\/platform.twitter.com\/widgets.js\" charset=\"utf-8\"><\/script><br \/>\n<br \/><i>Com informa\u00e7\u00f5es da assessoria de imprensa do TST.<\/i><br \/>\n<br \/><a href=\"http:\/\/www.tst.jus.br\/web\/guest\/noticias?p_p_id=89Dk&#038;p_p_lifecycle=0&#038;refererPlid=10730&#038;_89Dk_groupId=10157&#038;_89Dk_articleId=26215584\">Fonte<\/a><br \/>\n<br \/><\/p>\n","protected":false},"excerpt":{"rendered":"<p>Apesar da prorroga\u00e7\u00e3o da suspens\u00e3o das sess\u00f5es presenciais, os processos t\u00eam sido julgados de forma virtual ou por videoconfer\u00eancia. 17\/04\/20 &#8211; A dire\u00e7\u00e3o do Tribunal Superior do Trabalho (TST) editou, nesta sexta-feira (17), o Ato Conjunto TST.GP.GVP.CGJT 170\/2020, que prorroga por tempo indeterminado as medidas de preven\u00e7\u00e3o ao cont\u00e1gio pelo novo coronav\u00edrus (COVID-19) e estabelece [&hellip;]<\/p>\n","protected":false},"author":3063,"featured_media":1561,"comment_status":"open","ping_status":"open","sticky":false,"template":"","format":"standard","meta":{"footnotes":""},"categories":[3,21],"tags":[33,216,9,12,217,215],"class_list":{"0":"post-7078","1":"post","2":"type-post","3":"status-publish","4":"format-standard","5":"has-post-thumbnail","7":"category-trabalhista","8":"category-tst","9":"tag-calculos-trabalhistas","10":"tag-direito-trabalhista","11":"tag-pericia","12":"tag-perito","13":"tag-trabalho","14":"tag-tst"},"yoast_head":"<!-- This site is optimized with the Yoast SEO plugin v27.2 - https:\/\/yoast.com\/product\/yoast-seo-wordpress\/ -->\n<title>TST: Prazos processuais no Tribunal&nbsp;voltar\u00e3o a ser contados a partir de 4\/5 | Portal de Not\u00edcias<\/title>\n<meta name=\"robots\" content=\"index, follow, max-snippet:-1, max-image-preview:large, max-video-preview:-1\" \/>\n<link rel=\"canonical\" href=\"https:\/\/mhcalculos.com.br\/noticias\/area\/trabalhista\/tst-prazos-processuais-no-tribunal-voltarao-a-ser-contados-a-partir-de-4-5.html\" \/>\n<meta property=\"og:locale\" content=\"pt_BR\" \/>\n<meta property=\"og:type\" content=\"article\" \/>\n<meta property=\"og:title\" content=\"TST: Prazos processuais no Tribunal&nbsp;voltar\u00e3o a ser contados a partir de 4\/5 | Portal de Not\u00edcias\" \/>\n<meta property=\"og:description\" content=\"Apesar da prorroga\u00e7\u00e3o da suspens\u00e3o das sess\u00f5es presenciais, os processos t\u00eam sido julgados de forma virtual ou por videoconfer\u00eancia. 17\/04\/20 &#8211; A dire\u00e7\u00e3o do Tribunal Superior do Trabalho (TST) editou, nesta sexta-feira (17), o Ato Conjunto TST.GP.GVP.CGJT 170\/2020, que prorroga por tempo indeterminado as medidas de preven\u00e7\u00e3o ao cont\u00e1gio pelo novo coronav\u00edrus (COVID-19) e estabelece [&hellip;]\" \/>\n<meta property=\"og:url\" content=\"https:\/\/mhcalculos.com.br\/noticias\/area\/trabalhista\/tst-prazos-processuais-no-tribunal-voltarao-a-ser-contados-a-partir-de-4-5.html\" \/>\n<meta property=\"og:site_name\" content=\"Portal de Not\u00edcias\" \/>\n<meta property=\"article:published_time\" content=\"2020-04-17T23:02:00+00:00\" \/>\n<meta property=\"article:modified_time\" content=\"2021-07-28T17:29:58+00:00\" \/>\n<meta property=\"og:image\" content=\"https:\/\/mhcalculos.com.br\/noticias\/wp-content\/uploads\/sites\/2\/2018\/05\/judiciario-0031.jpg\" \/>\n\t<meta property=\"og:image:width\" content=\"2000\" \/>\n\t<meta property=\"og:image:height\" content=\"800\" \/>\n\t<meta property=\"og:image:type\" content=\"image\/jpeg\" \/>\n<meta name=\"author\" content=\"Equipe MH\" \/>\n<meta name=\"twitter:card\" content=\"summary_large_image\" \/>\n<meta name=\"twitter:label1\" content=\"Escrito por\" \/>\n\t<meta name=\"twitter:data1\" content=\"Equipe MH\" \/>\n\t<meta name=\"twitter:label2\" content=\"Est. tempo de leitura\" \/>\n\t<meta name=\"twitter:data2\" content=\"2 minutos\" \/>\n<script type=\"application\/ld+json\" class=\"yoast-schema-graph\">{\"@context\":\"https:\/\/schema.org\",\"@graph\":[{\"@type\":\"Article\",\"@id\":\"https:\/\/mhcalculos.com.br\/noticias\/area\/trabalhista\/tst-prazos-processuais-no-tribunal-voltarao-a-ser-contados-a-partir-de-4-5.html#article\",\"isPartOf\":{\"@id\":\"https:\/\/mhcalculos.com.br\/noticias\/area\/trabalhista\/tst-prazos-processuais-no-tribunal-voltarao-a-ser-contados-a-partir-de-4-5.html\"},\"author\":{\"name\":\"Equipe MH\",\"@id\":\"https:\/\/mhcalculos.com.br\/noticias\/#\/schema\/person\/88d1c34bf72dc779ea14a5a6b8e0ae8d\"},\"headline\":\"TST: Prazos processuais no Tribunal&nbsp;voltar\u00e3o a ser contados a partir de 4\/5\",\"datePublished\":\"2020-04-17T23:02:00+00:00\",\"dateModified\":\"2021-07-28T17:29:58+00:00\",\"mainEntityOfPage\":{\"@id\":\"https:\/\/mhcalculos.com.br\/noticias\/area\/trabalhista\/tst-prazos-processuais-no-tribunal-voltarao-a-ser-contados-a-partir-de-4-5.html\"},\"wordCount\":473,\"commentCount\":0,\"image\":{\"@id\":\"https:\/\/mhcalculos.com.br\/noticias\/area\/trabalhista\/tst-prazos-processuais-no-tribunal-voltarao-a-ser-contados-a-partir-de-4-5.html#primaryimage\"},\"thumbnailUrl\":\"https:\/\/mhcalculos.com.br\/noticias\/wp-content\/uploads\/sites\/2\/2018\/05\/judiciario-0031.jpg\",\"keywords\":[\"c\u00e1lculos trabalhistas\",\"direito trabalhista\",\"per\u00edcia\",\"perito\",\"trabalho\",\"TST\"],\"articleSection\":[\"Direito Trabalhista\",\"TST\"],\"inLanguage\":\"pt-BR\",\"potentialAction\":[{\"@type\":\"CommentAction\",\"name\":\"Comment\",\"target\":[\"https:\/\/mhcalculos.com.br\/noticias\/area\/trabalhista\/tst-prazos-processuais-no-tribunal-voltarao-a-ser-contados-a-partir-de-4-5.html#respond\"]}]},{\"@type\":\"WebPage\",\"@id\":\"https:\/\/mhcalculos.com.br\/noticias\/area\/trabalhista\/tst-prazos-processuais-no-tribunal-voltarao-a-ser-contados-a-partir-de-4-5.html\",\"url\":\"https:\/\/mhcalculos.com.br\/noticias\/area\/trabalhista\/tst-prazos-processuais-no-tribunal-voltarao-a-ser-contados-a-partir-de-4-5.html\",\"name\":\"TST: Prazos processuais no Tribunal&nbsp;voltar\u00e3o a ser contados a partir de 4\/5 | Portal de Not\u00edcias\",\"isPartOf\":{\"@id\":\"https:\/\/mhcalculos.com.br\/noticias\/#website\"},\"primaryImageOfPage\":{\"@id\":\"https:\/\/mhcalculos.com.br\/noticias\/area\/trabalhista\/tst-prazos-processuais-no-tribunal-voltarao-a-ser-contados-a-partir-de-4-5.html#primaryimage\"},\"image\":{\"@id\":\"https:\/\/mhcalculos.com.br\/noticias\/area\/trabalhista\/tst-prazos-processuais-no-tribunal-voltarao-a-ser-contados-a-partir-de-4-5.html#primaryimage\"},\"thumbnailUrl\":\"https:\/\/mhcalculos.com.br\/noticias\/wp-content\/uploads\/sites\/2\/2018\/05\/judiciario-0031.jpg\",\"datePublished\":\"2020-04-17T23:02:00+00:00\",\"dateModified\":\"2021-07-28T17:29:58+00:00\",\"author\":{\"@id\":\"https:\/\/mhcalculos.com.br\/noticias\/#\/schema\/person\/88d1c34bf72dc779ea14a5a6b8e0ae8d\"},\"breadcrumb\":{\"@id\":\"https:\/\/mhcalculos.com.br\/noticias\/area\/trabalhista\/tst-prazos-processuais-no-tribunal-voltarao-a-ser-contados-a-partir-de-4-5.html#breadcrumb\"},\"inLanguage\":\"pt-BR\",\"potentialAction\":[{\"@type\":\"ReadAction\",\"target\":[\"https:\/\/mhcalculos.com.br\/noticias\/area\/trabalhista\/tst-prazos-processuais-no-tribunal-voltarao-a-ser-contados-a-partir-de-4-5.html\"]}]},{\"@type\":\"ImageObject\",\"inLanguage\":\"pt-BR\",\"@id\":\"https:\/\/mhcalculos.com.br\/noticias\/area\/trabalhista\/tst-prazos-processuais-no-tribunal-voltarao-a-ser-contados-a-partir-de-4-5.html#primaryimage\",\"url\":\"https:\/\/mhcalculos.com.br\/noticias\/wp-content\/uploads\/sites\/2\/2018\/05\/judiciario-0031.jpg\",\"contentUrl\":\"https:\/\/mhcalculos.com.br\/noticias\/wp-content\/uploads\/sites\/2\/2018\/05\/judiciario-0031.jpg\",\"width\":2000,\"height\":800},{\"@type\":\"BreadcrumbList\",\"@id\":\"https:\/\/mhcalculos.com.br\/noticias\/area\/trabalhista\/tst-prazos-processuais-no-tribunal-voltarao-a-ser-contados-a-partir-de-4-5.html#breadcrumb\",\"itemListElement\":[{\"@type\":\"ListItem\",\"position\":1,\"name\":\"In\u00edcio\",\"item\":\"https:\/\/mhcalculos.com.br\/noticias\/\"},{\"@type\":\"ListItem\",\"position\":2,\"name\":\"TST: Prazos processuais no Tribunal&nbsp;voltar\u00e3o a ser contados a partir de 4\/5\"}]},{\"@type\":\"WebSite\",\"@id\":\"https:\/\/mhcalculos.com.br\/noticias\/#website\",\"url\":\"https:\/\/mhcalculos.com.br\/noticias\/\",\"name\":\"Portal de Not\u00edcias\",\"description\":\"Not\u00edcias e Jurisprud\u00eancia\",\"potentialAction\":[{\"@type\":\"SearchAction\",\"target\":{\"@type\":\"EntryPoint\",\"urlTemplate\":\"https:\/\/mhcalculos.com.br\/noticias\/?s={search_term_string}\"},\"query-input\":{\"@type\":\"PropertyValueSpecification\",\"valueRequired\":true,\"valueName\":\"search_term_string\"}}],\"inLanguage\":\"pt-BR\"},{\"@type\":\"Person\",\"@id\":\"https:\/\/mhcalculos.com.br\/noticias\/#\/schema\/person\/88d1c34bf72dc779ea14a5a6b8e0ae8d\",\"name\":\"Equipe MH\",\"image\":{\"@type\":\"ImageObject\",\"inLanguage\":\"pt-BR\",\"@id\":\"https:\/\/secure.gravatar.com\/avatar\/de1c686c2ecc9c5a3f327e3431d819eb39f8f05d4e1045f5a1caad6daaba987f?s=96&d=mm&r=g\",\"url\":\"https:\/\/secure.gravatar.com\/avatar\/de1c686c2ecc9c5a3f327e3431d819eb39f8f05d4e1045f5a1caad6daaba987f?s=96&d=mm&r=g\",\"contentUrl\":\"https:\/\/secure.gravatar.com\/avatar\/de1c686c2ecc9c5a3f327e3431d819eb39f8f05d4e1045f5a1caad6daaba987f?s=96&d=mm&r=g\",\"caption\":\"Equipe MH\"}}]}<\/script>\n<!-- \/ Yoast SEO plugin. -->","yoast_head_json":{"title":"TST: Prazos processuais no Tribunal&nbsp;voltar\u00e3o a ser contados a partir de 4\/5 | Portal de Not\u00edcias","robots":{"index":"index","follow":"follow","max-snippet":"max-snippet:-1","max-image-preview":"max-image-preview:large","max-video-preview":"max-video-preview:-1"},"canonical":"https:\/\/mhcalculos.com.br\/noticias\/area\/trabalhista\/tst-prazos-processuais-no-tribunal-voltarao-a-ser-contados-a-partir-de-4-5.html","og_locale":"pt_BR","og_type":"article","og_title":"TST: Prazos processuais no Tribunal&nbsp;voltar\u00e3o a ser contados a partir de 4\/5 | Portal de Not\u00edcias","og_description":"Apesar da prorroga\u00e7\u00e3o da suspens\u00e3o das sess\u00f5es presenciais, os processos t\u00eam sido julgados de forma virtual ou por videoconfer\u00eancia. 17\/04\/20 &#8211; A dire\u00e7\u00e3o do Tribunal Superior do Trabalho (TST) editou, nesta sexta-feira (17), o Ato Conjunto TST.GP.GVP.CGJT 170\/2020, que prorroga por tempo indeterminado as medidas de preven\u00e7\u00e3o ao cont\u00e1gio pelo novo coronav\u00edrus (COVID-19) e estabelece [&hellip;]","og_url":"https:\/\/mhcalculos.com.br\/noticias\/area\/trabalhista\/tst-prazos-processuais-no-tribunal-voltarao-a-ser-contados-a-partir-de-4-5.html","og_site_name":"Portal de Not\u00edcias","article_published_time":"2020-04-17T23:02:00+00:00","article_modified_time":"2021-07-28T17:29:58+00:00","og_image":[{"width":2000,"height":800,"url":"https:\/\/mhcalculos.com.br\/noticias\/wp-content\/uploads\/sites\/2\/2018\/05\/judiciario-0031.jpg","type":"image\/jpeg"}],"author":"Equipe MH","twitter_card":"summary_large_image","twitter_misc":{"Escrito por":"Equipe MH","Est. tempo de leitura":"2 minutos"},"schema":{"@context":"https:\/\/schema.org","@graph":[{"@type":"Article","@id":"https:\/\/mhcalculos.com.br\/noticias\/area\/trabalhista\/tst-prazos-processuais-no-tribunal-voltarao-a-ser-contados-a-partir-de-4-5.html#article","isPartOf":{"@id":"https:\/\/mhcalculos.com.br\/noticias\/area\/trabalhista\/tst-prazos-processuais-no-tribunal-voltarao-a-ser-contados-a-partir-de-4-5.html"},"author":{"name":"Equipe MH","@id":"https:\/\/mhcalculos.com.br\/noticias\/#\/schema\/person\/88d1c34bf72dc779ea14a5a6b8e0ae8d"},"headline":"TST: Prazos processuais no Tribunal&nbsp;voltar\u00e3o a ser contados a partir de 4\/5","datePublished":"2020-04-17T23:02:00+00:00","dateModified":"2021-07-28T17:29:58+00:00","mainEntityOfPage":{"@id":"https:\/\/mhcalculos.com.br\/noticias\/area\/trabalhista\/tst-prazos-processuais-no-tribunal-voltarao-a-ser-contados-a-partir-de-4-5.html"},"wordCount":473,"commentCount":0,"image":{"@id":"https:\/\/mhcalculos.com.br\/noticias\/area\/trabalhista\/tst-prazos-processuais-no-tribunal-voltarao-a-ser-contados-a-partir-de-4-5.html#primaryimage"},"thumbnailUrl":"https:\/\/mhcalculos.com.br\/noticias\/wp-content\/uploads\/sites\/2\/2018\/05\/judiciario-0031.jpg","keywords":["c\u00e1lculos trabalhistas","direito trabalhista","per\u00edcia","perito","trabalho","TST"],"articleSection":["Direito Trabalhista","TST"],"inLanguage":"pt-BR","potentialAction":[{"@type":"CommentAction","name":"Comment","target":["https:\/\/mhcalculos.com.br\/noticias\/area\/trabalhista\/tst-prazos-processuais-no-tribunal-voltarao-a-ser-contados-a-partir-de-4-5.html#respond"]}]},{"@type":"WebPage","@id":"https:\/\/mhcalculos.com.br\/noticias\/area\/trabalhista\/tst-prazos-processuais-no-tribunal-voltarao-a-ser-contados-a-partir-de-4-5.html","url":"https:\/\/mhcalculos.com.br\/noticias\/area\/trabalhista\/tst-prazos-processuais-no-tribunal-voltarao-a-ser-contados-a-partir-de-4-5.html","name":"TST: Prazos processuais no Tribunal&nbsp;voltar\u00e3o a ser contados a partir de 4\/5 | Portal de Not\u00edcias","isPartOf":{"@id":"https:\/\/mhcalculos.com.br\/noticias\/#website"},"primaryImageOfPage":{"@id":"https:\/\/mhcalculos.com.br\/noticias\/area\/trabalhista\/tst-prazos-processuais-no-tribunal-voltarao-a-ser-contados-a-partir-de-4-5.html#primaryimage"},"image":{"@id":"https:\/\/mhcalculos.com.br\/noticias\/area\/trabalhista\/tst-prazos-processuais-no-tribunal-voltarao-a-ser-contados-a-partir-de-4-5.html#primaryimage"},"thumbnailUrl":"https:\/\/mhcalculos.com.br\/noticias\/wp-content\/uploads\/sites\/2\/2018\/05\/judiciario-0031.jpg","datePublished":"2020-04-17T23:02:00+00:00","dateModified":"2021-07-28T17:29:58+00:00","author":{"@id":"https:\/\/mhcalculos.com.br\/noticias\/#\/schema\/person\/88d1c34bf72dc779ea14a5a6b8e0ae8d"},"breadcrumb":{"@id":"https:\/\/mhcalculos.com.br\/noticias\/area\/trabalhista\/tst-prazos-processuais-no-tribunal-voltarao-a-ser-contados-a-partir-de-4-5.html#breadcrumb"},"inLanguage":"pt-BR","potentialAction":[{"@type":"ReadAction","target":["https:\/\/mhcalculos.com.br\/noticias\/area\/trabalhista\/tst-prazos-processuais-no-tribunal-voltarao-a-ser-contados-a-partir-de-4-5.html"]}]},{"@type":"ImageObject","inLanguage":"pt-BR","@id":"https:\/\/mhcalculos.com.br\/noticias\/area\/trabalhista\/tst-prazos-processuais-no-tribunal-voltarao-a-ser-contados-a-partir-de-4-5.html#primaryimage","url":"https:\/\/mhcalculos.com.br\/noticias\/wp-content\/uploads\/sites\/2\/2018\/05\/judiciario-0031.jpg","contentUrl":"https:\/\/mhcalculos.com.br\/noticias\/wp-content\/uploads\/sites\/2\/2018\/05\/judiciario-0031.jpg","width":2000,"height":800},{"@type":"BreadcrumbList","@id":"https:\/\/mhcalculos.com.br\/noticias\/area\/trabalhista\/tst-prazos-processuais-no-tribunal-voltarao-a-ser-contados-a-partir-de-4-5.html#breadcrumb","itemListElement":[{"@type":"ListItem","position":1,"name":"In\u00edcio","item":"https:\/\/mhcalculos.com.br\/noticias\/"},{"@type":"ListItem","position":2,"name":"TST: Prazos processuais no Tribunal&nbsp;voltar\u00e3o a ser contados a partir de 4\/5"}]},{"@type":"WebSite","@id":"https:\/\/mhcalculos.com.br\/noticias\/#website","url":"https:\/\/mhcalculos.com.br\/noticias\/","name":"Portal de Not\u00edcias","description":"Not\u00edcias e Jurisprud\u00eancia","potentialAction":[{"@type":"SearchAction","target":{"@type":"EntryPoint","urlTemplate":"https:\/\/mhcalculos.com.br\/noticias\/?s={search_term_string}"},"query-input":{"@type":"PropertyValueSpecification","valueRequired":true,"valueName":"search_term_string"}}],"inLanguage":"pt-BR"},{"@type":"Person","@id":"https:\/\/mhcalculos.com.br\/noticias\/#\/schema\/person\/88d1c34bf72dc779ea14a5a6b8e0ae8d","name":"Equipe MH","image":{"@type":"ImageObject","inLanguage":"pt-BR","@id":"https:\/\/secure.gravatar.com\/avatar\/de1c686c2ecc9c5a3f327e3431d819eb39f8f05d4e1045f5a1caad6daaba987f?s=96&d=mm&r=g","url":"https:\/\/secure.gravatar.com\/avatar\/de1c686c2ecc9c5a3f327e3431d819eb39f8f05d4e1045f5a1caad6daaba987f?s=96&d=mm&r=g","contentUrl":"https:\/\/secure.gravatar.com\/avatar\/de1c686c2ecc9c5a3f327e3431d819eb39f8f05d4e1045f5a1caad6daaba987f?s=96&d=mm&r=g","caption":"Equipe MH"}}]}},"_links":{"self":[{"href":"https:\/\/mhcalculos.com.br\/noticias\/wp-json\/wp\/v2\/posts\/7078","targetHints":{"allow":["GET"]}}],"collection":[{"href":"https:\/\/mhcalculos.com.br\/noticias\/wp-json\/wp\/v2\/posts"}],"about":[{"href":"https:\/\/mhcalculos.com.br\/noticias\/wp-json\/wp\/v2\/types\/post"}],"author":[{"embeddable":true,"href":"https:\/\/mhcalculos.com.br\/noticias\/wp-json\/wp\/v2\/users\/3063"}],"replies":[{"embeddable":true,"href":"https:\/\/mhcalculos.com.br\/noticias\/wp-json\/wp\/v2\/comments?post=7078"}],"version-history":[{"count":1,"href":"https:\/\/mhcalculos.com.br\/noticias\/wp-json\/wp\/v2\/posts\/7078\/revisions"}],"predecessor-version":[{"id":9254,"href":"https:\/\/mhcalculos.com.br\/noticias\/wp-json\/wp\/v2\/posts\/7078\/revisions\/9254"}],"wp:featuredmedia":[{"embeddable":true,"href":"https:\/\/mhcalculos.com.br\/noticias\/wp-json\/wp\/v2\/media\/1561"}],"wp:attachment":[{"href":"https:\/\/mhcalculos.com.br\/noticias\/wp-json\/wp\/v2\/media?parent=7078"}],"wp:term":[{"taxonomy":"category","embeddable":true,"href":"https:\/\/mhcalculos.com.br\/noticias\/wp-json\/wp\/v2\/categories?post=7078"},{"taxonomy":"post_tag","embeddable":true,"href":"https:\/\/mhcalculos.com.br\/noticias\/wp-json\/wp\/v2\/tags?post=7078"}],"curies":[{"name":"wp","href":"https:\/\/api.w.org\/{rel}","templated":true}]}}