{"id":7054,"date":"2020-04-13T17:21:00","date_gmt":"2020-04-13T20:21:00","guid":{"rendered":"https:\/\/mhcalculos.com.br\/noticias\/area\/trabalhista\/tst-covid-19-mais-de-r-171-milhoes-foram-destinados-a-acoes-de-prevencao-ao-novo-coronavirus.html"},"modified":"2021-07-28T14:30:00","modified_gmt":"2021-07-28T17:30:00","slug":"tst-covid-19-mais-de-r-171-milhoes-foram-destinados-a-acoes-de-prevencao-ao-novo-coronavirus","status":"publish","type":"post","link":"https:\/\/mhcalculos.com.br\/noticias\/area\/trabalhista\/tst-covid-19-mais-de-r-171-milhoes-foram-destinados-a-acoes-de-prevencao-ao-novo-coronavirus.html","title":{"rendered":"TST: Covid-19: mais de R$ 171 milh\u00f5es foram destinados a a\u00e7\u00f5es de preven\u00e7\u00e3o ao novo coronav\u00edrus"},"content":{"rendered":"<p><br \/>\n<br \/><\/br><\/br><\/p>\n<p ><em>Os valores s\u00e3o fruto de indeniza\u00e7\u00f5es ou multas em a\u00e7\u00f5es ajuizadas pelo Minist\u00e9rio P\u00fablico do Trabalho.<\/em><\/p>\n<p >13\/4\/2020 &#8211; As decis\u00f5es da Justi\u00e7a do Trabalho garantiram, at\u00e9 esta segunda-feira (13\/4), a destina\u00e7\u00e3o de mais de R$ 171,7&nbsp;milh\u00f5es \u00e0 preven\u00e7\u00e3o e ao combate do coronav\u00edrus. Os valores s\u00e3o fruto de indeniza\u00e7\u00f5es por danos morais coletivos ou multas trabalhistas em a\u00e7\u00f5es do Minist\u00e9rio P\u00fablico do Trabalho (MPT) e beneficiaram 25 estados e o Distrito Federal.<\/p>\n<p >Os dados, disponibilizados pelo MPT, detalham que os recursos garantiram o fornecimento de cestas b\u00e1sicas e de itens de higiene \u00e0 popula\u00e7\u00e3o carente afetada pelo v\u00edrus, compra de insumos e kits de testagem viral, al\u00e9m da aquisi\u00e7\u00e3o de equipamentos de prote\u00e7\u00e3o individual para trabalhadores da sa\u00fade.&nbsp;<\/p>\n<p >Os valores tamb\u00e9m viabilizaram a instala\u00e7\u00e3o de leitos de Centro de Terapia Intensiva (CTI) para suporte a pacientes em estado mais grave, o financiamento de projetos acad\u00eamicos para o enfrentamento do vetor da doen\u00e7a e a realiza\u00e7\u00e3o de exames e diagn\u00f3sticos.<\/p>\n<p >Na 21\u00aa Regi\u00e3o (RN), por exemplo, foram disponibilizados R$ 13 milh\u00f5es \u00e0s Secretarias de Sa\u00fade de Natal, Parnamirim e \u00e0 Universidade Federal do Rio Grande do Norte, para aquisi\u00e7\u00e3o de leitos de UTI, respiradores, insumos para hospitais e equipamentos de prote\u00e7\u00e3o individual (EPIs) para profissionais de sa\u00fade.<\/p>\n<p >Confira outras destina\u00e7\u00f5es <a href=\"https:\/\/mpt.mp.br\/pgt\/noticias\/tabela-destinacoes-mpt-ate-8-de-abril-vale.pdf\" target=\"\" rel=\"noopener noreferrer\">aqui<\/a>.<\/p>\n<p ><strong>Produtividade<\/strong><\/p>\n<p >Como forma de tornar mais transparentes&nbsp;as a\u00e7\u00f5es da Justi\u00e7a do Trabalho durante este per\u00edodo de isolamento social, os portais dos Tribunais Regionais do Trabalho (TRTs) disponibilizam nas p\u00e1ginas iniciais a sua produtividade &nbsp;durante a pandemia. L\u00e1, \u00e9 poss\u00edvel verificar a quantidade de senten\u00e7as, decis\u00f5es, despachos, atos cumpridos e os valores destinados semanalmente para combater a pandemia. Nas p\u00e1ginas do Tribunal Superior do Trabalho e do Conselho Superior da Justi\u00e7a do Trabalho, \u00e9 poss\u00edvel verificar quais atos relacionados ao novo coronav\u00edrus foram publicados pela Presid\u00eancia, Vice-Presid\u00eancia e Corregedoria-Geral da Justi\u00e7a do Trabalho.<\/p>\n<p >O Conselho Nacional de Justi\u00e7a tamb\u00e9m montou um <a href=\"https:\/\/app.powerbi.com\/view?r=eyJrIjoiOWM2NGExZWEtMTkyMC00MmNjLTk1ZTktYTA0ZThiNDQ5ODdkIiwidCI6ImFkOTE5MGU2LWM0NWQtNDYwMC1iYzVjLWVjYTU1NGNjZjQ5NyIsImMiOjJ9\" target=\"\" rel=\"noopener noreferrer\">painel para acompanhamento das a\u00e7\u00f5es judiciais<\/a> sobre demandas da popula\u00e7\u00e3o envolvendo situa\u00e7\u00f5es relacionadas ao v\u00edrus. Do total arrecadado pelo&nbsp;Poder Judici\u00e1rio at\u00e9 5\/4 (R$ 198,7 milh\u00f5es),&nbsp;a Justi\u00e7a do Trabalho foi respons\u00e1vel por mais da metade do valor (R$ 111,7&nbsp;milh\u00f5es).&nbsp;&nbsp;Desse montante, R$ 51 milh\u00f5es s\u00e3o oriundos do Tribunal Regional do Trabalho&nbsp; da 3\u00aa Regi\u00e3o (MG).<\/p>\n<p ><strong>Concilia\u00e7\u00f5es<\/strong><\/p>\n<p >Durante este per\u00edodo, a Justi\u00e7a do Trabalho continua promovendo <a href=\"http:\/\/www.csjt.jus.br\/web\/csjt\/noticias3\/-\/asset_publisher\/RPt2\/content\/id\/7718932\" target=\"\" rel=\"noopener noreferrer\">concilia\u00e7\u00f5es e media\u00e7\u00f5es pr\u00e9-processuais como formas de pacifica\u00e7\u00e3o das rela\u00e7\u00f5es trabalhistas<\/a>. As solu\u00e7\u00f5es realizadas neste momento, tanto no primeiro como no segundo graus, garantiram a libera\u00e7\u00e3o e o pagamento de cr\u00e9ditos a trabalhadores, asseguraram o cumprimento de normas de preven\u00e7\u00e3o e seguran\u00e7a e garantiram a manuten\u00e7\u00e3o de servi\u00e7os essenciais \u00e0 popula\u00e7\u00e3o.<\/p>\n<p >(VC\/GS)<\/p>\n<p >Esta mat\u00e9ria tem cunho meramente informativo.<br \/>\nPermitida a reprodu\u00e7\u00e3o mediante cita\u00e7\u00e3o da fonte.<br \/>\nSecretaria de Comunica\u00e7\u00e3o Social<br \/>\nTribunal Superior do Trabalho<br \/>\nTel. (61) 3043-4907&nbsp;<br \/>\n<a href=\"mailto:secom@tst.jus.br\">secom@tst.jus.br<\/a><\/p>\n<p ><\/p>\n<p >&nbsp;<\/p>\n<p><\/br><br \/>\n<br \/><i>Com informa\u00e7\u00f5es da assessoria de imprensa do TST.<\/i><br \/>\n<br \/><a href=\"http:\/\/www.tst.jus.br\/web\/guest\/noticias?p_p_id=89Dk&#038;p_p_lifecycle=0&#038;refererPlid=10730&#038;_89Dk_groupId=10157&#038;_89Dk_articleId=26180755\">Fonte<\/a><br \/>\n<br \/><\/p>\n","protected":false},"excerpt":{"rendered":"<p>Os valores s\u00e3o fruto de indeniza\u00e7\u00f5es ou multas em a\u00e7\u00f5es ajuizadas pelo Minist\u00e9rio P\u00fablico do Trabalho. 13\/4\/2020 &#8211; As decis\u00f5es da Justi\u00e7a do Trabalho garantiram, at\u00e9 esta segunda-feira (13\/4), a destina\u00e7\u00e3o de mais de R$ 171,7&nbsp;milh\u00f5es \u00e0 preven\u00e7\u00e3o e ao combate do coronav\u00edrus. Os valores s\u00e3o fruto de indeniza\u00e7\u00f5es por danos morais coletivos ou multas [&hellip;]<\/p>\n","protected":false},"author":3063,"featured_media":2110,"comment_status":"open","ping_status":"open","sticky":false,"template":"","format":"standard","meta":{"footnotes":""},"categories":[3,21],"tags":[33,216,9,12,217,215],"class_list":{"0":"post-7054","1":"post","2":"type-post","3":"status-publish","4":"format-standard","5":"has-post-thumbnail","7":"category-trabalhista","8":"category-tst","9":"tag-calculos-trabalhistas","10":"tag-direito-trabalhista","11":"tag-pericia","12":"tag-perito","13":"tag-trabalho","14":"tag-tst"},"yoast_head":"<!-- This site is optimized with the Yoast SEO plugin v27.2 - https:\/\/yoast.com\/product\/yoast-seo-wordpress\/ -->\n<title>TST: Covid-19: mais de R$ 171 milh\u00f5es foram destinados a a\u00e7\u00f5es de preven\u00e7\u00e3o ao novo coronav\u00edrus | Portal de Not\u00edcias<\/title>\n<meta name=\"robots\" content=\"index, follow, max-snippet:-1, max-image-preview:large, max-video-preview:-1\" \/>\n<link rel=\"canonical\" href=\"https:\/\/mhcalculos.com.br\/noticias\/area\/trabalhista\/tst-covid-19-mais-de-r-171-milhoes-foram-destinados-a-acoes-de-prevencao-ao-novo-coronavirus.html\" \/>\n<meta property=\"og:locale\" content=\"pt_BR\" \/>\n<meta property=\"og:type\" content=\"article\" \/>\n<meta property=\"og:title\" content=\"TST: Covid-19: mais de R$ 171 milh\u00f5es foram destinados a a\u00e7\u00f5es de preven\u00e7\u00e3o ao novo coronav\u00edrus | Portal de Not\u00edcias\" \/>\n<meta property=\"og:description\" content=\"Os valores s\u00e3o fruto de indeniza\u00e7\u00f5es ou multas em a\u00e7\u00f5es ajuizadas pelo Minist\u00e9rio P\u00fablico do Trabalho. 13\/4\/2020 &#8211; As decis\u00f5es da Justi\u00e7a do Trabalho garantiram, at\u00e9 esta segunda-feira (13\/4), a destina\u00e7\u00e3o de mais de R$ 171,7&nbsp;milh\u00f5es \u00e0 preven\u00e7\u00e3o e ao combate do coronav\u00edrus. Os valores s\u00e3o fruto de indeniza\u00e7\u00f5es por danos morais coletivos ou multas [&hellip;]\" \/>\n<meta property=\"og:url\" content=\"https:\/\/mhcalculos.com.br\/noticias\/area\/trabalhista\/tst-covid-19-mais-de-r-171-milhoes-foram-destinados-a-acoes-de-prevencao-ao-novo-coronavirus.html\" \/>\n<meta property=\"og:site_name\" content=\"Portal de Not\u00edcias\" \/>\n<meta property=\"article:published_time\" content=\"2020-04-13T20:21:00+00:00\" \/>\n<meta property=\"article:modified_time\" content=\"2021-07-28T17:30:00+00:00\" \/>\n<meta property=\"og:image\" content=\"https:\/\/mhcalculos.com.br\/noticias\/wp-content\/uploads\/sites\/2\/2018\/06\/trabalhista-0002.jpg\" \/>\n\t<meta property=\"og:image:width\" content=\"2000\" \/>\n\t<meta property=\"og:image:height\" content=\"800\" \/>\n\t<meta property=\"og:image:type\" content=\"image\/jpeg\" \/>\n<meta name=\"author\" content=\"Equipe MH\" \/>\n<meta name=\"twitter:card\" content=\"summary_large_image\" \/>\n<meta name=\"twitter:label1\" content=\"Escrito por\" \/>\n\t<meta name=\"twitter:data1\" content=\"Equipe MH\" \/>\n\t<meta name=\"twitter:label2\" content=\"Est. tempo de leitura\" \/>\n\t<meta name=\"twitter:data2\" content=\"3 minutos\" \/>\n<script type=\"application\/ld+json\" class=\"yoast-schema-graph\">{\"@context\":\"https:\/\/schema.org\",\"@graph\":[{\"@type\":\"Article\",\"@id\":\"https:\/\/mhcalculos.com.br\/noticias\/area\/trabalhista\/tst-covid-19-mais-de-r-171-milhoes-foram-destinados-a-acoes-de-prevencao-ao-novo-coronavirus.html#article\",\"isPartOf\":{\"@id\":\"https:\/\/mhcalculos.com.br\/noticias\/area\/trabalhista\/tst-covid-19-mais-de-r-171-milhoes-foram-destinados-a-acoes-de-prevencao-ao-novo-coronavirus.html\"},\"author\":{\"name\":\"Equipe MH\",\"@id\":\"https:\/\/mhcalculos.com.br\/noticias\/#\/schema\/person\/88d1c34bf72dc779ea14a5a6b8e0ae8d\"},\"headline\":\"TST: Covid-19: mais de R$ 171 milh\u00f5es foram destinados a a\u00e7\u00f5es de preven\u00e7\u00e3o ao novo coronav\u00edrus\",\"datePublished\":\"2020-04-13T20:21:00+00:00\",\"dateModified\":\"2021-07-28T17:30:00+00:00\",\"mainEntityOfPage\":{\"@id\":\"https:\/\/mhcalculos.com.br\/noticias\/area\/trabalhista\/tst-covid-19-mais-de-r-171-milhoes-foram-destinados-a-acoes-de-prevencao-ao-novo-coronavirus.html\"},\"wordCount\":569,\"commentCount\":0,\"image\":{\"@id\":\"https:\/\/mhcalculos.com.br\/noticias\/area\/trabalhista\/tst-covid-19-mais-de-r-171-milhoes-foram-destinados-a-acoes-de-prevencao-ao-novo-coronavirus.html#primaryimage\"},\"thumbnailUrl\":\"https:\/\/mhcalculos.com.br\/noticias\/wp-content\/uploads\/sites\/2\/2018\/06\/trabalhista-0002.jpg\",\"keywords\":[\"c\u00e1lculos trabalhistas\",\"direito trabalhista\",\"per\u00edcia\",\"perito\",\"trabalho\",\"TST\"],\"articleSection\":[\"Direito Trabalhista\",\"TST\"],\"inLanguage\":\"pt-BR\",\"potentialAction\":[{\"@type\":\"CommentAction\",\"name\":\"Comment\",\"target\":[\"https:\/\/mhcalculos.com.br\/noticias\/area\/trabalhista\/tst-covid-19-mais-de-r-171-milhoes-foram-destinados-a-acoes-de-prevencao-ao-novo-coronavirus.html#respond\"]}]},{\"@type\":\"WebPage\",\"@id\":\"https:\/\/mhcalculos.com.br\/noticias\/area\/trabalhista\/tst-covid-19-mais-de-r-171-milhoes-foram-destinados-a-acoes-de-prevencao-ao-novo-coronavirus.html\",\"url\":\"https:\/\/mhcalculos.com.br\/noticias\/area\/trabalhista\/tst-covid-19-mais-de-r-171-milhoes-foram-destinados-a-acoes-de-prevencao-ao-novo-coronavirus.html\",\"name\":\"TST: Covid-19: mais de R$ 171 milh\u00f5es foram destinados a a\u00e7\u00f5es de preven\u00e7\u00e3o ao novo coronav\u00edrus | Portal de Not\u00edcias\",\"isPartOf\":{\"@id\":\"https:\/\/mhcalculos.com.br\/noticias\/#website\"},\"primaryImageOfPage\":{\"@id\":\"https:\/\/mhcalculos.com.br\/noticias\/area\/trabalhista\/tst-covid-19-mais-de-r-171-milhoes-foram-destinados-a-acoes-de-prevencao-ao-novo-coronavirus.html#primaryimage\"},\"image\":{\"@id\":\"https:\/\/mhcalculos.com.br\/noticias\/area\/trabalhista\/tst-covid-19-mais-de-r-171-milhoes-foram-destinados-a-acoes-de-prevencao-ao-novo-coronavirus.html#primaryimage\"},\"thumbnailUrl\":\"https:\/\/mhcalculos.com.br\/noticias\/wp-content\/uploads\/sites\/2\/2018\/06\/trabalhista-0002.jpg\",\"datePublished\":\"2020-04-13T20:21:00+00:00\",\"dateModified\":\"2021-07-28T17:30:00+00:00\",\"author\":{\"@id\":\"https:\/\/mhcalculos.com.br\/noticias\/#\/schema\/person\/88d1c34bf72dc779ea14a5a6b8e0ae8d\"},\"breadcrumb\":{\"@id\":\"https:\/\/mhcalculos.com.br\/noticias\/area\/trabalhista\/tst-covid-19-mais-de-r-171-milhoes-foram-destinados-a-acoes-de-prevencao-ao-novo-coronavirus.html#breadcrumb\"},\"inLanguage\":\"pt-BR\",\"potentialAction\":[{\"@type\":\"ReadAction\",\"target\":[\"https:\/\/mhcalculos.com.br\/noticias\/area\/trabalhista\/tst-covid-19-mais-de-r-171-milhoes-foram-destinados-a-acoes-de-prevencao-ao-novo-coronavirus.html\"]}]},{\"@type\":\"ImageObject\",\"inLanguage\":\"pt-BR\",\"@id\":\"https:\/\/mhcalculos.com.br\/noticias\/area\/trabalhista\/tst-covid-19-mais-de-r-171-milhoes-foram-destinados-a-acoes-de-prevencao-ao-novo-coronavirus.html#primaryimage\",\"url\":\"https:\/\/mhcalculos.com.br\/noticias\/wp-content\/uploads\/sites\/2\/2018\/06\/trabalhista-0002.jpg\",\"contentUrl\":\"https:\/\/mhcalculos.com.br\/noticias\/wp-content\/uploads\/sites\/2\/2018\/06\/trabalhista-0002.jpg\",\"width\":2000,\"height\":800},{\"@type\":\"BreadcrumbList\",\"@id\":\"https:\/\/mhcalculos.com.br\/noticias\/area\/trabalhista\/tst-covid-19-mais-de-r-171-milhoes-foram-destinados-a-acoes-de-prevencao-ao-novo-coronavirus.html#breadcrumb\",\"itemListElement\":[{\"@type\":\"ListItem\",\"position\":1,\"name\":\"In\u00edcio\",\"item\":\"https:\/\/mhcalculos.com.br\/noticias\/\"},{\"@type\":\"ListItem\",\"position\":2,\"name\":\"TST: Covid-19: mais de R$ 171 milh\u00f5es foram destinados a a\u00e7\u00f5es de preven\u00e7\u00e3o ao novo coronav\u00edrus\"}]},{\"@type\":\"WebSite\",\"@id\":\"https:\/\/mhcalculos.com.br\/noticias\/#website\",\"url\":\"https:\/\/mhcalculos.com.br\/noticias\/\",\"name\":\"Portal de Not\u00edcias\",\"description\":\"Not\u00edcias e Jurisprud\u00eancia\",\"potentialAction\":[{\"@type\":\"SearchAction\",\"target\":{\"@type\":\"EntryPoint\",\"urlTemplate\":\"https:\/\/mhcalculos.com.br\/noticias\/?s={search_term_string}\"},\"query-input\":{\"@type\":\"PropertyValueSpecification\",\"valueRequired\":true,\"valueName\":\"search_term_string\"}}],\"inLanguage\":\"pt-BR\"},{\"@type\":\"Person\",\"@id\":\"https:\/\/mhcalculos.com.br\/noticias\/#\/schema\/person\/88d1c34bf72dc779ea14a5a6b8e0ae8d\",\"name\":\"Equipe MH\",\"image\":{\"@type\":\"ImageObject\",\"inLanguage\":\"pt-BR\",\"@id\":\"https:\/\/secure.gravatar.com\/avatar\/de1c686c2ecc9c5a3f327e3431d819eb39f8f05d4e1045f5a1caad6daaba987f?s=96&d=mm&r=g\",\"url\":\"https:\/\/secure.gravatar.com\/avatar\/de1c686c2ecc9c5a3f327e3431d819eb39f8f05d4e1045f5a1caad6daaba987f?s=96&d=mm&r=g\",\"contentUrl\":\"https:\/\/secure.gravatar.com\/avatar\/de1c686c2ecc9c5a3f327e3431d819eb39f8f05d4e1045f5a1caad6daaba987f?s=96&d=mm&r=g\",\"caption\":\"Equipe MH\"}}]}<\/script>\n<!-- \/ Yoast SEO plugin. -->","yoast_head_json":{"title":"TST: Covid-19: mais de R$ 171 milh\u00f5es foram destinados a a\u00e7\u00f5es de preven\u00e7\u00e3o ao novo coronav\u00edrus | Portal de Not\u00edcias","robots":{"index":"index","follow":"follow","max-snippet":"max-snippet:-1","max-image-preview":"max-image-preview:large","max-video-preview":"max-video-preview:-1"},"canonical":"https:\/\/mhcalculos.com.br\/noticias\/area\/trabalhista\/tst-covid-19-mais-de-r-171-milhoes-foram-destinados-a-acoes-de-prevencao-ao-novo-coronavirus.html","og_locale":"pt_BR","og_type":"article","og_title":"TST: Covid-19: mais de R$ 171 milh\u00f5es foram destinados a a\u00e7\u00f5es de preven\u00e7\u00e3o ao novo coronav\u00edrus | Portal de Not\u00edcias","og_description":"Os valores s\u00e3o fruto de indeniza\u00e7\u00f5es ou multas em a\u00e7\u00f5es ajuizadas pelo Minist\u00e9rio P\u00fablico do Trabalho. 13\/4\/2020 &#8211; As decis\u00f5es da Justi\u00e7a do Trabalho garantiram, at\u00e9 esta segunda-feira (13\/4), a destina\u00e7\u00e3o de mais de R$ 171,7&nbsp;milh\u00f5es \u00e0 preven\u00e7\u00e3o e ao combate do coronav\u00edrus. Os valores s\u00e3o fruto de indeniza\u00e7\u00f5es por danos morais coletivos ou multas [&hellip;]","og_url":"https:\/\/mhcalculos.com.br\/noticias\/area\/trabalhista\/tst-covid-19-mais-de-r-171-milhoes-foram-destinados-a-acoes-de-prevencao-ao-novo-coronavirus.html","og_site_name":"Portal de Not\u00edcias","article_published_time":"2020-04-13T20:21:00+00:00","article_modified_time":"2021-07-28T17:30:00+00:00","og_image":[{"width":2000,"height":800,"url":"https:\/\/mhcalculos.com.br\/noticias\/wp-content\/uploads\/sites\/2\/2018\/06\/trabalhista-0002.jpg","type":"image\/jpeg"}],"author":"Equipe MH","twitter_card":"summary_large_image","twitter_misc":{"Escrito por":"Equipe MH","Est. tempo de leitura":"3 minutos"},"schema":{"@context":"https:\/\/schema.org","@graph":[{"@type":"Article","@id":"https:\/\/mhcalculos.com.br\/noticias\/area\/trabalhista\/tst-covid-19-mais-de-r-171-milhoes-foram-destinados-a-acoes-de-prevencao-ao-novo-coronavirus.html#article","isPartOf":{"@id":"https:\/\/mhcalculos.com.br\/noticias\/area\/trabalhista\/tst-covid-19-mais-de-r-171-milhoes-foram-destinados-a-acoes-de-prevencao-ao-novo-coronavirus.html"},"author":{"name":"Equipe MH","@id":"https:\/\/mhcalculos.com.br\/noticias\/#\/schema\/person\/88d1c34bf72dc779ea14a5a6b8e0ae8d"},"headline":"TST: Covid-19: mais de R$ 171 milh\u00f5es foram destinados a a\u00e7\u00f5es de preven\u00e7\u00e3o ao novo coronav\u00edrus","datePublished":"2020-04-13T20:21:00+00:00","dateModified":"2021-07-28T17:30:00+00:00","mainEntityOfPage":{"@id":"https:\/\/mhcalculos.com.br\/noticias\/area\/trabalhista\/tst-covid-19-mais-de-r-171-milhoes-foram-destinados-a-acoes-de-prevencao-ao-novo-coronavirus.html"},"wordCount":569,"commentCount":0,"image":{"@id":"https:\/\/mhcalculos.com.br\/noticias\/area\/trabalhista\/tst-covid-19-mais-de-r-171-milhoes-foram-destinados-a-acoes-de-prevencao-ao-novo-coronavirus.html#primaryimage"},"thumbnailUrl":"https:\/\/mhcalculos.com.br\/noticias\/wp-content\/uploads\/sites\/2\/2018\/06\/trabalhista-0002.jpg","keywords":["c\u00e1lculos trabalhistas","direito trabalhista","per\u00edcia","perito","trabalho","TST"],"articleSection":["Direito Trabalhista","TST"],"inLanguage":"pt-BR","potentialAction":[{"@type":"CommentAction","name":"Comment","target":["https:\/\/mhcalculos.com.br\/noticias\/area\/trabalhista\/tst-covid-19-mais-de-r-171-milhoes-foram-destinados-a-acoes-de-prevencao-ao-novo-coronavirus.html#respond"]}]},{"@type":"WebPage","@id":"https:\/\/mhcalculos.com.br\/noticias\/area\/trabalhista\/tst-covid-19-mais-de-r-171-milhoes-foram-destinados-a-acoes-de-prevencao-ao-novo-coronavirus.html","url":"https:\/\/mhcalculos.com.br\/noticias\/area\/trabalhista\/tst-covid-19-mais-de-r-171-milhoes-foram-destinados-a-acoes-de-prevencao-ao-novo-coronavirus.html","name":"TST: Covid-19: mais de R$ 171 milh\u00f5es foram destinados a a\u00e7\u00f5es de preven\u00e7\u00e3o ao novo coronav\u00edrus | Portal de Not\u00edcias","isPartOf":{"@id":"https:\/\/mhcalculos.com.br\/noticias\/#website"},"primaryImageOfPage":{"@id":"https:\/\/mhcalculos.com.br\/noticias\/area\/trabalhista\/tst-covid-19-mais-de-r-171-milhoes-foram-destinados-a-acoes-de-prevencao-ao-novo-coronavirus.html#primaryimage"},"image":{"@id":"https:\/\/mhcalculos.com.br\/noticias\/area\/trabalhista\/tst-covid-19-mais-de-r-171-milhoes-foram-destinados-a-acoes-de-prevencao-ao-novo-coronavirus.html#primaryimage"},"thumbnailUrl":"https:\/\/mhcalculos.com.br\/noticias\/wp-content\/uploads\/sites\/2\/2018\/06\/trabalhista-0002.jpg","datePublished":"2020-04-13T20:21:00+00:00","dateModified":"2021-07-28T17:30:00+00:00","author":{"@id":"https:\/\/mhcalculos.com.br\/noticias\/#\/schema\/person\/88d1c34bf72dc779ea14a5a6b8e0ae8d"},"breadcrumb":{"@id":"https:\/\/mhcalculos.com.br\/noticias\/area\/trabalhista\/tst-covid-19-mais-de-r-171-milhoes-foram-destinados-a-acoes-de-prevencao-ao-novo-coronavirus.html#breadcrumb"},"inLanguage":"pt-BR","potentialAction":[{"@type":"ReadAction","target":["https:\/\/mhcalculos.com.br\/noticias\/area\/trabalhista\/tst-covid-19-mais-de-r-171-milhoes-foram-destinados-a-acoes-de-prevencao-ao-novo-coronavirus.html"]}]},{"@type":"ImageObject","inLanguage":"pt-BR","@id":"https:\/\/mhcalculos.com.br\/noticias\/area\/trabalhista\/tst-covid-19-mais-de-r-171-milhoes-foram-destinados-a-acoes-de-prevencao-ao-novo-coronavirus.html#primaryimage","url":"https:\/\/mhcalculos.com.br\/noticias\/wp-content\/uploads\/sites\/2\/2018\/06\/trabalhista-0002.jpg","contentUrl":"https:\/\/mhcalculos.com.br\/noticias\/wp-content\/uploads\/sites\/2\/2018\/06\/trabalhista-0002.jpg","width":2000,"height":800},{"@type":"BreadcrumbList","@id":"https:\/\/mhcalculos.com.br\/noticias\/area\/trabalhista\/tst-covid-19-mais-de-r-171-milhoes-foram-destinados-a-acoes-de-prevencao-ao-novo-coronavirus.html#breadcrumb","itemListElement":[{"@type":"ListItem","position":1,"name":"In\u00edcio","item":"https:\/\/mhcalculos.com.br\/noticias\/"},{"@type":"ListItem","position":2,"name":"TST: Covid-19: mais de R$ 171 milh\u00f5es foram destinados a a\u00e7\u00f5es de preven\u00e7\u00e3o ao novo coronav\u00edrus"}]},{"@type":"WebSite","@id":"https:\/\/mhcalculos.com.br\/noticias\/#website","url":"https:\/\/mhcalculos.com.br\/noticias\/","name":"Portal de Not\u00edcias","description":"Not\u00edcias e Jurisprud\u00eancia","potentialAction":[{"@type":"SearchAction","target":{"@type":"EntryPoint","urlTemplate":"https:\/\/mhcalculos.com.br\/noticias\/?s={search_term_string}"},"query-input":{"@type":"PropertyValueSpecification","valueRequired":true,"valueName":"search_term_string"}}],"inLanguage":"pt-BR"},{"@type":"Person","@id":"https:\/\/mhcalculos.com.br\/noticias\/#\/schema\/person\/88d1c34bf72dc779ea14a5a6b8e0ae8d","name":"Equipe MH","image":{"@type":"ImageObject","inLanguage":"pt-BR","@id":"https:\/\/secure.gravatar.com\/avatar\/de1c686c2ecc9c5a3f327e3431d819eb39f8f05d4e1045f5a1caad6daaba987f?s=96&d=mm&r=g","url":"https:\/\/secure.gravatar.com\/avatar\/de1c686c2ecc9c5a3f327e3431d819eb39f8f05d4e1045f5a1caad6daaba987f?s=96&d=mm&r=g","contentUrl":"https:\/\/secure.gravatar.com\/avatar\/de1c686c2ecc9c5a3f327e3431d819eb39f8f05d4e1045f5a1caad6daaba987f?s=96&d=mm&r=g","caption":"Equipe MH"}}]}},"_links":{"self":[{"href":"https:\/\/mhcalculos.com.br\/noticias\/wp-json\/wp\/v2\/posts\/7054","targetHints":{"allow":["GET"]}}],"collection":[{"href":"https:\/\/mhcalculos.com.br\/noticias\/wp-json\/wp\/v2\/posts"}],"about":[{"href":"https:\/\/mhcalculos.com.br\/noticias\/wp-json\/wp\/v2\/types\/post"}],"author":[{"embeddable":true,"href":"https:\/\/mhcalculos.com.br\/noticias\/wp-json\/wp\/v2\/users\/3063"}],"replies":[{"embeddable":true,"href":"https:\/\/mhcalculos.com.br\/noticias\/wp-json\/wp\/v2\/comments?post=7054"}],"version-history":[{"count":1,"href":"https:\/\/mhcalculos.com.br\/noticias\/wp-json\/wp\/v2\/posts\/7054\/revisions"}],"predecessor-version":[{"id":9271,"href":"https:\/\/mhcalculos.com.br\/noticias\/wp-json\/wp\/v2\/posts\/7054\/revisions\/9271"}],"wp:featuredmedia":[{"embeddable":true,"href":"https:\/\/mhcalculos.com.br\/noticias\/wp-json\/wp\/v2\/media\/2110"}],"wp:attachment":[{"href":"https:\/\/mhcalculos.com.br\/noticias\/wp-json\/wp\/v2\/media?parent=7054"}],"wp:term":[{"taxonomy":"category","embeddable":true,"href":"https:\/\/mhcalculos.com.br\/noticias\/wp-json\/wp\/v2\/categories?post=7054"},{"taxonomy":"post_tag","embeddable":true,"href":"https:\/\/mhcalculos.com.br\/noticias\/wp-json\/wp\/v2\/tags?post=7054"}],"curies":[{"name":"wp","href":"https:\/\/api.w.org\/{rel}","templated":true}]}}