{"id":7053,"date":"2020-04-14T10:05:08","date_gmt":"2020-04-14T13:05:08","guid":{"rendered":"https:\/\/mhcalculos.com.br\/noticias\/area\/previdenciario\/trf3-contador-e-condenado-por-estelionato-contra-a-previdencia-social.html"},"modified":"2021-07-28T14:30:00","modified_gmt":"2021-07-28T17:30:00","slug":"trf3-contador-e-condenado-por-estelionato-contra-a-previdencia-social","status":"publish","type":"post","link":"https:\/\/mhcalculos.com.br\/noticias\/area\/previdenciario\/trf3-contador-e-condenado-por-estelionato-contra-a-previdencia-social.html","title":{"rendered":"TRF3: CONTADOR \u00c9 CONDENADO POR ESTELIONATO CONTRA A PREVID\u00caNCIA SOCIAL"},"content":{"rendered":"\n<div class=\"mat\">\n<p><em>R\u00e9u inseriu dados falsos em sistema do INSS para adquirir benef\u00edcio previdenci\u00e1rio ilegal<\/em><\/p>\n<p>A Quinta Turma do Tribunal Regional Federal da 3\u00aa Regi\u00e3o (TRF3), por unanimidade, manteve a condena\u00e7\u00e3o de um contador pela pr\u00e1tica de estelionato contra a Previd\u00eancia Social. O r\u00e9u inseriu dados falsos no sistema informatizado do Instituto Nacional do Seguro Social (INSS) para facilitar indevida concess\u00e3o de pens\u00e3o por morte a ex-marido de uma segurada da autarquia.<\/p>\n<p>Segundo o C\u00f3digo Penal (artigo 171, par\u00e1grafo 3\u00b0), o estelionato previdenci\u00e1rio \u00e9 configurado quando o agente comete uma fraude com o fim de obter um benef\u00edcio previdenci\u00e1rio para si ou para outrem, mantendo ou induzindo a autarquia previdenci\u00e1ria em erro.<\/p>\n<p>No caso, para os magistrados do TRF3, a materialidade do crime ficou comprovada pelos documentos do processo e, especialmente, pela investiga\u00e7\u00e3o administrativa realizada pelo INSS em Campinas (SP).<\/p>\n<p>Em 25 de agosto de 2007, o contador inseriu informa\u00e7\u00f5es falsas sobre v\u00ednculos empregat\u00edcios fict\u00edcios de uma mulher j\u00e1 falecida com uma empresa no sistema da Previd\u00eancia Social. O objetivo era obter pens\u00e3o por morte ilegal ao ex-marido, que quando da morte da ex-esposa, j\u00e1 se encontrava separado dela h\u00e1 aproximadamente 10 anos.<\/p>\n<p>O benef\u00edcio previdenci\u00e1rio foi concedido de maneira fraudulenta entre 19 de setembro de 2007 e 31 de mar\u00e7o de 2008. Em primeira inst\u00e2ncia, o contador j\u00e1 havia sido condenado por estelionato. <\/p>\n<p>Segundo o relator do processo no TRF3, desembargador federal Paulo Fontes, as circunst\u00e2ncias examinadas e o conte\u00fado probat\u00f3rio comprovam a pr\u00e1tica do crime. \u201cHouve a utiliza\u00e7\u00e3o de senha cadastrada pelo r\u00e9u para acesso aos sistemas do INSS, de modo que fossem inseridas informa\u00e7\u00f5es falsas &#8211; relativas a v\u00ednculos empregat\u00edcios inexistentes &#8211; no intuito de conceder indevidamente benef\u00edcio previdenci\u00e1rio\u201d, relatou. <\/p>\n<p>O magistrado acrescentou que o argumento da defesa, de que o contador teria disponibilizado sua senha pessoal para terceiros, n\u00e3o afasta a sua responsabilidade. Para ele, ao contr\u00e1rio, torna claro que o r\u00e9u assumiu o risco de pr\u00e1ticas irregulares decorrentes do acesso que tinha ao sistema do INSS. <\/p>\n<p>Com esse entendimento, a Quinta Turma manteve a condena\u00e7\u00e3o, com a substitui\u00e7\u00e3o da pena de pris\u00e3o por presta\u00e7\u00e3o de servi\u00e7os \u00e0 comunidade, pelo per\u00edodo de dois anos e oito meses, e a presta\u00e7\u00e3o pecuni\u00e1ria de quatro sal\u00e1rios m\u00ednimos. Foi fixado tamb\u00e9m o valor de R$ 15 mil como repara\u00e7\u00e3o de danos em favor da autarquia previdenci\u00e1ria.<\/p>\n<p>Apela\u00e7\u00e3o Criminal 0009941-16.2013.4.03.6105\/SP<\/p>\n<\/p>\n<\/div>\n<p><i>Com informa\u00e7\u00f5es da assessoria de imprensa do TRF3.<\/i><br \/>\n<br \/><a href=\"http:\/\/web.trf3.jus.br\/noticias\/Noticias\/Noticia\/Exibir\/393851\">Fonte<\/a><br \/>\n<br \/><\/p>\n","protected":false},"excerpt":{"rendered":"<p>R\u00e9u inseriu dados falsos em sistema do INSS para adquirir benef\u00edcio previdenci\u00e1rio ilegal A Quinta Turma do Tribunal Regional Federal da 3\u00aa Regi\u00e3o (TRF3), por unanimidade, manteve a condena\u00e7\u00e3o de um contador pela pr\u00e1tica de estelionato contra a Previd\u00eancia Social. O r\u00e9u inseriu dados falsos no sistema informatizado do Instituto Nacional do Seguro Social (INSS) [&hellip;]<\/p>\n","protected":false},"author":3063,"featured_media":2998,"comment_status":"open","ping_status":"open","sticky":false,"template":"","format":"standard","meta":{"footnotes":""},"categories":[5,110],"tags":[11,10,8,13,9,12,152],"class_list":{"0":"post-7053","1":"post","2":"type-post","3":"status-publish","4":"format-standard","5":"has-post-thumbnail","7":"category-previdenciario","8":"category-trf3","9":"tag-aposentadoria","10":"tag-calculos-previdenciarios","11":"tag-direito-previdenciario","12":"tag-inss","13":"tag-pericia","14":"tag-perito","15":"tag-trf3"},"yoast_head":"<!-- This site is optimized with the Yoast SEO plugin v27.2 - https:\/\/yoast.com\/product\/yoast-seo-wordpress\/ -->\n<title>TRF3: CONTADOR \u00c9 CONDENADO POR ESTELIONATO CONTRA A PREVID\u00caNCIA SOCIAL | Portal de Not\u00edcias<\/title>\n<meta name=\"robots\" content=\"index, follow, max-snippet:-1, max-image-preview:large, max-video-preview:-1\" \/>\n<link rel=\"canonical\" href=\"https:\/\/mhcalculos.com.br\/noticias\/area\/previdenciario\/trf3-contador-e-condenado-por-estelionato-contra-a-previdencia-social.html\" \/>\n<meta property=\"og:locale\" content=\"pt_BR\" \/>\n<meta property=\"og:type\" content=\"article\" \/>\n<meta property=\"og:title\" content=\"TRF3: CONTADOR \u00c9 CONDENADO POR ESTELIONATO CONTRA A PREVID\u00caNCIA SOCIAL | Portal de Not\u00edcias\" \/>\n<meta property=\"og:description\" content=\"R\u00e9u inseriu dados falsos em sistema do INSS para adquirir benef\u00edcio previdenci\u00e1rio ilegal A Quinta Turma do Tribunal Regional Federal da 3\u00aa Regi\u00e3o (TRF3), por unanimidade, manteve a condena\u00e7\u00e3o de um contador pela pr\u00e1tica de estelionato contra a Previd\u00eancia Social. O r\u00e9u inseriu dados falsos no sistema informatizado do Instituto Nacional do Seguro Social (INSS) [&hellip;]\" \/>\n<meta property=\"og:url\" content=\"https:\/\/mhcalculos.com.br\/noticias\/area\/previdenciario\/trf3-contador-e-condenado-por-estelionato-contra-a-previdencia-social.html\" \/>\n<meta property=\"og:site_name\" content=\"Portal de Not\u00edcias\" \/>\n<meta property=\"article:published_time\" content=\"2020-04-14T13:05:08+00:00\" \/>\n<meta property=\"article:modified_time\" content=\"2021-07-28T17:30:00+00:00\" \/>\n<meta property=\"og:image\" content=\"https:\/\/mhcalculos.com.br\/noticias\/wp-content\/uploads\/sites\/2\/2018\/08\/judiciario-0001.jpg\" \/>\n\t<meta property=\"og:image:width\" content=\"2000\" \/>\n\t<meta property=\"og:image:height\" content=\"800\" \/>\n\t<meta property=\"og:image:type\" content=\"image\/jpeg\" \/>\n<meta name=\"author\" content=\"Equipe MH\" \/>\n<meta name=\"twitter:card\" content=\"summary_large_image\" \/>\n<meta name=\"twitter:label1\" content=\"Escrito por\" \/>\n\t<meta name=\"twitter:data1\" content=\"Equipe MH\" \/>\n\t<meta name=\"twitter:label2\" content=\"Est. tempo de leitura\" \/>\n\t<meta name=\"twitter:data2\" content=\"2 minutos\" \/>\n<script type=\"application\/ld+json\" class=\"yoast-schema-graph\">{\"@context\":\"https:\/\/schema.org\",\"@graph\":[{\"@type\":\"Article\",\"@id\":\"https:\/\/mhcalculos.com.br\/noticias\/area\/previdenciario\/trf3-contador-e-condenado-por-estelionato-contra-a-previdencia-social.html#article\",\"isPartOf\":{\"@id\":\"https:\/\/mhcalculos.com.br\/noticias\/area\/previdenciario\/trf3-contador-e-condenado-por-estelionato-contra-a-previdencia-social.html\"},\"author\":{\"name\":\"Equipe MH\",\"@id\":\"https:\/\/mhcalculos.com.br\/noticias\/#\/schema\/person\/88d1c34bf72dc779ea14a5a6b8e0ae8d\"},\"headline\":\"TRF3: CONTADOR \u00c9 CONDENADO POR ESTELIONATO CONTRA A PREVID\u00caNCIA SOCIAL\",\"datePublished\":\"2020-04-14T13:05:08+00:00\",\"dateModified\":\"2021-07-28T17:30:00+00:00\",\"mainEntityOfPage\":{\"@id\":\"https:\/\/mhcalculos.com.br\/noticias\/area\/previdenciario\/trf3-contador-e-condenado-por-estelionato-contra-a-previdencia-social.html\"},\"wordCount\":454,\"commentCount\":0,\"image\":{\"@id\":\"https:\/\/mhcalculos.com.br\/noticias\/area\/previdenciario\/trf3-contador-e-condenado-por-estelionato-contra-a-previdencia-social.html#primaryimage\"},\"thumbnailUrl\":\"https:\/\/mhcalculos.com.br\/noticias\/wp-content\/uploads\/sites\/2\/2018\/08\/judiciario-0001.jpg\",\"keywords\":[\"aposentadoria\",\"c\u00e1lculos previdenci\u00e1rios\",\"direito previdenci\u00e1rio\",\"inss\",\"per\u00edcia\",\"perito\",\"trf3\"],\"articleSection\":[\"Direito Previdenci\u00e1rio\",\"TRF3\"],\"inLanguage\":\"pt-BR\",\"potentialAction\":[{\"@type\":\"CommentAction\",\"name\":\"Comment\",\"target\":[\"https:\/\/mhcalculos.com.br\/noticias\/area\/previdenciario\/trf3-contador-e-condenado-por-estelionato-contra-a-previdencia-social.html#respond\"]}]},{\"@type\":\"WebPage\",\"@id\":\"https:\/\/mhcalculos.com.br\/noticias\/area\/previdenciario\/trf3-contador-e-condenado-por-estelionato-contra-a-previdencia-social.html\",\"url\":\"https:\/\/mhcalculos.com.br\/noticias\/area\/previdenciario\/trf3-contador-e-condenado-por-estelionato-contra-a-previdencia-social.html\",\"name\":\"TRF3: CONTADOR \u00c9 CONDENADO POR ESTELIONATO CONTRA A PREVID\u00caNCIA SOCIAL | Portal de Not\u00edcias\",\"isPartOf\":{\"@id\":\"https:\/\/mhcalculos.com.br\/noticias\/#website\"},\"primaryImageOfPage\":{\"@id\":\"https:\/\/mhcalculos.com.br\/noticias\/area\/previdenciario\/trf3-contador-e-condenado-por-estelionato-contra-a-previdencia-social.html#primaryimage\"},\"image\":{\"@id\":\"https:\/\/mhcalculos.com.br\/noticias\/area\/previdenciario\/trf3-contador-e-condenado-por-estelionato-contra-a-previdencia-social.html#primaryimage\"},\"thumbnailUrl\":\"https:\/\/mhcalculos.com.br\/noticias\/wp-content\/uploads\/sites\/2\/2018\/08\/judiciario-0001.jpg\",\"datePublished\":\"2020-04-14T13:05:08+00:00\",\"dateModified\":\"2021-07-28T17:30:00+00:00\",\"author\":{\"@id\":\"https:\/\/mhcalculos.com.br\/noticias\/#\/schema\/person\/88d1c34bf72dc779ea14a5a6b8e0ae8d\"},\"breadcrumb\":{\"@id\":\"https:\/\/mhcalculos.com.br\/noticias\/area\/previdenciario\/trf3-contador-e-condenado-por-estelionato-contra-a-previdencia-social.html#breadcrumb\"},\"inLanguage\":\"pt-BR\",\"potentialAction\":[{\"@type\":\"ReadAction\",\"target\":[\"https:\/\/mhcalculos.com.br\/noticias\/area\/previdenciario\/trf3-contador-e-condenado-por-estelionato-contra-a-previdencia-social.html\"]}]},{\"@type\":\"ImageObject\",\"inLanguage\":\"pt-BR\",\"@id\":\"https:\/\/mhcalculos.com.br\/noticias\/area\/previdenciario\/trf3-contador-e-condenado-por-estelionato-contra-a-previdencia-social.html#primaryimage\",\"url\":\"https:\/\/mhcalculos.com.br\/noticias\/wp-content\/uploads\/sites\/2\/2018\/08\/judiciario-0001.jpg\",\"contentUrl\":\"https:\/\/mhcalculos.com.br\/noticias\/wp-content\/uploads\/sites\/2\/2018\/08\/judiciario-0001.jpg\",\"width\":2000,\"height\":800},{\"@type\":\"BreadcrumbList\",\"@id\":\"https:\/\/mhcalculos.com.br\/noticias\/area\/previdenciario\/trf3-contador-e-condenado-por-estelionato-contra-a-previdencia-social.html#breadcrumb\",\"itemListElement\":[{\"@type\":\"ListItem\",\"position\":1,\"name\":\"In\u00edcio\",\"item\":\"https:\/\/mhcalculos.com.br\/noticias\/\"},{\"@type\":\"ListItem\",\"position\":2,\"name\":\"TRF3: CONTADOR \u00c9 CONDENADO POR ESTELIONATO CONTRA A PREVID\u00caNCIA SOCIAL\"}]},{\"@type\":\"WebSite\",\"@id\":\"https:\/\/mhcalculos.com.br\/noticias\/#website\",\"url\":\"https:\/\/mhcalculos.com.br\/noticias\/\",\"name\":\"Portal de Not\u00edcias\",\"description\":\"Not\u00edcias e Jurisprud\u00eancia\",\"potentialAction\":[{\"@type\":\"SearchAction\",\"target\":{\"@type\":\"EntryPoint\",\"urlTemplate\":\"https:\/\/mhcalculos.com.br\/noticias\/?s={search_term_string}\"},\"query-input\":{\"@type\":\"PropertyValueSpecification\",\"valueRequired\":true,\"valueName\":\"search_term_string\"}}],\"inLanguage\":\"pt-BR\"},{\"@type\":\"Person\",\"@id\":\"https:\/\/mhcalculos.com.br\/noticias\/#\/schema\/person\/88d1c34bf72dc779ea14a5a6b8e0ae8d\",\"name\":\"Equipe MH\",\"image\":{\"@type\":\"ImageObject\",\"inLanguage\":\"pt-BR\",\"@id\":\"https:\/\/secure.gravatar.com\/avatar\/de1c686c2ecc9c5a3f327e3431d819eb39f8f05d4e1045f5a1caad6daaba987f?s=96&d=mm&r=g\",\"url\":\"https:\/\/secure.gravatar.com\/avatar\/de1c686c2ecc9c5a3f327e3431d819eb39f8f05d4e1045f5a1caad6daaba987f?s=96&d=mm&r=g\",\"contentUrl\":\"https:\/\/secure.gravatar.com\/avatar\/de1c686c2ecc9c5a3f327e3431d819eb39f8f05d4e1045f5a1caad6daaba987f?s=96&d=mm&r=g\",\"caption\":\"Equipe MH\"}}]}<\/script>\n<!-- \/ Yoast SEO plugin. -->","yoast_head_json":{"title":"TRF3: CONTADOR \u00c9 CONDENADO POR ESTELIONATO CONTRA A PREVID\u00caNCIA SOCIAL | Portal de Not\u00edcias","robots":{"index":"index","follow":"follow","max-snippet":"max-snippet:-1","max-image-preview":"max-image-preview:large","max-video-preview":"max-video-preview:-1"},"canonical":"https:\/\/mhcalculos.com.br\/noticias\/area\/previdenciario\/trf3-contador-e-condenado-por-estelionato-contra-a-previdencia-social.html","og_locale":"pt_BR","og_type":"article","og_title":"TRF3: CONTADOR \u00c9 CONDENADO POR ESTELIONATO CONTRA A PREVID\u00caNCIA SOCIAL | Portal de Not\u00edcias","og_description":"R\u00e9u inseriu dados falsos em sistema do INSS para adquirir benef\u00edcio previdenci\u00e1rio ilegal A Quinta Turma do Tribunal Regional Federal da 3\u00aa Regi\u00e3o (TRF3), por unanimidade, manteve a condena\u00e7\u00e3o de um contador pela pr\u00e1tica de estelionato contra a Previd\u00eancia Social. O r\u00e9u inseriu dados falsos no sistema informatizado do Instituto Nacional do Seguro Social (INSS) [&hellip;]","og_url":"https:\/\/mhcalculos.com.br\/noticias\/area\/previdenciario\/trf3-contador-e-condenado-por-estelionato-contra-a-previdencia-social.html","og_site_name":"Portal de Not\u00edcias","article_published_time":"2020-04-14T13:05:08+00:00","article_modified_time":"2021-07-28T17:30:00+00:00","og_image":[{"width":2000,"height":800,"url":"https:\/\/mhcalculos.com.br\/noticias\/wp-content\/uploads\/sites\/2\/2018\/08\/judiciario-0001.jpg","type":"image\/jpeg"}],"author":"Equipe MH","twitter_card":"summary_large_image","twitter_misc":{"Escrito por":"Equipe MH","Est. tempo de leitura":"2 minutos"},"schema":{"@context":"https:\/\/schema.org","@graph":[{"@type":"Article","@id":"https:\/\/mhcalculos.com.br\/noticias\/area\/previdenciario\/trf3-contador-e-condenado-por-estelionato-contra-a-previdencia-social.html#article","isPartOf":{"@id":"https:\/\/mhcalculos.com.br\/noticias\/area\/previdenciario\/trf3-contador-e-condenado-por-estelionato-contra-a-previdencia-social.html"},"author":{"name":"Equipe MH","@id":"https:\/\/mhcalculos.com.br\/noticias\/#\/schema\/person\/88d1c34bf72dc779ea14a5a6b8e0ae8d"},"headline":"TRF3: CONTADOR \u00c9 CONDENADO POR ESTELIONATO CONTRA A PREVID\u00caNCIA SOCIAL","datePublished":"2020-04-14T13:05:08+00:00","dateModified":"2021-07-28T17:30:00+00:00","mainEntityOfPage":{"@id":"https:\/\/mhcalculos.com.br\/noticias\/area\/previdenciario\/trf3-contador-e-condenado-por-estelionato-contra-a-previdencia-social.html"},"wordCount":454,"commentCount":0,"image":{"@id":"https:\/\/mhcalculos.com.br\/noticias\/area\/previdenciario\/trf3-contador-e-condenado-por-estelionato-contra-a-previdencia-social.html#primaryimage"},"thumbnailUrl":"https:\/\/mhcalculos.com.br\/noticias\/wp-content\/uploads\/sites\/2\/2018\/08\/judiciario-0001.jpg","keywords":["aposentadoria","c\u00e1lculos previdenci\u00e1rios","direito previdenci\u00e1rio","inss","per\u00edcia","perito","trf3"],"articleSection":["Direito Previdenci\u00e1rio","TRF3"],"inLanguage":"pt-BR","potentialAction":[{"@type":"CommentAction","name":"Comment","target":["https:\/\/mhcalculos.com.br\/noticias\/area\/previdenciario\/trf3-contador-e-condenado-por-estelionato-contra-a-previdencia-social.html#respond"]}]},{"@type":"WebPage","@id":"https:\/\/mhcalculos.com.br\/noticias\/area\/previdenciario\/trf3-contador-e-condenado-por-estelionato-contra-a-previdencia-social.html","url":"https:\/\/mhcalculos.com.br\/noticias\/area\/previdenciario\/trf3-contador-e-condenado-por-estelionato-contra-a-previdencia-social.html","name":"TRF3: CONTADOR \u00c9 CONDENADO POR ESTELIONATO CONTRA A PREVID\u00caNCIA SOCIAL | Portal de Not\u00edcias","isPartOf":{"@id":"https:\/\/mhcalculos.com.br\/noticias\/#website"},"primaryImageOfPage":{"@id":"https:\/\/mhcalculos.com.br\/noticias\/area\/previdenciario\/trf3-contador-e-condenado-por-estelionato-contra-a-previdencia-social.html#primaryimage"},"image":{"@id":"https:\/\/mhcalculos.com.br\/noticias\/area\/previdenciario\/trf3-contador-e-condenado-por-estelionato-contra-a-previdencia-social.html#primaryimage"},"thumbnailUrl":"https:\/\/mhcalculos.com.br\/noticias\/wp-content\/uploads\/sites\/2\/2018\/08\/judiciario-0001.jpg","datePublished":"2020-04-14T13:05:08+00:00","dateModified":"2021-07-28T17:30:00+00:00","author":{"@id":"https:\/\/mhcalculos.com.br\/noticias\/#\/schema\/person\/88d1c34bf72dc779ea14a5a6b8e0ae8d"},"breadcrumb":{"@id":"https:\/\/mhcalculos.com.br\/noticias\/area\/previdenciario\/trf3-contador-e-condenado-por-estelionato-contra-a-previdencia-social.html#breadcrumb"},"inLanguage":"pt-BR","potentialAction":[{"@type":"ReadAction","target":["https:\/\/mhcalculos.com.br\/noticias\/area\/previdenciario\/trf3-contador-e-condenado-por-estelionato-contra-a-previdencia-social.html"]}]},{"@type":"ImageObject","inLanguage":"pt-BR","@id":"https:\/\/mhcalculos.com.br\/noticias\/area\/previdenciario\/trf3-contador-e-condenado-por-estelionato-contra-a-previdencia-social.html#primaryimage","url":"https:\/\/mhcalculos.com.br\/noticias\/wp-content\/uploads\/sites\/2\/2018\/08\/judiciario-0001.jpg","contentUrl":"https:\/\/mhcalculos.com.br\/noticias\/wp-content\/uploads\/sites\/2\/2018\/08\/judiciario-0001.jpg","width":2000,"height":800},{"@type":"BreadcrumbList","@id":"https:\/\/mhcalculos.com.br\/noticias\/area\/previdenciario\/trf3-contador-e-condenado-por-estelionato-contra-a-previdencia-social.html#breadcrumb","itemListElement":[{"@type":"ListItem","position":1,"name":"In\u00edcio","item":"https:\/\/mhcalculos.com.br\/noticias\/"},{"@type":"ListItem","position":2,"name":"TRF3: CONTADOR \u00c9 CONDENADO POR ESTELIONATO CONTRA A PREVID\u00caNCIA SOCIAL"}]},{"@type":"WebSite","@id":"https:\/\/mhcalculos.com.br\/noticias\/#website","url":"https:\/\/mhcalculos.com.br\/noticias\/","name":"Portal de Not\u00edcias","description":"Not\u00edcias e Jurisprud\u00eancia","potentialAction":[{"@type":"SearchAction","target":{"@type":"EntryPoint","urlTemplate":"https:\/\/mhcalculos.com.br\/noticias\/?s={search_term_string}"},"query-input":{"@type":"PropertyValueSpecification","valueRequired":true,"valueName":"search_term_string"}}],"inLanguage":"pt-BR"},{"@type":"Person","@id":"https:\/\/mhcalculos.com.br\/noticias\/#\/schema\/person\/88d1c34bf72dc779ea14a5a6b8e0ae8d","name":"Equipe MH","image":{"@type":"ImageObject","inLanguage":"pt-BR","@id":"https:\/\/secure.gravatar.com\/avatar\/de1c686c2ecc9c5a3f327e3431d819eb39f8f05d4e1045f5a1caad6daaba987f?s=96&d=mm&r=g","url":"https:\/\/secure.gravatar.com\/avatar\/de1c686c2ecc9c5a3f327e3431d819eb39f8f05d4e1045f5a1caad6daaba987f?s=96&d=mm&r=g","contentUrl":"https:\/\/secure.gravatar.com\/avatar\/de1c686c2ecc9c5a3f327e3431d819eb39f8f05d4e1045f5a1caad6daaba987f?s=96&d=mm&r=g","caption":"Equipe MH"}}]}},"_links":{"self":[{"href":"https:\/\/mhcalculos.com.br\/noticias\/wp-json\/wp\/v2\/posts\/7053","targetHints":{"allow":["GET"]}}],"collection":[{"href":"https:\/\/mhcalculos.com.br\/noticias\/wp-json\/wp\/v2\/posts"}],"about":[{"href":"https:\/\/mhcalculos.com.br\/noticias\/wp-json\/wp\/v2\/types\/post"}],"author":[{"embeddable":true,"href":"https:\/\/mhcalculos.com.br\/noticias\/wp-json\/wp\/v2\/users\/3063"}],"replies":[{"embeddable":true,"href":"https:\/\/mhcalculos.com.br\/noticias\/wp-json\/wp\/v2\/comments?post=7053"}],"version-history":[{"count":1,"href":"https:\/\/mhcalculos.com.br\/noticias\/wp-json\/wp\/v2\/posts\/7053\/revisions"}],"predecessor-version":[{"id":9269,"href":"https:\/\/mhcalculos.com.br\/noticias\/wp-json\/wp\/v2\/posts\/7053\/revisions\/9269"}],"wp:featuredmedia":[{"embeddable":true,"href":"https:\/\/mhcalculos.com.br\/noticias\/wp-json\/wp\/v2\/media\/2998"}],"wp:attachment":[{"href":"https:\/\/mhcalculos.com.br\/noticias\/wp-json\/wp\/v2\/media?parent=7053"}],"wp:term":[{"taxonomy":"category","embeddable":true,"href":"https:\/\/mhcalculos.com.br\/noticias\/wp-json\/wp\/v2\/categories?post=7053"},{"taxonomy":"post_tag","embeddable":true,"href":"https:\/\/mhcalculos.com.br\/noticias\/wp-json\/wp\/v2\/tags?post=7053"}],"curies":[{"name":"wp","href":"https:\/\/api.w.org\/{rel}","templated":true}]}}