{"id":7040,"date":"2020-04-06T19:00:00","date_gmt":"2020-04-06T22:00:00","guid":{"rendered":"https:\/\/mhcalculos.com.br\/noticias\/area\/trabalhista\/tst-vice-presidencia-realiza-reuniao-preparatoria-para-instalacao-da-comissao-nacional-de-conciliacao.html"},"modified":"2021-07-28T14:30:03","modified_gmt":"2021-07-28T17:30:03","slug":"tst-vice-presidencia-realiza-reuniao-preparatoria-para-instalacao-da-comissao-nacional-de-conciliacao","status":"publish","type":"post","link":"https:\/\/mhcalculos.com.br\/noticias\/area\/trabalhista\/tst-vice-presidencia-realiza-reuniao-preparatoria-para-instalacao-da-comissao-nacional-de-conciliacao.html","title":{"rendered":"TST: Vice-Presid\u00eancia realiza reuni\u00e3o preparat\u00f3ria para instala\u00e7\u00e3o da Comiss\u00e3o Nacional de Concilia\u00e7\u00e3o"},"content":{"rendered":"<p><br \/>\n<\/p>\n<p><em><\/p>\n<p>A reuni\u00e3o foi realizada em plataforma digital.<\/p>\n<p><\/em><\/p>\n<p>        <a class=\"share-facebook\" href=\"https:\/\/www.facebook.com\/sharer.php?u=http:\/\/www.tst.jus.br\/-\/vice-presid%C3%AAncia-realiza-reuni%C3%A3o-preparat%C3%B3ria-para-instala%C3%A7%C3%A3o-da-comiss%C3%A3o-nacional-de-concilia%C3%A7%C3%A3o\" target=\"_blank\" rel=\"noopener noreferrer\"><\/a><br \/>\n        <a class=\"share-twitter\" href=\"http:\/\/twitter.com\/intent\/tweet?text=Vice-Presid\u00eancia realiza reuni\u00e3o preparat\u00f3ria para instala\u00e7\u00e3o da Comiss\u00e3o Nacional de Concilia\u00e7\u00e3o%0AVeja%20mais%20em:&amp;url=http:\/\/www.tst.jus.br\/-\/vice-presid%C3%AAncia-realiza-reuni%C3%A3o-preparat%C3%B3ria-para-instala%C3%A7%C3%A3o-da-comiss%C3%A3o-nacional-de-concilia%C3%A7%C3%A3o\" target=\"_blank\" rel=\"noopener noreferrer\"><\/a><br \/>\n        <a class=\"share-linkedin\" href=\"https:\/\/www.linkedin.com\/shareArticle?mini=true&amp;url=http:\/\/www.tst.jus.br\/-\/vice-presid%C3%AAncia-realiza-reuni%C3%A3o-preparat%C3%B3ria-para-instala%C3%A7%C3%A3o-da-comiss%C3%A3o-nacional-de-concilia%C3%A7%C3%A3o&amp;title=Vice-Presid\u00eancia realiza reuni\u00e3o preparat\u00f3ria para instala\u00e7\u00e3o da Comiss\u00e3o Nacional de Concilia\u00e7\u00e3o\" target=\"_blank\" rel=\"noopener noreferrer\"><\/a><br \/>\n        <a class=\"share-whatsapp\" href=\"https:\/\/web.whatsapp.com\/send?text=http:\/\/www.tst.jus.br\/-\/vice-presid%C3%AAncia-realiza-reuni%C3%A3o-preparat%C3%B3ria-para-instala%C3%A7%C3%A3o-da-comiss%C3%A3o-nacional-de-concilia%C3%A7%C3%A3o\" target=\"_blank\" rel=\"noopener noreferrer\"><\/a><br \/>\n        <a class=\"share-googleplus\" href=\"https:\/\/plus.google.com\/share?url=http:\/\/www.tst.jus.br\/-\/vice-presid%C3%AAncia-realiza-reuni%C3%A3o-preparat%C3%B3ria-para-instala%C3%A7%C3%A3o-da-comiss%C3%A3o-nacional-de-concilia%C3%A7%C3%A3o\" target=\"_blank\" rel=\"noopener noreferrer\"><\/a><\/p>\n<p>A Vice-Presid\u00eancia do Tribunal Superior do Trabalho realizou, na manh\u00e3 desta segunda-feira (6), a primeira reuni\u00e3o preparat\u00f3ria para o inicio das atividades da Comiss\u00e3o Nacional de Promo\u00e7\u00e3o da Concilia\u00e7\u00e3o (Conaproc). A comiss\u00e3o, institu\u00edda em 2016 pela Resolu\u00e7\u00e3o 174 do Conselho Superior da Justi\u00e7a do Trabalho (CSJT) com a finalidade de estudar e implementar pol\u00edticas de media\u00e7\u00e3o e concilia\u00e7\u00e3o na Justi\u00e7a do Trabalho, n\u00e3o havia sido formalmente instalada. A instala\u00e7\u00e3o formal se deu na \u00faltima sexta-feira (27), por meio de ato conjunto assinado pela Presid\u00eancia e pela Vice-Presid\u00eancia do CSJT e pela Corregedoria Geral da Justi\u00e7a do Trabalho (Ato Conjunto CSJT.GP.VP e CGJT 4\/2020).<\/p>\n<p>Na sua composi\u00e7\u00e3o plena, a comiss\u00e3o \u00e9 coordenada pelo vice-presidente do TST e integrada por mais um ministro do TST indicado pela Presid\u00eancia, por um secret\u00e1rio-geral, por cinco magistrados indicados para representar as cinco regi\u00f5es geoecon\u00f4micas e atuantes em Centros Judici\u00e1rios de M\u00e9todos Consensuais de Solu\u00e7\u00e3o de Disputas (Cejuscs) e pelos coordenadores dos N\u00facleos Permanentes de M\u00e9todos Consensuais de Solu\u00e7\u00e3o de Conflitos (Nupemecs) dos 24 Tribunais Regionais do Trabalho.<\/p>\n<h4>Mapeamento<\/h4>\n<p>A reuni\u00e3o preparat\u00f3ria de hoje, realizada por meio de plataforma digital, foi conduzida pelo ministro Vieira de Mello Filho, vice-presidente do TST e coordenador da Conaproc, e contou com a participa\u00e7\u00e3o do ministro do TST Cl\u00e1udio Brand\u00e3o, al\u00e9m dos magistrados Giovanni Olsson, juiz auxiliar da Vice-Presid\u00eancia e secret\u00e1rio-geral, Erica Bessa, do TRT da 3\u00aa Regi\u00e3o (MG), Marcelo Caon Pereira, do TRT da 4\u00aa Regi\u00e3o (RS), Roberta de Melo Carvalho, do TRT da 10\u00aa Regi\u00e3o (DF\/TO), Roberto Wanderley Braga, do TRT da 22\u00aa Regi\u00e3o (PI), e Dorotheo Barbosa Neto, do TRT da 14\u00aa Regi\u00e3o (RO), que representam as cinco regi\u00f5es geoecon\u00f4micas. Os trabalhos tiveram como objetivo central o mapeamento das primeiras quest\u00f5es e provid\u00eancias preparat\u00f3rias a serem tratadas na reuni\u00e3o de instala\u00e7\u00e3o da Conaproc, a se realizar na pr\u00f3xima semana, em sua composi\u00e7\u00e3o plena.<\/p>\n<h4>Diretrizes excepcionais<\/h4>\n<p>Diante da emerg\u00eancia sanit\u00e1ria da covid-19, a Vice-Presid\u00eancia vem implementando de forma acelerada diversas iniciativas para ampliar o acesso \u00e0 Justi\u00e7a e oferecer aos magistrados do trabalho melhores elementos para conduzirem atividades de media\u00e7\u00e3o e concilia\u00e7\u00e3o nos conflitos individuais e coletivos no \u00e2mbito processual ou pr\u00e9-processual, particularmente com a utiliza\u00e7\u00e3o de plataformas de videoconfer\u00eancia, e o fortalecimento da atua\u00e7\u00e3o dos Cejuscs de primeiro e de segundo grau. No final de mar\u00e7o, editou a Recomenda\u00e7\u00e3o CSJT.GVP 01\/2020, para a ado\u00e7\u00e3o de diretrizes excepcionais e transit\u00f3rias no contexto da vig\u00eancia da pandemia do novo coronav\u00edrus.<\/p>\n<p>(Com informa\u00e7\u00f5es da Vice-Presid\u00eancia do TST e do CSJT)<\/p>\n<p>    $(&#8216;#lightbox-knfc_ .slider-gallery-wrapper img&#8217;).hover(<br \/>\n    function() {<br \/>\n        const $text=$($($(this).parent()).next());<br \/>\n        $text.hasClass(&#8216;inside-description&#8217;) &amp;&amp; $text.fadeTo( &#8220;slow&#8221; , 0);<br \/>\n    }, function() {<br \/>\n        const $text=$($($(this).parent()).next());<br \/>\n        $text.hasClass(&#8216;inside-description&#8217;) &amp;&amp; $text.fadeTo( &#8220;slow&#8221; , 1);<br \/>\n    }<br \/>\n    );<br \/>\n    $(document).ready(function() {<br \/>\n        var knfc_autoplaying=false;<br \/>\n        var knfc_showingLightbox=false;<br \/>\n        const knfc_playPauseControllers=&#8221;#slider-knfc_-playpause, #slider-knfc_-lightbox-playpause&#8221;;<br \/>\n        $(&#8220;#slider-knfc_&#8221;).slick({<br \/>\n            slidesToShow: 1,<br \/>\n            slidesToScroll: 1,<br \/>\n            autoplay: knfc_autoplaying,<br \/>\n            swipeToSlide: false,<br \/>\n            centerMode: false,<br \/>\n            autoplaySpeed: 3000,<br \/>\n            focusOnSelect: true,<br \/>\n            prevArrow:<br \/>\n            &#8221;,<br \/>\n            nextArrow:<br \/>\n            &#8221;,<br \/>\n            centerPadding: &#8220;60px&#8221;,<br \/>\n            responsive: [<br \/>\n                {<br \/>\n                    breakpoint: 767.98,<br \/>\n                    settings: {<br \/>\n                        slidesToShow: 3,<br \/>\n                        adaptiveHeight: true<br \/>\n                    }<br \/>\n                }<br \/>\n            ]<br \/>\n        });<br \/>\n        $(&#8220;#slider-knfc_&#8221;).slickLightbox({<br \/>\n            src: &#8216;src&#8217;,<br \/>\n            itemSelector: &#8216;.galery-image .multimidia-wrapper img&#8217;,<br \/>\n            caption:&#8217;caption&#8217;<br \/>\n        });<br \/>\n    });<br \/>\n<script async src=\"https:\/\/platform.twitter.com\/widgets.js\" charset=\"utf-8\"><\/script><br \/>\n<br \/><i>Com informa\u00e7\u00f5es da assessoria de imprensa do TST.<\/i><br \/>\n<br \/><a href=\"http:\/\/www.tst.jus.br\/web\/guest\/noticias?p_p_id=89Dk&#038;p_p_lifecycle=0&#038;refererPlid=10730&#038;_89Dk_groupId=10157&#038;_89Dk_articleId=26154986\">Fonte<\/a><br \/>\n<br \/><\/p>\n","protected":false},"excerpt":{"rendered":"<p>A reuni\u00e3o foi realizada em plataforma digital. A Vice-Presid\u00eancia do Tribunal Superior do Trabalho realizou, na manh\u00e3 desta segunda-feira (6), a primeira reuni\u00e3o preparat\u00f3ria para o inicio das atividades da Comiss\u00e3o Nacional de Promo\u00e7\u00e3o da Concilia\u00e7\u00e3o (Conaproc). A comiss\u00e3o, institu\u00edda em 2016 pela Resolu\u00e7\u00e3o 174 do Conselho Superior da Justi\u00e7a do Trabalho (CSJT) com a [&hellip;]<\/p>\n","protected":false},"author":3063,"featured_media":2607,"comment_status":"open","ping_status":"open","sticky":false,"template":"","format":"standard","meta":{"footnotes":""},"categories":[3,21],"tags":[33,216,9,12,217,215],"class_list":{"0":"post-7040","1":"post","2":"type-post","3":"status-publish","4":"format-standard","5":"has-post-thumbnail","7":"category-trabalhista","8":"category-tst","9":"tag-calculos-trabalhistas","10":"tag-direito-trabalhista","11":"tag-pericia","12":"tag-perito","13":"tag-trabalho","14":"tag-tst"},"yoast_head":"<!-- This site is optimized with the Yoast SEO plugin v27.2 - https:\/\/yoast.com\/product\/yoast-seo-wordpress\/ -->\n<title>TST: Vice-Presid\u00eancia realiza reuni\u00e3o preparat\u00f3ria para instala\u00e7\u00e3o da Comiss\u00e3o Nacional de Concilia\u00e7\u00e3o | Portal de Not\u00edcias<\/title>\n<meta name=\"robots\" content=\"index, follow, max-snippet:-1, max-image-preview:large, max-video-preview:-1\" \/>\n<link rel=\"canonical\" href=\"https:\/\/mhcalculos.com.br\/noticias\/area\/trabalhista\/tst-vice-presidencia-realiza-reuniao-preparatoria-para-instalacao-da-comissao-nacional-de-conciliacao.html\" \/>\n<meta property=\"og:locale\" content=\"pt_BR\" \/>\n<meta property=\"og:type\" content=\"article\" \/>\n<meta property=\"og:title\" content=\"TST: Vice-Presid\u00eancia realiza reuni\u00e3o preparat\u00f3ria para instala\u00e7\u00e3o da Comiss\u00e3o Nacional de Concilia\u00e7\u00e3o | Portal de Not\u00edcias\" \/>\n<meta property=\"og:description\" content=\"A reuni\u00e3o foi realizada em plataforma digital. A Vice-Presid\u00eancia do Tribunal Superior do Trabalho realizou, na manh\u00e3 desta segunda-feira (6), a primeira reuni\u00e3o preparat\u00f3ria para o inicio das atividades da Comiss\u00e3o Nacional de Promo\u00e7\u00e3o da Concilia\u00e7\u00e3o (Conaproc). A comiss\u00e3o, institu\u00edda em 2016 pela Resolu\u00e7\u00e3o 174 do Conselho Superior da Justi\u00e7a do Trabalho (CSJT) com a [&hellip;]\" \/>\n<meta property=\"og:url\" content=\"https:\/\/mhcalculos.com.br\/noticias\/area\/trabalhista\/tst-vice-presidencia-realiza-reuniao-preparatoria-para-instalacao-da-comissao-nacional-de-conciliacao.html\" \/>\n<meta property=\"og:site_name\" content=\"Portal de Not\u00edcias\" \/>\n<meta property=\"article:published_time\" content=\"2020-04-06T22:00:00+00:00\" \/>\n<meta property=\"article:modified_time\" content=\"2021-07-28T17:30:03+00:00\" \/>\n<meta property=\"og:image\" content=\"https:\/\/mhcalculos.com.br\/noticias\/wp-content\/uploads\/sites\/2\/2018\/07\/judiciario-0019.jpg\" \/>\n\t<meta property=\"og:image:width\" content=\"2000\" \/>\n\t<meta property=\"og:image:height\" content=\"800\" \/>\n\t<meta property=\"og:image:type\" content=\"image\/jpeg\" \/>\n<meta name=\"author\" content=\"Equipe MH\" \/>\n<meta name=\"twitter:card\" content=\"summary_large_image\" \/>\n<meta name=\"twitter:label1\" content=\"Escrito por\" \/>\n\t<meta name=\"twitter:data1\" content=\"Equipe MH\" \/>\n\t<meta name=\"twitter:label2\" content=\"Est. tempo de leitura\" \/>\n\t<meta name=\"twitter:data2\" content=\"3 minutos\" \/>\n<script type=\"application\/ld+json\" class=\"yoast-schema-graph\">{\"@context\":\"https:\/\/schema.org\",\"@graph\":[{\"@type\":\"Article\",\"@id\":\"https:\/\/mhcalculos.com.br\/noticias\/area\/trabalhista\/tst-vice-presidencia-realiza-reuniao-preparatoria-para-instalacao-da-comissao-nacional-de-conciliacao.html#article\",\"isPartOf\":{\"@id\":\"https:\/\/mhcalculos.com.br\/noticias\/area\/trabalhista\/tst-vice-presidencia-realiza-reuniao-preparatoria-para-instalacao-da-comissao-nacional-de-conciliacao.html\"},\"author\":{\"name\":\"Equipe MH\",\"@id\":\"https:\/\/mhcalculos.com.br\/noticias\/#\/schema\/person\/88d1c34bf72dc779ea14a5a6b8e0ae8d\"},\"headline\":\"TST: Vice-Presid\u00eancia realiza reuni\u00e3o preparat\u00f3ria para instala\u00e7\u00e3o da Comiss\u00e3o Nacional de Concilia\u00e7\u00e3o\",\"datePublished\":\"2020-04-06T22:00:00+00:00\",\"dateModified\":\"2021-07-28T17:30:03+00:00\",\"mainEntityOfPage\":{\"@id\":\"https:\/\/mhcalculos.com.br\/noticias\/area\/trabalhista\/tst-vice-presidencia-realiza-reuniao-preparatoria-para-instalacao-da-comissao-nacional-de-conciliacao.html\"},\"wordCount\":593,\"commentCount\":0,\"image\":{\"@id\":\"https:\/\/mhcalculos.com.br\/noticias\/area\/trabalhista\/tst-vice-presidencia-realiza-reuniao-preparatoria-para-instalacao-da-comissao-nacional-de-conciliacao.html#primaryimage\"},\"thumbnailUrl\":\"https:\/\/mhcalculos.com.br\/noticias\/wp-content\/uploads\/sites\/2\/2018\/07\/judiciario-0019.jpg\",\"keywords\":[\"c\u00e1lculos trabalhistas\",\"direito trabalhista\",\"per\u00edcia\",\"perito\",\"trabalho\",\"TST\"],\"articleSection\":[\"Direito Trabalhista\",\"TST\"],\"inLanguage\":\"pt-BR\",\"potentialAction\":[{\"@type\":\"CommentAction\",\"name\":\"Comment\",\"target\":[\"https:\/\/mhcalculos.com.br\/noticias\/area\/trabalhista\/tst-vice-presidencia-realiza-reuniao-preparatoria-para-instalacao-da-comissao-nacional-de-conciliacao.html#respond\"]}]},{\"@type\":\"WebPage\",\"@id\":\"https:\/\/mhcalculos.com.br\/noticias\/area\/trabalhista\/tst-vice-presidencia-realiza-reuniao-preparatoria-para-instalacao-da-comissao-nacional-de-conciliacao.html\",\"url\":\"https:\/\/mhcalculos.com.br\/noticias\/area\/trabalhista\/tst-vice-presidencia-realiza-reuniao-preparatoria-para-instalacao-da-comissao-nacional-de-conciliacao.html\",\"name\":\"TST: Vice-Presid\u00eancia realiza reuni\u00e3o preparat\u00f3ria para instala\u00e7\u00e3o da Comiss\u00e3o Nacional de Concilia\u00e7\u00e3o | Portal de Not\u00edcias\",\"isPartOf\":{\"@id\":\"https:\/\/mhcalculos.com.br\/noticias\/#website\"},\"primaryImageOfPage\":{\"@id\":\"https:\/\/mhcalculos.com.br\/noticias\/area\/trabalhista\/tst-vice-presidencia-realiza-reuniao-preparatoria-para-instalacao-da-comissao-nacional-de-conciliacao.html#primaryimage\"},\"image\":{\"@id\":\"https:\/\/mhcalculos.com.br\/noticias\/area\/trabalhista\/tst-vice-presidencia-realiza-reuniao-preparatoria-para-instalacao-da-comissao-nacional-de-conciliacao.html#primaryimage\"},\"thumbnailUrl\":\"https:\/\/mhcalculos.com.br\/noticias\/wp-content\/uploads\/sites\/2\/2018\/07\/judiciario-0019.jpg\",\"datePublished\":\"2020-04-06T22:00:00+00:00\",\"dateModified\":\"2021-07-28T17:30:03+00:00\",\"author\":{\"@id\":\"https:\/\/mhcalculos.com.br\/noticias\/#\/schema\/person\/88d1c34bf72dc779ea14a5a6b8e0ae8d\"},\"breadcrumb\":{\"@id\":\"https:\/\/mhcalculos.com.br\/noticias\/area\/trabalhista\/tst-vice-presidencia-realiza-reuniao-preparatoria-para-instalacao-da-comissao-nacional-de-conciliacao.html#breadcrumb\"},\"inLanguage\":\"pt-BR\",\"potentialAction\":[{\"@type\":\"ReadAction\",\"target\":[\"https:\/\/mhcalculos.com.br\/noticias\/area\/trabalhista\/tst-vice-presidencia-realiza-reuniao-preparatoria-para-instalacao-da-comissao-nacional-de-conciliacao.html\"]}]},{\"@type\":\"ImageObject\",\"inLanguage\":\"pt-BR\",\"@id\":\"https:\/\/mhcalculos.com.br\/noticias\/area\/trabalhista\/tst-vice-presidencia-realiza-reuniao-preparatoria-para-instalacao-da-comissao-nacional-de-conciliacao.html#primaryimage\",\"url\":\"https:\/\/mhcalculos.com.br\/noticias\/wp-content\/uploads\/sites\/2\/2018\/07\/judiciario-0019.jpg\",\"contentUrl\":\"https:\/\/mhcalculos.com.br\/noticias\/wp-content\/uploads\/sites\/2\/2018\/07\/judiciario-0019.jpg\",\"width\":2000,\"height\":800},{\"@type\":\"BreadcrumbList\",\"@id\":\"https:\/\/mhcalculos.com.br\/noticias\/area\/trabalhista\/tst-vice-presidencia-realiza-reuniao-preparatoria-para-instalacao-da-comissao-nacional-de-conciliacao.html#breadcrumb\",\"itemListElement\":[{\"@type\":\"ListItem\",\"position\":1,\"name\":\"In\u00edcio\",\"item\":\"https:\/\/mhcalculos.com.br\/noticias\/\"},{\"@type\":\"ListItem\",\"position\":2,\"name\":\"TST: Vice-Presid\u00eancia realiza reuni\u00e3o preparat\u00f3ria para instala\u00e7\u00e3o da Comiss\u00e3o Nacional de Concilia\u00e7\u00e3o\"}]},{\"@type\":\"WebSite\",\"@id\":\"https:\/\/mhcalculos.com.br\/noticias\/#website\",\"url\":\"https:\/\/mhcalculos.com.br\/noticias\/\",\"name\":\"Portal de Not\u00edcias\",\"description\":\"Not\u00edcias e Jurisprud\u00eancia\",\"potentialAction\":[{\"@type\":\"SearchAction\",\"target\":{\"@type\":\"EntryPoint\",\"urlTemplate\":\"https:\/\/mhcalculos.com.br\/noticias\/?s={search_term_string}\"},\"query-input\":{\"@type\":\"PropertyValueSpecification\",\"valueRequired\":true,\"valueName\":\"search_term_string\"}}],\"inLanguage\":\"pt-BR\"},{\"@type\":\"Person\",\"@id\":\"https:\/\/mhcalculos.com.br\/noticias\/#\/schema\/person\/88d1c34bf72dc779ea14a5a6b8e0ae8d\",\"name\":\"Equipe MH\",\"image\":{\"@type\":\"ImageObject\",\"inLanguage\":\"pt-BR\",\"@id\":\"https:\/\/secure.gravatar.com\/avatar\/de1c686c2ecc9c5a3f327e3431d819eb39f8f05d4e1045f5a1caad6daaba987f?s=96&d=mm&r=g\",\"url\":\"https:\/\/secure.gravatar.com\/avatar\/de1c686c2ecc9c5a3f327e3431d819eb39f8f05d4e1045f5a1caad6daaba987f?s=96&d=mm&r=g\",\"contentUrl\":\"https:\/\/secure.gravatar.com\/avatar\/de1c686c2ecc9c5a3f327e3431d819eb39f8f05d4e1045f5a1caad6daaba987f?s=96&d=mm&r=g\",\"caption\":\"Equipe MH\"}}]}<\/script>\n<!-- \/ Yoast SEO plugin. -->","yoast_head_json":{"title":"TST: Vice-Presid\u00eancia realiza reuni\u00e3o preparat\u00f3ria para instala\u00e7\u00e3o da Comiss\u00e3o Nacional de Concilia\u00e7\u00e3o | Portal de Not\u00edcias","robots":{"index":"index","follow":"follow","max-snippet":"max-snippet:-1","max-image-preview":"max-image-preview:large","max-video-preview":"max-video-preview:-1"},"canonical":"https:\/\/mhcalculos.com.br\/noticias\/area\/trabalhista\/tst-vice-presidencia-realiza-reuniao-preparatoria-para-instalacao-da-comissao-nacional-de-conciliacao.html","og_locale":"pt_BR","og_type":"article","og_title":"TST: Vice-Presid\u00eancia realiza reuni\u00e3o preparat\u00f3ria para instala\u00e7\u00e3o da Comiss\u00e3o Nacional de Concilia\u00e7\u00e3o | Portal de Not\u00edcias","og_description":"A reuni\u00e3o foi realizada em plataforma digital. A Vice-Presid\u00eancia do Tribunal Superior do Trabalho realizou, na manh\u00e3 desta segunda-feira (6), a primeira reuni\u00e3o preparat\u00f3ria para o inicio das atividades da Comiss\u00e3o Nacional de Promo\u00e7\u00e3o da Concilia\u00e7\u00e3o (Conaproc). A comiss\u00e3o, institu\u00edda em 2016 pela Resolu\u00e7\u00e3o 174 do Conselho Superior da Justi\u00e7a do Trabalho (CSJT) com a [&hellip;]","og_url":"https:\/\/mhcalculos.com.br\/noticias\/area\/trabalhista\/tst-vice-presidencia-realiza-reuniao-preparatoria-para-instalacao-da-comissao-nacional-de-conciliacao.html","og_site_name":"Portal de Not\u00edcias","article_published_time":"2020-04-06T22:00:00+00:00","article_modified_time":"2021-07-28T17:30:03+00:00","og_image":[{"width":2000,"height":800,"url":"https:\/\/mhcalculos.com.br\/noticias\/wp-content\/uploads\/sites\/2\/2018\/07\/judiciario-0019.jpg","type":"image\/jpeg"}],"author":"Equipe MH","twitter_card":"summary_large_image","twitter_misc":{"Escrito por":"Equipe MH","Est. tempo de leitura":"3 minutos"},"schema":{"@context":"https:\/\/schema.org","@graph":[{"@type":"Article","@id":"https:\/\/mhcalculos.com.br\/noticias\/area\/trabalhista\/tst-vice-presidencia-realiza-reuniao-preparatoria-para-instalacao-da-comissao-nacional-de-conciliacao.html#article","isPartOf":{"@id":"https:\/\/mhcalculos.com.br\/noticias\/area\/trabalhista\/tst-vice-presidencia-realiza-reuniao-preparatoria-para-instalacao-da-comissao-nacional-de-conciliacao.html"},"author":{"name":"Equipe MH","@id":"https:\/\/mhcalculos.com.br\/noticias\/#\/schema\/person\/88d1c34bf72dc779ea14a5a6b8e0ae8d"},"headline":"TST: Vice-Presid\u00eancia realiza reuni\u00e3o preparat\u00f3ria para instala\u00e7\u00e3o da Comiss\u00e3o Nacional de Concilia\u00e7\u00e3o","datePublished":"2020-04-06T22:00:00+00:00","dateModified":"2021-07-28T17:30:03+00:00","mainEntityOfPage":{"@id":"https:\/\/mhcalculos.com.br\/noticias\/area\/trabalhista\/tst-vice-presidencia-realiza-reuniao-preparatoria-para-instalacao-da-comissao-nacional-de-conciliacao.html"},"wordCount":593,"commentCount":0,"image":{"@id":"https:\/\/mhcalculos.com.br\/noticias\/area\/trabalhista\/tst-vice-presidencia-realiza-reuniao-preparatoria-para-instalacao-da-comissao-nacional-de-conciliacao.html#primaryimage"},"thumbnailUrl":"https:\/\/mhcalculos.com.br\/noticias\/wp-content\/uploads\/sites\/2\/2018\/07\/judiciario-0019.jpg","keywords":["c\u00e1lculos trabalhistas","direito trabalhista","per\u00edcia","perito","trabalho","TST"],"articleSection":["Direito Trabalhista","TST"],"inLanguage":"pt-BR","potentialAction":[{"@type":"CommentAction","name":"Comment","target":["https:\/\/mhcalculos.com.br\/noticias\/area\/trabalhista\/tst-vice-presidencia-realiza-reuniao-preparatoria-para-instalacao-da-comissao-nacional-de-conciliacao.html#respond"]}]},{"@type":"WebPage","@id":"https:\/\/mhcalculos.com.br\/noticias\/area\/trabalhista\/tst-vice-presidencia-realiza-reuniao-preparatoria-para-instalacao-da-comissao-nacional-de-conciliacao.html","url":"https:\/\/mhcalculos.com.br\/noticias\/area\/trabalhista\/tst-vice-presidencia-realiza-reuniao-preparatoria-para-instalacao-da-comissao-nacional-de-conciliacao.html","name":"TST: Vice-Presid\u00eancia realiza reuni\u00e3o preparat\u00f3ria para instala\u00e7\u00e3o da Comiss\u00e3o Nacional de Concilia\u00e7\u00e3o | Portal de Not\u00edcias","isPartOf":{"@id":"https:\/\/mhcalculos.com.br\/noticias\/#website"},"primaryImageOfPage":{"@id":"https:\/\/mhcalculos.com.br\/noticias\/area\/trabalhista\/tst-vice-presidencia-realiza-reuniao-preparatoria-para-instalacao-da-comissao-nacional-de-conciliacao.html#primaryimage"},"image":{"@id":"https:\/\/mhcalculos.com.br\/noticias\/area\/trabalhista\/tst-vice-presidencia-realiza-reuniao-preparatoria-para-instalacao-da-comissao-nacional-de-conciliacao.html#primaryimage"},"thumbnailUrl":"https:\/\/mhcalculos.com.br\/noticias\/wp-content\/uploads\/sites\/2\/2018\/07\/judiciario-0019.jpg","datePublished":"2020-04-06T22:00:00+00:00","dateModified":"2021-07-28T17:30:03+00:00","author":{"@id":"https:\/\/mhcalculos.com.br\/noticias\/#\/schema\/person\/88d1c34bf72dc779ea14a5a6b8e0ae8d"},"breadcrumb":{"@id":"https:\/\/mhcalculos.com.br\/noticias\/area\/trabalhista\/tst-vice-presidencia-realiza-reuniao-preparatoria-para-instalacao-da-comissao-nacional-de-conciliacao.html#breadcrumb"},"inLanguage":"pt-BR","potentialAction":[{"@type":"ReadAction","target":["https:\/\/mhcalculos.com.br\/noticias\/area\/trabalhista\/tst-vice-presidencia-realiza-reuniao-preparatoria-para-instalacao-da-comissao-nacional-de-conciliacao.html"]}]},{"@type":"ImageObject","inLanguage":"pt-BR","@id":"https:\/\/mhcalculos.com.br\/noticias\/area\/trabalhista\/tst-vice-presidencia-realiza-reuniao-preparatoria-para-instalacao-da-comissao-nacional-de-conciliacao.html#primaryimage","url":"https:\/\/mhcalculos.com.br\/noticias\/wp-content\/uploads\/sites\/2\/2018\/07\/judiciario-0019.jpg","contentUrl":"https:\/\/mhcalculos.com.br\/noticias\/wp-content\/uploads\/sites\/2\/2018\/07\/judiciario-0019.jpg","width":2000,"height":800},{"@type":"BreadcrumbList","@id":"https:\/\/mhcalculos.com.br\/noticias\/area\/trabalhista\/tst-vice-presidencia-realiza-reuniao-preparatoria-para-instalacao-da-comissao-nacional-de-conciliacao.html#breadcrumb","itemListElement":[{"@type":"ListItem","position":1,"name":"In\u00edcio","item":"https:\/\/mhcalculos.com.br\/noticias\/"},{"@type":"ListItem","position":2,"name":"TST: Vice-Presid\u00eancia realiza reuni\u00e3o preparat\u00f3ria para instala\u00e7\u00e3o da Comiss\u00e3o Nacional de Concilia\u00e7\u00e3o"}]},{"@type":"WebSite","@id":"https:\/\/mhcalculos.com.br\/noticias\/#website","url":"https:\/\/mhcalculos.com.br\/noticias\/","name":"Portal de Not\u00edcias","description":"Not\u00edcias e Jurisprud\u00eancia","potentialAction":[{"@type":"SearchAction","target":{"@type":"EntryPoint","urlTemplate":"https:\/\/mhcalculos.com.br\/noticias\/?s={search_term_string}"},"query-input":{"@type":"PropertyValueSpecification","valueRequired":true,"valueName":"search_term_string"}}],"inLanguage":"pt-BR"},{"@type":"Person","@id":"https:\/\/mhcalculos.com.br\/noticias\/#\/schema\/person\/88d1c34bf72dc779ea14a5a6b8e0ae8d","name":"Equipe MH","image":{"@type":"ImageObject","inLanguage":"pt-BR","@id":"https:\/\/secure.gravatar.com\/avatar\/de1c686c2ecc9c5a3f327e3431d819eb39f8f05d4e1045f5a1caad6daaba987f?s=96&d=mm&r=g","url":"https:\/\/secure.gravatar.com\/avatar\/de1c686c2ecc9c5a3f327e3431d819eb39f8f05d4e1045f5a1caad6daaba987f?s=96&d=mm&r=g","contentUrl":"https:\/\/secure.gravatar.com\/avatar\/de1c686c2ecc9c5a3f327e3431d819eb39f8f05d4e1045f5a1caad6daaba987f?s=96&d=mm&r=g","caption":"Equipe MH"}}]}},"_links":{"self":[{"href":"https:\/\/mhcalculos.com.br\/noticias\/wp-json\/wp\/v2\/posts\/7040","targetHints":{"allow":["GET"]}}],"collection":[{"href":"https:\/\/mhcalculos.com.br\/noticias\/wp-json\/wp\/v2\/posts"}],"about":[{"href":"https:\/\/mhcalculos.com.br\/noticias\/wp-json\/wp\/v2\/types\/post"}],"author":[{"embeddable":true,"href":"https:\/\/mhcalculos.com.br\/noticias\/wp-json\/wp\/v2\/users\/3063"}],"replies":[{"embeddable":true,"href":"https:\/\/mhcalculos.com.br\/noticias\/wp-json\/wp\/v2\/comments?post=7040"}],"version-history":[{"count":1,"href":"https:\/\/mhcalculos.com.br\/noticias\/wp-json\/wp\/v2\/posts\/7040\/revisions"}],"predecessor-version":[{"id":9283,"href":"https:\/\/mhcalculos.com.br\/noticias\/wp-json\/wp\/v2\/posts\/7040\/revisions\/9283"}],"wp:featuredmedia":[{"embeddable":true,"href":"https:\/\/mhcalculos.com.br\/noticias\/wp-json\/wp\/v2\/media\/2607"}],"wp:attachment":[{"href":"https:\/\/mhcalculos.com.br\/noticias\/wp-json\/wp\/v2\/media?parent=7040"}],"wp:term":[{"taxonomy":"category","embeddable":true,"href":"https:\/\/mhcalculos.com.br\/noticias\/wp-json\/wp\/v2\/categories?post=7040"},{"taxonomy":"post_tag","embeddable":true,"href":"https:\/\/mhcalculos.com.br\/noticias\/wp-json\/wp\/v2\/tags?post=7040"}],"curies":[{"name":"wp","href":"https:\/\/api.w.org\/{rel}","templated":true}]}}