{"id":7034,"date":"2020-04-02T17:55:00","date_gmt":"2020-04-02T20:55:00","guid":{"rendered":"https:\/\/mhcalculos.com.br\/noticias\/area\/trabalhista\/tst-falta-de-previsao-em-lei-impede-liberacao-de-depositos-recursais-a-trabalhadores.html"},"modified":"2021-07-28T14:30:05","modified_gmt":"2021-07-28T17:30:05","slug":"tst-falta-de-previsao-em-lei-impede-liberacao-de-depositos-recursais-a-trabalhadores","status":"publish","type":"post","link":"https:\/\/mhcalculos.com.br\/noticias\/area\/trabalhista\/tst-falta-de-previsao-em-lei-impede-liberacao-de-depositos-recursais-a-trabalhadores.html","title":{"rendered":"TST: Falta de previs\u00e3o em lei impede libera\u00e7\u00e3o de dep\u00f3sitos recursais a trabalhadores"},"content":{"rendered":"<p><br \/>\n<\/p>\n<p><em><\/p>\n<p>Segundo a ministra Cristina Peduzzi, presidente do TST, a CLT s\u00f3 autoriza a medida ap\u00f3s decis\u00e3o definitiva.<\/p>\n<p><\/em><\/p>\n<p>        <a class=\"share-facebook\" href=\"https:\/\/www.facebook.com\/sharer.php?u=http:\/\/www.tst.jus.br\/-\/falta-de-previs%C3%A3o-em-lei-impede-libera%C3%A7%C3%A3o-de-dep%C3%B3sitos-recursais-a-trabalhadores\" target=\"_blank\" rel=\"noopener noreferrer\"><\/a><br \/>\n        <a class=\"share-twitter\" href=\"http:\/\/twitter.com\/intent\/tweet?text=Falta de previs\u00e3o em lei impede libera\u00e7\u00e3o de dep\u00f3sitos recursais a trabalhadores%0AVeja%20mais%20em:&amp;url=http:\/\/www.tst.jus.br\/-\/falta-de-previs%C3%A3o-em-lei-impede-libera%C3%A7%C3%A3o-de-dep%C3%B3sitos-recursais-a-trabalhadores\" target=\"_blank\" rel=\"noopener noreferrer\"><\/a><br \/>\n        <a class=\"share-linkedin\" href=\"https:\/\/www.linkedin.com\/shareArticle?mini=true&amp;url=http:\/\/www.tst.jus.br\/-\/falta-de-previs%C3%A3o-em-lei-impede-libera%C3%A7%C3%A3o-de-dep%C3%B3sitos-recursais-a-trabalhadores&amp;title=Falta de previs\u00e3o em lei impede libera\u00e7\u00e3o de dep\u00f3sitos recursais a trabalhadores\" target=\"_blank\" rel=\"noopener noreferrer\"><\/a><br \/>\n        <a class=\"share-whatsapp\" href=\"https:\/\/web.whatsapp.com\/send?text=http:\/\/www.tst.jus.br\/-\/falta-de-previs%C3%A3o-em-lei-impede-libera%C3%A7%C3%A3o-de-dep%C3%B3sitos-recursais-a-trabalhadores\" target=\"_blank\" rel=\"noopener noreferrer\"><\/a><br \/>\n        <a class=\"share-googleplus\" href=\"https:\/\/plus.google.com\/share?url=http:\/\/www.tst.jus.br\/-\/falta-de-previs%C3%A3o-em-lei-impede-libera%C3%A7%C3%A3o-de-dep%C3%B3sitos-recursais-a-trabalhadores\" target=\"_blank\" rel=\"noopener noreferrer\"><\/a><\/p>\n<p ><font face=\"Calibri, sans-serif\"><font size=\"4\"><font >02\/04\/20 &#8211; A presidente do Tribunal Superior do Trabalho, ministra Cristina Peduzzi, rejeitou pedido de Associa\u00e7\u00e3o de Ju\u00edzes para a Democracia (AJD) de libera\u00e7\u00e3o imediata dos dep\u00f3sitos recursais a trabalhadores que tenham cr\u00e9ditos a receber em a\u00e7\u00f5es trabalhistas, como forma de garantir alguma renda em raz\u00e3o da pandemia do coronav\u00edrus. <\/font><\/font><\/font><\/p>\n<p ><font face=\"Calibri, sans-serif\"><font size=\"4\"><font >O dep\u00f3sito recursal \u00e9 o valor que tem de ser recolhido pela parte ao recorrer de uma condena\u00e7\u00e3o. O objetivo \u00e9 garantir, pelo menos parcialmente, o pagamento dos valores devidos ap\u00f3s o esgotamento das possibilidades de recurso (tr\u00e2nsito em julgado).<\/font><\/font><\/font><\/p>\n<p ><font face=\"Calibri, sans-serif\"><font size=\"4\"><font >Em of\u00edcio encaminhado \u00e0 presidente do TST, a AJD argumentava que a libera\u00e7\u00e3o imediata de todos os dep\u00f3sitos recursais existentes relativos a processos em tramita\u00e7\u00e3o, mesmo os sem senten\u00e7a definitiva, atenderia \u00e0 necessidade de manuten\u00e7\u00e3o imediata das condi\u00e7\u00f5es de vida de quem vive do trabalho no momento atual. <\/font><\/font><\/font><\/p>\n<p ><font face=\"Calibri, sans-serif\"><font size=\"4\"><font >Ao indeferir o pedido, a ministra Cristina Peduzzi explicou que a CLT (artigo 899, par\u00e1grafo \u00fanico) somente permite a libera\u00e7\u00e3o do dep\u00f3sito recursal quando a decis\u00e3o se torna definitiva. \u201cNos termos do dispositivo da CLT, a medida depende de despacho do juiz em processo concreto, ap\u00f3s o tr\u00e2nsito em julgado da decis\u00e3o\u201d, destacou.<\/font><\/font><\/font><\/p>\n<p ><font face=\"Calibri, sans-serif\"><font size=\"4\"><font >A presidente do TST assinalou ainda que, conforme a jurisprud\u00eancia do TST, n\u00e3o se aplica ao processo do trabalho a previs\u00e3o do artigo 520 do C\u00f3digo de Processo Civil, que trata da execu\u00e7\u00e3o provis\u00f3ria da pena.<\/font><\/font><\/font><\/p>\n<p ><font face=\"Calibri, sans-serif\"><font size=\"4\"><font >Leia a <a href=\"\/documents\/10157\/63416\/157+-+AJD+-+Libera%C3%A7%C3%A3o+dos+dep%C3%B3sitos+recursais.pdf\/29920edd-02d2-568f-3060-396da0f4653f?t=1585861310533\" target=\"\" rel=\"noopener noreferrer\">\u00edntegra da decis\u00e3o<\/a>.<\/font><\/font><\/font><\/p>\n<p ><font face=\"Calibri, sans-serif\"><font size=\"4\"><font >CF\/GP<\/font><\/font><\/font><\/p>\n<p ><\/p>\n<p >&nbsp;<\/p>\n<p>    $(&#8216;#lightbox-ilcv_ .slider-gallery-wrapper img&#8217;).hover(<br \/>\n    function() {<br \/>\n        const $text=$($($(this).parent()).next());<br \/>\n        $text.hasClass(&#8216;inside-description&#8217;) &amp;&amp; $text.fadeTo( &#8220;slow&#8221; , 0);<br \/>\n    }, function() {<br \/>\n        const $text=$($($(this).parent()).next());<br \/>\n        $text.hasClass(&#8216;inside-description&#8217;) &amp;&amp; $text.fadeTo( &#8220;slow&#8221; , 1);<br \/>\n    }<br \/>\n    );<br \/>\n    $(document).ready(function() {<br \/>\n        var ilcv_autoplaying=false;<br \/>\n        var ilcv_showingLightbox=false;<br \/>\n        const ilcv_playPauseControllers=&#8221;#slider-ilcv_-playpause, #slider-ilcv_-lightbox-playpause&#8221;;<br \/>\n        $(&#8220;#slider-ilcv_&#8221;).slick({<br \/>\n            slidesToShow: 1,<br \/>\n            slidesToScroll: 1,<br \/>\n            autoplay: ilcv_autoplaying,<br \/>\n            swipeToSlide: false,<br \/>\n            centerMode: false,<br \/>\n            autoplaySpeed: 3000,<br \/>\n            focusOnSelect: true,<br \/>\n            prevArrow:<br \/>\n            &#8221;,<br \/>\n            nextArrow:<br \/>\n            &#8221;,<br \/>\n            centerPadding: &#8220;60px&#8221;,<br \/>\n            responsive: [<br \/>\n                {<br \/>\n                    breakpoint: 767.98,<br \/>\n                    settings: {<br \/>\n                        slidesToShow: 3,<br \/>\n                        adaptiveHeight: true<br \/>\n                    }<br \/>\n                }<br \/>\n            ]<br \/>\n        });<br \/>\n        $(&#8220;#slider-ilcv_&#8221;).slickLightbox({<br \/>\n            src: &#8216;src&#8217;,<br \/>\n            itemSelector: &#8216;.galery-image .multimidia-wrapper img&#8217;,<br \/>\n            caption:&#8217;caption&#8217;<br \/>\n        });<br \/>\n    });<br \/>\n<script async src=\"https:\/\/platform.twitter.com\/widgets.js\" charset=\"utf-8\"><\/script><br \/>\n<br \/><i>Com informa\u00e7\u00f5es da assessoria de imprensa do TST.<\/i><br \/>\n<br \/><a href=\"http:\/\/www.tst.jus.br\/web\/guest\/noticias?p_p_id=89Dk&#038;p_p_lifecycle=0&#038;refererPlid=10730&#038;_89Dk_groupId=10157&#038;_89Dk_articleId=26144814\">Fonte<\/a><br \/>\n<br \/><\/p>\n","protected":false},"excerpt":{"rendered":"<p>Segundo a ministra Cristina Peduzzi, presidente do TST, a CLT s\u00f3 autoriza a medida ap\u00f3s decis\u00e3o definitiva. 02\/04\/20 &#8211; A presidente do Tribunal Superior do Trabalho, ministra Cristina Peduzzi, rejeitou pedido de Associa\u00e7\u00e3o de Ju\u00edzes para a Democracia (AJD) de libera\u00e7\u00e3o imediata dos dep\u00f3sitos recursais a trabalhadores que tenham cr\u00e9ditos a receber em a\u00e7\u00f5es trabalhistas, [&hellip;]<\/p>\n","protected":false},"author":3063,"featured_media":1938,"comment_status":"open","ping_status":"open","sticky":false,"template":"","format":"standard","meta":{"footnotes":""},"categories":[3,21],"tags":[33,216,9,12,217,215],"class_list":{"0":"post-7034","1":"post","2":"type-post","3":"status-publish","4":"format-standard","5":"has-post-thumbnail","7":"category-trabalhista","8":"category-tst","9":"tag-calculos-trabalhistas","10":"tag-direito-trabalhista","11":"tag-pericia","12":"tag-perito","13":"tag-trabalho","14":"tag-tst"},"yoast_head":"<!-- This site is optimized with the Yoast SEO plugin v27.2 - https:\/\/yoast.com\/product\/yoast-seo-wordpress\/ -->\n<title>TST: Falta de previs\u00e3o em lei impede libera\u00e7\u00e3o de dep\u00f3sitos recursais a trabalhadores | Portal de Not\u00edcias<\/title>\n<meta name=\"robots\" content=\"index, follow, max-snippet:-1, max-image-preview:large, max-video-preview:-1\" \/>\n<link rel=\"canonical\" href=\"https:\/\/mhcalculos.com.br\/noticias\/area\/trabalhista\/tst-falta-de-previsao-em-lei-impede-liberacao-de-depositos-recursais-a-trabalhadores.html\" \/>\n<meta property=\"og:locale\" content=\"pt_BR\" \/>\n<meta property=\"og:type\" content=\"article\" \/>\n<meta property=\"og:title\" content=\"TST: Falta de previs\u00e3o em lei impede libera\u00e7\u00e3o de dep\u00f3sitos recursais a trabalhadores | Portal de Not\u00edcias\" \/>\n<meta property=\"og:description\" content=\"Segundo a ministra Cristina Peduzzi, presidente do TST, a CLT s\u00f3 autoriza a medida ap\u00f3s decis\u00e3o definitiva. 02\/04\/20 &#8211; A presidente do Tribunal Superior do Trabalho, ministra Cristina Peduzzi, rejeitou pedido de Associa\u00e7\u00e3o de Ju\u00edzes para a Democracia (AJD) de libera\u00e7\u00e3o imediata dos dep\u00f3sitos recursais a trabalhadores que tenham cr\u00e9ditos a receber em a\u00e7\u00f5es trabalhistas, [&hellip;]\" \/>\n<meta property=\"og:url\" content=\"https:\/\/mhcalculos.com.br\/noticias\/area\/trabalhista\/tst-falta-de-previsao-em-lei-impede-liberacao-de-depositos-recursais-a-trabalhadores.html\" \/>\n<meta property=\"og:site_name\" content=\"Portal de Not\u00edcias\" \/>\n<meta property=\"article:published_time\" content=\"2020-04-02T20:55:00+00:00\" \/>\n<meta property=\"article:modified_time\" content=\"2021-07-28T17:30:05+00:00\" \/>\n<meta property=\"og:image\" content=\"https:\/\/mhcalculos.com.br\/noticias\/wp-content\/uploads\/sites\/2\/2018\/06\/trabalhista-0015.jpg\" \/>\n\t<meta property=\"og:image:width\" content=\"2000\" \/>\n\t<meta property=\"og:image:height\" content=\"800\" \/>\n\t<meta property=\"og:image:type\" content=\"image\/jpeg\" \/>\n<meta name=\"author\" content=\"Equipe MH\" \/>\n<meta name=\"twitter:card\" content=\"summary_large_image\" \/>\n<meta name=\"twitter:label1\" content=\"Escrito por\" \/>\n\t<meta name=\"twitter:data1\" content=\"Equipe MH\" \/>\n\t<meta name=\"twitter:label2\" content=\"Est. tempo de leitura\" \/>\n\t<meta name=\"twitter:data2\" content=\"2 minutos\" \/>\n<script type=\"application\/ld+json\" class=\"yoast-schema-graph\">{\"@context\":\"https:\/\/schema.org\",\"@graph\":[{\"@type\":\"Article\",\"@id\":\"https:\/\/mhcalculos.com.br\/noticias\/area\/trabalhista\/tst-falta-de-previsao-em-lei-impede-liberacao-de-depositos-recursais-a-trabalhadores.html#article\",\"isPartOf\":{\"@id\":\"https:\/\/mhcalculos.com.br\/noticias\/area\/trabalhista\/tst-falta-de-previsao-em-lei-impede-liberacao-de-depositos-recursais-a-trabalhadores.html\"},\"author\":{\"name\":\"Equipe MH\",\"@id\":\"https:\/\/mhcalculos.com.br\/noticias\/#\/schema\/person\/88d1c34bf72dc779ea14a5a6b8e0ae8d\"},\"headline\":\"TST: Falta de previs\u00e3o em lei impede libera\u00e7\u00e3o de dep\u00f3sitos recursais a trabalhadores\",\"datePublished\":\"2020-04-02T20:55:00+00:00\",\"dateModified\":\"2021-07-28T17:30:05+00:00\",\"mainEntityOfPage\":{\"@id\":\"https:\/\/mhcalculos.com.br\/noticias\/area\/trabalhista\/tst-falta-de-previsao-em-lei-impede-liberacao-de-depositos-recursais-a-trabalhadores.html\"},\"wordCount\":392,\"commentCount\":0,\"image\":{\"@id\":\"https:\/\/mhcalculos.com.br\/noticias\/area\/trabalhista\/tst-falta-de-previsao-em-lei-impede-liberacao-de-depositos-recursais-a-trabalhadores.html#primaryimage\"},\"thumbnailUrl\":\"https:\/\/mhcalculos.com.br\/noticias\/wp-content\/uploads\/sites\/2\/2018\/06\/trabalhista-0015.jpg\",\"keywords\":[\"c\u00e1lculos trabalhistas\",\"direito trabalhista\",\"per\u00edcia\",\"perito\",\"trabalho\",\"TST\"],\"articleSection\":[\"Direito Trabalhista\",\"TST\"],\"inLanguage\":\"pt-BR\",\"potentialAction\":[{\"@type\":\"CommentAction\",\"name\":\"Comment\",\"target\":[\"https:\/\/mhcalculos.com.br\/noticias\/area\/trabalhista\/tst-falta-de-previsao-em-lei-impede-liberacao-de-depositos-recursais-a-trabalhadores.html#respond\"]}]},{\"@type\":\"WebPage\",\"@id\":\"https:\/\/mhcalculos.com.br\/noticias\/area\/trabalhista\/tst-falta-de-previsao-em-lei-impede-liberacao-de-depositos-recursais-a-trabalhadores.html\",\"url\":\"https:\/\/mhcalculos.com.br\/noticias\/area\/trabalhista\/tst-falta-de-previsao-em-lei-impede-liberacao-de-depositos-recursais-a-trabalhadores.html\",\"name\":\"TST: Falta de previs\u00e3o em lei impede libera\u00e7\u00e3o de dep\u00f3sitos recursais a trabalhadores | Portal de Not\u00edcias\",\"isPartOf\":{\"@id\":\"https:\/\/mhcalculos.com.br\/noticias\/#website\"},\"primaryImageOfPage\":{\"@id\":\"https:\/\/mhcalculos.com.br\/noticias\/area\/trabalhista\/tst-falta-de-previsao-em-lei-impede-liberacao-de-depositos-recursais-a-trabalhadores.html#primaryimage\"},\"image\":{\"@id\":\"https:\/\/mhcalculos.com.br\/noticias\/area\/trabalhista\/tst-falta-de-previsao-em-lei-impede-liberacao-de-depositos-recursais-a-trabalhadores.html#primaryimage\"},\"thumbnailUrl\":\"https:\/\/mhcalculos.com.br\/noticias\/wp-content\/uploads\/sites\/2\/2018\/06\/trabalhista-0015.jpg\",\"datePublished\":\"2020-04-02T20:55:00+00:00\",\"dateModified\":\"2021-07-28T17:30:05+00:00\",\"author\":{\"@id\":\"https:\/\/mhcalculos.com.br\/noticias\/#\/schema\/person\/88d1c34bf72dc779ea14a5a6b8e0ae8d\"},\"breadcrumb\":{\"@id\":\"https:\/\/mhcalculos.com.br\/noticias\/area\/trabalhista\/tst-falta-de-previsao-em-lei-impede-liberacao-de-depositos-recursais-a-trabalhadores.html#breadcrumb\"},\"inLanguage\":\"pt-BR\",\"potentialAction\":[{\"@type\":\"ReadAction\",\"target\":[\"https:\/\/mhcalculos.com.br\/noticias\/area\/trabalhista\/tst-falta-de-previsao-em-lei-impede-liberacao-de-depositos-recursais-a-trabalhadores.html\"]}]},{\"@type\":\"ImageObject\",\"inLanguage\":\"pt-BR\",\"@id\":\"https:\/\/mhcalculos.com.br\/noticias\/area\/trabalhista\/tst-falta-de-previsao-em-lei-impede-liberacao-de-depositos-recursais-a-trabalhadores.html#primaryimage\",\"url\":\"https:\/\/mhcalculos.com.br\/noticias\/wp-content\/uploads\/sites\/2\/2018\/06\/trabalhista-0015.jpg\",\"contentUrl\":\"https:\/\/mhcalculos.com.br\/noticias\/wp-content\/uploads\/sites\/2\/2018\/06\/trabalhista-0015.jpg\",\"width\":2000,\"height\":800},{\"@type\":\"BreadcrumbList\",\"@id\":\"https:\/\/mhcalculos.com.br\/noticias\/area\/trabalhista\/tst-falta-de-previsao-em-lei-impede-liberacao-de-depositos-recursais-a-trabalhadores.html#breadcrumb\",\"itemListElement\":[{\"@type\":\"ListItem\",\"position\":1,\"name\":\"In\u00edcio\",\"item\":\"https:\/\/mhcalculos.com.br\/noticias\/\"},{\"@type\":\"ListItem\",\"position\":2,\"name\":\"TST: Falta de previs\u00e3o em lei impede libera\u00e7\u00e3o de dep\u00f3sitos recursais a trabalhadores\"}]},{\"@type\":\"WebSite\",\"@id\":\"https:\/\/mhcalculos.com.br\/noticias\/#website\",\"url\":\"https:\/\/mhcalculos.com.br\/noticias\/\",\"name\":\"Portal de Not\u00edcias\",\"description\":\"Not\u00edcias e Jurisprud\u00eancia\",\"potentialAction\":[{\"@type\":\"SearchAction\",\"target\":{\"@type\":\"EntryPoint\",\"urlTemplate\":\"https:\/\/mhcalculos.com.br\/noticias\/?s={search_term_string}\"},\"query-input\":{\"@type\":\"PropertyValueSpecification\",\"valueRequired\":true,\"valueName\":\"search_term_string\"}}],\"inLanguage\":\"pt-BR\"},{\"@type\":\"Person\",\"@id\":\"https:\/\/mhcalculos.com.br\/noticias\/#\/schema\/person\/88d1c34bf72dc779ea14a5a6b8e0ae8d\",\"name\":\"Equipe MH\",\"image\":{\"@type\":\"ImageObject\",\"inLanguage\":\"pt-BR\",\"@id\":\"https:\/\/secure.gravatar.com\/avatar\/de1c686c2ecc9c5a3f327e3431d819eb39f8f05d4e1045f5a1caad6daaba987f?s=96&d=mm&r=g\",\"url\":\"https:\/\/secure.gravatar.com\/avatar\/de1c686c2ecc9c5a3f327e3431d819eb39f8f05d4e1045f5a1caad6daaba987f?s=96&d=mm&r=g\",\"contentUrl\":\"https:\/\/secure.gravatar.com\/avatar\/de1c686c2ecc9c5a3f327e3431d819eb39f8f05d4e1045f5a1caad6daaba987f?s=96&d=mm&r=g\",\"caption\":\"Equipe MH\"}}]}<\/script>\n<!-- \/ Yoast SEO plugin. -->","yoast_head_json":{"title":"TST: Falta de previs\u00e3o em lei impede libera\u00e7\u00e3o de dep\u00f3sitos recursais a trabalhadores | Portal de Not\u00edcias","robots":{"index":"index","follow":"follow","max-snippet":"max-snippet:-1","max-image-preview":"max-image-preview:large","max-video-preview":"max-video-preview:-1"},"canonical":"https:\/\/mhcalculos.com.br\/noticias\/area\/trabalhista\/tst-falta-de-previsao-em-lei-impede-liberacao-de-depositos-recursais-a-trabalhadores.html","og_locale":"pt_BR","og_type":"article","og_title":"TST: Falta de previs\u00e3o em lei impede libera\u00e7\u00e3o de dep\u00f3sitos recursais a trabalhadores | Portal de Not\u00edcias","og_description":"Segundo a ministra Cristina Peduzzi, presidente do TST, a CLT s\u00f3 autoriza a medida ap\u00f3s decis\u00e3o definitiva. 02\/04\/20 &#8211; A presidente do Tribunal Superior do Trabalho, ministra Cristina Peduzzi, rejeitou pedido de Associa\u00e7\u00e3o de Ju\u00edzes para a Democracia (AJD) de libera\u00e7\u00e3o imediata dos dep\u00f3sitos recursais a trabalhadores que tenham cr\u00e9ditos a receber em a\u00e7\u00f5es trabalhistas, [&hellip;]","og_url":"https:\/\/mhcalculos.com.br\/noticias\/area\/trabalhista\/tst-falta-de-previsao-em-lei-impede-liberacao-de-depositos-recursais-a-trabalhadores.html","og_site_name":"Portal de Not\u00edcias","article_published_time":"2020-04-02T20:55:00+00:00","article_modified_time":"2021-07-28T17:30:05+00:00","og_image":[{"width":2000,"height":800,"url":"https:\/\/mhcalculos.com.br\/noticias\/wp-content\/uploads\/sites\/2\/2018\/06\/trabalhista-0015.jpg","type":"image\/jpeg"}],"author":"Equipe MH","twitter_card":"summary_large_image","twitter_misc":{"Escrito por":"Equipe MH","Est. tempo de leitura":"2 minutos"},"schema":{"@context":"https:\/\/schema.org","@graph":[{"@type":"Article","@id":"https:\/\/mhcalculos.com.br\/noticias\/area\/trabalhista\/tst-falta-de-previsao-em-lei-impede-liberacao-de-depositos-recursais-a-trabalhadores.html#article","isPartOf":{"@id":"https:\/\/mhcalculos.com.br\/noticias\/area\/trabalhista\/tst-falta-de-previsao-em-lei-impede-liberacao-de-depositos-recursais-a-trabalhadores.html"},"author":{"name":"Equipe MH","@id":"https:\/\/mhcalculos.com.br\/noticias\/#\/schema\/person\/88d1c34bf72dc779ea14a5a6b8e0ae8d"},"headline":"TST: Falta de previs\u00e3o em lei impede libera\u00e7\u00e3o de dep\u00f3sitos recursais a trabalhadores","datePublished":"2020-04-02T20:55:00+00:00","dateModified":"2021-07-28T17:30:05+00:00","mainEntityOfPage":{"@id":"https:\/\/mhcalculos.com.br\/noticias\/area\/trabalhista\/tst-falta-de-previsao-em-lei-impede-liberacao-de-depositos-recursais-a-trabalhadores.html"},"wordCount":392,"commentCount":0,"image":{"@id":"https:\/\/mhcalculos.com.br\/noticias\/area\/trabalhista\/tst-falta-de-previsao-em-lei-impede-liberacao-de-depositos-recursais-a-trabalhadores.html#primaryimage"},"thumbnailUrl":"https:\/\/mhcalculos.com.br\/noticias\/wp-content\/uploads\/sites\/2\/2018\/06\/trabalhista-0015.jpg","keywords":["c\u00e1lculos trabalhistas","direito trabalhista","per\u00edcia","perito","trabalho","TST"],"articleSection":["Direito Trabalhista","TST"],"inLanguage":"pt-BR","potentialAction":[{"@type":"CommentAction","name":"Comment","target":["https:\/\/mhcalculos.com.br\/noticias\/area\/trabalhista\/tst-falta-de-previsao-em-lei-impede-liberacao-de-depositos-recursais-a-trabalhadores.html#respond"]}]},{"@type":"WebPage","@id":"https:\/\/mhcalculos.com.br\/noticias\/area\/trabalhista\/tst-falta-de-previsao-em-lei-impede-liberacao-de-depositos-recursais-a-trabalhadores.html","url":"https:\/\/mhcalculos.com.br\/noticias\/area\/trabalhista\/tst-falta-de-previsao-em-lei-impede-liberacao-de-depositos-recursais-a-trabalhadores.html","name":"TST: Falta de previs\u00e3o em lei impede libera\u00e7\u00e3o de dep\u00f3sitos recursais a trabalhadores | Portal de Not\u00edcias","isPartOf":{"@id":"https:\/\/mhcalculos.com.br\/noticias\/#website"},"primaryImageOfPage":{"@id":"https:\/\/mhcalculos.com.br\/noticias\/area\/trabalhista\/tst-falta-de-previsao-em-lei-impede-liberacao-de-depositos-recursais-a-trabalhadores.html#primaryimage"},"image":{"@id":"https:\/\/mhcalculos.com.br\/noticias\/area\/trabalhista\/tst-falta-de-previsao-em-lei-impede-liberacao-de-depositos-recursais-a-trabalhadores.html#primaryimage"},"thumbnailUrl":"https:\/\/mhcalculos.com.br\/noticias\/wp-content\/uploads\/sites\/2\/2018\/06\/trabalhista-0015.jpg","datePublished":"2020-04-02T20:55:00+00:00","dateModified":"2021-07-28T17:30:05+00:00","author":{"@id":"https:\/\/mhcalculos.com.br\/noticias\/#\/schema\/person\/88d1c34bf72dc779ea14a5a6b8e0ae8d"},"breadcrumb":{"@id":"https:\/\/mhcalculos.com.br\/noticias\/area\/trabalhista\/tst-falta-de-previsao-em-lei-impede-liberacao-de-depositos-recursais-a-trabalhadores.html#breadcrumb"},"inLanguage":"pt-BR","potentialAction":[{"@type":"ReadAction","target":["https:\/\/mhcalculos.com.br\/noticias\/area\/trabalhista\/tst-falta-de-previsao-em-lei-impede-liberacao-de-depositos-recursais-a-trabalhadores.html"]}]},{"@type":"ImageObject","inLanguage":"pt-BR","@id":"https:\/\/mhcalculos.com.br\/noticias\/area\/trabalhista\/tst-falta-de-previsao-em-lei-impede-liberacao-de-depositos-recursais-a-trabalhadores.html#primaryimage","url":"https:\/\/mhcalculos.com.br\/noticias\/wp-content\/uploads\/sites\/2\/2018\/06\/trabalhista-0015.jpg","contentUrl":"https:\/\/mhcalculos.com.br\/noticias\/wp-content\/uploads\/sites\/2\/2018\/06\/trabalhista-0015.jpg","width":2000,"height":800},{"@type":"BreadcrumbList","@id":"https:\/\/mhcalculos.com.br\/noticias\/area\/trabalhista\/tst-falta-de-previsao-em-lei-impede-liberacao-de-depositos-recursais-a-trabalhadores.html#breadcrumb","itemListElement":[{"@type":"ListItem","position":1,"name":"In\u00edcio","item":"https:\/\/mhcalculos.com.br\/noticias\/"},{"@type":"ListItem","position":2,"name":"TST: Falta de previs\u00e3o em lei impede libera\u00e7\u00e3o de dep\u00f3sitos recursais a trabalhadores"}]},{"@type":"WebSite","@id":"https:\/\/mhcalculos.com.br\/noticias\/#website","url":"https:\/\/mhcalculos.com.br\/noticias\/","name":"Portal de Not\u00edcias","description":"Not\u00edcias e Jurisprud\u00eancia","potentialAction":[{"@type":"SearchAction","target":{"@type":"EntryPoint","urlTemplate":"https:\/\/mhcalculos.com.br\/noticias\/?s={search_term_string}"},"query-input":{"@type":"PropertyValueSpecification","valueRequired":true,"valueName":"search_term_string"}}],"inLanguage":"pt-BR"},{"@type":"Person","@id":"https:\/\/mhcalculos.com.br\/noticias\/#\/schema\/person\/88d1c34bf72dc779ea14a5a6b8e0ae8d","name":"Equipe MH","image":{"@type":"ImageObject","inLanguage":"pt-BR","@id":"https:\/\/secure.gravatar.com\/avatar\/de1c686c2ecc9c5a3f327e3431d819eb39f8f05d4e1045f5a1caad6daaba987f?s=96&d=mm&r=g","url":"https:\/\/secure.gravatar.com\/avatar\/de1c686c2ecc9c5a3f327e3431d819eb39f8f05d4e1045f5a1caad6daaba987f?s=96&d=mm&r=g","contentUrl":"https:\/\/secure.gravatar.com\/avatar\/de1c686c2ecc9c5a3f327e3431d819eb39f8f05d4e1045f5a1caad6daaba987f?s=96&d=mm&r=g","caption":"Equipe MH"}}]}},"_links":{"self":[{"href":"https:\/\/mhcalculos.com.br\/noticias\/wp-json\/wp\/v2\/posts\/7034","targetHints":{"allow":["GET"]}}],"collection":[{"href":"https:\/\/mhcalculos.com.br\/noticias\/wp-json\/wp\/v2\/posts"}],"about":[{"href":"https:\/\/mhcalculos.com.br\/noticias\/wp-json\/wp\/v2\/types\/post"}],"author":[{"embeddable":true,"href":"https:\/\/mhcalculos.com.br\/noticias\/wp-json\/wp\/v2\/users\/3063"}],"replies":[{"embeddable":true,"href":"https:\/\/mhcalculos.com.br\/noticias\/wp-json\/wp\/v2\/comments?post=7034"}],"version-history":[{"count":1,"href":"https:\/\/mhcalculos.com.br\/noticias\/wp-json\/wp\/v2\/posts\/7034\/revisions"}],"predecessor-version":[{"id":9290,"href":"https:\/\/mhcalculos.com.br\/noticias\/wp-json\/wp\/v2\/posts\/7034\/revisions\/9290"}],"wp:featuredmedia":[{"embeddable":true,"href":"https:\/\/mhcalculos.com.br\/noticias\/wp-json\/wp\/v2\/media\/1938"}],"wp:attachment":[{"href":"https:\/\/mhcalculos.com.br\/noticias\/wp-json\/wp\/v2\/media?parent=7034"}],"wp:term":[{"taxonomy":"category","embeddable":true,"href":"https:\/\/mhcalculos.com.br\/noticias\/wp-json\/wp\/v2\/categories?post=7034"},{"taxonomy":"post_tag","embeddable":true,"href":"https:\/\/mhcalculos.com.br\/noticias\/wp-json\/wp\/v2\/tags?post=7034"}],"curies":[{"name":"wp","href":"https:\/\/api.w.org\/{rel}","templated":true}]}}