{"id":7013,"date":"2020-03-26T19:48:00","date_gmt":"2020-03-26T22:48:00","guid":{"rendered":"https:\/\/mhcalculos.com.br\/noticias\/area\/trabalhista\/tst-suspensao-dos-prazos-processuais-na-justica-do-trabalho-e-prorrogada-ate-30-4\/"},"modified":"2021-07-28T14:30:07","modified_gmt":"2021-07-28T17:30:07","slug":"tst-suspensao-dos-prazos-processuais-na-justica-do-trabalho-e-prorrogada-ate-30-4","status":"publish","type":"post","link":"https:\/\/mhcalculos.com.br\/noticias\/area\/trabalhista\/tst-suspensao-dos-prazos-processuais-na-justica-do-trabalho-e-prorrogada-ate-30-4.html","title":{"rendered":"TST: Suspens\u00e3o dos prazos processuais na Justi\u00e7a do Trabalho \u00e9 prorrogada at\u00e9 30\/4"},"content":{"rendered":"<p><br \/>\n<\/p>\n<h4>Os prazos no TST, no CSJT e na Justi\u00e7a do Trabalho de 1\u00aa e 2\u00ba graus estavam suspensos at\u00e9 31\/3.<\/h4>\n<p>(26\/03\/2020)<\/p>\n<p>A presidente do Tribunal Superior do Trabalho (TST) e do Conselho Superior da Justi\u00e7a do Trabalho (CSJT), ministra Cristina Peduzzi, editou nesta quinta-feira (26), o <strong><a href=\"http:\/\/www.csjt.jus.br\/documents\/955023\/7645475\/TST+ATO+GP+139+2020.pdf\/f4d7664d-910e-d6a0-612e-213deb8e759b?t=1585261683778\" target=\"_blank\" rel=\"noopener noreferrer\">Ato TST.GP. n\u00ba 139<\/a><\/strong> e o <strong><a href=\"http:\/\/www.csjt.jus.br\/documents\/955023\/7642229\/056+-+de+26-3-2020++prorroga+prazo+suspens%C3%A3o+processual.pdf\/4c568f5f-414b-2b25-8339-622f6bff5831?t=1585260771816\" target=\"_blank\" rel=\"noopener noreferrer\">Ato CSJT.GP n\u00ba 56\/2020<\/a><\/strong>, que prorrogam a suspens\u00e3o dos prazos processuais na Justi\u00e7a do Trabalho at\u00e9 30\/4\/2020.<\/p>\n<p>Os prazos processuais no TST, no CSJT e na Justi\u00e7a do Trabalho de 1\u00aa e 2\u00ba graus estavam suspensos at\u00e9 31\/3\/2020, conforme disposto nos <a href=\"https:\/\/juslaboris.tst.jus.br\/bitstream\/handle\/20.500.12178\/169435\/2020_ato0126.pdf?sequence=1&amp;isAllowed=y\" target=\"_blank\" rel=\"noopener noreferrer\"><strong>Ato TST.GP n. 126<\/strong><\/a>, <strong><a href=\"https:\/\/juslaboris.tst.jus.br\/bitstream\/handle\/20.500.12178\/169503\/2020_ato0132_rep01.pdf?sequence=2&amp;isAllowed=y\" target=\"_blank\" rel=\"noopener noreferrer\">132<\/a> <\/strong>e <a href=\"https:\/\/juslaboris.tst.jus.br\/bitstream\/handle\/20.500.12178\/169550\/2020_ato0133.pdf?sequence=1&amp;isAllowed=y\" target=\"_blank\" rel=\"noopener noreferrer\"><strong>133<\/strong><\/a>, al\u00e9m dos Atos Conjuntos <a href=\"https:\/\/juslaboris.tst.jus.br\/bitstream\/handle\/20.500.12178\/169561\/2020_atc0001_csjt_cgjt_19mar.pdf?sequence=1&amp;isAllowed=y\" target=\"_blank\" rel=\"noopener noreferrer\"><strong>CSJT.GP.GVP.GCGJT n\u00ba 1<\/strong><\/a> e <a href=\"https:\/\/juslaboris.tst.jus.br\/bitstream\/handle\/20.500.12178\/169614\/2020_atc0002_csjt_cgjt.pdf?sequence=1&amp;isAllowed=y\" target=\"_blank\" rel=\"noopener noreferrer\"><strong>n\u00ba 2<\/strong><\/a>, que tratam da preven\u00e7\u00e3o ao cont\u00e1gio pelo novo coronav\u00edrus (COVID-19).<\/p>\n<p><strong>Saiba mais:<\/strong><\/p>\n<p>17\/03\/2020 &#8211; <a href=\"http:\/\/www.tst.jus.br\/web\/guest\/noticias\/-\/asset_publisher\/89Dk\/content\/id\/26054498\" target=\"_blank\" rel=\"noopener noreferrer\"><strong>Sess\u00f5es presenciais de julgamento e prazos processuais est\u00e3o suspensos at\u00e9 31\/3<\/strong><\/a><\/p>\n<p>19\/03\/2020 &#8211; <a href=\"http:\/\/www.tst.jus.br\/web\/guest\/noticias\/-\/asset_publisher\/89Dk\/content\/id\/26030594\" target=\"_blank\" rel=\"noopener noreferrer\"><strong>Coronav\u00edrus: presta\u00e7\u00e3o de servi\u00e7os presenciais na Justi\u00e7a do Trabalho est\u00e1 suspensa<\/strong><\/a><\/p>\n<p><i>Com informa\u00e7\u00f5es da assessoria de imprensa do TST.<\/i><br \/>\n<br \/><a href=\"http:\/\/www.tst.jus.br\/web\/guest\/noticias?p_p_id=89Dk&#038;p_p_lifecycle=0&#038;refererPlid=10730&#038;_89Dk_groupId=10157&#038;_89Dk_articleId=26069927\">Fonte<\/a><br \/>\n<br \/><\/p>\n","protected":false},"excerpt":{"rendered":"<p>Os prazos no TST, no CSJT e na Justi\u00e7a do Trabalho de 1\u00aa e 2\u00ba graus estavam suspensos at\u00e9 31\/3. (26\/03\/2020) A presidente do Tribunal Superior do Trabalho (TST) e do Conselho Superior da Justi\u00e7a do Trabalho (CSJT), ministra Cristina Peduzzi, editou nesta quinta-feira (26), o Ato TST.GP. n\u00ba 139 e o Ato CSJT.GP n\u00ba [&hellip;]<\/p>\n","protected":false},"author":3063,"featured_media":7005,"comment_status":"open","ping_status":"open","sticky":false,"template":"","format":"standard","meta":{"footnotes":""},"categories":[3,21],"tags":[33,216,9,12,217,215],"class_list":{"0":"post-7013","1":"post","2":"type-post","3":"status-publish","4":"format-standard","5":"has-post-thumbnail","7":"category-trabalhista","8":"category-tst","9":"tag-calculos-trabalhistas","10":"tag-direito-trabalhista","11":"tag-pericia","12":"tag-perito","13":"tag-trabalho","14":"tag-tst"},"yoast_head":"<!-- This site is optimized with the Yoast SEO plugin v27.2 - https:\/\/yoast.com\/product\/yoast-seo-wordpress\/ -->\n<title>TST: Suspens\u00e3o dos prazos processuais na Justi\u00e7a do Trabalho \u00e9 prorrogada at\u00e9 30\/4 | Portal de Not\u00edcias<\/title>\n<meta name=\"robots\" content=\"index, follow, max-snippet:-1, max-image-preview:large, max-video-preview:-1\" \/>\n<link rel=\"canonical\" href=\"https:\/\/mhcalculos.com.br\/noticias\/area\/trabalhista\/tst-suspensao-dos-prazos-processuais-na-justica-do-trabalho-e-prorrogada-ate-30-4.html\" \/>\n<meta property=\"og:locale\" content=\"pt_BR\" \/>\n<meta property=\"og:type\" content=\"article\" \/>\n<meta property=\"og:title\" content=\"TST: Suspens\u00e3o dos prazos processuais na Justi\u00e7a do Trabalho \u00e9 prorrogada at\u00e9 30\/4 | Portal de Not\u00edcias\" \/>\n<meta property=\"og:description\" content=\"Os prazos no TST, no CSJT e na Justi\u00e7a do Trabalho de 1\u00aa e 2\u00ba graus estavam suspensos at\u00e9 31\/3. (26\/03\/2020) A presidente do Tribunal Superior do Trabalho (TST) e do Conselho Superior da Justi\u00e7a do Trabalho (CSJT), ministra Cristina Peduzzi, editou nesta quinta-feira (26), o Ato TST.GP. n\u00ba 139 e o Ato CSJT.GP n\u00ba [&hellip;]\" \/>\n<meta property=\"og:url\" content=\"https:\/\/mhcalculos.com.br\/noticias\/area\/trabalhista\/tst-suspensao-dos-prazos-processuais-na-justica-do-trabalho-e-prorrogada-ate-30-4.html\" \/>\n<meta property=\"og:site_name\" content=\"Portal de Not\u00edcias\" \/>\n<meta property=\"article:published_time\" content=\"2020-03-26T22:48:00+00:00\" \/>\n<meta property=\"article:modified_time\" content=\"2021-07-28T17:30:07+00:00\" \/>\n<meta property=\"og:image\" content=\"https:\/\/mhcalculos.com.br\/noticias\/wp-content\/uploads\/sites\/2\/2020\/03\/tst.jpg\" \/>\n\t<meta property=\"og:image:width\" content=\"1024\" \/>\n\t<meta property=\"og:image:height\" content=\"576\" \/>\n\t<meta property=\"og:image:type\" content=\"image\/jpeg\" \/>\n<meta name=\"author\" content=\"Equipe MH\" \/>\n<meta name=\"twitter:card\" content=\"summary_large_image\" \/>\n<meta name=\"twitter:label1\" content=\"Escrito por\" \/>\n\t<meta name=\"twitter:data1\" content=\"Equipe MH\" \/>\n\t<meta name=\"twitter:label2\" content=\"Est. tempo de leitura\" \/>\n\t<meta name=\"twitter:data2\" content=\"1 minuto\" \/>\n<script type=\"application\/ld+json\" class=\"yoast-schema-graph\">{\"@context\":\"https:\/\/schema.org\",\"@graph\":[{\"@type\":\"Article\",\"@id\":\"https:\/\/mhcalculos.com.br\/noticias\/area\/trabalhista\/tst-suspensao-dos-prazos-processuais-na-justica-do-trabalho-e-prorrogada-ate-30-4.html#article\",\"isPartOf\":{\"@id\":\"https:\/\/mhcalculos.com.br\/noticias\/area\/trabalhista\/tst-suspensao-dos-prazos-processuais-na-justica-do-trabalho-e-prorrogada-ate-30-4.html\"},\"author\":{\"name\":\"Equipe MH\",\"@id\":\"https:\/\/mhcalculos.com.br\/noticias\/#\/schema\/person\/88d1c34bf72dc779ea14a5a6b8e0ae8d\"},\"headline\":\"TST: Suspens\u00e3o dos prazos processuais na Justi\u00e7a do Trabalho \u00e9 prorrogada at\u00e9 30\/4\",\"datePublished\":\"2020-03-26T22:48:00+00:00\",\"dateModified\":\"2021-07-28T17:30:07+00:00\",\"mainEntityOfPage\":{\"@id\":\"https:\/\/mhcalculos.com.br\/noticias\/area\/trabalhista\/tst-suspensao-dos-prazos-processuais-na-justica-do-trabalho-e-prorrogada-ate-30-4.html\"},\"wordCount\":175,\"commentCount\":0,\"image\":{\"@id\":\"https:\/\/mhcalculos.com.br\/noticias\/area\/trabalhista\/tst-suspensao-dos-prazos-processuais-na-justica-do-trabalho-e-prorrogada-ate-30-4.html#primaryimage\"},\"thumbnailUrl\":\"https:\/\/mhcalculos.com.br\/noticias\/wp-content\/uploads\/sites\/2\/2020\/03\/tst.jpg\",\"keywords\":[\"c\u00e1lculos trabalhistas\",\"direito trabalhista\",\"per\u00edcia\",\"perito\",\"trabalho\",\"TST\"],\"articleSection\":[\"Direito Trabalhista\",\"TST\"],\"inLanguage\":\"pt-BR\",\"potentialAction\":[{\"@type\":\"CommentAction\",\"name\":\"Comment\",\"target\":[\"https:\/\/mhcalculos.com.br\/noticias\/area\/trabalhista\/tst-suspensao-dos-prazos-processuais-na-justica-do-trabalho-e-prorrogada-ate-30-4.html#respond\"]}]},{\"@type\":\"WebPage\",\"@id\":\"https:\/\/mhcalculos.com.br\/noticias\/area\/trabalhista\/tst-suspensao-dos-prazos-processuais-na-justica-do-trabalho-e-prorrogada-ate-30-4.html\",\"url\":\"https:\/\/mhcalculos.com.br\/noticias\/area\/trabalhista\/tst-suspensao-dos-prazos-processuais-na-justica-do-trabalho-e-prorrogada-ate-30-4.html\",\"name\":\"TST: Suspens\u00e3o dos prazos processuais na Justi\u00e7a do Trabalho \u00e9 prorrogada at\u00e9 30\/4 | Portal de Not\u00edcias\",\"isPartOf\":{\"@id\":\"https:\/\/mhcalculos.com.br\/noticias\/#website\"},\"primaryImageOfPage\":{\"@id\":\"https:\/\/mhcalculos.com.br\/noticias\/area\/trabalhista\/tst-suspensao-dos-prazos-processuais-na-justica-do-trabalho-e-prorrogada-ate-30-4.html#primaryimage\"},\"image\":{\"@id\":\"https:\/\/mhcalculos.com.br\/noticias\/area\/trabalhista\/tst-suspensao-dos-prazos-processuais-na-justica-do-trabalho-e-prorrogada-ate-30-4.html#primaryimage\"},\"thumbnailUrl\":\"https:\/\/mhcalculos.com.br\/noticias\/wp-content\/uploads\/sites\/2\/2020\/03\/tst.jpg\",\"datePublished\":\"2020-03-26T22:48:00+00:00\",\"dateModified\":\"2021-07-28T17:30:07+00:00\",\"author\":{\"@id\":\"https:\/\/mhcalculos.com.br\/noticias\/#\/schema\/person\/88d1c34bf72dc779ea14a5a6b8e0ae8d\"},\"breadcrumb\":{\"@id\":\"https:\/\/mhcalculos.com.br\/noticias\/area\/trabalhista\/tst-suspensao-dos-prazos-processuais-na-justica-do-trabalho-e-prorrogada-ate-30-4.html#breadcrumb\"},\"inLanguage\":\"pt-BR\",\"potentialAction\":[{\"@type\":\"ReadAction\",\"target\":[\"https:\/\/mhcalculos.com.br\/noticias\/area\/trabalhista\/tst-suspensao-dos-prazos-processuais-na-justica-do-trabalho-e-prorrogada-ate-30-4.html\"]}]},{\"@type\":\"ImageObject\",\"inLanguage\":\"pt-BR\",\"@id\":\"https:\/\/mhcalculos.com.br\/noticias\/area\/trabalhista\/tst-suspensao-dos-prazos-processuais-na-justica-do-trabalho-e-prorrogada-ate-30-4.html#primaryimage\",\"url\":\"https:\/\/mhcalculos.com.br\/noticias\/wp-content\/uploads\/sites\/2\/2020\/03\/tst.jpg\",\"contentUrl\":\"https:\/\/mhcalculos.com.br\/noticias\/wp-content\/uploads\/sites\/2\/2020\/03\/tst.jpg\",\"width\":1024,\"height\":576},{\"@type\":\"BreadcrumbList\",\"@id\":\"https:\/\/mhcalculos.com.br\/noticias\/area\/trabalhista\/tst-suspensao-dos-prazos-processuais-na-justica-do-trabalho-e-prorrogada-ate-30-4.html#breadcrumb\",\"itemListElement\":[{\"@type\":\"ListItem\",\"position\":1,\"name\":\"In\u00edcio\",\"item\":\"https:\/\/mhcalculos.com.br\/noticias\/\"},{\"@type\":\"ListItem\",\"position\":2,\"name\":\"TST: Suspens\u00e3o dos prazos processuais na Justi\u00e7a do Trabalho \u00e9 prorrogada at\u00e9 30\/4\"}]},{\"@type\":\"WebSite\",\"@id\":\"https:\/\/mhcalculos.com.br\/noticias\/#website\",\"url\":\"https:\/\/mhcalculos.com.br\/noticias\/\",\"name\":\"Portal de Not\u00edcias\",\"description\":\"Not\u00edcias e Jurisprud\u00eancia\",\"potentialAction\":[{\"@type\":\"SearchAction\",\"target\":{\"@type\":\"EntryPoint\",\"urlTemplate\":\"https:\/\/mhcalculos.com.br\/noticias\/?s={search_term_string}\"},\"query-input\":{\"@type\":\"PropertyValueSpecification\",\"valueRequired\":true,\"valueName\":\"search_term_string\"}}],\"inLanguage\":\"pt-BR\"},{\"@type\":\"Person\",\"@id\":\"https:\/\/mhcalculos.com.br\/noticias\/#\/schema\/person\/88d1c34bf72dc779ea14a5a6b8e0ae8d\",\"name\":\"Equipe MH\",\"image\":{\"@type\":\"ImageObject\",\"inLanguage\":\"pt-BR\",\"@id\":\"https:\/\/secure.gravatar.com\/avatar\/de1c686c2ecc9c5a3f327e3431d819eb39f8f05d4e1045f5a1caad6daaba987f?s=96&d=mm&r=g\",\"url\":\"https:\/\/secure.gravatar.com\/avatar\/de1c686c2ecc9c5a3f327e3431d819eb39f8f05d4e1045f5a1caad6daaba987f?s=96&d=mm&r=g\",\"contentUrl\":\"https:\/\/secure.gravatar.com\/avatar\/de1c686c2ecc9c5a3f327e3431d819eb39f8f05d4e1045f5a1caad6daaba987f?s=96&d=mm&r=g\",\"caption\":\"Equipe MH\"}}]}<\/script>\n<!-- \/ Yoast SEO plugin. -->","yoast_head_json":{"title":"TST: Suspens\u00e3o dos prazos processuais na Justi\u00e7a do Trabalho \u00e9 prorrogada at\u00e9 30\/4 | Portal de Not\u00edcias","robots":{"index":"index","follow":"follow","max-snippet":"max-snippet:-1","max-image-preview":"max-image-preview:large","max-video-preview":"max-video-preview:-1"},"canonical":"https:\/\/mhcalculos.com.br\/noticias\/area\/trabalhista\/tst-suspensao-dos-prazos-processuais-na-justica-do-trabalho-e-prorrogada-ate-30-4.html","og_locale":"pt_BR","og_type":"article","og_title":"TST: Suspens\u00e3o dos prazos processuais na Justi\u00e7a do Trabalho \u00e9 prorrogada at\u00e9 30\/4 | Portal de Not\u00edcias","og_description":"Os prazos no TST, no CSJT e na Justi\u00e7a do Trabalho de 1\u00aa e 2\u00ba graus estavam suspensos at\u00e9 31\/3. (26\/03\/2020) A presidente do Tribunal Superior do Trabalho (TST) e do Conselho Superior da Justi\u00e7a do Trabalho (CSJT), ministra Cristina Peduzzi, editou nesta quinta-feira (26), o Ato TST.GP. n\u00ba 139 e o Ato CSJT.GP n\u00ba [&hellip;]","og_url":"https:\/\/mhcalculos.com.br\/noticias\/area\/trabalhista\/tst-suspensao-dos-prazos-processuais-na-justica-do-trabalho-e-prorrogada-ate-30-4.html","og_site_name":"Portal de Not\u00edcias","article_published_time":"2020-03-26T22:48:00+00:00","article_modified_time":"2021-07-28T17:30:07+00:00","og_image":[{"width":1024,"height":576,"url":"https:\/\/mhcalculos.com.br\/noticias\/wp-content\/uploads\/sites\/2\/2020\/03\/tst.jpg","type":"image\/jpeg"}],"author":"Equipe MH","twitter_card":"summary_large_image","twitter_misc":{"Escrito por":"Equipe MH","Est. tempo de leitura":"1 minuto"},"schema":{"@context":"https:\/\/schema.org","@graph":[{"@type":"Article","@id":"https:\/\/mhcalculos.com.br\/noticias\/area\/trabalhista\/tst-suspensao-dos-prazos-processuais-na-justica-do-trabalho-e-prorrogada-ate-30-4.html#article","isPartOf":{"@id":"https:\/\/mhcalculos.com.br\/noticias\/area\/trabalhista\/tst-suspensao-dos-prazos-processuais-na-justica-do-trabalho-e-prorrogada-ate-30-4.html"},"author":{"name":"Equipe MH","@id":"https:\/\/mhcalculos.com.br\/noticias\/#\/schema\/person\/88d1c34bf72dc779ea14a5a6b8e0ae8d"},"headline":"TST: Suspens\u00e3o dos prazos processuais na Justi\u00e7a do Trabalho \u00e9 prorrogada at\u00e9 30\/4","datePublished":"2020-03-26T22:48:00+00:00","dateModified":"2021-07-28T17:30:07+00:00","mainEntityOfPage":{"@id":"https:\/\/mhcalculos.com.br\/noticias\/area\/trabalhista\/tst-suspensao-dos-prazos-processuais-na-justica-do-trabalho-e-prorrogada-ate-30-4.html"},"wordCount":175,"commentCount":0,"image":{"@id":"https:\/\/mhcalculos.com.br\/noticias\/area\/trabalhista\/tst-suspensao-dos-prazos-processuais-na-justica-do-trabalho-e-prorrogada-ate-30-4.html#primaryimage"},"thumbnailUrl":"https:\/\/mhcalculos.com.br\/noticias\/wp-content\/uploads\/sites\/2\/2020\/03\/tst.jpg","keywords":["c\u00e1lculos trabalhistas","direito trabalhista","per\u00edcia","perito","trabalho","TST"],"articleSection":["Direito Trabalhista","TST"],"inLanguage":"pt-BR","potentialAction":[{"@type":"CommentAction","name":"Comment","target":["https:\/\/mhcalculos.com.br\/noticias\/area\/trabalhista\/tst-suspensao-dos-prazos-processuais-na-justica-do-trabalho-e-prorrogada-ate-30-4.html#respond"]}]},{"@type":"WebPage","@id":"https:\/\/mhcalculos.com.br\/noticias\/area\/trabalhista\/tst-suspensao-dos-prazos-processuais-na-justica-do-trabalho-e-prorrogada-ate-30-4.html","url":"https:\/\/mhcalculos.com.br\/noticias\/area\/trabalhista\/tst-suspensao-dos-prazos-processuais-na-justica-do-trabalho-e-prorrogada-ate-30-4.html","name":"TST: Suspens\u00e3o dos prazos processuais na Justi\u00e7a do Trabalho \u00e9 prorrogada at\u00e9 30\/4 | Portal de Not\u00edcias","isPartOf":{"@id":"https:\/\/mhcalculos.com.br\/noticias\/#website"},"primaryImageOfPage":{"@id":"https:\/\/mhcalculos.com.br\/noticias\/area\/trabalhista\/tst-suspensao-dos-prazos-processuais-na-justica-do-trabalho-e-prorrogada-ate-30-4.html#primaryimage"},"image":{"@id":"https:\/\/mhcalculos.com.br\/noticias\/area\/trabalhista\/tst-suspensao-dos-prazos-processuais-na-justica-do-trabalho-e-prorrogada-ate-30-4.html#primaryimage"},"thumbnailUrl":"https:\/\/mhcalculos.com.br\/noticias\/wp-content\/uploads\/sites\/2\/2020\/03\/tst.jpg","datePublished":"2020-03-26T22:48:00+00:00","dateModified":"2021-07-28T17:30:07+00:00","author":{"@id":"https:\/\/mhcalculos.com.br\/noticias\/#\/schema\/person\/88d1c34bf72dc779ea14a5a6b8e0ae8d"},"breadcrumb":{"@id":"https:\/\/mhcalculos.com.br\/noticias\/area\/trabalhista\/tst-suspensao-dos-prazos-processuais-na-justica-do-trabalho-e-prorrogada-ate-30-4.html#breadcrumb"},"inLanguage":"pt-BR","potentialAction":[{"@type":"ReadAction","target":["https:\/\/mhcalculos.com.br\/noticias\/area\/trabalhista\/tst-suspensao-dos-prazos-processuais-na-justica-do-trabalho-e-prorrogada-ate-30-4.html"]}]},{"@type":"ImageObject","inLanguage":"pt-BR","@id":"https:\/\/mhcalculos.com.br\/noticias\/area\/trabalhista\/tst-suspensao-dos-prazos-processuais-na-justica-do-trabalho-e-prorrogada-ate-30-4.html#primaryimage","url":"https:\/\/mhcalculos.com.br\/noticias\/wp-content\/uploads\/sites\/2\/2020\/03\/tst.jpg","contentUrl":"https:\/\/mhcalculos.com.br\/noticias\/wp-content\/uploads\/sites\/2\/2020\/03\/tst.jpg","width":1024,"height":576},{"@type":"BreadcrumbList","@id":"https:\/\/mhcalculos.com.br\/noticias\/area\/trabalhista\/tst-suspensao-dos-prazos-processuais-na-justica-do-trabalho-e-prorrogada-ate-30-4.html#breadcrumb","itemListElement":[{"@type":"ListItem","position":1,"name":"In\u00edcio","item":"https:\/\/mhcalculos.com.br\/noticias\/"},{"@type":"ListItem","position":2,"name":"TST: Suspens\u00e3o dos prazos processuais na Justi\u00e7a do Trabalho \u00e9 prorrogada at\u00e9 30\/4"}]},{"@type":"WebSite","@id":"https:\/\/mhcalculos.com.br\/noticias\/#website","url":"https:\/\/mhcalculos.com.br\/noticias\/","name":"Portal de Not\u00edcias","description":"Not\u00edcias e Jurisprud\u00eancia","potentialAction":[{"@type":"SearchAction","target":{"@type":"EntryPoint","urlTemplate":"https:\/\/mhcalculos.com.br\/noticias\/?s={search_term_string}"},"query-input":{"@type":"PropertyValueSpecification","valueRequired":true,"valueName":"search_term_string"}}],"inLanguage":"pt-BR"},{"@type":"Person","@id":"https:\/\/mhcalculos.com.br\/noticias\/#\/schema\/person\/88d1c34bf72dc779ea14a5a6b8e0ae8d","name":"Equipe MH","image":{"@type":"ImageObject","inLanguage":"pt-BR","@id":"https:\/\/secure.gravatar.com\/avatar\/de1c686c2ecc9c5a3f327e3431d819eb39f8f05d4e1045f5a1caad6daaba987f?s=96&d=mm&r=g","url":"https:\/\/secure.gravatar.com\/avatar\/de1c686c2ecc9c5a3f327e3431d819eb39f8f05d4e1045f5a1caad6daaba987f?s=96&d=mm&r=g","contentUrl":"https:\/\/secure.gravatar.com\/avatar\/de1c686c2ecc9c5a3f327e3431d819eb39f8f05d4e1045f5a1caad6daaba987f?s=96&d=mm&r=g","caption":"Equipe MH"}}]}},"_links":{"self":[{"href":"https:\/\/mhcalculos.com.br\/noticias\/wp-json\/wp\/v2\/posts\/7013","targetHints":{"allow":["GET"]}}],"collection":[{"href":"https:\/\/mhcalculos.com.br\/noticias\/wp-json\/wp\/v2\/posts"}],"about":[{"href":"https:\/\/mhcalculos.com.br\/noticias\/wp-json\/wp\/v2\/types\/post"}],"author":[{"embeddable":true,"href":"https:\/\/mhcalculos.com.br\/noticias\/wp-json\/wp\/v2\/users\/3063"}],"replies":[{"embeddable":true,"href":"https:\/\/mhcalculos.com.br\/noticias\/wp-json\/wp\/v2\/comments?post=7013"}],"version-history":[{"count":1,"href":"https:\/\/mhcalculos.com.br\/noticias\/wp-json\/wp\/v2\/posts\/7013\/revisions"}],"predecessor-version":[{"id":9304,"href":"https:\/\/mhcalculos.com.br\/noticias\/wp-json\/wp\/v2\/posts\/7013\/revisions\/9304"}],"wp:featuredmedia":[{"embeddable":true,"href":"https:\/\/mhcalculos.com.br\/noticias\/wp-json\/wp\/v2\/media\/7005"}],"wp:attachment":[{"href":"https:\/\/mhcalculos.com.br\/noticias\/wp-json\/wp\/v2\/media?parent=7013"}],"wp:term":[{"taxonomy":"category","embeddable":true,"href":"https:\/\/mhcalculos.com.br\/noticias\/wp-json\/wp\/v2\/categories?post=7013"},{"taxonomy":"post_tag","embeddable":true,"href":"https:\/\/mhcalculos.com.br\/noticias\/wp-json\/wp\/v2\/tags?post=7013"}],"curies":[{"name":"wp","href":"https:\/\/api.w.org\/{rel}","templated":true}]}}