{"id":7012,"date":"2020-03-28T08:05:21","date_gmt":"2020-03-28T11:05:21","guid":{"rendered":"https:\/\/mhcalculos.com.br\/noticias\/tribunais\/trf4\/trf4-nao-cabe-ao-judiciario-adiar-vencimento-de-tributos-decide-tribunal-27-03-2020\/"},"modified":"2021-07-28T14:30:06","modified_gmt":"2021-07-28T17:30:06","slug":"trf4-nao-cabe-ao-judiciario-adiar-vencimento-de-tributos-decide-tribunal-27-03-2020","status":"publish","type":"post","link":"https:\/\/mhcalculos.com.br\/noticias\/tribunais\/trf4\/trf4-nao-cabe-ao-judiciario-adiar-vencimento-de-tributos-decide-tribunal-27-03-2020.html","title":{"rendered":"TRF4: N\u00e3o cabe ao Judici\u00e1rio adiar vencimento de tributos, decide Tribunal&nbsp;(27\/03\/2020)"},"content":{"rendered":"<p><br \/>\n<\/p>\n<p>O juiz federal convocado Alexandre Rossato da Silva \u00c1vila, do Tribunal Regional Federal da 4\u00aa Regi\u00e3o (TRF4), negou no in\u00edcio desta tarde (27\/3) o pedido da empresa catarinense Decanter Vinhos Finos para postergar o vencimento dos tributos de compet\u00eancia federal (IRPJ, CSLL, PIS, COFINS, IPI, IRRF e Contribui\u00e7\u00e3o Previdenci\u00e1ria e outras contribui\u00e7\u00f5es previdenci\u00e1rias destinados aos terceiros\u00a0e do parcelamentos mantidos perante \u00e0 RFB e PGFN) para o \u00faltimo dia \u00fatil do m\u00eas subsequente ao encerramento do estado de calamidade p\u00fablica previsto no Decreto Legislativo n\u00ba 6\/10, decorrente do combate \u00e0 pandemia do Coronav\u00edrus (Covid-19).<\/p>\n<p>A empresa requeria ainda a prorroga\u00e7\u00e3o pelo mesmo prazo do envio das declara\u00e7\u00f5es e a determina\u00e7\u00e3o judicial para que a Receita Federal se abstivesse de cobrar qualquer multa em virtude do atraso das obriga\u00e7\u00f5es acess\u00f3rias.<\/p>\n<p>O advogado sustenta que em raz\u00e3o das medidas adotadas pela Uni\u00e3o o faturamento da Decanter ser\u00e1 reduzido drasticamente, e\u00a0n\u00e3o ser\u00e1 suficiente para arcar com todos os\u00a0compromissos financeiros nos pr\u00f3ximos meses, tais como folha de pagamento, fornecedores e tributos. Argumenta\u00a0que tal medida seria\u00a0a \u00fanica forma de respeitar a capacidade contributiva.<\/p>\n<p>Segundo o magistrado, o Poder Judici\u00e1rio n\u00e3o pode atuar como legislador positivo e\u00a0uma decis\u00e3o nesse sentido significaria usurpa\u00e7\u00e3o de compet\u00eancia dos\u00a0outros poderes, visto que as morat\u00f3rias devem ser definidas por lei.<\/p>\n<p>Sobre as medidas que est\u00e3o sendo adotadas pelo governo federal e o princ\u00edpio da isonomia com as empresas integrantes do Simples, o juiz pontuou que se estas foram beneficiadas, foi porque o Poder Executivo optou por um crit\u00e9rio que revela conveni\u00eancia pol\u00edtica, insuscet\u00edvel de controle pelo Poder Judici\u00e1rio. &#8220;\u00c9 poss\u00edvel, de acordo com interesses econ\u00f4micos e sociais, estimular e beneficiar determinados setores da economia. N\u00e3o vejo nisso ofensa aos princ\u00edpios constitucionais da moralidade p\u00fablica, da razoabilidade, da proporcionalidade e da capacidade contributiva. N\u00e3o h\u00e1 similitude de situa\u00e7\u00e3o que permita invocar o princ\u00edpio da\u00a0isonomia&#8221;, analisou \u00c1vila.<\/p>\n<p><br \/> (Foto: Stockphotos)<\/p>\n<p><i>Com informa\u00e7\u00f5es da assessoria de imprensa do TRF4.<\/i><br \/>\n<br \/><a href=\"http:\/\/www2.trf4.jus.br\/trf4\/controlador.php?acao=noticia_visualizar&#038;id_noticia=15103\">Fonte<\/a><br \/>\n<br \/><\/p>\n","protected":false},"excerpt":{"rendered":"<p>O juiz federal convocado Alexandre Rossato da Silva \u00c1vila, do Tribunal Regional Federal da 4\u00aa Regi\u00e3o (TRF4), negou no in\u00edcio desta tarde (27\/3) o pedido da empresa catarinense Decanter Vinhos Finos para postergar o vencimento dos tributos de compet\u00eancia federal (IRPJ, CSLL, PIS, COFINS, IPI, IRRF e Contribui\u00e7\u00e3o Previdenci\u00e1ria e outras contribui\u00e7\u00f5es previdenci\u00e1rias destinados aos [&hellip;]<\/p>\n","protected":false},"author":3063,"featured_media":1956,"comment_status":"open","ping_status":"open","sticky":false,"template":"","format":"standard","meta":{"footnotes":""},"categories":[18,6],"tags":[31,42,30,29,213,9,12,17,218,176,214],"class_list":{"0":"post-7012","1":"post","2":"type-post","3":"status-publish","4":"format-standard","5":"has-post-thumbnail","7":"category-tributario","8":"category-trf4","9":"tag-calculos-tributarios","10":"tag-direito-tributario","11":"tag-divida-ativa","12":"tag-fazenda-publica","13":"tag-imposto","14":"tag-pericia","15":"tag-perito","16":"tag-trf4","17":"tag-tribunal-regional-federal","18":"tag-tributario","19":"tag-tributo"},"yoast_head":"<!-- This site is optimized with the Yoast SEO plugin v27.2 - https:\/\/yoast.com\/product\/yoast-seo-wordpress\/ -->\n<title>TRF4: N\u00e3o cabe ao Judici\u00e1rio adiar vencimento de tributos, decide Tribunal&nbsp;(27\/03\/2020) | Portal de Not\u00edcias<\/title>\n<meta name=\"robots\" content=\"index, follow, max-snippet:-1, max-image-preview:large, max-video-preview:-1\" \/>\n<link rel=\"canonical\" href=\"https:\/\/mhcalculos.com.br\/noticias\/tribunais\/trf4\/trf4-nao-cabe-ao-judiciario-adiar-vencimento-de-tributos-decide-tribunal-27-03-2020.html\" \/>\n<meta property=\"og:locale\" content=\"pt_BR\" \/>\n<meta property=\"og:type\" content=\"article\" \/>\n<meta property=\"og:title\" content=\"TRF4: N\u00e3o cabe ao Judici\u00e1rio adiar vencimento de tributos, decide Tribunal&nbsp;(27\/03\/2020) | Portal de Not\u00edcias\" \/>\n<meta property=\"og:description\" content=\"O juiz federal convocado Alexandre Rossato da Silva \u00c1vila, do Tribunal Regional Federal da 4\u00aa Regi\u00e3o (TRF4), negou no in\u00edcio desta tarde (27\/3) o pedido da empresa catarinense Decanter Vinhos Finos para postergar o vencimento dos tributos de compet\u00eancia federal (IRPJ, CSLL, PIS, COFINS, IPI, IRRF e Contribui\u00e7\u00e3o Previdenci\u00e1ria e outras contribui\u00e7\u00f5es previdenci\u00e1rias destinados aos [&hellip;]\" \/>\n<meta property=\"og:url\" content=\"https:\/\/mhcalculos.com.br\/noticias\/tribunais\/trf4\/trf4-nao-cabe-ao-judiciario-adiar-vencimento-de-tributos-decide-tribunal-27-03-2020.html\" \/>\n<meta property=\"og:site_name\" content=\"Portal de Not\u00edcias\" \/>\n<meta property=\"article:published_time\" content=\"2020-03-28T11:05:21+00:00\" \/>\n<meta property=\"article:modified_time\" content=\"2021-07-28T17:30:06+00:00\" \/>\n<meta property=\"og:image\" content=\"https:\/\/mhcalculos.com.br\/noticias\/wp-content\/uploads\/sites\/2\/2018\/06\/tributario-0025.jpg\" \/>\n\t<meta property=\"og:image:width\" content=\"2000\" \/>\n\t<meta property=\"og:image:height\" content=\"800\" \/>\n\t<meta property=\"og:image:type\" content=\"image\/jpeg\" \/>\n<meta name=\"author\" content=\"Equipe MH\" \/>\n<meta name=\"twitter:card\" content=\"summary_large_image\" \/>\n<meta name=\"twitter:label1\" content=\"Escrito por\" \/>\n\t<meta name=\"twitter:data1\" content=\"Equipe MH\" \/>\n\t<meta name=\"twitter:label2\" content=\"Est. tempo de leitura\" \/>\n\t<meta name=\"twitter:data2\" content=\"2 minutos\" \/>\n<script type=\"application\/ld+json\" class=\"yoast-schema-graph\">{\"@context\":\"https:\/\/schema.org\",\"@graph\":[{\"@type\":\"Article\",\"@id\":\"https:\/\/mhcalculos.com.br\/noticias\/tribunais\/trf4\/trf4-nao-cabe-ao-judiciario-adiar-vencimento-de-tributos-decide-tribunal-27-03-2020.html#article\",\"isPartOf\":{\"@id\":\"https:\/\/mhcalculos.com.br\/noticias\/tribunais\/trf4\/trf4-nao-cabe-ao-judiciario-adiar-vencimento-de-tributos-decide-tribunal-27-03-2020.html\"},\"author\":{\"name\":\"Equipe MH\",\"@id\":\"https:\/\/mhcalculos.com.br\/noticias\/#\/schema\/person\/88d1c34bf72dc779ea14a5a6b8e0ae8d\"},\"headline\":\"TRF4: N\u00e3o cabe ao Judici\u00e1rio adiar vencimento de tributos, decide Tribunal&nbsp;(27\/03\/2020)\",\"datePublished\":\"2020-03-28T11:05:21+00:00\",\"dateModified\":\"2021-07-28T17:30:06+00:00\",\"mainEntityOfPage\":{\"@id\":\"https:\/\/mhcalculos.com.br\/noticias\/tribunais\/trf4\/trf4-nao-cabe-ao-judiciario-adiar-vencimento-de-tributos-decide-tribunal-27-03-2020.html\"},\"wordCount\":373,\"commentCount\":0,\"image\":{\"@id\":\"https:\/\/mhcalculos.com.br\/noticias\/tribunais\/trf4\/trf4-nao-cabe-ao-judiciario-adiar-vencimento-de-tributos-decide-tribunal-27-03-2020.html#primaryimage\"},\"thumbnailUrl\":\"https:\/\/mhcalculos.com.br\/noticias\/wp-content\/uploads\/sites\/2\/2018\/06\/tributario-0025.jpg\",\"keywords\":[\"c\u00e1lculos tribut\u00e1rios\",\"direito tribut\u00e1rio\",\"d\u00edvida ativa\",\"fazenda p\u00fablica\",\"Imposto\",\"per\u00edcia\",\"perito\",\"trf4\",\"Tribunal Regional Federal\",\"tribut\u00e1rio\",\"tributo\"],\"articleSection\":[\"Direito Tribut\u00e1rio\",\"TRF4\"],\"inLanguage\":\"pt-BR\",\"potentialAction\":[{\"@type\":\"CommentAction\",\"name\":\"Comment\",\"target\":[\"https:\/\/mhcalculos.com.br\/noticias\/tribunais\/trf4\/trf4-nao-cabe-ao-judiciario-adiar-vencimento-de-tributos-decide-tribunal-27-03-2020.html#respond\"]}]},{\"@type\":\"WebPage\",\"@id\":\"https:\/\/mhcalculos.com.br\/noticias\/tribunais\/trf4\/trf4-nao-cabe-ao-judiciario-adiar-vencimento-de-tributos-decide-tribunal-27-03-2020.html\",\"url\":\"https:\/\/mhcalculos.com.br\/noticias\/tribunais\/trf4\/trf4-nao-cabe-ao-judiciario-adiar-vencimento-de-tributos-decide-tribunal-27-03-2020.html\",\"name\":\"TRF4: N\u00e3o cabe ao Judici\u00e1rio adiar vencimento de tributos, decide Tribunal&nbsp;(27\/03\/2020) | Portal de Not\u00edcias\",\"isPartOf\":{\"@id\":\"https:\/\/mhcalculos.com.br\/noticias\/#website\"},\"primaryImageOfPage\":{\"@id\":\"https:\/\/mhcalculos.com.br\/noticias\/tribunais\/trf4\/trf4-nao-cabe-ao-judiciario-adiar-vencimento-de-tributos-decide-tribunal-27-03-2020.html#primaryimage\"},\"image\":{\"@id\":\"https:\/\/mhcalculos.com.br\/noticias\/tribunais\/trf4\/trf4-nao-cabe-ao-judiciario-adiar-vencimento-de-tributos-decide-tribunal-27-03-2020.html#primaryimage\"},\"thumbnailUrl\":\"https:\/\/mhcalculos.com.br\/noticias\/wp-content\/uploads\/sites\/2\/2018\/06\/tributario-0025.jpg\",\"datePublished\":\"2020-03-28T11:05:21+00:00\",\"dateModified\":\"2021-07-28T17:30:06+00:00\",\"author\":{\"@id\":\"https:\/\/mhcalculos.com.br\/noticias\/#\/schema\/person\/88d1c34bf72dc779ea14a5a6b8e0ae8d\"},\"breadcrumb\":{\"@id\":\"https:\/\/mhcalculos.com.br\/noticias\/tribunais\/trf4\/trf4-nao-cabe-ao-judiciario-adiar-vencimento-de-tributos-decide-tribunal-27-03-2020.html#breadcrumb\"},\"inLanguage\":\"pt-BR\",\"potentialAction\":[{\"@type\":\"ReadAction\",\"target\":[\"https:\/\/mhcalculos.com.br\/noticias\/tribunais\/trf4\/trf4-nao-cabe-ao-judiciario-adiar-vencimento-de-tributos-decide-tribunal-27-03-2020.html\"]}]},{\"@type\":\"ImageObject\",\"inLanguage\":\"pt-BR\",\"@id\":\"https:\/\/mhcalculos.com.br\/noticias\/tribunais\/trf4\/trf4-nao-cabe-ao-judiciario-adiar-vencimento-de-tributos-decide-tribunal-27-03-2020.html#primaryimage\",\"url\":\"https:\/\/mhcalculos.com.br\/noticias\/wp-content\/uploads\/sites\/2\/2018\/06\/tributario-0025.jpg\",\"contentUrl\":\"https:\/\/mhcalculos.com.br\/noticias\/wp-content\/uploads\/sites\/2\/2018\/06\/tributario-0025.jpg\",\"width\":2000,\"height\":800},{\"@type\":\"BreadcrumbList\",\"@id\":\"https:\/\/mhcalculos.com.br\/noticias\/tribunais\/trf4\/trf4-nao-cabe-ao-judiciario-adiar-vencimento-de-tributos-decide-tribunal-27-03-2020.html#breadcrumb\",\"itemListElement\":[{\"@type\":\"ListItem\",\"position\":1,\"name\":\"In\u00edcio\",\"item\":\"https:\/\/mhcalculos.com.br\/noticias\/\"},{\"@type\":\"ListItem\",\"position\":2,\"name\":\"TRF4: N\u00e3o cabe ao Judici\u00e1rio adiar vencimento de tributos, decide Tribunal&nbsp;(27\/03\/2020)\"}]},{\"@type\":\"WebSite\",\"@id\":\"https:\/\/mhcalculos.com.br\/noticias\/#website\",\"url\":\"https:\/\/mhcalculos.com.br\/noticias\/\",\"name\":\"Portal de Not\u00edcias\",\"description\":\"Not\u00edcias e Jurisprud\u00eancia\",\"potentialAction\":[{\"@type\":\"SearchAction\",\"target\":{\"@type\":\"EntryPoint\",\"urlTemplate\":\"https:\/\/mhcalculos.com.br\/noticias\/?s={search_term_string}\"},\"query-input\":{\"@type\":\"PropertyValueSpecification\",\"valueRequired\":true,\"valueName\":\"search_term_string\"}}],\"inLanguage\":\"pt-BR\"},{\"@type\":\"Person\",\"@id\":\"https:\/\/mhcalculos.com.br\/noticias\/#\/schema\/person\/88d1c34bf72dc779ea14a5a6b8e0ae8d\",\"name\":\"Equipe MH\",\"image\":{\"@type\":\"ImageObject\",\"inLanguage\":\"pt-BR\",\"@id\":\"https:\/\/secure.gravatar.com\/avatar\/de1c686c2ecc9c5a3f327e3431d819eb39f8f05d4e1045f5a1caad6daaba987f?s=96&d=mm&r=g\",\"url\":\"https:\/\/secure.gravatar.com\/avatar\/de1c686c2ecc9c5a3f327e3431d819eb39f8f05d4e1045f5a1caad6daaba987f?s=96&d=mm&r=g\",\"contentUrl\":\"https:\/\/secure.gravatar.com\/avatar\/de1c686c2ecc9c5a3f327e3431d819eb39f8f05d4e1045f5a1caad6daaba987f?s=96&d=mm&r=g\",\"caption\":\"Equipe MH\"}}]}<\/script>\n<!-- \/ Yoast SEO plugin. -->","yoast_head_json":{"title":"TRF4: N\u00e3o cabe ao Judici\u00e1rio adiar vencimento de tributos, decide Tribunal&nbsp;(27\/03\/2020) | Portal de Not\u00edcias","robots":{"index":"index","follow":"follow","max-snippet":"max-snippet:-1","max-image-preview":"max-image-preview:large","max-video-preview":"max-video-preview:-1"},"canonical":"https:\/\/mhcalculos.com.br\/noticias\/tribunais\/trf4\/trf4-nao-cabe-ao-judiciario-adiar-vencimento-de-tributos-decide-tribunal-27-03-2020.html","og_locale":"pt_BR","og_type":"article","og_title":"TRF4: N\u00e3o cabe ao Judici\u00e1rio adiar vencimento de tributos, decide Tribunal&nbsp;(27\/03\/2020) | Portal de Not\u00edcias","og_description":"O juiz federal convocado Alexandre Rossato da Silva \u00c1vila, do Tribunal Regional Federal da 4\u00aa Regi\u00e3o (TRF4), negou no in\u00edcio desta tarde (27\/3) o pedido da empresa catarinense Decanter Vinhos Finos para postergar o vencimento dos tributos de compet\u00eancia federal (IRPJ, CSLL, PIS, COFINS, IPI, IRRF e Contribui\u00e7\u00e3o Previdenci\u00e1ria e outras contribui\u00e7\u00f5es previdenci\u00e1rias destinados aos [&hellip;]","og_url":"https:\/\/mhcalculos.com.br\/noticias\/tribunais\/trf4\/trf4-nao-cabe-ao-judiciario-adiar-vencimento-de-tributos-decide-tribunal-27-03-2020.html","og_site_name":"Portal de Not\u00edcias","article_published_time":"2020-03-28T11:05:21+00:00","article_modified_time":"2021-07-28T17:30:06+00:00","og_image":[{"width":2000,"height":800,"url":"https:\/\/mhcalculos.com.br\/noticias\/wp-content\/uploads\/sites\/2\/2018\/06\/tributario-0025.jpg","type":"image\/jpeg"}],"author":"Equipe MH","twitter_card":"summary_large_image","twitter_misc":{"Escrito por":"Equipe MH","Est. tempo de leitura":"2 minutos"},"schema":{"@context":"https:\/\/schema.org","@graph":[{"@type":"Article","@id":"https:\/\/mhcalculos.com.br\/noticias\/tribunais\/trf4\/trf4-nao-cabe-ao-judiciario-adiar-vencimento-de-tributos-decide-tribunal-27-03-2020.html#article","isPartOf":{"@id":"https:\/\/mhcalculos.com.br\/noticias\/tribunais\/trf4\/trf4-nao-cabe-ao-judiciario-adiar-vencimento-de-tributos-decide-tribunal-27-03-2020.html"},"author":{"name":"Equipe MH","@id":"https:\/\/mhcalculos.com.br\/noticias\/#\/schema\/person\/88d1c34bf72dc779ea14a5a6b8e0ae8d"},"headline":"TRF4: N\u00e3o cabe ao Judici\u00e1rio adiar vencimento de tributos, decide Tribunal&nbsp;(27\/03\/2020)","datePublished":"2020-03-28T11:05:21+00:00","dateModified":"2021-07-28T17:30:06+00:00","mainEntityOfPage":{"@id":"https:\/\/mhcalculos.com.br\/noticias\/tribunais\/trf4\/trf4-nao-cabe-ao-judiciario-adiar-vencimento-de-tributos-decide-tribunal-27-03-2020.html"},"wordCount":373,"commentCount":0,"image":{"@id":"https:\/\/mhcalculos.com.br\/noticias\/tribunais\/trf4\/trf4-nao-cabe-ao-judiciario-adiar-vencimento-de-tributos-decide-tribunal-27-03-2020.html#primaryimage"},"thumbnailUrl":"https:\/\/mhcalculos.com.br\/noticias\/wp-content\/uploads\/sites\/2\/2018\/06\/tributario-0025.jpg","keywords":["c\u00e1lculos tribut\u00e1rios","direito tribut\u00e1rio","d\u00edvida ativa","fazenda p\u00fablica","Imposto","per\u00edcia","perito","trf4","Tribunal Regional Federal","tribut\u00e1rio","tributo"],"articleSection":["Direito Tribut\u00e1rio","TRF4"],"inLanguage":"pt-BR","potentialAction":[{"@type":"CommentAction","name":"Comment","target":["https:\/\/mhcalculos.com.br\/noticias\/tribunais\/trf4\/trf4-nao-cabe-ao-judiciario-adiar-vencimento-de-tributos-decide-tribunal-27-03-2020.html#respond"]}]},{"@type":"WebPage","@id":"https:\/\/mhcalculos.com.br\/noticias\/tribunais\/trf4\/trf4-nao-cabe-ao-judiciario-adiar-vencimento-de-tributos-decide-tribunal-27-03-2020.html","url":"https:\/\/mhcalculos.com.br\/noticias\/tribunais\/trf4\/trf4-nao-cabe-ao-judiciario-adiar-vencimento-de-tributos-decide-tribunal-27-03-2020.html","name":"TRF4: N\u00e3o cabe ao Judici\u00e1rio adiar vencimento de tributos, decide Tribunal&nbsp;(27\/03\/2020) | Portal de Not\u00edcias","isPartOf":{"@id":"https:\/\/mhcalculos.com.br\/noticias\/#website"},"primaryImageOfPage":{"@id":"https:\/\/mhcalculos.com.br\/noticias\/tribunais\/trf4\/trf4-nao-cabe-ao-judiciario-adiar-vencimento-de-tributos-decide-tribunal-27-03-2020.html#primaryimage"},"image":{"@id":"https:\/\/mhcalculos.com.br\/noticias\/tribunais\/trf4\/trf4-nao-cabe-ao-judiciario-adiar-vencimento-de-tributos-decide-tribunal-27-03-2020.html#primaryimage"},"thumbnailUrl":"https:\/\/mhcalculos.com.br\/noticias\/wp-content\/uploads\/sites\/2\/2018\/06\/tributario-0025.jpg","datePublished":"2020-03-28T11:05:21+00:00","dateModified":"2021-07-28T17:30:06+00:00","author":{"@id":"https:\/\/mhcalculos.com.br\/noticias\/#\/schema\/person\/88d1c34bf72dc779ea14a5a6b8e0ae8d"},"breadcrumb":{"@id":"https:\/\/mhcalculos.com.br\/noticias\/tribunais\/trf4\/trf4-nao-cabe-ao-judiciario-adiar-vencimento-de-tributos-decide-tribunal-27-03-2020.html#breadcrumb"},"inLanguage":"pt-BR","potentialAction":[{"@type":"ReadAction","target":["https:\/\/mhcalculos.com.br\/noticias\/tribunais\/trf4\/trf4-nao-cabe-ao-judiciario-adiar-vencimento-de-tributos-decide-tribunal-27-03-2020.html"]}]},{"@type":"ImageObject","inLanguage":"pt-BR","@id":"https:\/\/mhcalculos.com.br\/noticias\/tribunais\/trf4\/trf4-nao-cabe-ao-judiciario-adiar-vencimento-de-tributos-decide-tribunal-27-03-2020.html#primaryimage","url":"https:\/\/mhcalculos.com.br\/noticias\/wp-content\/uploads\/sites\/2\/2018\/06\/tributario-0025.jpg","contentUrl":"https:\/\/mhcalculos.com.br\/noticias\/wp-content\/uploads\/sites\/2\/2018\/06\/tributario-0025.jpg","width":2000,"height":800},{"@type":"BreadcrumbList","@id":"https:\/\/mhcalculos.com.br\/noticias\/tribunais\/trf4\/trf4-nao-cabe-ao-judiciario-adiar-vencimento-de-tributos-decide-tribunal-27-03-2020.html#breadcrumb","itemListElement":[{"@type":"ListItem","position":1,"name":"In\u00edcio","item":"https:\/\/mhcalculos.com.br\/noticias\/"},{"@type":"ListItem","position":2,"name":"TRF4: N\u00e3o cabe ao Judici\u00e1rio adiar vencimento de tributos, decide Tribunal&nbsp;(27\/03\/2020)"}]},{"@type":"WebSite","@id":"https:\/\/mhcalculos.com.br\/noticias\/#website","url":"https:\/\/mhcalculos.com.br\/noticias\/","name":"Portal de Not\u00edcias","description":"Not\u00edcias e Jurisprud\u00eancia","potentialAction":[{"@type":"SearchAction","target":{"@type":"EntryPoint","urlTemplate":"https:\/\/mhcalculos.com.br\/noticias\/?s={search_term_string}"},"query-input":{"@type":"PropertyValueSpecification","valueRequired":true,"valueName":"search_term_string"}}],"inLanguage":"pt-BR"},{"@type":"Person","@id":"https:\/\/mhcalculos.com.br\/noticias\/#\/schema\/person\/88d1c34bf72dc779ea14a5a6b8e0ae8d","name":"Equipe MH","image":{"@type":"ImageObject","inLanguage":"pt-BR","@id":"https:\/\/secure.gravatar.com\/avatar\/de1c686c2ecc9c5a3f327e3431d819eb39f8f05d4e1045f5a1caad6daaba987f?s=96&d=mm&r=g","url":"https:\/\/secure.gravatar.com\/avatar\/de1c686c2ecc9c5a3f327e3431d819eb39f8f05d4e1045f5a1caad6daaba987f?s=96&d=mm&r=g","contentUrl":"https:\/\/secure.gravatar.com\/avatar\/de1c686c2ecc9c5a3f327e3431d819eb39f8f05d4e1045f5a1caad6daaba987f?s=96&d=mm&r=g","caption":"Equipe MH"}}]}},"_links":{"self":[{"href":"https:\/\/mhcalculos.com.br\/noticias\/wp-json\/wp\/v2\/posts\/7012","targetHints":{"allow":["GET"]}}],"collection":[{"href":"https:\/\/mhcalculos.com.br\/noticias\/wp-json\/wp\/v2\/posts"}],"about":[{"href":"https:\/\/mhcalculos.com.br\/noticias\/wp-json\/wp\/v2\/types\/post"}],"author":[{"embeddable":true,"href":"https:\/\/mhcalculos.com.br\/noticias\/wp-json\/wp\/v2\/users\/3063"}],"replies":[{"embeddable":true,"href":"https:\/\/mhcalculos.com.br\/noticias\/wp-json\/wp\/v2\/comments?post=7012"}],"version-history":[{"count":1,"href":"https:\/\/mhcalculos.com.br\/noticias\/wp-json\/wp\/v2\/posts\/7012\/revisions"}],"predecessor-version":[{"id":9300,"href":"https:\/\/mhcalculos.com.br\/noticias\/wp-json\/wp\/v2\/posts\/7012\/revisions\/9300"}],"wp:featuredmedia":[{"embeddable":true,"href":"https:\/\/mhcalculos.com.br\/noticias\/wp-json\/wp\/v2\/media\/1956"}],"wp:attachment":[{"href":"https:\/\/mhcalculos.com.br\/noticias\/wp-json\/wp\/v2\/media?parent=7012"}],"wp:term":[{"taxonomy":"category","embeddable":true,"href":"https:\/\/mhcalculos.com.br\/noticias\/wp-json\/wp\/v2\/categories?post=7012"},{"taxonomy":"post_tag","embeddable":true,"href":"https:\/\/mhcalculos.com.br\/noticias\/wp-json\/wp\/v2\/tags?post=7012"}],"curies":[{"name":"wp","href":"https:\/\/api.w.org\/{rel}","templated":true}]}}