{"id":6951,"date":"2020-03-02T11:05:08","date_gmt":"2020-03-02T14:05:08","guid":{"rendered":"https:\/\/mhcalculos.com.br\/noticias\/tribunais\/stf\/stf-stf-vai-decidir-constitucionalidade-de-multa-por-recusa-a-bafometro\/"},"modified":"2021-07-28T14:30:14","modified_gmt":"2021-07-28T17:30:14","slug":"stf-stf-vai-decidir-constitucionalidade-de-multa-por-recusa-a-bafometro","status":"publish","type":"post","link":"https:\/\/mhcalculos.com.br\/noticias\/tribunais\/stf\/stf-stf-vai-decidir-constitucionalidade-de-multa-por-recusa-a-bafometro.html","title":{"rendered":"STF: STF vai decidir constitucionalidade de multa por recusa a baf\u00f4metro"},"content":{"rendered":"<p><br \/>\n<\/p>\n<div><span style=\"font-size: medium\">O Supremo Tribunal Federal (STF) ir\u00e1 decidir se \u00e9 constitucional a regra do C\u00f3digo de Tr\u00e2nsito Brasileiro (CTB) que classifica como infra\u00e7\u00e3o de tr\u00e2nsito a recusa do condutor de ve\u00edculo a se submeter ao teste do &ldquo;baf\u00f4metro&rdquo; (etil\u00f4metro) com o objetivo de certificar a influ\u00eancia de \u00e1lcool. O tema ser\u00e1 analisado no Recurso Extraordin\u00e1rio (RE) 1224374, que, por unanimidade, teve repercuss\u00e3o geral reconhecida (Tema 1079) pelo Plen\u00e1rio, em sess\u00e3o virtual.<\/span><\/div>\n<div><span style=\"font-size: medium\"><br \/>\n<\/span><b><span style=\"font-size: medium\">Arbitrariedade<\/span><\/b><\/div>\n<div><span style=\"font-size: medium\"><br \/>\nNo caso dos autos, a Segunda Turma Recursal da Fazenda P\u00fablica dos Juizados Especiais C\u00edveis do Estado do Rio Grande do Sul anulou auto de infra\u00e7\u00e3o de tr\u00e2nsito lavrado contra um condutor que se recusou a fazer o teste do baf\u00f4metro. De acordo com a decis\u00e3o, como n\u00e3o havia sido constatado formalmente que ele conduzia ve\u00edculo sob sinais externos de uso de \u00e1lcool ou de subst\u00e2ncia psicoativa, n\u00e3o h\u00e1 infra\u00e7\u00e3o de tr\u00e2nsito.&nbsp;<\/span><\/div>\n<div><span style=\"font-size: medium\"><br \/>\nSegundo a Turma Recursal, a l\u00f3gica da regra, prevista no artigo 165-A do CTB, \u00e9 a de que s\u00f3 \u00e9 poss\u00edvel autuar o condutor que se recuse a realizar os testes caso ele apresente sinais externos de influ\u00eancia de \u00e1lcool, com todas as caracter\u00edsticas de embriaguez devidamente descritas e na presen\u00e7a de testemunha id\u00f4nea. Assim, a autua\u00e7\u00e3o de condutor que n\u00e3o apresente amea\u00e7a \u00e0 seguran\u00e7a no tr\u00e2nsito pela mera recusa em realizar os testes oferecidos pelos agentes de tr\u00e2nsito configuraria arbitrariedade. O ac\u00f3rd\u00e3o considera que a regra do CTB \u00e9 inconstitucional, pois viola os princ\u00edpios da liberdade (direito de ir e vir), da presun\u00e7\u00e3o de inoc\u00eancia, da n\u00e3o autoincrimina\u00e7\u00e3o e da individualiza\u00e7\u00e3o da pena.<\/p>\n<p><\/span><\/div>\n<div><b><span style=\"font-size: medium\">Seguran\u00e7a<\/span><\/b><\/div>\n<div><span style=\"font-size: medium\"><br \/>\nNo recurso apresentado ao Supremo, o Departamento de Tr\u00e2nsito do Rio Grande do Sul (Detran-RS) argumenta que a constitucionalidade do artigo 165-A do CTB n\u00e3o pode ser afastada com fundamento no direito individual de liberdade quando confrontado com o direito fundamental da coletividade \u00e0 vida e \u00e0 seguran\u00e7a do tr\u00e2nsito. Sustenta, ainda, que a imposi\u00e7\u00e3o da penalidade administrativa de suspens\u00e3o do direito de dirigir a uma pessoa que se recusar a realizar o teste do baf\u00f4metro, impedindo a fiscaliza\u00e7\u00e3o de tr\u00e2nsito de constatar se ingeriu \u00e1lcool, \u00e9 razo\u00e1vel e proporcional.&nbsp;<\/p>\n<p><\/span><\/div>\n<div><span style=\"font-size: medium\">Ainda segundo o Detran-RS, como a infra\u00e7\u00e3o \u00e9 administrativa, n\u00e3o procede a alega\u00e7\u00e3o de ofensa ao princ\u00edpio da n\u00e3o autoincrimina\u00e7\u00e3o e a outros direitos e garantias individuais relacionados ao Direito Penal. Tamb\u00e9m alega que, como se trata de infra\u00e7\u00e3o aut\u00f4noma, n\u00e3o se exige do agente fiscalizador a comprova\u00e7\u00e3o de sinais de embriaguez, bastando a recusa do condutor.<\/p>\n<p><\/span><\/div>\n<div><b><span style=\"font-size: medium\">Garantias individuais<\/span><\/b><span style=\"font-size: medium\"><\/p>\n<p><\/span><\/div>\n<div><span style=\"font-size: medium\">Em manifesta\u00e7\u00e3o no Plen\u00e1rio Virtual, o ministro Luiz Fux, relator do recurso, observou que a controv\u00e9rsia constitucional ultrapassa os interesses das partes, por sua relev\u00e2ncia do ponto de vista econ\u00f4mico, pol\u00edtico, social e jur\u00eddico. Segundo ele, embora seja conhecida a preocupa\u00e7\u00e3o do legislador em dar tratamento mais austero aos condutores que, sob a influ\u00eancia de \u00e1lcool ou de outra subst\u00e2ncia psicoativa, exponham a perigo os direitos \u00e0 vida, \u00e0 sa\u00fade e \u00e0 seguran\u00e7a no tr\u00e2nsito, a discuss\u00e3o sobre a constitucionalidade do artigo 165-A do CTB tem potencial impacto em outros casos, tendo em vista a atua\u00e7\u00e3o dos \u00f3rg\u00e3os de fiscaliza\u00e7\u00e3o integrados ao Sistema Nacional de Tr\u00e2nsito.<\/p>\n<p><\/span><\/div>\n<div><span style=\"font-size: medium\">Fux salientou a relev\u00e2ncia da quest\u00e3o, sobretudo em raz\u00e3o da argumenta\u00e7\u00e3o de viola\u00e7\u00e3o aos direitos e garantias individuais relativos \u00e0 liberdade de ir e vir, \u00e0 presun\u00e7\u00e3o de inoc\u00eancia, \u00e0 n\u00e3o autoincrimina\u00e7\u00e3o, \u00e0 individualiza\u00e7\u00e3o da pena e aos princ\u00edpios da razoabilidade e da proporcionalidade. Do ponto de vista constitucional, destacou especialmente a discuss\u00e3o sobre a declara\u00e7\u00e3o de inconstitucionalidade de dispositivo de lei nacional.&nbsp;<\/p>\n<p><\/span><\/div>\n<div><span style=\"font-size: smaller\">PR\/AS\/\/CF<\/span><\/div>\n<p><i>Com informa\u00e7\u00f5es da assessoria de imprensa do STF.<\/i><br \/>\n<br \/><a href=\"http:\/\/www.stf.jus.br\/portal\/cms\/verNoticiaDetalhe.asp?idConteudo=438175\">Fonte<\/a><br \/>\n<br \/><\/p>\n","protected":false},"excerpt":{"rendered":"<p>O Supremo Tribunal Federal (STF) ir\u00e1 decidir se \u00e9 constitucional a regra do C\u00f3digo de Tr\u00e2nsito Brasileiro (CTB) que classifica como infra\u00e7\u00e3o de tr\u00e2nsito a recusa do condutor de ve\u00edculo a se submeter ao teste do &ldquo;baf\u00f4metro&rdquo; (etil\u00f4metro) com o objetivo de certificar a influ\u00eancia de \u00e1lcool. O tema ser\u00e1 analisado no Recurso Extraordin\u00e1rio (RE) [&hellip;]<\/p>\n","protected":false},"author":3063,"featured_media":2740,"comment_status":"open","ping_status":"open","sticky":false,"template":"","format":"standard","meta":{"footnotes":""},"categories":[18,15],"tags":[32,31,42,30,29,213,9,12,16],"class_list":{"0":"post-6951","1":"post","2":"type-post","3":"status-publish","4":"format-standard","5":"has-post-thumbnail","7":"category-tributario","8":"category-stf","9":"tag-calculos-judiciais","10":"tag-calculos-tributarios","11":"tag-direito-tributario","12":"tag-divida-ativa","13":"tag-fazenda-publica","14":"tag-imposto","15":"tag-pericia","16":"tag-perito","17":"tag-stf"},"yoast_head":"<!-- This site is optimized with the Yoast SEO plugin v27.2 - https:\/\/yoast.com\/product\/yoast-seo-wordpress\/ -->\n<title>STF: STF vai decidir constitucionalidade de multa por recusa a baf\u00f4metro | Portal de Not\u00edcias<\/title>\n<meta name=\"robots\" content=\"index, follow, max-snippet:-1, max-image-preview:large, max-video-preview:-1\" \/>\n<link rel=\"canonical\" href=\"http:\/\/www.stf.jus.br\/portal\/cms\/verNoticiaDetalhe.asp?idConteudo=438175\" \/>\n<meta property=\"og:locale\" content=\"pt_BR\" \/>\n<meta property=\"og:type\" content=\"article\" \/>\n<meta property=\"og:title\" content=\"STF: STF vai decidir constitucionalidade de multa por recusa a baf\u00f4metro | Portal de Not\u00edcias\" \/>\n<meta property=\"og:description\" content=\"O Supremo Tribunal Federal (STF) ir\u00e1 decidir se \u00e9 constitucional a regra do C\u00f3digo de Tr\u00e2nsito Brasileiro (CTB) que classifica como infra\u00e7\u00e3o de tr\u00e2nsito a recusa do condutor de ve\u00edculo a se submeter ao teste do &ldquo;baf\u00f4metro&rdquo; (etil\u00f4metro) com o objetivo de certificar a influ\u00eancia de \u00e1lcool. O tema ser\u00e1 analisado no Recurso Extraordin\u00e1rio (RE) [&hellip;]\" \/>\n<meta property=\"og:url\" content=\"http:\/\/www.stf.jus.br\/portal\/cms\/verNoticiaDetalhe.asp?idConteudo=438175\" \/>\n<meta property=\"og:site_name\" content=\"Portal de Not\u00edcias\" \/>\n<meta property=\"article:published_time\" content=\"2020-03-02T14:05:08+00:00\" \/>\n<meta property=\"article:modified_time\" content=\"2021-07-28T17:30:14+00:00\" \/>\n<meta property=\"og:image\" content=\"https:\/\/mhcalculos.com.br\/noticias\/wp-content\/uploads\/sites\/2\/2018\/08\/judiciario-0020.jpg\" \/>\n\t<meta property=\"og:image:width\" content=\"2000\" \/>\n\t<meta property=\"og:image:height\" content=\"800\" \/>\n\t<meta property=\"og:image:type\" content=\"image\/jpeg\" \/>\n<meta name=\"author\" content=\"Equipe MH\" \/>\n<meta name=\"twitter:card\" content=\"summary_large_image\" \/>\n<meta name=\"twitter:label1\" content=\"Escrito por\" \/>\n\t<meta name=\"twitter:data1\" content=\"Equipe MH\" \/>\n\t<meta name=\"twitter:label2\" content=\"Est. tempo de leitura\" \/>\n\t<meta name=\"twitter:data2\" content=\"3 minutos\" \/>\n<script type=\"application\/ld+json\" class=\"yoast-schema-graph\">{\"@context\":\"https:\/\/schema.org\",\"@graph\":[{\"@type\":\"Article\",\"@id\":\"http:\/\/www.stf.jus.br\/portal\/cms\/verNoticiaDetalhe.asp?idConteudo=438175#article\",\"isPartOf\":{\"@id\":\"https:\/\/mhcalculos.com.br\/noticias\/tribunais\/stf\/stf-stf-vai-decidir-constitucionalidade-de-multa-por-recusa-a-bafometro.html\"},\"author\":{\"name\":\"Equipe MH\",\"@id\":\"https:\/\/mhcalculos.com.br\/noticias\/#\/schema\/person\/88d1c34bf72dc779ea14a5a6b8e0ae8d\"},\"headline\":\"STF: STF vai decidir constitucionalidade de multa por recusa a baf\u00f4metro\",\"datePublished\":\"2020-03-02T14:05:08+00:00\",\"dateModified\":\"2021-07-28T17:30:14+00:00\",\"mainEntityOfPage\":{\"@id\":\"https:\/\/mhcalculos.com.br\/noticias\/tribunais\/stf\/stf-stf-vai-decidir-constitucionalidade-de-multa-por-recusa-a-bafometro.html\"},\"wordCount\":687,\"commentCount\":0,\"image\":{\"@id\":\"http:\/\/www.stf.jus.br\/portal\/cms\/verNoticiaDetalhe.asp?idConteudo=438175#primaryimage\"},\"thumbnailUrl\":\"https:\/\/mhcalculos.com.br\/noticias\/wp-content\/uploads\/sites\/2\/2018\/08\/judiciario-0020.jpg\",\"keywords\":[\"c\u00e1lculos judiciais\",\"c\u00e1lculos tribut\u00e1rios\",\"direito tribut\u00e1rio\",\"d\u00edvida ativa\",\"fazenda p\u00fablica\",\"Imposto\",\"per\u00edcia\",\"perito\",\"stf\"],\"articleSection\":[\"Direito Tribut\u00e1rio\",\"STF\"],\"inLanguage\":\"pt-BR\",\"potentialAction\":[{\"@type\":\"CommentAction\",\"name\":\"Comment\",\"target\":[\"http:\/\/www.stf.jus.br\/portal\/cms\/verNoticiaDetalhe.asp?idConteudo=438175#respond\"]}]},{\"@type\":\"WebPage\",\"@id\":\"https:\/\/mhcalculos.com.br\/noticias\/tribunais\/stf\/stf-stf-vai-decidir-constitucionalidade-de-multa-por-recusa-a-bafometro.html\",\"url\":\"http:\/\/www.stf.jus.br\/portal\/cms\/verNoticiaDetalhe.asp?idConteudo=438175\",\"name\":\"STF: STF vai decidir constitucionalidade de multa por recusa a baf\u00f4metro | Portal de Not\u00edcias\",\"isPartOf\":{\"@id\":\"https:\/\/mhcalculos.com.br\/noticias\/#website\"},\"primaryImageOfPage\":{\"@id\":\"http:\/\/www.stf.jus.br\/portal\/cms\/verNoticiaDetalhe.asp?idConteudo=438175#primaryimage\"},\"image\":{\"@id\":\"http:\/\/www.stf.jus.br\/portal\/cms\/verNoticiaDetalhe.asp?idConteudo=438175#primaryimage\"},\"thumbnailUrl\":\"https:\/\/mhcalculos.com.br\/noticias\/wp-content\/uploads\/sites\/2\/2018\/08\/judiciario-0020.jpg\",\"datePublished\":\"2020-03-02T14:05:08+00:00\",\"dateModified\":\"2021-07-28T17:30:14+00:00\",\"author\":{\"@id\":\"https:\/\/mhcalculos.com.br\/noticias\/#\/schema\/person\/88d1c34bf72dc779ea14a5a6b8e0ae8d\"},\"breadcrumb\":{\"@id\":\"http:\/\/www.stf.jus.br\/portal\/cms\/verNoticiaDetalhe.asp?idConteudo=438175#breadcrumb\"},\"inLanguage\":\"pt-BR\",\"potentialAction\":[{\"@type\":\"ReadAction\",\"target\":[\"http:\/\/www.stf.jus.br\/portal\/cms\/verNoticiaDetalhe.asp?idConteudo=438175\"]}]},{\"@type\":\"ImageObject\",\"inLanguage\":\"pt-BR\",\"@id\":\"http:\/\/www.stf.jus.br\/portal\/cms\/verNoticiaDetalhe.asp?idConteudo=438175#primaryimage\",\"url\":\"https:\/\/mhcalculos.com.br\/noticias\/wp-content\/uploads\/sites\/2\/2018\/08\/judiciario-0020.jpg\",\"contentUrl\":\"https:\/\/mhcalculos.com.br\/noticias\/wp-content\/uploads\/sites\/2\/2018\/08\/judiciario-0020.jpg\",\"width\":2000,\"height\":800},{\"@type\":\"BreadcrumbList\",\"@id\":\"http:\/\/www.stf.jus.br\/portal\/cms\/verNoticiaDetalhe.asp?idConteudo=438175#breadcrumb\",\"itemListElement\":[{\"@type\":\"ListItem\",\"position\":1,\"name\":\"In\u00edcio\",\"item\":\"https:\/\/mhcalculos.com.br\/noticias\/\"},{\"@type\":\"ListItem\",\"position\":2,\"name\":\"STF: STF vai decidir constitucionalidade de multa por recusa a baf\u00f4metro\"}]},{\"@type\":\"WebSite\",\"@id\":\"https:\/\/mhcalculos.com.br\/noticias\/#website\",\"url\":\"https:\/\/mhcalculos.com.br\/noticias\/\",\"name\":\"Portal de Not\u00edcias\",\"description\":\"Not\u00edcias e Jurisprud\u00eancia\",\"potentialAction\":[{\"@type\":\"SearchAction\",\"target\":{\"@type\":\"EntryPoint\",\"urlTemplate\":\"https:\/\/mhcalculos.com.br\/noticias\/?s={search_term_string}\"},\"query-input\":{\"@type\":\"PropertyValueSpecification\",\"valueRequired\":true,\"valueName\":\"search_term_string\"}}],\"inLanguage\":\"pt-BR\"},{\"@type\":\"Person\",\"@id\":\"https:\/\/mhcalculos.com.br\/noticias\/#\/schema\/person\/88d1c34bf72dc779ea14a5a6b8e0ae8d\",\"name\":\"Equipe MH\",\"image\":{\"@type\":\"ImageObject\",\"inLanguage\":\"pt-BR\",\"@id\":\"https:\/\/secure.gravatar.com\/avatar\/de1c686c2ecc9c5a3f327e3431d819eb39f8f05d4e1045f5a1caad6daaba987f?s=96&d=mm&r=g\",\"url\":\"https:\/\/secure.gravatar.com\/avatar\/de1c686c2ecc9c5a3f327e3431d819eb39f8f05d4e1045f5a1caad6daaba987f?s=96&d=mm&r=g\",\"contentUrl\":\"https:\/\/secure.gravatar.com\/avatar\/de1c686c2ecc9c5a3f327e3431d819eb39f8f05d4e1045f5a1caad6daaba987f?s=96&d=mm&r=g\",\"caption\":\"Equipe MH\"}}]}<\/script>\n<!-- \/ Yoast SEO plugin. -->","yoast_head_json":{"title":"STF: STF vai decidir constitucionalidade de multa por recusa a baf\u00f4metro | Portal de Not\u00edcias","robots":{"index":"index","follow":"follow","max-snippet":"max-snippet:-1","max-image-preview":"max-image-preview:large","max-video-preview":"max-video-preview:-1"},"canonical":"http:\/\/www.stf.jus.br\/portal\/cms\/verNoticiaDetalhe.asp?idConteudo=438175","og_locale":"pt_BR","og_type":"article","og_title":"STF: STF vai decidir constitucionalidade de multa por recusa a baf\u00f4metro | Portal de Not\u00edcias","og_description":"O Supremo Tribunal Federal (STF) ir\u00e1 decidir se \u00e9 constitucional a regra do C\u00f3digo de Tr\u00e2nsito Brasileiro (CTB) que classifica como infra\u00e7\u00e3o de tr\u00e2nsito a recusa do condutor de ve\u00edculo a se submeter ao teste do &ldquo;baf\u00f4metro&rdquo; (etil\u00f4metro) com o objetivo de certificar a influ\u00eancia de \u00e1lcool. O tema ser\u00e1 analisado no Recurso Extraordin\u00e1rio (RE) [&hellip;]","og_url":"http:\/\/www.stf.jus.br\/portal\/cms\/verNoticiaDetalhe.asp?idConteudo=438175","og_site_name":"Portal de Not\u00edcias","article_published_time":"2020-03-02T14:05:08+00:00","article_modified_time":"2021-07-28T17:30:14+00:00","og_image":[{"width":2000,"height":800,"url":"https:\/\/mhcalculos.com.br\/noticias\/wp-content\/uploads\/sites\/2\/2018\/08\/judiciario-0020.jpg","type":"image\/jpeg"}],"author":"Equipe MH","twitter_card":"summary_large_image","twitter_misc":{"Escrito por":"Equipe MH","Est. tempo de leitura":"3 minutos"},"schema":{"@context":"https:\/\/schema.org","@graph":[{"@type":"Article","@id":"http:\/\/www.stf.jus.br\/portal\/cms\/verNoticiaDetalhe.asp?idConteudo=438175#article","isPartOf":{"@id":"https:\/\/mhcalculos.com.br\/noticias\/tribunais\/stf\/stf-stf-vai-decidir-constitucionalidade-de-multa-por-recusa-a-bafometro.html"},"author":{"name":"Equipe MH","@id":"https:\/\/mhcalculos.com.br\/noticias\/#\/schema\/person\/88d1c34bf72dc779ea14a5a6b8e0ae8d"},"headline":"STF: STF vai decidir constitucionalidade de multa por recusa a baf\u00f4metro","datePublished":"2020-03-02T14:05:08+00:00","dateModified":"2021-07-28T17:30:14+00:00","mainEntityOfPage":{"@id":"https:\/\/mhcalculos.com.br\/noticias\/tribunais\/stf\/stf-stf-vai-decidir-constitucionalidade-de-multa-por-recusa-a-bafometro.html"},"wordCount":687,"commentCount":0,"image":{"@id":"http:\/\/www.stf.jus.br\/portal\/cms\/verNoticiaDetalhe.asp?idConteudo=438175#primaryimage"},"thumbnailUrl":"https:\/\/mhcalculos.com.br\/noticias\/wp-content\/uploads\/sites\/2\/2018\/08\/judiciario-0020.jpg","keywords":["c\u00e1lculos judiciais","c\u00e1lculos tribut\u00e1rios","direito tribut\u00e1rio","d\u00edvida ativa","fazenda p\u00fablica","Imposto","per\u00edcia","perito","stf"],"articleSection":["Direito Tribut\u00e1rio","STF"],"inLanguage":"pt-BR","potentialAction":[{"@type":"CommentAction","name":"Comment","target":["http:\/\/www.stf.jus.br\/portal\/cms\/verNoticiaDetalhe.asp?idConteudo=438175#respond"]}]},{"@type":"WebPage","@id":"https:\/\/mhcalculos.com.br\/noticias\/tribunais\/stf\/stf-stf-vai-decidir-constitucionalidade-de-multa-por-recusa-a-bafometro.html","url":"http:\/\/www.stf.jus.br\/portal\/cms\/verNoticiaDetalhe.asp?idConteudo=438175","name":"STF: STF vai decidir constitucionalidade de multa por recusa a baf\u00f4metro | Portal de Not\u00edcias","isPartOf":{"@id":"https:\/\/mhcalculos.com.br\/noticias\/#website"},"primaryImageOfPage":{"@id":"http:\/\/www.stf.jus.br\/portal\/cms\/verNoticiaDetalhe.asp?idConteudo=438175#primaryimage"},"image":{"@id":"http:\/\/www.stf.jus.br\/portal\/cms\/verNoticiaDetalhe.asp?idConteudo=438175#primaryimage"},"thumbnailUrl":"https:\/\/mhcalculos.com.br\/noticias\/wp-content\/uploads\/sites\/2\/2018\/08\/judiciario-0020.jpg","datePublished":"2020-03-02T14:05:08+00:00","dateModified":"2021-07-28T17:30:14+00:00","author":{"@id":"https:\/\/mhcalculos.com.br\/noticias\/#\/schema\/person\/88d1c34bf72dc779ea14a5a6b8e0ae8d"},"breadcrumb":{"@id":"http:\/\/www.stf.jus.br\/portal\/cms\/verNoticiaDetalhe.asp?idConteudo=438175#breadcrumb"},"inLanguage":"pt-BR","potentialAction":[{"@type":"ReadAction","target":["http:\/\/www.stf.jus.br\/portal\/cms\/verNoticiaDetalhe.asp?idConteudo=438175"]}]},{"@type":"ImageObject","inLanguage":"pt-BR","@id":"http:\/\/www.stf.jus.br\/portal\/cms\/verNoticiaDetalhe.asp?idConteudo=438175#primaryimage","url":"https:\/\/mhcalculos.com.br\/noticias\/wp-content\/uploads\/sites\/2\/2018\/08\/judiciario-0020.jpg","contentUrl":"https:\/\/mhcalculos.com.br\/noticias\/wp-content\/uploads\/sites\/2\/2018\/08\/judiciario-0020.jpg","width":2000,"height":800},{"@type":"BreadcrumbList","@id":"http:\/\/www.stf.jus.br\/portal\/cms\/verNoticiaDetalhe.asp?idConteudo=438175#breadcrumb","itemListElement":[{"@type":"ListItem","position":1,"name":"In\u00edcio","item":"https:\/\/mhcalculos.com.br\/noticias\/"},{"@type":"ListItem","position":2,"name":"STF: STF vai decidir constitucionalidade de multa por recusa a baf\u00f4metro"}]},{"@type":"WebSite","@id":"https:\/\/mhcalculos.com.br\/noticias\/#website","url":"https:\/\/mhcalculos.com.br\/noticias\/","name":"Portal de Not\u00edcias","description":"Not\u00edcias e Jurisprud\u00eancia","potentialAction":[{"@type":"SearchAction","target":{"@type":"EntryPoint","urlTemplate":"https:\/\/mhcalculos.com.br\/noticias\/?s={search_term_string}"},"query-input":{"@type":"PropertyValueSpecification","valueRequired":true,"valueName":"search_term_string"}}],"inLanguage":"pt-BR"},{"@type":"Person","@id":"https:\/\/mhcalculos.com.br\/noticias\/#\/schema\/person\/88d1c34bf72dc779ea14a5a6b8e0ae8d","name":"Equipe MH","image":{"@type":"ImageObject","inLanguage":"pt-BR","@id":"https:\/\/secure.gravatar.com\/avatar\/de1c686c2ecc9c5a3f327e3431d819eb39f8f05d4e1045f5a1caad6daaba987f?s=96&d=mm&r=g","url":"https:\/\/secure.gravatar.com\/avatar\/de1c686c2ecc9c5a3f327e3431d819eb39f8f05d4e1045f5a1caad6daaba987f?s=96&d=mm&r=g","contentUrl":"https:\/\/secure.gravatar.com\/avatar\/de1c686c2ecc9c5a3f327e3431d819eb39f8f05d4e1045f5a1caad6daaba987f?s=96&d=mm&r=g","caption":"Equipe MH"}}]}},"_links":{"self":[{"href":"https:\/\/mhcalculos.com.br\/noticias\/wp-json\/wp\/v2\/posts\/6951","targetHints":{"allow":["GET"]}}],"collection":[{"href":"https:\/\/mhcalculos.com.br\/noticias\/wp-json\/wp\/v2\/posts"}],"about":[{"href":"https:\/\/mhcalculos.com.br\/noticias\/wp-json\/wp\/v2\/types\/post"}],"author":[{"embeddable":true,"href":"https:\/\/mhcalculos.com.br\/noticias\/wp-json\/wp\/v2\/users\/3063"}],"replies":[{"embeddable":true,"href":"https:\/\/mhcalculos.com.br\/noticias\/wp-json\/wp\/v2\/comments?post=6951"}],"version-history":[{"count":1,"href":"https:\/\/mhcalculos.com.br\/noticias\/wp-json\/wp\/v2\/posts\/6951\/revisions"}],"predecessor-version":[{"id":9349,"href":"https:\/\/mhcalculos.com.br\/noticias\/wp-json\/wp\/v2\/posts\/6951\/revisions\/9349"}],"wp:featuredmedia":[{"embeddable":true,"href":"https:\/\/mhcalculos.com.br\/noticias\/wp-json\/wp\/v2\/media\/2740"}],"wp:attachment":[{"href":"https:\/\/mhcalculos.com.br\/noticias\/wp-json\/wp\/v2\/media?parent=6951"}],"wp:term":[{"taxonomy":"category","embeddable":true,"href":"https:\/\/mhcalculos.com.br\/noticias\/wp-json\/wp\/v2\/categories?post=6951"},{"taxonomy":"post_tag","embeddable":true,"href":"https:\/\/mhcalculos.com.br\/noticias\/wp-json\/wp\/v2\/tags?post=6951"}],"curies":[{"name":"wp","href":"https:\/\/api.w.org\/{rel}","templated":true}]}}