{"id":6943,"date":"2020-02-28T19:05:05","date_gmt":"2020-02-28T22:05:05","guid":{"rendered":"https:\/\/mhcalculos.com.br\/noticias\/area\/previdenciario\/trf3-dirigentes-do-tribunal-para-o-bienio-2020-2022-tomam-posse-no-dia-2-de-marco\/"},"modified":"2021-07-28T14:30:14","modified_gmt":"2021-07-28T17:30:14","slug":"trf3-dirigentes-do-tribunal-para-o-bienio-2020-2022-tomam-posse-no-dia-2-de-marco","status":"publish","type":"post","link":"https:\/\/mhcalculos.com.br\/noticias\/area\/previdenciario\/trf3-dirigentes-do-tribunal-para-o-bienio-2020-2022-tomam-posse-no-dia-2-de-marco.html","title":{"rendered":"TRF3: DIRIGENTES DO TRIBUNAL&nbsp;PARA O BI\u00caNIO 2020-2022 TOMAM POSSE NO DIA 2 DE MAR\u00c7O"},"content":{"rendered":"\n<div class=\"mat\">\n<p><em>Solenidade ser\u00e1 realizada a partir das 18 horas, na Sala S\u00e3o Paulo, na capital paulista<\/em><\/p>\n<p>O Desembargador Federal Mairan Maia tomar\u00e1 posse como Presidente do Tribunal Regional Federal da 3.\u00aa Regi\u00e3o no dia 2 de mar\u00e7o, em Sess\u00e3o Solene, a ser realizada a partir das 18h. As Desembargadoras Federais Consuelo Yoshida e Marisa Santos ir\u00e3o assumir, respectivamente, a Vice-Presid\u00eancia do \u00f3rg\u00e3o e a Corregedoria Regional da Justi\u00e7a Federal da 3.\u00aa Regi\u00e3o, que abrange os estados de S\u00e3o Paulo e de Mato Grosso do Sul.<\/p>\n<p>A solenidade ser\u00e1 na Sala S\u00e3o Paulo, na Rua Mau\u00e1, 51, Campos El\u00edseos, na capital paulista. Inicialmente, a sess\u00e3o ser\u00e1 conduzida pela atual Presidente do TRF3, Desembargadora Federal Therezinha Cazerta, que ent\u00e3o transmitir\u00e1 o cargo para o sucessor. Os novos dirigentes foram eleitos pelo Pleno do Tribunal, em 4 de dezembro de 2019, para exercer os cargos por dois anos.<\/p>\n<p><strong>Novo Presidente<\/strong><\/p>\n<p>O Desembargador Federal Mairan Gon\u00e7alves Maia J\u00fanior ingressou no TRF3 h\u00e1 21 anos, tendo sido Conselheiro do Conselho Nacional de Justi\u00e7a (2007-2009); Diretor da Escola de Magistrados do Tribunal (2012-2014); Presidente da 6.\u00aa Turma da 2.\u00aa Se\u00e7\u00e3o (2014-2015); e Vice-Presidente da Corte (2016-2018).<\/p>\n<p>Integrante do \u00d3rg\u00e3o Especial do TRF3, o novo Presidente foi Membro da Banca Examinadora do XII Concurso P\u00fablico para provimento de cargos de Juiz Federal Substituto da 3.\u00aa Regi\u00e3o e Presidente das Bancas Examinadoras do XV e do XVI Concurso P\u00fablico.<\/p>\n<p>O Magistrado \u00e9 Professor Livre-Docente em Direito Civil da Pontif\u00edcia Universidade Cat\u00f3lica de S\u00e3o Paulo (PUC-SP), institui\u00e7\u00e3o pela qual obteve tamb\u00e9m os t\u00edtulos de Doutor em Direito, na \u00e1rea de Direito Civil (2008), e Mestre em Direito, na \u00e1rea de Direito das Rela\u00e7\u00f5es Sociais (1991). Em 2018, tornou-se P\u00f3s-Doutor pelo Instituto Max-Planck, de Hamburgo, Alemanha.<\/p>\n<p>Mais recentemente, o Desembargador Federal Mairan Maia foi Professor visitante do Instituto de Direito Europeu e Comparado da Faculdade de Direito de Oxford, Reino Unido, em julho de 2019. No ano anterior, realizou Est\u00e1gio P\u00f3s-Doutoral pelo Instituto Max-Planck de Direito Internacional Privado e Comparado, em Hamburgo, Alemanha.<\/p>\n<p>Natural de Fortaleza (CE), o Presidente do TRF3 \u00e9 graduado em Direito pela Universidade Federal do Cear\u00e1 (1987) e em Administra\u00e7\u00e3o de Empresas, com habilita\u00e7\u00e3o em Administra\u00e7\u00e3o P\u00fablica, pela Universidade Estadual do Cear\u00e1 (1987). Na magistratura h\u00e1 27 anos, foi Juiz Federal da 1.\u00aa Vara Federal em Bauru e da 17.\u00aa Vara Federal de S\u00e3o Paulo. No bi\u00eanio 1998-1999, exerceu a fun\u00e7\u00e3o de Vice-Diretor do Foro da Se\u00e7\u00e3o Judici\u00e1ria de S\u00e3o Paulo.<\/p>\n<p>O Magistrado atua principalmente nos seguintes temas: direito civil, direito processual civil, direito constitucional, direito administrativo e direito tribut\u00e1rio. Tem diversos artigos e obras publicadas. Em 2019, lan\u00e7ou, pela Revista dos Tribunais, o livro \u201cSucess\u00e3o Leg\u00edtima \u2013 As Regras da Sucess\u00e3o Leg\u00edtima\u201d, sua tese de Livre-Doc\u00eancia, que analisa as mudan\u00e7as experimentadas pelas fam\u00edlias brasileiras e suas repercuss\u00f5es na \u00e1rea sucess\u00f3ria.<\/p>\n<p><strong>Presid\u00eancia<\/strong><\/p>\n<p>A Presid\u00eancia do TRF3 tem fun\u00e7\u00f5es administrativas e jurisdicionais, definidas pelo Regimento Interno da Corte. Cabe \u00e0 Presid\u00eancia, por exemplo, a gest\u00e3o administrativa e a sua representa\u00e7\u00e3o perante outros \u00f3rg\u00e3os, Poderes e autoridades.<\/p>\n<p>Algumas compet\u00eancias s\u00e3o: dirigir os trabalhos do Tribunal; presidir as sess\u00f5es plen\u00e1rias e convocar sess\u00f5es extraordin\u00e1rias do Plen\u00e1rio; proferir voto de qualidade no Plen\u00e1rio; criar comiss\u00f5es permanentes ou tempor\u00e1rias, designando seus membros; assinar cartas rogat\u00f3rias; e decidir os pedidos de suspens\u00e3o da execu\u00e7\u00e3o de medida liminar ou de senten\u00e7a, em mandado de seguran\u00e7a.<\/p>\n<p>Durante o recesso, compete ao Presidente decidir pedidos de liminar em mandado de seguran\u00e7a, podendo determinar liberdade provis\u00f3ria ou susta\u00e7\u00e3o de ordem de pris\u00e3o, al\u00e9m de medidas urgentes de car\u00e1ter jurisdicional ou administrativo, sujeitas estas ao referendo do \u00f3rg\u00e3o competente.<\/p>\n<p>O Presidente do TRF3 integra, juntamente com os presidentes dos outros quatro TRFs e ministros do Superior Tribunal de Justi\u00e7a (STJ), o Conselho da Justi\u00e7a Federal (CJF), \u00f3rg\u00e3o respons\u00e1vel pela supervis\u00e3o administrativa e or\u00e7ament\u00e1ria da Justi\u00e7a Federal.<\/p>\n<p><strong>Corpo Diretivo<\/strong><\/p>\n<p>Vice-Presidente do TRF3 nos pr\u00f3ximos dois anos, a Desembargadora Federal Consuelo Yatsuda Moromizato Yoshida \u00e9 professora de Direito Ambiental da Pontif\u00edcia Universidade Cat\u00f3lica de S\u00e3o Paulo (PUC-SP). Natural de Igarapava, Consuelo Yoshida \u00e9 bacharel em Direito pela PUC-SP (1976), institui\u00e7\u00e3o pela qual tamb\u00e9m obteve os t\u00edtulos de Mestre em Direito das Rela\u00e7\u00f5es Sociais (1992) e Doutora em Direitos Difusos e Coletivos (2001). Ingressou no Tribunal, em 2002, oriunda do Minist\u00e9rio P\u00fablico Federal. A Magistrada integra o \u00d3rg\u00e3o Especial e atua na 6.\u00aa Turma da 2.\u00aa Se\u00e7\u00e3o do Tribunal.<\/p>\n<p>A nova Corregedora-Regional da Justi\u00e7a Federal da 3.\u00aa Regi\u00e3o, Desembargadora Federal Marisa Ferreira dos Santos, \u00e9 natural de S\u00e3o Paulo; bacharel em Direito pela Universidade de S\u00e3o Paulo (1978); e Mestre em Direito Previdenci\u00e1rio pela PUC-SP (2001). Magistrada desde 1988, ingressou no TRF3 em 2002, onde atua na 9.\u00aa Turma da 3.\u00aa Se\u00e7\u00e3o. Marisa Santos \u00e9 autora de seis livros, entre os quais \u201cDireito Previdenci\u00e1rio Esquematizado\u201d.<\/p>\n<p><strong>Servi\u00e7o<\/strong>: Sess\u00e3o Solene de Posse dos Novos Dirigentes do TRF3<br \/>\n<strong>Data<\/strong>: 2 de mar\u00e7o de 2020<br \/>\n<strong>Hor\u00e1rio<\/strong>: 18 horas<br \/>\n<strong>Local<\/strong>: Sala S\u00e3o Paulo, Rua Mau\u00e1, 51, Campos El\u00edseos, S\u00e3o Paulo\/SP<br \/>\n<strong>Imprensa<\/strong>: Credenciamento de jornalistas para cobertura da solenidade ser\u00e1 realizado no local do evento, a partir das 16h30<\/p>\n<p>\n\u00a0<\/p>\n<\/div>\n<p><i>Com informa\u00e7\u00f5es da assessoria de imprensa do TRF3.<\/i><br \/>\n<br \/><a href=\"http:\/\/web.trf3.jus.br\/noticias\/Noticias\/Noticia\/Exibir\/392305\">Fonte<\/a><br \/>\n<br \/><\/p>\n","protected":false},"excerpt":{"rendered":"<p>Solenidade ser\u00e1 realizada a partir das 18 horas, na Sala S\u00e3o Paulo, na capital paulista O Desembargador Federal Mairan Maia tomar\u00e1 posse como Presidente do Tribunal Regional Federal da 3.\u00aa Regi\u00e3o no dia 2 de mar\u00e7o, em Sess\u00e3o Solene, a ser realizada a partir das 18h. As Desembargadoras Federais Consuelo Yoshida e Marisa Santos ir\u00e3o [&hellip;]<\/p>\n","protected":false},"author":3063,"featured_media":1587,"comment_status":"open","ping_status":"open","sticky":false,"template":"","format":"standard","meta":{"footnotes":""},"categories":[5,110],"tags":[32,31,42,30,29,213,9,152,218,214],"class_list":{"0":"post-6943","1":"post","2":"type-post","3":"status-publish","4":"format-standard","5":"has-post-thumbnail","7":"category-previdenciario","8":"category-trf3","9":"tag-calculos-judiciais","10":"tag-calculos-tributarios","11":"tag-direito-tributario","12":"tag-divida-ativa","13":"tag-fazenda-publica","14":"tag-imposto","15":"tag-pericia","16":"tag-trf3","17":"tag-tribunal-regional-federal","18":"tag-tributo"},"yoast_head":"<!-- This site is optimized with the Yoast SEO plugin v27.2 - https:\/\/yoast.com\/product\/yoast-seo-wordpress\/ -->\n<title>TRF3: DIRIGENTES DO TRIBUNAL&nbsp;PARA O BI\u00caNIO 2020-2022 TOMAM POSSE NO DIA 2 DE MAR\u00c7O | Portal de Not\u00edcias<\/title>\n<meta name=\"robots\" content=\"index, follow, max-snippet:-1, max-image-preview:large, max-video-preview:-1\" \/>\n<link rel=\"canonical\" href=\"https:\/\/mhcalculos.com.br\/noticias\/area\/previdenciario\/trf3-dirigentes-do-tribunal-para-o-bienio-2020-2022-tomam-posse-no-dia-2-de-marco.html\" \/>\n<meta property=\"og:locale\" content=\"pt_BR\" \/>\n<meta property=\"og:type\" content=\"article\" \/>\n<meta property=\"og:title\" content=\"TRF3: DIRIGENTES DO TRIBUNAL&nbsp;PARA O BI\u00caNIO 2020-2022 TOMAM POSSE NO DIA 2 DE MAR\u00c7O | Portal de Not\u00edcias\" \/>\n<meta property=\"og:description\" content=\"Solenidade ser\u00e1 realizada a partir das 18 horas, na Sala S\u00e3o Paulo, na capital paulista O Desembargador Federal Mairan Maia tomar\u00e1 posse como Presidente do Tribunal Regional Federal da 3.\u00aa Regi\u00e3o no dia 2 de mar\u00e7o, em Sess\u00e3o Solene, a ser realizada a partir das 18h. As Desembargadoras Federais Consuelo Yoshida e Marisa Santos ir\u00e3o [&hellip;]\" \/>\n<meta property=\"og:url\" content=\"https:\/\/mhcalculos.com.br\/noticias\/area\/previdenciario\/trf3-dirigentes-do-tribunal-para-o-bienio-2020-2022-tomam-posse-no-dia-2-de-marco.html\" \/>\n<meta property=\"og:site_name\" content=\"Portal de Not\u00edcias\" \/>\n<meta property=\"article:published_time\" content=\"2020-02-28T22:05:05+00:00\" \/>\n<meta property=\"article:modified_time\" content=\"2021-07-28T17:30:14+00:00\" \/>\n<meta property=\"og:image\" content=\"https:\/\/mhcalculos.com.br\/noticias\/wp-content\/uploads\/sites\/2\/2018\/06\/judiciario-0005.jpg\" \/>\n\t<meta property=\"og:image:width\" content=\"2000\" \/>\n\t<meta property=\"og:image:height\" content=\"800\" \/>\n\t<meta property=\"og:image:type\" content=\"image\/jpeg\" \/>\n<meta name=\"author\" content=\"Equipe MH\" \/>\n<meta name=\"twitter:card\" content=\"summary_large_image\" \/>\n<meta name=\"twitter:label1\" content=\"Escrito por\" \/>\n\t<meta name=\"twitter:data1\" content=\"Equipe MH\" \/>\n\t<meta name=\"twitter:label2\" content=\"Est. tempo de leitura\" \/>\n\t<meta name=\"twitter:data2\" content=\"5 minutos\" \/>\n<script type=\"application\/ld+json\" class=\"yoast-schema-graph\">{\"@context\":\"https:\/\/schema.org\",\"@graph\":[{\"@type\":\"Article\",\"@id\":\"https:\/\/mhcalculos.com.br\/noticias\/area\/previdenciario\/trf3-dirigentes-do-tribunal-para-o-bienio-2020-2022-tomam-posse-no-dia-2-de-marco.html#article\",\"isPartOf\":{\"@id\":\"https:\/\/mhcalculos.com.br\/noticias\/area\/previdenciario\/trf3-dirigentes-do-tribunal-para-o-bienio-2020-2022-tomam-posse-no-dia-2-de-marco.html\"},\"author\":{\"name\":\"Equipe MH\",\"@id\":\"https:\/\/mhcalculos.com.br\/noticias\/#\/schema\/person\/88d1c34bf72dc779ea14a5a6b8e0ae8d\"},\"headline\":\"TRF3: DIRIGENTES DO TRIBUNAL&nbsp;PARA O BI\u00caNIO 2020-2022 TOMAM POSSE NO DIA 2 DE MAR\u00c7O\",\"datePublished\":\"2020-02-28T22:05:05+00:00\",\"dateModified\":\"2021-07-28T17:30:14+00:00\",\"mainEntityOfPage\":{\"@id\":\"https:\/\/mhcalculos.com.br\/noticias\/area\/previdenciario\/trf3-dirigentes-do-tribunal-para-o-bienio-2020-2022-tomam-posse-no-dia-2-de-marco.html\"},\"wordCount\":932,\"commentCount\":0,\"image\":{\"@id\":\"https:\/\/mhcalculos.com.br\/noticias\/area\/previdenciario\/trf3-dirigentes-do-tribunal-para-o-bienio-2020-2022-tomam-posse-no-dia-2-de-marco.html#primaryimage\"},\"thumbnailUrl\":\"https:\/\/mhcalculos.com.br\/noticias\/wp-content\/uploads\/sites\/2\/2018\/06\/judiciario-0005.jpg\",\"keywords\":[\"c\u00e1lculos judiciais\",\"c\u00e1lculos tribut\u00e1rios\",\"direito tribut\u00e1rio\",\"d\u00edvida ativa\",\"fazenda p\u00fablica\",\"Imposto\",\"per\u00edcia\",\"trf3\",\"Tribunal Regional Federal\",\"tributo\"],\"articleSection\":[\"Direito Previdenci\u00e1rio\",\"TRF3\"],\"inLanguage\":\"pt-BR\",\"potentialAction\":[{\"@type\":\"CommentAction\",\"name\":\"Comment\",\"target\":[\"https:\/\/mhcalculos.com.br\/noticias\/area\/previdenciario\/trf3-dirigentes-do-tribunal-para-o-bienio-2020-2022-tomam-posse-no-dia-2-de-marco.html#respond\"]}]},{\"@type\":\"WebPage\",\"@id\":\"https:\/\/mhcalculos.com.br\/noticias\/area\/previdenciario\/trf3-dirigentes-do-tribunal-para-o-bienio-2020-2022-tomam-posse-no-dia-2-de-marco.html\",\"url\":\"https:\/\/mhcalculos.com.br\/noticias\/area\/previdenciario\/trf3-dirigentes-do-tribunal-para-o-bienio-2020-2022-tomam-posse-no-dia-2-de-marco.html\",\"name\":\"TRF3: DIRIGENTES DO TRIBUNAL&nbsp;PARA O BI\u00caNIO 2020-2022 TOMAM POSSE NO DIA 2 DE MAR\u00c7O | Portal de Not\u00edcias\",\"isPartOf\":{\"@id\":\"https:\/\/mhcalculos.com.br\/noticias\/#website\"},\"primaryImageOfPage\":{\"@id\":\"https:\/\/mhcalculos.com.br\/noticias\/area\/previdenciario\/trf3-dirigentes-do-tribunal-para-o-bienio-2020-2022-tomam-posse-no-dia-2-de-marco.html#primaryimage\"},\"image\":{\"@id\":\"https:\/\/mhcalculos.com.br\/noticias\/area\/previdenciario\/trf3-dirigentes-do-tribunal-para-o-bienio-2020-2022-tomam-posse-no-dia-2-de-marco.html#primaryimage\"},\"thumbnailUrl\":\"https:\/\/mhcalculos.com.br\/noticias\/wp-content\/uploads\/sites\/2\/2018\/06\/judiciario-0005.jpg\",\"datePublished\":\"2020-02-28T22:05:05+00:00\",\"dateModified\":\"2021-07-28T17:30:14+00:00\",\"author\":{\"@id\":\"https:\/\/mhcalculos.com.br\/noticias\/#\/schema\/person\/88d1c34bf72dc779ea14a5a6b8e0ae8d\"},\"breadcrumb\":{\"@id\":\"https:\/\/mhcalculos.com.br\/noticias\/area\/previdenciario\/trf3-dirigentes-do-tribunal-para-o-bienio-2020-2022-tomam-posse-no-dia-2-de-marco.html#breadcrumb\"},\"inLanguage\":\"pt-BR\",\"potentialAction\":[{\"@type\":\"ReadAction\",\"target\":[\"https:\/\/mhcalculos.com.br\/noticias\/area\/previdenciario\/trf3-dirigentes-do-tribunal-para-o-bienio-2020-2022-tomam-posse-no-dia-2-de-marco.html\"]}]},{\"@type\":\"ImageObject\",\"inLanguage\":\"pt-BR\",\"@id\":\"https:\/\/mhcalculos.com.br\/noticias\/area\/previdenciario\/trf3-dirigentes-do-tribunal-para-o-bienio-2020-2022-tomam-posse-no-dia-2-de-marco.html#primaryimage\",\"url\":\"https:\/\/mhcalculos.com.br\/noticias\/wp-content\/uploads\/sites\/2\/2018\/06\/judiciario-0005.jpg\",\"contentUrl\":\"https:\/\/mhcalculos.com.br\/noticias\/wp-content\/uploads\/sites\/2\/2018\/06\/judiciario-0005.jpg\",\"width\":2000,\"height\":800,\"caption\":\"Legisla\u00e7\u00e3o sobre funcionamento interno de ag\u00eancias banc\u00e1rias est\u00e1 na Pesquisa Pronta\"},{\"@type\":\"BreadcrumbList\",\"@id\":\"https:\/\/mhcalculos.com.br\/noticias\/area\/previdenciario\/trf3-dirigentes-do-tribunal-para-o-bienio-2020-2022-tomam-posse-no-dia-2-de-marco.html#breadcrumb\",\"itemListElement\":[{\"@type\":\"ListItem\",\"position\":1,\"name\":\"In\u00edcio\",\"item\":\"https:\/\/mhcalculos.com.br\/noticias\/\"},{\"@type\":\"ListItem\",\"position\":2,\"name\":\"TRF3: DIRIGENTES DO TRIBUNAL&nbsp;PARA O BI\u00caNIO 2020-2022 TOMAM POSSE NO DIA 2 DE MAR\u00c7O\"}]},{\"@type\":\"WebSite\",\"@id\":\"https:\/\/mhcalculos.com.br\/noticias\/#website\",\"url\":\"https:\/\/mhcalculos.com.br\/noticias\/\",\"name\":\"Portal de Not\u00edcias\",\"description\":\"Not\u00edcias e Jurisprud\u00eancia\",\"potentialAction\":[{\"@type\":\"SearchAction\",\"target\":{\"@type\":\"EntryPoint\",\"urlTemplate\":\"https:\/\/mhcalculos.com.br\/noticias\/?s={search_term_string}\"},\"query-input\":{\"@type\":\"PropertyValueSpecification\",\"valueRequired\":true,\"valueName\":\"search_term_string\"}}],\"inLanguage\":\"pt-BR\"},{\"@type\":\"Person\",\"@id\":\"https:\/\/mhcalculos.com.br\/noticias\/#\/schema\/person\/88d1c34bf72dc779ea14a5a6b8e0ae8d\",\"name\":\"Equipe MH\",\"image\":{\"@type\":\"ImageObject\",\"inLanguage\":\"pt-BR\",\"@id\":\"https:\/\/secure.gravatar.com\/avatar\/de1c686c2ecc9c5a3f327e3431d819eb39f8f05d4e1045f5a1caad6daaba987f?s=96&d=mm&r=g\",\"url\":\"https:\/\/secure.gravatar.com\/avatar\/de1c686c2ecc9c5a3f327e3431d819eb39f8f05d4e1045f5a1caad6daaba987f?s=96&d=mm&r=g\",\"contentUrl\":\"https:\/\/secure.gravatar.com\/avatar\/de1c686c2ecc9c5a3f327e3431d819eb39f8f05d4e1045f5a1caad6daaba987f?s=96&d=mm&r=g\",\"caption\":\"Equipe MH\"}}]}<\/script>\n<!-- \/ Yoast SEO plugin. -->","yoast_head_json":{"title":"TRF3: DIRIGENTES DO TRIBUNAL&nbsp;PARA O BI\u00caNIO 2020-2022 TOMAM POSSE NO DIA 2 DE MAR\u00c7O | Portal de Not\u00edcias","robots":{"index":"index","follow":"follow","max-snippet":"max-snippet:-1","max-image-preview":"max-image-preview:large","max-video-preview":"max-video-preview:-1"},"canonical":"https:\/\/mhcalculos.com.br\/noticias\/area\/previdenciario\/trf3-dirigentes-do-tribunal-para-o-bienio-2020-2022-tomam-posse-no-dia-2-de-marco.html","og_locale":"pt_BR","og_type":"article","og_title":"TRF3: DIRIGENTES DO TRIBUNAL&nbsp;PARA O BI\u00caNIO 2020-2022 TOMAM POSSE NO DIA 2 DE MAR\u00c7O | Portal de Not\u00edcias","og_description":"Solenidade ser\u00e1 realizada a partir das 18 horas, na Sala S\u00e3o Paulo, na capital paulista O Desembargador Federal Mairan Maia tomar\u00e1 posse como Presidente do Tribunal Regional Federal da 3.\u00aa Regi\u00e3o no dia 2 de mar\u00e7o, em Sess\u00e3o Solene, a ser realizada a partir das 18h. As Desembargadoras Federais Consuelo Yoshida e Marisa Santos ir\u00e3o [&hellip;]","og_url":"https:\/\/mhcalculos.com.br\/noticias\/area\/previdenciario\/trf3-dirigentes-do-tribunal-para-o-bienio-2020-2022-tomam-posse-no-dia-2-de-marco.html","og_site_name":"Portal de Not\u00edcias","article_published_time":"2020-02-28T22:05:05+00:00","article_modified_time":"2021-07-28T17:30:14+00:00","og_image":[{"width":2000,"height":800,"url":"https:\/\/mhcalculos.com.br\/noticias\/wp-content\/uploads\/sites\/2\/2018\/06\/judiciario-0005.jpg","type":"image\/jpeg"}],"author":"Equipe MH","twitter_card":"summary_large_image","twitter_misc":{"Escrito por":"Equipe MH","Est. tempo de leitura":"5 minutos"},"schema":{"@context":"https:\/\/schema.org","@graph":[{"@type":"Article","@id":"https:\/\/mhcalculos.com.br\/noticias\/area\/previdenciario\/trf3-dirigentes-do-tribunal-para-o-bienio-2020-2022-tomam-posse-no-dia-2-de-marco.html#article","isPartOf":{"@id":"https:\/\/mhcalculos.com.br\/noticias\/area\/previdenciario\/trf3-dirigentes-do-tribunal-para-o-bienio-2020-2022-tomam-posse-no-dia-2-de-marco.html"},"author":{"name":"Equipe MH","@id":"https:\/\/mhcalculos.com.br\/noticias\/#\/schema\/person\/88d1c34bf72dc779ea14a5a6b8e0ae8d"},"headline":"TRF3: DIRIGENTES DO TRIBUNAL&nbsp;PARA O BI\u00caNIO 2020-2022 TOMAM POSSE NO DIA 2 DE MAR\u00c7O","datePublished":"2020-02-28T22:05:05+00:00","dateModified":"2021-07-28T17:30:14+00:00","mainEntityOfPage":{"@id":"https:\/\/mhcalculos.com.br\/noticias\/area\/previdenciario\/trf3-dirigentes-do-tribunal-para-o-bienio-2020-2022-tomam-posse-no-dia-2-de-marco.html"},"wordCount":932,"commentCount":0,"image":{"@id":"https:\/\/mhcalculos.com.br\/noticias\/area\/previdenciario\/trf3-dirigentes-do-tribunal-para-o-bienio-2020-2022-tomam-posse-no-dia-2-de-marco.html#primaryimage"},"thumbnailUrl":"https:\/\/mhcalculos.com.br\/noticias\/wp-content\/uploads\/sites\/2\/2018\/06\/judiciario-0005.jpg","keywords":["c\u00e1lculos judiciais","c\u00e1lculos tribut\u00e1rios","direito tribut\u00e1rio","d\u00edvida ativa","fazenda p\u00fablica","Imposto","per\u00edcia","trf3","Tribunal Regional Federal","tributo"],"articleSection":["Direito Previdenci\u00e1rio","TRF3"],"inLanguage":"pt-BR","potentialAction":[{"@type":"CommentAction","name":"Comment","target":["https:\/\/mhcalculos.com.br\/noticias\/area\/previdenciario\/trf3-dirigentes-do-tribunal-para-o-bienio-2020-2022-tomam-posse-no-dia-2-de-marco.html#respond"]}]},{"@type":"WebPage","@id":"https:\/\/mhcalculos.com.br\/noticias\/area\/previdenciario\/trf3-dirigentes-do-tribunal-para-o-bienio-2020-2022-tomam-posse-no-dia-2-de-marco.html","url":"https:\/\/mhcalculos.com.br\/noticias\/area\/previdenciario\/trf3-dirigentes-do-tribunal-para-o-bienio-2020-2022-tomam-posse-no-dia-2-de-marco.html","name":"TRF3: DIRIGENTES DO TRIBUNAL&nbsp;PARA O BI\u00caNIO 2020-2022 TOMAM POSSE NO DIA 2 DE MAR\u00c7O | Portal de Not\u00edcias","isPartOf":{"@id":"https:\/\/mhcalculos.com.br\/noticias\/#website"},"primaryImageOfPage":{"@id":"https:\/\/mhcalculos.com.br\/noticias\/area\/previdenciario\/trf3-dirigentes-do-tribunal-para-o-bienio-2020-2022-tomam-posse-no-dia-2-de-marco.html#primaryimage"},"image":{"@id":"https:\/\/mhcalculos.com.br\/noticias\/area\/previdenciario\/trf3-dirigentes-do-tribunal-para-o-bienio-2020-2022-tomam-posse-no-dia-2-de-marco.html#primaryimage"},"thumbnailUrl":"https:\/\/mhcalculos.com.br\/noticias\/wp-content\/uploads\/sites\/2\/2018\/06\/judiciario-0005.jpg","datePublished":"2020-02-28T22:05:05+00:00","dateModified":"2021-07-28T17:30:14+00:00","author":{"@id":"https:\/\/mhcalculos.com.br\/noticias\/#\/schema\/person\/88d1c34bf72dc779ea14a5a6b8e0ae8d"},"breadcrumb":{"@id":"https:\/\/mhcalculos.com.br\/noticias\/area\/previdenciario\/trf3-dirigentes-do-tribunal-para-o-bienio-2020-2022-tomam-posse-no-dia-2-de-marco.html#breadcrumb"},"inLanguage":"pt-BR","potentialAction":[{"@type":"ReadAction","target":["https:\/\/mhcalculos.com.br\/noticias\/area\/previdenciario\/trf3-dirigentes-do-tribunal-para-o-bienio-2020-2022-tomam-posse-no-dia-2-de-marco.html"]}]},{"@type":"ImageObject","inLanguage":"pt-BR","@id":"https:\/\/mhcalculos.com.br\/noticias\/area\/previdenciario\/trf3-dirigentes-do-tribunal-para-o-bienio-2020-2022-tomam-posse-no-dia-2-de-marco.html#primaryimage","url":"https:\/\/mhcalculos.com.br\/noticias\/wp-content\/uploads\/sites\/2\/2018\/06\/judiciario-0005.jpg","contentUrl":"https:\/\/mhcalculos.com.br\/noticias\/wp-content\/uploads\/sites\/2\/2018\/06\/judiciario-0005.jpg","width":2000,"height":800,"caption":"Legisla\u00e7\u00e3o sobre funcionamento interno de ag\u00eancias banc\u00e1rias est\u00e1 na Pesquisa Pronta"},{"@type":"BreadcrumbList","@id":"https:\/\/mhcalculos.com.br\/noticias\/area\/previdenciario\/trf3-dirigentes-do-tribunal-para-o-bienio-2020-2022-tomam-posse-no-dia-2-de-marco.html#breadcrumb","itemListElement":[{"@type":"ListItem","position":1,"name":"In\u00edcio","item":"https:\/\/mhcalculos.com.br\/noticias\/"},{"@type":"ListItem","position":2,"name":"TRF3: DIRIGENTES DO TRIBUNAL&nbsp;PARA O BI\u00caNIO 2020-2022 TOMAM POSSE NO DIA 2 DE MAR\u00c7O"}]},{"@type":"WebSite","@id":"https:\/\/mhcalculos.com.br\/noticias\/#website","url":"https:\/\/mhcalculos.com.br\/noticias\/","name":"Portal de Not\u00edcias","description":"Not\u00edcias e Jurisprud\u00eancia","potentialAction":[{"@type":"SearchAction","target":{"@type":"EntryPoint","urlTemplate":"https:\/\/mhcalculos.com.br\/noticias\/?s={search_term_string}"},"query-input":{"@type":"PropertyValueSpecification","valueRequired":true,"valueName":"search_term_string"}}],"inLanguage":"pt-BR"},{"@type":"Person","@id":"https:\/\/mhcalculos.com.br\/noticias\/#\/schema\/person\/88d1c34bf72dc779ea14a5a6b8e0ae8d","name":"Equipe MH","image":{"@type":"ImageObject","inLanguage":"pt-BR","@id":"https:\/\/secure.gravatar.com\/avatar\/de1c686c2ecc9c5a3f327e3431d819eb39f8f05d4e1045f5a1caad6daaba987f?s=96&d=mm&r=g","url":"https:\/\/secure.gravatar.com\/avatar\/de1c686c2ecc9c5a3f327e3431d819eb39f8f05d4e1045f5a1caad6daaba987f?s=96&d=mm&r=g","contentUrl":"https:\/\/secure.gravatar.com\/avatar\/de1c686c2ecc9c5a3f327e3431d819eb39f8f05d4e1045f5a1caad6daaba987f?s=96&d=mm&r=g","caption":"Equipe MH"}}]}},"_links":{"self":[{"href":"https:\/\/mhcalculos.com.br\/noticias\/wp-json\/wp\/v2\/posts\/6943","targetHints":{"allow":["GET"]}}],"collection":[{"href":"https:\/\/mhcalculos.com.br\/noticias\/wp-json\/wp\/v2\/posts"}],"about":[{"href":"https:\/\/mhcalculos.com.br\/noticias\/wp-json\/wp\/v2\/types\/post"}],"author":[{"embeddable":true,"href":"https:\/\/mhcalculos.com.br\/noticias\/wp-json\/wp\/v2\/users\/3063"}],"replies":[{"embeddable":true,"href":"https:\/\/mhcalculos.com.br\/noticias\/wp-json\/wp\/v2\/comments?post=6943"}],"version-history":[{"count":1,"href":"https:\/\/mhcalculos.com.br\/noticias\/wp-json\/wp\/v2\/posts\/6943\/revisions"}],"predecessor-version":[{"id":9354,"href":"https:\/\/mhcalculos.com.br\/noticias\/wp-json\/wp\/v2\/posts\/6943\/revisions\/9354"}],"wp:featuredmedia":[{"embeddable":true,"href":"https:\/\/mhcalculos.com.br\/noticias\/wp-json\/wp\/v2\/media\/1587"}],"wp:attachment":[{"href":"https:\/\/mhcalculos.com.br\/noticias\/wp-json\/wp\/v2\/media?parent=6943"}],"wp:term":[{"taxonomy":"category","embeddable":true,"href":"https:\/\/mhcalculos.com.br\/noticias\/wp-json\/wp\/v2\/categories?post=6943"},{"taxonomy":"post_tag","embeddable":true,"href":"https:\/\/mhcalculos.com.br\/noticias\/wp-json\/wp\/v2\/tags?post=6943"}],"curies":[{"name":"wp","href":"https:\/\/api.w.org\/{rel}","templated":true}]}}