{"id":6942,"date":"2020-02-28T09:05:08","date_gmt":"2020-02-28T12:05:08","guid":{"rendered":"https:\/\/mhcalculos.com.br\/noticias\/area\/previdenciario\/trf4-tribunal-concede-beneficio-assistencial-a-jovem-cega-27-02-2020\/"},"modified":"2021-07-28T14:30:15","modified_gmt":"2021-07-28T17:30:15","slug":"trf4-tribunal-concede-beneficio-assistencial-a-jovem-cega-27-02-2020","status":"publish","type":"post","link":"https:\/\/mhcalculos.com.br\/noticias\/area\/previdenciario\/trf4-tribunal-concede-beneficio-assistencial-a-jovem-cega-27-02-2020.html","title":{"rendered":"TRF4: Tribunal&nbsp;concede benef\u00edcio assistencial a jovem cega (27\/02\/2020)"},"content":{"rendered":"<p><br \/>\n<\/p>\n<p>O Tribunal Regional Federal da 4\u00aa Regi\u00e3o (TRF4) garantiu o direito de uma mulher, residente do munic\u00edpio de Vale Real (RS) e atualmente com 18 anos de idade, que sofre de toxoplasmose e de cegueira em ambos os olhos de receber o benef\u00edcio assistencial de presta\u00e7\u00e3o continuada (BPC) do Instituto Nacional do Seguro Social (INSS). O pedido havia sido negado em primeira inst\u00e2ncia, mas a 6\u00aa Turma da corte reformou a senten\u00e7a, entendendo que ela faz jus ao benef\u00edcio por preencher os requisitos de condi\u00e7\u00e3o de pessoa deficiente e de situa\u00e7\u00e3o de risco social familiar. A autora da a\u00e7\u00e3o tamb\u00e9m receber\u00e1 as parcelas retroativas desde a data do requerimento administrativo, feito em julho de 2011. A decis\u00e3o foi tomada de maneira un\u00e2nime em sess\u00e3o ocorrida na \u00faltima semana (19\/2).<\/p>\n<p>A autora ingressou, em novembro de 2011, com o processo contra a autarquia requerendo a concess\u00e3o do BPC. Ela narrou que possui toxoplasmose e que, em fun\u00e7\u00e3o dessa doen\u00e7a, perdeu quase totalmente a vis\u00e3o, sofrendo com cicatrizes coriorretinianas e les\u00f5es maculares nos olhos.<\/p>\n<p>Alegou que pleiteou o benef\u00edcio, em julho daquele ano, mas que o INSS indeferiu o pedido administrativamente com o argumento de que n\u00e3o fora constatada incapacidade para o trabalho e para a vida independente.<\/p>\n<p>A autora afirmou que vive com a m\u00e3e e mais tr\u00eas irm\u00e3os em situa\u00e7\u00e3o de miserabilidade e que n\u00e3o re\u00fane condi\u00e7\u00f5es de sa\u00fade para exercer qualquer atividade que lhe garanta o sustento pr\u00f3prio.<\/p>\n<p>Declarou que, por conta de suas doen\u00e7as incur\u00e1veis, necessita de acompanhamento constante em seu cotidiano e que possui dificuldades de aprendizagem, pois precisa de professores especializados no ensino em Braille, sendo que a escola mais pr\u00f3xima com esse servi\u00e7o fica cerca de 40 km de dist\u00e2ncia da sua resid\u00eancia.<\/p>\n<p>Ela requereu ao Judici\u00e1rio que, al\u00e9m de conceder o BPC, condenasse o INSS a pagar as parcelas vencidas desde a data do requerimento administrativo. O ju\u00edzo da Comarca de Feliz (RS) julgou, em fevereiro de 2019, a a\u00e7\u00e3o improcedente e negou os pedidos.<\/p>\n<p>A mulher recorreu ao TRF4. No recurso, defendeu que estava devidamente demonstrada a sua incapacidade, pois o laudo pericial judicial concluiu que ela \u00e9 portadora de cegueira em ambos os olhos. Ainda apontou que ficou comprovada a hipossufici\u00eancia do n\u00facleo familiar, configurando o seu direito ao benef\u00edcio.<\/p>\n<p>A 6\u00aa Turma do tribunal, por unanimidade, deu provimento \u00e0 apela\u00e7\u00e3o e reformou a senten\u00e7a, determinando que a autarquia implante o BPC no prazo de 45 dias. O INSS tamb\u00e9m deve pagar para a autora os valores devidos desde julho de 2011, acrescidos de juros de mora e de corre\u00e7\u00e3o monet\u00e1ria.<\/p>\n<p>O relator do processo, desembargador federal Jo\u00e3o Batista Pinto Silveira, ressaltou que &ldquo;o direito ao benef\u00edcio assistencial pressup\u00f5e o preenchimento dos seguintes requisitos: condi\u00e7\u00e3o de deficiente (incapacidade para o trabalho e para a vida independente ou aquela pessoa que tem impedimentos de longo prazo de natureza f\u00edsica, mental, intelectual ou sensorial, os quais, em intera\u00e7\u00e3o com diversas barreiras, podem obstruir sua participa\u00e7\u00e3o plena e efetiva na sociedade em igualdade de condi\u00e7\u00f5es com as demais pessoas); e situa\u00e7\u00e3o de risco social (estado de miserabilidade, hipossufici\u00eancia econ\u00f4mica ou situa\u00e7\u00e3o de desamparo) do autor e de sua fam\u00edlia&rdquo;.<\/p>\n<p>Sobre o caso da mulher, o magistrado registrou que &ldquo;da an\u00e1lise do laudo m\u00e9dico pericial, constata-se que a autora possui vis\u00e3o subnormal em ambos os olhos, nitidamente agravada em seu olho esquerdo, e cicatrizes coriorretinianas. Trouxe, ainda, a parte autora, laudo ofatlmol\u00f3gico que atesta que ela tem importante les\u00e3o macular em ambos os olhos, maior no olho esquerdo. Esta doen\u00e7a ocular implica defici\u00eancia visual que enquadra a parte no conceito de pessoa portadora de defici\u00eancia, nos termos do artigo 4\u00ba do Decreto n\u00ba 3.298\/99. A doen\u00e7a gera limita\u00e7\u00e3o para o desempenho de atividades pr\u00f3prias da faixa et\u00e1ria e restri\u00e7\u00e3o da participa\u00e7\u00e3o social em igualdade de condi\u00e7\u00f5es&rdquo;.<\/p>\n<p>Em seu voto, Silveira destacou que &ldquo;a gravidade da defici\u00eancia visual da autora, os impedimentos sensoriais de longo prazo e a necessidade de acompanhamento constante de um adulto sem sombras de d\u00favidas caracteriza uma barreira na sua participa\u00e7\u00e3o plena e efetiva em sociedade, porquanto a p\u00f5e em condi\u00e7\u00e3o de desigualdade em rela\u00e7\u00e3o \u00e0s demais pessoas de sua idade, motivo pelo qual deve ser reconhecida a sua incapacidade para fins de concess\u00e3o do benef\u00edcio&rdquo;.<\/p>\n<p>Ao analisar a situa\u00e7\u00e3o econ\u00f4mica da requerente, o desembargador referiu que: &ldquo;a respeito da hipossufici\u00eancia familiar, igualmente restou demonstrado referido requisito. Do exame do estudo social, verifica-se que o n\u00facleo familiar \u00e9 composto de cinco integrantes. A renda familiar \u00e9 de um sal\u00e1rio m\u00ednimo, proveniente do trabalho da m\u00e3e da autora, acrescido de R$ 300,00 de pens\u00e3o aliment\u00edcia paga pelo pai. A fam\u00edlia reside em casa alugada, de alvenaria, e pagam a t\u00edtulo de aluguel R$ 300,00. Acrescentou a assistente social que a fam\u00edlia tem despesas mensais b\u00e1sicas com alimenta\u00e7\u00e3o, luz, \u00e1gua e g\u00e1s&rdquo;.<\/p>\n<p>Para o relator, a conclus\u00e3o \u00e9 de que: &ldquo;considerando o valor num\u00e9rico conjugado com outros fatores indicativos da situa\u00e7\u00e3o de risco social, e considerando que o direito ao benef\u00edcio de presta\u00e7\u00e3o continuada n\u00e3o pressup\u00f5e a verifica\u00e7\u00e3o de um estado de miserabilidade extremo &#8211; bastando estar demonstrada a insufici\u00eancia de meios para o benefici\u00e1rio, dignamente, prover a pr\u00f3pria manuten\u00e7\u00e3o ou de t\u00ea-la provida por sua fam\u00edlia-, tenho por configurada a situa\u00e7\u00e3o de risco social necess\u00e1ria \u00e0 concess\u00e3o do benef\u00edcio&rdquo;.<\/p>\n<p><br \/> (Foto: StockPhotos)<\/p>\n<p><i>Com informa\u00e7\u00f5es da assessoria de imprensa do TRF4.<\/i><br \/>\n<br \/><a href=\"http:\/\/www2.trf4.jus.br\/trf4\/controlador.php?acao=noticia_visualizar&#038;id_noticia=15046\">Fonte<\/a><br \/>\n<br \/><\/p>\n","protected":false},"excerpt":{"rendered":"<p>O Tribunal Regional Federal da 4\u00aa Regi\u00e3o (TRF4) garantiu o direito de uma mulher, residente do munic\u00edpio de Vale Real (RS) e atualmente com 18 anos de idade, que sofre de toxoplasmose e de cegueira em ambos os olhos de receber o benef\u00edcio assistencial de presta\u00e7\u00e3o continuada (BPC) do Instituto Nacional do Seguro Social (INSS). [&hellip;]<\/p>\n","protected":false},"author":3063,"featured_media":1878,"comment_status":"open","ping_status":"open","sticky":false,"template":"","format":"standard","meta":{"footnotes":""},"categories":[5,6],"tags":[11,10,8,13,9,12,17],"class_list":{"0":"post-6942","1":"post","2":"type-post","3":"status-publish","4":"format-standard","5":"has-post-thumbnail","7":"category-previdenciario","8":"category-trf4","9":"tag-aposentadoria","10":"tag-calculos-previdenciarios","11":"tag-direito-previdenciario","12":"tag-inss","13":"tag-pericia","14":"tag-perito","15":"tag-trf4"},"yoast_head":"<!-- This site is optimized with the Yoast SEO plugin v27.2 - https:\/\/yoast.com\/product\/yoast-seo-wordpress\/ -->\n<title>TRF4: Tribunal&nbsp;concede benef\u00edcio assistencial a jovem cega (27\/02\/2020) | Portal de Not\u00edcias<\/title>\n<meta name=\"robots\" content=\"index, follow, max-snippet:-1, max-image-preview:large, max-video-preview:-1\" \/>\n<link rel=\"canonical\" href=\"https:\/\/mhcalculos.com.br\/noticias\/area\/previdenciario\/trf4-tribunal-concede-beneficio-assistencial-a-jovem-cega-27-02-2020.html\" \/>\n<meta property=\"og:locale\" content=\"pt_BR\" \/>\n<meta property=\"og:type\" content=\"article\" \/>\n<meta property=\"og:title\" content=\"TRF4: Tribunal&nbsp;concede benef\u00edcio assistencial a jovem cega (27\/02\/2020) | Portal de Not\u00edcias\" \/>\n<meta property=\"og:description\" content=\"O Tribunal Regional Federal da 4\u00aa Regi\u00e3o (TRF4) garantiu o direito de uma mulher, residente do munic\u00edpio de Vale Real (RS) e atualmente com 18 anos de idade, que sofre de toxoplasmose e de cegueira em ambos os olhos de receber o benef\u00edcio assistencial de presta\u00e7\u00e3o continuada (BPC) do Instituto Nacional do Seguro Social (INSS). [&hellip;]\" \/>\n<meta property=\"og:url\" content=\"https:\/\/mhcalculos.com.br\/noticias\/area\/previdenciario\/trf4-tribunal-concede-beneficio-assistencial-a-jovem-cega-27-02-2020.html\" \/>\n<meta property=\"og:site_name\" content=\"Portal de Not\u00edcias\" \/>\n<meta property=\"article:published_time\" content=\"2020-02-28T12:05:08+00:00\" \/>\n<meta property=\"article:modified_time\" content=\"2021-07-28T17:30:15+00:00\" \/>\n<meta property=\"og:image\" content=\"https:\/\/mhcalculos.com.br\/noticias\/wp-content\/uploads\/sites\/2\/2018\/06\/judiciario-0024.jpg\" \/>\n\t<meta property=\"og:image:width\" content=\"2000\" \/>\n\t<meta property=\"og:image:height\" content=\"800\" \/>\n\t<meta property=\"og:image:type\" content=\"image\/jpeg\" \/>\n<meta name=\"author\" content=\"Equipe MH\" \/>\n<meta name=\"twitter:card\" content=\"summary_large_image\" \/>\n<meta name=\"twitter:label1\" content=\"Escrito por\" \/>\n\t<meta name=\"twitter:data1\" content=\"Equipe MH\" \/>\n\t<meta name=\"twitter:label2\" content=\"Est. tempo de leitura\" \/>\n\t<meta name=\"twitter:data2\" content=\"5 minutos\" \/>\n<script type=\"application\/ld+json\" class=\"yoast-schema-graph\">{\"@context\":\"https:\/\/schema.org\",\"@graph\":[{\"@type\":\"Article\",\"@id\":\"https:\/\/mhcalculos.com.br\/noticias\/area\/previdenciario\/trf4-tribunal-concede-beneficio-assistencial-a-jovem-cega-27-02-2020.html#article\",\"isPartOf\":{\"@id\":\"https:\/\/mhcalculos.com.br\/noticias\/area\/previdenciario\/trf4-tribunal-concede-beneficio-assistencial-a-jovem-cega-27-02-2020.html\"},\"author\":{\"name\":\"Equipe MH\",\"@id\":\"https:\/\/mhcalculos.com.br\/noticias\/#\/schema\/person\/88d1c34bf72dc779ea14a5a6b8e0ae8d\"},\"headline\":\"TRF4: Tribunal&nbsp;concede benef\u00edcio assistencial a jovem cega (27\/02\/2020)\",\"datePublished\":\"2020-02-28T12:05:08+00:00\",\"dateModified\":\"2021-07-28T17:30:15+00:00\",\"mainEntityOfPage\":{\"@id\":\"https:\/\/mhcalculos.com.br\/noticias\/area\/previdenciario\/trf4-tribunal-concede-beneficio-assistencial-a-jovem-cega-27-02-2020.html\"},\"wordCount\":1005,\"commentCount\":0,\"image\":{\"@id\":\"https:\/\/mhcalculos.com.br\/noticias\/area\/previdenciario\/trf4-tribunal-concede-beneficio-assistencial-a-jovem-cega-27-02-2020.html#primaryimage\"},\"thumbnailUrl\":\"https:\/\/mhcalculos.com.br\/noticias\/wp-content\/uploads\/sites\/2\/2018\/06\/judiciario-0024.jpg\",\"keywords\":[\"aposentadoria\",\"c\u00e1lculos previdenci\u00e1rios\",\"direito previdenci\u00e1rio\",\"inss\",\"per\u00edcia\",\"perito\",\"trf4\"],\"articleSection\":[\"Direito Previdenci\u00e1rio\",\"TRF4\"],\"inLanguage\":\"pt-BR\",\"potentialAction\":[{\"@type\":\"CommentAction\",\"name\":\"Comment\",\"target\":[\"https:\/\/mhcalculos.com.br\/noticias\/area\/previdenciario\/trf4-tribunal-concede-beneficio-assistencial-a-jovem-cega-27-02-2020.html#respond\"]}]},{\"@type\":\"WebPage\",\"@id\":\"https:\/\/mhcalculos.com.br\/noticias\/area\/previdenciario\/trf4-tribunal-concede-beneficio-assistencial-a-jovem-cega-27-02-2020.html\",\"url\":\"https:\/\/mhcalculos.com.br\/noticias\/area\/previdenciario\/trf4-tribunal-concede-beneficio-assistencial-a-jovem-cega-27-02-2020.html\",\"name\":\"TRF4: Tribunal&nbsp;concede benef\u00edcio assistencial a jovem cega (27\/02\/2020) | Portal de Not\u00edcias\",\"isPartOf\":{\"@id\":\"https:\/\/mhcalculos.com.br\/noticias\/#website\"},\"primaryImageOfPage\":{\"@id\":\"https:\/\/mhcalculos.com.br\/noticias\/area\/previdenciario\/trf4-tribunal-concede-beneficio-assistencial-a-jovem-cega-27-02-2020.html#primaryimage\"},\"image\":{\"@id\":\"https:\/\/mhcalculos.com.br\/noticias\/area\/previdenciario\/trf4-tribunal-concede-beneficio-assistencial-a-jovem-cega-27-02-2020.html#primaryimage\"},\"thumbnailUrl\":\"https:\/\/mhcalculos.com.br\/noticias\/wp-content\/uploads\/sites\/2\/2018\/06\/judiciario-0024.jpg\",\"datePublished\":\"2020-02-28T12:05:08+00:00\",\"dateModified\":\"2021-07-28T17:30:15+00:00\",\"author\":{\"@id\":\"https:\/\/mhcalculos.com.br\/noticias\/#\/schema\/person\/88d1c34bf72dc779ea14a5a6b8e0ae8d\"},\"breadcrumb\":{\"@id\":\"https:\/\/mhcalculos.com.br\/noticias\/area\/previdenciario\/trf4-tribunal-concede-beneficio-assistencial-a-jovem-cega-27-02-2020.html#breadcrumb\"},\"inLanguage\":\"pt-BR\",\"potentialAction\":[{\"@type\":\"ReadAction\",\"target\":[\"https:\/\/mhcalculos.com.br\/noticias\/area\/previdenciario\/trf4-tribunal-concede-beneficio-assistencial-a-jovem-cega-27-02-2020.html\"]}]},{\"@type\":\"ImageObject\",\"inLanguage\":\"pt-BR\",\"@id\":\"https:\/\/mhcalculos.com.br\/noticias\/area\/previdenciario\/trf4-tribunal-concede-beneficio-assistencial-a-jovem-cega-27-02-2020.html#primaryimage\",\"url\":\"https:\/\/mhcalculos.com.br\/noticias\/wp-content\/uploads\/sites\/2\/2018\/06\/judiciario-0024.jpg\",\"contentUrl\":\"https:\/\/mhcalculos.com.br\/noticias\/wp-content\/uploads\/sites\/2\/2018\/06\/judiciario-0024.jpg\",\"width\":2000,\"height\":800},{\"@type\":\"BreadcrumbList\",\"@id\":\"https:\/\/mhcalculos.com.br\/noticias\/area\/previdenciario\/trf4-tribunal-concede-beneficio-assistencial-a-jovem-cega-27-02-2020.html#breadcrumb\",\"itemListElement\":[{\"@type\":\"ListItem\",\"position\":1,\"name\":\"In\u00edcio\",\"item\":\"https:\/\/mhcalculos.com.br\/noticias\/\"},{\"@type\":\"ListItem\",\"position\":2,\"name\":\"TRF4: Tribunal&nbsp;concede benef\u00edcio assistencial a jovem cega (27\/02\/2020)\"}]},{\"@type\":\"WebSite\",\"@id\":\"https:\/\/mhcalculos.com.br\/noticias\/#website\",\"url\":\"https:\/\/mhcalculos.com.br\/noticias\/\",\"name\":\"Portal de Not\u00edcias\",\"description\":\"Not\u00edcias e Jurisprud\u00eancia\",\"potentialAction\":[{\"@type\":\"SearchAction\",\"target\":{\"@type\":\"EntryPoint\",\"urlTemplate\":\"https:\/\/mhcalculos.com.br\/noticias\/?s={search_term_string}\"},\"query-input\":{\"@type\":\"PropertyValueSpecification\",\"valueRequired\":true,\"valueName\":\"search_term_string\"}}],\"inLanguage\":\"pt-BR\"},{\"@type\":\"Person\",\"@id\":\"https:\/\/mhcalculos.com.br\/noticias\/#\/schema\/person\/88d1c34bf72dc779ea14a5a6b8e0ae8d\",\"name\":\"Equipe MH\",\"image\":{\"@type\":\"ImageObject\",\"inLanguage\":\"pt-BR\",\"@id\":\"https:\/\/secure.gravatar.com\/avatar\/de1c686c2ecc9c5a3f327e3431d819eb39f8f05d4e1045f5a1caad6daaba987f?s=96&d=mm&r=g\",\"url\":\"https:\/\/secure.gravatar.com\/avatar\/de1c686c2ecc9c5a3f327e3431d819eb39f8f05d4e1045f5a1caad6daaba987f?s=96&d=mm&r=g\",\"contentUrl\":\"https:\/\/secure.gravatar.com\/avatar\/de1c686c2ecc9c5a3f327e3431d819eb39f8f05d4e1045f5a1caad6daaba987f?s=96&d=mm&r=g\",\"caption\":\"Equipe MH\"}}]}<\/script>\n<!-- \/ Yoast SEO plugin. -->","yoast_head_json":{"title":"TRF4: Tribunal&nbsp;concede benef\u00edcio assistencial a jovem cega (27\/02\/2020) | Portal de Not\u00edcias","robots":{"index":"index","follow":"follow","max-snippet":"max-snippet:-1","max-image-preview":"max-image-preview:large","max-video-preview":"max-video-preview:-1"},"canonical":"https:\/\/mhcalculos.com.br\/noticias\/area\/previdenciario\/trf4-tribunal-concede-beneficio-assistencial-a-jovem-cega-27-02-2020.html","og_locale":"pt_BR","og_type":"article","og_title":"TRF4: Tribunal&nbsp;concede benef\u00edcio assistencial a jovem cega (27\/02\/2020) | Portal de Not\u00edcias","og_description":"O Tribunal Regional Federal da 4\u00aa Regi\u00e3o (TRF4) garantiu o direito de uma mulher, residente do munic\u00edpio de Vale Real (RS) e atualmente com 18 anos de idade, que sofre de toxoplasmose e de cegueira em ambos os olhos de receber o benef\u00edcio assistencial de presta\u00e7\u00e3o continuada (BPC) do Instituto Nacional do Seguro Social (INSS). [&hellip;]","og_url":"https:\/\/mhcalculos.com.br\/noticias\/area\/previdenciario\/trf4-tribunal-concede-beneficio-assistencial-a-jovem-cega-27-02-2020.html","og_site_name":"Portal de Not\u00edcias","article_published_time":"2020-02-28T12:05:08+00:00","article_modified_time":"2021-07-28T17:30:15+00:00","og_image":[{"width":2000,"height":800,"url":"https:\/\/mhcalculos.com.br\/noticias\/wp-content\/uploads\/sites\/2\/2018\/06\/judiciario-0024.jpg","type":"image\/jpeg"}],"author":"Equipe MH","twitter_card":"summary_large_image","twitter_misc":{"Escrito por":"Equipe MH","Est. tempo de leitura":"5 minutos"},"schema":{"@context":"https:\/\/schema.org","@graph":[{"@type":"Article","@id":"https:\/\/mhcalculos.com.br\/noticias\/area\/previdenciario\/trf4-tribunal-concede-beneficio-assistencial-a-jovem-cega-27-02-2020.html#article","isPartOf":{"@id":"https:\/\/mhcalculos.com.br\/noticias\/area\/previdenciario\/trf4-tribunal-concede-beneficio-assistencial-a-jovem-cega-27-02-2020.html"},"author":{"name":"Equipe MH","@id":"https:\/\/mhcalculos.com.br\/noticias\/#\/schema\/person\/88d1c34bf72dc779ea14a5a6b8e0ae8d"},"headline":"TRF4: Tribunal&nbsp;concede benef\u00edcio assistencial a jovem cega (27\/02\/2020)","datePublished":"2020-02-28T12:05:08+00:00","dateModified":"2021-07-28T17:30:15+00:00","mainEntityOfPage":{"@id":"https:\/\/mhcalculos.com.br\/noticias\/area\/previdenciario\/trf4-tribunal-concede-beneficio-assistencial-a-jovem-cega-27-02-2020.html"},"wordCount":1005,"commentCount":0,"image":{"@id":"https:\/\/mhcalculos.com.br\/noticias\/area\/previdenciario\/trf4-tribunal-concede-beneficio-assistencial-a-jovem-cega-27-02-2020.html#primaryimage"},"thumbnailUrl":"https:\/\/mhcalculos.com.br\/noticias\/wp-content\/uploads\/sites\/2\/2018\/06\/judiciario-0024.jpg","keywords":["aposentadoria","c\u00e1lculos previdenci\u00e1rios","direito previdenci\u00e1rio","inss","per\u00edcia","perito","trf4"],"articleSection":["Direito Previdenci\u00e1rio","TRF4"],"inLanguage":"pt-BR","potentialAction":[{"@type":"CommentAction","name":"Comment","target":["https:\/\/mhcalculos.com.br\/noticias\/area\/previdenciario\/trf4-tribunal-concede-beneficio-assistencial-a-jovem-cega-27-02-2020.html#respond"]}]},{"@type":"WebPage","@id":"https:\/\/mhcalculos.com.br\/noticias\/area\/previdenciario\/trf4-tribunal-concede-beneficio-assistencial-a-jovem-cega-27-02-2020.html","url":"https:\/\/mhcalculos.com.br\/noticias\/area\/previdenciario\/trf4-tribunal-concede-beneficio-assistencial-a-jovem-cega-27-02-2020.html","name":"TRF4: Tribunal&nbsp;concede benef\u00edcio assistencial a jovem cega (27\/02\/2020) | Portal de Not\u00edcias","isPartOf":{"@id":"https:\/\/mhcalculos.com.br\/noticias\/#website"},"primaryImageOfPage":{"@id":"https:\/\/mhcalculos.com.br\/noticias\/area\/previdenciario\/trf4-tribunal-concede-beneficio-assistencial-a-jovem-cega-27-02-2020.html#primaryimage"},"image":{"@id":"https:\/\/mhcalculos.com.br\/noticias\/area\/previdenciario\/trf4-tribunal-concede-beneficio-assistencial-a-jovem-cega-27-02-2020.html#primaryimage"},"thumbnailUrl":"https:\/\/mhcalculos.com.br\/noticias\/wp-content\/uploads\/sites\/2\/2018\/06\/judiciario-0024.jpg","datePublished":"2020-02-28T12:05:08+00:00","dateModified":"2021-07-28T17:30:15+00:00","author":{"@id":"https:\/\/mhcalculos.com.br\/noticias\/#\/schema\/person\/88d1c34bf72dc779ea14a5a6b8e0ae8d"},"breadcrumb":{"@id":"https:\/\/mhcalculos.com.br\/noticias\/area\/previdenciario\/trf4-tribunal-concede-beneficio-assistencial-a-jovem-cega-27-02-2020.html#breadcrumb"},"inLanguage":"pt-BR","potentialAction":[{"@type":"ReadAction","target":["https:\/\/mhcalculos.com.br\/noticias\/area\/previdenciario\/trf4-tribunal-concede-beneficio-assistencial-a-jovem-cega-27-02-2020.html"]}]},{"@type":"ImageObject","inLanguage":"pt-BR","@id":"https:\/\/mhcalculos.com.br\/noticias\/area\/previdenciario\/trf4-tribunal-concede-beneficio-assistencial-a-jovem-cega-27-02-2020.html#primaryimage","url":"https:\/\/mhcalculos.com.br\/noticias\/wp-content\/uploads\/sites\/2\/2018\/06\/judiciario-0024.jpg","contentUrl":"https:\/\/mhcalculos.com.br\/noticias\/wp-content\/uploads\/sites\/2\/2018\/06\/judiciario-0024.jpg","width":2000,"height":800},{"@type":"BreadcrumbList","@id":"https:\/\/mhcalculos.com.br\/noticias\/area\/previdenciario\/trf4-tribunal-concede-beneficio-assistencial-a-jovem-cega-27-02-2020.html#breadcrumb","itemListElement":[{"@type":"ListItem","position":1,"name":"In\u00edcio","item":"https:\/\/mhcalculos.com.br\/noticias\/"},{"@type":"ListItem","position":2,"name":"TRF4: Tribunal&nbsp;concede benef\u00edcio assistencial a jovem cega (27\/02\/2020)"}]},{"@type":"WebSite","@id":"https:\/\/mhcalculos.com.br\/noticias\/#website","url":"https:\/\/mhcalculos.com.br\/noticias\/","name":"Portal de Not\u00edcias","description":"Not\u00edcias e Jurisprud\u00eancia","potentialAction":[{"@type":"SearchAction","target":{"@type":"EntryPoint","urlTemplate":"https:\/\/mhcalculos.com.br\/noticias\/?s={search_term_string}"},"query-input":{"@type":"PropertyValueSpecification","valueRequired":true,"valueName":"search_term_string"}}],"inLanguage":"pt-BR"},{"@type":"Person","@id":"https:\/\/mhcalculos.com.br\/noticias\/#\/schema\/person\/88d1c34bf72dc779ea14a5a6b8e0ae8d","name":"Equipe MH","image":{"@type":"ImageObject","inLanguage":"pt-BR","@id":"https:\/\/secure.gravatar.com\/avatar\/de1c686c2ecc9c5a3f327e3431d819eb39f8f05d4e1045f5a1caad6daaba987f?s=96&d=mm&r=g","url":"https:\/\/secure.gravatar.com\/avatar\/de1c686c2ecc9c5a3f327e3431d819eb39f8f05d4e1045f5a1caad6daaba987f?s=96&d=mm&r=g","contentUrl":"https:\/\/secure.gravatar.com\/avatar\/de1c686c2ecc9c5a3f327e3431d819eb39f8f05d4e1045f5a1caad6daaba987f?s=96&d=mm&r=g","caption":"Equipe MH"}}]}},"_links":{"self":[{"href":"https:\/\/mhcalculos.com.br\/noticias\/wp-json\/wp\/v2\/posts\/6942","targetHints":{"allow":["GET"]}}],"collection":[{"href":"https:\/\/mhcalculos.com.br\/noticias\/wp-json\/wp\/v2\/posts"}],"about":[{"href":"https:\/\/mhcalculos.com.br\/noticias\/wp-json\/wp\/v2\/types\/post"}],"author":[{"embeddable":true,"href":"https:\/\/mhcalculos.com.br\/noticias\/wp-json\/wp\/v2\/users\/3063"}],"replies":[{"embeddable":true,"href":"https:\/\/mhcalculos.com.br\/noticias\/wp-json\/wp\/v2\/comments?post=6942"}],"version-history":[{"count":1,"href":"https:\/\/mhcalculos.com.br\/noticias\/wp-json\/wp\/v2\/posts\/6942\/revisions"}],"predecessor-version":[{"id":9355,"href":"https:\/\/mhcalculos.com.br\/noticias\/wp-json\/wp\/v2\/posts\/6942\/revisions\/9355"}],"wp:featuredmedia":[{"embeddable":true,"href":"https:\/\/mhcalculos.com.br\/noticias\/wp-json\/wp\/v2\/media\/1878"}],"wp:attachment":[{"href":"https:\/\/mhcalculos.com.br\/noticias\/wp-json\/wp\/v2\/media?parent=6942"}],"wp:term":[{"taxonomy":"category","embeddable":true,"href":"https:\/\/mhcalculos.com.br\/noticias\/wp-json\/wp\/v2\/categories?post=6942"},{"taxonomy":"post_tag","embeddable":true,"href":"https:\/\/mhcalculos.com.br\/noticias\/wp-json\/wp\/v2\/tags?post=6942"}],"curies":[{"name":"wp","href":"https:\/\/api.w.org\/{rel}","templated":true}]}}