{"id":6932,"date":"2020-02-22T13:06:06","date_gmt":"2020-02-22T16:06:06","guid":{"rendered":"https:\/\/mhcalculos.com.br\/noticias\/area\/previdenciario\/trf4-tribunal-concede-auxilio-reclusao-para-sustento-de-menina-com-14-anos-21-02-2020\/"},"modified":"2021-07-28T14:30:16","modified_gmt":"2021-07-28T17:30:16","slug":"trf4-tribunal-concede-auxilio-reclusao-para-sustento-de-menina-com-14-anos-21-02-2020","status":"publish","type":"post","link":"https:\/\/mhcalculos.com.br\/noticias\/area\/previdenciario\/trf4-tribunal-concede-auxilio-reclusao-para-sustento-de-menina-com-14-anos-21-02-2020.html","title":{"rendered":"TRF4: Tribunal&nbsp;concede aux\u00edlio-reclus\u00e3o para sustento de menina com 14 anos (21\/02\/2020)"},"content":{"rendered":"<p><br \/>\n<\/p>\n<p>O Tribunal Regional Federal da 4\u00aa Regi\u00e3o (TRF4) determinou que o Instituto Nacional do Seguro Social (INSS) conceda aux\u00edlio-reclus\u00e3o para uma menor de 14 anos, residente de Florian\u00f3polis (SC), dependente do pai que se encontra preso desde janeiro de 2016. A autarquia negou o benef\u00edcio administrativamente alegando que o homem n\u00e3o possu\u00eda mais a condi\u00e7\u00e3o de segurado quando foi encarcerado. A Turma Regional Suplementar de Santa Catarina, de forma un\u00e2nime, entendeu que, de acordo com a lei previdenci\u00e1ria, a situa\u00e7\u00e3o de desemprego involunt\u00e1rio do genitor prorrogou a sua qualidade de segurado durante a \u00e9poca da pris\u00e3o e que o aux\u00edlio \u00e9 devido \u00e0 sua filha. A decis\u00e3o foi proferida na primeira sess\u00e3o de julgamento do colegiado em 2020, ocorrida no dia 18\/2.<\/p>\n<p>A menina, representada pela sua m\u00e3e, ingressou com a a\u00e7\u00e3o em setembro de 2018 requisitando judicialmente a concess\u00e3o do benef\u00edcio. No processo, narrou que a autarquia indeferiu o pedido administrativo com a justificativa de que como a \u00faltima contribui\u00e7\u00e3o do pai havia sido em julho de 2014, ele havia perdido a qualidade de segurado do INSS quando foi preso.<\/p>\n<p>A autora argumentou que houve um erro na negativa, pois, no momento da reclus\u00e3o, o seu genitor, que se encontrava em situa\u00e7\u00e3o de desemprego involunt\u00e1rio, ainda mantinha condi\u00e7\u00e3o de segurado de acordo com a norma do par\u00e1grafo 2\u00ba do artigo 15 da Lei 8.213\/91, que disp\u00f5e sobre os Planos de Benef\u00edcios da Previd\u00eancia Social.<\/p>\n<p>O dispositivo legal apontado por ela estabelece que mant\u00e9m a qualidade de segurado, independentemente de contribui\u00e7\u00f5es, at\u00e9 12 meses ap\u00f3s a cessa\u00e7\u00e3o das contribui\u00e7\u00f5es, o segurado que deixar de exercer atividade remunerada abrangida pela Previd\u00eancia Social, que estiver suspenso ou licenciado sem remunera\u00e7\u00e3o ou que deixar de receber o benef\u00edcio do seguro-desemprego e que o prazo ser\u00e1 acrescido de mais 12 meses para o segurado desempregado, desde que comprovada essa situa\u00e7\u00e3o pelo registro no \u00f3rg\u00e3o pr\u00f3prio do Minist\u00e9rio do Trabalho e da Previd\u00eancia Social.<\/p>\n<p>Dessa forma, a dependente sustentou que o homem manteve a qualidade de segurado at\u00e9 julho de 2016, per\u00edodo posterior a data da pris\u00e3o dele, e que ela teria direito de receber o aux\u00edlio-reclus\u00e3o.<\/p>\n<p>O ju\u00edzo da 8\u00aa Vara Federal de Florian\u00f3polis julgou a a\u00e7\u00e3o improcedente e negou o pedido, entendendo que o conjunto probat\u00f3rio dos autos n\u00e3o autorizava o reconhecimento da situa\u00e7\u00e3o de desemprego involunt\u00e1rio do pai no per\u00edodo entre a \u00faltima contribui\u00e7\u00e3o ao instituto e o encarceramento.<\/p>\n<p>A autora recorreu ao TRF4. No recurso, alegou que a prova testemunhal atestou inequivocamente que o homem, ap\u00f3s o \u00faltimo v\u00ednculo de emprego noticiado no Cadastro Nacional de Informa\u00e7\u00f5es Sociais (CNIS), n\u00e3o trabalhou, nem exerceu atividade na informalidade, e que buscava emprego.<\/p>\n<p>Tamb\u00e9m argumentou que a situa\u00e7\u00e3o de desemprego, para o fim de manuten\u00e7\u00e3o da qualidade de segurado do recluso, n\u00e3o se desfigura pelo exerc\u00edcio da atividade il\u00edcita que determinou a pris\u00e3o, mesmo que tenha sido geradora de renda.<\/p>\n<p>A Turma Regional Suplementar de Santa Catarina, por unanimidade, deu provimento \u00e0 apela\u00e7\u00e3o, reformando a senten\u00e7a e determinando que o INSS pague o benef\u00edcio \u00e0 menor desde o recolhimento do pai \u00e0 pris\u00e3o em janeiro de 2016.<\/p>\n<p>O colegiado estabeleceu que as parcelas vencidas devem receber corre\u00e7\u00e3o monet\u00e1ria pelo \u00cdndice Nacional de Pre\u00e7os ao Consumidor (INPC) e juros morat\u00f3rios, al\u00e9m disso o aux\u00edlio deve ser implantado pela autarquia em at\u00e9 45 dias, a partir da publica\u00e7\u00e3o do ac\u00f3rd\u00e3o.<\/p>\n<p>O relator do processo, desembargador federal Sebasti\u00e3o Og\u00ea Muniz, ressaltou que a concess\u00e3o do aux\u00edlio-reclus\u00e3o, previsto no artigo 80 da Lei 8.213\/91, depende do preenchimento dos seguintes requisitos: a ocorr\u00eancia do evento pris\u00e3o; a demonstra\u00e7\u00e3o da qualidade de segurado do preso; a condi\u00e7\u00e3o de dependente de quem objetiva o benef\u00edcio; e a baixa renda do segurado na \u00e9poca da pris\u00e3o.<\/p>\n<p>&ldquo;No caso concreto, existe o encarceramento do genitor, a condi\u00e7\u00e3o de dependente da demandante est\u00e1 provada pelas certid\u00f5es de nascimento, sendo que a depend\u00eancia econ\u00f4mica dos filhos menores de 21 anos de idade \u00e9 presumida por for\u00e7a de lei, de acordo com o artigo 16, par\u00e1grafo 4\u00ba, da Lei 8.213\/91, e a quest\u00e3o relativa ao limite da renda na \u00e9poca do recolhimento \u00e0 pris\u00e3o resta superada quando o segurado estava desempregado e n\u00e3o possu\u00eda qualquer renda. A quest\u00e3o controvertida diz respeito \u00e0 qualidade de segurado, porquanto a \u00faltima contribui\u00e7\u00e3o foi vertida em 07\/2014&rdquo;, avaliou o magistrado.<\/p>\n<p>Sobre a condi\u00e7\u00e3o de segurado do homem, Muniz apontou que a fim de comprovar a situa\u00e7\u00e3o de desemprego involunt\u00e1rio foi produzida prova testemunhal em audi\u00eancia, na qual foram ouvidas a m\u00e3e da dependente e outras duas testemunhas, e que corroborou as alega\u00e7\u00f5es da menor.<\/p>\n<p>&ldquo;A parte autora defende que no caso dos autos tem aplica\u00e7\u00e3o a norma do par\u00e1grafo 2\u00ba do artigo 15 da Lei 8.213\/91, permitindo a prorroga\u00e7\u00e3o do estado de gra\u00e7a em face da situa\u00e7\u00e3o de desemprego. Tenho que raz\u00e3o assiste \u00e0 autora. A situa\u00e7\u00e3o de desemprego, para o fim de prorroga\u00e7\u00e3o do per\u00edodo de gra\u00e7a e manuten\u00e7\u00e3o da qualidade de segurado do recluso, n\u00e3o se desfigura pelo exerc\u00edcio da atividade il\u00edcita, mesmo que geradora de renda. Cumpre salientar que o benef\u00edcio visa, justamente, mitigar os reflexos negativos da repreens\u00e3o criminal sobre os dependentes do apenado. Preenchidos os requisitos legais, \u00e9 devido o benef\u00edcio de aux\u00edlio-reclus\u00e3o&rdquo;, concluiu o desembargador.<\/p>\n<p><br \/>Fachada da sede do TRF4, em Porto Alegre (Foto: Sylvio Sirangelo\/TRF4)<\/p>\n<p><i>Com informa\u00e7\u00f5es da assessoria de imprensa do TRF4.<\/i><br \/>\n<br \/><a href=\"http:\/\/www2.trf4.jus.br\/trf4\/controlador.php?acao=noticia_visualizar&#038;id_noticia=15039\">Fonte<\/a><br \/>\n<br \/><\/p>\n","protected":false},"excerpt":{"rendered":"<p>O Tribunal Regional Federal da 4\u00aa Regi\u00e3o (TRF4) determinou que o Instituto Nacional do Seguro Social (INSS) conceda aux\u00edlio-reclus\u00e3o para uma menor de 14 anos, residente de Florian\u00f3polis (SC), dependente do pai que se encontra preso desde janeiro de 2016. A autarquia negou o benef\u00edcio administrativamente alegando que o homem n\u00e3o possu\u00eda mais a condi\u00e7\u00e3o [&hellip;]<\/p>\n","protected":false},"author":3063,"featured_media":6933,"comment_status":"open","ping_status":"open","sticky":false,"template":"","format":"standard","meta":{"footnotes":""},"categories":[5,6],"tags":[11,10,8,13,9,12,17],"class_list":{"0":"post-6932","1":"post","2":"type-post","3":"status-publish","4":"format-standard","5":"has-post-thumbnail","7":"category-previdenciario","8":"category-trf4","9":"tag-aposentadoria","10":"tag-calculos-previdenciarios","11":"tag-direito-previdenciario","12":"tag-inss","13":"tag-pericia","14":"tag-perito","15":"tag-trf4"},"yoast_head":"<!-- This site is optimized with the Yoast SEO plugin v27.2 - https:\/\/yoast.com\/product\/yoast-seo-wordpress\/ -->\n<title>TRF4: Tribunal&nbsp;concede aux\u00edlio-reclus\u00e3o para sustento de menina com 14 anos (21\/02\/2020) | Portal de Not\u00edcias<\/title>\n<meta name=\"robots\" content=\"index, follow, max-snippet:-1, max-image-preview:large, max-video-preview:-1\" \/>\n<link rel=\"canonical\" href=\"https:\/\/mhcalculos.com.br\/noticias\/area\/previdenciario\/trf4-tribunal-concede-auxilio-reclusao-para-sustento-de-menina-com-14-anos-21-02-2020.html\" \/>\n<meta property=\"og:locale\" content=\"pt_BR\" \/>\n<meta property=\"og:type\" content=\"article\" \/>\n<meta property=\"og:title\" content=\"TRF4: Tribunal&nbsp;concede aux\u00edlio-reclus\u00e3o para sustento de menina com 14 anos (21\/02\/2020) | Portal de Not\u00edcias\" \/>\n<meta property=\"og:description\" content=\"O Tribunal Regional Federal da 4\u00aa Regi\u00e3o (TRF4) determinou que o Instituto Nacional do Seguro Social (INSS) conceda aux\u00edlio-reclus\u00e3o para uma menor de 14 anos, residente de Florian\u00f3polis (SC), dependente do pai que se encontra preso desde janeiro de 2016. A autarquia negou o benef\u00edcio administrativamente alegando que o homem n\u00e3o possu\u00eda mais a condi\u00e7\u00e3o [&hellip;]\" \/>\n<meta property=\"og:url\" content=\"https:\/\/mhcalculos.com.br\/noticias\/area\/previdenciario\/trf4-tribunal-concede-auxilio-reclusao-para-sustento-de-menina-com-14-anos-21-02-2020.html\" \/>\n<meta property=\"og:site_name\" content=\"Portal de Not\u00edcias\" \/>\n<meta property=\"article:published_time\" content=\"2020-02-22T16:06:06+00:00\" \/>\n<meta property=\"article:modified_time\" content=\"2021-07-28T17:30:16+00:00\" \/>\n<meta property=\"og:image\" content=\"https:\/\/mhcalculos.com.br\/noticias\/wp-content\/uploads\/sites\/2\/2020\/02\/bfc_trf4_alta_2589_20.jpg\" \/>\n\t<meta property=\"og:image:width\" content=\"2200\" \/>\n\t<meta property=\"og:image:height\" content=\"1300\" \/>\n\t<meta property=\"og:image:type\" content=\"image\/jpeg\" \/>\n<meta name=\"author\" content=\"Equipe MH\" \/>\n<meta name=\"twitter:card\" content=\"summary_large_image\" \/>\n<meta name=\"twitter:label1\" content=\"Escrito por\" \/>\n\t<meta name=\"twitter:data1\" content=\"Equipe MH\" \/>\n\t<meta name=\"twitter:label2\" content=\"Est. tempo de leitura\" \/>\n\t<meta name=\"twitter:data2\" content=\"5 minutos\" \/>\n<script type=\"application\/ld+json\" class=\"yoast-schema-graph\">{\"@context\":\"https:\/\/schema.org\",\"@graph\":[{\"@type\":\"Article\",\"@id\":\"https:\/\/mhcalculos.com.br\/noticias\/area\/previdenciario\/trf4-tribunal-concede-auxilio-reclusao-para-sustento-de-menina-com-14-anos-21-02-2020.html#article\",\"isPartOf\":{\"@id\":\"https:\/\/mhcalculos.com.br\/noticias\/area\/previdenciario\/trf4-tribunal-concede-auxilio-reclusao-para-sustento-de-menina-com-14-anos-21-02-2020.html\"},\"author\":{\"name\":\"Equipe MH\",\"@id\":\"https:\/\/mhcalculos.com.br\/noticias\/#\/schema\/person\/88d1c34bf72dc779ea14a5a6b8e0ae8d\"},\"headline\":\"TRF4: Tribunal&nbsp;concede aux\u00edlio-reclus\u00e3o para sustento de menina com 14 anos (21\/02\/2020)\",\"datePublished\":\"2020-02-22T16:06:06+00:00\",\"dateModified\":\"2021-07-28T17:30:16+00:00\",\"mainEntityOfPage\":{\"@id\":\"https:\/\/mhcalculos.com.br\/noticias\/area\/previdenciario\/trf4-tribunal-concede-auxilio-reclusao-para-sustento-de-menina-com-14-anos-21-02-2020.html\"},\"wordCount\":992,\"commentCount\":0,\"image\":{\"@id\":\"https:\/\/mhcalculos.com.br\/noticias\/area\/previdenciario\/trf4-tribunal-concede-auxilio-reclusao-para-sustento-de-menina-com-14-anos-21-02-2020.html#primaryimage\"},\"thumbnailUrl\":\"https:\/\/mhcalculos.com.br\/noticias\/wp-content\/uploads\/sites\/2\/2020\/02\/bfc_trf4_alta_2589_20.jpg\",\"keywords\":[\"aposentadoria\",\"c\u00e1lculos previdenci\u00e1rios\",\"direito previdenci\u00e1rio\",\"inss\",\"per\u00edcia\",\"perito\",\"trf4\"],\"articleSection\":[\"Direito Previdenci\u00e1rio\",\"TRF4\"],\"inLanguage\":\"pt-BR\",\"potentialAction\":[{\"@type\":\"CommentAction\",\"name\":\"Comment\",\"target\":[\"https:\/\/mhcalculos.com.br\/noticias\/area\/previdenciario\/trf4-tribunal-concede-auxilio-reclusao-para-sustento-de-menina-com-14-anos-21-02-2020.html#respond\"]}]},{\"@type\":\"WebPage\",\"@id\":\"https:\/\/mhcalculos.com.br\/noticias\/area\/previdenciario\/trf4-tribunal-concede-auxilio-reclusao-para-sustento-de-menina-com-14-anos-21-02-2020.html\",\"url\":\"https:\/\/mhcalculos.com.br\/noticias\/area\/previdenciario\/trf4-tribunal-concede-auxilio-reclusao-para-sustento-de-menina-com-14-anos-21-02-2020.html\",\"name\":\"TRF4: Tribunal&nbsp;concede aux\u00edlio-reclus\u00e3o para sustento de menina com 14 anos (21\/02\/2020) | Portal de Not\u00edcias\",\"isPartOf\":{\"@id\":\"https:\/\/mhcalculos.com.br\/noticias\/#website\"},\"primaryImageOfPage\":{\"@id\":\"https:\/\/mhcalculos.com.br\/noticias\/area\/previdenciario\/trf4-tribunal-concede-auxilio-reclusao-para-sustento-de-menina-com-14-anos-21-02-2020.html#primaryimage\"},\"image\":{\"@id\":\"https:\/\/mhcalculos.com.br\/noticias\/area\/previdenciario\/trf4-tribunal-concede-auxilio-reclusao-para-sustento-de-menina-com-14-anos-21-02-2020.html#primaryimage\"},\"thumbnailUrl\":\"https:\/\/mhcalculos.com.br\/noticias\/wp-content\/uploads\/sites\/2\/2020\/02\/bfc_trf4_alta_2589_20.jpg\",\"datePublished\":\"2020-02-22T16:06:06+00:00\",\"dateModified\":\"2021-07-28T17:30:16+00:00\",\"author\":{\"@id\":\"https:\/\/mhcalculos.com.br\/noticias\/#\/schema\/person\/88d1c34bf72dc779ea14a5a6b8e0ae8d\"},\"breadcrumb\":{\"@id\":\"https:\/\/mhcalculos.com.br\/noticias\/area\/previdenciario\/trf4-tribunal-concede-auxilio-reclusao-para-sustento-de-menina-com-14-anos-21-02-2020.html#breadcrumb\"},\"inLanguage\":\"pt-BR\",\"potentialAction\":[{\"@type\":\"ReadAction\",\"target\":[\"https:\/\/mhcalculos.com.br\/noticias\/area\/previdenciario\/trf4-tribunal-concede-auxilio-reclusao-para-sustento-de-menina-com-14-anos-21-02-2020.html\"]}]},{\"@type\":\"ImageObject\",\"inLanguage\":\"pt-BR\",\"@id\":\"https:\/\/mhcalculos.com.br\/noticias\/area\/previdenciario\/trf4-tribunal-concede-auxilio-reclusao-para-sustento-de-menina-com-14-anos-21-02-2020.html#primaryimage\",\"url\":\"https:\/\/mhcalculos.com.br\/noticias\/wp-content\/uploads\/sites\/2\/2020\/02\/bfc_trf4_alta_2589_20.jpg\",\"contentUrl\":\"https:\/\/mhcalculos.com.br\/noticias\/wp-content\/uploads\/sites\/2\/2020\/02\/bfc_trf4_alta_2589_20.jpg\",\"width\":2200,\"height\":1300},{\"@type\":\"BreadcrumbList\",\"@id\":\"https:\/\/mhcalculos.com.br\/noticias\/area\/previdenciario\/trf4-tribunal-concede-auxilio-reclusao-para-sustento-de-menina-com-14-anos-21-02-2020.html#breadcrumb\",\"itemListElement\":[{\"@type\":\"ListItem\",\"position\":1,\"name\":\"In\u00edcio\",\"item\":\"https:\/\/mhcalculos.com.br\/noticias\/\"},{\"@type\":\"ListItem\",\"position\":2,\"name\":\"TRF4: Tribunal&nbsp;concede aux\u00edlio-reclus\u00e3o para sustento de menina com 14 anos (21\/02\/2020)\"}]},{\"@type\":\"WebSite\",\"@id\":\"https:\/\/mhcalculos.com.br\/noticias\/#website\",\"url\":\"https:\/\/mhcalculos.com.br\/noticias\/\",\"name\":\"Portal de Not\u00edcias\",\"description\":\"Not\u00edcias e Jurisprud\u00eancia\",\"potentialAction\":[{\"@type\":\"SearchAction\",\"target\":{\"@type\":\"EntryPoint\",\"urlTemplate\":\"https:\/\/mhcalculos.com.br\/noticias\/?s={search_term_string}\"},\"query-input\":{\"@type\":\"PropertyValueSpecification\",\"valueRequired\":true,\"valueName\":\"search_term_string\"}}],\"inLanguage\":\"pt-BR\"},{\"@type\":\"Person\",\"@id\":\"https:\/\/mhcalculos.com.br\/noticias\/#\/schema\/person\/88d1c34bf72dc779ea14a5a6b8e0ae8d\",\"name\":\"Equipe MH\",\"image\":{\"@type\":\"ImageObject\",\"inLanguage\":\"pt-BR\",\"@id\":\"https:\/\/secure.gravatar.com\/avatar\/de1c686c2ecc9c5a3f327e3431d819eb39f8f05d4e1045f5a1caad6daaba987f?s=96&d=mm&r=g\",\"url\":\"https:\/\/secure.gravatar.com\/avatar\/de1c686c2ecc9c5a3f327e3431d819eb39f8f05d4e1045f5a1caad6daaba987f?s=96&d=mm&r=g\",\"contentUrl\":\"https:\/\/secure.gravatar.com\/avatar\/de1c686c2ecc9c5a3f327e3431d819eb39f8f05d4e1045f5a1caad6daaba987f?s=96&d=mm&r=g\",\"caption\":\"Equipe MH\"}}]}<\/script>\n<!-- \/ Yoast SEO plugin. -->","yoast_head_json":{"title":"TRF4: Tribunal&nbsp;concede aux\u00edlio-reclus\u00e3o para sustento de menina com 14 anos (21\/02\/2020) | Portal de Not\u00edcias","robots":{"index":"index","follow":"follow","max-snippet":"max-snippet:-1","max-image-preview":"max-image-preview:large","max-video-preview":"max-video-preview:-1"},"canonical":"https:\/\/mhcalculos.com.br\/noticias\/area\/previdenciario\/trf4-tribunal-concede-auxilio-reclusao-para-sustento-de-menina-com-14-anos-21-02-2020.html","og_locale":"pt_BR","og_type":"article","og_title":"TRF4: Tribunal&nbsp;concede aux\u00edlio-reclus\u00e3o para sustento de menina com 14 anos (21\/02\/2020) | Portal de Not\u00edcias","og_description":"O Tribunal Regional Federal da 4\u00aa Regi\u00e3o (TRF4) determinou que o Instituto Nacional do Seguro Social (INSS) conceda aux\u00edlio-reclus\u00e3o para uma menor de 14 anos, residente de Florian\u00f3polis (SC), dependente do pai que se encontra preso desde janeiro de 2016. A autarquia negou o benef\u00edcio administrativamente alegando que o homem n\u00e3o possu\u00eda mais a condi\u00e7\u00e3o [&hellip;]","og_url":"https:\/\/mhcalculos.com.br\/noticias\/area\/previdenciario\/trf4-tribunal-concede-auxilio-reclusao-para-sustento-de-menina-com-14-anos-21-02-2020.html","og_site_name":"Portal de Not\u00edcias","article_published_time":"2020-02-22T16:06:06+00:00","article_modified_time":"2021-07-28T17:30:16+00:00","og_image":[{"width":2200,"height":1300,"url":"https:\/\/mhcalculos.com.br\/noticias\/wp-content\/uploads\/sites\/2\/2020\/02\/bfc_trf4_alta_2589_20.jpg","type":"image\/jpeg"}],"author":"Equipe MH","twitter_card":"summary_large_image","twitter_misc":{"Escrito por":"Equipe MH","Est. tempo de leitura":"5 minutos"},"schema":{"@context":"https:\/\/schema.org","@graph":[{"@type":"Article","@id":"https:\/\/mhcalculos.com.br\/noticias\/area\/previdenciario\/trf4-tribunal-concede-auxilio-reclusao-para-sustento-de-menina-com-14-anos-21-02-2020.html#article","isPartOf":{"@id":"https:\/\/mhcalculos.com.br\/noticias\/area\/previdenciario\/trf4-tribunal-concede-auxilio-reclusao-para-sustento-de-menina-com-14-anos-21-02-2020.html"},"author":{"name":"Equipe MH","@id":"https:\/\/mhcalculos.com.br\/noticias\/#\/schema\/person\/88d1c34bf72dc779ea14a5a6b8e0ae8d"},"headline":"TRF4: Tribunal&nbsp;concede aux\u00edlio-reclus\u00e3o para sustento de menina com 14 anos (21\/02\/2020)","datePublished":"2020-02-22T16:06:06+00:00","dateModified":"2021-07-28T17:30:16+00:00","mainEntityOfPage":{"@id":"https:\/\/mhcalculos.com.br\/noticias\/area\/previdenciario\/trf4-tribunal-concede-auxilio-reclusao-para-sustento-de-menina-com-14-anos-21-02-2020.html"},"wordCount":992,"commentCount":0,"image":{"@id":"https:\/\/mhcalculos.com.br\/noticias\/area\/previdenciario\/trf4-tribunal-concede-auxilio-reclusao-para-sustento-de-menina-com-14-anos-21-02-2020.html#primaryimage"},"thumbnailUrl":"https:\/\/mhcalculos.com.br\/noticias\/wp-content\/uploads\/sites\/2\/2020\/02\/bfc_trf4_alta_2589_20.jpg","keywords":["aposentadoria","c\u00e1lculos previdenci\u00e1rios","direito previdenci\u00e1rio","inss","per\u00edcia","perito","trf4"],"articleSection":["Direito Previdenci\u00e1rio","TRF4"],"inLanguage":"pt-BR","potentialAction":[{"@type":"CommentAction","name":"Comment","target":["https:\/\/mhcalculos.com.br\/noticias\/area\/previdenciario\/trf4-tribunal-concede-auxilio-reclusao-para-sustento-de-menina-com-14-anos-21-02-2020.html#respond"]}]},{"@type":"WebPage","@id":"https:\/\/mhcalculos.com.br\/noticias\/area\/previdenciario\/trf4-tribunal-concede-auxilio-reclusao-para-sustento-de-menina-com-14-anos-21-02-2020.html","url":"https:\/\/mhcalculos.com.br\/noticias\/area\/previdenciario\/trf4-tribunal-concede-auxilio-reclusao-para-sustento-de-menina-com-14-anos-21-02-2020.html","name":"TRF4: Tribunal&nbsp;concede aux\u00edlio-reclus\u00e3o para sustento de menina com 14 anos (21\/02\/2020) | Portal de Not\u00edcias","isPartOf":{"@id":"https:\/\/mhcalculos.com.br\/noticias\/#website"},"primaryImageOfPage":{"@id":"https:\/\/mhcalculos.com.br\/noticias\/area\/previdenciario\/trf4-tribunal-concede-auxilio-reclusao-para-sustento-de-menina-com-14-anos-21-02-2020.html#primaryimage"},"image":{"@id":"https:\/\/mhcalculos.com.br\/noticias\/area\/previdenciario\/trf4-tribunal-concede-auxilio-reclusao-para-sustento-de-menina-com-14-anos-21-02-2020.html#primaryimage"},"thumbnailUrl":"https:\/\/mhcalculos.com.br\/noticias\/wp-content\/uploads\/sites\/2\/2020\/02\/bfc_trf4_alta_2589_20.jpg","datePublished":"2020-02-22T16:06:06+00:00","dateModified":"2021-07-28T17:30:16+00:00","author":{"@id":"https:\/\/mhcalculos.com.br\/noticias\/#\/schema\/person\/88d1c34bf72dc779ea14a5a6b8e0ae8d"},"breadcrumb":{"@id":"https:\/\/mhcalculos.com.br\/noticias\/area\/previdenciario\/trf4-tribunal-concede-auxilio-reclusao-para-sustento-de-menina-com-14-anos-21-02-2020.html#breadcrumb"},"inLanguage":"pt-BR","potentialAction":[{"@type":"ReadAction","target":["https:\/\/mhcalculos.com.br\/noticias\/area\/previdenciario\/trf4-tribunal-concede-auxilio-reclusao-para-sustento-de-menina-com-14-anos-21-02-2020.html"]}]},{"@type":"ImageObject","inLanguage":"pt-BR","@id":"https:\/\/mhcalculos.com.br\/noticias\/area\/previdenciario\/trf4-tribunal-concede-auxilio-reclusao-para-sustento-de-menina-com-14-anos-21-02-2020.html#primaryimage","url":"https:\/\/mhcalculos.com.br\/noticias\/wp-content\/uploads\/sites\/2\/2020\/02\/bfc_trf4_alta_2589_20.jpg","contentUrl":"https:\/\/mhcalculos.com.br\/noticias\/wp-content\/uploads\/sites\/2\/2020\/02\/bfc_trf4_alta_2589_20.jpg","width":2200,"height":1300},{"@type":"BreadcrumbList","@id":"https:\/\/mhcalculos.com.br\/noticias\/area\/previdenciario\/trf4-tribunal-concede-auxilio-reclusao-para-sustento-de-menina-com-14-anos-21-02-2020.html#breadcrumb","itemListElement":[{"@type":"ListItem","position":1,"name":"In\u00edcio","item":"https:\/\/mhcalculos.com.br\/noticias\/"},{"@type":"ListItem","position":2,"name":"TRF4: Tribunal&nbsp;concede aux\u00edlio-reclus\u00e3o para sustento de menina com 14 anos (21\/02\/2020)"}]},{"@type":"WebSite","@id":"https:\/\/mhcalculos.com.br\/noticias\/#website","url":"https:\/\/mhcalculos.com.br\/noticias\/","name":"Portal de Not\u00edcias","description":"Not\u00edcias e Jurisprud\u00eancia","potentialAction":[{"@type":"SearchAction","target":{"@type":"EntryPoint","urlTemplate":"https:\/\/mhcalculos.com.br\/noticias\/?s={search_term_string}"},"query-input":{"@type":"PropertyValueSpecification","valueRequired":true,"valueName":"search_term_string"}}],"inLanguage":"pt-BR"},{"@type":"Person","@id":"https:\/\/mhcalculos.com.br\/noticias\/#\/schema\/person\/88d1c34bf72dc779ea14a5a6b8e0ae8d","name":"Equipe MH","image":{"@type":"ImageObject","inLanguage":"pt-BR","@id":"https:\/\/secure.gravatar.com\/avatar\/de1c686c2ecc9c5a3f327e3431d819eb39f8f05d4e1045f5a1caad6daaba987f?s=96&d=mm&r=g","url":"https:\/\/secure.gravatar.com\/avatar\/de1c686c2ecc9c5a3f327e3431d819eb39f8f05d4e1045f5a1caad6daaba987f?s=96&d=mm&r=g","contentUrl":"https:\/\/secure.gravatar.com\/avatar\/de1c686c2ecc9c5a3f327e3431d819eb39f8f05d4e1045f5a1caad6daaba987f?s=96&d=mm&r=g","caption":"Equipe MH"}}]}},"_links":{"self":[{"href":"https:\/\/mhcalculos.com.br\/noticias\/wp-json\/wp\/v2\/posts\/6932","targetHints":{"allow":["GET"]}}],"collection":[{"href":"https:\/\/mhcalculos.com.br\/noticias\/wp-json\/wp\/v2\/posts"}],"about":[{"href":"https:\/\/mhcalculos.com.br\/noticias\/wp-json\/wp\/v2\/types\/post"}],"author":[{"embeddable":true,"href":"https:\/\/mhcalculos.com.br\/noticias\/wp-json\/wp\/v2\/users\/3063"}],"replies":[{"embeddable":true,"href":"https:\/\/mhcalculos.com.br\/noticias\/wp-json\/wp\/v2\/comments?post=6932"}],"version-history":[{"count":1,"href":"https:\/\/mhcalculos.com.br\/noticias\/wp-json\/wp\/v2\/posts\/6932\/revisions"}],"predecessor-version":[{"id":9363,"href":"https:\/\/mhcalculos.com.br\/noticias\/wp-json\/wp\/v2\/posts\/6932\/revisions\/9363"}],"wp:featuredmedia":[{"embeddable":true,"href":"https:\/\/mhcalculos.com.br\/noticias\/wp-json\/wp\/v2\/media\/6933"}],"wp:attachment":[{"href":"https:\/\/mhcalculos.com.br\/noticias\/wp-json\/wp\/v2\/media?parent=6932"}],"wp:term":[{"taxonomy":"category","embeddable":true,"href":"https:\/\/mhcalculos.com.br\/noticias\/wp-json\/wp\/v2\/categories?post=6932"},{"taxonomy":"post_tag","embeddable":true,"href":"https:\/\/mhcalculos.com.br\/noticias\/wp-json\/wp\/v2\/tags?post=6932"}],"curies":[{"name":"wp","href":"https:\/\/api.w.org\/{rel}","templated":true}]}}