{"id":6931,"date":"2020-02-22T09:05:17","date_gmt":"2020-02-22T12:05:17","guid":{"rendered":"https:\/\/mhcalculos.com.br\/noticias\/area\/previdenciario\/stf-liminar-garante-ao-rs-fixar-contribuicao-previdenciaria-de-militares-sem-sancoes-por-parte-da-uniao\/"},"modified":"2021-07-28T14:30:16","modified_gmt":"2021-07-28T17:30:16","slug":"stf-liminar-garante-ao-rs-fixar-contribuicao-previdenciaria-de-militares-sem-sancoes-por-parte-da-uniao","status":"publish","type":"post","link":"https:\/\/mhcalculos.com.br\/noticias\/area\/previdenciario\/stf-liminar-garante-ao-rs-fixar-contribuicao-previdenciaria-de-militares-sem-sancoes-por-parte-da-uniao.html","title":{"rendered":"STF: Liminar garante ao RS fixar contribui\u00e7\u00e3o previdenci\u00e1ria de militares sem san\u00e7\u00f5es por parte da Uni\u00e3o"},"content":{"rendered":"<p><br \/>\n<\/p>\n<p>O ministro Lu\u00eds Roberto Barroso, do Supremo Tribunal Federal (STF), deferiu medida liminar ao Estado do Rio Grande do Sul para impedir que a Uni\u00e3o aplique san\u00e7\u00f5es caso o governo mantenha a cobran\u00e7a da al\u00edquota de 14% dos militares estaduais, prevista na legisla\u00e7\u00e3o local, em detrimento da atualmente aplic\u00e1vel por lei federal aos militares das For\u00e7as Armadas e a seus pensionistas (9,5%). A tutela de urg\u00eancia, deferida na A\u00e7\u00e3o C\u00edvel Origin\u00e1ria (ACO) 3350, garante a autonomia do governo estadual para fixar sua pr\u00f3pria al\u00edquota de contribui\u00e7\u00e3o previdenci\u00e1ria.<\/p>\n<p>Na a\u00e7\u00e3o, o governo ga\u00facho buscava evitar a aplica\u00e7\u00e3o das consequ\u00eancias jur\u00eddicas previstas no artigo 7&ordm; da Lei 9.717\/1998, como a suspens\u00e3o das transfer\u00eancias volunt\u00e1rias pela Uni\u00e3o, o impedimento para celebrar contratos, a suspens\u00e3o de empr\u00e9stimos e financiamentos e a negativa de expedi\u00e7\u00e3o do Certificado de Regularidade Previdenci\u00e1ria. Na avalia\u00e7\u00e3o do ministro, as penalidades podem causar ao estado s\u00e9rios preju\u00edzos na execu\u00e7\u00e3o de suas pol\u00edticas p\u00fablicas.<\/p>\n<p><b>Reforma da Previd\u00eancia<\/b><\/p>\n<p>O Rio Grande do Sul ajuizou a a\u00e7\u00e3o no STF preocupado com a possibilidade de imposi\u00e7\u00e3o das san\u00e7\u00f5es. Isso porque, desde 2016, vinha aplicando a al\u00edquota de 14% a policiais e bombeiros militares e a pensionistas. Entretanto, a Reforma da Previd\u00eancia (Emenda Constitucional 103\/2019) alterou o artigo 22, inciso XI, da Constitui\u00e7\u00e3o Federal, atribuindo \u00e0 Uni\u00e3o a compet\u00eancia para editar normas gerais  sobre aposentadorias e pens\u00f5es de policiais e bombeiros militares.<\/p>\n<p>Assim, foi editada a Lei 13.954\/2019, que deu nova reda\u00e7\u00e3o ao Decreto-Lei 667\/1969 para determinar aos estados a aplica\u00e7\u00e3o da mesma al\u00edquota de contribui\u00e7\u00e3o estabelecida para as For\u00e7as Armadas (9,5%) at\u00e9 1&ordm;\/1\/2025. Segundo Barroso, no entanto, ao dispor sobre a al\u00edquota de contribui\u00e7\u00e3o previdenci\u00e1ria aplic\u00e1vel aos militares estaduais e distritais, a Uni\u00e3o teria extrapolado sua compet\u00eancia para a edi\u00e7\u00e3o de normas gerais, comprometendo o pacto federativo e a autonomia desses entes.<\/p>\n<p>Em sua decis\u00e3o, o ministro considerou relatos do governo ga\u00facho sobre a realidade do estado, como o custeio de 90% das despesas previdenci\u00e1rias e a quantidade de servidores inativos e pensionistas, que supera em 60% a de trabalhadores ativos. Em casos como esse, segundo Barroso, &ldquo;espera-se que a sustentabilidade do regime pr\u00f3prio de inatividade e pens\u00f5es demande a fixa\u00e7\u00e3o de al\u00edquota de contribui\u00e7\u00e3o mais elevada&rdquo;. Assim, na avalia\u00e7\u00e3o do ministro, &ldquo;parece fora de d\u00favida que a estipula\u00e7\u00e3o de al\u00edquota nacional dificulta que caracter\u00edsticas espec\u00edficas dos estados sejam levadas em considera\u00e7\u00e3o, o que pode prejudicar o equil\u00edbrio de seus regimes&rdquo;.<\/p>\n<p>Leia a <a href=\"http:\/\/portal.stf.jus.br\/processos\/downloadPeca.asp?id=15342440817&amp;ext=.pdf\" target=\"_blank\" rel=\"noopener noreferrer\">\u00edntegra da decis\u00e3o<\/a>.<\/p>\n<p>AR\/CR\/\/CF<\/p>\n<p><i>Com informa\u00e7\u00f5es da assessoria de imprensa do STF.<\/i><br \/>\n<br \/><br \/>\n<br \/><a href=\"http:\/\/www.stf.jus.br\/portal\/cms\/verNoticiaDetalhe.asp?idConteudo=437776\">Fonte<\/a><\/p>\n","protected":false},"excerpt":{"rendered":"<p>O ministro Lu\u00eds Roberto Barroso, do Supremo Tribunal Federal (STF), deferiu medida liminar ao Estado do Rio Grande do Sul para impedir que a Uni\u00e3o aplique san\u00e7\u00f5es caso o governo mantenha a cobran\u00e7a da al\u00edquota de 14% dos militares estaduais, prevista na legisla\u00e7\u00e3o local, em detrimento da atualmente aplic\u00e1vel por lei federal aos militares das [&hellip;]<\/p>\n","protected":false},"author":3063,"featured_media":1847,"comment_status":"open","ping_status":"open","sticky":false,"template":"","format":"standard","meta":{"footnotes":""},"categories":[5,15],"tags":[11,10,8,13,9,12,16],"class_list":{"0":"post-6931","1":"post","2":"type-post","3":"status-publish","4":"format-standard","5":"has-post-thumbnail","7":"category-previdenciario","8":"category-stf","9":"tag-aposentadoria","10":"tag-calculos-previdenciarios","11":"tag-direito-previdenciario","12":"tag-inss","13":"tag-pericia","14":"tag-perito","15":"tag-stf"},"yoast_head":"<!-- This site is optimized with the Yoast SEO plugin v27.2 - https:\/\/yoast.com\/product\/yoast-seo-wordpress\/ -->\n<title>STF: Liminar garante ao RS fixar contribui\u00e7\u00e3o previdenci\u00e1ria de militares sem san\u00e7\u00f5es por parte da Uni\u00e3o | Portal de Not\u00edcias<\/title>\n<meta name=\"robots\" content=\"index, follow, max-snippet:-1, max-image-preview:large, max-video-preview:-1\" \/>\n<link rel=\"canonical\" href=\"https:\/\/mhcalculos.com.br\/noticias\/area\/previdenciario\/stf-liminar-garante-ao-rs-fixar-contribuicao-previdenciaria-de-militares-sem-sancoes-por-parte-da-uniao.html\" \/>\n<meta property=\"og:locale\" content=\"pt_BR\" \/>\n<meta property=\"og:type\" content=\"article\" \/>\n<meta property=\"og:title\" content=\"STF: Liminar garante ao RS fixar contribui\u00e7\u00e3o previdenci\u00e1ria de militares sem san\u00e7\u00f5es por parte da Uni\u00e3o | Portal de Not\u00edcias\" \/>\n<meta property=\"og:description\" content=\"O ministro Lu\u00eds Roberto Barroso, do Supremo Tribunal Federal (STF), deferiu medida liminar ao Estado do Rio Grande do Sul para impedir que a Uni\u00e3o aplique san\u00e7\u00f5es caso o governo mantenha a cobran\u00e7a da al\u00edquota de 14% dos militares estaduais, prevista na legisla\u00e7\u00e3o local, em detrimento da atualmente aplic\u00e1vel por lei federal aos militares das [&hellip;]\" \/>\n<meta property=\"og:url\" content=\"https:\/\/mhcalculos.com.br\/noticias\/area\/previdenciario\/stf-liminar-garante-ao-rs-fixar-contribuicao-previdenciaria-de-militares-sem-sancoes-por-parte-da-uniao.html\" \/>\n<meta property=\"og:site_name\" content=\"Portal de Not\u00edcias\" \/>\n<meta property=\"article:published_time\" content=\"2020-02-22T12:05:17+00:00\" \/>\n<meta property=\"article:modified_time\" content=\"2021-07-28T17:30:16+00:00\" \/>\n<meta property=\"og:image\" content=\"https:\/\/mhcalculos.com.br\/noticias\/wp-content\/uploads\/sites\/2\/2018\/06\/judiciario-0015.jpg\" \/>\n\t<meta property=\"og:image:width\" content=\"2000\" \/>\n\t<meta property=\"og:image:height\" content=\"800\" \/>\n\t<meta property=\"og:image:type\" content=\"image\/jpeg\" \/>\n<meta name=\"author\" content=\"Equipe MH\" \/>\n<meta name=\"twitter:card\" content=\"summary_large_image\" \/>\n<meta name=\"twitter:label1\" content=\"Escrito por\" \/>\n\t<meta name=\"twitter:data1\" content=\"Equipe MH\" \/>\n\t<meta name=\"twitter:label2\" content=\"Est. tempo de leitura\" \/>\n\t<meta name=\"twitter:data2\" content=\"2 minutos\" \/>\n<script type=\"application\/ld+json\" class=\"yoast-schema-graph\">{\"@context\":\"https:\/\/schema.org\",\"@graph\":[{\"@type\":\"Article\",\"@id\":\"https:\/\/mhcalculos.com.br\/noticias\/area\/previdenciario\/stf-liminar-garante-ao-rs-fixar-contribuicao-previdenciaria-de-militares-sem-sancoes-por-parte-da-uniao.html#article\",\"isPartOf\":{\"@id\":\"https:\/\/mhcalculos.com.br\/noticias\/area\/previdenciario\/stf-liminar-garante-ao-rs-fixar-contribuicao-previdenciaria-de-militares-sem-sancoes-por-parte-da-uniao.html\"},\"author\":{\"name\":\"Equipe MH\",\"@id\":\"https:\/\/mhcalculos.com.br\/noticias\/#\/schema\/person\/88d1c34bf72dc779ea14a5a6b8e0ae8d\"},\"headline\":\"STF: Liminar garante ao RS fixar contribui\u00e7\u00e3o previdenci\u00e1ria de militares sem san\u00e7\u00f5es por parte da Uni\u00e3o\",\"datePublished\":\"2020-02-22T12:05:17+00:00\",\"dateModified\":\"2021-07-28T17:30:16+00:00\",\"mainEntityOfPage\":{\"@id\":\"https:\/\/mhcalculos.com.br\/noticias\/area\/previdenciario\/stf-liminar-garante-ao-rs-fixar-contribuicao-previdenciaria-de-militares-sem-sancoes-por-parte-da-uniao.html\"},\"wordCount\":501,\"commentCount\":0,\"image\":{\"@id\":\"https:\/\/mhcalculos.com.br\/noticias\/area\/previdenciario\/stf-liminar-garante-ao-rs-fixar-contribuicao-previdenciaria-de-militares-sem-sancoes-por-parte-da-uniao.html#primaryimage\"},\"thumbnailUrl\":\"https:\/\/mhcalculos.com.br\/noticias\/wp-content\/uploads\/sites\/2\/2018\/06\/judiciario-0015.jpg\",\"keywords\":[\"aposentadoria\",\"c\u00e1lculos previdenci\u00e1rios\",\"direito previdenci\u00e1rio\",\"inss\",\"per\u00edcia\",\"perito\",\"stf\"],\"articleSection\":[\"Direito Previdenci\u00e1rio\",\"STF\"],\"inLanguage\":\"pt-BR\",\"potentialAction\":[{\"@type\":\"CommentAction\",\"name\":\"Comment\",\"target\":[\"https:\/\/mhcalculos.com.br\/noticias\/area\/previdenciario\/stf-liminar-garante-ao-rs-fixar-contribuicao-previdenciaria-de-militares-sem-sancoes-por-parte-da-uniao.html#respond\"]}]},{\"@type\":\"WebPage\",\"@id\":\"https:\/\/mhcalculos.com.br\/noticias\/area\/previdenciario\/stf-liminar-garante-ao-rs-fixar-contribuicao-previdenciaria-de-militares-sem-sancoes-por-parte-da-uniao.html\",\"url\":\"https:\/\/mhcalculos.com.br\/noticias\/area\/previdenciario\/stf-liminar-garante-ao-rs-fixar-contribuicao-previdenciaria-de-militares-sem-sancoes-por-parte-da-uniao.html\",\"name\":\"STF: Liminar garante ao RS fixar contribui\u00e7\u00e3o previdenci\u00e1ria de militares sem san\u00e7\u00f5es por parte da Uni\u00e3o | Portal de Not\u00edcias\",\"isPartOf\":{\"@id\":\"https:\/\/mhcalculos.com.br\/noticias\/#website\"},\"primaryImageOfPage\":{\"@id\":\"https:\/\/mhcalculos.com.br\/noticias\/area\/previdenciario\/stf-liminar-garante-ao-rs-fixar-contribuicao-previdenciaria-de-militares-sem-sancoes-por-parte-da-uniao.html#primaryimage\"},\"image\":{\"@id\":\"https:\/\/mhcalculos.com.br\/noticias\/area\/previdenciario\/stf-liminar-garante-ao-rs-fixar-contribuicao-previdenciaria-de-militares-sem-sancoes-por-parte-da-uniao.html#primaryimage\"},\"thumbnailUrl\":\"https:\/\/mhcalculos.com.br\/noticias\/wp-content\/uploads\/sites\/2\/2018\/06\/judiciario-0015.jpg\",\"datePublished\":\"2020-02-22T12:05:17+00:00\",\"dateModified\":\"2021-07-28T17:30:16+00:00\",\"author\":{\"@id\":\"https:\/\/mhcalculos.com.br\/noticias\/#\/schema\/person\/88d1c34bf72dc779ea14a5a6b8e0ae8d\"},\"breadcrumb\":{\"@id\":\"https:\/\/mhcalculos.com.br\/noticias\/area\/previdenciario\/stf-liminar-garante-ao-rs-fixar-contribuicao-previdenciaria-de-militares-sem-sancoes-por-parte-da-uniao.html#breadcrumb\"},\"inLanguage\":\"pt-BR\",\"potentialAction\":[{\"@type\":\"ReadAction\",\"target\":[\"https:\/\/mhcalculos.com.br\/noticias\/area\/previdenciario\/stf-liminar-garante-ao-rs-fixar-contribuicao-previdenciaria-de-militares-sem-sancoes-por-parte-da-uniao.html\"]}]},{\"@type\":\"ImageObject\",\"inLanguage\":\"pt-BR\",\"@id\":\"https:\/\/mhcalculos.com.br\/noticias\/area\/previdenciario\/stf-liminar-garante-ao-rs-fixar-contribuicao-previdenciaria-de-militares-sem-sancoes-por-parte-da-uniao.html#primaryimage\",\"url\":\"https:\/\/mhcalculos.com.br\/noticias\/wp-content\/uploads\/sites\/2\/2018\/06\/judiciario-0015.jpg\",\"contentUrl\":\"https:\/\/mhcalculos.com.br\/noticias\/wp-content\/uploads\/sites\/2\/2018\/06\/judiciario-0015.jpg\",\"width\":2000,\"height\":800},{\"@type\":\"BreadcrumbList\",\"@id\":\"https:\/\/mhcalculos.com.br\/noticias\/area\/previdenciario\/stf-liminar-garante-ao-rs-fixar-contribuicao-previdenciaria-de-militares-sem-sancoes-por-parte-da-uniao.html#breadcrumb\",\"itemListElement\":[{\"@type\":\"ListItem\",\"position\":1,\"name\":\"In\u00edcio\",\"item\":\"https:\/\/mhcalculos.com.br\/noticias\/\"},{\"@type\":\"ListItem\",\"position\":2,\"name\":\"STF: Liminar garante ao RS fixar contribui\u00e7\u00e3o previdenci\u00e1ria de militares sem san\u00e7\u00f5es por parte da Uni\u00e3o\"}]},{\"@type\":\"WebSite\",\"@id\":\"https:\/\/mhcalculos.com.br\/noticias\/#website\",\"url\":\"https:\/\/mhcalculos.com.br\/noticias\/\",\"name\":\"Portal de Not\u00edcias\",\"description\":\"Not\u00edcias e Jurisprud\u00eancia\",\"potentialAction\":[{\"@type\":\"SearchAction\",\"target\":{\"@type\":\"EntryPoint\",\"urlTemplate\":\"https:\/\/mhcalculos.com.br\/noticias\/?s={search_term_string}\"},\"query-input\":{\"@type\":\"PropertyValueSpecification\",\"valueRequired\":true,\"valueName\":\"search_term_string\"}}],\"inLanguage\":\"pt-BR\"},{\"@type\":\"Person\",\"@id\":\"https:\/\/mhcalculos.com.br\/noticias\/#\/schema\/person\/88d1c34bf72dc779ea14a5a6b8e0ae8d\",\"name\":\"Equipe MH\",\"image\":{\"@type\":\"ImageObject\",\"inLanguage\":\"pt-BR\",\"@id\":\"https:\/\/secure.gravatar.com\/avatar\/de1c686c2ecc9c5a3f327e3431d819eb39f8f05d4e1045f5a1caad6daaba987f?s=96&d=mm&r=g\",\"url\":\"https:\/\/secure.gravatar.com\/avatar\/de1c686c2ecc9c5a3f327e3431d819eb39f8f05d4e1045f5a1caad6daaba987f?s=96&d=mm&r=g\",\"contentUrl\":\"https:\/\/secure.gravatar.com\/avatar\/de1c686c2ecc9c5a3f327e3431d819eb39f8f05d4e1045f5a1caad6daaba987f?s=96&d=mm&r=g\",\"caption\":\"Equipe MH\"}}]}<\/script>\n<!-- \/ Yoast SEO plugin. -->","yoast_head_json":{"title":"STF: Liminar garante ao RS fixar contribui\u00e7\u00e3o previdenci\u00e1ria de militares sem san\u00e7\u00f5es por parte da Uni\u00e3o | Portal de Not\u00edcias","robots":{"index":"index","follow":"follow","max-snippet":"max-snippet:-1","max-image-preview":"max-image-preview:large","max-video-preview":"max-video-preview:-1"},"canonical":"https:\/\/mhcalculos.com.br\/noticias\/area\/previdenciario\/stf-liminar-garante-ao-rs-fixar-contribuicao-previdenciaria-de-militares-sem-sancoes-por-parte-da-uniao.html","og_locale":"pt_BR","og_type":"article","og_title":"STF: Liminar garante ao RS fixar contribui\u00e7\u00e3o previdenci\u00e1ria de militares sem san\u00e7\u00f5es por parte da Uni\u00e3o | Portal de Not\u00edcias","og_description":"O ministro Lu\u00eds Roberto Barroso, do Supremo Tribunal Federal (STF), deferiu medida liminar ao Estado do Rio Grande do Sul para impedir que a Uni\u00e3o aplique san\u00e7\u00f5es caso o governo mantenha a cobran\u00e7a da al\u00edquota de 14% dos militares estaduais, prevista na legisla\u00e7\u00e3o local, em detrimento da atualmente aplic\u00e1vel por lei federal aos militares das [&hellip;]","og_url":"https:\/\/mhcalculos.com.br\/noticias\/area\/previdenciario\/stf-liminar-garante-ao-rs-fixar-contribuicao-previdenciaria-de-militares-sem-sancoes-por-parte-da-uniao.html","og_site_name":"Portal de Not\u00edcias","article_published_time":"2020-02-22T12:05:17+00:00","article_modified_time":"2021-07-28T17:30:16+00:00","og_image":[{"width":2000,"height":800,"url":"https:\/\/mhcalculos.com.br\/noticias\/wp-content\/uploads\/sites\/2\/2018\/06\/judiciario-0015.jpg","type":"image\/jpeg"}],"author":"Equipe MH","twitter_card":"summary_large_image","twitter_misc":{"Escrito por":"Equipe MH","Est. tempo de leitura":"2 minutos"},"schema":{"@context":"https:\/\/schema.org","@graph":[{"@type":"Article","@id":"https:\/\/mhcalculos.com.br\/noticias\/area\/previdenciario\/stf-liminar-garante-ao-rs-fixar-contribuicao-previdenciaria-de-militares-sem-sancoes-por-parte-da-uniao.html#article","isPartOf":{"@id":"https:\/\/mhcalculos.com.br\/noticias\/area\/previdenciario\/stf-liminar-garante-ao-rs-fixar-contribuicao-previdenciaria-de-militares-sem-sancoes-por-parte-da-uniao.html"},"author":{"name":"Equipe MH","@id":"https:\/\/mhcalculos.com.br\/noticias\/#\/schema\/person\/88d1c34bf72dc779ea14a5a6b8e0ae8d"},"headline":"STF: Liminar garante ao RS fixar contribui\u00e7\u00e3o previdenci\u00e1ria de militares sem san\u00e7\u00f5es por parte da Uni\u00e3o","datePublished":"2020-02-22T12:05:17+00:00","dateModified":"2021-07-28T17:30:16+00:00","mainEntityOfPage":{"@id":"https:\/\/mhcalculos.com.br\/noticias\/area\/previdenciario\/stf-liminar-garante-ao-rs-fixar-contribuicao-previdenciaria-de-militares-sem-sancoes-por-parte-da-uniao.html"},"wordCount":501,"commentCount":0,"image":{"@id":"https:\/\/mhcalculos.com.br\/noticias\/area\/previdenciario\/stf-liminar-garante-ao-rs-fixar-contribuicao-previdenciaria-de-militares-sem-sancoes-por-parte-da-uniao.html#primaryimage"},"thumbnailUrl":"https:\/\/mhcalculos.com.br\/noticias\/wp-content\/uploads\/sites\/2\/2018\/06\/judiciario-0015.jpg","keywords":["aposentadoria","c\u00e1lculos previdenci\u00e1rios","direito previdenci\u00e1rio","inss","per\u00edcia","perito","stf"],"articleSection":["Direito Previdenci\u00e1rio","STF"],"inLanguage":"pt-BR","potentialAction":[{"@type":"CommentAction","name":"Comment","target":["https:\/\/mhcalculos.com.br\/noticias\/area\/previdenciario\/stf-liminar-garante-ao-rs-fixar-contribuicao-previdenciaria-de-militares-sem-sancoes-por-parte-da-uniao.html#respond"]}]},{"@type":"WebPage","@id":"https:\/\/mhcalculos.com.br\/noticias\/area\/previdenciario\/stf-liminar-garante-ao-rs-fixar-contribuicao-previdenciaria-de-militares-sem-sancoes-por-parte-da-uniao.html","url":"https:\/\/mhcalculos.com.br\/noticias\/area\/previdenciario\/stf-liminar-garante-ao-rs-fixar-contribuicao-previdenciaria-de-militares-sem-sancoes-por-parte-da-uniao.html","name":"STF: Liminar garante ao RS fixar contribui\u00e7\u00e3o previdenci\u00e1ria de militares sem san\u00e7\u00f5es por parte da Uni\u00e3o | Portal de Not\u00edcias","isPartOf":{"@id":"https:\/\/mhcalculos.com.br\/noticias\/#website"},"primaryImageOfPage":{"@id":"https:\/\/mhcalculos.com.br\/noticias\/area\/previdenciario\/stf-liminar-garante-ao-rs-fixar-contribuicao-previdenciaria-de-militares-sem-sancoes-por-parte-da-uniao.html#primaryimage"},"image":{"@id":"https:\/\/mhcalculos.com.br\/noticias\/area\/previdenciario\/stf-liminar-garante-ao-rs-fixar-contribuicao-previdenciaria-de-militares-sem-sancoes-por-parte-da-uniao.html#primaryimage"},"thumbnailUrl":"https:\/\/mhcalculos.com.br\/noticias\/wp-content\/uploads\/sites\/2\/2018\/06\/judiciario-0015.jpg","datePublished":"2020-02-22T12:05:17+00:00","dateModified":"2021-07-28T17:30:16+00:00","author":{"@id":"https:\/\/mhcalculos.com.br\/noticias\/#\/schema\/person\/88d1c34bf72dc779ea14a5a6b8e0ae8d"},"breadcrumb":{"@id":"https:\/\/mhcalculos.com.br\/noticias\/area\/previdenciario\/stf-liminar-garante-ao-rs-fixar-contribuicao-previdenciaria-de-militares-sem-sancoes-por-parte-da-uniao.html#breadcrumb"},"inLanguage":"pt-BR","potentialAction":[{"@type":"ReadAction","target":["https:\/\/mhcalculos.com.br\/noticias\/area\/previdenciario\/stf-liminar-garante-ao-rs-fixar-contribuicao-previdenciaria-de-militares-sem-sancoes-por-parte-da-uniao.html"]}]},{"@type":"ImageObject","inLanguage":"pt-BR","@id":"https:\/\/mhcalculos.com.br\/noticias\/area\/previdenciario\/stf-liminar-garante-ao-rs-fixar-contribuicao-previdenciaria-de-militares-sem-sancoes-por-parte-da-uniao.html#primaryimage","url":"https:\/\/mhcalculos.com.br\/noticias\/wp-content\/uploads\/sites\/2\/2018\/06\/judiciario-0015.jpg","contentUrl":"https:\/\/mhcalculos.com.br\/noticias\/wp-content\/uploads\/sites\/2\/2018\/06\/judiciario-0015.jpg","width":2000,"height":800},{"@type":"BreadcrumbList","@id":"https:\/\/mhcalculos.com.br\/noticias\/area\/previdenciario\/stf-liminar-garante-ao-rs-fixar-contribuicao-previdenciaria-de-militares-sem-sancoes-por-parte-da-uniao.html#breadcrumb","itemListElement":[{"@type":"ListItem","position":1,"name":"In\u00edcio","item":"https:\/\/mhcalculos.com.br\/noticias\/"},{"@type":"ListItem","position":2,"name":"STF: Liminar garante ao RS fixar contribui\u00e7\u00e3o previdenci\u00e1ria de militares sem san\u00e7\u00f5es por parte da Uni\u00e3o"}]},{"@type":"WebSite","@id":"https:\/\/mhcalculos.com.br\/noticias\/#website","url":"https:\/\/mhcalculos.com.br\/noticias\/","name":"Portal de Not\u00edcias","description":"Not\u00edcias e Jurisprud\u00eancia","potentialAction":[{"@type":"SearchAction","target":{"@type":"EntryPoint","urlTemplate":"https:\/\/mhcalculos.com.br\/noticias\/?s={search_term_string}"},"query-input":{"@type":"PropertyValueSpecification","valueRequired":true,"valueName":"search_term_string"}}],"inLanguage":"pt-BR"},{"@type":"Person","@id":"https:\/\/mhcalculos.com.br\/noticias\/#\/schema\/person\/88d1c34bf72dc779ea14a5a6b8e0ae8d","name":"Equipe MH","image":{"@type":"ImageObject","inLanguage":"pt-BR","@id":"https:\/\/secure.gravatar.com\/avatar\/de1c686c2ecc9c5a3f327e3431d819eb39f8f05d4e1045f5a1caad6daaba987f?s=96&d=mm&r=g","url":"https:\/\/secure.gravatar.com\/avatar\/de1c686c2ecc9c5a3f327e3431d819eb39f8f05d4e1045f5a1caad6daaba987f?s=96&d=mm&r=g","contentUrl":"https:\/\/secure.gravatar.com\/avatar\/de1c686c2ecc9c5a3f327e3431d819eb39f8f05d4e1045f5a1caad6daaba987f?s=96&d=mm&r=g","caption":"Equipe MH"}}]}},"_links":{"self":[{"href":"https:\/\/mhcalculos.com.br\/noticias\/wp-json\/wp\/v2\/posts\/6931","targetHints":{"allow":["GET"]}}],"collection":[{"href":"https:\/\/mhcalculos.com.br\/noticias\/wp-json\/wp\/v2\/posts"}],"about":[{"href":"https:\/\/mhcalculos.com.br\/noticias\/wp-json\/wp\/v2\/types\/post"}],"author":[{"embeddable":true,"href":"https:\/\/mhcalculos.com.br\/noticias\/wp-json\/wp\/v2\/users\/3063"}],"replies":[{"embeddable":true,"href":"https:\/\/mhcalculos.com.br\/noticias\/wp-json\/wp\/v2\/comments?post=6931"}],"version-history":[{"count":1,"href":"https:\/\/mhcalculos.com.br\/noticias\/wp-json\/wp\/v2\/posts\/6931\/revisions"}],"predecessor-version":[{"id":9364,"href":"https:\/\/mhcalculos.com.br\/noticias\/wp-json\/wp\/v2\/posts\/6931\/revisions\/9364"}],"wp:featuredmedia":[{"embeddable":true,"href":"https:\/\/mhcalculos.com.br\/noticias\/wp-json\/wp\/v2\/media\/1847"}],"wp:attachment":[{"href":"https:\/\/mhcalculos.com.br\/noticias\/wp-json\/wp\/v2\/media?parent=6931"}],"wp:term":[{"taxonomy":"category","embeddable":true,"href":"https:\/\/mhcalculos.com.br\/noticias\/wp-json\/wp\/v2\/categories?post=6931"},{"taxonomy":"post_tag","embeddable":true,"href":"https:\/\/mhcalculos.com.br\/noticias\/wp-json\/wp\/v2\/tags?post=6931"}],"curies":[{"name":"wp","href":"https:\/\/api.w.org\/{rel}","templated":true}]}}