{"id":6929,"date":"2020-02-21T05:05:06","date_gmt":"2020-02-21T08:05:06","guid":{"rendered":"https:\/\/mhcalculos.com.br\/noticias\/area\/previdenciario\/stf-ministra-suspende-ato-do-tj-rj-que-afastou-teto-municipal-previsto-para-pagamento-de-rpv\/"},"modified":"2021-07-28T14:30:16","modified_gmt":"2021-07-28T17:30:16","slug":"stf-ministra-suspende-ato-do-tj-rj-que-afastou-teto-municipal-previsto-para-pagamento-de-rpv","status":"publish","type":"post","link":"https:\/\/mhcalculos.com.br\/noticias\/area\/previdenciario\/stf-ministra-suspende-ato-do-tj-rj-que-afastou-teto-municipal-previsto-para-pagamento-de-rpv.html","title":{"rendered":"STF: Ministra suspende ato do TJ-RJ que afastou teto municipal previsto para pagamento de RPV"},"content":{"rendered":"<p><br \/>\n<\/p>\n<p>A ministra C\u00e1rmen L\u00facia, do Supremo Tribunal Federal (STF), deferiu liminar a fim de manter a validade de lei do Munic\u00edpio de S\u00e3o Gon\u00e7alo (RJ) que redefiniu o limite para as obriga\u00e7\u00f5es de pequeno valor de 30 sal\u00e1rios m\u00ednimos para quantia igual ou inferior ao valor do maior benef\u00edcio do Regime Geral da Previd\u00eancia Social. A decis\u00e3o da relatora foi tomada na Reclama\u00e7\u00e3o (Rcl) 37177, apresentada pelo munic\u00edpio contra decis\u00e3o do Tribunal de Justi\u00e7a do Rio de Janeiro (TJ-RJ) que sustou os efeitos da Lei municipal 718\/2017. <\/p>\n<p>Segundo o munic\u00edpio, o Tribunal de Justi\u00e7a teria desrespeitado as decis\u00f5es proferidas pelo STF nas A\u00e7\u00f5es Diretas de Inconstitucionalidade (ADI) 4357 e 4425, ao suspender a efic\u00e1cia de lei municipal por meio da qual fora fixado o teto municipal para expedi\u00e7\u00e3o de Requisi\u00e7\u00f5es de Pequeno Valor (RPV). O TJ entendeu que a norma \u00e9 inconstitucional por ter sido expedida fora do prazo de 180 dias previsto no par\u00e1grafo 12 do artigo 97 do Ato das Disposi\u00e7\u00f5es Constitucionais Transit\u00f3rias (ADCT).<\/p>\n<p>A relatora afirmou que no julgamento das ADIs 4357 e 4425 o STF declarou a inconstitucionalidade parcial das modifica\u00e7\u00f5es promovidas pela Emenda Constitucional 62\/2009, inclusive as referentes ao artigo 97 do ADCT. Segundo ela, por\u00e9m, na an\u00e1lise da quest\u00e3o de ordem dessas ADIs, ao delimitar os efeitos de sua decis\u00e3o (modula\u00e7\u00e3o dos efeitos), o Plen\u00e1rio n\u00e3o tratou do par\u00e1grafo 12 do artigo 97 do ADCT. <\/p>\n<p><span style=\"font-size: x-small\">EC\/AS\/\/CF<\/span><\/p>\n<p><i>Com informa\u00e7\u00f5es da assessoria de imprensa do STF.<\/i><br \/>\n<br \/><br \/>\n<br \/><a href=\"http:\/\/www.stf.jus.br\/portal\/cms\/verNoticiaDetalhe.asp?idConteudo=437571\">Fonte<\/a><\/p>\n","protected":false},"excerpt":{"rendered":"<p>A ministra C\u00e1rmen L\u00facia, do Supremo Tribunal Federal (STF), deferiu liminar a fim de manter a validade de lei do Munic\u00edpio de S\u00e3o Gon\u00e7alo (RJ) que redefiniu o limite para as obriga\u00e7\u00f5es de pequeno valor de 30 sal\u00e1rios m\u00ednimos para quantia igual ou inferior ao valor do maior benef\u00edcio do Regime Geral da Previd\u00eancia Social. [&hellip;]<\/p>\n","protected":false},"author":3063,"featured_media":2672,"comment_status":"open","ping_status":"open","sticky":false,"template":"","format":"standard","meta":{"footnotes":""},"categories":[5,15],"tags":[11,10,8,13,9,12,16],"class_list":{"0":"post-6929","1":"post","2":"type-post","3":"status-publish","4":"format-standard","5":"has-post-thumbnail","7":"category-previdenciario","8":"category-stf","9":"tag-aposentadoria","10":"tag-calculos-previdenciarios","11":"tag-direito-previdenciario","12":"tag-inss","13":"tag-pericia","14":"tag-perito","15":"tag-stf"},"yoast_head":"<!-- This site is optimized with the Yoast SEO plugin v27.2 - https:\/\/yoast.com\/product\/yoast-seo-wordpress\/ -->\n<title>STF: Ministra suspende ato do TJ-RJ que afastou teto municipal previsto para pagamento de RPV | Portal de Not\u00edcias<\/title>\n<meta name=\"robots\" content=\"index, follow, max-snippet:-1, max-image-preview:large, max-video-preview:-1\" \/>\n<link rel=\"canonical\" href=\"https:\/\/mhcalculos.com.br\/noticias\/area\/previdenciario\/stf-ministra-suspende-ato-do-tj-rj-que-afastou-teto-municipal-previsto-para-pagamento-de-rpv.html\" \/>\n<meta property=\"og:locale\" content=\"pt_BR\" \/>\n<meta property=\"og:type\" content=\"article\" \/>\n<meta property=\"og:title\" content=\"STF: Ministra suspende ato do TJ-RJ que afastou teto municipal previsto para pagamento de RPV | Portal de Not\u00edcias\" \/>\n<meta property=\"og:description\" content=\"A ministra C\u00e1rmen L\u00facia, do Supremo Tribunal Federal (STF), deferiu liminar a fim de manter a validade de lei do Munic\u00edpio de S\u00e3o Gon\u00e7alo (RJ) que redefiniu o limite para as obriga\u00e7\u00f5es de pequeno valor de 30 sal\u00e1rios m\u00ednimos para quantia igual ou inferior ao valor do maior benef\u00edcio do Regime Geral da Previd\u00eancia Social. [&hellip;]\" \/>\n<meta property=\"og:url\" content=\"https:\/\/mhcalculos.com.br\/noticias\/area\/previdenciario\/stf-ministra-suspende-ato-do-tj-rj-que-afastou-teto-municipal-previsto-para-pagamento-de-rpv.html\" \/>\n<meta property=\"og:site_name\" content=\"Portal de Not\u00edcias\" \/>\n<meta property=\"article:published_time\" content=\"2020-02-21T08:05:06+00:00\" \/>\n<meta property=\"article:modified_time\" content=\"2021-07-28T17:30:16+00:00\" \/>\n<meta property=\"og:image\" content=\"https:\/\/mhcalculos.com.br\/noticias\/wp-content\/uploads\/sites\/2\/2018\/08\/previdenciario-0037.jpg\" \/>\n\t<meta property=\"og:image:width\" content=\"2000\" \/>\n\t<meta property=\"og:image:height\" content=\"800\" \/>\n\t<meta property=\"og:image:type\" content=\"image\/jpeg\" \/>\n<meta name=\"author\" content=\"Equipe MH\" \/>\n<meta name=\"twitter:card\" content=\"summary_large_image\" \/>\n<meta name=\"twitter:label1\" content=\"Escrito por\" \/>\n\t<meta name=\"twitter:data1\" content=\"Equipe MH\" \/>\n\t<meta name=\"twitter:label2\" content=\"Est. tempo de leitura\" \/>\n\t<meta name=\"twitter:data2\" content=\"1 minuto\" \/>\n<script type=\"application\/ld+json\" class=\"yoast-schema-graph\">{\"@context\":\"https:\/\/schema.org\",\"@graph\":[{\"@type\":\"Article\",\"@id\":\"https:\/\/mhcalculos.com.br\/noticias\/area\/previdenciario\/stf-ministra-suspende-ato-do-tj-rj-que-afastou-teto-municipal-previsto-para-pagamento-de-rpv.html#article\",\"isPartOf\":{\"@id\":\"https:\/\/mhcalculos.com.br\/noticias\/area\/previdenciario\/stf-ministra-suspende-ato-do-tj-rj-que-afastou-teto-municipal-previsto-para-pagamento-de-rpv.html\"},\"author\":{\"name\":\"Equipe MH\",\"@id\":\"https:\/\/mhcalculos.com.br\/noticias\/#\/schema\/person\/88d1c34bf72dc779ea14a5a6b8e0ae8d\"},\"headline\":\"STF: Ministra suspende ato do TJ-RJ que afastou teto municipal previsto para pagamento de RPV\",\"datePublished\":\"2020-02-21T08:05:06+00:00\",\"dateModified\":\"2021-07-28T17:30:16+00:00\",\"mainEntityOfPage\":{\"@id\":\"https:\/\/mhcalculos.com.br\/noticias\/area\/previdenciario\/stf-ministra-suspende-ato-do-tj-rj-que-afastou-teto-municipal-previsto-para-pagamento-de-rpv.html\"},\"wordCount\":280,\"commentCount\":0,\"image\":{\"@id\":\"https:\/\/mhcalculos.com.br\/noticias\/area\/previdenciario\/stf-ministra-suspende-ato-do-tj-rj-que-afastou-teto-municipal-previsto-para-pagamento-de-rpv.html#primaryimage\"},\"thumbnailUrl\":\"https:\/\/mhcalculos.com.br\/noticias\/wp-content\/uploads\/sites\/2\/2018\/08\/previdenciario-0037.jpg\",\"keywords\":[\"aposentadoria\",\"c\u00e1lculos previdenci\u00e1rios\",\"direito previdenci\u00e1rio\",\"inss\",\"per\u00edcia\",\"perito\",\"stf\"],\"articleSection\":[\"Direito Previdenci\u00e1rio\",\"STF\"],\"inLanguage\":\"pt-BR\",\"potentialAction\":[{\"@type\":\"CommentAction\",\"name\":\"Comment\",\"target\":[\"https:\/\/mhcalculos.com.br\/noticias\/area\/previdenciario\/stf-ministra-suspende-ato-do-tj-rj-que-afastou-teto-municipal-previsto-para-pagamento-de-rpv.html#respond\"]}]},{\"@type\":\"WebPage\",\"@id\":\"https:\/\/mhcalculos.com.br\/noticias\/area\/previdenciario\/stf-ministra-suspende-ato-do-tj-rj-que-afastou-teto-municipal-previsto-para-pagamento-de-rpv.html\",\"url\":\"https:\/\/mhcalculos.com.br\/noticias\/area\/previdenciario\/stf-ministra-suspende-ato-do-tj-rj-que-afastou-teto-municipal-previsto-para-pagamento-de-rpv.html\",\"name\":\"STF: Ministra suspende ato do TJ-RJ que afastou teto municipal previsto para pagamento de RPV | Portal de Not\u00edcias\",\"isPartOf\":{\"@id\":\"https:\/\/mhcalculos.com.br\/noticias\/#website\"},\"primaryImageOfPage\":{\"@id\":\"https:\/\/mhcalculos.com.br\/noticias\/area\/previdenciario\/stf-ministra-suspende-ato-do-tj-rj-que-afastou-teto-municipal-previsto-para-pagamento-de-rpv.html#primaryimage\"},\"image\":{\"@id\":\"https:\/\/mhcalculos.com.br\/noticias\/area\/previdenciario\/stf-ministra-suspende-ato-do-tj-rj-que-afastou-teto-municipal-previsto-para-pagamento-de-rpv.html#primaryimage\"},\"thumbnailUrl\":\"https:\/\/mhcalculos.com.br\/noticias\/wp-content\/uploads\/sites\/2\/2018\/08\/previdenciario-0037.jpg\",\"datePublished\":\"2020-02-21T08:05:06+00:00\",\"dateModified\":\"2021-07-28T17:30:16+00:00\",\"author\":{\"@id\":\"https:\/\/mhcalculos.com.br\/noticias\/#\/schema\/person\/88d1c34bf72dc779ea14a5a6b8e0ae8d\"},\"breadcrumb\":{\"@id\":\"https:\/\/mhcalculos.com.br\/noticias\/area\/previdenciario\/stf-ministra-suspende-ato-do-tj-rj-que-afastou-teto-municipal-previsto-para-pagamento-de-rpv.html#breadcrumb\"},\"inLanguage\":\"pt-BR\",\"potentialAction\":[{\"@type\":\"ReadAction\",\"target\":[\"https:\/\/mhcalculos.com.br\/noticias\/area\/previdenciario\/stf-ministra-suspende-ato-do-tj-rj-que-afastou-teto-municipal-previsto-para-pagamento-de-rpv.html\"]}]},{\"@type\":\"ImageObject\",\"inLanguage\":\"pt-BR\",\"@id\":\"https:\/\/mhcalculos.com.br\/noticias\/area\/previdenciario\/stf-ministra-suspende-ato-do-tj-rj-que-afastou-teto-municipal-previsto-para-pagamento-de-rpv.html#primaryimage\",\"url\":\"https:\/\/mhcalculos.com.br\/noticias\/wp-content\/uploads\/sites\/2\/2018\/08\/previdenciario-0037.jpg\",\"contentUrl\":\"https:\/\/mhcalculos.com.br\/noticias\/wp-content\/uploads\/sites\/2\/2018\/08\/previdenciario-0037.jpg\",\"width\":2000,\"height\":800,\"caption\":\"Julgamento de repetitivos e opera\u00e7\u00f5es policiais marcam in\u00edcio do semestre forense no STJ\"},{\"@type\":\"BreadcrumbList\",\"@id\":\"https:\/\/mhcalculos.com.br\/noticias\/area\/previdenciario\/stf-ministra-suspende-ato-do-tj-rj-que-afastou-teto-municipal-previsto-para-pagamento-de-rpv.html#breadcrumb\",\"itemListElement\":[{\"@type\":\"ListItem\",\"position\":1,\"name\":\"In\u00edcio\",\"item\":\"https:\/\/mhcalculos.com.br\/noticias\/\"},{\"@type\":\"ListItem\",\"position\":2,\"name\":\"STF: Ministra suspende ato do TJ-RJ que afastou teto municipal previsto para pagamento de RPV\"}]},{\"@type\":\"WebSite\",\"@id\":\"https:\/\/mhcalculos.com.br\/noticias\/#website\",\"url\":\"https:\/\/mhcalculos.com.br\/noticias\/\",\"name\":\"Portal de Not\u00edcias\",\"description\":\"Not\u00edcias e Jurisprud\u00eancia\",\"potentialAction\":[{\"@type\":\"SearchAction\",\"target\":{\"@type\":\"EntryPoint\",\"urlTemplate\":\"https:\/\/mhcalculos.com.br\/noticias\/?s={search_term_string}\"},\"query-input\":{\"@type\":\"PropertyValueSpecification\",\"valueRequired\":true,\"valueName\":\"search_term_string\"}}],\"inLanguage\":\"pt-BR\"},{\"@type\":\"Person\",\"@id\":\"https:\/\/mhcalculos.com.br\/noticias\/#\/schema\/person\/88d1c34bf72dc779ea14a5a6b8e0ae8d\",\"name\":\"Equipe MH\",\"image\":{\"@type\":\"ImageObject\",\"inLanguage\":\"pt-BR\",\"@id\":\"https:\/\/secure.gravatar.com\/avatar\/de1c686c2ecc9c5a3f327e3431d819eb39f8f05d4e1045f5a1caad6daaba987f?s=96&d=mm&r=g\",\"url\":\"https:\/\/secure.gravatar.com\/avatar\/de1c686c2ecc9c5a3f327e3431d819eb39f8f05d4e1045f5a1caad6daaba987f?s=96&d=mm&r=g\",\"contentUrl\":\"https:\/\/secure.gravatar.com\/avatar\/de1c686c2ecc9c5a3f327e3431d819eb39f8f05d4e1045f5a1caad6daaba987f?s=96&d=mm&r=g\",\"caption\":\"Equipe MH\"}}]}<\/script>\n<!-- \/ Yoast SEO plugin. -->","yoast_head_json":{"title":"STF: Ministra suspende ato do TJ-RJ que afastou teto municipal previsto para pagamento de RPV | Portal de Not\u00edcias","robots":{"index":"index","follow":"follow","max-snippet":"max-snippet:-1","max-image-preview":"max-image-preview:large","max-video-preview":"max-video-preview:-1"},"canonical":"https:\/\/mhcalculos.com.br\/noticias\/area\/previdenciario\/stf-ministra-suspende-ato-do-tj-rj-que-afastou-teto-municipal-previsto-para-pagamento-de-rpv.html","og_locale":"pt_BR","og_type":"article","og_title":"STF: Ministra suspende ato do TJ-RJ que afastou teto municipal previsto para pagamento de RPV | Portal de Not\u00edcias","og_description":"A ministra C\u00e1rmen L\u00facia, do Supremo Tribunal Federal (STF), deferiu liminar a fim de manter a validade de lei do Munic\u00edpio de S\u00e3o Gon\u00e7alo (RJ) que redefiniu o limite para as obriga\u00e7\u00f5es de pequeno valor de 30 sal\u00e1rios m\u00ednimos para quantia igual ou inferior ao valor do maior benef\u00edcio do Regime Geral da Previd\u00eancia Social. [&hellip;]","og_url":"https:\/\/mhcalculos.com.br\/noticias\/area\/previdenciario\/stf-ministra-suspende-ato-do-tj-rj-que-afastou-teto-municipal-previsto-para-pagamento-de-rpv.html","og_site_name":"Portal de Not\u00edcias","article_published_time":"2020-02-21T08:05:06+00:00","article_modified_time":"2021-07-28T17:30:16+00:00","og_image":[{"width":2000,"height":800,"url":"https:\/\/mhcalculos.com.br\/noticias\/wp-content\/uploads\/sites\/2\/2018\/08\/previdenciario-0037.jpg","type":"image\/jpeg"}],"author":"Equipe MH","twitter_card":"summary_large_image","twitter_misc":{"Escrito por":"Equipe MH","Est. tempo de leitura":"1 minuto"},"schema":{"@context":"https:\/\/schema.org","@graph":[{"@type":"Article","@id":"https:\/\/mhcalculos.com.br\/noticias\/area\/previdenciario\/stf-ministra-suspende-ato-do-tj-rj-que-afastou-teto-municipal-previsto-para-pagamento-de-rpv.html#article","isPartOf":{"@id":"https:\/\/mhcalculos.com.br\/noticias\/area\/previdenciario\/stf-ministra-suspende-ato-do-tj-rj-que-afastou-teto-municipal-previsto-para-pagamento-de-rpv.html"},"author":{"name":"Equipe MH","@id":"https:\/\/mhcalculos.com.br\/noticias\/#\/schema\/person\/88d1c34bf72dc779ea14a5a6b8e0ae8d"},"headline":"STF: Ministra suspende ato do TJ-RJ que afastou teto municipal previsto para pagamento de RPV","datePublished":"2020-02-21T08:05:06+00:00","dateModified":"2021-07-28T17:30:16+00:00","mainEntityOfPage":{"@id":"https:\/\/mhcalculos.com.br\/noticias\/area\/previdenciario\/stf-ministra-suspende-ato-do-tj-rj-que-afastou-teto-municipal-previsto-para-pagamento-de-rpv.html"},"wordCount":280,"commentCount":0,"image":{"@id":"https:\/\/mhcalculos.com.br\/noticias\/area\/previdenciario\/stf-ministra-suspende-ato-do-tj-rj-que-afastou-teto-municipal-previsto-para-pagamento-de-rpv.html#primaryimage"},"thumbnailUrl":"https:\/\/mhcalculos.com.br\/noticias\/wp-content\/uploads\/sites\/2\/2018\/08\/previdenciario-0037.jpg","keywords":["aposentadoria","c\u00e1lculos previdenci\u00e1rios","direito previdenci\u00e1rio","inss","per\u00edcia","perito","stf"],"articleSection":["Direito Previdenci\u00e1rio","STF"],"inLanguage":"pt-BR","potentialAction":[{"@type":"CommentAction","name":"Comment","target":["https:\/\/mhcalculos.com.br\/noticias\/area\/previdenciario\/stf-ministra-suspende-ato-do-tj-rj-que-afastou-teto-municipal-previsto-para-pagamento-de-rpv.html#respond"]}]},{"@type":"WebPage","@id":"https:\/\/mhcalculos.com.br\/noticias\/area\/previdenciario\/stf-ministra-suspende-ato-do-tj-rj-que-afastou-teto-municipal-previsto-para-pagamento-de-rpv.html","url":"https:\/\/mhcalculos.com.br\/noticias\/area\/previdenciario\/stf-ministra-suspende-ato-do-tj-rj-que-afastou-teto-municipal-previsto-para-pagamento-de-rpv.html","name":"STF: Ministra suspende ato do TJ-RJ que afastou teto municipal previsto para pagamento de RPV | Portal de Not\u00edcias","isPartOf":{"@id":"https:\/\/mhcalculos.com.br\/noticias\/#website"},"primaryImageOfPage":{"@id":"https:\/\/mhcalculos.com.br\/noticias\/area\/previdenciario\/stf-ministra-suspende-ato-do-tj-rj-que-afastou-teto-municipal-previsto-para-pagamento-de-rpv.html#primaryimage"},"image":{"@id":"https:\/\/mhcalculos.com.br\/noticias\/area\/previdenciario\/stf-ministra-suspende-ato-do-tj-rj-que-afastou-teto-municipal-previsto-para-pagamento-de-rpv.html#primaryimage"},"thumbnailUrl":"https:\/\/mhcalculos.com.br\/noticias\/wp-content\/uploads\/sites\/2\/2018\/08\/previdenciario-0037.jpg","datePublished":"2020-02-21T08:05:06+00:00","dateModified":"2021-07-28T17:30:16+00:00","author":{"@id":"https:\/\/mhcalculos.com.br\/noticias\/#\/schema\/person\/88d1c34bf72dc779ea14a5a6b8e0ae8d"},"breadcrumb":{"@id":"https:\/\/mhcalculos.com.br\/noticias\/area\/previdenciario\/stf-ministra-suspende-ato-do-tj-rj-que-afastou-teto-municipal-previsto-para-pagamento-de-rpv.html#breadcrumb"},"inLanguage":"pt-BR","potentialAction":[{"@type":"ReadAction","target":["https:\/\/mhcalculos.com.br\/noticias\/area\/previdenciario\/stf-ministra-suspende-ato-do-tj-rj-que-afastou-teto-municipal-previsto-para-pagamento-de-rpv.html"]}]},{"@type":"ImageObject","inLanguage":"pt-BR","@id":"https:\/\/mhcalculos.com.br\/noticias\/area\/previdenciario\/stf-ministra-suspende-ato-do-tj-rj-que-afastou-teto-municipal-previsto-para-pagamento-de-rpv.html#primaryimage","url":"https:\/\/mhcalculos.com.br\/noticias\/wp-content\/uploads\/sites\/2\/2018\/08\/previdenciario-0037.jpg","contentUrl":"https:\/\/mhcalculos.com.br\/noticias\/wp-content\/uploads\/sites\/2\/2018\/08\/previdenciario-0037.jpg","width":2000,"height":800,"caption":"Julgamento de repetitivos e opera\u00e7\u00f5es policiais marcam in\u00edcio do semestre forense no STJ"},{"@type":"BreadcrumbList","@id":"https:\/\/mhcalculos.com.br\/noticias\/area\/previdenciario\/stf-ministra-suspende-ato-do-tj-rj-que-afastou-teto-municipal-previsto-para-pagamento-de-rpv.html#breadcrumb","itemListElement":[{"@type":"ListItem","position":1,"name":"In\u00edcio","item":"https:\/\/mhcalculos.com.br\/noticias\/"},{"@type":"ListItem","position":2,"name":"STF: Ministra suspende ato do TJ-RJ que afastou teto municipal previsto para pagamento de RPV"}]},{"@type":"WebSite","@id":"https:\/\/mhcalculos.com.br\/noticias\/#website","url":"https:\/\/mhcalculos.com.br\/noticias\/","name":"Portal de Not\u00edcias","description":"Not\u00edcias e Jurisprud\u00eancia","potentialAction":[{"@type":"SearchAction","target":{"@type":"EntryPoint","urlTemplate":"https:\/\/mhcalculos.com.br\/noticias\/?s={search_term_string}"},"query-input":{"@type":"PropertyValueSpecification","valueRequired":true,"valueName":"search_term_string"}}],"inLanguage":"pt-BR"},{"@type":"Person","@id":"https:\/\/mhcalculos.com.br\/noticias\/#\/schema\/person\/88d1c34bf72dc779ea14a5a6b8e0ae8d","name":"Equipe MH","image":{"@type":"ImageObject","inLanguage":"pt-BR","@id":"https:\/\/secure.gravatar.com\/avatar\/de1c686c2ecc9c5a3f327e3431d819eb39f8f05d4e1045f5a1caad6daaba987f?s=96&d=mm&r=g","url":"https:\/\/secure.gravatar.com\/avatar\/de1c686c2ecc9c5a3f327e3431d819eb39f8f05d4e1045f5a1caad6daaba987f?s=96&d=mm&r=g","contentUrl":"https:\/\/secure.gravatar.com\/avatar\/de1c686c2ecc9c5a3f327e3431d819eb39f8f05d4e1045f5a1caad6daaba987f?s=96&d=mm&r=g","caption":"Equipe MH"}}]}},"_links":{"self":[{"href":"https:\/\/mhcalculos.com.br\/noticias\/wp-json\/wp\/v2\/posts\/6929","targetHints":{"allow":["GET"]}}],"collection":[{"href":"https:\/\/mhcalculos.com.br\/noticias\/wp-json\/wp\/v2\/posts"}],"about":[{"href":"https:\/\/mhcalculos.com.br\/noticias\/wp-json\/wp\/v2\/types\/post"}],"author":[{"embeddable":true,"href":"https:\/\/mhcalculos.com.br\/noticias\/wp-json\/wp\/v2\/users\/3063"}],"replies":[{"embeddable":true,"href":"https:\/\/mhcalculos.com.br\/noticias\/wp-json\/wp\/v2\/comments?post=6929"}],"version-history":[{"count":1,"href":"https:\/\/mhcalculos.com.br\/noticias\/wp-json\/wp\/v2\/posts\/6929\/revisions"}],"predecessor-version":[{"id":9367,"href":"https:\/\/mhcalculos.com.br\/noticias\/wp-json\/wp\/v2\/posts\/6929\/revisions\/9367"}],"wp:featuredmedia":[{"embeddable":true,"href":"https:\/\/mhcalculos.com.br\/noticias\/wp-json\/wp\/v2\/media\/2672"}],"wp:attachment":[{"href":"https:\/\/mhcalculos.com.br\/noticias\/wp-json\/wp\/v2\/media?parent=6929"}],"wp:term":[{"taxonomy":"category","embeddable":true,"href":"https:\/\/mhcalculos.com.br\/noticias\/wp-json\/wp\/v2\/categories?post=6929"},{"taxonomy":"post_tag","embeddable":true,"href":"https:\/\/mhcalculos.com.br\/noticias\/wp-json\/wp\/v2\/tags?post=6929"}],"curies":[{"name":"wp","href":"https:\/\/api.w.org\/{rel}","templated":true}]}}