{"id":6923,"date":"2020-02-19T01:05:31","date_gmt":"2020-02-19T04:05:31","guid":{"rendered":"https:\/\/mhcalculos.com.br\/noticias\/area\/previdenciario\/trf4-tribunal-transforma-auxilio-doenca-em-aposentadoria-por-invalidez-com-pagamento-retroativo-18-02-2020\/"},"modified":"2021-07-28T14:30:17","modified_gmt":"2021-07-28T17:30:17","slug":"trf4-tribunal-transforma-auxilio-doenca-em-aposentadoria-por-invalidez-com-pagamento-retroativo-18-02-2020","status":"publish","type":"post","link":"https:\/\/mhcalculos.com.br\/noticias\/area\/previdenciario\/trf4-tribunal-transforma-auxilio-doenca-em-aposentadoria-por-invalidez-com-pagamento-retroativo-18-02-2020.html","title":{"rendered":"TRF4: Tribunal&nbsp;transforma aux\u00edlio-doen\u00e7a em aposentadoria por invalidez com pagamento retroativo (18\/02\/2020)"},"content":{"rendered":"<p><br \/>\n<\/p>\n<p>O Tribunal Regional Federal da 4\u00aa Regi\u00e3o (TRF4) determinou que o Instituto Nacional do Seguro Social (INSS) conceda aposentadoria por invalidez a um auxiliar de servi\u00e7os gerais de 52 anos, residente de Ronda Alta (RS). Conforme a decis\u00e3o, o homem, que sofre de discopatia degenerativa cervical, s\u00edndrome do manguito rotador de ombro e artrose de joelho, n\u00e3o tem condi\u00e7\u00f5es de fazer a reabilita\u00e7\u00e3o profissional proposta pela autarquia. O segurado recebia aux\u00edlio-doen\u00e7a, mas o INSS, em decis\u00e3o administrativa, cortou o pagamento. A 6\u00aa Turma, de forma un\u00e2nime, entendeu que o benef\u00edcio deve ser restabelecido e pago desde a data da cessa\u00e7\u00e3o e ser convertido em aposentadoria por invalidez a partir da data da per\u00edcia m\u00e9dica judicial que constatou a incapacidade permanente do homem para o trabalho. O julgamento aconteceu em sess\u00e3o do dia 12\/2.<\/p>\n<p>Segundo o relator do processo no tribunal, juiz federal convocado Julio Guilherme Berezoski Schattschneider: &ldquo;em que pese o m\u00e9dico perito tenha conclu\u00eddo pela exist\u00eancia de incapacidade para o exerc\u00edcio da atividade habitual com possibilidade de inclus\u00e3o do autor em processo de reabilita\u00e7\u00e3o profissional, entendo que a hip\u00f3tese \u00e9 de incapacidade total e definitiva. Com rela\u00e7\u00e3o \u00e0 incapacidade, sua an\u00e1lise dever\u00e1 ser feita de acordo com crit\u00e9rios de razoabilidade e observando-se aspectos circunstanciais, tais como a idade, a qualifica\u00e7\u00e3o pessoal e profissional do segurado, tipo de trabalho exercido, entre outros, os quais permitam aferir o grau pr\u00e1tico (e n\u00e3o meramente te\u00f3rico) da incapacidade&rdquo;.<\/p>\n<p>O segurado ajuizou, em maio de 2017, a a\u00e7\u00e3o requerendo a concess\u00e3o da aposentadoria por invalidez, com um pedido subsidi\u00e1rio de reimplanta\u00e7\u00e3o de aux\u00edlio-doen\u00e7a. O autor narrou que a partir de 2015 passou a apresentar os problemas de sa\u00fade. Segundo ele, as doen\u00e7as causaram incapacidade total para o labor.<\/p>\n<p>O homem requisitou aux\u00edlio-doen\u00e7a, que foi concedido administrativamente pela autarquia em agosto de 2015. No entanto, em dezembro de 2016, quando pleiteou a prorroga\u00e7\u00e3o do benef\u00edcio, ela foi negada sob o argumento de que n\u00e3o foi mais constatada incapacidade laborativa, assim o pagamento cessou no dia 31\/12\/2016.<\/p>\n<p>Embora tenha feito diversos novos pedidos administrativos para o restabelecimento do aux\u00edlio, todos foram indeferidos pelo instituto com a alega\u00e7\u00e3o de que n\u00e3o havia mais impedimento para atividade profissional.<\/p>\n<p>Na a\u00e7\u00e3o, ele argumentou que mesmo fazendo tratamento m\u00e9dico n\u00e3o apresentou melhoras no seu quadro cl\u00ednico, juntando aos autos receitu\u00e1rios que comprovariam que n\u00e3o possui m\u00ednimas condi\u00e7\u00f5es de exercer qualquer trabalho, em especial o de servi\u00e7os gerais, sob pena de por em risco sua sa\u00fade.<\/p>\n<p>Pleiteou que a Justi\u00e7a determinasse ao INSS o pagamento de aposentadoria por invalidez, ou, alternativamente, de aux\u00edlio-doen\u00e7a, desde a data da cessa\u00e7\u00e3o.<\/p>\n<p>Em maio de 2019, o ju\u00edzo da Comarca de Ronda Alta considerou o pedido procedente, condenando a autarquia \u00e0 implanta\u00e7\u00e3o retroativa da aposentadoria por invalidez desde dezembro de 2016. Ainda estabeleceu que as parcelas vencidas deveriam ser acrescidas de corre\u00e7\u00e3o monet\u00e1ria, pelo \u00cdndice Nacional de Pre\u00e7os ao Consumidor (INPC), e de juros morat\u00f3rios.<\/p>\n<p>O INSS recorreu ao TRF4. Na apela\u00e7\u00e3o, sustentou que o caso do autor n\u00e3o \u00e9 de aposentadoria por invalidez, mas de reabilita\u00e7\u00e3o profissional, defendendo que a incapacidade dele seria parcial.<\/p>\n<p>A 6\u00aa Turma da corte, ap\u00f3s analisar o recurso, decidiu, por unanimidade, reformar parcialmente a senten\u00e7a. O colegiado entendeu que o instituto deve pagar ao segurado o aux\u00edlio-doen\u00e7a desde a data da cessa\u00e7\u00e3o (31\/12\/2016) at\u00e9 a data da per\u00edcia m\u00e9dica judicial (13\/06\/2018) e, a partir disso, converter o benef\u00edcio em aposentadoria por invalidez.<\/p>\n<p>Ao conceder a aposentadoria por invalidez, o relator avaliou que &ldquo;as condi\u00e7\u00f5es pessoais do segurado, como a sua idade de 52 anos e as doen\u00e7as apresentadas, impossibilitam o exerc\u00edcio da atividade laboral habitual. De outra parte, considerando tamb\u00e9m que sempre foi trabalhador bra\u00e7al e a realidade do mercado de trabalho atual, j\u00e1 ex\u00edguo at\u00e9 para pessoas jovens e que est\u00e3o em perfeitas condi\u00e7\u00f5es de sa\u00fade, n\u00e3o h\u00e1 chances pr\u00e1ticas de ser o autor readaptado para trabalho que n\u00e3o lhe exija esfor\u00e7o f\u00edsico. N\u00e3o resta d\u00favida que est\u00e1 incapacitado de forma total e permanente para o labor, sem condi\u00e7\u00f5es de integrar qualquer processo de reabilita\u00e7\u00e3o profissional&rdquo;.<\/p>\n<p>Sobre a mudan\u00e7a do termo inicial da aposentadoria, o juiz destacou: &ldquo;entendo que deve ser fixado na data da avalia\u00e7\u00e3o m\u00e9dica em ju\u00edzo, haja vista ter sido nesta oportunidade que se constatou a incapacidade permanente da parte autora. Assim, reformo parcialmente a senten\u00e7a para condenar o INSS a restabelecer o benef\u00edcio de aux\u00edlio-doen\u00e7a, a contar da data da cessa\u00e7\u00e3o, em 31\/12\/2016, com convers\u00e3o em aposentadoria por invalidez a partir da data da per\u00edcia em 13\/06\/2018&rdquo;.<\/p>\n<p>Por fim, o magistrado determinou o cumprimento imediato do ac\u00f3rd\u00e3o, a ser efetivado em 45 dias, especialmente pelo car\u00e1ter alimentar do benef\u00edcio previdenci\u00e1rio e a necessidade de concretiza\u00e7\u00e3o imediata dos direitos sociais fundamentais.<\/p>\n<p><br \/> (Foto: StockPhotos)<\/p>\n<p><i>Com informa\u00e7\u00f5es da assessoria de imprensa do TRF4.<\/i><br \/>\n<br \/><a href=\"http:\/\/www2.trf4.jus.br\/trf4\/controlador.php?acao=noticia_visualizar&#038;id_noticia=15030\">Fonte<\/a><br \/>\n<br \/><\/p>\n","protected":false},"excerpt":{"rendered":"<p>O Tribunal Regional Federal da 4\u00aa Regi\u00e3o (TRF4) determinou que o Instituto Nacional do Seguro Social (INSS) conceda aposentadoria por invalidez a um auxiliar de servi\u00e7os gerais de 52 anos, residente de Ronda Alta (RS). Conforme a decis\u00e3o, o homem, que sofre de discopatia degenerativa cervical, s\u00edndrome do manguito rotador de ombro e artrose de [&hellip;]<\/p>\n","protected":false},"author":3063,"featured_media":1934,"comment_status":"open","ping_status":"open","sticky":false,"template":"","format":"standard","meta":{"footnotes":""},"categories":[5,6],"tags":[11,10,8,13,9,12,17],"class_list":{"0":"post-6923","1":"post","2":"type-post","3":"status-publish","4":"format-standard","5":"has-post-thumbnail","7":"category-previdenciario","8":"category-trf4","9":"tag-aposentadoria","10":"tag-calculos-previdenciarios","11":"tag-direito-previdenciario","12":"tag-inss","13":"tag-pericia","14":"tag-perito","15":"tag-trf4"},"yoast_head":"<!-- This site is optimized with the Yoast SEO plugin v27.2 - https:\/\/yoast.com\/product\/yoast-seo-wordpress\/ -->\n<title>TRF4: Tribunal&nbsp;transforma aux\u00edlio-doen\u00e7a em aposentadoria por invalidez com pagamento retroativo (18\/02\/2020) | Portal de Not\u00edcias<\/title>\n<meta name=\"robots\" content=\"index, follow, max-snippet:-1, max-image-preview:large, max-video-preview:-1\" \/>\n<link rel=\"canonical\" href=\"https:\/\/mhcalculos.com.br\/noticias\/area\/previdenciario\/trf4-tribunal-transforma-auxilio-doenca-em-aposentadoria-por-invalidez-com-pagamento-retroativo-18-02-2020.html\" \/>\n<meta property=\"og:locale\" content=\"pt_BR\" \/>\n<meta property=\"og:type\" content=\"article\" \/>\n<meta property=\"og:title\" content=\"TRF4: Tribunal&nbsp;transforma aux\u00edlio-doen\u00e7a em aposentadoria por invalidez com pagamento retroativo (18\/02\/2020) | Portal de Not\u00edcias\" \/>\n<meta property=\"og:description\" content=\"O Tribunal Regional Federal da 4\u00aa Regi\u00e3o (TRF4) determinou que o Instituto Nacional do Seguro Social (INSS) conceda aposentadoria por invalidez a um auxiliar de servi\u00e7os gerais de 52 anos, residente de Ronda Alta (RS). Conforme a decis\u00e3o, o homem, que sofre de discopatia degenerativa cervical, s\u00edndrome do manguito rotador de ombro e artrose de [&hellip;]\" \/>\n<meta property=\"og:url\" content=\"https:\/\/mhcalculos.com.br\/noticias\/area\/previdenciario\/trf4-tribunal-transforma-auxilio-doenca-em-aposentadoria-por-invalidez-com-pagamento-retroativo-18-02-2020.html\" \/>\n<meta property=\"og:site_name\" content=\"Portal de Not\u00edcias\" \/>\n<meta property=\"article:published_time\" content=\"2020-02-19T04:05:31+00:00\" \/>\n<meta property=\"article:modified_time\" content=\"2021-07-28T17:30:17+00:00\" \/>\n<meta property=\"og:image\" content=\"https:\/\/mhcalculos.com.br\/noticias\/wp-content\/uploads\/sites\/2\/2018\/06\/previdenciario-0015.jpg\" \/>\n\t<meta property=\"og:image:width\" content=\"2000\" \/>\n\t<meta property=\"og:image:height\" content=\"800\" \/>\n\t<meta property=\"og:image:type\" content=\"image\/jpeg\" \/>\n<meta name=\"author\" content=\"Equipe MH\" \/>\n<meta name=\"twitter:card\" content=\"summary_large_image\" \/>\n<meta name=\"twitter:label1\" content=\"Escrito por\" \/>\n\t<meta name=\"twitter:data1\" content=\"Equipe MH\" \/>\n\t<meta name=\"twitter:label2\" content=\"Est. tempo de leitura\" \/>\n\t<meta name=\"twitter:data2\" content=\"4 minutos\" \/>\n<script type=\"application\/ld+json\" class=\"yoast-schema-graph\">{\"@context\":\"https:\/\/schema.org\",\"@graph\":[{\"@type\":\"Article\",\"@id\":\"https:\/\/mhcalculos.com.br\/noticias\/area\/previdenciario\/trf4-tribunal-transforma-auxilio-doenca-em-aposentadoria-por-invalidez-com-pagamento-retroativo-18-02-2020.html#article\",\"isPartOf\":{\"@id\":\"https:\/\/mhcalculos.com.br\/noticias\/area\/previdenciario\/trf4-tribunal-transforma-auxilio-doenca-em-aposentadoria-por-invalidez-com-pagamento-retroativo-18-02-2020.html\"},\"author\":{\"name\":\"Equipe MH\",\"@id\":\"https:\/\/mhcalculos.com.br\/noticias\/#\/schema\/person\/88d1c34bf72dc779ea14a5a6b8e0ae8d\"},\"headline\":\"TRF4: Tribunal&nbsp;transforma aux\u00edlio-doen\u00e7a em aposentadoria por invalidez com pagamento retroativo (18\/02\/2020)\",\"datePublished\":\"2020-02-19T04:05:31+00:00\",\"dateModified\":\"2021-07-28T17:30:17+00:00\",\"mainEntityOfPage\":{\"@id\":\"https:\/\/mhcalculos.com.br\/noticias\/area\/previdenciario\/trf4-tribunal-transforma-auxilio-doenca-em-aposentadoria-por-invalidez-com-pagamento-retroativo-18-02-2020.html\"},\"wordCount\":900,\"commentCount\":0,\"image\":{\"@id\":\"https:\/\/mhcalculos.com.br\/noticias\/area\/previdenciario\/trf4-tribunal-transforma-auxilio-doenca-em-aposentadoria-por-invalidez-com-pagamento-retroativo-18-02-2020.html#primaryimage\"},\"thumbnailUrl\":\"https:\/\/mhcalculos.com.br\/noticias\/wp-content\/uploads\/sites\/2\/2018\/06\/previdenciario-0015.jpg\",\"keywords\":[\"aposentadoria\",\"c\u00e1lculos previdenci\u00e1rios\",\"direito previdenci\u00e1rio\",\"inss\",\"per\u00edcia\",\"perito\",\"trf4\"],\"articleSection\":[\"Direito Previdenci\u00e1rio\",\"TRF4\"],\"inLanguage\":\"pt-BR\",\"potentialAction\":[{\"@type\":\"CommentAction\",\"name\":\"Comment\",\"target\":[\"https:\/\/mhcalculos.com.br\/noticias\/area\/previdenciario\/trf4-tribunal-transforma-auxilio-doenca-em-aposentadoria-por-invalidez-com-pagamento-retroativo-18-02-2020.html#respond\"]}]},{\"@type\":\"WebPage\",\"@id\":\"https:\/\/mhcalculos.com.br\/noticias\/area\/previdenciario\/trf4-tribunal-transforma-auxilio-doenca-em-aposentadoria-por-invalidez-com-pagamento-retroativo-18-02-2020.html\",\"url\":\"https:\/\/mhcalculos.com.br\/noticias\/area\/previdenciario\/trf4-tribunal-transforma-auxilio-doenca-em-aposentadoria-por-invalidez-com-pagamento-retroativo-18-02-2020.html\",\"name\":\"TRF4: Tribunal&nbsp;transforma aux\u00edlio-doen\u00e7a em aposentadoria por invalidez com pagamento retroativo (18\/02\/2020) | Portal de Not\u00edcias\",\"isPartOf\":{\"@id\":\"https:\/\/mhcalculos.com.br\/noticias\/#website\"},\"primaryImageOfPage\":{\"@id\":\"https:\/\/mhcalculos.com.br\/noticias\/area\/previdenciario\/trf4-tribunal-transforma-auxilio-doenca-em-aposentadoria-por-invalidez-com-pagamento-retroativo-18-02-2020.html#primaryimage\"},\"image\":{\"@id\":\"https:\/\/mhcalculos.com.br\/noticias\/area\/previdenciario\/trf4-tribunal-transforma-auxilio-doenca-em-aposentadoria-por-invalidez-com-pagamento-retroativo-18-02-2020.html#primaryimage\"},\"thumbnailUrl\":\"https:\/\/mhcalculos.com.br\/noticias\/wp-content\/uploads\/sites\/2\/2018\/06\/previdenciario-0015.jpg\",\"datePublished\":\"2020-02-19T04:05:31+00:00\",\"dateModified\":\"2021-07-28T17:30:17+00:00\",\"author\":{\"@id\":\"https:\/\/mhcalculos.com.br\/noticias\/#\/schema\/person\/88d1c34bf72dc779ea14a5a6b8e0ae8d\"},\"breadcrumb\":{\"@id\":\"https:\/\/mhcalculos.com.br\/noticias\/area\/previdenciario\/trf4-tribunal-transforma-auxilio-doenca-em-aposentadoria-por-invalidez-com-pagamento-retroativo-18-02-2020.html#breadcrumb\"},\"inLanguage\":\"pt-BR\",\"potentialAction\":[{\"@type\":\"ReadAction\",\"target\":[\"https:\/\/mhcalculos.com.br\/noticias\/area\/previdenciario\/trf4-tribunal-transforma-auxilio-doenca-em-aposentadoria-por-invalidez-com-pagamento-retroativo-18-02-2020.html\"]}]},{\"@type\":\"ImageObject\",\"inLanguage\":\"pt-BR\",\"@id\":\"https:\/\/mhcalculos.com.br\/noticias\/area\/previdenciario\/trf4-tribunal-transforma-auxilio-doenca-em-aposentadoria-por-invalidez-com-pagamento-retroativo-18-02-2020.html#primaryimage\",\"url\":\"https:\/\/mhcalculos.com.br\/noticias\/wp-content\/uploads\/sites\/2\/2018\/06\/previdenciario-0015.jpg\",\"contentUrl\":\"https:\/\/mhcalculos.com.br\/noticias\/wp-content\/uploads\/sites\/2\/2018\/06\/previdenciario-0015.jpg\",\"width\":2000,\"height\":800},{\"@type\":\"BreadcrumbList\",\"@id\":\"https:\/\/mhcalculos.com.br\/noticias\/area\/previdenciario\/trf4-tribunal-transforma-auxilio-doenca-em-aposentadoria-por-invalidez-com-pagamento-retroativo-18-02-2020.html#breadcrumb\",\"itemListElement\":[{\"@type\":\"ListItem\",\"position\":1,\"name\":\"In\u00edcio\",\"item\":\"https:\/\/mhcalculos.com.br\/noticias\/\"},{\"@type\":\"ListItem\",\"position\":2,\"name\":\"TRF4: Tribunal&nbsp;transforma aux\u00edlio-doen\u00e7a em aposentadoria por invalidez com pagamento retroativo (18\/02\/2020)\"}]},{\"@type\":\"WebSite\",\"@id\":\"https:\/\/mhcalculos.com.br\/noticias\/#website\",\"url\":\"https:\/\/mhcalculos.com.br\/noticias\/\",\"name\":\"Portal de Not\u00edcias\",\"description\":\"Not\u00edcias e Jurisprud\u00eancia\",\"potentialAction\":[{\"@type\":\"SearchAction\",\"target\":{\"@type\":\"EntryPoint\",\"urlTemplate\":\"https:\/\/mhcalculos.com.br\/noticias\/?s={search_term_string}\"},\"query-input\":{\"@type\":\"PropertyValueSpecification\",\"valueRequired\":true,\"valueName\":\"search_term_string\"}}],\"inLanguage\":\"pt-BR\"},{\"@type\":\"Person\",\"@id\":\"https:\/\/mhcalculos.com.br\/noticias\/#\/schema\/person\/88d1c34bf72dc779ea14a5a6b8e0ae8d\",\"name\":\"Equipe MH\",\"image\":{\"@type\":\"ImageObject\",\"inLanguage\":\"pt-BR\",\"@id\":\"https:\/\/secure.gravatar.com\/avatar\/de1c686c2ecc9c5a3f327e3431d819eb39f8f05d4e1045f5a1caad6daaba987f?s=96&d=mm&r=g\",\"url\":\"https:\/\/secure.gravatar.com\/avatar\/de1c686c2ecc9c5a3f327e3431d819eb39f8f05d4e1045f5a1caad6daaba987f?s=96&d=mm&r=g\",\"contentUrl\":\"https:\/\/secure.gravatar.com\/avatar\/de1c686c2ecc9c5a3f327e3431d819eb39f8f05d4e1045f5a1caad6daaba987f?s=96&d=mm&r=g\",\"caption\":\"Equipe MH\"}}]}<\/script>\n<!-- \/ Yoast SEO plugin. -->","yoast_head_json":{"title":"TRF4: Tribunal&nbsp;transforma aux\u00edlio-doen\u00e7a em aposentadoria por invalidez com pagamento retroativo (18\/02\/2020) | Portal de Not\u00edcias","robots":{"index":"index","follow":"follow","max-snippet":"max-snippet:-1","max-image-preview":"max-image-preview:large","max-video-preview":"max-video-preview:-1"},"canonical":"https:\/\/mhcalculos.com.br\/noticias\/area\/previdenciario\/trf4-tribunal-transforma-auxilio-doenca-em-aposentadoria-por-invalidez-com-pagamento-retroativo-18-02-2020.html","og_locale":"pt_BR","og_type":"article","og_title":"TRF4: Tribunal&nbsp;transforma aux\u00edlio-doen\u00e7a em aposentadoria por invalidez com pagamento retroativo (18\/02\/2020) | Portal de Not\u00edcias","og_description":"O Tribunal Regional Federal da 4\u00aa Regi\u00e3o (TRF4) determinou que o Instituto Nacional do Seguro Social (INSS) conceda aposentadoria por invalidez a um auxiliar de servi\u00e7os gerais de 52 anos, residente de Ronda Alta (RS). Conforme a decis\u00e3o, o homem, que sofre de discopatia degenerativa cervical, s\u00edndrome do manguito rotador de ombro e artrose de [&hellip;]","og_url":"https:\/\/mhcalculos.com.br\/noticias\/area\/previdenciario\/trf4-tribunal-transforma-auxilio-doenca-em-aposentadoria-por-invalidez-com-pagamento-retroativo-18-02-2020.html","og_site_name":"Portal de Not\u00edcias","article_published_time":"2020-02-19T04:05:31+00:00","article_modified_time":"2021-07-28T17:30:17+00:00","og_image":[{"width":2000,"height":800,"url":"https:\/\/mhcalculos.com.br\/noticias\/wp-content\/uploads\/sites\/2\/2018\/06\/previdenciario-0015.jpg","type":"image\/jpeg"}],"author":"Equipe MH","twitter_card":"summary_large_image","twitter_misc":{"Escrito por":"Equipe MH","Est. tempo de leitura":"4 minutos"},"schema":{"@context":"https:\/\/schema.org","@graph":[{"@type":"Article","@id":"https:\/\/mhcalculos.com.br\/noticias\/area\/previdenciario\/trf4-tribunal-transforma-auxilio-doenca-em-aposentadoria-por-invalidez-com-pagamento-retroativo-18-02-2020.html#article","isPartOf":{"@id":"https:\/\/mhcalculos.com.br\/noticias\/area\/previdenciario\/trf4-tribunal-transforma-auxilio-doenca-em-aposentadoria-por-invalidez-com-pagamento-retroativo-18-02-2020.html"},"author":{"name":"Equipe MH","@id":"https:\/\/mhcalculos.com.br\/noticias\/#\/schema\/person\/88d1c34bf72dc779ea14a5a6b8e0ae8d"},"headline":"TRF4: Tribunal&nbsp;transforma aux\u00edlio-doen\u00e7a em aposentadoria por invalidez com pagamento retroativo (18\/02\/2020)","datePublished":"2020-02-19T04:05:31+00:00","dateModified":"2021-07-28T17:30:17+00:00","mainEntityOfPage":{"@id":"https:\/\/mhcalculos.com.br\/noticias\/area\/previdenciario\/trf4-tribunal-transforma-auxilio-doenca-em-aposentadoria-por-invalidez-com-pagamento-retroativo-18-02-2020.html"},"wordCount":900,"commentCount":0,"image":{"@id":"https:\/\/mhcalculos.com.br\/noticias\/area\/previdenciario\/trf4-tribunal-transforma-auxilio-doenca-em-aposentadoria-por-invalidez-com-pagamento-retroativo-18-02-2020.html#primaryimage"},"thumbnailUrl":"https:\/\/mhcalculos.com.br\/noticias\/wp-content\/uploads\/sites\/2\/2018\/06\/previdenciario-0015.jpg","keywords":["aposentadoria","c\u00e1lculos previdenci\u00e1rios","direito previdenci\u00e1rio","inss","per\u00edcia","perito","trf4"],"articleSection":["Direito Previdenci\u00e1rio","TRF4"],"inLanguage":"pt-BR","potentialAction":[{"@type":"CommentAction","name":"Comment","target":["https:\/\/mhcalculos.com.br\/noticias\/area\/previdenciario\/trf4-tribunal-transforma-auxilio-doenca-em-aposentadoria-por-invalidez-com-pagamento-retroativo-18-02-2020.html#respond"]}]},{"@type":"WebPage","@id":"https:\/\/mhcalculos.com.br\/noticias\/area\/previdenciario\/trf4-tribunal-transforma-auxilio-doenca-em-aposentadoria-por-invalidez-com-pagamento-retroativo-18-02-2020.html","url":"https:\/\/mhcalculos.com.br\/noticias\/area\/previdenciario\/trf4-tribunal-transforma-auxilio-doenca-em-aposentadoria-por-invalidez-com-pagamento-retroativo-18-02-2020.html","name":"TRF4: Tribunal&nbsp;transforma aux\u00edlio-doen\u00e7a em aposentadoria por invalidez com pagamento retroativo (18\/02\/2020) | Portal de Not\u00edcias","isPartOf":{"@id":"https:\/\/mhcalculos.com.br\/noticias\/#website"},"primaryImageOfPage":{"@id":"https:\/\/mhcalculos.com.br\/noticias\/area\/previdenciario\/trf4-tribunal-transforma-auxilio-doenca-em-aposentadoria-por-invalidez-com-pagamento-retroativo-18-02-2020.html#primaryimage"},"image":{"@id":"https:\/\/mhcalculos.com.br\/noticias\/area\/previdenciario\/trf4-tribunal-transforma-auxilio-doenca-em-aposentadoria-por-invalidez-com-pagamento-retroativo-18-02-2020.html#primaryimage"},"thumbnailUrl":"https:\/\/mhcalculos.com.br\/noticias\/wp-content\/uploads\/sites\/2\/2018\/06\/previdenciario-0015.jpg","datePublished":"2020-02-19T04:05:31+00:00","dateModified":"2021-07-28T17:30:17+00:00","author":{"@id":"https:\/\/mhcalculos.com.br\/noticias\/#\/schema\/person\/88d1c34bf72dc779ea14a5a6b8e0ae8d"},"breadcrumb":{"@id":"https:\/\/mhcalculos.com.br\/noticias\/area\/previdenciario\/trf4-tribunal-transforma-auxilio-doenca-em-aposentadoria-por-invalidez-com-pagamento-retroativo-18-02-2020.html#breadcrumb"},"inLanguage":"pt-BR","potentialAction":[{"@type":"ReadAction","target":["https:\/\/mhcalculos.com.br\/noticias\/area\/previdenciario\/trf4-tribunal-transforma-auxilio-doenca-em-aposentadoria-por-invalidez-com-pagamento-retroativo-18-02-2020.html"]}]},{"@type":"ImageObject","inLanguage":"pt-BR","@id":"https:\/\/mhcalculos.com.br\/noticias\/area\/previdenciario\/trf4-tribunal-transforma-auxilio-doenca-em-aposentadoria-por-invalidez-com-pagamento-retroativo-18-02-2020.html#primaryimage","url":"https:\/\/mhcalculos.com.br\/noticias\/wp-content\/uploads\/sites\/2\/2018\/06\/previdenciario-0015.jpg","contentUrl":"https:\/\/mhcalculos.com.br\/noticias\/wp-content\/uploads\/sites\/2\/2018\/06\/previdenciario-0015.jpg","width":2000,"height":800},{"@type":"BreadcrumbList","@id":"https:\/\/mhcalculos.com.br\/noticias\/area\/previdenciario\/trf4-tribunal-transforma-auxilio-doenca-em-aposentadoria-por-invalidez-com-pagamento-retroativo-18-02-2020.html#breadcrumb","itemListElement":[{"@type":"ListItem","position":1,"name":"In\u00edcio","item":"https:\/\/mhcalculos.com.br\/noticias\/"},{"@type":"ListItem","position":2,"name":"TRF4: Tribunal&nbsp;transforma aux\u00edlio-doen\u00e7a em aposentadoria por invalidez com pagamento retroativo (18\/02\/2020)"}]},{"@type":"WebSite","@id":"https:\/\/mhcalculos.com.br\/noticias\/#website","url":"https:\/\/mhcalculos.com.br\/noticias\/","name":"Portal de Not\u00edcias","description":"Not\u00edcias e Jurisprud\u00eancia","potentialAction":[{"@type":"SearchAction","target":{"@type":"EntryPoint","urlTemplate":"https:\/\/mhcalculos.com.br\/noticias\/?s={search_term_string}"},"query-input":{"@type":"PropertyValueSpecification","valueRequired":true,"valueName":"search_term_string"}}],"inLanguage":"pt-BR"},{"@type":"Person","@id":"https:\/\/mhcalculos.com.br\/noticias\/#\/schema\/person\/88d1c34bf72dc779ea14a5a6b8e0ae8d","name":"Equipe MH","image":{"@type":"ImageObject","inLanguage":"pt-BR","@id":"https:\/\/secure.gravatar.com\/avatar\/de1c686c2ecc9c5a3f327e3431d819eb39f8f05d4e1045f5a1caad6daaba987f?s=96&d=mm&r=g","url":"https:\/\/secure.gravatar.com\/avatar\/de1c686c2ecc9c5a3f327e3431d819eb39f8f05d4e1045f5a1caad6daaba987f?s=96&d=mm&r=g","contentUrl":"https:\/\/secure.gravatar.com\/avatar\/de1c686c2ecc9c5a3f327e3431d819eb39f8f05d4e1045f5a1caad6daaba987f?s=96&d=mm&r=g","caption":"Equipe MH"}}]}},"_links":{"self":[{"href":"https:\/\/mhcalculos.com.br\/noticias\/wp-json\/wp\/v2\/posts\/6923","targetHints":{"allow":["GET"]}}],"collection":[{"href":"https:\/\/mhcalculos.com.br\/noticias\/wp-json\/wp\/v2\/posts"}],"about":[{"href":"https:\/\/mhcalculos.com.br\/noticias\/wp-json\/wp\/v2\/types\/post"}],"author":[{"embeddable":true,"href":"https:\/\/mhcalculos.com.br\/noticias\/wp-json\/wp\/v2\/users\/3063"}],"replies":[{"embeddable":true,"href":"https:\/\/mhcalculos.com.br\/noticias\/wp-json\/wp\/v2\/comments?post=6923"}],"version-history":[{"count":1,"href":"https:\/\/mhcalculos.com.br\/noticias\/wp-json\/wp\/v2\/posts\/6923\/revisions"}],"predecessor-version":[{"id":9374,"href":"https:\/\/mhcalculos.com.br\/noticias\/wp-json\/wp\/v2\/posts\/6923\/revisions\/9374"}],"wp:featuredmedia":[{"embeddable":true,"href":"https:\/\/mhcalculos.com.br\/noticias\/wp-json\/wp\/v2\/media\/1934"}],"wp:attachment":[{"href":"https:\/\/mhcalculos.com.br\/noticias\/wp-json\/wp\/v2\/media?parent=6923"}],"wp:term":[{"taxonomy":"category","embeddable":true,"href":"https:\/\/mhcalculos.com.br\/noticias\/wp-json\/wp\/v2\/categories?post=6923"},{"taxonomy":"post_tag","embeddable":true,"href":"https:\/\/mhcalculos.com.br\/noticias\/wp-json\/wp\/v2\/tags?post=6923"}],"curies":[{"name":"wp","href":"https:\/\/api.w.org\/{rel}","templated":true}]}}