{"id":6922,"date":"2020-02-18T21:05:11","date_gmt":"2020-02-19T00:05:11","guid":{"rendered":"https:\/\/mhcalculos.com.br\/noticias\/area\/previdenciario\/stf-presidente-do-stf-libera-tramitacao-de-reforma-previdenciaria-paulista\/"},"modified":"2021-07-28T14:30:18","modified_gmt":"2021-07-28T17:30:18","slug":"stf-presidente-do-stf-libera-tramitacao-de-reforma-previdenciaria-paulista","status":"publish","type":"post","link":"https:\/\/mhcalculos.com.br\/noticias\/area\/previdenciario\/stf-presidente-do-stf-libera-tramitacao-de-reforma-previdenciaria-paulista.html","title":{"rendered":"STF: Presidente do STF libera tramita\u00e7\u00e3o de reforma previdenci\u00e1ria paulista"},"content":{"rendered":"<p><br \/>\n<\/p>\n<p>O presidente do Supremo Tribunal Federal (STF), ministro Dias Toffoli, liberou a tramita\u00e7\u00e3o na Assembleia Legislativa de S\u00e3o Paulo (Alesp) da Proposta de Emenda Constitucional (PEC) 18\/2019, que altera o regime pr\u00f3prio de previd\u00eancia dos servidores p\u00fablicos estaduais. A decis\u00e3o se deu ao conceder medida liminar nas Suspens\u00f5es de Seguran\u00e7a (SS) 5340 e 5351. Assim, ficam suspensos os efeitos de duas decis\u00f5es do Tribunal de Justi\u00e7a de S\u00e3o Paulo (TJ-SP) que impediam o prosseguimento da tramita\u00e7\u00e3o da mat\u00e9ria.<\/p>\n<p>No STF, a Alesp argumentou que as decis\u00f5es monocr\u00e1ticas do desembargador do tribunal paulista representam uma interfer\u00eancia indevida de um Poder sobre outro e que a reforma legislativa em quest\u00e3o apenas reproduz no estado o que j\u00e1 vigora na esfera federal ap\u00f3s a promulga\u00e7\u00e3o da Emenda Constitucional 103\/19.<\/p>\n<p>O ministro Dias Toffoli considerou devidamente comprovada a plausibilidade do pedido feito pela Alesp, que alegou um d\u00e9ficit no sistema previdenci\u00e1rio estadual na cifra de R$ 15 bilh\u00f5es, &ldquo;tendo em vista a manifesta exist\u00eancia de grave les\u00e3o \u00e0 ordem p\u00fablica&rdquo;. Acrescentou que as decis\u00f5es judiciais que impediram a tramita\u00e7\u00e3o da proposta de reforma invadiram as atribui\u00e7\u00f5es do Poder Legislativo, &ldquo;embara\u00e7ando, a princ\u00edpio, o regular exerc\u00edcio das fun\u00e7\u00f5es legislativas&rdquo;.<\/p>\n<p>Para o presidente do STF, os atos de natureza interna corporis, amparados pelo regimento da casa legislativa, s\u00e3o exercidos com fundamenta\u00e7\u00e3o pol\u00edtica. &ldquo;Neles, a valora\u00e7\u00e3o de motivos \u00e9 insuscet\u00edvel de controle jurisdicional&rdquo;, disse. Ele esclareceu que sua decis\u00e3o n\u00e3o pretende invalidar ou reformar as decis\u00f5es tomadas pelo TJ-SP, &ldquo;mas apenas suspender seus efeitos, tendo em vista o comprometimento da ordem p\u00fablica, presente, ao que tudo indica, o grave preju\u00edzo \u00e0 normal execu\u00e7\u00e3o das atribui\u00e7\u00f5es do Poder Legislativo&rdquo;.<\/p>\n<p>Veja abaixo a \u00edntegra de cada decis\u00e3o:<\/p>\n<p><a href=\"http:\/\/www.stf.jus.br\/arquivo\/cms\/noticiaNoticiaStf\/anexo\/SS5340MC.pdf\" target=\"_blank\" rel=\"noopener noreferrer\">SS 5340<\/a><br \/>\n<a href=\"http:\/\/www.stf.jus.br\/arquivo\/cms\/noticiaNoticiaStf\/anexo\/SS5351002.pdf\" target=\"_blank\" rel=\"noopener noreferrer\"> SS 5351<\/a><\/p>\n<p><span style=\"font-size: smaller\">AR\/CR<\/span><\/p>\n<p><i>Com informa\u00e7\u00f5es da assessoria de imprensa do STF.<\/i><br \/>\n<br \/><br \/>\n<br \/><a href=\"http:\/\/www.stf.jus.br\/portal\/cms\/verNoticiaDetalhe.asp?idConteudo=437327\">Fonte<\/a><\/p>\n","protected":false},"excerpt":{"rendered":"<p>O presidente do Supremo Tribunal Federal (STF), ministro Dias Toffoli, liberou a tramita\u00e7\u00e3o na Assembleia Legislativa de S\u00e3o Paulo (Alesp) da Proposta de Emenda Constitucional (PEC) 18\/2019, que altera o regime pr\u00f3prio de previd\u00eancia dos servidores p\u00fablicos estaduais. A decis\u00e3o se deu ao conceder medida liminar nas Suspens\u00f5es de Seguran\u00e7a (SS) 5340 e 5351. Assim, [&hellip;]<\/p>\n","protected":false},"author":3063,"featured_media":2740,"comment_status":"open","ping_status":"open","sticky":false,"template":"","format":"standard","meta":{"footnotes":""},"categories":[5,15],"tags":[11,10,8,13,9,12,16],"class_list":{"0":"post-6922","1":"post","2":"type-post","3":"status-publish","4":"format-standard","5":"has-post-thumbnail","7":"category-previdenciario","8":"category-stf","9":"tag-aposentadoria","10":"tag-calculos-previdenciarios","11":"tag-direito-previdenciario","12":"tag-inss","13":"tag-pericia","14":"tag-perito","15":"tag-stf"},"yoast_head":"<!-- This site is optimized with the Yoast SEO plugin v27.2 - https:\/\/yoast.com\/product\/yoast-seo-wordpress\/ -->\n<title>STF: Presidente do STF libera tramita\u00e7\u00e3o de reforma previdenci\u00e1ria paulista | Portal de Not\u00edcias<\/title>\n<meta name=\"robots\" content=\"index, follow, max-snippet:-1, max-image-preview:large, max-video-preview:-1\" \/>\n<link rel=\"canonical\" href=\"https:\/\/mhcalculos.com.br\/noticias\/area\/previdenciario\/stf-presidente-do-stf-libera-tramitacao-de-reforma-previdenciaria-paulista.html\" \/>\n<meta property=\"og:locale\" content=\"pt_BR\" \/>\n<meta property=\"og:type\" content=\"article\" \/>\n<meta property=\"og:title\" content=\"STF: Presidente do STF libera tramita\u00e7\u00e3o de reforma previdenci\u00e1ria paulista | Portal de Not\u00edcias\" \/>\n<meta property=\"og:description\" content=\"O presidente do Supremo Tribunal Federal (STF), ministro Dias Toffoli, liberou a tramita\u00e7\u00e3o na Assembleia Legislativa de S\u00e3o Paulo (Alesp) da Proposta de Emenda Constitucional (PEC) 18\/2019, que altera o regime pr\u00f3prio de previd\u00eancia dos servidores p\u00fablicos estaduais. A decis\u00e3o se deu ao conceder medida liminar nas Suspens\u00f5es de Seguran\u00e7a (SS) 5340 e 5351. Assim, [&hellip;]\" \/>\n<meta property=\"og:url\" content=\"https:\/\/mhcalculos.com.br\/noticias\/area\/previdenciario\/stf-presidente-do-stf-libera-tramitacao-de-reforma-previdenciaria-paulista.html\" \/>\n<meta property=\"og:site_name\" content=\"Portal de Not\u00edcias\" \/>\n<meta property=\"article:published_time\" content=\"2020-02-19T00:05:11+00:00\" \/>\n<meta property=\"article:modified_time\" content=\"2021-07-28T17:30:18+00:00\" \/>\n<meta property=\"og:image\" content=\"https:\/\/mhcalculos.com.br\/noticias\/wp-content\/uploads\/sites\/2\/2018\/08\/judiciario-0020.jpg\" \/>\n\t<meta property=\"og:image:width\" content=\"2000\" \/>\n\t<meta property=\"og:image:height\" content=\"800\" \/>\n\t<meta property=\"og:image:type\" content=\"image\/jpeg\" \/>\n<meta name=\"author\" content=\"Equipe MH\" \/>\n<meta name=\"twitter:card\" content=\"summary_large_image\" \/>\n<meta name=\"twitter:label1\" content=\"Escrito por\" \/>\n\t<meta name=\"twitter:data1\" content=\"Equipe MH\" \/>\n\t<meta name=\"twitter:label2\" content=\"Est. tempo de leitura\" \/>\n\t<meta name=\"twitter:data2\" content=\"2 minutos\" \/>\n<script type=\"application\/ld+json\" class=\"yoast-schema-graph\">{\"@context\":\"https:\/\/schema.org\",\"@graph\":[{\"@type\":\"Article\",\"@id\":\"https:\/\/mhcalculos.com.br\/noticias\/area\/previdenciario\/stf-presidente-do-stf-libera-tramitacao-de-reforma-previdenciaria-paulista.html#article\",\"isPartOf\":{\"@id\":\"https:\/\/mhcalculos.com.br\/noticias\/area\/previdenciario\/stf-presidente-do-stf-libera-tramitacao-de-reforma-previdenciaria-paulista.html\"},\"author\":{\"name\":\"Equipe MH\",\"@id\":\"https:\/\/mhcalculos.com.br\/noticias\/#\/schema\/person\/88d1c34bf72dc779ea14a5a6b8e0ae8d\"},\"headline\":\"STF: Presidente do STF libera tramita\u00e7\u00e3o de reforma previdenci\u00e1ria paulista\",\"datePublished\":\"2020-02-19T00:05:11+00:00\",\"dateModified\":\"2021-07-28T17:30:18+00:00\",\"mainEntityOfPage\":{\"@id\":\"https:\/\/mhcalculos.com.br\/noticias\/area\/previdenciario\/stf-presidente-do-stf-libera-tramitacao-de-reforma-previdenciaria-paulista.html\"},\"wordCount\":351,\"commentCount\":0,\"image\":{\"@id\":\"https:\/\/mhcalculos.com.br\/noticias\/area\/previdenciario\/stf-presidente-do-stf-libera-tramitacao-de-reforma-previdenciaria-paulista.html#primaryimage\"},\"thumbnailUrl\":\"https:\/\/mhcalculos.com.br\/noticias\/wp-content\/uploads\/sites\/2\/2018\/08\/judiciario-0020.jpg\",\"keywords\":[\"aposentadoria\",\"c\u00e1lculos previdenci\u00e1rios\",\"direito previdenci\u00e1rio\",\"inss\",\"per\u00edcia\",\"perito\",\"stf\"],\"articleSection\":[\"Direito Previdenci\u00e1rio\",\"STF\"],\"inLanguage\":\"pt-BR\",\"potentialAction\":[{\"@type\":\"CommentAction\",\"name\":\"Comment\",\"target\":[\"https:\/\/mhcalculos.com.br\/noticias\/area\/previdenciario\/stf-presidente-do-stf-libera-tramitacao-de-reforma-previdenciaria-paulista.html#respond\"]}]},{\"@type\":\"WebPage\",\"@id\":\"https:\/\/mhcalculos.com.br\/noticias\/area\/previdenciario\/stf-presidente-do-stf-libera-tramitacao-de-reforma-previdenciaria-paulista.html\",\"url\":\"https:\/\/mhcalculos.com.br\/noticias\/area\/previdenciario\/stf-presidente-do-stf-libera-tramitacao-de-reforma-previdenciaria-paulista.html\",\"name\":\"STF: Presidente do STF libera tramita\u00e7\u00e3o de reforma previdenci\u00e1ria paulista | Portal de Not\u00edcias\",\"isPartOf\":{\"@id\":\"https:\/\/mhcalculos.com.br\/noticias\/#website\"},\"primaryImageOfPage\":{\"@id\":\"https:\/\/mhcalculos.com.br\/noticias\/area\/previdenciario\/stf-presidente-do-stf-libera-tramitacao-de-reforma-previdenciaria-paulista.html#primaryimage\"},\"image\":{\"@id\":\"https:\/\/mhcalculos.com.br\/noticias\/area\/previdenciario\/stf-presidente-do-stf-libera-tramitacao-de-reforma-previdenciaria-paulista.html#primaryimage\"},\"thumbnailUrl\":\"https:\/\/mhcalculos.com.br\/noticias\/wp-content\/uploads\/sites\/2\/2018\/08\/judiciario-0020.jpg\",\"datePublished\":\"2020-02-19T00:05:11+00:00\",\"dateModified\":\"2021-07-28T17:30:18+00:00\",\"author\":{\"@id\":\"https:\/\/mhcalculos.com.br\/noticias\/#\/schema\/person\/88d1c34bf72dc779ea14a5a6b8e0ae8d\"},\"breadcrumb\":{\"@id\":\"https:\/\/mhcalculos.com.br\/noticias\/area\/previdenciario\/stf-presidente-do-stf-libera-tramitacao-de-reforma-previdenciaria-paulista.html#breadcrumb\"},\"inLanguage\":\"pt-BR\",\"potentialAction\":[{\"@type\":\"ReadAction\",\"target\":[\"https:\/\/mhcalculos.com.br\/noticias\/area\/previdenciario\/stf-presidente-do-stf-libera-tramitacao-de-reforma-previdenciaria-paulista.html\"]}]},{\"@type\":\"ImageObject\",\"inLanguage\":\"pt-BR\",\"@id\":\"https:\/\/mhcalculos.com.br\/noticias\/area\/previdenciario\/stf-presidente-do-stf-libera-tramitacao-de-reforma-previdenciaria-paulista.html#primaryimage\",\"url\":\"https:\/\/mhcalculos.com.br\/noticias\/wp-content\/uploads\/sites\/2\/2018\/08\/judiciario-0020.jpg\",\"contentUrl\":\"https:\/\/mhcalculos.com.br\/noticias\/wp-content\/uploads\/sites\/2\/2018\/08\/judiciario-0020.jpg\",\"width\":2000,\"height\":800},{\"@type\":\"BreadcrumbList\",\"@id\":\"https:\/\/mhcalculos.com.br\/noticias\/area\/previdenciario\/stf-presidente-do-stf-libera-tramitacao-de-reforma-previdenciaria-paulista.html#breadcrumb\",\"itemListElement\":[{\"@type\":\"ListItem\",\"position\":1,\"name\":\"In\u00edcio\",\"item\":\"https:\/\/mhcalculos.com.br\/noticias\/\"},{\"@type\":\"ListItem\",\"position\":2,\"name\":\"STF: Presidente do STF libera tramita\u00e7\u00e3o de reforma previdenci\u00e1ria paulista\"}]},{\"@type\":\"WebSite\",\"@id\":\"https:\/\/mhcalculos.com.br\/noticias\/#website\",\"url\":\"https:\/\/mhcalculos.com.br\/noticias\/\",\"name\":\"Portal de Not\u00edcias\",\"description\":\"Not\u00edcias e Jurisprud\u00eancia\",\"potentialAction\":[{\"@type\":\"SearchAction\",\"target\":{\"@type\":\"EntryPoint\",\"urlTemplate\":\"https:\/\/mhcalculos.com.br\/noticias\/?s={search_term_string}\"},\"query-input\":{\"@type\":\"PropertyValueSpecification\",\"valueRequired\":true,\"valueName\":\"search_term_string\"}}],\"inLanguage\":\"pt-BR\"},{\"@type\":\"Person\",\"@id\":\"https:\/\/mhcalculos.com.br\/noticias\/#\/schema\/person\/88d1c34bf72dc779ea14a5a6b8e0ae8d\",\"name\":\"Equipe MH\",\"image\":{\"@type\":\"ImageObject\",\"inLanguage\":\"pt-BR\",\"@id\":\"https:\/\/secure.gravatar.com\/avatar\/de1c686c2ecc9c5a3f327e3431d819eb39f8f05d4e1045f5a1caad6daaba987f?s=96&d=mm&r=g\",\"url\":\"https:\/\/secure.gravatar.com\/avatar\/de1c686c2ecc9c5a3f327e3431d819eb39f8f05d4e1045f5a1caad6daaba987f?s=96&d=mm&r=g\",\"contentUrl\":\"https:\/\/secure.gravatar.com\/avatar\/de1c686c2ecc9c5a3f327e3431d819eb39f8f05d4e1045f5a1caad6daaba987f?s=96&d=mm&r=g\",\"caption\":\"Equipe MH\"}}]}<\/script>\n<!-- \/ Yoast SEO plugin. -->","yoast_head_json":{"title":"STF: Presidente do STF libera tramita\u00e7\u00e3o de reforma previdenci\u00e1ria paulista | Portal de Not\u00edcias","robots":{"index":"index","follow":"follow","max-snippet":"max-snippet:-1","max-image-preview":"max-image-preview:large","max-video-preview":"max-video-preview:-1"},"canonical":"https:\/\/mhcalculos.com.br\/noticias\/area\/previdenciario\/stf-presidente-do-stf-libera-tramitacao-de-reforma-previdenciaria-paulista.html","og_locale":"pt_BR","og_type":"article","og_title":"STF: Presidente do STF libera tramita\u00e7\u00e3o de reforma previdenci\u00e1ria paulista | Portal de Not\u00edcias","og_description":"O presidente do Supremo Tribunal Federal (STF), ministro Dias Toffoli, liberou a tramita\u00e7\u00e3o na Assembleia Legislativa de S\u00e3o Paulo (Alesp) da Proposta de Emenda Constitucional (PEC) 18\/2019, que altera o regime pr\u00f3prio de previd\u00eancia dos servidores p\u00fablicos estaduais. A decis\u00e3o se deu ao conceder medida liminar nas Suspens\u00f5es de Seguran\u00e7a (SS) 5340 e 5351. Assim, [&hellip;]","og_url":"https:\/\/mhcalculos.com.br\/noticias\/area\/previdenciario\/stf-presidente-do-stf-libera-tramitacao-de-reforma-previdenciaria-paulista.html","og_site_name":"Portal de Not\u00edcias","article_published_time":"2020-02-19T00:05:11+00:00","article_modified_time":"2021-07-28T17:30:18+00:00","og_image":[{"width":2000,"height":800,"url":"https:\/\/mhcalculos.com.br\/noticias\/wp-content\/uploads\/sites\/2\/2018\/08\/judiciario-0020.jpg","type":"image\/jpeg"}],"author":"Equipe MH","twitter_card":"summary_large_image","twitter_misc":{"Escrito por":"Equipe MH","Est. tempo de leitura":"2 minutos"},"schema":{"@context":"https:\/\/schema.org","@graph":[{"@type":"Article","@id":"https:\/\/mhcalculos.com.br\/noticias\/area\/previdenciario\/stf-presidente-do-stf-libera-tramitacao-de-reforma-previdenciaria-paulista.html#article","isPartOf":{"@id":"https:\/\/mhcalculos.com.br\/noticias\/area\/previdenciario\/stf-presidente-do-stf-libera-tramitacao-de-reforma-previdenciaria-paulista.html"},"author":{"name":"Equipe MH","@id":"https:\/\/mhcalculos.com.br\/noticias\/#\/schema\/person\/88d1c34bf72dc779ea14a5a6b8e0ae8d"},"headline":"STF: Presidente do STF libera tramita\u00e7\u00e3o de reforma previdenci\u00e1ria paulista","datePublished":"2020-02-19T00:05:11+00:00","dateModified":"2021-07-28T17:30:18+00:00","mainEntityOfPage":{"@id":"https:\/\/mhcalculos.com.br\/noticias\/area\/previdenciario\/stf-presidente-do-stf-libera-tramitacao-de-reforma-previdenciaria-paulista.html"},"wordCount":351,"commentCount":0,"image":{"@id":"https:\/\/mhcalculos.com.br\/noticias\/area\/previdenciario\/stf-presidente-do-stf-libera-tramitacao-de-reforma-previdenciaria-paulista.html#primaryimage"},"thumbnailUrl":"https:\/\/mhcalculos.com.br\/noticias\/wp-content\/uploads\/sites\/2\/2018\/08\/judiciario-0020.jpg","keywords":["aposentadoria","c\u00e1lculos previdenci\u00e1rios","direito previdenci\u00e1rio","inss","per\u00edcia","perito","stf"],"articleSection":["Direito Previdenci\u00e1rio","STF"],"inLanguage":"pt-BR","potentialAction":[{"@type":"CommentAction","name":"Comment","target":["https:\/\/mhcalculos.com.br\/noticias\/area\/previdenciario\/stf-presidente-do-stf-libera-tramitacao-de-reforma-previdenciaria-paulista.html#respond"]}]},{"@type":"WebPage","@id":"https:\/\/mhcalculos.com.br\/noticias\/area\/previdenciario\/stf-presidente-do-stf-libera-tramitacao-de-reforma-previdenciaria-paulista.html","url":"https:\/\/mhcalculos.com.br\/noticias\/area\/previdenciario\/stf-presidente-do-stf-libera-tramitacao-de-reforma-previdenciaria-paulista.html","name":"STF: Presidente do STF libera tramita\u00e7\u00e3o de reforma previdenci\u00e1ria paulista | Portal de Not\u00edcias","isPartOf":{"@id":"https:\/\/mhcalculos.com.br\/noticias\/#website"},"primaryImageOfPage":{"@id":"https:\/\/mhcalculos.com.br\/noticias\/area\/previdenciario\/stf-presidente-do-stf-libera-tramitacao-de-reforma-previdenciaria-paulista.html#primaryimage"},"image":{"@id":"https:\/\/mhcalculos.com.br\/noticias\/area\/previdenciario\/stf-presidente-do-stf-libera-tramitacao-de-reforma-previdenciaria-paulista.html#primaryimage"},"thumbnailUrl":"https:\/\/mhcalculos.com.br\/noticias\/wp-content\/uploads\/sites\/2\/2018\/08\/judiciario-0020.jpg","datePublished":"2020-02-19T00:05:11+00:00","dateModified":"2021-07-28T17:30:18+00:00","author":{"@id":"https:\/\/mhcalculos.com.br\/noticias\/#\/schema\/person\/88d1c34bf72dc779ea14a5a6b8e0ae8d"},"breadcrumb":{"@id":"https:\/\/mhcalculos.com.br\/noticias\/area\/previdenciario\/stf-presidente-do-stf-libera-tramitacao-de-reforma-previdenciaria-paulista.html#breadcrumb"},"inLanguage":"pt-BR","potentialAction":[{"@type":"ReadAction","target":["https:\/\/mhcalculos.com.br\/noticias\/area\/previdenciario\/stf-presidente-do-stf-libera-tramitacao-de-reforma-previdenciaria-paulista.html"]}]},{"@type":"ImageObject","inLanguage":"pt-BR","@id":"https:\/\/mhcalculos.com.br\/noticias\/area\/previdenciario\/stf-presidente-do-stf-libera-tramitacao-de-reforma-previdenciaria-paulista.html#primaryimage","url":"https:\/\/mhcalculos.com.br\/noticias\/wp-content\/uploads\/sites\/2\/2018\/08\/judiciario-0020.jpg","contentUrl":"https:\/\/mhcalculos.com.br\/noticias\/wp-content\/uploads\/sites\/2\/2018\/08\/judiciario-0020.jpg","width":2000,"height":800},{"@type":"BreadcrumbList","@id":"https:\/\/mhcalculos.com.br\/noticias\/area\/previdenciario\/stf-presidente-do-stf-libera-tramitacao-de-reforma-previdenciaria-paulista.html#breadcrumb","itemListElement":[{"@type":"ListItem","position":1,"name":"In\u00edcio","item":"https:\/\/mhcalculos.com.br\/noticias\/"},{"@type":"ListItem","position":2,"name":"STF: Presidente do STF libera tramita\u00e7\u00e3o de reforma previdenci\u00e1ria paulista"}]},{"@type":"WebSite","@id":"https:\/\/mhcalculos.com.br\/noticias\/#website","url":"https:\/\/mhcalculos.com.br\/noticias\/","name":"Portal de Not\u00edcias","description":"Not\u00edcias e Jurisprud\u00eancia","potentialAction":[{"@type":"SearchAction","target":{"@type":"EntryPoint","urlTemplate":"https:\/\/mhcalculos.com.br\/noticias\/?s={search_term_string}"},"query-input":{"@type":"PropertyValueSpecification","valueRequired":true,"valueName":"search_term_string"}}],"inLanguage":"pt-BR"},{"@type":"Person","@id":"https:\/\/mhcalculos.com.br\/noticias\/#\/schema\/person\/88d1c34bf72dc779ea14a5a6b8e0ae8d","name":"Equipe MH","image":{"@type":"ImageObject","inLanguage":"pt-BR","@id":"https:\/\/secure.gravatar.com\/avatar\/de1c686c2ecc9c5a3f327e3431d819eb39f8f05d4e1045f5a1caad6daaba987f?s=96&d=mm&r=g","url":"https:\/\/secure.gravatar.com\/avatar\/de1c686c2ecc9c5a3f327e3431d819eb39f8f05d4e1045f5a1caad6daaba987f?s=96&d=mm&r=g","contentUrl":"https:\/\/secure.gravatar.com\/avatar\/de1c686c2ecc9c5a3f327e3431d819eb39f8f05d4e1045f5a1caad6daaba987f?s=96&d=mm&r=g","caption":"Equipe MH"}}]}},"_links":{"self":[{"href":"https:\/\/mhcalculos.com.br\/noticias\/wp-json\/wp\/v2\/posts\/6922","targetHints":{"allow":["GET"]}}],"collection":[{"href":"https:\/\/mhcalculos.com.br\/noticias\/wp-json\/wp\/v2\/posts"}],"about":[{"href":"https:\/\/mhcalculos.com.br\/noticias\/wp-json\/wp\/v2\/types\/post"}],"author":[{"embeddable":true,"href":"https:\/\/mhcalculos.com.br\/noticias\/wp-json\/wp\/v2\/users\/3063"}],"replies":[{"embeddable":true,"href":"https:\/\/mhcalculos.com.br\/noticias\/wp-json\/wp\/v2\/comments?post=6922"}],"version-history":[{"count":1,"href":"https:\/\/mhcalculos.com.br\/noticias\/wp-json\/wp\/v2\/posts\/6922\/revisions"}],"predecessor-version":[{"id":9375,"href":"https:\/\/mhcalculos.com.br\/noticias\/wp-json\/wp\/v2\/posts\/6922\/revisions\/9375"}],"wp:featuredmedia":[{"embeddable":true,"href":"https:\/\/mhcalculos.com.br\/noticias\/wp-json\/wp\/v2\/media\/2740"}],"wp:attachment":[{"href":"https:\/\/mhcalculos.com.br\/noticias\/wp-json\/wp\/v2\/media?parent=6922"}],"wp:term":[{"taxonomy":"category","embeddable":true,"href":"https:\/\/mhcalculos.com.br\/noticias\/wp-json\/wp\/v2\/categories?post=6922"},{"taxonomy":"post_tag","embeddable":true,"href":"https:\/\/mhcalculos.com.br\/noticias\/wp-json\/wp\/v2\/tags?post=6922"}],"curies":[{"name":"wp","href":"https:\/\/api.w.org\/{rel}","templated":true}]}}