{"id":6918,"date":"2020-02-17T11:05:27","date_gmt":"2020-02-17T14:05:27","guid":{"rendered":"https:\/\/mhcalculos.com.br\/noticias\/tribunais\/stf\/stf-suspensa-determinacao-de-divulgacao-de-dados-de-renuncias-fiscais-e-contrapartidas-de-empresas-em-mg\/"},"modified":"2021-07-28T14:30:18","modified_gmt":"2021-07-28T17:30:18","slug":"stf-suspensa-determinacao-de-divulgacao-de-dados-de-renuncias-fiscais-e-contrapartidas-de-empresas-em-mg","status":"publish","type":"post","link":"https:\/\/mhcalculos.com.br\/noticias\/tribunais\/stf\/stf-suspensa-determinacao-de-divulgacao-de-dados-de-renuncias-fiscais-e-contrapartidas-de-empresas-em-mg.html","title":{"rendered":"STF: Suspensa determina\u00e7\u00e3o de divulga\u00e7\u00e3o de dados de ren\u00fancias fiscais e contrapartidas de empresas em MG"},"content":{"rendered":"<p><br \/>\n<\/p>\n<p>O presidente do Supremo Tribunal Federal (STF), ministro Dias Toffoli, acolheu pedido do Estado de Minas Gerais e suspendeu a execu\u00e7\u00e3o imediata de determina\u00e7\u00e3o do Tribunal de Justi\u00e7a (TJ-MG) de divulga\u00e7\u00e3o de informa\u00e7\u00f5es sobre ren\u00fancias fiscais de receitas de ICMS concedidas pelo estado. Segundo o ministro Toffoli, apesar do ineg\u00e1vel direito do cidad\u00e3o de receber dos \u00f3rg\u00e3os p\u00fablicos informa\u00e7\u00f5es de seu interesse particular ou de car\u00e1ter coletivo, deve ser respeitado o dever de sigilo no trato de informa\u00e7\u00f5es econ\u00f4micas e financeiras de contribuintes \u00e0s quais a Fazenda estadual tenha acesso.<\/p>\n<p><b>&ldquo;Devassa&rdquo;<\/b><\/p>\n<p>A liminar foi concedida pelo TJ em a\u00e7\u00e3o popular movida por um auditor fiscal da Receita Estadual com base na Lei de Acesso \u00e0 Informa\u00e7\u00e3o (Lei 12.527\/2011). A decis\u00e3o determinava que o estado divulgasse a rela\u00e7\u00e3o das empresas agraciadas com as ren\u00fancias fiscais e os documentos comprobat\u00f3rios da fiscaliza\u00e7\u00e3o dos benefici\u00e1rios e das contrapartidas sob forma de benef\u00edcios reais aos cidad\u00e3os mineiros.<\/p>\n<p>No pedido de Suspens\u00e3o de Liminar (SL) 1296 ao STF, o Estado de Minas Gerais sustentou o potencial de grave les\u00e3o \u00e0 ordem p\u00fablica jur\u00eddica e administrativa, uma vez que a determina\u00e7\u00e3o constitui &ldquo;verdadeira e generalizada devassa em toda documenta\u00e7\u00e3o fiscal (de car\u00e1ter sigiloso) dos mais diversos contribuintes mineiros&rdquo;. Tamb\u00e9m argumentou que a medida se confundia com o pedido principal da a\u00e7\u00e3o popular e, por isso, seria irrevers\u00edvel. Segundo o estado, parte das informa\u00e7\u00f5es solicitadas demanda a elabora\u00e7\u00e3o de levantamentos, demonstrativos e relat\u00f3rios que n\u00e3o est\u00e3o previstos em legisla\u00e7\u00e3o alguma.<\/p>\n<p><b>Ordem administrativa<\/b><\/p>\n<p>Em sua decis\u00e3o, o ministro Toffoli afirmou ser leg\u00edtimo que o cidad\u00e3o reivindique o cumprimento da Lei de Acesso \u00e0 Informa\u00e7\u00e3o como forma de verificar o cumprimento do dever constitucional de responsabilidade fiscal no uso dos recursos p\u00fablicos. No entanto, observou que n\u00e3o \u00e9 adequado que, sob a justificativa de conferir transpar\u00eancia e publicidade a atos p\u00fablicos, o Poder Judici\u00e1rio obrigue a Secretaria de Fazenda do estado a fornecer relat\u00f3rios e documentos de forma t\u00e3o ampla e em desacordo com as disposi\u00e7\u00f5es da Lei de Responsabilidade Fiscal (LC 101\/2000). &ldquo;Ainda quanto ao ferimento da ordem administrativa a justificar a interven\u00e7\u00e3o do STF em sede de contracautela, h\u00e1 de se considerar a onerosidade e a impossibilidade ou dificuldade da consecu\u00e7\u00e3o da determina\u00e7\u00e3o que se depreende da decis\u00e3o proferida pelo TJ-MG&rdquo;, ressaltou o presidente do STF.<\/p>\n<p>O Estado de Minas Gerais juntou aos autos nota t\u00e9cnica da Secretaria de Fazenda para informar que est\u00e1 desenvolvendo projeto com o objetivo de avaliar os impactos diretos e indiretos dos tratamentos tribut\u00e1rios setoriais na economia do estado e na estrutura de produ\u00e7\u00e3o e emprego e seus efeitos sobre a arrecada\u00e7\u00e3o do ICMS dos segmentos envolvidos. Com isso, o governo poder\u00e1 conferir se a pol\u00edtica p\u00fablica de desonera\u00e7\u00e3o fiscal est\u00e1 alcan\u00e7ando os objetivos de desenvolvimento social e econ\u00f4mico, como a redu\u00e7\u00e3o de desigualdades regionais e o est\u00edmulo de segmentos e cadeias produtivas.<\/p>\n<p><a href=\"http:\/\/www.stf.jus.br\/arquivo\/cms\/noticiaNoticiaStf\/anexo\/SL1296.pdf\">Leia a \u00edntegra da decis\u00e3o.&nbsp;<br \/>\n<\/a><br \/>\nVP\/CR\/\/CF<\/p>\n<p>&nbsp;<\/p>\n<p><i>Com informa\u00e7\u00f5es da assessoria de imprensa do STF.<\/i><br \/>\n<br \/><a href=\"http:\/\/www.stf.jus.br\/portal\/cms\/verNoticiaDetalhe.asp?idConteudo=437193\">Fonte<\/a><br \/>\n<br \/><\/p>\n","protected":false},"excerpt":{"rendered":"<p>O presidente do Supremo Tribunal Federal (STF), ministro Dias Toffoli, acolheu pedido do Estado de Minas Gerais e suspendeu a execu\u00e7\u00e3o imediata de determina\u00e7\u00e3o do Tribunal de Justi\u00e7a (TJ-MG) de divulga\u00e7\u00e3o de informa\u00e7\u00f5es sobre ren\u00fancias fiscais de receitas de ICMS concedidas pelo estado. Segundo o ministro Toffoli, apesar do ineg\u00e1vel direito do cidad\u00e3o de receber [&hellip;]<\/p>\n","protected":false},"author":3063,"featured_media":1777,"comment_status":"open","ping_status":"open","sticky":false,"template":"","format":"standard","meta":{"footnotes":""},"categories":[18,15],"tags":[32,31,42,30,29,213,9,12,16],"class_list":{"0":"post-6918","1":"post","2":"type-post","3":"status-publish","4":"format-standard","5":"has-post-thumbnail","7":"category-tributario","8":"category-stf","9":"tag-calculos-judiciais","10":"tag-calculos-tributarios","11":"tag-direito-tributario","12":"tag-divida-ativa","13":"tag-fazenda-publica","14":"tag-imposto","15":"tag-pericia","16":"tag-perito","17":"tag-stf"},"yoast_head":"<!-- This site is optimized with the Yoast SEO plugin v27.2 - https:\/\/yoast.com\/product\/yoast-seo-wordpress\/ -->\n<title>STF: Suspensa determina\u00e7\u00e3o de divulga\u00e7\u00e3o de dados de ren\u00fancias fiscais e contrapartidas de empresas em MG | Portal de Not\u00edcias<\/title>\n<meta name=\"robots\" content=\"index, follow, max-snippet:-1, max-image-preview:large, max-video-preview:-1\" \/>\n<link rel=\"canonical\" href=\"http:\/\/www.stf.jus.br\/portal\/cms\/verNoticiaDetalhe.asp?idConteudo=437193\" \/>\n<meta property=\"og:locale\" content=\"pt_BR\" \/>\n<meta property=\"og:type\" content=\"article\" \/>\n<meta property=\"og:title\" content=\"STF: Suspensa determina\u00e7\u00e3o de divulga\u00e7\u00e3o de dados de ren\u00fancias fiscais e contrapartidas de empresas em MG | Portal de Not\u00edcias\" \/>\n<meta property=\"og:description\" content=\"O presidente do Supremo Tribunal Federal (STF), ministro Dias Toffoli, acolheu pedido do Estado de Minas Gerais e suspendeu a execu\u00e7\u00e3o imediata de determina\u00e7\u00e3o do Tribunal de Justi\u00e7a (TJ-MG) de divulga\u00e7\u00e3o de informa\u00e7\u00f5es sobre ren\u00fancias fiscais de receitas de ICMS concedidas pelo estado. Segundo o ministro Toffoli, apesar do ineg\u00e1vel direito do cidad\u00e3o de receber [&hellip;]\" \/>\n<meta property=\"og:url\" content=\"http:\/\/www.stf.jus.br\/portal\/cms\/verNoticiaDetalhe.asp?idConteudo=437193\" \/>\n<meta property=\"og:site_name\" content=\"Portal de Not\u00edcias\" \/>\n<meta property=\"article:published_time\" content=\"2020-02-17T14:05:27+00:00\" \/>\n<meta property=\"article:modified_time\" content=\"2021-07-28T17:30:18+00:00\" \/>\n<meta property=\"og:image\" content=\"https:\/\/mhcalculos.com.br\/noticias\/wp-content\/uploads\/sites\/2\/2018\/06\/judiciario-0029.jpg\" \/>\n\t<meta property=\"og:image:width\" content=\"2000\" \/>\n\t<meta property=\"og:image:height\" content=\"800\" \/>\n\t<meta property=\"og:image:type\" content=\"image\/jpeg\" \/>\n<meta name=\"author\" content=\"Equipe MH\" \/>\n<meta name=\"twitter:card\" content=\"summary_large_image\" \/>\n<meta name=\"twitter:label1\" content=\"Escrito por\" \/>\n\t<meta name=\"twitter:data1\" content=\"Equipe MH\" \/>\n\t<meta name=\"twitter:label2\" content=\"Est. tempo de leitura\" \/>\n\t<meta name=\"twitter:data2\" content=\"3 minutos\" \/>\n<script type=\"application\/ld+json\" class=\"yoast-schema-graph\">{\"@context\":\"https:\/\/schema.org\",\"@graph\":[{\"@type\":\"Article\",\"@id\":\"http:\/\/www.stf.jus.br\/portal\/cms\/verNoticiaDetalhe.asp?idConteudo=437193#article\",\"isPartOf\":{\"@id\":\"https:\/\/mhcalculos.com.br\/noticias\/tribunais\/stf\/stf-suspensa-determinacao-de-divulgacao-de-dados-de-renuncias-fiscais-e-contrapartidas-de-empresas-em-mg.html\"},\"author\":{\"name\":\"Equipe MH\",\"@id\":\"https:\/\/mhcalculos.com.br\/noticias\/#\/schema\/person\/88d1c34bf72dc779ea14a5a6b8e0ae8d\"},\"headline\":\"STF: Suspensa determina\u00e7\u00e3o de divulga\u00e7\u00e3o de dados de ren\u00fancias fiscais e contrapartidas de empresas em MG\",\"datePublished\":\"2020-02-17T14:05:27+00:00\",\"dateModified\":\"2021-07-28T17:30:18+00:00\",\"mainEntityOfPage\":{\"@id\":\"https:\/\/mhcalculos.com.br\/noticias\/tribunais\/stf\/stf-suspensa-determinacao-de-divulgacao-de-dados-de-renuncias-fiscais-e-contrapartidas-de-empresas-em-mg.html\"},\"wordCount\":579,\"commentCount\":0,\"image\":{\"@id\":\"http:\/\/www.stf.jus.br\/portal\/cms\/verNoticiaDetalhe.asp?idConteudo=437193#primaryimage\"},\"thumbnailUrl\":\"https:\/\/mhcalculos.com.br\/noticias\/wp-content\/uploads\/sites\/2\/2018\/06\/judiciario-0029.jpg\",\"keywords\":[\"c\u00e1lculos judiciais\",\"c\u00e1lculos tribut\u00e1rios\",\"direito tribut\u00e1rio\",\"d\u00edvida ativa\",\"fazenda p\u00fablica\",\"Imposto\",\"per\u00edcia\",\"perito\",\"stf\"],\"articleSection\":[\"Direito Tribut\u00e1rio\",\"STF\"],\"inLanguage\":\"pt-BR\",\"potentialAction\":[{\"@type\":\"CommentAction\",\"name\":\"Comment\",\"target\":[\"http:\/\/www.stf.jus.br\/portal\/cms\/verNoticiaDetalhe.asp?idConteudo=437193#respond\"]}]},{\"@type\":\"WebPage\",\"@id\":\"https:\/\/mhcalculos.com.br\/noticias\/tribunais\/stf\/stf-suspensa-determinacao-de-divulgacao-de-dados-de-renuncias-fiscais-e-contrapartidas-de-empresas-em-mg.html\",\"url\":\"http:\/\/www.stf.jus.br\/portal\/cms\/verNoticiaDetalhe.asp?idConteudo=437193\",\"name\":\"STF: Suspensa determina\u00e7\u00e3o de divulga\u00e7\u00e3o de dados de ren\u00fancias fiscais e contrapartidas de empresas em MG | Portal de Not\u00edcias\",\"isPartOf\":{\"@id\":\"https:\/\/mhcalculos.com.br\/noticias\/#website\"},\"primaryImageOfPage\":{\"@id\":\"http:\/\/www.stf.jus.br\/portal\/cms\/verNoticiaDetalhe.asp?idConteudo=437193#primaryimage\"},\"image\":{\"@id\":\"http:\/\/www.stf.jus.br\/portal\/cms\/verNoticiaDetalhe.asp?idConteudo=437193#primaryimage\"},\"thumbnailUrl\":\"https:\/\/mhcalculos.com.br\/noticias\/wp-content\/uploads\/sites\/2\/2018\/06\/judiciario-0029.jpg\",\"datePublished\":\"2020-02-17T14:05:27+00:00\",\"dateModified\":\"2021-07-28T17:30:18+00:00\",\"author\":{\"@id\":\"https:\/\/mhcalculos.com.br\/noticias\/#\/schema\/person\/88d1c34bf72dc779ea14a5a6b8e0ae8d\"},\"breadcrumb\":{\"@id\":\"http:\/\/www.stf.jus.br\/portal\/cms\/verNoticiaDetalhe.asp?idConteudo=437193#breadcrumb\"},\"inLanguage\":\"pt-BR\",\"potentialAction\":[{\"@type\":\"ReadAction\",\"target\":[\"http:\/\/www.stf.jus.br\/portal\/cms\/verNoticiaDetalhe.asp?idConteudo=437193\"]}]},{\"@type\":\"ImageObject\",\"inLanguage\":\"pt-BR\",\"@id\":\"http:\/\/www.stf.jus.br\/portal\/cms\/verNoticiaDetalhe.asp?idConteudo=437193#primaryimage\",\"url\":\"https:\/\/mhcalculos.com.br\/noticias\/wp-content\/uploads\/sites\/2\/2018\/06\/judiciario-0029.jpg\",\"contentUrl\":\"https:\/\/mhcalculos.com.br\/noticias\/wp-content\/uploads\/sites\/2\/2018\/06\/judiciario-0029.jpg\",\"width\":2000,\"height\":800},{\"@type\":\"BreadcrumbList\",\"@id\":\"http:\/\/www.stf.jus.br\/portal\/cms\/verNoticiaDetalhe.asp?idConteudo=437193#breadcrumb\",\"itemListElement\":[{\"@type\":\"ListItem\",\"position\":1,\"name\":\"In\u00edcio\",\"item\":\"https:\/\/mhcalculos.com.br\/noticias\/\"},{\"@type\":\"ListItem\",\"position\":2,\"name\":\"STF: Suspensa determina\u00e7\u00e3o de divulga\u00e7\u00e3o de dados de ren\u00fancias fiscais e contrapartidas de empresas em MG\"}]},{\"@type\":\"WebSite\",\"@id\":\"https:\/\/mhcalculos.com.br\/noticias\/#website\",\"url\":\"https:\/\/mhcalculos.com.br\/noticias\/\",\"name\":\"Portal de Not\u00edcias\",\"description\":\"Not\u00edcias e Jurisprud\u00eancia\",\"potentialAction\":[{\"@type\":\"SearchAction\",\"target\":{\"@type\":\"EntryPoint\",\"urlTemplate\":\"https:\/\/mhcalculos.com.br\/noticias\/?s={search_term_string}\"},\"query-input\":{\"@type\":\"PropertyValueSpecification\",\"valueRequired\":true,\"valueName\":\"search_term_string\"}}],\"inLanguage\":\"pt-BR\"},{\"@type\":\"Person\",\"@id\":\"https:\/\/mhcalculos.com.br\/noticias\/#\/schema\/person\/88d1c34bf72dc779ea14a5a6b8e0ae8d\",\"name\":\"Equipe MH\",\"image\":{\"@type\":\"ImageObject\",\"inLanguage\":\"pt-BR\",\"@id\":\"https:\/\/secure.gravatar.com\/avatar\/de1c686c2ecc9c5a3f327e3431d819eb39f8f05d4e1045f5a1caad6daaba987f?s=96&d=mm&r=g\",\"url\":\"https:\/\/secure.gravatar.com\/avatar\/de1c686c2ecc9c5a3f327e3431d819eb39f8f05d4e1045f5a1caad6daaba987f?s=96&d=mm&r=g\",\"contentUrl\":\"https:\/\/secure.gravatar.com\/avatar\/de1c686c2ecc9c5a3f327e3431d819eb39f8f05d4e1045f5a1caad6daaba987f?s=96&d=mm&r=g\",\"caption\":\"Equipe MH\"}}]}<\/script>\n<!-- \/ Yoast SEO plugin. -->","yoast_head_json":{"title":"STF: Suspensa determina\u00e7\u00e3o de divulga\u00e7\u00e3o de dados de ren\u00fancias fiscais e contrapartidas de empresas em MG | Portal de Not\u00edcias","robots":{"index":"index","follow":"follow","max-snippet":"max-snippet:-1","max-image-preview":"max-image-preview:large","max-video-preview":"max-video-preview:-1"},"canonical":"http:\/\/www.stf.jus.br\/portal\/cms\/verNoticiaDetalhe.asp?idConteudo=437193","og_locale":"pt_BR","og_type":"article","og_title":"STF: Suspensa determina\u00e7\u00e3o de divulga\u00e7\u00e3o de dados de ren\u00fancias fiscais e contrapartidas de empresas em MG | Portal de Not\u00edcias","og_description":"O presidente do Supremo Tribunal Federal (STF), ministro Dias Toffoli, acolheu pedido do Estado de Minas Gerais e suspendeu a execu\u00e7\u00e3o imediata de determina\u00e7\u00e3o do Tribunal de Justi\u00e7a (TJ-MG) de divulga\u00e7\u00e3o de informa\u00e7\u00f5es sobre ren\u00fancias fiscais de receitas de ICMS concedidas pelo estado. Segundo o ministro Toffoli, apesar do ineg\u00e1vel direito do cidad\u00e3o de receber [&hellip;]","og_url":"http:\/\/www.stf.jus.br\/portal\/cms\/verNoticiaDetalhe.asp?idConteudo=437193","og_site_name":"Portal de Not\u00edcias","article_published_time":"2020-02-17T14:05:27+00:00","article_modified_time":"2021-07-28T17:30:18+00:00","og_image":[{"width":2000,"height":800,"url":"https:\/\/mhcalculos.com.br\/noticias\/wp-content\/uploads\/sites\/2\/2018\/06\/judiciario-0029.jpg","type":"image\/jpeg"}],"author":"Equipe MH","twitter_card":"summary_large_image","twitter_misc":{"Escrito por":"Equipe MH","Est. tempo de leitura":"3 minutos"},"schema":{"@context":"https:\/\/schema.org","@graph":[{"@type":"Article","@id":"http:\/\/www.stf.jus.br\/portal\/cms\/verNoticiaDetalhe.asp?idConteudo=437193#article","isPartOf":{"@id":"https:\/\/mhcalculos.com.br\/noticias\/tribunais\/stf\/stf-suspensa-determinacao-de-divulgacao-de-dados-de-renuncias-fiscais-e-contrapartidas-de-empresas-em-mg.html"},"author":{"name":"Equipe MH","@id":"https:\/\/mhcalculos.com.br\/noticias\/#\/schema\/person\/88d1c34bf72dc779ea14a5a6b8e0ae8d"},"headline":"STF: Suspensa determina\u00e7\u00e3o de divulga\u00e7\u00e3o de dados de ren\u00fancias fiscais e contrapartidas de empresas em MG","datePublished":"2020-02-17T14:05:27+00:00","dateModified":"2021-07-28T17:30:18+00:00","mainEntityOfPage":{"@id":"https:\/\/mhcalculos.com.br\/noticias\/tribunais\/stf\/stf-suspensa-determinacao-de-divulgacao-de-dados-de-renuncias-fiscais-e-contrapartidas-de-empresas-em-mg.html"},"wordCount":579,"commentCount":0,"image":{"@id":"http:\/\/www.stf.jus.br\/portal\/cms\/verNoticiaDetalhe.asp?idConteudo=437193#primaryimage"},"thumbnailUrl":"https:\/\/mhcalculos.com.br\/noticias\/wp-content\/uploads\/sites\/2\/2018\/06\/judiciario-0029.jpg","keywords":["c\u00e1lculos judiciais","c\u00e1lculos tribut\u00e1rios","direito tribut\u00e1rio","d\u00edvida ativa","fazenda p\u00fablica","Imposto","per\u00edcia","perito","stf"],"articleSection":["Direito Tribut\u00e1rio","STF"],"inLanguage":"pt-BR","potentialAction":[{"@type":"CommentAction","name":"Comment","target":["http:\/\/www.stf.jus.br\/portal\/cms\/verNoticiaDetalhe.asp?idConteudo=437193#respond"]}]},{"@type":"WebPage","@id":"https:\/\/mhcalculos.com.br\/noticias\/tribunais\/stf\/stf-suspensa-determinacao-de-divulgacao-de-dados-de-renuncias-fiscais-e-contrapartidas-de-empresas-em-mg.html","url":"http:\/\/www.stf.jus.br\/portal\/cms\/verNoticiaDetalhe.asp?idConteudo=437193","name":"STF: Suspensa determina\u00e7\u00e3o de divulga\u00e7\u00e3o de dados de ren\u00fancias fiscais e contrapartidas de empresas em MG | Portal de Not\u00edcias","isPartOf":{"@id":"https:\/\/mhcalculos.com.br\/noticias\/#website"},"primaryImageOfPage":{"@id":"http:\/\/www.stf.jus.br\/portal\/cms\/verNoticiaDetalhe.asp?idConteudo=437193#primaryimage"},"image":{"@id":"http:\/\/www.stf.jus.br\/portal\/cms\/verNoticiaDetalhe.asp?idConteudo=437193#primaryimage"},"thumbnailUrl":"https:\/\/mhcalculos.com.br\/noticias\/wp-content\/uploads\/sites\/2\/2018\/06\/judiciario-0029.jpg","datePublished":"2020-02-17T14:05:27+00:00","dateModified":"2021-07-28T17:30:18+00:00","author":{"@id":"https:\/\/mhcalculos.com.br\/noticias\/#\/schema\/person\/88d1c34bf72dc779ea14a5a6b8e0ae8d"},"breadcrumb":{"@id":"http:\/\/www.stf.jus.br\/portal\/cms\/verNoticiaDetalhe.asp?idConteudo=437193#breadcrumb"},"inLanguage":"pt-BR","potentialAction":[{"@type":"ReadAction","target":["http:\/\/www.stf.jus.br\/portal\/cms\/verNoticiaDetalhe.asp?idConteudo=437193"]}]},{"@type":"ImageObject","inLanguage":"pt-BR","@id":"http:\/\/www.stf.jus.br\/portal\/cms\/verNoticiaDetalhe.asp?idConteudo=437193#primaryimage","url":"https:\/\/mhcalculos.com.br\/noticias\/wp-content\/uploads\/sites\/2\/2018\/06\/judiciario-0029.jpg","contentUrl":"https:\/\/mhcalculos.com.br\/noticias\/wp-content\/uploads\/sites\/2\/2018\/06\/judiciario-0029.jpg","width":2000,"height":800},{"@type":"BreadcrumbList","@id":"http:\/\/www.stf.jus.br\/portal\/cms\/verNoticiaDetalhe.asp?idConteudo=437193#breadcrumb","itemListElement":[{"@type":"ListItem","position":1,"name":"In\u00edcio","item":"https:\/\/mhcalculos.com.br\/noticias\/"},{"@type":"ListItem","position":2,"name":"STF: Suspensa determina\u00e7\u00e3o de divulga\u00e7\u00e3o de dados de ren\u00fancias fiscais e contrapartidas de empresas em MG"}]},{"@type":"WebSite","@id":"https:\/\/mhcalculos.com.br\/noticias\/#website","url":"https:\/\/mhcalculos.com.br\/noticias\/","name":"Portal de Not\u00edcias","description":"Not\u00edcias e Jurisprud\u00eancia","potentialAction":[{"@type":"SearchAction","target":{"@type":"EntryPoint","urlTemplate":"https:\/\/mhcalculos.com.br\/noticias\/?s={search_term_string}"},"query-input":{"@type":"PropertyValueSpecification","valueRequired":true,"valueName":"search_term_string"}}],"inLanguage":"pt-BR"},{"@type":"Person","@id":"https:\/\/mhcalculos.com.br\/noticias\/#\/schema\/person\/88d1c34bf72dc779ea14a5a6b8e0ae8d","name":"Equipe MH","image":{"@type":"ImageObject","inLanguage":"pt-BR","@id":"https:\/\/secure.gravatar.com\/avatar\/de1c686c2ecc9c5a3f327e3431d819eb39f8f05d4e1045f5a1caad6daaba987f?s=96&d=mm&r=g","url":"https:\/\/secure.gravatar.com\/avatar\/de1c686c2ecc9c5a3f327e3431d819eb39f8f05d4e1045f5a1caad6daaba987f?s=96&d=mm&r=g","contentUrl":"https:\/\/secure.gravatar.com\/avatar\/de1c686c2ecc9c5a3f327e3431d819eb39f8f05d4e1045f5a1caad6daaba987f?s=96&d=mm&r=g","caption":"Equipe MH"}}]}},"_links":{"self":[{"href":"https:\/\/mhcalculos.com.br\/noticias\/wp-json\/wp\/v2\/posts\/6918","targetHints":{"allow":["GET"]}}],"collection":[{"href":"https:\/\/mhcalculos.com.br\/noticias\/wp-json\/wp\/v2\/posts"}],"about":[{"href":"https:\/\/mhcalculos.com.br\/noticias\/wp-json\/wp\/v2\/types\/post"}],"author":[{"embeddable":true,"href":"https:\/\/mhcalculos.com.br\/noticias\/wp-json\/wp\/v2\/users\/3063"}],"replies":[{"embeddable":true,"href":"https:\/\/mhcalculos.com.br\/noticias\/wp-json\/wp\/v2\/comments?post=6918"}],"version-history":[{"count":1,"href":"https:\/\/mhcalculos.com.br\/noticias\/wp-json\/wp\/v2\/posts\/6918\/revisions"}],"predecessor-version":[{"id":9380,"href":"https:\/\/mhcalculos.com.br\/noticias\/wp-json\/wp\/v2\/posts\/6918\/revisions\/9380"}],"wp:featuredmedia":[{"embeddable":true,"href":"https:\/\/mhcalculos.com.br\/noticias\/wp-json\/wp\/v2\/media\/1777"}],"wp:attachment":[{"href":"https:\/\/mhcalculos.com.br\/noticias\/wp-json\/wp\/v2\/media?parent=6918"}],"wp:term":[{"taxonomy":"category","embeddable":true,"href":"https:\/\/mhcalculos.com.br\/noticias\/wp-json\/wp\/v2\/categories?post=6918"},{"taxonomy":"post_tag","embeddable":true,"href":"https:\/\/mhcalculos.com.br\/noticias\/wp-json\/wp\/v2\/tags?post=6918"}],"curies":[{"name":"wp","href":"https:\/\/api.w.org\/{rel}","templated":true}]}}