{"id":6913,"date":"2020-02-15T13:05:54","date_gmt":"2020-02-15T16:05:54","guid":{"rendered":"https:\/\/mhcalculos.com.br\/noticias\/area\/previdenciario\/trf4-tribunal-restabelece-beneficio-assistencial-para-mulher-com-deficiencia-mental-14-02-2020\/"},"modified":"2021-07-28T14:30:19","modified_gmt":"2021-07-28T17:30:19","slug":"trf4-tribunal-restabelece-beneficio-assistencial-para-mulher-com-deficiencia-mental-14-02-2020","status":"publish","type":"post","link":"https:\/\/mhcalculos.com.br\/noticias\/area\/previdenciario\/trf4-tribunal-restabelece-beneficio-assistencial-para-mulher-com-deficiencia-mental-14-02-2020.html","title":{"rendered":"TRF4: Tribunal&nbsp;restabelece benef\u00edcio assistencial para mulher com defici\u00eancia mental (14\/02\/2020)"},"content":{"rendered":"<p><br \/>\n<\/p>\n<p>O Tribunal Regional Federal da 4\u00aa Regi\u00e3o (TRF4) restabeleceu benef\u00edcio assistencial que havia sido retirado pelo Instituto Nacional do Seguro Social (INSS) de uma mulher absolutamente incapaz de 37 anos com defici\u00eancia mental sob o argumento de que os irm\u00e3os dela, tamb\u00e9m com defici\u00eancia, j\u00e1 recebiam sal\u00e1rios assistenciais. Segundo a decis\u00e3o da Turma Suplementar do Paran\u00e1, a renda dos irm\u00e3os n\u00e3o pode ser considerada no c\u00e1lculo da concess\u00e3o do benef\u00edcio \u00e0 autora. O julgamento, ocorrido na primeira sess\u00e3o do colegiado em 2020, no dia 4\/2, determinou ainda que o pagamento seja feito em no m\u00e1ximo 30 dias.<\/p>\n<p>A fam\u00edlia, composta pela m\u00e3e idosa e os tr\u00eas filhos, \u00e9 de Maring\u00e1 (PR). A mulher, representada pela m\u00e3e, recorreu \u00e0 Justi\u00e7a quando o pagamento do Benef\u00edcio de Presta\u00e7\u00e3o Continuada da Lei Org\u00e2nica da Assist\u00eancia Social (BPC-LOAS) foi cortado administrativamente em dezembro de 2016.<\/p>\n<p>O INSS fundamentou o corte com o argumento de que a Lei n\u00ba 8742\/93, que disp\u00f5e sobre a organiza\u00e7\u00e3o da Assist\u00eancia Social, veda a acumula\u00e7\u00e3o do benef\u00edcio assistencial ao mesmo grupo familiar. Al\u00e9m disso, o instituto exigiu que a autora devolvesse os valores recebidos, calculando o montante da d\u00edvida a ser cobrada em R$ 151.854,80.<\/p>\n<p>Na a\u00e7\u00e3o, foi alegado que, por cuidar constantemente dos tr\u00eas filhos, a m\u00e3e da segurada fica impedida de exercer trabalho remunerado e que a \u00fanica renda da fam\u00edlia vem dos benef\u00edcios assistenciais.<\/p>\n<p>A autora argumentou que a jurisprud\u00eancia do Superior Tribunal de Justi\u00e7a (STJ) e do Supremo Tribunal Federal (STF) fixou que os rendimentos obtidos por idoso ou por deficiente, seja benef\u00edcio de amparo assistencial seja aposentadoria, devem ser desconsiderados no c\u00e1lculo da renda per capita quando do levantamento da situa\u00e7\u00e3o de miserabilidade, crit\u00e9rio exigido para concess\u00e3o do benef\u00edcio de amparo assistencial.<\/p>\n<p>Ela defendeu que o INSS, ao utilizar o valor do BPC que os irm\u00e3os recebem para calcular a renda per capita da fam\u00edlia e justificar o corte do seu benef\u00edcio, contrariou a jurisprud\u00eancia majorit\u00e1ria. Sustentou que n\u00e3o h\u00e1 possibilidade de que a autarquia exija a restitui\u00e7\u00e3o dos valores porque possuem natureza alimentar e foram recebidos de boa-f\u00e9.<\/p>\n<p>Requisitou do Judici\u00e1rio o restabelecimento do BPC com pagamento retroativo desde a suspens\u00e3o administrativa, a declara\u00e7\u00e3o da inexist\u00eancia de d\u00edvida com o INSS e a condena\u00e7\u00e3o do instituto a pagar uma indeniza\u00e7\u00e3o de R$ 20.000,00 a t\u00edtulo de danos morais.<\/p>\n<p>Em maio de 2019, o ju\u00edzo da 2\u00aa Vara Federal de Maring\u00e1 julgou a a\u00e7\u00e3o parcialmente procedente. Determinou que o INSS implementasse novamente o benef\u00edcio, com o pagamento das parcelas vencidas desde o corte, acrescidas de corre\u00e7\u00e3o monet\u00e1ria e juros de mora, e declarou a inexigibilidade de ressarcimento do montante cobrado da autora pela autarquia. O pedido de indeniza\u00e7\u00e3o por danos morais foi indeferido.<\/p>\n<p>O \u00f3rg\u00e3o p\u00fablico recorreu ao TRF4. No recurso, requereu a reforma da senten\u00e7a, reafirmando que a segurada n\u00e3o preenche o requisito da miserabilidade, visto que seu n\u00facleo familiar j\u00e1 recebe dois sal\u00e1rios m\u00ednimos a t\u00edtulo de BPC.<\/p>\n<p>A Turma Regional Suplementar do Paran\u00e1, por unanimidade, decidiu negar provimento \u00e0 apela\u00e7\u00e3o, mantendo a senten\u00e7a na \u00edntegra.<\/p>\n<p>O relator do caso, desembargador federal Luiz Fernando Wowk Penteado, ressaltou que, de acordo com a jurisprud\u00eancia, no c\u00e1lculo da renda per capita familiar para a verifica\u00e7\u00e3o do requisito econ\u00f4mico, &ldquo;dever\u00e1 ser desconsiderado o benef\u00edcio previdenci\u00e1rio de valor at\u00e9 o limite de um sal\u00e1rio m\u00ednimo, bem como o valor auferido a t\u00edtulo de benef\u00edcio previdenci\u00e1rio por incapacidade ou assistencial em raz\u00e3o de defici\u00eancia, independentemente de idade; ressalte-se que tal pessoa, em decorr\u00eancia da exclus\u00e3o de sua renda, tamb\u00e9m n\u00e3o ser\u00e1 considerada na composi\u00e7\u00e3o familiar, para efeito do c\u00e1lculo da renda per capita&rdquo;.<\/p>\n<p>Dessa forma, o magistrado apontou que a renda dos irm\u00e3os que recebem o BPC n\u00e3o deve ser utilizada pelo INSS no c\u00e1lculo da concess\u00e3o do benef\u00edcio para a autora.<\/p>\n<p>Em seu voto, Penteado destacou que &ldquo;pela raz\u00e3o da incapacidade de todos os filhos, a genitora n\u00e3o trabalha, pois precisa acompanh\u00e1-los em tempo integral. Vez ou outra consegue recolher alguns recicl\u00e1veis, auferindo um valor mensal vari\u00e1vel, em torno de R$40,00. O valor de at\u00e9 um sal\u00e1rio m\u00ednimo de benef\u00edcio assistencial recebido n\u00e3o deve ser contabilizado no c\u00e1lculo da renda mensal familiar, independentemente de quantos a fam\u00edlia recebe. Ent\u00e3o, resta para a autora e sua genitora o valor aproximado de R$40,00. N\u00e3o h\u00e1 como se negar a exist\u00eancia de situa\u00e7\u00e3o de miserabilidade do n\u00facleo familiar, raz\u00e3o pela qual n\u00e3o merece reforma a senten\u00e7a&rdquo;.<\/p>\n<p><br \/>Fachada da sede do TRF4, em Porto Alegre (Foto: Sylvio Sirangelo\/TRF4)<\/p>\n<p><i>Com informa\u00e7\u00f5es da assessoria de imprensa do TRF4.<\/i><br \/>\n<br \/><a href=\"http:\/\/www2.trf4.jus.br\/trf4\/controlador.php?acao=noticia_visualizar&#038;id_noticia=15026\">Fonte<\/a><br \/>\n<br \/><\/p>\n","protected":false},"excerpt":{"rendered":"<p>O Tribunal Regional Federal da 4\u00aa Regi\u00e3o (TRF4) restabeleceu benef\u00edcio assistencial que havia sido retirado pelo Instituto Nacional do Seguro Social (INSS) de uma mulher absolutamente incapaz de 37 anos com defici\u00eancia mental sob o argumento de que os irm\u00e3os dela, tamb\u00e9m com defici\u00eancia, j\u00e1 recebiam sal\u00e1rios assistenciais. Segundo a decis\u00e3o da Turma Suplementar do [&hellip;]<\/p>\n","protected":false},"author":3063,"featured_media":2443,"comment_status":"open","ping_status":"open","sticky":false,"template":"","format":"standard","meta":{"footnotes":""},"categories":[5,6],"tags":[11,10,8,13,9,12,17],"class_list":{"0":"post-6913","1":"post","2":"type-post","3":"status-publish","4":"format-standard","5":"has-post-thumbnail","7":"category-previdenciario","8":"category-trf4","9":"tag-aposentadoria","10":"tag-calculos-previdenciarios","11":"tag-direito-previdenciario","12":"tag-inss","13":"tag-pericia","14":"tag-perito","15":"tag-trf4"},"yoast_head":"<!-- This site is optimized with the Yoast SEO plugin v27.2 - https:\/\/yoast.com\/product\/yoast-seo-wordpress\/ -->\n<title>TRF4: Tribunal&nbsp;restabelece benef\u00edcio assistencial para mulher com defici\u00eancia mental (14\/02\/2020) | Portal de Not\u00edcias<\/title>\n<meta name=\"robots\" content=\"index, follow, max-snippet:-1, max-image-preview:large, max-video-preview:-1\" \/>\n<link rel=\"canonical\" href=\"https:\/\/mhcalculos.com.br\/noticias\/area\/previdenciario\/trf4-tribunal-restabelece-beneficio-assistencial-para-mulher-com-deficiencia-mental-14-02-2020.html\" \/>\n<meta property=\"og:locale\" content=\"pt_BR\" \/>\n<meta property=\"og:type\" content=\"article\" \/>\n<meta property=\"og:title\" content=\"TRF4: Tribunal&nbsp;restabelece benef\u00edcio assistencial para mulher com defici\u00eancia mental (14\/02\/2020) | Portal de Not\u00edcias\" \/>\n<meta property=\"og:description\" content=\"O Tribunal Regional Federal da 4\u00aa Regi\u00e3o (TRF4) restabeleceu benef\u00edcio assistencial que havia sido retirado pelo Instituto Nacional do Seguro Social (INSS) de uma mulher absolutamente incapaz de 37 anos com defici\u00eancia mental sob o argumento de que os irm\u00e3os dela, tamb\u00e9m com defici\u00eancia, j\u00e1 recebiam sal\u00e1rios assistenciais. Segundo a decis\u00e3o da Turma Suplementar do [&hellip;]\" \/>\n<meta property=\"og:url\" content=\"https:\/\/mhcalculos.com.br\/noticias\/area\/previdenciario\/trf4-tribunal-restabelece-beneficio-assistencial-para-mulher-com-deficiencia-mental-14-02-2020.html\" \/>\n<meta property=\"og:site_name\" content=\"Portal de Not\u00edcias\" \/>\n<meta property=\"article:published_time\" content=\"2020-02-15T16:05:54+00:00\" \/>\n<meta property=\"article:modified_time\" content=\"2021-07-28T17:30:19+00:00\" \/>\n<meta property=\"og:image\" content=\"https:\/\/mhcalculos.com.br\/noticias\/wp-content\/uploads\/sites\/2\/2018\/07\/judiciario-0036.jpg\" \/>\n\t<meta property=\"og:image:width\" content=\"2000\" \/>\n\t<meta property=\"og:image:height\" content=\"800\" \/>\n\t<meta property=\"og:image:type\" content=\"image\/jpeg\" \/>\n<meta name=\"author\" content=\"Equipe MH\" \/>\n<meta name=\"twitter:card\" content=\"summary_large_image\" \/>\n<meta name=\"twitter:label1\" content=\"Escrito por\" \/>\n\t<meta name=\"twitter:data1\" content=\"Equipe MH\" \/>\n\t<meta name=\"twitter:label2\" content=\"Est. tempo de leitura\" \/>\n\t<meta name=\"twitter:data2\" content=\"4 minutos\" \/>\n<script type=\"application\/ld+json\" class=\"yoast-schema-graph\">{\"@context\":\"https:\/\/schema.org\",\"@graph\":[{\"@type\":\"Article\",\"@id\":\"https:\/\/mhcalculos.com.br\/noticias\/area\/previdenciario\/trf4-tribunal-restabelece-beneficio-assistencial-para-mulher-com-deficiencia-mental-14-02-2020.html#article\",\"isPartOf\":{\"@id\":\"https:\/\/mhcalculos.com.br\/noticias\/area\/previdenciario\/trf4-tribunal-restabelece-beneficio-assistencial-para-mulher-com-deficiencia-mental-14-02-2020.html\"},\"author\":{\"name\":\"Equipe MH\",\"@id\":\"https:\/\/mhcalculos.com.br\/noticias\/#\/schema\/person\/88d1c34bf72dc779ea14a5a6b8e0ae8d\"},\"headline\":\"TRF4: Tribunal&nbsp;restabelece benef\u00edcio assistencial para mulher com defici\u00eancia mental (14\/02\/2020)\",\"datePublished\":\"2020-02-15T16:05:54+00:00\",\"dateModified\":\"2021-07-28T17:30:19+00:00\",\"mainEntityOfPage\":{\"@id\":\"https:\/\/mhcalculos.com.br\/noticias\/area\/previdenciario\/trf4-tribunal-restabelece-beneficio-assistencial-para-mulher-com-deficiencia-mental-14-02-2020.html\"},\"wordCount\":871,\"commentCount\":0,\"image\":{\"@id\":\"https:\/\/mhcalculos.com.br\/noticias\/area\/previdenciario\/trf4-tribunal-restabelece-beneficio-assistencial-para-mulher-com-deficiencia-mental-14-02-2020.html#primaryimage\"},\"thumbnailUrl\":\"https:\/\/mhcalculos.com.br\/noticias\/wp-content\/uploads\/sites\/2\/2018\/07\/judiciario-0036.jpg\",\"keywords\":[\"aposentadoria\",\"c\u00e1lculos previdenci\u00e1rios\",\"direito previdenci\u00e1rio\",\"inss\",\"per\u00edcia\",\"perito\",\"trf4\"],\"articleSection\":[\"Direito Previdenci\u00e1rio\",\"TRF4\"],\"inLanguage\":\"pt-BR\",\"potentialAction\":[{\"@type\":\"CommentAction\",\"name\":\"Comment\",\"target\":[\"https:\/\/mhcalculos.com.br\/noticias\/area\/previdenciario\/trf4-tribunal-restabelece-beneficio-assistencial-para-mulher-com-deficiencia-mental-14-02-2020.html#respond\"]}]},{\"@type\":\"WebPage\",\"@id\":\"https:\/\/mhcalculos.com.br\/noticias\/area\/previdenciario\/trf4-tribunal-restabelece-beneficio-assistencial-para-mulher-com-deficiencia-mental-14-02-2020.html\",\"url\":\"https:\/\/mhcalculos.com.br\/noticias\/area\/previdenciario\/trf4-tribunal-restabelece-beneficio-assistencial-para-mulher-com-deficiencia-mental-14-02-2020.html\",\"name\":\"TRF4: Tribunal&nbsp;restabelece benef\u00edcio assistencial para mulher com defici\u00eancia mental (14\/02\/2020) | Portal de Not\u00edcias\",\"isPartOf\":{\"@id\":\"https:\/\/mhcalculos.com.br\/noticias\/#website\"},\"primaryImageOfPage\":{\"@id\":\"https:\/\/mhcalculos.com.br\/noticias\/area\/previdenciario\/trf4-tribunal-restabelece-beneficio-assistencial-para-mulher-com-deficiencia-mental-14-02-2020.html#primaryimage\"},\"image\":{\"@id\":\"https:\/\/mhcalculos.com.br\/noticias\/area\/previdenciario\/trf4-tribunal-restabelece-beneficio-assistencial-para-mulher-com-deficiencia-mental-14-02-2020.html#primaryimage\"},\"thumbnailUrl\":\"https:\/\/mhcalculos.com.br\/noticias\/wp-content\/uploads\/sites\/2\/2018\/07\/judiciario-0036.jpg\",\"datePublished\":\"2020-02-15T16:05:54+00:00\",\"dateModified\":\"2021-07-28T17:30:19+00:00\",\"author\":{\"@id\":\"https:\/\/mhcalculos.com.br\/noticias\/#\/schema\/person\/88d1c34bf72dc779ea14a5a6b8e0ae8d\"},\"breadcrumb\":{\"@id\":\"https:\/\/mhcalculos.com.br\/noticias\/area\/previdenciario\/trf4-tribunal-restabelece-beneficio-assistencial-para-mulher-com-deficiencia-mental-14-02-2020.html#breadcrumb\"},\"inLanguage\":\"pt-BR\",\"potentialAction\":[{\"@type\":\"ReadAction\",\"target\":[\"https:\/\/mhcalculos.com.br\/noticias\/area\/previdenciario\/trf4-tribunal-restabelece-beneficio-assistencial-para-mulher-com-deficiencia-mental-14-02-2020.html\"]}]},{\"@type\":\"ImageObject\",\"inLanguage\":\"pt-BR\",\"@id\":\"https:\/\/mhcalculos.com.br\/noticias\/area\/previdenciario\/trf4-tribunal-restabelece-beneficio-assistencial-para-mulher-com-deficiencia-mental-14-02-2020.html#primaryimage\",\"url\":\"https:\/\/mhcalculos.com.br\/noticias\/wp-content\/uploads\/sites\/2\/2018\/07\/judiciario-0036.jpg\",\"contentUrl\":\"https:\/\/mhcalculos.com.br\/noticias\/wp-content\/uploads\/sites\/2\/2018\/07\/judiciario-0036.jpg\",\"width\":2000,\"height\":800},{\"@type\":\"BreadcrumbList\",\"@id\":\"https:\/\/mhcalculos.com.br\/noticias\/area\/previdenciario\/trf4-tribunal-restabelece-beneficio-assistencial-para-mulher-com-deficiencia-mental-14-02-2020.html#breadcrumb\",\"itemListElement\":[{\"@type\":\"ListItem\",\"position\":1,\"name\":\"In\u00edcio\",\"item\":\"https:\/\/mhcalculos.com.br\/noticias\/\"},{\"@type\":\"ListItem\",\"position\":2,\"name\":\"TRF4: Tribunal&nbsp;restabelece benef\u00edcio assistencial para mulher com defici\u00eancia mental (14\/02\/2020)\"}]},{\"@type\":\"WebSite\",\"@id\":\"https:\/\/mhcalculos.com.br\/noticias\/#website\",\"url\":\"https:\/\/mhcalculos.com.br\/noticias\/\",\"name\":\"Portal de Not\u00edcias\",\"description\":\"Not\u00edcias e Jurisprud\u00eancia\",\"potentialAction\":[{\"@type\":\"SearchAction\",\"target\":{\"@type\":\"EntryPoint\",\"urlTemplate\":\"https:\/\/mhcalculos.com.br\/noticias\/?s={search_term_string}\"},\"query-input\":{\"@type\":\"PropertyValueSpecification\",\"valueRequired\":true,\"valueName\":\"search_term_string\"}}],\"inLanguage\":\"pt-BR\"},{\"@type\":\"Person\",\"@id\":\"https:\/\/mhcalculos.com.br\/noticias\/#\/schema\/person\/88d1c34bf72dc779ea14a5a6b8e0ae8d\",\"name\":\"Equipe MH\",\"image\":{\"@type\":\"ImageObject\",\"inLanguage\":\"pt-BR\",\"@id\":\"https:\/\/secure.gravatar.com\/avatar\/de1c686c2ecc9c5a3f327e3431d819eb39f8f05d4e1045f5a1caad6daaba987f?s=96&d=mm&r=g\",\"url\":\"https:\/\/secure.gravatar.com\/avatar\/de1c686c2ecc9c5a3f327e3431d819eb39f8f05d4e1045f5a1caad6daaba987f?s=96&d=mm&r=g\",\"contentUrl\":\"https:\/\/secure.gravatar.com\/avatar\/de1c686c2ecc9c5a3f327e3431d819eb39f8f05d4e1045f5a1caad6daaba987f?s=96&d=mm&r=g\",\"caption\":\"Equipe MH\"}}]}<\/script>\n<!-- \/ Yoast SEO plugin. -->","yoast_head_json":{"title":"TRF4: Tribunal&nbsp;restabelece benef\u00edcio assistencial para mulher com defici\u00eancia mental (14\/02\/2020) | Portal de Not\u00edcias","robots":{"index":"index","follow":"follow","max-snippet":"max-snippet:-1","max-image-preview":"max-image-preview:large","max-video-preview":"max-video-preview:-1"},"canonical":"https:\/\/mhcalculos.com.br\/noticias\/area\/previdenciario\/trf4-tribunal-restabelece-beneficio-assistencial-para-mulher-com-deficiencia-mental-14-02-2020.html","og_locale":"pt_BR","og_type":"article","og_title":"TRF4: Tribunal&nbsp;restabelece benef\u00edcio assistencial para mulher com defici\u00eancia mental (14\/02\/2020) | Portal de Not\u00edcias","og_description":"O Tribunal Regional Federal da 4\u00aa Regi\u00e3o (TRF4) restabeleceu benef\u00edcio assistencial que havia sido retirado pelo Instituto Nacional do Seguro Social (INSS) de uma mulher absolutamente incapaz de 37 anos com defici\u00eancia mental sob o argumento de que os irm\u00e3os dela, tamb\u00e9m com defici\u00eancia, j\u00e1 recebiam sal\u00e1rios assistenciais. Segundo a decis\u00e3o da Turma Suplementar do [&hellip;]","og_url":"https:\/\/mhcalculos.com.br\/noticias\/area\/previdenciario\/trf4-tribunal-restabelece-beneficio-assistencial-para-mulher-com-deficiencia-mental-14-02-2020.html","og_site_name":"Portal de Not\u00edcias","article_published_time":"2020-02-15T16:05:54+00:00","article_modified_time":"2021-07-28T17:30:19+00:00","og_image":[{"width":2000,"height":800,"url":"https:\/\/mhcalculos.com.br\/noticias\/wp-content\/uploads\/sites\/2\/2018\/07\/judiciario-0036.jpg","type":"image\/jpeg"}],"author":"Equipe MH","twitter_card":"summary_large_image","twitter_misc":{"Escrito por":"Equipe MH","Est. tempo de leitura":"4 minutos"},"schema":{"@context":"https:\/\/schema.org","@graph":[{"@type":"Article","@id":"https:\/\/mhcalculos.com.br\/noticias\/area\/previdenciario\/trf4-tribunal-restabelece-beneficio-assistencial-para-mulher-com-deficiencia-mental-14-02-2020.html#article","isPartOf":{"@id":"https:\/\/mhcalculos.com.br\/noticias\/area\/previdenciario\/trf4-tribunal-restabelece-beneficio-assistencial-para-mulher-com-deficiencia-mental-14-02-2020.html"},"author":{"name":"Equipe MH","@id":"https:\/\/mhcalculos.com.br\/noticias\/#\/schema\/person\/88d1c34bf72dc779ea14a5a6b8e0ae8d"},"headline":"TRF4: Tribunal&nbsp;restabelece benef\u00edcio assistencial para mulher com defici\u00eancia mental (14\/02\/2020)","datePublished":"2020-02-15T16:05:54+00:00","dateModified":"2021-07-28T17:30:19+00:00","mainEntityOfPage":{"@id":"https:\/\/mhcalculos.com.br\/noticias\/area\/previdenciario\/trf4-tribunal-restabelece-beneficio-assistencial-para-mulher-com-deficiencia-mental-14-02-2020.html"},"wordCount":871,"commentCount":0,"image":{"@id":"https:\/\/mhcalculos.com.br\/noticias\/area\/previdenciario\/trf4-tribunal-restabelece-beneficio-assistencial-para-mulher-com-deficiencia-mental-14-02-2020.html#primaryimage"},"thumbnailUrl":"https:\/\/mhcalculos.com.br\/noticias\/wp-content\/uploads\/sites\/2\/2018\/07\/judiciario-0036.jpg","keywords":["aposentadoria","c\u00e1lculos previdenci\u00e1rios","direito previdenci\u00e1rio","inss","per\u00edcia","perito","trf4"],"articleSection":["Direito Previdenci\u00e1rio","TRF4"],"inLanguage":"pt-BR","potentialAction":[{"@type":"CommentAction","name":"Comment","target":["https:\/\/mhcalculos.com.br\/noticias\/area\/previdenciario\/trf4-tribunal-restabelece-beneficio-assistencial-para-mulher-com-deficiencia-mental-14-02-2020.html#respond"]}]},{"@type":"WebPage","@id":"https:\/\/mhcalculos.com.br\/noticias\/area\/previdenciario\/trf4-tribunal-restabelece-beneficio-assistencial-para-mulher-com-deficiencia-mental-14-02-2020.html","url":"https:\/\/mhcalculos.com.br\/noticias\/area\/previdenciario\/trf4-tribunal-restabelece-beneficio-assistencial-para-mulher-com-deficiencia-mental-14-02-2020.html","name":"TRF4: Tribunal&nbsp;restabelece benef\u00edcio assistencial para mulher com defici\u00eancia mental (14\/02\/2020) | Portal de Not\u00edcias","isPartOf":{"@id":"https:\/\/mhcalculos.com.br\/noticias\/#website"},"primaryImageOfPage":{"@id":"https:\/\/mhcalculos.com.br\/noticias\/area\/previdenciario\/trf4-tribunal-restabelece-beneficio-assistencial-para-mulher-com-deficiencia-mental-14-02-2020.html#primaryimage"},"image":{"@id":"https:\/\/mhcalculos.com.br\/noticias\/area\/previdenciario\/trf4-tribunal-restabelece-beneficio-assistencial-para-mulher-com-deficiencia-mental-14-02-2020.html#primaryimage"},"thumbnailUrl":"https:\/\/mhcalculos.com.br\/noticias\/wp-content\/uploads\/sites\/2\/2018\/07\/judiciario-0036.jpg","datePublished":"2020-02-15T16:05:54+00:00","dateModified":"2021-07-28T17:30:19+00:00","author":{"@id":"https:\/\/mhcalculos.com.br\/noticias\/#\/schema\/person\/88d1c34bf72dc779ea14a5a6b8e0ae8d"},"breadcrumb":{"@id":"https:\/\/mhcalculos.com.br\/noticias\/area\/previdenciario\/trf4-tribunal-restabelece-beneficio-assistencial-para-mulher-com-deficiencia-mental-14-02-2020.html#breadcrumb"},"inLanguage":"pt-BR","potentialAction":[{"@type":"ReadAction","target":["https:\/\/mhcalculos.com.br\/noticias\/area\/previdenciario\/trf4-tribunal-restabelece-beneficio-assistencial-para-mulher-com-deficiencia-mental-14-02-2020.html"]}]},{"@type":"ImageObject","inLanguage":"pt-BR","@id":"https:\/\/mhcalculos.com.br\/noticias\/area\/previdenciario\/trf4-tribunal-restabelece-beneficio-assistencial-para-mulher-com-deficiencia-mental-14-02-2020.html#primaryimage","url":"https:\/\/mhcalculos.com.br\/noticias\/wp-content\/uploads\/sites\/2\/2018\/07\/judiciario-0036.jpg","contentUrl":"https:\/\/mhcalculos.com.br\/noticias\/wp-content\/uploads\/sites\/2\/2018\/07\/judiciario-0036.jpg","width":2000,"height":800},{"@type":"BreadcrumbList","@id":"https:\/\/mhcalculos.com.br\/noticias\/area\/previdenciario\/trf4-tribunal-restabelece-beneficio-assistencial-para-mulher-com-deficiencia-mental-14-02-2020.html#breadcrumb","itemListElement":[{"@type":"ListItem","position":1,"name":"In\u00edcio","item":"https:\/\/mhcalculos.com.br\/noticias\/"},{"@type":"ListItem","position":2,"name":"TRF4: Tribunal&nbsp;restabelece benef\u00edcio assistencial para mulher com defici\u00eancia mental (14\/02\/2020)"}]},{"@type":"WebSite","@id":"https:\/\/mhcalculos.com.br\/noticias\/#website","url":"https:\/\/mhcalculos.com.br\/noticias\/","name":"Portal de Not\u00edcias","description":"Not\u00edcias e Jurisprud\u00eancia","potentialAction":[{"@type":"SearchAction","target":{"@type":"EntryPoint","urlTemplate":"https:\/\/mhcalculos.com.br\/noticias\/?s={search_term_string}"},"query-input":{"@type":"PropertyValueSpecification","valueRequired":true,"valueName":"search_term_string"}}],"inLanguage":"pt-BR"},{"@type":"Person","@id":"https:\/\/mhcalculos.com.br\/noticias\/#\/schema\/person\/88d1c34bf72dc779ea14a5a6b8e0ae8d","name":"Equipe MH","image":{"@type":"ImageObject","inLanguage":"pt-BR","@id":"https:\/\/secure.gravatar.com\/avatar\/de1c686c2ecc9c5a3f327e3431d819eb39f8f05d4e1045f5a1caad6daaba987f?s=96&d=mm&r=g","url":"https:\/\/secure.gravatar.com\/avatar\/de1c686c2ecc9c5a3f327e3431d819eb39f8f05d4e1045f5a1caad6daaba987f?s=96&d=mm&r=g","contentUrl":"https:\/\/secure.gravatar.com\/avatar\/de1c686c2ecc9c5a3f327e3431d819eb39f8f05d4e1045f5a1caad6daaba987f?s=96&d=mm&r=g","caption":"Equipe MH"}}]}},"_links":{"self":[{"href":"https:\/\/mhcalculos.com.br\/noticias\/wp-json\/wp\/v2\/posts\/6913","targetHints":{"allow":["GET"]}}],"collection":[{"href":"https:\/\/mhcalculos.com.br\/noticias\/wp-json\/wp\/v2\/posts"}],"about":[{"href":"https:\/\/mhcalculos.com.br\/noticias\/wp-json\/wp\/v2\/types\/post"}],"author":[{"embeddable":true,"href":"https:\/\/mhcalculos.com.br\/noticias\/wp-json\/wp\/v2\/users\/3063"}],"replies":[{"embeddable":true,"href":"https:\/\/mhcalculos.com.br\/noticias\/wp-json\/wp\/v2\/comments?post=6913"}],"version-history":[{"count":1,"href":"https:\/\/mhcalculos.com.br\/noticias\/wp-json\/wp\/v2\/posts\/6913\/revisions"}],"predecessor-version":[{"id":9383,"href":"https:\/\/mhcalculos.com.br\/noticias\/wp-json\/wp\/v2\/posts\/6913\/revisions\/9383"}],"wp:featuredmedia":[{"embeddable":true,"href":"https:\/\/mhcalculos.com.br\/noticias\/wp-json\/wp\/v2\/media\/2443"}],"wp:attachment":[{"href":"https:\/\/mhcalculos.com.br\/noticias\/wp-json\/wp\/v2\/media?parent=6913"}],"wp:term":[{"taxonomy":"category","embeddable":true,"href":"https:\/\/mhcalculos.com.br\/noticias\/wp-json\/wp\/v2\/categories?post=6913"},{"taxonomy":"post_tag","embeddable":true,"href":"https:\/\/mhcalculos.com.br\/noticias\/wp-json\/wp\/v2\/tags?post=6913"}],"curies":[{"name":"wp","href":"https:\/\/api.w.org\/{rel}","templated":true}]}}