{"id":6899,"date":"2020-02-10T13:41:00","date_gmt":"2020-02-10T16:41:00","guid":{"rendered":"https:\/\/mhcalculos.com.br\/noticias\/area\/trabalhista\/tst-tribunal-admite-flexibilizacao-de-jornada-na-industria-de-panificacao-em-joinville-sc\/"},"modified":"2021-07-28T14:30:21","modified_gmt":"2021-07-28T17:30:21","slug":"tst-tribunal-admite-flexibilizacao-de-jornada-na-industria-de-panificacao-em-joinville-sc","status":"publish","type":"post","link":"https:\/\/mhcalculos.com.br\/noticias\/area\/trabalhista\/tst-tribunal-admite-flexibilizacao-de-jornada-na-industria-de-panificacao-em-joinville-sc.html","title":{"rendered":"TST: Tribunal&nbsp;admite flexibiliza\u00e7\u00e3o de jornada na ind\u00fastria de panifica\u00e7\u00e3o em Joinville (SC)"},"content":{"rendered":"<p><br \/>\n  <\/p>\n<p ><em>O regime de compensa\u00e7\u00e3o estabelecido n\u00e3o extrapola os limites da Constitui\u00e7\u00e3o.<\/em><\/p>\n<p >10\/02\/20 &#8211; A Se\u00e7\u00e3o Especializada em Diss\u00eddios Coletivos (SDC) do Tribunal Superior do Trabalho considerou v\u00e1lida a cl\u00e1usula de conven\u00e7\u00e3o coletiva que prev\u00ea jornada de seis horas de segunda a sexta-feira e a presta\u00e7\u00e3o de 12 horas de trabalho aos s\u00e1bados ou domingos. A norma foi fixada entre o Sindicato dos Trabalhadores na Ind\u00fastria do Trigo, Milho, Mandioca, Arroz, Torrefa\u00e7\u00e3o, Moagem de Caf\u00e9, Panifica\u00e7\u00e3o e Confeitaria e o Sindicato da Ind\u00fastria de Panifica\u00e7\u00e3o e Confeitaria da cidade de Joinville (SC). Para a SDC, o regime de compensa\u00e7\u00e3o criado respeita o montante de 220 horas mensais e 44 horas semanais e n\u00e3o afeta o repouso semanal remunerado.<\/p>\n<p ><strong>Risco de acidentes<\/strong><\/p>\n<p >A a\u00e7\u00e3o anulat\u00f3ria proposta pelo Minist\u00e9rio P\u00fablico do Trabalho (MPT) contra as cl\u00e1usulas da Conven\u00e7\u00e3o Coletiva de Trabalho do per\u00edodo 2008\/2009 foi acolhida pelo Tribunal Regional do Trabalho da 12\u00aa Regi\u00e3o (SC). Para o TRT, o trabalho al\u00e9m dos limites previstos na legisla\u00e7\u00e3o aumenta consideravelmente os riscos de acidentes e de doen\u00e7as profissionais, sobretudo quando envolve a opera\u00e7\u00e3o de fornos e m\u00e1quinas pr\u00f3prias de padarias e confeitarias.<\/p>\n<p ><strong>Limites constitucionais<\/strong><\/p>\n<p >No recurso ordin\u00e1rio, o sindicato das ind\u00fastrias argumentou que a cl\u00e1usula respeita os limites constitucionais para negocia\u00e7\u00e3o sobre compensa\u00e7\u00e3o de jornada e que o segmento econ\u00f4mico que representa (fabrica\u00e7\u00e3o e com\u00e9rcio de p\u00e3es) exige a elabora\u00e7\u00e3o de um regime especial de cumprimento de jornada. Sustentou, ainda, que a cl\u00e1usula \u00e9 ben\u00e9fica aos empregados, pois reduz o limite semanal para 42 horas.<\/p>\n<p ><strong>Dura\u00e7\u00e3o reduzida de trabalho<\/strong><\/p>\n<p >O relator, ministro Mauricio Godinho Delgado, assinalou que a <a href=\"http:\/\/www.planalto.gov.br\/ccivil_03\/constituicao\/constituicao.htm\" target=\"_blank\" rel=\"noopener noreferrer\">Constitui\u00e7\u00e3o da Rep\u00fablica<\/a> reconhece os instrumentos jur\u00eddicos cl\u00e1ssicos da negocia\u00e7\u00e3o \u2013 conven\u00e7\u00f5es e acordos coletivos de trabalho. \u201cRespeitados os limites objetivamente impostos, como a ren\u00fancia a direitos, os entes coletivos t\u00eam ampla autonomia para estipular as normas que acharem convenientes\u201d, afirmou.<\/p>\n<p >No caso, embora a norma coletiva tenha aumentado a dura\u00e7\u00e3o do trabalho di\u00e1rio em um dia da semana (s\u00e1bado ou domingo, alternadamente) para 12 horas, houve a redu\u00e7\u00e3o compensat\u00f3ria nos demais dias de trabalho. \u201cO resultado \u00e9 que o m\u00f3dulo semanal de dura\u00e7\u00e3o do trabalho tamb\u00e9m foi reduzido, para 42 horas\u201d, concluiu.<\/p>\n<p >O relator lembrou que a SDC, ao examinar cl\u00e1usulas de conte\u00fado similar, como as jornadas de 12 x 36, concluiu que elas s\u00e3o v\u00e1lidas, pois n\u00e3o extrapolam os par\u00e2metros estabelecidos no artigo 7\u00ba, incisos XIII e XV, da Constitui\u00e7\u00e3o. A decis\u00e3o foi un\u00e2nime.<\/p>\n<p >(LT\/CF)<\/p>\n<p >Processo:&nbsp;<a href=\"http:\/\/aplicacao4.tst.jus.br\/consultaProcessual\/consultaTstNumUnica.do;jsessionid=C9875CA9DF38AC617669D2D2FFB3E980.vm653?conscsjt=&amp;numeroTst=3307&amp;digitoTst=55&amp;anoTst=2010&amp;orgaoTst=5&amp;tribunalTst=12&amp;varaTst=0000&amp;consulta=Consultar\" target=\"_blank\" rel=\"noopener noreferrer\">RO-3307-55.2010.5.12.0000<\/a><\/p>\n<p> A Se\u00e7\u00e3o Especializada em Diss\u00eddios Coletivos \u00e9 composta de nove ministros. S\u00e3o necess\u00e1rios pelo menos cinco ministros para o julgamento de diss\u00eddios coletivos de natureza econ\u00f4mica e jur\u00eddica, recursos contra decis\u00f5es dos TRTs em diss\u00eddios coletivos, embargos infringentes e agravos de instrumento, al\u00e9m de revis\u00e3o de suas pr\u00f3prias senten\u00e7as e homologa\u00e7\u00e3o das concilia\u00e7\u00f5es feitas nos diss\u00eddios coletivos. <strong>Esta mat\u00e9ria tem cunho meramente informativo.<br \/> Permitida a reprodu\u00e7\u00e3o mediante cita\u00e7\u00e3o da fonte.<br \/> Secretaria de Comunica\u00e7\u00e3o Social<br \/> <a href=\"http:\/\/www.tst.jus.br\/\" target=\"_blank\" rel=\"noopener noreferrer\">Tribunal Superior do Trabalho<\/a><br \/> Tel. (61) 3043-4907<br \/> <a href=\"mailto:secom@tst.jus.br\">secom@tst.jus.br<\/a><\/strong>       <\/br><br \/>\n<br \/><i>Com informa\u00e7\u00f5es da assessoria de imprensa do TST.<\/i><br \/>\n<br \/><a href=\"http:\/\/www.tst.jus.br\/web\/guest\/noticias?p_p_id=89Dk&#038;p_p_lifecycle=0&#038;refererPlid=10730&#038;_89Dk_struts_action=%2Fjournal_content%2Fview&#038;_89Dk_groupId=10157&#038;_89Dk_articleId=25108934\">Fonte<\/a><br \/>\n<br \/><\/p>\n","protected":false},"excerpt":{"rendered":"<p>O regime de compensa\u00e7\u00e3o estabelecido n\u00e3o extrapola os limites da Constitui\u00e7\u00e3o. 10\/02\/20 &#8211; A Se\u00e7\u00e3o Especializada em Diss\u00eddios Coletivos (SDC) do Tribunal Superior do Trabalho considerou v\u00e1lida a cl\u00e1usula de conven\u00e7\u00e3o coletiva que prev\u00ea jornada de seis horas de segunda a sexta-feira e a presta\u00e7\u00e3o de 12 horas de trabalho aos s\u00e1bados ou domingos. A [&hellip;]<\/p>\n","protected":false},"author":3063,"featured_media":3480,"comment_status":"open","ping_status":"open","sticky":false,"template":"","format":"standard","meta":{"footnotes":""},"categories":[3,21],"tags":[33,216,9,12,217,215],"class_list":{"0":"post-6899","1":"post","2":"type-post","3":"status-publish","4":"format-standard","5":"has-post-thumbnail","7":"category-trabalhista","8":"category-tst","9":"tag-calculos-trabalhistas","10":"tag-direito-trabalhista","11":"tag-pericia","12":"tag-perito","13":"tag-trabalho","14":"tag-tst"},"yoast_head":"<!-- This site is optimized with the Yoast SEO plugin v27.2 - https:\/\/yoast.com\/product\/yoast-seo-wordpress\/ -->\n<title>TST: Tribunal&nbsp;admite flexibiliza\u00e7\u00e3o de jornada na ind\u00fastria de panifica\u00e7\u00e3o em Joinville (SC) | Portal de Not\u00edcias<\/title>\n<meta name=\"robots\" content=\"index, follow, max-snippet:-1, max-image-preview:large, max-video-preview:-1\" \/>\n<link rel=\"canonical\" href=\"https:\/\/mhcalculos.com.br\/noticias\/area\/trabalhista\/tst-tribunal-admite-flexibilizacao-de-jornada-na-industria-de-panificacao-em-joinville-sc.html\" \/>\n<meta property=\"og:locale\" content=\"pt_BR\" \/>\n<meta property=\"og:type\" content=\"article\" \/>\n<meta property=\"og:title\" content=\"TST: Tribunal&nbsp;admite flexibiliza\u00e7\u00e3o de jornada na ind\u00fastria de panifica\u00e7\u00e3o em Joinville (SC) | Portal de Not\u00edcias\" \/>\n<meta property=\"og:description\" content=\"O regime de compensa\u00e7\u00e3o estabelecido n\u00e3o extrapola os limites da Constitui\u00e7\u00e3o. 10\/02\/20 &#8211; A Se\u00e7\u00e3o Especializada em Diss\u00eddios Coletivos (SDC) do Tribunal Superior do Trabalho considerou v\u00e1lida a cl\u00e1usula de conven\u00e7\u00e3o coletiva que prev\u00ea jornada de seis horas de segunda a sexta-feira e a presta\u00e7\u00e3o de 12 horas de trabalho aos s\u00e1bados ou domingos. A [&hellip;]\" \/>\n<meta property=\"og:url\" content=\"https:\/\/mhcalculos.com.br\/noticias\/area\/trabalhista\/tst-tribunal-admite-flexibilizacao-de-jornada-na-industria-de-panificacao-em-joinville-sc.html\" \/>\n<meta property=\"og:site_name\" content=\"Portal de Not\u00edcias\" \/>\n<meta property=\"article:published_time\" content=\"2020-02-10T16:41:00+00:00\" \/>\n<meta property=\"article:modified_time\" content=\"2021-07-28T17:30:21+00:00\" \/>\n<meta property=\"og:image\" content=\"https:\/\/mhcalculos.com.br\/noticias\/wp-content\/uploads\/sites\/2\/2018\/12\/judiciario-0025.jpg\" \/>\n\t<meta property=\"og:image:width\" content=\"2000\" \/>\n\t<meta property=\"og:image:height\" content=\"800\" \/>\n\t<meta property=\"og:image:type\" content=\"image\/jpeg\" \/>\n<meta name=\"author\" content=\"Equipe MH\" \/>\n<meta name=\"twitter:card\" content=\"summary_large_image\" \/>\n<meta name=\"twitter:label1\" content=\"Escrito por\" \/>\n\t<meta name=\"twitter:data1\" content=\"Equipe MH\" \/>\n\t<meta name=\"twitter:label2\" content=\"Est. tempo de leitura\" \/>\n\t<meta name=\"twitter:data2\" content=\"3 minutos\" \/>\n<script type=\"application\/ld+json\" class=\"yoast-schema-graph\">{\"@context\":\"https:\/\/schema.org\",\"@graph\":[{\"@type\":\"Article\",\"@id\":\"https:\/\/mhcalculos.com.br\/noticias\/area\/trabalhista\/tst-tribunal-admite-flexibilizacao-de-jornada-na-industria-de-panificacao-em-joinville-sc.html#article\",\"isPartOf\":{\"@id\":\"https:\/\/mhcalculos.com.br\/noticias\/area\/trabalhista\/tst-tribunal-admite-flexibilizacao-de-jornada-na-industria-de-panificacao-em-joinville-sc.html\"},\"author\":{\"name\":\"Equipe MH\",\"@id\":\"https:\/\/mhcalculos.com.br\/noticias\/#\/schema\/person\/88d1c34bf72dc779ea14a5a6b8e0ae8d\"},\"headline\":\"TST: Tribunal&nbsp;admite flexibiliza\u00e7\u00e3o de jornada na ind\u00fastria de panifica\u00e7\u00e3o em Joinville (SC)\",\"datePublished\":\"2020-02-10T16:41:00+00:00\",\"dateModified\":\"2021-07-28T17:30:21+00:00\",\"mainEntityOfPage\":{\"@id\":\"https:\/\/mhcalculos.com.br\/noticias\/area\/trabalhista\/tst-tribunal-admite-flexibilizacao-de-jornada-na-industria-de-panificacao-em-joinville-sc.html\"},\"wordCount\":591,\"commentCount\":0,\"image\":{\"@id\":\"https:\/\/mhcalculos.com.br\/noticias\/area\/trabalhista\/tst-tribunal-admite-flexibilizacao-de-jornada-na-industria-de-panificacao-em-joinville-sc.html#primaryimage\"},\"thumbnailUrl\":\"https:\/\/mhcalculos.com.br\/noticias\/wp-content\/uploads\/sites\/2\/2018\/12\/judiciario-0025.jpg\",\"keywords\":[\"c\u00e1lculos trabalhistas\",\"direito trabalhista\",\"per\u00edcia\",\"perito\",\"trabalho\",\"TST\"],\"articleSection\":[\"Direito Trabalhista\",\"TST\"],\"inLanguage\":\"pt-BR\",\"potentialAction\":[{\"@type\":\"CommentAction\",\"name\":\"Comment\",\"target\":[\"https:\/\/mhcalculos.com.br\/noticias\/area\/trabalhista\/tst-tribunal-admite-flexibilizacao-de-jornada-na-industria-de-panificacao-em-joinville-sc.html#respond\"]}]},{\"@type\":\"WebPage\",\"@id\":\"https:\/\/mhcalculos.com.br\/noticias\/area\/trabalhista\/tst-tribunal-admite-flexibilizacao-de-jornada-na-industria-de-panificacao-em-joinville-sc.html\",\"url\":\"https:\/\/mhcalculos.com.br\/noticias\/area\/trabalhista\/tst-tribunal-admite-flexibilizacao-de-jornada-na-industria-de-panificacao-em-joinville-sc.html\",\"name\":\"TST: Tribunal&nbsp;admite flexibiliza\u00e7\u00e3o de jornada na ind\u00fastria de panifica\u00e7\u00e3o em Joinville (SC) | Portal de Not\u00edcias\",\"isPartOf\":{\"@id\":\"https:\/\/mhcalculos.com.br\/noticias\/#website\"},\"primaryImageOfPage\":{\"@id\":\"https:\/\/mhcalculos.com.br\/noticias\/area\/trabalhista\/tst-tribunal-admite-flexibilizacao-de-jornada-na-industria-de-panificacao-em-joinville-sc.html#primaryimage\"},\"image\":{\"@id\":\"https:\/\/mhcalculos.com.br\/noticias\/area\/trabalhista\/tst-tribunal-admite-flexibilizacao-de-jornada-na-industria-de-panificacao-em-joinville-sc.html#primaryimage\"},\"thumbnailUrl\":\"https:\/\/mhcalculos.com.br\/noticias\/wp-content\/uploads\/sites\/2\/2018\/12\/judiciario-0025.jpg\",\"datePublished\":\"2020-02-10T16:41:00+00:00\",\"dateModified\":\"2021-07-28T17:30:21+00:00\",\"author\":{\"@id\":\"https:\/\/mhcalculos.com.br\/noticias\/#\/schema\/person\/88d1c34bf72dc779ea14a5a6b8e0ae8d\"},\"breadcrumb\":{\"@id\":\"https:\/\/mhcalculos.com.br\/noticias\/area\/trabalhista\/tst-tribunal-admite-flexibilizacao-de-jornada-na-industria-de-panificacao-em-joinville-sc.html#breadcrumb\"},\"inLanguage\":\"pt-BR\",\"potentialAction\":[{\"@type\":\"ReadAction\",\"target\":[\"https:\/\/mhcalculos.com.br\/noticias\/area\/trabalhista\/tst-tribunal-admite-flexibilizacao-de-jornada-na-industria-de-panificacao-em-joinville-sc.html\"]}]},{\"@type\":\"ImageObject\",\"inLanguage\":\"pt-BR\",\"@id\":\"https:\/\/mhcalculos.com.br\/noticias\/area\/trabalhista\/tst-tribunal-admite-flexibilizacao-de-jornada-na-industria-de-panificacao-em-joinville-sc.html#primaryimage\",\"url\":\"https:\/\/mhcalculos.com.br\/noticias\/wp-content\/uploads\/sites\/2\/2018\/12\/judiciario-0025.jpg\",\"contentUrl\":\"https:\/\/mhcalculos.com.br\/noticias\/wp-content\/uploads\/sites\/2\/2018\/12\/judiciario-0025.jpg\",\"width\":2000,\"height\":800,\"caption\":\"Ap\u00f3s 28 anos de trabalho, servidor cego se aposenta e deixa exemplo de supera\u00e7\u00e3o\"},{\"@type\":\"BreadcrumbList\",\"@id\":\"https:\/\/mhcalculos.com.br\/noticias\/area\/trabalhista\/tst-tribunal-admite-flexibilizacao-de-jornada-na-industria-de-panificacao-em-joinville-sc.html#breadcrumb\",\"itemListElement\":[{\"@type\":\"ListItem\",\"position\":1,\"name\":\"In\u00edcio\",\"item\":\"https:\/\/mhcalculos.com.br\/noticias\/\"},{\"@type\":\"ListItem\",\"position\":2,\"name\":\"TST: Tribunal&nbsp;admite flexibiliza\u00e7\u00e3o de jornada na ind\u00fastria de panifica\u00e7\u00e3o em Joinville (SC)\"}]},{\"@type\":\"WebSite\",\"@id\":\"https:\/\/mhcalculos.com.br\/noticias\/#website\",\"url\":\"https:\/\/mhcalculos.com.br\/noticias\/\",\"name\":\"Portal de Not\u00edcias\",\"description\":\"Not\u00edcias e Jurisprud\u00eancia\",\"potentialAction\":[{\"@type\":\"SearchAction\",\"target\":{\"@type\":\"EntryPoint\",\"urlTemplate\":\"https:\/\/mhcalculos.com.br\/noticias\/?s={search_term_string}\"},\"query-input\":{\"@type\":\"PropertyValueSpecification\",\"valueRequired\":true,\"valueName\":\"search_term_string\"}}],\"inLanguage\":\"pt-BR\"},{\"@type\":\"Person\",\"@id\":\"https:\/\/mhcalculos.com.br\/noticias\/#\/schema\/person\/88d1c34bf72dc779ea14a5a6b8e0ae8d\",\"name\":\"Equipe MH\",\"image\":{\"@type\":\"ImageObject\",\"inLanguage\":\"pt-BR\",\"@id\":\"https:\/\/secure.gravatar.com\/avatar\/de1c686c2ecc9c5a3f327e3431d819eb39f8f05d4e1045f5a1caad6daaba987f?s=96&d=mm&r=g\",\"url\":\"https:\/\/secure.gravatar.com\/avatar\/de1c686c2ecc9c5a3f327e3431d819eb39f8f05d4e1045f5a1caad6daaba987f?s=96&d=mm&r=g\",\"contentUrl\":\"https:\/\/secure.gravatar.com\/avatar\/de1c686c2ecc9c5a3f327e3431d819eb39f8f05d4e1045f5a1caad6daaba987f?s=96&d=mm&r=g\",\"caption\":\"Equipe MH\"}}]}<\/script>\n<!-- \/ Yoast SEO plugin. -->","yoast_head_json":{"title":"TST: Tribunal&nbsp;admite flexibiliza\u00e7\u00e3o de jornada na ind\u00fastria de panifica\u00e7\u00e3o em Joinville (SC) | Portal de Not\u00edcias","robots":{"index":"index","follow":"follow","max-snippet":"max-snippet:-1","max-image-preview":"max-image-preview:large","max-video-preview":"max-video-preview:-1"},"canonical":"https:\/\/mhcalculos.com.br\/noticias\/area\/trabalhista\/tst-tribunal-admite-flexibilizacao-de-jornada-na-industria-de-panificacao-em-joinville-sc.html","og_locale":"pt_BR","og_type":"article","og_title":"TST: Tribunal&nbsp;admite flexibiliza\u00e7\u00e3o de jornada na ind\u00fastria de panifica\u00e7\u00e3o em Joinville (SC) | Portal de Not\u00edcias","og_description":"O regime de compensa\u00e7\u00e3o estabelecido n\u00e3o extrapola os limites da Constitui\u00e7\u00e3o. 10\/02\/20 &#8211; A Se\u00e7\u00e3o Especializada em Diss\u00eddios Coletivos (SDC) do Tribunal Superior do Trabalho considerou v\u00e1lida a cl\u00e1usula de conven\u00e7\u00e3o coletiva que prev\u00ea jornada de seis horas de segunda a sexta-feira e a presta\u00e7\u00e3o de 12 horas de trabalho aos s\u00e1bados ou domingos. A [&hellip;]","og_url":"https:\/\/mhcalculos.com.br\/noticias\/area\/trabalhista\/tst-tribunal-admite-flexibilizacao-de-jornada-na-industria-de-panificacao-em-joinville-sc.html","og_site_name":"Portal de Not\u00edcias","article_published_time":"2020-02-10T16:41:00+00:00","article_modified_time":"2021-07-28T17:30:21+00:00","og_image":[{"width":2000,"height":800,"url":"https:\/\/mhcalculos.com.br\/noticias\/wp-content\/uploads\/sites\/2\/2018\/12\/judiciario-0025.jpg","type":"image\/jpeg"}],"author":"Equipe MH","twitter_card":"summary_large_image","twitter_misc":{"Escrito por":"Equipe MH","Est. tempo de leitura":"3 minutos"},"schema":{"@context":"https:\/\/schema.org","@graph":[{"@type":"Article","@id":"https:\/\/mhcalculos.com.br\/noticias\/area\/trabalhista\/tst-tribunal-admite-flexibilizacao-de-jornada-na-industria-de-panificacao-em-joinville-sc.html#article","isPartOf":{"@id":"https:\/\/mhcalculos.com.br\/noticias\/area\/trabalhista\/tst-tribunal-admite-flexibilizacao-de-jornada-na-industria-de-panificacao-em-joinville-sc.html"},"author":{"name":"Equipe MH","@id":"https:\/\/mhcalculos.com.br\/noticias\/#\/schema\/person\/88d1c34bf72dc779ea14a5a6b8e0ae8d"},"headline":"TST: Tribunal&nbsp;admite flexibiliza\u00e7\u00e3o de jornada na ind\u00fastria de panifica\u00e7\u00e3o em Joinville (SC)","datePublished":"2020-02-10T16:41:00+00:00","dateModified":"2021-07-28T17:30:21+00:00","mainEntityOfPage":{"@id":"https:\/\/mhcalculos.com.br\/noticias\/area\/trabalhista\/tst-tribunal-admite-flexibilizacao-de-jornada-na-industria-de-panificacao-em-joinville-sc.html"},"wordCount":591,"commentCount":0,"image":{"@id":"https:\/\/mhcalculos.com.br\/noticias\/area\/trabalhista\/tst-tribunal-admite-flexibilizacao-de-jornada-na-industria-de-panificacao-em-joinville-sc.html#primaryimage"},"thumbnailUrl":"https:\/\/mhcalculos.com.br\/noticias\/wp-content\/uploads\/sites\/2\/2018\/12\/judiciario-0025.jpg","keywords":["c\u00e1lculos trabalhistas","direito trabalhista","per\u00edcia","perito","trabalho","TST"],"articleSection":["Direito Trabalhista","TST"],"inLanguage":"pt-BR","potentialAction":[{"@type":"CommentAction","name":"Comment","target":["https:\/\/mhcalculos.com.br\/noticias\/area\/trabalhista\/tst-tribunal-admite-flexibilizacao-de-jornada-na-industria-de-panificacao-em-joinville-sc.html#respond"]}]},{"@type":"WebPage","@id":"https:\/\/mhcalculos.com.br\/noticias\/area\/trabalhista\/tst-tribunal-admite-flexibilizacao-de-jornada-na-industria-de-panificacao-em-joinville-sc.html","url":"https:\/\/mhcalculos.com.br\/noticias\/area\/trabalhista\/tst-tribunal-admite-flexibilizacao-de-jornada-na-industria-de-panificacao-em-joinville-sc.html","name":"TST: Tribunal&nbsp;admite flexibiliza\u00e7\u00e3o de jornada na ind\u00fastria de panifica\u00e7\u00e3o em Joinville (SC) | Portal de Not\u00edcias","isPartOf":{"@id":"https:\/\/mhcalculos.com.br\/noticias\/#website"},"primaryImageOfPage":{"@id":"https:\/\/mhcalculos.com.br\/noticias\/area\/trabalhista\/tst-tribunal-admite-flexibilizacao-de-jornada-na-industria-de-panificacao-em-joinville-sc.html#primaryimage"},"image":{"@id":"https:\/\/mhcalculos.com.br\/noticias\/area\/trabalhista\/tst-tribunal-admite-flexibilizacao-de-jornada-na-industria-de-panificacao-em-joinville-sc.html#primaryimage"},"thumbnailUrl":"https:\/\/mhcalculos.com.br\/noticias\/wp-content\/uploads\/sites\/2\/2018\/12\/judiciario-0025.jpg","datePublished":"2020-02-10T16:41:00+00:00","dateModified":"2021-07-28T17:30:21+00:00","author":{"@id":"https:\/\/mhcalculos.com.br\/noticias\/#\/schema\/person\/88d1c34bf72dc779ea14a5a6b8e0ae8d"},"breadcrumb":{"@id":"https:\/\/mhcalculos.com.br\/noticias\/area\/trabalhista\/tst-tribunal-admite-flexibilizacao-de-jornada-na-industria-de-panificacao-em-joinville-sc.html#breadcrumb"},"inLanguage":"pt-BR","potentialAction":[{"@type":"ReadAction","target":["https:\/\/mhcalculos.com.br\/noticias\/area\/trabalhista\/tst-tribunal-admite-flexibilizacao-de-jornada-na-industria-de-panificacao-em-joinville-sc.html"]}]},{"@type":"ImageObject","inLanguage":"pt-BR","@id":"https:\/\/mhcalculos.com.br\/noticias\/area\/trabalhista\/tst-tribunal-admite-flexibilizacao-de-jornada-na-industria-de-panificacao-em-joinville-sc.html#primaryimage","url":"https:\/\/mhcalculos.com.br\/noticias\/wp-content\/uploads\/sites\/2\/2018\/12\/judiciario-0025.jpg","contentUrl":"https:\/\/mhcalculos.com.br\/noticias\/wp-content\/uploads\/sites\/2\/2018\/12\/judiciario-0025.jpg","width":2000,"height":800,"caption":"Ap\u00f3s 28 anos de trabalho, servidor cego se aposenta e deixa exemplo de supera\u00e7\u00e3o"},{"@type":"BreadcrumbList","@id":"https:\/\/mhcalculos.com.br\/noticias\/area\/trabalhista\/tst-tribunal-admite-flexibilizacao-de-jornada-na-industria-de-panificacao-em-joinville-sc.html#breadcrumb","itemListElement":[{"@type":"ListItem","position":1,"name":"In\u00edcio","item":"https:\/\/mhcalculos.com.br\/noticias\/"},{"@type":"ListItem","position":2,"name":"TST: Tribunal&nbsp;admite flexibiliza\u00e7\u00e3o de jornada na ind\u00fastria de panifica\u00e7\u00e3o em Joinville (SC)"}]},{"@type":"WebSite","@id":"https:\/\/mhcalculos.com.br\/noticias\/#website","url":"https:\/\/mhcalculos.com.br\/noticias\/","name":"Portal de Not\u00edcias","description":"Not\u00edcias e Jurisprud\u00eancia","potentialAction":[{"@type":"SearchAction","target":{"@type":"EntryPoint","urlTemplate":"https:\/\/mhcalculos.com.br\/noticias\/?s={search_term_string}"},"query-input":{"@type":"PropertyValueSpecification","valueRequired":true,"valueName":"search_term_string"}}],"inLanguage":"pt-BR"},{"@type":"Person","@id":"https:\/\/mhcalculos.com.br\/noticias\/#\/schema\/person\/88d1c34bf72dc779ea14a5a6b8e0ae8d","name":"Equipe MH","image":{"@type":"ImageObject","inLanguage":"pt-BR","@id":"https:\/\/secure.gravatar.com\/avatar\/de1c686c2ecc9c5a3f327e3431d819eb39f8f05d4e1045f5a1caad6daaba987f?s=96&d=mm&r=g","url":"https:\/\/secure.gravatar.com\/avatar\/de1c686c2ecc9c5a3f327e3431d819eb39f8f05d4e1045f5a1caad6daaba987f?s=96&d=mm&r=g","contentUrl":"https:\/\/secure.gravatar.com\/avatar\/de1c686c2ecc9c5a3f327e3431d819eb39f8f05d4e1045f5a1caad6daaba987f?s=96&d=mm&r=g","caption":"Equipe MH"}}]}},"_links":{"self":[{"href":"https:\/\/mhcalculos.com.br\/noticias\/wp-json\/wp\/v2\/posts\/6899","targetHints":{"allow":["GET"]}}],"collection":[{"href":"https:\/\/mhcalculos.com.br\/noticias\/wp-json\/wp\/v2\/posts"}],"about":[{"href":"https:\/\/mhcalculos.com.br\/noticias\/wp-json\/wp\/v2\/types\/post"}],"author":[{"embeddable":true,"href":"https:\/\/mhcalculos.com.br\/noticias\/wp-json\/wp\/v2\/users\/3063"}],"replies":[{"embeddable":true,"href":"https:\/\/mhcalculos.com.br\/noticias\/wp-json\/wp\/v2\/comments?post=6899"}],"version-history":[{"count":1,"href":"https:\/\/mhcalculos.com.br\/noticias\/wp-json\/wp\/v2\/posts\/6899\/revisions"}],"predecessor-version":[{"id":9398,"href":"https:\/\/mhcalculos.com.br\/noticias\/wp-json\/wp\/v2\/posts\/6899\/revisions\/9398"}],"wp:featuredmedia":[{"embeddable":true,"href":"https:\/\/mhcalculos.com.br\/noticias\/wp-json\/wp\/v2\/media\/3480"}],"wp:attachment":[{"href":"https:\/\/mhcalculos.com.br\/noticias\/wp-json\/wp\/v2\/media?parent=6899"}],"wp:term":[{"taxonomy":"category","embeddable":true,"href":"https:\/\/mhcalculos.com.br\/noticias\/wp-json\/wp\/v2\/categories?post=6899"},{"taxonomy":"post_tag","embeddable":true,"href":"https:\/\/mhcalculos.com.br\/noticias\/wp-json\/wp\/v2\/tags?post=6899"}],"curies":[{"name":"wp","href":"https:\/\/api.w.org\/{rel}","templated":true}]}}